{"id":238131,"date":"2022-06-01T07:33:59","date_gmt":"2022-06-01T10:33:59","guid":{"rendered":"https:\/\/franciscanos.org.br\/noticias\/?p=238131"},"modified":"2022-06-01T07:33:59","modified_gmt":"2022-06-01T10:33:59","slug":"a-exemplo-de-santo-antonio-e-maria-missionarios-sao-convidados-a-irem-ao-encontro","status":"publish","type":"post","link":"https:\/\/franciscanos.org.br\/noticias\/a-exemplo-de-santo-antonio-e-maria-missionarios-sao-convidados-a-irem-ao-encontro.html","title":{"rendered":"A exemplo de Santo Ant\u00f4nio e Maria, mission\u00e1rios s\u00e3o convidados a irem ao encontro"},"content":{"rendered":"<p><img loading=\"lazy\" class=\"alignnone wp-image-238132 size-full\" src=\"https:\/\/franciscanos.org.br\/noticias\/wp-content\/uploads\/2022\/06\/alan_envio_0106.jpg\" alt=\"\" width=\"1280\" height=\"720\" srcset=\"https:\/\/franciscanos.org.br\/noticias\/wp-content\/uploads\/2022\/06\/alan_envio_0106.jpg 1280w, https:\/\/franciscanos.org.br\/noticias\/wp-content\/uploads\/2022\/06\/alan_envio_0106-450x253.jpg 450w, https:\/\/franciscanos.org.br\/noticias\/wp-content\/uploads\/2022\/06\/alan_envio_0106-1024x576.jpg 1024w, https:\/\/franciscanos.org.br\/noticias\/wp-content\/uploads\/2022\/06\/alan_envio_0106-768x432.jpg 768w, https:\/\/franciscanos.org.br\/noticias\/wp-content\/uploads\/2022\/06\/alan_envio_0106-150x84.jpg 150w\" sizes=\"(max-width: 1280px) 100vw, 1280px\" \/><\/p>\n<p><strong>Petr\u00f3polis (RJ) \u2013<\/strong> Motivos n\u00e3o faltaram para celebrar a f\u00e9 e a devo\u00e7\u00e3o na Igreja dos Frades Menores Franciscanos de Petr\u00f3polis (RJ), nesta ter\u00e7a-feira, 31 de maio. Acontece que no dia em que a Igreja comemora a Festa da Visita\u00e7\u00e3o de Nossa Senhora, a Par\u00f3quia do Sagrado iniciou tamb\u00e9m a tradicional Trezena de Santo Ant\u00f4nio. Mas, um motivo especial chamou a aten\u00e7\u00e3o dos presentes. A Celebra\u00e7\u00e3o Eucar\u00edstica das 18 horas, presidida pelo Animador Vocacional da Prov\u00edncia da Imaculada Concei\u00e7\u00e3o, Frei Je\u00e2 Paulo Andrade, abriu a Semana Mission\u00e1ria em prepara\u00e7\u00e3o para a Ordena\u00e7\u00e3o Presbiteral do petropolitano Frei Alan Leal de Mattos.<\/p>\n<p>No coment\u00e1rio inicial, Frei Gabriel Dellandrea que tamb\u00e9m \u00e9 Animador do SAV, acolheu a todos, em especial aos que vieram da Par\u00f3quia S\u00e3o Judas Tadeu, da Mosela. Explicou que Frei Alan contraiu recentemente o v\u00edrus da Covid-19 e que por isso ainda n\u00e3o se encontrava presente. \u201cNos alegramos com esse irm\u00e3o que d\u00e1 esse importante passo no servi\u00e7o \u00e0 Igreja e ao povo de Deus\u201d, disse. \u201cAssim como Maria visitou a Isabel, esse irm\u00e3o agora visita a cada um de n\u00f3s com o seu servi\u00e7o tamb\u00e9m enviado por Deus\u201d, acrescentou.<\/p>\n<p><img loading=\"lazy\" class=\"alignnone wp-image-238133 size-full\" src=\"https:\/\/franciscanos.org.br\/noticias\/wp-content\/uploads\/2022\/06\/alan_envio_0106_1.jpg\" alt=\"\" width=\"1280\" height=\"853\" srcset=\"https:\/\/franciscanos.org.br\/noticias\/wp-content\/uploads\/2022\/06\/alan_envio_0106_1.jpg 1280w, https:\/\/franciscanos.org.br\/noticias\/wp-content\/uploads\/2022\/06\/alan_envio_0106_1-450x300.jpg 450w, https:\/\/franciscanos.org.br\/noticias\/wp-content\/uploads\/2022\/06\/alan_envio_0106_1-1024x682.jpg 1024w, https:\/\/franciscanos.org.br\/noticias\/wp-content\/uploads\/2022\/06\/alan_envio_0106_1-768x512.jpg 768w, https:\/\/franciscanos.org.br\/noticias\/wp-content\/uploads\/2022\/06\/alan_envio_0106_1-150x100.jpg 150w\" sizes=\"(max-width: 1280px) 100vw, 1280px\" \/><\/p>\n<p>A Celebra\u00e7\u00e3o Eucar\u00edstica, transmitida pelas redes digitais da Par\u00f3quia do Sagrado, foi concelebrada pelo p\u00e1roco, Frei Jorge Paulo Schiavini, Padre Lucas Thadeu da Silva e Di\u00e1cono Luciano Schmidt da Par\u00f3quia da Mosela.<\/p>\n<p>Ap\u00f3s a proclama\u00e7\u00e3o do Evangelho de Lucas (1, 39-56), onde l\u00ea-se que Maria visita sua prima Isabel, Frei Je\u00e2 iniciou sua reflex\u00e3o e disse estar em comunh\u00e3o com toda a Prov\u00edncia Franciscana, juntamente com a comunidade de Curitibanos (SC) para iniciar a Semana Mission\u00e1ria de Frei Alan. \u201c\u00c9 muito comum que n\u00f3s, frades, celebremos a Profiss\u00e3o Solene ou a Ordena\u00e7\u00e3o de um irm\u00e3o na sua cidade de origem. A visita de muitos frades \u00e0 sua fam\u00edlia, \u00e0 sua comunidade de origem \u00e9 uma forma de agradecimento, de gratid\u00e3o, pelo bem que Deus realizou na vida desse nosso confrade\u201d, explicou.<\/p>\n<p>Frei Je\u00e2 manifestou a alegria em iniciar este tempo de celebra\u00e7\u00f5es juntamente com a Trezena de Santo Ant\u00f4nio. Segundo ele, neste contexto \u00e9 que nos reunimos e queremos celebrar. \u201cSanto Ant\u00f4nio que \u00e9 t\u00e3o querido e amado pelo povo de Petr\u00f3polis\u201d, frisou. \u201cJuntos tamb\u00e9m celebramos a Festa da Visita\u00e7\u00e3o de Nossa Senhora, ela que \u00e9 a primeira disc\u00edpula de Jesus, ela que acreditou de fato que o Filho de Deus era de fato o Messias. Com essa celebra\u00e7\u00e3o conclu\u00edmos o m\u00eas mariano, onde lembramos das nossas m\u00e3es, do seu cuidado e do carinho para com seus filhos e do carinho com que Nossa Senhora tamb\u00e9m manifesta a n\u00f3s\u201d, sublinhou.<\/p>\n<p><img loading=\"lazy\" class=\"alignnone size-full wp-image-238134\" src=\"https:\/\/franciscanos.org.br\/noticias\/wp-content\/uploads\/2022\/06\/alan_envio_0106_2.jpg\" alt=\"\" width=\"1280\" height=\"853\" srcset=\"https:\/\/franciscanos.org.br\/noticias\/wp-content\/uploads\/2022\/06\/alan_envio_0106_2.jpg 1280w, https:\/\/franciscanos.org.br\/noticias\/wp-content\/uploads\/2022\/06\/alan_envio_0106_2-450x300.jpg 450w, https:\/\/franciscanos.org.br\/noticias\/wp-content\/uploads\/2022\/06\/alan_envio_0106_2-1024x682.jpg 1024w, https:\/\/franciscanos.org.br\/noticias\/wp-content\/uploads\/2022\/06\/alan_envio_0106_2-768x512.jpg 768w, https:\/\/franciscanos.org.br\/noticias\/wp-content\/uploads\/2022\/06\/alan_envio_0106_2-150x100.jpg 150w\" sizes=\"(max-width: 1280px) 100vw, 1280px\" \/><\/p>\n<p>Discorrendo sobre o tema do dia da Trezena, \u201cSanto Ant\u00f4nio e Nossa Senhora\u201d, Frei Je\u00e2 evidenciou que Santo Ant\u00f4nio foi um profundo devoto de Nossa Senhora. Citando um de seus serm\u00f5es, descreveu a devo\u00e7\u00e3o do santo franciscano a Maria, dizendo: \u2018Maria Sant\u00edssima \u00e9 como a estrela da manh\u00e3 que surge por entre as sombras da noite, anunciando o sol que vem. Maria \u00e9 como o arco-\u00edris, sinal da alian\u00e7a entre Deus e a humanidade. \u00c9 como um l\u00edrio que cresce \u00e0 beira das \u00e1guas. Como um incenso desprendendo o suave perfume, perfumando o ambiente\u2019.<\/p>\n<p>Para o religioso, Santo Ant\u00f4nio descreve a import\u00e2ncia e a grandiosidade de Maria como aquela que acredita, como disc\u00edpula. \u201c\u00c9 aquela que anuncia o dia, que traz com ela o sol nascente, que vence assim as sombras da noite, da escurid\u00e3o. \u00c9 esse arco-\u00edris que nos lembra da alian\u00e7a que Deus realiza e faz com seu povo. Maria \u00e9 esse s\u00edmbolo de pureza, como o l\u00edrio que cresce a beira das \u00e1guas, como sinal da pureza e daquilo de mais puro que nasce do encontro com Jesus. \u00c9 esse suave perfume que faz com que todos se sintam amados e queridos por este Deus Salvador\u201d, destacou.<\/p>\n<p><img loading=\"lazy\" class=\"alignnone size-full wp-image-238135\" src=\"https:\/\/franciscanos.org.br\/noticias\/wp-content\/uploads\/2022\/06\/alan_envio_0106_3.jpg\" alt=\"\" width=\"1280\" height=\"853\" srcset=\"https:\/\/franciscanos.org.br\/noticias\/wp-content\/uploads\/2022\/06\/alan_envio_0106_3.jpg 1280w, https:\/\/franciscanos.org.br\/noticias\/wp-content\/uploads\/2022\/06\/alan_envio_0106_3-450x300.jpg 450w, https:\/\/franciscanos.org.br\/noticias\/wp-content\/uploads\/2022\/06\/alan_envio_0106_3-1024x682.jpg 1024w, https:\/\/franciscanos.org.br\/noticias\/wp-content\/uploads\/2022\/06\/alan_envio_0106_3-768x512.jpg 768w, https:\/\/franciscanos.org.br\/noticias\/wp-content\/uploads\/2022\/06\/alan_envio_0106_3-150x100.jpg 150w\" sizes=\"(max-width: 1280px) 100vw, 1280px\" \/><\/p>\n<p>J\u00e1 sobre o Evangelho, Frei Je\u00e2 evidenciou a visita de Maria para a sua prima Isabel. \u201c\u00c9 curioso pensarmos a forma como Maria ficou sabendo que sua prima Isabel na velhice daria \u00e0 luz a um filho. \u00c9 como se o anjo estivesse contando uma esp\u00e9cie de \u2018fofoca\u2019 para Maria\u201d, disse. \u201cCertamente, hoje Maria ficaria sabendo da not\u00edcia por WhatsApp\u201d, brincou. \u201cMaria n\u00e3o pensa duas vezes e corre apressadamente para visitar sua prima Isabel. E aqui vemos um gesto importante: a pressa que Maria tem. Provavelmente, ela estava preocupada, pelo fato de que Isabel precisasse de cuidado\u201d, ressaltou.<\/p>\n<p>Frei Je\u00e2 \u00a0fez refer\u00eancia com a visita que os frades e irm\u00e3s far\u00e3o a fam\u00edlias, escolas, igrejas e outros espa\u00e7os, frisando que o exemplo de Maria certamente ser\u00e1 levado em considera\u00e7\u00e3o. \u201cMaria corre apressadamente ao encontro daqueles que necessitam\u201d, ressaltou. \u201cMas, essa atitude crist\u00e3 por excel\u00eancia de ir ao encontro daquele que necessita de cuidado de amparo, nem sempre esta presente no nosso dia a dia. Quantas vezes nos dispomos a sair do conforto do nosso lar, de nossa casa, para ir ao encontro daquele que precisava de uma visita, de uma palavra amiga, de aten\u00e7\u00e3o, mas n\u00f3s nos acomodamos?! Maria \u00e9 esse exemplo de algu\u00e9m que sai para visitar aquele que necessita desse cuidado. Maria \u00e9 para n\u00f3s o modelo de cuidado, de acolhida e de desprendimento\u201d, concluiu.<\/p>\n<p><img loading=\"lazy\" class=\"alignnone size-full wp-image-238136\" src=\"https:\/\/franciscanos.org.br\/noticias\/wp-content\/uploads\/2022\/06\/alan_envio_0106_4.jpg\" alt=\"\" width=\"1280\" height=\"853\" srcset=\"https:\/\/franciscanos.org.br\/noticias\/wp-content\/uploads\/2022\/06\/alan_envio_0106_4.jpg 1280w, https:\/\/franciscanos.org.br\/noticias\/wp-content\/uploads\/2022\/06\/alan_envio_0106_4-450x300.jpg 450w, https:\/\/franciscanos.org.br\/noticias\/wp-content\/uploads\/2022\/06\/alan_envio_0106_4-1024x682.jpg 1024w, https:\/\/franciscanos.org.br\/noticias\/wp-content\/uploads\/2022\/06\/alan_envio_0106_4-768x512.jpg 768w, https:\/\/franciscanos.org.br\/noticias\/wp-content\/uploads\/2022\/06\/alan_envio_0106_4-150x100.jpg 150w\" sizes=\"(max-width: 1280px) 100vw, 1280px\" \/><\/p>\n<p>Ap\u00f3s a homilia,\u00a0a celebra\u00e7\u00e3o teve continuidade\u00a0com a\u00a0liturgia eucar\u00edstica. Depois da comunh\u00e3o, Frei Je\u00e2 rezou pelas fam\u00edlias enlutadas e ministrou a b\u00ean\u00e7\u00e3o dos p\u00e3es de Santo Ant\u00f4nio. J\u00e1 o p\u00e1roco aspergiu com \u00e1gua benta os presentes. Na b\u00ean\u00e7\u00e3o final, o Animador do SAV convidou os frades, irm\u00e3s e demais pessoas envolvidas com as miss\u00f5es da ordena\u00e7\u00e3o de Frei Alan para se aproximarem do altar e receberem a b\u00ean\u00e7\u00e3o de envio. A missa terminou com o canto \u201cEu canto louvando Maria\u201d, de Pe. \u00c9lio Athayde.<\/p>\n<p>Nesta quarta-feira (1\u00ba\/06), durante todo o dia haver\u00e1 visitas na Escola Paroquial S\u00e3o Judas Tadeu, Escola de Educa\u00e7\u00e3o Infantil Frei Aniceto, visitas \u00e0s fam\u00edlias das localidades C\u00e2ndido, Batista da Costa e Nossa Senhora das Gra\u00e7as em Petr\u00f3polis (RJ) e Celebra\u00e7\u00e3o do 1\u00ba Dia do Tr\u00edduo na Par\u00f3quia S\u00e3o Judas Tadeu da Mosela, \u00e0s 19h.<\/p>\n<hr \/>\n<p><em>Frei Augusto Luiz Gabriel<\/em><\/p>\n","protected":false},"excerpt":{"rendered":"<p>Ordena\u00e7\u00e3o Presbiteral de Frei Alan Leal de Mattos<\/p>\n","protected":false},"author":3,"featured_media":0,"comment_status":"open","ping_status":"open","sticky":false,"template":"","format":"standard","meta":[],"categories":[1],"tags":[157],"acf":[],"yoast_head":"<!-- This site is optimized with the Yoast SEO plugin v19.2 - https:\/\/yoast.com\/wordpress\/plugins\/seo\/ -->\n<title>A exemplo de Santo Ant\u00f4nio e Maria, mission\u00e1rios s\u00e3o convidados a irem ao encontro - Not\u00edcias - Franciscanos<\/title>\n<meta name=\"robots\" content=\"index, follow, max-snippet:-1, max-image-preview:large, max-video-preview:-1\" \/>\n<link rel=\"canonical\" href=\"https:\/\/franciscanos.org.br\/noticias\/a-exemplo-de-santo-antonio-e-maria-missionarios-sao-convidados-a-irem-ao-encontro.html\" \/>\n<meta property=\"og:locale\" content=\"pt_BR\" \/>\n<meta property=\"og:type\" content=\"article\" \/>\n<meta property=\"og:title\" content=\"A exemplo de Santo Ant\u00f4nio e Maria, mission\u00e1rios s\u00e3o convidados a irem ao encontro - Not\u00edcias - Franciscanos\" \/>\n<meta property=\"og:description\" content=\"Ordena\u00e7\u00e3o Presbiteral de Frei Alan Leal de Mattos\" \/>\n<meta property=\"og:url\" content=\"https:\/\/franciscanos.org.br\/noticias\/a-exemplo-de-santo-antonio-e-maria-missionarios-sao-convidados-a-irem-ao-encontro.html\" \/>\n<meta property=\"og:site_name\" content=\"Not\u00edcias - Franciscanos\" \/>\n<meta property=\"article:published_time\" content=\"2022-06-01T10:33:59+00:00\" \/>\n<meta property=\"og:image\" content=\"https:\/\/franciscanos.org.br\/noticias\/wp-content\/uploads\/2022\/06\/alan_envio_0106.jpg\" \/>\n<meta name=\"author\" content=\"moacir\" \/>\n<meta name=\"twitter:card\" content=\"summary_large_image\" \/>\n<meta name=\"twitter:label1\" content=\"Escrito por\" \/>\n\t<meta name=\"twitter:data1\" content=\"moacir\" \/>\n\t<meta name=\"twitter:label2\" content=\"Est. tempo de leitura\" \/>\n\t<meta name=\"twitter:data2\" content=\"5 minutos\" \/>\n<script type=\"application\/ld+json\" class=\"yoast-schema-graph\">{\"@context\":\"https:\/\/schema.org\",\"@graph\":[{\"@type\":\"WebSite\",\"@id\":\"https:\/\/franciscanos.org.br\/noticias\/#website\",\"url\":\"https:\/\/franciscanos.org.br\/noticias\/\",\"name\":\"Not\u00edcias - Franciscanos\",\"description\":\"Prov\u00edncia Franciscana da Imaculada Concei\u00e7\u00e3o do Brasil - Ordem dos Frades Menores - OFM\",\"potentialAction\":[{\"@type\":\"SearchAction\",\"target\":{\"@type\":\"EntryPoint\",\"urlTemplate\":\"https:\/\/franciscanos.org.br\/noticias\/?s={search_term_string}\"},\"query-input\":\"required name=search_term_string\"}],\"inLanguage\":\"pt-BR\"},{\"@type\":\"ImageObject\",\"inLanguage\":\"pt-BR\",\"@id\":\"https:\/\/franciscanos.org.br\/noticias\/a-exemplo-de-santo-antonio-e-maria-missionarios-sao-convidados-a-irem-ao-encontro.html#primaryimage\",\"url\":\"https:\/\/franciscanos.org.br\/noticias\/wp-content\/uploads\/2022\/06\/alan_envio_0106.jpg\",\"contentUrl\":\"https:\/\/franciscanos.org.br\/noticias\/wp-content\/uploads\/2022\/06\/alan_envio_0106.jpg\",\"width\":1280,\"height\":720},{\"@type\":\"WebPage\",\"@id\":\"https:\/\/franciscanos.org.br\/noticias\/a-exemplo-de-santo-antonio-e-maria-missionarios-sao-convidados-a-irem-ao-encontro.html#webpage\",\"url\":\"https:\/\/franciscanos.org.br\/noticias\/a-exemplo-de-santo-antonio-e-maria-missionarios-sao-convidados-a-irem-ao-encontro.html\",\"name\":\"A exemplo de Santo Ant\u00f4nio e Maria, mission\u00e1rios s\u00e3o convidados a irem ao encontro - Not\u00edcias - Franciscanos\",\"isPartOf\":{\"@id\":\"https:\/\/franciscanos.org.br\/noticias\/#website\"},\"primaryImageOfPage\":{\"@id\":\"https:\/\/franciscanos.org.br\/noticias\/a-exemplo-de-santo-antonio-e-maria-missionarios-sao-convidados-a-irem-ao-encontro.html#primaryimage\"},\"datePublished\":\"2022-06-01T10:33:59+00:00\",\"dateModified\":\"2022-06-01T10:33:59+00:00\",\"author\":{\"@id\":\"https:\/\/franciscanos.org.br\/noticias\/#\/schema\/person\/b5c8cba458c330ccff548b056e95a5d4\"},\"breadcrumb\":{\"@id\":\"https:\/\/franciscanos.org.br\/noticias\/a-exemplo-de-santo-antonio-e-maria-missionarios-sao-convidados-a-irem-ao-encontro.html#breadcrumb\"},\"inLanguage\":\"pt-BR\",\"potentialAction\":[{\"@type\":\"ReadAction\",\"target\":[\"https:\/\/franciscanos.org.br\/noticias\/a-exemplo-de-santo-antonio-e-maria-missionarios-sao-convidados-a-irem-ao-encontro.html\"]}]},{\"@type\":\"BreadcrumbList\",\"@id\":\"https:\/\/franciscanos.org.br\/noticias\/a-exemplo-de-santo-antonio-e-maria-missionarios-sao-convidados-a-irem-ao-encontro.html#breadcrumb\",\"itemListElement\":[{\"@type\":\"ListItem\",\"position\":1,\"name\":\"Home\",\"item\":\"https:\/\/franciscanos.org.br\/noticias\"},{\"@type\":\"ListItem\",\"position\":2,\"name\":\"A exemplo de Santo Ant\u00f4nio e Maria, mission\u00e1rios s\u00e3o convidados a irem ao encontro\"}]},{\"@type\":\"Person\",\"@id\":\"https:\/\/franciscanos.org.br\/noticias\/#\/schema\/person\/b5c8cba458c330ccff548b056e95a5d4\",\"name\":\"moacir\",\"image\":{\"@type\":\"ImageObject\",\"inLanguage\":\"pt-BR\",\"@id\":\"https:\/\/franciscanos.org.br\/noticias\/#\/schema\/person\/image\/\",\"url\":\"https:\/\/secure.gravatar.com\/avatar\/d08aa2ce4c8dd416d4479aa8536fcf64?s=96&d=mm&r=g\",\"contentUrl\":\"https:\/\/secure.gravatar.com\/avatar\/d08aa2ce4c8dd416d4479aa8536fcf64?s=96&d=mm&r=g\",\"caption\":\"moacir\"},\"url\":\"https:\/\/franciscanos.org.br\/noticias\/author\/moacir\"}]}<\/script>\n<!-- \/ Yoast SEO plugin. -->","yoast_head_json":{"title":"A exemplo de Santo Ant\u00f4nio e Maria, mission\u00e1rios s\u00e3o convidados a irem ao encontro - Not\u00edcias - Franciscanos","robots":{"index":"index","follow":"follow","max-snippet":"max-snippet:-1","max-image-preview":"max-image-preview:large","max-video-preview":"max-video-preview:-1"},"canonical":"https:\/\/franciscanos.org.br\/noticias\/a-exemplo-de-santo-antonio-e-maria-missionarios-sao-convidados-a-irem-ao-encontro.html","og_locale":"pt_BR","og_type":"article","og_title":"A exemplo de Santo Ant\u00f4nio e Maria, mission\u00e1rios s\u00e3o convidados a irem ao encontro - Not\u00edcias - Franciscanos","og_description":"Ordena\u00e7\u00e3o Presbiteral de Frei Alan Leal de Mattos","og_url":"https:\/\/franciscanos.org.br\/noticias\/a-exemplo-de-santo-antonio-e-maria-missionarios-sao-convidados-a-irem-ao-encontro.html","og_site_name":"Not\u00edcias - Franciscanos","article_published_time":"2022-06-01T10:33:59+00:00","og_image":[{"url":"https:\/\/franciscanos.org.br\/noticias\/wp-content\/uploads\/2022\/06\/alan_envio_0106.jpg"}],"author":"moacir","twitter_card":"summary_large_image","twitter_misc":{"Escrito por":"moacir","Est. tempo de leitura":"5 minutos"},"schema":{"@context":"https:\/\/schema.org","@graph":[{"@type":"WebSite","@id":"https:\/\/franciscanos.org.br\/noticias\/#website","url":"https:\/\/franciscanos.org.br\/noticias\/","name":"Not\u00edcias - Franciscanos","description":"Prov\u00edncia Franciscana da Imaculada Concei\u00e7\u00e3o do Brasil - Ordem dos Frades Menores - OFM","potentialAction":[{"@type":"SearchAction","target":{"@type":"EntryPoint","urlTemplate":"https:\/\/franciscanos.org.br\/noticias\/?s={search_term_string}"},"query-input":"required name=search_term_string"}],"inLanguage":"pt-BR"},{"@type":"ImageObject","inLanguage":"pt-BR","@id":"https:\/\/franciscanos.org.br\/noticias\/a-exemplo-de-santo-antonio-e-maria-missionarios-sao-convidados-a-irem-ao-encontro.html#primaryimage","url":"https:\/\/franciscanos.org.br\/noticias\/wp-content\/uploads\/2022\/06\/alan_envio_0106.jpg","contentUrl":"https:\/\/franciscanos.org.br\/noticias\/wp-content\/uploads\/2022\/06\/alan_envio_0106.jpg","width":1280,"height":720},{"@type":"WebPage","@id":"https:\/\/franciscanos.org.br\/noticias\/a-exemplo-de-santo-antonio-e-maria-missionarios-sao-convidados-a-irem-ao-encontro.html#webpage","url":"https:\/\/franciscanos.org.br\/noticias\/a-exemplo-de-santo-antonio-e-maria-missionarios-sao-convidados-a-irem-ao-encontro.html","name":"A exemplo de Santo Ant\u00f4nio e Maria, mission\u00e1rios s\u00e3o convidados a irem ao encontro - Not\u00edcias - Franciscanos","isPartOf":{"@id":"https:\/\/franciscanos.org.br\/noticias\/#website"},"primaryImageOfPage":{"@id":"https:\/\/franciscanos.org.br\/noticias\/a-exemplo-de-santo-antonio-e-maria-missionarios-sao-convidados-a-irem-ao-encontro.html#primaryimage"},"datePublished":"2022-06-01T10:33:59+00:00","dateModified":"2022-06-01T10:33:59+00:00","author":{"@id":"https:\/\/franciscanos.org.br\/noticias\/#\/schema\/person\/b5c8cba458c330ccff548b056e95a5d4"},"breadcrumb":{"@id":"https:\/\/franciscanos.org.br\/noticias\/a-exemplo-de-santo-antonio-e-maria-missionarios-sao-convidados-a-irem-ao-encontro.html#breadcrumb"},"inLanguage":"pt-BR","potentialAction":[{"@type":"ReadAction","target":["https:\/\/franciscanos.org.br\/noticias\/a-exemplo-de-santo-antonio-e-maria-missionarios-sao-convidados-a-irem-ao-encontro.html"]}]},{"@type":"BreadcrumbList","@id":"https:\/\/franciscanos.org.br\/noticias\/a-exemplo-de-santo-antonio-e-maria-missionarios-sao-convidados-a-irem-ao-encontro.html#breadcrumb","itemListElement":[{"@type":"ListItem","position":1,"name":"Home","item":"https:\/\/franciscanos.org.br\/noticias"},{"@type":"ListItem","position":2,"name":"A exemplo de Santo Ant\u00f4nio e Maria, mission\u00e1rios s\u00e3o convidados a irem ao encontro"}]},{"@type":"Person","@id":"https:\/\/franciscanos.org.br\/noticias\/#\/schema\/person\/b5c8cba458c330ccff548b056e95a5d4","name":"moacir","image":{"@type":"ImageObject","inLanguage":"pt-BR","@id":"https:\/\/franciscanos.org.br\/noticias\/#\/schema\/person\/image\/","url":"https:\/\/secure.gravatar.com\/avatar\/d08aa2ce4c8dd416d4479aa8536fcf64?s=96&d=mm&r=g","contentUrl":"https:\/\/secure.gravatar.com\/avatar\/d08aa2ce4c8dd416d4479aa8536fcf64?s=96&d=mm&r=g","caption":"moacir"},"url":"https:\/\/franciscanos.org.br\/noticias\/author\/moacir"}]}},"_links":{"self":[{"href":"https:\/\/franciscanos.org.br\/noticias\/wp-json\/wp\/v2\/posts\/238131"}],"collection":[{"href":"https:\/\/franciscanos.org.br\/noticias\/wp-json\/wp\/v2\/posts"}],"about":[{"href":"https:\/\/franciscanos.org.br\/noticias\/wp-json\/wp\/v2\/types\/post"}],"author":[{"embeddable":true,"href":"https:\/\/franciscanos.org.br\/noticias\/wp-json\/wp\/v2\/users\/3"}],"replies":[{"embeddable":true,"href":"https:\/\/franciscanos.org.br\/noticias\/wp-json\/wp\/v2\/comments?post=238131"}],"version-history":[{"count":1,"href":"https:\/\/franciscanos.org.br\/noticias\/wp-json\/wp\/v2\/posts\/238131\/revisions"}],"predecessor-version":[{"id":238137,"href":"https:\/\/franciscanos.org.br\/noticias\/wp-json\/wp\/v2\/posts\/238131\/revisions\/238137"}],"wp:attachment":[{"href":"https:\/\/franciscanos.org.br\/noticias\/wp-json\/wp\/v2\/media?parent=238131"}],"wp:term":[{"taxonomy":"category","embeddable":true,"href":"https:\/\/franciscanos.org.br\/noticias\/wp-json\/wp\/v2\/categories?post=238131"},{"taxonomy":"post_tag","embeddable":true,"href":"https:\/\/franciscanos.org.br\/noticias\/wp-json\/wp\/v2\/tags?post=238131"}],"curies":[{"name":"wp","href":"https:\/\/api.w.org\/{rel}","templated":true}]}}