{"id":238127,"date":"2022-05-30T14:28:00","date_gmt":"2022-05-30T17:28:00","guid":{"rendered":"https:\/\/franciscanos.org.br\/noticias\/?p=238127"},"modified":"2022-05-31T14:29:12","modified_gmt":"2022-05-31T17:29:12","slug":"4o-dia-da-novena-de-pentecostes-as-tentacoes-no-deserto","status":"publish","type":"post","link":"https:\/\/franciscanos.org.br\/noticias\/4o-dia-da-novena-de-pentecostes-as-tentacoes-no-deserto.html","title":{"rendered":"4\u00ba Dia da Novena de Pentecostes: \u201cAs tenta\u00e7\u00f5es no deserto\u201d"},"content":{"rendered":"<p><img loading=\"lazy\" class=\"alignnone wp-image-238128 size-full\" src=\"https:\/\/franciscanos.org.br\/noticias\/wp-content\/uploads\/2022\/05\/quartodia_30_2-scaled.jpg\" alt=\"\" width=\"1920\" height=\"1440\" srcset=\"https:\/\/franciscanos.org.br\/noticias\/wp-content\/uploads\/2022\/05\/quartodia_30_2-scaled.jpg 1440w, https:\/\/franciscanos.org.br\/noticias\/wp-content\/uploads\/2022\/05\/quartodia_30_2-450x338.jpg 450w, https:\/\/franciscanos.org.br\/noticias\/wp-content\/uploads\/2022\/05\/quartodia_30_2-1024x768.jpg 1024w, https:\/\/franciscanos.org.br\/noticias\/wp-content\/uploads\/2022\/05\/quartodia_30_2-768x576.jpg 768w, https:\/\/franciscanos.org.br\/noticias\/wp-content\/uploads\/2022\/05\/quartodia_30_2-1536x1152.jpg 1536w, https:\/\/franciscanos.org.br\/noticias\/wp-content\/uploads\/2022\/05\/quartodia_30_2-2048x1536.jpg 2048w, https:\/\/franciscanos.org.br\/noticias\/wp-content\/uploads\/2022\/05\/quartodia_30_2-150x113.jpg 150w, https:\/\/franciscanos.org.br\/noticias\/wp-content\/uploads\/2022\/05\/quartodia_30_2-600x450.jpg 600w\" sizes=\"(max-width: 1920px) 100vw, 1920px\" \/><\/p>\n<p><strong>Vila Velha (ES)<\/strong> &#8211; A Novena de Pentecostes, no Santu\u00e1rio do Divino Esp\u00edrito Santo, em Vila Velha (ES), chegou ao 4\u00ba dia com a Missa celebrada por Frei Clar\u00eancio Neotti, concelebrada pelos Freis Vanderlei da Silva Neves e Adriano Dias do Nascimento.<\/p>\n<p>Saudando e convocando todos os devotos do Esp\u00edrito Santo para a celebra\u00e7\u00e3o, Frei Clar\u00eancio ressaltou que os evangelistas Mateus, Marcos e Lucas descrevem as tenta\u00e7\u00f5es de Jesus logo ap\u00f3s o Seu batismo. Lembrou tamb\u00e9m que as tenta\u00e7\u00f5es fizeram parte da vida de Jesus, nos primeiros passos Dele na vida p\u00fablica. J\u00e1 o evangelista Lucas fez a descri\u00e7\u00e3o mais extensa sobre as tenta\u00e7\u00f5es.<\/p>\n<p>Ao mencionar a passagem narrada pelo evangelista Jo\u00e3o, onde menciona o di\u00e1logo de Jesus com Nicodemos &#8211; \u201cQuem n\u00e3o nascer do Esp\u00edrito Santo, n\u00e3o pode entrar no reino de Deus\u201d -, Frei Clar\u00eancio nos remete a pensar na nossa vida cotidiana: \u201cVila Velha, nosso bairro, nossa casa \u00e9 um deserto\u201d. Cheio do Esp\u00edrito Santo, Jesus veio morar no meio de n\u00f3s. O deserto tem um lugar destacado na B\u00edblia, n\u00e3o o deserto geogr\u00e1fico, mas o deserto como s\u00edmbolo da conviv\u00eancia humana.<\/p>\n<p>\u201cA hist\u00f3ria dos doze filhos de Jac\u00f3 se passa no deserto. Mois\u00e9s foi escolhido por Deus enquanto pastoreava no deserto. A constitui\u00e7\u00e3o do povo eleito de Israel nasce no deserto. Elias, o mais santo dos profetas, revive no deserto, o que foi uma das maiores teofanias (manifesta\u00e7\u00e3o de Deus)\u201d.<\/p>\n<p>O deserto passou a ser o lugar onde posso encontrar Deus, embora seja a morada de v\u00edboras, sendo a mais conhecida de todos, o diabo.<\/p>\n<p>\u201cVida humana onde se mistura gra\u00e7a e desgra\u00e7a, maldi\u00e7\u00e3o e b\u00ean\u00e7\u00e3o, pedra firme e areia movedi\u00e7a, anjos que servem de dem\u00f4nio e enganam. Nossa casa, onde se mistura bem-estar e, ao mesmo tempo, desespero e descaminhos. Onde duelam vida e morte\u201d, afirmou Frei Clar\u00eancio.<\/p>\n<p>Na pandemia, vimos claramente vida e morte duelando em nossa casa, na nossa cidade, mas Jesus veio morar nesse deserto, para semear o amor e a paz. Veio para plantar a verdade. Sabemos que a falsidade \u00e9 o maior pecado da humanidade. Jesus bateu na falsidade, muito mais que outros pecados. Jesus veio trazer o Esp\u00edrito Santo para enxertar na nossa fraqueza, o esp\u00edrito de fortaleza. Jesus veio para o deserto de nossa vida, para enxertar na pobreza humana a Sua verdade.<\/p>\n<p>Frei Clar\u00eancio seguiu citando as tr\u00eas piores tenta\u00e7\u00f5es humanas:<br \/>\n1\u00aa) Tenta\u00e7\u00e3o do Ter, onde est\u00e3o atreladas a gan\u00e2ncia e a inveja. Jesus prop\u00f4s a grandeza do Esp\u00edrito Santo e a promessa dos c\u00e9us;<br \/>\n2\u00aa) Tenta\u00e7\u00e3o do Poder, onde est\u00e3o ligadas a vangl\u00f3ria, o orgulho e a soberba. Jesus prop\u00f4s com o Esp\u00edrito Santo, a pequenez.<br \/>\n3\u00aa) Tenta\u00e7\u00e3o da Facilidade, onde est\u00e3o atreladas a pregui\u00e7a, a gula e a lux\u00faria. A essa tenta\u00e7\u00e3o, com a for\u00e7a do Esp\u00edrito Santo, Jesus nos prop\u00f5e a ternura.<\/p>\n<p>Finalizando, frei Clar\u00eancio lembra que a palavra \u201cdeserto\u201d, em hebraico, tem a mesma raiz que o verbo escutar, ouvir. Jesus veio ao meudeserto para abrir os ouvidos do cora\u00e7\u00e3o. Para que eu possa ouvir a voz do Esp\u00edrito Santo dizendo que Jesus me ama e quer fazer comigo a comunh\u00e3o dos Santos.<\/p>\n<hr \/>\n<p><em>Pascom da Par\u00f3quia do Ros\u00e1rio de Vila Velha<\/em><\/p>\n","protected":false},"excerpt":{"rendered":"<p>Santu\u00e1rio do Divino Esp\u00edrito Santo<\/p>\n","protected":false},"author":3,"featured_media":238128,"comment_status":"open","ping_status":"open","sticky":false,"template":"","format":"standard","meta":[],"categories":[1],"tags":[1180],"acf":[],"yoast_head":"<!-- This site is optimized with the Yoast SEO plugin v19.2 - https:\/\/yoast.com\/wordpress\/plugins\/seo\/ -->\n<title>4\u00ba Dia da Novena de Pentecostes: \u201cAs tenta\u00e7\u00f5es no deserto\u201d - Not\u00edcias - Franciscanos<\/title>\n<meta name=\"robots\" content=\"index, follow, max-snippet:-1, max-image-preview:large, max-video-preview:-1\" \/>\n<link rel=\"canonical\" href=\"https:\/\/franciscanos.org.br\/noticias\/4o-dia-da-novena-de-pentecostes-as-tentacoes-no-deserto.html\" \/>\n<meta property=\"og:locale\" content=\"pt_BR\" \/>\n<meta property=\"og:type\" content=\"article\" \/>\n<meta property=\"og:title\" content=\"4\u00ba Dia da Novena de Pentecostes: \u201cAs tenta\u00e7\u00f5es no deserto\u201d - Not\u00edcias - Franciscanos\" \/>\n<meta property=\"og:description\" content=\"Santu\u00e1rio do Divino Esp\u00edrito Santo\" \/>\n<meta property=\"og:url\" content=\"https:\/\/franciscanos.org.br\/noticias\/4o-dia-da-novena-de-pentecostes-as-tentacoes-no-deserto.html\" \/>\n<meta property=\"og:site_name\" content=\"Not\u00edcias - Franciscanos\" \/>\n<meta property=\"article:published_time\" content=\"2022-05-30T17:28:00+00:00\" \/>\n<meta property=\"article:modified_time\" content=\"2022-05-31T17:29:12+00:00\" \/>\n<meta property=\"og:image\" content=\"https:\/\/franciscanos.org.br\/noticias\/wp-content\/uploads\/2022\/05\/quartodia_30_2-scaled.jpg\" \/>\n\t<meta property=\"og:image:width\" content=\"1440\" \/>\n\t<meta property=\"og:image:height\" content=\"1080\" \/>\n\t<meta property=\"og:image:type\" content=\"image\/jpeg\" \/>\n<meta name=\"author\" content=\"moacir\" \/>\n<meta name=\"twitter:card\" content=\"summary_large_image\" \/>\n<meta name=\"twitter:label1\" content=\"Escrito por\" \/>\n\t<meta name=\"twitter:data1\" content=\"moacir\" \/>\n\t<meta name=\"twitter:label2\" content=\"Est. tempo de leitura\" \/>\n\t<meta name=\"twitter:data2\" content=\"3 minutos\" \/>\n<script type=\"application\/ld+json\" class=\"yoast-schema-graph\">{\"@context\":\"https:\/\/schema.org\",\"@graph\":[{\"@type\":\"WebSite\",\"@id\":\"https:\/\/franciscanos.org.br\/noticias\/#website\",\"url\":\"https:\/\/franciscanos.org.br\/noticias\/\",\"name\":\"Not\u00edcias - Franciscanos\",\"description\":\"Prov\u00edncia Franciscana da Imaculada Concei\u00e7\u00e3o do Brasil - Ordem dos Frades Menores - OFM\",\"potentialAction\":[{\"@type\":\"SearchAction\",\"target\":{\"@type\":\"EntryPoint\",\"urlTemplate\":\"https:\/\/franciscanos.org.br\/noticias\/?s={search_term_string}\"},\"query-input\":\"required name=search_term_string\"}],\"inLanguage\":\"pt-BR\"},{\"@type\":\"ImageObject\",\"inLanguage\":\"pt-BR\",\"@id\":\"https:\/\/franciscanos.org.br\/noticias\/4o-dia-da-novena-de-pentecostes-as-tentacoes-no-deserto.html#primaryimage\",\"url\":\"https:\/\/franciscanos.org.br\/noticias\/wp-content\/uploads\/2022\/05\/quartodia_30_2-scaled.jpg\",\"contentUrl\":\"https:\/\/franciscanos.org.br\/noticias\/wp-content\/uploads\/2022\/05\/quartodia_30_2-scaled.jpg\",\"width\":1440,\"height\":1080},{\"@type\":\"WebPage\",\"@id\":\"https:\/\/franciscanos.org.br\/noticias\/4o-dia-da-novena-de-pentecostes-as-tentacoes-no-deserto.html#webpage\",\"url\":\"https:\/\/franciscanos.org.br\/noticias\/4o-dia-da-novena-de-pentecostes-as-tentacoes-no-deserto.html\",\"name\":\"4\u00ba Dia da Novena de Pentecostes: \u201cAs tenta\u00e7\u00f5es no deserto\u201d - Not\u00edcias - Franciscanos\",\"isPartOf\":{\"@id\":\"https:\/\/franciscanos.org.br\/noticias\/#website\"},\"primaryImageOfPage\":{\"@id\":\"https:\/\/franciscanos.org.br\/noticias\/4o-dia-da-novena-de-pentecostes-as-tentacoes-no-deserto.html#primaryimage\"},\"datePublished\":\"2022-05-30T17:28:00+00:00\",\"dateModified\":\"2022-05-31T17:29:12+00:00\",\"author\":{\"@id\":\"https:\/\/franciscanos.org.br\/noticias\/#\/schema\/person\/b5c8cba458c330ccff548b056e95a5d4\"},\"breadcrumb\":{\"@id\":\"https:\/\/franciscanos.org.br\/noticias\/4o-dia-da-novena-de-pentecostes-as-tentacoes-no-deserto.html#breadcrumb\"},\"inLanguage\":\"pt-BR\",\"potentialAction\":[{\"@type\":\"ReadAction\",\"target\":[\"https:\/\/franciscanos.org.br\/noticias\/4o-dia-da-novena-de-pentecostes-as-tentacoes-no-deserto.html\"]}]},{\"@type\":\"BreadcrumbList\",\"@id\":\"https:\/\/franciscanos.org.br\/noticias\/4o-dia-da-novena-de-pentecostes-as-tentacoes-no-deserto.html#breadcrumb\",\"itemListElement\":[{\"@type\":\"ListItem\",\"position\":1,\"name\":\"Home\",\"item\":\"https:\/\/franciscanos.org.br\/noticias\"},{\"@type\":\"ListItem\",\"position\":2,\"name\":\"4\u00ba Dia da Novena de Pentecostes: \u201cAs tenta\u00e7\u00f5es no deserto\u201d\"}]},{\"@type\":\"Person\",\"@id\":\"https:\/\/franciscanos.org.br\/noticias\/#\/schema\/person\/b5c8cba458c330ccff548b056e95a5d4\",\"name\":\"moacir\",\"image\":{\"@type\":\"ImageObject\",\"inLanguage\":\"pt-BR\",\"@id\":\"https:\/\/franciscanos.org.br\/noticias\/#\/schema\/person\/image\/\",\"url\":\"https:\/\/secure.gravatar.com\/avatar\/d08aa2ce4c8dd416d4479aa8536fcf64?s=96&d=mm&r=g\",\"contentUrl\":\"https:\/\/secure.gravatar.com\/avatar\/d08aa2ce4c8dd416d4479aa8536fcf64?s=96&d=mm&r=g\",\"caption\":\"moacir\"},\"url\":\"https:\/\/franciscanos.org.br\/noticias\/author\/moacir\"}]}<\/script>\n<!-- \/ Yoast SEO plugin. -->","yoast_head_json":{"title":"4\u00ba Dia da Novena de Pentecostes: \u201cAs tenta\u00e7\u00f5es no deserto\u201d - Not\u00edcias - Franciscanos","robots":{"index":"index","follow":"follow","max-snippet":"max-snippet:-1","max-image-preview":"max-image-preview:large","max-video-preview":"max-video-preview:-1"},"canonical":"https:\/\/franciscanos.org.br\/noticias\/4o-dia-da-novena-de-pentecostes-as-tentacoes-no-deserto.html","og_locale":"pt_BR","og_type":"article","og_title":"4\u00ba Dia da Novena de Pentecostes: \u201cAs tenta\u00e7\u00f5es no deserto\u201d - Not\u00edcias - Franciscanos","og_description":"Santu\u00e1rio do Divino Esp\u00edrito Santo","og_url":"https:\/\/franciscanos.org.br\/noticias\/4o-dia-da-novena-de-pentecostes-as-tentacoes-no-deserto.html","og_site_name":"Not\u00edcias - Franciscanos","article_published_time":"2022-05-30T17:28:00+00:00","article_modified_time":"2022-05-31T17:29:12+00:00","og_image":[{"width":1440,"height":1080,"url":"https:\/\/franciscanos.org.br\/noticias\/wp-content\/uploads\/2022\/05\/quartodia_30_2-scaled.jpg","type":"image\/jpeg"}],"author":"moacir","twitter_card":"summary_large_image","twitter_misc":{"Escrito por":"moacir","Est. tempo de leitura":"3 minutos"},"schema":{"@context":"https:\/\/schema.org","@graph":[{"@type":"WebSite","@id":"https:\/\/franciscanos.org.br\/noticias\/#website","url":"https:\/\/franciscanos.org.br\/noticias\/","name":"Not\u00edcias - Franciscanos","description":"Prov\u00edncia Franciscana da Imaculada Concei\u00e7\u00e3o do Brasil - Ordem dos Frades Menores - OFM","potentialAction":[{"@type":"SearchAction","target":{"@type":"EntryPoint","urlTemplate":"https:\/\/franciscanos.org.br\/noticias\/?s={search_term_string}"},"query-input":"required name=search_term_string"}],"inLanguage":"pt-BR"},{"@type":"ImageObject","inLanguage":"pt-BR","@id":"https:\/\/franciscanos.org.br\/noticias\/4o-dia-da-novena-de-pentecostes-as-tentacoes-no-deserto.html#primaryimage","url":"https:\/\/franciscanos.org.br\/noticias\/wp-content\/uploads\/2022\/05\/quartodia_30_2-scaled.jpg","contentUrl":"https:\/\/franciscanos.org.br\/noticias\/wp-content\/uploads\/2022\/05\/quartodia_30_2-scaled.jpg","width":1440,"height":1080},{"@type":"WebPage","@id":"https:\/\/franciscanos.org.br\/noticias\/4o-dia-da-novena-de-pentecostes-as-tentacoes-no-deserto.html#webpage","url":"https:\/\/franciscanos.org.br\/noticias\/4o-dia-da-novena-de-pentecostes-as-tentacoes-no-deserto.html","name":"4\u00ba Dia da Novena de Pentecostes: \u201cAs tenta\u00e7\u00f5es no deserto\u201d - Not\u00edcias - Franciscanos","isPartOf":{"@id":"https:\/\/franciscanos.org.br\/noticias\/#website"},"primaryImageOfPage":{"@id":"https:\/\/franciscanos.org.br\/noticias\/4o-dia-da-novena-de-pentecostes-as-tentacoes-no-deserto.html#primaryimage"},"datePublished":"2022-05-30T17:28:00+00:00","dateModified":"2022-05-31T17:29:12+00:00","author":{"@id":"https:\/\/franciscanos.org.br\/noticias\/#\/schema\/person\/b5c8cba458c330ccff548b056e95a5d4"},"breadcrumb":{"@id":"https:\/\/franciscanos.org.br\/noticias\/4o-dia-da-novena-de-pentecostes-as-tentacoes-no-deserto.html#breadcrumb"},"inLanguage":"pt-BR","potentialAction":[{"@type":"ReadAction","target":["https:\/\/franciscanos.org.br\/noticias\/4o-dia-da-novena-de-pentecostes-as-tentacoes-no-deserto.html"]}]},{"@type":"BreadcrumbList","@id":"https:\/\/franciscanos.org.br\/noticias\/4o-dia-da-novena-de-pentecostes-as-tentacoes-no-deserto.html#breadcrumb","itemListElement":[{"@type":"ListItem","position":1,"name":"Home","item":"https:\/\/franciscanos.org.br\/noticias"},{"@type":"ListItem","position":2,"name":"4\u00ba Dia da Novena de Pentecostes: \u201cAs tenta\u00e7\u00f5es no deserto\u201d"}]},{"@type":"Person","@id":"https:\/\/franciscanos.org.br\/noticias\/#\/schema\/person\/b5c8cba458c330ccff548b056e95a5d4","name":"moacir","image":{"@type":"ImageObject","inLanguage":"pt-BR","@id":"https:\/\/franciscanos.org.br\/noticias\/#\/schema\/person\/image\/","url":"https:\/\/secure.gravatar.com\/avatar\/d08aa2ce4c8dd416d4479aa8536fcf64?s=96&d=mm&r=g","contentUrl":"https:\/\/secure.gravatar.com\/avatar\/d08aa2ce4c8dd416d4479aa8536fcf64?s=96&d=mm&r=g","caption":"moacir"},"url":"https:\/\/franciscanos.org.br\/noticias\/author\/moacir"}]}},"_links":{"self":[{"href":"https:\/\/franciscanos.org.br\/noticias\/wp-json\/wp\/v2\/posts\/238127"}],"collection":[{"href":"https:\/\/franciscanos.org.br\/noticias\/wp-json\/wp\/v2\/posts"}],"about":[{"href":"https:\/\/franciscanos.org.br\/noticias\/wp-json\/wp\/v2\/types\/post"}],"author":[{"embeddable":true,"href":"https:\/\/franciscanos.org.br\/noticias\/wp-json\/wp\/v2\/users\/3"}],"replies":[{"embeddable":true,"href":"https:\/\/franciscanos.org.br\/noticias\/wp-json\/wp\/v2\/comments?post=238127"}],"version-history":[{"count":1,"href":"https:\/\/franciscanos.org.br\/noticias\/wp-json\/wp\/v2\/posts\/238127\/revisions"}],"predecessor-version":[{"id":238129,"href":"https:\/\/franciscanos.org.br\/noticias\/wp-json\/wp\/v2\/posts\/238127\/revisions\/238129"}],"wp:featuredmedia":[{"embeddable":true,"href":"https:\/\/franciscanos.org.br\/noticias\/wp-json\/wp\/v2\/media\/238128"}],"wp:attachment":[{"href":"https:\/\/franciscanos.org.br\/noticias\/wp-json\/wp\/v2\/media?parent=238127"}],"wp:term":[{"taxonomy":"category","embeddable":true,"href":"https:\/\/franciscanos.org.br\/noticias\/wp-json\/wp\/v2\/categories?post=238127"},{"taxonomy":"post_tag","embeddable":true,"href":"https:\/\/franciscanos.org.br\/noticias\/wp-json\/wp\/v2\/tags?post=238127"}],"curies":[{"name":"wp","href":"https:\/\/api.w.org\/{rel}","templated":true}]}}