{"id":238124,"date":"2022-05-29T14:14:02","date_gmt":"2022-05-29T17:14:02","guid":{"rendered":"https:\/\/franciscanos.org.br\/noticias\/?p=238124"},"modified":"2022-05-31T14:17:39","modified_gmt":"2022-05-31T17:17:39","slug":"3-dia-da-novena-de-pentecostes-o-batismo-de-jesus","status":"publish","type":"post","link":"https:\/\/franciscanos.org.br\/noticias\/3-dia-da-novena-de-pentecostes-o-batismo-de-jesus.html","title":{"rendered":"3\u00b0 Dia da Novena de Pentecostes: \u201cO Batismo de Jesus\u201d"},"content":{"rendered":"<p><img loading=\"lazy\" class=\"alignnone size-full wp-image-238125\" src=\"https:\/\/franciscanos.org.br\/noticias\/wp-content\/uploads\/2022\/05\/terceirodia_29.jpg\" alt=\"\" width=\"1024\" height=\"683\" srcset=\"https:\/\/franciscanos.org.br\/noticias\/wp-content\/uploads\/2022\/05\/terceirodia_29.jpg 1024w, https:\/\/franciscanos.org.br\/noticias\/wp-content\/uploads\/2022\/05\/terceirodia_29-450x300.jpg 450w, https:\/\/franciscanos.org.br\/noticias\/wp-content\/uploads\/2022\/05\/terceirodia_29-768x512.jpg 768w, https:\/\/franciscanos.org.br\/noticias\/wp-content\/uploads\/2022\/05\/terceirodia_29-150x100.jpg 150w\" sizes=\"(max-width: 1024px) 100vw, 1024px\" \/><br \/>\n<strong>Vila Velha (ES<\/strong>) &#8211; No 3\u00b0 dia da Novena de Pentecostes, em prepara\u00e7\u00e3o para a festa do Padroeiro, no Santu\u00e1rio do Divino Esp\u00edrito Santo, em Vila Velha (ES), e que os crist\u00e3os de todo o mundo celebram a Ascen\u00e7\u00e3o do Senhor, o tema refletido foi \u201cO Batismo de Jesus\u201d. O Esp\u00edrito Santo em n\u00f3s derramado no batismo nos torna capazes de anunciar o Reino de Deus.<\/p>\n<p>Pelo batismo nos tornamos iguais em Cristo para anunciar a Boa Nova. Refletindo sobre o tema do dia, os fi\u00e9is rezaram a ora\u00e7\u00e3o da Novena e, logo em seguida, a terceira vela foi acesa por uma fam\u00edlia.<\/p>\n<p>Ser batizado significa que devemos buscar sempre a gra\u00e7a de Deus e os dons do Esp\u00edrito Santo. Neste dia, os Ministros da Eucaristia e a Pastoral do D\u00edzimo foram os movimentos respons\u00e1veis pela liturgia.<\/p>\n<p>A missa foi presidida por Frei Adriano Dias Nascimento, que iniciou sua homilia destacando que a Solenidade da Ascens\u00e3o nos faz saber que Jesus subiu aos c\u00e9us e est\u00e1 sentado a direita de Deus Pai Todo Poderoso, como professamos no credo.<\/p>\n<p>Ao mesmo tempo em que Ele conclui sua vida na Terra, celebra tamb\u00e9m a sua realeza. Essa ida n\u00e3o significa que Ele est\u00e1 fechado, trancado nos c\u00e9us. A ida d&#8217;Ele nos mostra que est\u00e1 ainda mais perto de n\u00f3s atrav\u00e9s do Divino Esp\u00edrito Santo.<\/p>\n<p>A terceira pessoa da Trindade Santa tem a miss\u00e3o de ser a presen\u00e7a de Deus em nossa vida e ela se confirma atrav\u00e9s dos sete sacramentos que s\u00e3o manifestados como dons do Esp\u00edrito Santo.<\/p>\n<p>O Esp\u00edrito Santo age na Igreja assim como possibilitou o nascimento de Jesus, e tudo o que Ele realizou. O mist\u00e9rio da Ascens\u00e3o de Jesus est\u00e1 ligado \u00e0 celebra\u00e7\u00e3o de Pentecostes, pois Jesus est\u00e1 ainda mais presente por meio da a\u00e7\u00e3o do Esp\u00edrito Santo.<\/p>\n<p>No contexto do batismo de Jesus, Ele tem a confirma\u00e7\u00e3o de que \u00e9 o Esp\u00edrito que ir\u00e1 conduzir toda a sua vida.<\/p>\n<p>O frade trouxe para melhor exemplificar o sacramento, os elementos que o representam. A \u00e1gua que \u00e9 o s\u00edmbolo da purifica\u00e7\u00e3o e da vida e o \u00f3leo em que as m\u00e3os do sacerdote s\u00e3o purificadas e \u00e9 usado para ungir o batizado.<\/p>\n<p>Pelo batismo nos livramos da mancha do pecado e nos confirmamos como filhos de Deus.<\/p>\n<p>Ao final da celebra\u00e7\u00e3o, Frei Adriano parabenizou os aniversariantes e as equipes que ajudaram na Missa.<\/p>\n<hr \/>\n<p><em>Pascom da Par\u00f3quia do Ros\u00e1rio de Vilea Velha<\/em><\/p>\n","protected":false},"excerpt":{"rendered":"<p>Santu\u00e1rio do Divino Esp\u00edrito Santo de Vila Velha<\/p>\n","protected":false},"author":3,"featured_media":238125,"comment_status":"open","ping_status":"open","sticky":false,"template":"","format":"standard","meta":[],"categories":[1],"tags":[1180],"acf":[],"yoast_head":"<!-- This site is optimized with the Yoast SEO plugin v19.2 - https:\/\/yoast.com\/wordpress\/plugins\/seo\/ -->\n<title>3\u00b0 Dia da Novena de Pentecostes: \u201cO Batismo de Jesus\u201d - Not\u00edcias - Franciscanos<\/title>\n<meta name=\"robots\" content=\"index, follow, max-snippet:-1, max-image-preview:large, max-video-preview:-1\" \/>\n<link rel=\"canonical\" href=\"https:\/\/franciscanos.org.br\/noticias\/3-dia-da-novena-de-pentecostes-o-batismo-de-jesus.html\" \/>\n<meta property=\"og:locale\" content=\"pt_BR\" \/>\n<meta property=\"og:type\" content=\"article\" \/>\n<meta property=\"og:title\" content=\"3\u00b0 Dia da Novena de Pentecostes: \u201cO Batismo de Jesus\u201d - Not\u00edcias - Franciscanos\" \/>\n<meta property=\"og:description\" content=\"Santu\u00e1rio do Divino Esp\u00edrito Santo de Vila Velha\" \/>\n<meta property=\"og:url\" content=\"https:\/\/franciscanos.org.br\/noticias\/3-dia-da-novena-de-pentecostes-o-batismo-de-jesus.html\" \/>\n<meta property=\"og:site_name\" content=\"Not\u00edcias - Franciscanos\" \/>\n<meta property=\"article:published_time\" content=\"2022-05-29T17:14:02+00:00\" \/>\n<meta property=\"article:modified_time\" content=\"2022-05-31T17:17:39+00:00\" \/>\n<meta property=\"og:image\" content=\"https:\/\/franciscanos.org.br\/noticias\/wp-content\/uploads\/2022\/05\/terceirodia_29.jpg\" \/>\n\t<meta property=\"og:image:width\" content=\"1024\" \/>\n\t<meta property=\"og:image:height\" content=\"683\" \/>\n\t<meta property=\"og:image:type\" content=\"image\/jpeg\" \/>\n<meta name=\"author\" content=\"moacir\" \/>\n<meta name=\"twitter:card\" content=\"summary_large_image\" \/>\n<meta name=\"twitter:label1\" content=\"Escrito por\" \/>\n\t<meta name=\"twitter:data1\" content=\"moacir\" \/>\n\t<meta name=\"twitter:label2\" content=\"Est. tempo de leitura\" \/>\n\t<meta name=\"twitter:data2\" content=\"2 minutos\" \/>\n<script type=\"application\/ld+json\" class=\"yoast-schema-graph\">{\"@context\":\"https:\/\/schema.org\",\"@graph\":[{\"@type\":\"WebSite\",\"@id\":\"https:\/\/franciscanos.org.br\/noticias\/#website\",\"url\":\"https:\/\/franciscanos.org.br\/noticias\/\",\"name\":\"Not\u00edcias - Franciscanos\",\"description\":\"Prov\u00edncia Franciscana da Imaculada Concei\u00e7\u00e3o do Brasil - Ordem dos Frades Menores - OFM\",\"potentialAction\":[{\"@type\":\"SearchAction\",\"target\":{\"@type\":\"EntryPoint\",\"urlTemplate\":\"https:\/\/franciscanos.org.br\/noticias\/?s={search_term_string}\"},\"query-input\":\"required name=search_term_string\"}],\"inLanguage\":\"pt-BR\"},{\"@type\":\"ImageObject\",\"inLanguage\":\"pt-BR\",\"@id\":\"https:\/\/franciscanos.org.br\/noticias\/3-dia-da-novena-de-pentecostes-o-batismo-de-jesus.html#primaryimage\",\"url\":\"https:\/\/franciscanos.org.br\/noticias\/wp-content\/uploads\/2022\/05\/terceirodia_29.jpg\",\"contentUrl\":\"https:\/\/franciscanos.org.br\/noticias\/wp-content\/uploads\/2022\/05\/terceirodia_29.jpg\",\"width\":1024,\"height\":683},{\"@type\":\"WebPage\",\"@id\":\"https:\/\/franciscanos.org.br\/noticias\/3-dia-da-novena-de-pentecostes-o-batismo-de-jesus.html#webpage\",\"url\":\"https:\/\/franciscanos.org.br\/noticias\/3-dia-da-novena-de-pentecostes-o-batismo-de-jesus.html\",\"name\":\"3\u00b0 Dia da Novena de Pentecostes: \u201cO Batismo de Jesus\u201d - Not\u00edcias - Franciscanos\",\"isPartOf\":{\"@id\":\"https:\/\/franciscanos.org.br\/noticias\/#website\"},\"primaryImageOfPage\":{\"@id\":\"https:\/\/franciscanos.org.br\/noticias\/3-dia-da-novena-de-pentecostes-o-batismo-de-jesus.html#primaryimage\"},\"datePublished\":\"2022-05-29T17:14:02+00:00\",\"dateModified\":\"2022-05-31T17:17:39+00:00\",\"author\":{\"@id\":\"https:\/\/franciscanos.org.br\/noticias\/#\/schema\/person\/b5c8cba458c330ccff548b056e95a5d4\"},\"breadcrumb\":{\"@id\":\"https:\/\/franciscanos.org.br\/noticias\/3-dia-da-novena-de-pentecostes-o-batismo-de-jesus.html#breadcrumb\"},\"inLanguage\":\"pt-BR\",\"potentialAction\":[{\"@type\":\"ReadAction\",\"target\":[\"https:\/\/franciscanos.org.br\/noticias\/3-dia-da-novena-de-pentecostes-o-batismo-de-jesus.html\"]}]},{\"@type\":\"BreadcrumbList\",\"@id\":\"https:\/\/franciscanos.org.br\/noticias\/3-dia-da-novena-de-pentecostes-o-batismo-de-jesus.html#breadcrumb\",\"itemListElement\":[{\"@type\":\"ListItem\",\"position\":1,\"name\":\"Home\",\"item\":\"https:\/\/franciscanos.org.br\/noticias\"},{\"@type\":\"ListItem\",\"position\":2,\"name\":\"3\u00b0 Dia da Novena de Pentecostes: \u201cO Batismo de Jesus\u201d\"}]},{\"@type\":\"Person\",\"@id\":\"https:\/\/franciscanos.org.br\/noticias\/#\/schema\/person\/b5c8cba458c330ccff548b056e95a5d4\",\"name\":\"moacir\",\"image\":{\"@type\":\"ImageObject\",\"inLanguage\":\"pt-BR\",\"@id\":\"https:\/\/franciscanos.org.br\/noticias\/#\/schema\/person\/image\/\",\"url\":\"https:\/\/secure.gravatar.com\/avatar\/d08aa2ce4c8dd416d4479aa8536fcf64?s=96&d=mm&r=g\",\"contentUrl\":\"https:\/\/secure.gravatar.com\/avatar\/d08aa2ce4c8dd416d4479aa8536fcf64?s=96&d=mm&r=g\",\"caption\":\"moacir\"},\"url\":\"https:\/\/franciscanos.org.br\/noticias\/author\/moacir\"}]}<\/script>\n<!-- \/ Yoast SEO plugin. -->","yoast_head_json":{"title":"3\u00b0 Dia da Novena de Pentecostes: \u201cO Batismo de Jesus\u201d - Not\u00edcias - Franciscanos","robots":{"index":"index","follow":"follow","max-snippet":"max-snippet:-1","max-image-preview":"max-image-preview:large","max-video-preview":"max-video-preview:-1"},"canonical":"https:\/\/franciscanos.org.br\/noticias\/3-dia-da-novena-de-pentecostes-o-batismo-de-jesus.html","og_locale":"pt_BR","og_type":"article","og_title":"3\u00b0 Dia da Novena de Pentecostes: \u201cO Batismo de Jesus\u201d - Not\u00edcias - Franciscanos","og_description":"Santu\u00e1rio do Divino Esp\u00edrito Santo de Vila Velha","og_url":"https:\/\/franciscanos.org.br\/noticias\/3-dia-da-novena-de-pentecostes-o-batismo-de-jesus.html","og_site_name":"Not\u00edcias - Franciscanos","article_published_time":"2022-05-29T17:14:02+00:00","article_modified_time":"2022-05-31T17:17:39+00:00","og_image":[{"width":1024,"height":683,"url":"https:\/\/franciscanos.org.br\/noticias\/wp-content\/uploads\/2022\/05\/terceirodia_29.jpg","type":"image\/jpeg"}],"author":"moacir","twitter_card":"summary_large_image","twitter_misc":{"Escrito por":"moacir","Est. tempo de leitura":"2 minutos"},"schema":{"@context":"https:\/\/schema.org","@graph":[{"@type":"WebSite","@id":"https:\/\/franciscanos.org.br\/noticias\/#website","url":"https:\/\/franciscanos.org.br\/noticias\/","name":"Not\u00edcias - Franciscanos","description":"Prov\u00edncia Franciscana da Imaculada Concei\u00e7\u00e3o do Brasil - Ordem dos Frades Menores - OFM","potentialAction":[{"@type":"SearchAction","target":{"@type":"EntryPoint","urlTemplate":"https:\/\/franciscanos.org.br\/noticias\/?s={search_term_string}"},"query-input":"required name=search_term_string"}],"inLanguage":"pt-BR"},{"@type":"ImageObject","inLanguage":"pt-BR","@id":"https:\/\/franciscanos.org.br\/noticias\/3-dia-da-novena-de-pentecostes-o-batismo-de-jesus.html#primaryimage","url":"https:\/\/franciscanos.org.br\/noticias\/wp-content\/uploads\/2022\/05\/terceirodia_29.jpg","contentUrl":"https:\/\/franciscanos.org.br\/noticias\/wp-content\/uploads\/2022\/05\/terceirodia_29.jpg","width":1024,"height":683},{"@type":"WebPage","@id":"https:\/\/franciscanos.org.br\/noticias\/3-dia-da-novena-de-pentecostes-o-batismo-de-jesus.html#webpage","url":"https:\/\/franciscanos.org.br\/noticias\/3-dia-da-novena-de-pentecostes-o-batismo-de-jesus.html","name":"3\u00b0 Dia da Novena de Pentecostes: \u201cO Batismo de Jesus\u201d - Not\u00edcias - Franciscanos","isPartOf":{"@id":"https:\/\/franciscanos.org.br\/noticias\/#website"},"primaryImageOfPage":{"@id":"https:\/\/franciscanos.org.br\/noticias\/3-dia-da-novena-de-pentecostes-o-batismo-de-jesus.html#primaryimage"},"datePublished":"2022-05-29T17:14:02+00:00","dateModified":"2022-05-31T17:17:39+00:00","author":{"@id":"https:\/\/franciscanos.org.br\/noticias\/#\/schema\/person\/b5c8cba458c330ccff548b056e95a5d4"},"breadcrumb":{"@id":"https:\/\/franciscanos.org.br\/noticias\/3-dia-da-novena-de-pentecostes-o-batismo-de-jesus.html#breadcrumb"},"inLanguage":"pt-BR","potentialAction":[{"@type":"ReadAction","target":["https:\/\/franciscanos.org.br\/noticias\/3-dia-da-novena-de-pentecostes-o-batismo-de-jesus.html"]}]},{"@type":"BreadcrumbList","@id":"https:\/\/franciscanos.org.br\/noticias\/3-dia-da-novena-de-pentecostes-o-batismo-de-jesus.html#breadcrumb","itemListElement":[{"@type":"ListItem","position":1,"name":"Home","item":"https:\/\/franciscanos.org.br\/noticias"},{"@type":"ListItem","position":2,"name":"3\u00b0 Dia da Novena de Pentecostes: \u201cO Batismo de Jesus\u201d"}]},{"@type":"Person","@id":"https:\/\/franciscanos.org.br\/noticias\/#\/schema\/person\/b5c8cba458c330ccff548b056e95a5d4","name":"moacir","image":{"@type":"ImageObject","inLanguage":"pt-BR","@id":"https:\/\/franciscanos.org.br\/noticias\/#\/schema\/person\/image\/","url":"https:\/\/secure.gravatar.com\/avatar\/d08aa2ce4c8dd416d4479aa8536fcf64?s=96&d=mm&r=g","contentUrl":"https:\/\/secure.gravatar.com\/avatar\/d08aa2ce4c8dd416d4479aa8536fcf64?s=96&d=mm&r=g","caption":"moacir"},"url":"https:\/\/franciscanos.org.br\/noticias\/author\/moacir"}]}},"_links":{"self":[{"href":"https:\/\/franciscanos.org.br\/noticias\/wp-json\/wp\/v2\/posts\/238124"}],"collection":[{"href":"https:\/\/franciscanos.org.br\/noticias\/wp-json\/wp\/v2\/posts"}],"about":[{"href":"https:\/\/franciscanos.org.br\/noticias\/wp-json\/wp\/v2\/types\/post"}],"author":[{"embeddable":true,"href":"https:\/\/franciscanos.org.br\/noticias\/wp-json\/wp\/v2\/users\/3"}],"replies":[{"embeddable":true,"href":"https:\/\/franciscanos.org.br\/noticias\/wp-json\/wp\/v2\/comments?post=238124"}],"version-history":[{"count":1,"href":"https:\/\/franciscanos.org.br\/noticias\/wp-json\/wp\/v2\/posts\/238124\/revisions"}],"predecessor-version":[{"id":238126,"href":"https:\/\/franciscanos.org.br\/noticias\/wp-json\/wp\/v2\/posts\/238124\/revisions\/238126"}],"wp:featuredmedia":[{"embeddable":true,"href":"https:\/\/franciscanos.org.br\/noticias\/wp-json\/wp\/v2\/media\/238125"}],"wp:attachment":[{"href":"https:\/\/franciscanos.org.br\/noticias\/wp-json\/wp\/v2\/media?parent=238124"}],"wp:term":[{"taxonomy":"category","embeddable":true,"href":"https:\/\/franciscanos.org.br\/noticias\/wp-json\/wp\/v2\/categories?post=238124"},{"taxonomy":"post_tag","embeddable":true,"href":"https:\/\/franciscanos.org.br\/noticias\/wp-json\/wp\/v2\/tags?post=238124"}],"curies":[{"name":"wp","href":"https:\/\/api.w.org\/{rel}","templated":true}]}}