{"id":238119,"date":"2022-05-31T13:46:24","date_gmt":"2022-05-31T16:46:24","guid":{"rendered":"https:\/\/franciscanos.org.br\/noticias\/?p=238119"},"modified":"2022-05-31T13:46:24","modified_gmt":"2022-05-31T16:46:24","slug":"fae-65-anos-de-missao-franciscana-na-educacao","status":"publish","type":"post","link":"https:\/\/franciscanos.org.br\/noticias\/fae-65-anos-de-missao-franciscana-na-educacao.html","title":{"rendered":"FAE: 65 anos de miss\u00e3o franciscana na educa\u00e7\u00e3o"},"content":{"rendered":"<p><img loading=\"lazy\" class=\"alignnone size-full wp-image-238120\" src=\"https:\/\/franciscanos.org.br\/noticias\/wp-content\/uploads\/2022\/05\/FAE_tau_31.jpg\" alt=\"\" width=\"1280\" height=\"763\" srcset=\"https:\/\/franciscanos.org.br\/noticias\/wp-content\/uploads\/2022\/05\/FAE_tau_31.jpg 1280w, https:\/\/franciscanos.org.br\/noticias\/wp-content\/uploads\/2022\/05\/FAE_tau_31-450x268.jpg 450w, https:\/\/franciscanos.org.br\/noticias\/wp-content\/uploads\/2022\/05\/FAE_tau_31-1024x610.jpg 1024w, https:\/\/franciscanos.org.br\/noticias\/wp-content\/uploads\/2022\/05\/FAE_tau_31-768x458.jpg 768w, https:\/\/franciscanos.org.br\/noticias\/wp-content\/uploads\/2022\/05\/FAE_tau_31-150x89.jpg 150w\" sizes=\"(max-width: 1280px) 100vw, 1280px\" \/><\/p>\n<p>Entre os dias 25 e 26 de maio, a Pastoral Universit\u00e1ria da FAE Centro Universit\u00e1rio realizou a entrega de taus para os alunos dos <em>campi<\/em> Curitiba e S\u00e3o Jos\u00e9 dos Pinhais, em comemora\u00e7\u00e3o aos 65 anos da institui\u00e7\u00e3o.<\/p>\n<p>De acordo com o vice-presidente do Grupo Educacional Bom Jesus, Frei M\u00e1rio Knapik, foi um momento oportuno para evidenciar a identidade franciscana da FAE.<\/p>\n<p>\u201cO tau \u00e9 um s\u00edmbolo franciscano de muito valor e a entrega desse s\u00edmbolo representa a busca constante da FAE em proporcionar aos alunos uma proximidade com o carisma franciscano, permeado por uma diversidade de valores, como o amor ao pr\u00f3ximo, a paz e a fraternidade. Refor\u00e7a o compromisso da institui\u00e7\u00e3o com uma educa\u00e7\u00e3o humana, integral e com amor, evidenciando, tamb\u00e9m, a conex\u00e3o com o lema da Campanha da Fraternidade 2022 \u2018Fala com sabedoria, ensina com amor\u2019 (Pr 31,26)\u201d, explica Frei M\u00e1rio.<\/p>\n<p>A a\u00e7\u00e3o tamb\u00e9m foi oportuna para contextualizar aos alunos os valores franciscanos que permeiam a FAE, as frentes de evangeliza\u00e7\u00e3o da Prov\u00edncia Franciscana da Imaculada Concei\u00e7\u00e3o do Brasil e tamb\u00e9m o servi\u00e7o vocacional, que pretende oportunizar uma imers\u00e3o na vida religiosa franciscana.<\/p>\n<p><img loading=\"lazy\" class=\"alignnone size-full wp-image-238121\" src=\"https:\/\/franciscanos.org.br\/noticias\/wp-content\/uploads\/2022\/05\/FAE_tau_31_2.jpg\" alt=\"\" width=\"1280\" height=\"854\" srcset=\"https:\/\/franciscanos.org.br\/noticias\/wp-content\/uploads\/2022\/05\/FAE_tau_31_2.jpg 1280w, https:\/\/franciscanos.org.br\/noticias\/wp-content\/uploads\/2022\/05\/FAE_tau_31_2-450x300.jpg 450w, https:\/\/franciscanos.org.br\/noticias\/wp-content\/uploads\/2022\/05\/FAE_tau_31_2-1024x683.jpg 1024w, https:\/\/franciscanos.org.br\/noticias\/wp-content\/uploads\/2022\/05\/FAE_tau_31_2-768x512.jpg 768w, https:\/\/franciscanos.org.br\/noticias\/wp-content\/uploads\/2022\/05\/FAE_tau_31_2-150x100.jpg 150w\" sizes=\"(max-width: 1280px) 100vw, 1280px\" \/><\/p>\n<p><strong>Miss\u00e3o franciscana na educa\u00e7\u00e3o<\/strong><\/p>\n<p>A FAE Centro Universit\u00e1rio faz parte de uma caminhada franciscana de evangeliza\u00e7\u00e3o que come\u00e7ou h\u00e1 mais de 800 anos, com S\u00e3o Francisco de Assis. Logo, a entrega de taus simboliza toda gratid\u00e3o e homenagem ao nosso patrono e a cada um que fez e continua fazendo parte dessa hist\u00f3ria.<\/p>\n<p>Os alunos interessados em conhecer com mais detalhes o carisma franciscano e ter um contato mais pr\u00f3ximo com os frades que est\u00e3o presentes na educa\u00e7\u00e3o podem mandar um <em>e-mail<\/em> para pastoral@fae.edu ou procurar as equipes da Pastoral nos <em>campi<\/em> da FAE. Saiba mais em <a href=\"https:\/\/fae.edu\/sobre-a-fae\/pastoral-10032022.vm\">fae.edu\/pastoral<\/a><\/p>\n<p><img loading=\"lazy\" class=\"alignnone size-full wp-image-238122\" src=\"https:\/\/franciscanos.org.br\/noticias\/wp-content\/uploads\/2022\/05\/FAE_tau_31_3.jpg\" alt=\"\" width=\"1280\" height=\"566\" srcset=\"https:\/\/franciscanos.org.br\/noticias\/wp-content\/uploads\/2022\/05\/FAE_tau_31_3.jpg 1280w, https:\/\/franciscanos.org.br\/noticias\/wp-content\/uploads\/2022\/05\/FAE_tau_31_3-450x199.jpg 450w, https:\/\/franciscanos.org.br\/noticias\/wp-content\/uploads\/2022\/05\/FAE_tau_31_3-1024x453.jpg 1024w, https:\/\/franciscanos.org.br\/noticias\/wp-content\/uploads\/2022\/05\/FAE_tau_31_3-768x340.jpg 768w, https:\/\/franciscanos.org.br\/noticias\/wp-content\/uploads\/2022\/05\/FAE_tau_31_3-150x66.jpg 150w\" sizes=\"(max-width: 1280px) 100vw, 1280px\" \/><\/p>\n<hr \/>\n<p><em>Juliano Franco Zemuner<\/em><\/p>\n","protected":false},"excerpt":{"rendered":"<p>FAE<\/p>\n","protected":false},"author":3,"featured_media":238120,"comment_status":"open","ping_status":"open","sticky":false,"template":"","format":"standard","meta":[],"categories":[1],"tags":[548],"acf":[],"yoast_head":"<!-- This site is optimized with the Yoast SEO plugin v19.2 - https:\/\/yoast.com\/wordpress\/plugins\/seo\/ -->\n<title>FAE: 65 anos de miss\u00e3o franciscana na educa\u00e7\u00e3o - Not\u00edcias - Franciscanos<\/title>\n<meta name=\"robots\" content=\"index, follow, max-snippet:-1, max-image-preview:large, max-video-preview:-1\" \/>\n<link rel=\"canonical\" href=\"https:\/\/franciscanos.org.br\/noticias\/fae-65-anos-de-missao-franciscana-na-educacao.html\" \/>\n<meta property=\"og:locale\" content=\"pt_BR\" \/>\n<meta property=\"og:type\" content=\"article\" \/>\n<meta property=\"og:title\" content=\"FAE: 65 anos de miss\u00e3o franciscana na educa\u00e7\u00e3o - Not\u00edcias - Franciscanos\" \/>\n<meta property=\"og:description\" content=\"FAE\" \/>\n<meta property=\"og:url\" content=\"https:\/\/franciscanos.org.br\/noticias\/fae-65-anos-de-missao-franciscana-na-educacao.html\" \/>\n<meta property=\"og:site_name\" content=\"Not\u00edcias - Franciscanos\" \/>\n<meta property=\"article:published_time\" content=\"2022-05-31T16:46:24+00:00\" \/>\n<meta property=\"og:image\" content=\"https:\/\/franciscanos.org.br\/noticias\/wp-content\/uploads\/2022\/05\/FAE_tau_31.jpg\" \/>\n\t<meta property=\"og:image:width\" content=\"1280\" \/>\n\t<meta property=\"og:image:height\" content=\"763\" \/>\n\t<meta property=\"og:image:type\" content=\"image\/jpeg\" \/>\n<meta name=\"author\" content=\"moacir\" \/>\n<meta name=\"twitter:card\" content=\"summary_large_image\" \/>\n<meta name=\"twitter:label1\" content=\"Escrito por\" \/>\n\t<meta name=\"twitter:data1\" content=\"moacir\" \/>\n\t<meta name=\"twitter:label2\" content=\"Est. tempo de leitura\" \/>\n\t<meta name=\"twitter:data2\" content=\"2 minutos\" \/>\n<script type=\"application\/ld+json\" class=\"yoast-schema-graph\">{\"@context\":\"https:\/\/schema.org\",\"@graph\":[{\"@type\":\"WebSite\",\"@id\":\"https:\/\/franciscanos.org.br\/noticias\/#website\",\"url\":\"https:\/\/franciscanos.org.br\/noticias\/\",\"name\":\"Not\u00edcias - Franciscanos\",\"description\":\"Prov\u00edncia Franciscana da Imaculada Concei\u00e7\u00e3o do Brasil - Ordem dos Frades Menores - OFM\",\"potentialAction\":[{\"@type\":\"SearchAction\",\"target\":{\"@type\":\"EntryPoint\",\"urlTemplate\":\"https:\/\/franciscanos.org.br\/noticias\/?s={search_term_string}\"},\"query-input\":\"required name=search_term_string\"}],\"inLanguage\":\"pt-BR\"},{\"@type\":\"ImageObject\",\"inLanguage\":\"pt-BR\",\"@id\":\"https:\/\/franciscanos.org.br\/noticias\/fae-65-anos-de-missao-franciscana-na-educacao.html#primaryimage\",\"url\":\"https:\/\/franciscanos.org.br\/noticias\/wp-content\/uploads\/2022\/05\/FAE_tau_31.jpg\",\"contentUrl\":\"https:\/\/franciscanos.org.br\/noticias\/wp-content\/uploads\/2022\/05\/FAE_tau_31.jpg\",\"width\":1280,\"height\":763},{\"@type\":\"WebPage\",\"@id\":\"https:\/\/franciscanos.org.br\/noticias\/fae-65-anos-de-missao-franciscana-na-educacao.html#webpage\",\"url\":\"https:\/\/franciscanos.org.br\/noticias\/fae-65-anos-de-missao-franciscana-na-educacao.html\",\"name\":\"FAE: 65 anos de miss\u00e3o franciscana na educa\u00e7\u00e3o - Not\u00edcias - Franciscanos\",\"isPartOf\":{\"@id\":\"https:\/\/franciscanos.org.br\/noticias\/#website\"},\"primaryImageOfPage\":{\"@id\":\"https:\/\/franciscanos.org.br\/noticias\/fae-65-anos-de-missao-franciscana-na-educacao.html#primaryimage\"},\"datePublished\":\"2022-05-31T16:46:24+00:00\",\"dateModified\":\"2022-05-31T16:46:24+00:00\",\"author\":{\"@id\":\"https:\/\/franciscanos.org.br\/noticias\/#\/schema\/person\/b5c8cba458c330ccff548b056e95a5d4\"},\"breadcrumb\":{\"@id\":\"https:\/\/franciscanos.org.br\/noticias\/fae-65-anos-de-missao-franciscana-na-educacao.html#breadcrumb\"},\"inLanguage\":\"pt-BR\",\"potentialAction\":[{\"@type\":\"ReadAction\",\"target\":[\"https:\/\/franciscanos.org.br\/noticias\/fae-65-anos-de-missao-franciscana-na-educacao.html\"]}]},{\"@type\":\"BreadcrumbList\",\"@id\":\"https:\/\/franciscanos.org.br\/noticias\/fae-65-anos-de-missao-franciscana-na-educacao.html#breadcrumb\",\"itemListElement\":[{\"@type\":\"ListItem\",\"position\":1,\"name\":\"Home\",\"item\":\"https:\/\/franciscanos.org.br\/noticias\"},{\"@type\":\"ListItem\",\"position\":2,\"name\":\"FAE: 65 anos de miss\u00e3o franciscana na educa\u00e7\u00e3o\"}]},{\"@type\":\"Person\",\"@id\":\"https:\/\/franciscanos.org.br\/noticias\/#\/schema\/person\/b5c8cba458c330ccff548b056e95a5d4\",\"name\":\"moacir\",\"image\":{\"@type\":\"ImageObject\",\"inLanguage\":\"pt-BR\",\"@id\":\"https:\/\/franciscanos.org.br\/noticias\/#\/schema\/person\/image\/\",\"url\":\"https:\/\/secure.gravatar.com\/avatar\/d08aa2ce4c8dd416d4479aa8536fcf64?s=96&d=mm&r=g\",\"contentUrl\":\"https:\/\/secure.gravatar.com\/avatar\/d08aa2ce4c8dd416d4479aa8536fcf64?s=96&d=mm&r=g\",\"caption\":\"moacir\"},\"url\":\"https:\/\/franciscanos.org.br\/noticias\/author\/moacir\"}]}<\/script>\n<!-- \/ Yoast SEO plugin. -->","yoast_head_json":{"title":"FAE: 65 anos de miss\u00e3o franciscana na educa\u00e7\u00e3o - Not\u00edcias - Franciscanos","robots":{"index":"index","follow":"follow","max-snippet":"max-snippet:-1","max-image-preview":"max-image-preview:large","max-video-preview":"max-video-preview:-1"},"canonical":"https:\/\/franciscanos.org.br\/noticias\/fae-65-anos-de-missao-franciscana-na-educacao.html","og_locale":"pt_BR","og_type":"article","og_title":"FAE: 65 anos de miss\u00e3o franciscana na educa\u00e7\u00e3o - Not\u00edcias - Franciscanos","og_description":"FAE","og_url":"https:\/\/franciscanos.org.br\/noticias\/fae-65-anos-de-missao-franciscana-na-educacao.html","og_site_name":"Not\u00edcias - Franciscanos","article_published_time":"2022-05-31T16:46:24+00:00","og_image":[{"width":1280,"height":763,"url":"https:\/\/franciscanos.org.br\/noticias\/wp-content\/uploads\/2022\/05\/FAE_tau_31.jpg","type":"image\/jpeg"}],"author":"moacir","twitter_card":"summary_large_image","twitter_misc":{"Escrito por":"moacir","Est. tempo de leitura":"2 minutos"},"schema":{"@context":"https:\/\/schema.org","@graph":[{"@type":"WebSite","@id":"https:\/\/franciscanos.org.br\/noticias\/#website","url":"https:\/\/franciscanos.org.br\/noticias\/","name":"Not\u00edcias - Franciscanos","description":"Prov\u00edncia Franciscana da Imaculada Concei\u00e7\u00e3o do Brasil - Ordem dos Frades Menores - OFM","potentialAction":[{"@type":"SearchAction","target":{"@type":"EntryPoint","urlTemplate":"https:\/\/franciscanos.org.br\/noticias\/?s={search_term_string}"},"query-input":"required name=search_term_string"}],"inLanguage":"pt-BR"},{"@type":"ImageObject","inLanguage":"pt-BR","@id":"https:\/\/franciscanos.org.br\/noticias\/fae-65-anos-de-missao-franciscana-na-educacao.html#primaryimage","url":"https:\/\/franciscanos.org.br\/noticias\/wp-content\/uploads\/2022\/05\/FAE_tau_31.jpg","contentUrl":"https:\/\/franciscanos.org.br\/noticias\/wp-content\/uploads\/2022\/05\/FAE_tau_31.jpg","width":1280,"height":763},{"@type":"WebPage","@id":"https:\/\/franciscanos.org.br\/noticias\/fae-65-anos-de-missao-franciscana-na-educacao.html#webpage","url":"https:\/\/franciscanos.org.br\/noticias\/fae-65-anos-de-missao-franciscana-na-educacao.html","name":"FAE: 65 anos de miss\u00e3o franciscana na educa\u00e7\u00e3o - Not\u00edcias - Franciscanos","isPartOf":{"@id":"https:\/\/franciscanos.org.br\/noticias\/#website"},"primaryImageOfPage":{"@id":"https:\/\/franciscanos.org.br\/noticias\/fae-65-anos-de-missao-franciscana-na-educacao.html#primaryimage"},"datePublished":"2022-05-31T16:46:24+00:00","dateModified":"2022-05-31T16:46:24+00:00","author":{"@id":"https:\/\/franciscanos.org.br\/noticias\/#\/schema\/person\/b5c8cba458c330ccff548b056e95a5d4"},"breadcrumb":{"@id":"https:\/\/franciscanos.org.br\/noticias\/fae-65-anos-de-missao-franciscana-na-educacao.html#breadcrumb"},"inLanguage":"pt-BR","potentialAction":[{"@type":"ReadAction","target":["https:\/\/franciscanos.org.br\/noticias\/fae-65-anos-de-missao-franciscana-na-educacao.html"]}]},{"@type":"BreadcrumbList","@id":"https:\/\/franciscanos.org.br\/noticias\/fae-65-anos-de-missao-franciscana-na-educacao.html#breadcrumb","itemListElement":[{"@type":"ListItem","position":1,"name":"Home","item":"https:\/\/franciscanos.org.br\/noticias"},{"@type":"ListItem","position":2,"name":"FAE: 65 anos de miss\u00e3o franciscana na educa\u00e7\u00e3o"}]},{"@type":"Person","@id":"https:\/\/franciscanos.org.br\/noticias\/#\/schema\/person\/b5c8cba458c330ccff548b056e95a5d4","name":"moacir","image":{"@type":"ImageObject","inLanguage":"pt-BR","@id":"https:\/\/franciscanos.org.br\/noticias\/#\/schema\/person\/image\/","url":"https:\/\/secure.gravatar.com\/avatar\/d08aa2ce4c8dd416d4479aa8536fcf64?s=96&d=mm&r=g","contentUrl":"https:\/\/secure.gravatar.com\/avatar\/d08aa2ce4c8dd416d4479aa8536fcf64?s=96&d=mm&r=g","caption":"moacir"},"url":"https:\/\/franciscanos.org.br\/noticias\/author\/moacir"}]}},"_links":{"self":[{"href":"https:\/\/franciscanos.org.br\/noticias\/wp-json\/wp\/v2\/posts\/238119"}],"collection":[{"href":"https:\/\/franciscanos.org.br\/noticias\/wp-json\/wp\/v2\/posts"}],"about":[{"href":"https:\/\/franciscanos.org.br\/noticias\/wp-json\/wp\/v2\/types\/post"}],"author":[{"embeddable":true,"href":"https:\/\/franciscanos.org.br\/noticias\/wp-json\/wp\/v2\/users\/3"}],"replies":[{"embeddable":true,"href":"https:\/\/franciscanos.org.br\/noticias\/wp-json\/wp\/v2\/comments?post=238119"}],"version-history":[{"count":1,"href":"https:\/\/franciscanos.org.br\/noticias\/wp-json\/wp\/v2\/posts\/238119\/revisions"}],"predecessor-version":[{"id":238123,"href":"https:\/\/franciscanos.org.br\/noticias\/wp-json\/wp\/v2\/posts\/238119\/revisions\/238123"}],"wp:featuredmedia":[{"embeddable":true,"href":"https:\/\/franciscanos.org.br\/noticias\/wp-json\/wp\/v2\/media\/238120"}],"wp:attachment":[{"href":"https:\/\/franciscanos.org.br\/noticias\/wp-json\/wp\/v2\/media?parent=238119"}],"wp:term":[{"taxonomy":"category","embeddable":true,"href":"https:\/\/franciscanos.org.br\/noticias\/wp-json\/wp\/v2\/categories?post=238119"},{"taxonomy":"post_tag","embeddable":true,"href":"https:\/\/franciscanos.org.br\/noticias\/wp-json\/wp\/v2\/tags?post=238119"}],"curies":[{"name":"wp","href":"https:\/\/api.w.org\/{rel}","templated":true}]}}