{"id":238115,"date":"2022-05-31T13:28:58","date_gmt":"2022-05-31T16:28:58","guid":{"rendered":"https:\/\/franciscanos.org.br\/noticias\/?p=238115"},"modified":"2022-05-31T13:30:38","modified_gmt":"2022-05-31T16:30:38","slug":"usf-inicia-curso-de-libras-para-todos-os-colaboradores","status":"publish","type":"post","link":"https:\/\/franciscanos.org.br\/noticias\/usf-inicia-curso-de-libras-para-todos-os-colaboradores.html","title":{"rendered":"USF inicia curso de Libras para todos os colaboradores"},"content":{"rendered":"<p><img loading=\"lazy\" class=\"alignnone size-full wp-image-238116\" src=\"https:\/\/franciscanos.org.br\/noticias\/wp-content\/uploads\/2022\/05\/libras_31.jpg\" alt=\"\" width=\"1280\" height=\"763\" srcset=\"https:\/\/franciscanos.org.br\/noticias\/wp-content\/uploads\/2022\/05\/libras_31.jpg 1280w, https:\/\/franciscanos.org.br\/noticias\/wp-content\/uploads\/2022\/05\/libras_31-450x268.jpg 450w, https:\/\/franciscanos.org.br\/noticias\/wp-content\/uploads\/2022\/05\/libras_31-1024x610.jpg 1024w, https:\/\/franciscanos.org.br\/noticias\/wp-content\/uploads\/2022\/05\/libras_31-768x458.jpg 768w, https:\/\/franciscanos.org.br\/noticias\/wp-content\/uploads\/2022\/05\/libras_31-150x89.jpg 150w\" sizes=\"(max-width: 1280px) 100vw, 1280px\" \/><\/p>\n<p>O N\u00facleo de Aten\u00e7\u00e3o Educacional e Psicol\u00f3gica para Estudantes (NAEPE) da Universidade S\u00e3o Francisco (USF) iniciou no dia 23 de maio, o Curso B\u00e1sico de L\u00edngua Brasileira de Sinais (Libras) para todos os docentes e colaboradores, no C\u00e2mpus de Bragan\u00e7a Paulista, Campinas e Itatiba.<\/p>\n<p>O NAEPE promove a\u00e7\u00f5es para a acessibilidade, inclus\u00e3o e equidade de todos os estudantes. Um de seus projetos, o Integra, visa uma mudan\u00e7a importante no ambiente universit\u00e1rio, com a\u00e7\u00f5es que proporcionem, al\u00e9m da inclus\u00e3o da pessoa com defici\u00eancia, a mudan\u00e7a da cultura daqueles que convivem com defici\u00eancia, de forma que possam se comportarem, sem preconceito e com recursos acess\u00edveis para que ocorra boa comunica\u00e7\u00e3o e uma conviv\u00eancia harmoniosa no ambiente universit\u00e1rio. De encontro com isso, o Curso B\u00e1sico de Libras foi desenvolvido para todos os colaboradores e professores da Universidade.<\/p>\n<p>Vale destacar que a USF tem em sua comunidade acad\u00eamica colaboradores e estudantes com defici\u00eancia auditiva, que tamb\u00e9m se beneficiam de recursos como: legenda para as aulas, assistentes e LIBRAS como um recurso indispens\u00e1vel para a comunica\u00e7\u00e3o no ambiente de trabalho e para o rendimento acad\u00eamico. &#8220;A inclus\u00e3o e o acolhimento fazem parte da miss\u00e3o da Universidade S\u00e3o Francisco, tanto que tivemos uma \u00f3tima ades\u00e3o e uma manifesta\u00e7\u00e3o muito expressiva de interesse de toda comunidade acad\u00eamica, com a participa\u00e7\u00e3o de diversos setores da Universidade. Fechamos todas as turmas com pelo menos um representante de cada setor da USF. Isso representa e refor\u00e7a o nosso comprometimento em promover a inclus\u00e3o\u201d, ressaltou o Pr\u00f3-Reitor de Ensino, Pesquisa e Extens\u00e3o, professor Dilnei Lorenzi.<\/p>\n<p>Com a alta procura pelo curso, n\u00e3o s\u00f3 dos colaboradores, mas de toda a comunidade acad\u00eamica, a coordenadora do NAEPE, professora C\u00e1ssia Aparecida Bighetti, pretende ampliar a oferta da capacita\u00e7\u00e3o em LIBRAS em dois momentos. \u201cPrimeiro no aprimoramento do Curso para o n\u00edvel intermedi\u00e1rio para aqueles que j\u00e1 frequentaram o Curso B\u00e1sico, depois, um Curso de Extens\u00e3o Universit\u00e1ria com 20 horas para os nossos estudantes. Al\u00e9m da abertura de novas turmas para o Curso B\u00e1sico. Com essas a\u00e7\u00f5es, pretendemos ter Libras como sendo a segunda l\u00edngua na USF\u201d afirma.<\/p>\n<hr \/>\n<p><em><span style=\"font-family: tahoma, sans-serif;\">Taynara Derbona, pela USF<\/span><\/em><\/p>\n","protected":false},"excerpt":{"rendered":"<p>Universidade S\u00e3o Francisco<\/p>\n","protected":false},"author":3,"featured_media":238116,"comment_status":"open","ping_status":"open","sticky":false,"template":"","format":"standard","meta":[],"categories":[1],"tags":[354],"acf":[],"yoast_head":"<!-- This site is optimized with the Yoast SEO plugin v19.2 - https:\/\/yoast.com\/wordpress\/plugins\/seo\/ -->\n<title>USF inicia curso de Libras para todos os colaboradores - Not\u00edcias - Franciscanos<\/title>\n<meta name=\"robots\" content=\"index, follow, max-snippet:-1, max-image-preview:large, max-video-preview:-1\" \/>\n<link rel=\"canonical\" href=\"https:\/\/franciscanos.org.br\/noticias\/usf-inicia-curso-de-libras-para-todos-os-colaboradores.html\" \/>\n<meta property=\"og:locale\" content=\"pt_BR\" \/>\n<meta property=\"og:type\" content=\"article\" \/>\n<meta property=\"og:title\" content=\"USF inicia curso de Libras para todos os colaboradores - Not\u00edcias - Franciscanos\" \/>\n<meta property=\"og:description\" content=\"Universidade S\u00e3o Francisco\" \/>\n<meta property=\"og:url\" content=\"https:\/\/franciscanos.org.br\/noticias\/usf-inicia-curso-de-libras-para-todos-os-colaboradores.html\" \/>\n<meta property=\"og:site_name\" content=\"Not\u00edcias - Franciscanos\" \/>\n<meta property=\"article:published_time\" content=\"2022-05-31T16:28:58+00:00\" \/>\n<meta property=\"article:modified_time\" content=\"2022-05-31T16:30:38+00:00\" \/>\n<meta property=\"og:image\" content=\"https:\/\/franciscanos.org.br\/noticias\/wp-content\/uploads\/2022\/05\/libras_31.jpg\" \/>\n\t<meta property=\"og:image:width\" content=\"1280\" \/>\n\t<meta property=\"og:image:height\" content=\"763\" \/>\n\t<meta property=\"og:image:type\" content=\"image\/jpeg\" \/>\n<meta name=\"author\" content=\"moacir\" \/>\n<meta name=\"twitter:card\" content=\"summary_large_image\" \/>\n<meta name=\"twitter:label1\" content=\"Escrito por\" \/>\n\t<meta name=\"twitter:data1\" content=\"moacir\" \/>\n\t<meta name=\"twitter:label2\" content=\"Est. tempo de leitura\" \/>\n\t<meta name=\"twitter:data2\" content=\"2 minutos\" \/>\n<script type=\"application\/ld+json\" class=\"yoast-schema-graph\">{\"@context\":\"https:\/\/schema.org\",\"@graph\":[{\"@type\":\"WebSite\",\"@id\":\"https:\/\/franciscanos.org.br\/noticias\/#website\",\"url\":\"https:\/\/franciscanos.org.br\/noticias\/\",\"name\":\"Not\u00edcias - Franciscanos\",\"description\":\"Prov\u00edncia Franciscana da Imaculada Concei\u00e7\u00e3o do Brasil - Ordem dos Frades Menores - OFM\",\"potentialAction\":[{\"@type\":\"SearchAction\",\"target\":{\"@type\":\"EntryPoint\",\"urlTemplate\":\"https:\/\/franciscanos.org.br\/noticias\/?s={search_term_string}\"},\"query-input\":\"required name=search_term_string\"}],\"inLanguage\":\"pt-BR\"},{\"@type\":\"ImageObject\",\"inLanguage\":\"pt-BR\",\"@id\":\"https:\/\/franciscanos.org.br\/noticias\/usf-inicia-curso-de-libras-para-todos-os-colaboradores.html#primaryimage\",\"url\":\"https:\/\/franciscanos.org.br\/noticias\/wp-content\/uploads\/2022\/05\/libras_31.jpg\",\"contentUrl\":\"https:\/\/franciscanos.org.br\/noticias\/wp-content\/uploads\/2022\/05\/libras_31.jpg\",\"width\":1280,\"height\":763},{\"@type\":\"WebPage\",\"@id\":\"https:\/\/franciscanos.org.br\/noticias\/usf-inicia-curso-de-libras-para-todos-os-colaboradores.html#webpage\",\"url\":\"https:\/\/franciscanos.org.br\/noticias\/usf-inicia-curso-de-libras-para-todos-os-colaboradores.html\",\"name\":\"USF inicia curso de Libras para todos os colaboradores - Not\u00edcias - Franciscanos\",\"isPartOf\":{\"@id\":\"https:\/\/franciscanos.org.br\/noticias\/#website\"},\"primaryImageOfPage\":{\"@id\":\"https:\/\/franciscanos.org.br\/noticias\/usf-inicia-curso-de-libras-para-todos-os-colaboradores.html#primaryimage\"},\"datePublished\":\"2022-05-31T16:28:58+00:00\",\"dateModified\":\"2022-05-31T16:30:38+00:00\",\"author\":{\"@id\":\"https:\/\/franciscanos.org.br\/noticias\/#\/schema\/person\/b5c8cba458c330ccff548b056e95a5d4\"},\"breadcrumb\":{\"@id\":\"https:\/\/franciscanos.org.br\/noticias\/usf-inicia-curso-de-libras-para-todos-os-colaboradores.html#breadcrumb\"},\"inLanguage\":\"pt-BR\",\"potentialAction\":[{\"@type\":\"ReadAction\",\"target\":[\"https:\/\/franciscanos.org.br\/noticias\/usf-inicia-curso-de-libras-para-todos-os-colaboradores.html\"]}]},{\"@type\":\"BreadcrumbList\",\"@id\":\"https:\/\/franciscanos.org.br\/noticias\/usf-inicia-curso-de-libras-para-todos-os-colaboradores.html#breadcrumb\",\"itemListElement\":[{\"@type\":\"ListItem\",\"position\":1,\"name\":\"Home\",\"item\":\"https:\/\/franciscanos.org.br\/noticias\"},{\"@type\":\"ListItem\",\"position\":2,\"name\":\"USF inicia curso de Libras para todos os colaboradores\"}]},{\"@type\":\"Person\",\"@id\":\"https:\/\/franciscanos.org.br\/noticias\/#\/schema\/person\/b5c8cba458c330ccff548b056e95a5d4\",\"name\":\"moacir\",\"image\":{\"@type\":\"ImageObject\",\"inLanguage\":\"pt-BR\",\"@id\":\"https:\/\/franciscanos.org.br\/noticias\/#\/schema\/person\/image\/\",\"url\":\"https:\/\/secure.gravatar.com\/avatar\/d08aa2ce4c8dd416d4479aa8536fcf64?s=96&d=mm&r=g\",\"contentUrl\":\"https:\/\/secure.gravatar.com\/avatar\/d08aa2ce4c8dd416d4479aa8536fcf64?s=96&d=mm&r=g\",\"caption\":\"moacir\"},\"url\":\"https:\/\/franciscanos.org.br\/noticias\/author\/moacir\"}]}<\/script>\n<!-- \/ Yoast SEO plugin. -->","yoast_head_json":{"title":"USF inicia curso de Libras para todos os colaboradores - Not\u00edcias - Franciscanos","robots":{"index":"index","follow":"follow","max-snippet":"max-snippet:-1","max-image-preview":"max-image-preview:large","max-video-preview":"max-video-preview:-1"},"canonical":"https:\/\/franciscanos.org.br\/noticias\/usf-inicia-curso-de-libras-para-todos-os-colaboradores.html","og_locale":"pt_BR","og_type":"article","og_title":"USF inicia curso de Libras para todos os colaboradores - Not\u00edcias - Franciscanos","og_description":"Universidade S\u00e3o Francisco","og_url":"https:\/\/franciscanos.org.br\/noticias\/usf-inicia-curso-de-libras-para-todos-os-colaboradores.html","og_site_name":"Not\u00edcias - Franciscanos","article_published_time":"2022-05-31T16:28:58+00:00","article_modified_time":"2022-05-31T16:30:38+00:00","og_image":[{"width":1280,"height":763,"url":"https:\/\/franciscanos.org.br\/noticias\/wp-content\/uploads\/2022\/05\/libras_31.jpg","type":"image\/jpeg"}],"author":"moacir","twitter_card":"summary_large_image","twitter_misc":{"Escrito por":"moacir","Est. tempo de leitura":"2 minutos"},"schema":{"@context":"https:\/\/schema.org","@graph":[{"@type":"WebSite","@id":"https:\/\/franciscanos.org.br\/noticias\/#website","url":"https:\/\/franciscanos.org.br\/noticias\/","name":"Not\u00edcias - Franciscanos","description":"Prov\u00edncia Franciscana da Imaculada Concei\u00e7\u00e3o do Brasil - Ordem dos Frades Menores - OFM","potentialAction":[{"@type":"SearchAction","target":{"@type":"EntryPoint","urlTemplate":"https:\/\/franciscanos.org.br\/noticias\/?s={search_term_string}"},"query-input":"required name=search_term_string"}],"inLanguage":"pt-BR"},{"@type":"ImageObject","inLanguage":"pt-BR","@id":"https:\/\/franciscanos.org.br\/noticias\/usf-inicia-curso-de-libras-para-todos-os-colaboradores.html#primaryimage","url":"https:\/\/franciscanos.org.br\/noticias\/wp-content\/uploads\/2022\/05\/libras_31.jpg","contentUrl":"https:\/\/franciscanos.org.br\/noticias\/wp-content\/uploads\/2022\/05\/libras_31.jpg","width":1280,"height":763},{"@type":"WebPage","@id":"https:\/\/franciscanos.org.br\/noticias\/usf-inicia-curso-de-libras-para-todos-os-colaboradores.html#webpage","url":"https:\/\/franciscanos.org.br\/noticias\/usf-inicia-curso-de-libras-para-todos-os-colaboradores.html","name":"USF inicia curso de Libras para todos os colaboradores - Not\u00edcias - Franciscanos","isPartOf":{"@id":"https:\/\/franciscanos.org.br\/noticias\/#website"},"primaryImageOfPage":{"@id":"https:\/\/franciscanos.org.br\/noticias\/usf-inicia-curso-de-libras-para-todos-os-colaboradores.html#primaryimage"},"datePublished":"2022-05-31T16:28:58+00:00","dateModified":"2022-05-31T16:30:38+00:00","author":{"@id":"https:\/\/franciscanos.org.br\/noticias\/#\/schema\/person\/b5c8cba458c330ccff548b056e95a5d4"},"breadcrumb":{"@id":"https:\/\/franciscanos.org.br\/noticias\/usf-inicia-curso-de-libras-para-todos-os-colaboradores.html#breadcrumb"},"inLanguage":"pt-BR","potentialAction":[{"@type":"ReadAction","target":["https:\/\/franciscanos.org.br\/noticias\/usf-inicia-curso-de-libras-para-todos-os-colaboradores.html"]}]},{"@type":"BreadcrumbList","@id":"https:\/\/franciscanos.org.br\/noticias\/usf-inicia-curso-de-libras-para-todos-os-colaboradores.html#breadcrumb","itemListElement":[{"@type":"ListItem","position":1,"name":"Home","item":"https:\/\/franciscanos.org.br\/noticias"},{"@type":"ListItem","position":2,"name":"USF inicia curso de Libras para todos os colaboradores"}]},{"@type":"Person","@id":"https:\/\/franciscanos.org.br\/noticias\/#\/schema\/person\/b5c8cba458c330ccff548b056e95a5d4","name":"moacir","image":{"@type":"ImageObject","inLanguage":"pt-BR","@id":"https:\/\/franciscanos.org.br\/noticias\/#\/schema\/person\/image\/","url":"https:\/\/secure.gravatar.com\/avatar\/d08aa2ce4c8dd416d4479aa8536fcf64?s=96&d=mm&r=g","contentUrl":"https:\/\/secure.gravatar.com\/avatar\/d08aa2ce4c8dd416d4479aa8536fcf64?s=96&d=mm&r=g","caption":"moacir"},"url":"https:\/\/franciscanos.org.br\/noticias\/author\/moacir"}]}},"_links":{"self":[{"href":"https:\/\/franciscanos.org.br\/noticias\/wp-json\/wp\/v2\/posts\/238115"}],"collection":[{"href":"https:\/\/franciscanos.org.br\/noticias\/wp-json\/wp\/v2\/posts"}],"about":[{"href":"https:\/\/franciscanos.org.br\/noticias\/wp-json\/wp\/v2\/types\/post"}],"author":[{"embeddable":true,"href":"https:\/\/franciscanos.org.br\/noticias\/wp-json\/wp\/v2\/users\/3"}],"replies":[{"embeddable":true,"href":"https:\/\/franciscanos.org.br\/noticias\/wp-json\/wp\/v2\/comments?post=238115"}],"version-history":[{"count":2,"href":"https:\/\/franciscanos.org.br\/noticias\/wp-json\/wp\/v2\/posts\/238115\/revisions"}],"predecessor-version":[{"id":238118,"href":"https:\/\/franciscanos.org.br\/noticias\/wp-json\/wp\/v2\/posts\/238115\/revisions\/238118"}],"wp:featuredmedia":[{"embeddable":true,"href":"https:\/\/franciscanos.org.br\/noticias\/wp-json\/wp\/v2\/media\/238116"}],"wp:attachment":[{"href":"https:\/\/franciscanos.org.br\/noticias\/wp-json\/wp\/v2\/media?parent=238115"}],"wp:term":[{"taxonomy":"category","embeddable":true,"href":"https:\/\/franciscanos.org.br\/noticias\/wp-json\/wp\/v2\/categories?post=238115"},{"taxonomy":"post_tag","embeddable":true,"href":"https:\/\/franciscanos.org.br\/noticias\/wp-json\/wp\/v2\/tags?post=238115"}],"curies":[{"name":"wp","href":"https:\/\/api.w.org\/{rel}","templated":true}]}}