{"id":238109,"date":"2022-05-31T11:39:18","date_gmt":"2022-05-31T14:39:18","guid":{"rendered":"https:\/\/franciscanos.org.br\/noticias\/?p=238109"},"modified":"2022-09-01T16:03:39","modified_gmt":"2022-09-01T19:03:39","slug":"corais-dos-canarinhos-recebem-mocao-congratulatoria-de-campo-grande-ms","status":"publish","type":"post","link":"https:\/\/franciscanos.org.br\/noticias\/corais-dos-canarinhos-recebem-mocao-congratulatoria-de-campo-grande-ms.html","title":{"rendered":"Corais dos Canarinhos recebem &#8220;Mo\u00e7\u00e3o Congratulat\u00f3ria&#8221; de Campo Grande"},"content":{"rendered":"<p><img loading=\"lazy\" class=\"alignnone size-full wp-image-238110\" src=\"https:\/\/franciscanos.org.br\/noticias\/wp-content\/uploads\/2022\/05\/canarinhos-1280-1.jpg\" alt=\"\" width=\"1280\" height=\"720\" srcset=\"https:\/\/franciscanos.org.br\/noticias\/wp-content\/uploads\/2022\/05\/canarinhos-1280-1.jpg 1280w, https:\/\/franciscanos.org.br\/noticias\/wp-content\/uploads\/2022\/05\/canarinhos-1280-1-450x253.jpg 450w, https:\/\/franciscanos.org.br\/noticias\/wp-content\/uploads\/2022\/05\/canarinhos-1280-1-1024x576.jpg 1024w, https:\/\/franciscanos.org.br\/noticias\/wp-content\/uploads\/2022\/05\/canarinhos-1280-1-768x432.jpg 768w, https:\/\/franciscanos.org.br\/noticias\/wp-content\/uploads\/2022\/05\/canarinhos-1280-1-150x84.jpg 150w\" sizes=\"(max-width: 1280px) 100vw, 1280px\" \/><\/p>\n<p>H\u00e1 exatamente um m\u00eas, os Corais dos Canarinhos de Petr\u00f3polis estiveram no estado do Mato Grosso do Sul (MS), para realizar um Concerto nem\u00a0Campo Grande, capital dos ip\u00eas, e cantar na Ordena\u00e7\u00e3o Presbiteral de Frei Jorge Henrique Lisot Camargo em Dourados e Itapor\u00e3, respectivamente.<\/p>\n<p>E nesta segunda-feira (30\/05), atrav\u00e9s dos vereadores Sr.\u00a0Professor Jo\u00e3o Rocha e Sr. Ronil\u00e7o Guerreiro, o Instituto dos Meninos Cantores de Petr\u00f3polis, mantenedor\u00a0do Coral dos Canarinhos e do Coral das Meninas dos Canarinhos de Petr\u00f3polis, foi surpreendido\u00a0com a &#8220;Mo\u00e7\u00e3o Congratulat\u00f3ria&#8221;, da C\u00e2mara\u00a0de Vereadores de Campo Grande (MS).<\/p>\n<p>O diretor-artisitico, Marco Aur\u00e9lio Lischt,\u00a0que acompanhou os coralistas na viagem, recebeu a not\u00edcia com muita alegria. &#8220;Estivemos no MS nas cidades de Campo Grande, Dourados e Itapor\u00e3 onde pudemos realizar um concerto e tamb\u00e9m cantar em missas, levando um pouco da nossa arte pro povo sul mato-grossense&#8221;, explicou.<\/p>\n<p>&#8220;Receber uma &#8216;Mo\u00e7\u00e3o Congratulat\u00f3ria&#8217; da C\u00e2mara Municipal de Campo Grande por nossa participa\u00e7\u00e3o nos eventos, \u00e9 para n\u00f3s motivo de grande alegria e de reconhecimento de nosso trabalho. Saber que a nossa m\u00fasica alegra os cora\u00e7\u00f5es e leva esperan\u00e7a para pessoas que vivem bem distante de n\u00f3s e que n\u00e3o temos contato direto \u00e9 prazeroso e nos faz continuar em nossa miss\u00e3o, que \u00e9 evangelizar atrav\u00e9s da m\u00fasica&#8221;, disse.<\/p>\n<p><img loading=\"lazy\" class=\"alignnone size-full wp-image-238111\" src=\"https:\/\/franciscanos.org.br\/noticias\/wp-content\/uploads\/2022\/05\/canarinhos-1280-mcarta.jpg\" alt=\"\" width=\"1280\" height=\"1738\" srcset=\"https:\/\/franciscanos.org.br\/noticias\/wp-content\/uploads\/2022\/05\/canarinhos-1280-mcarta.jpg 795w, https:\/\/franciscanos.org.br\/noticias\/wp-content\/uploads\/2022\/05\/canarinhos-1280-mcarta-331x450.jpg 331w, https:\/\/franciscanos.org.br\/noticias\/wp-content\/uploads\/2022\/05\/canarinhos-1280-mcarta-754x1024.jpg 754w, https:\/\/franciscanos.org.br\/noticias\/wp-content\/uploads\/2022\/05\/canarinhos-1280-mcarta-768x1043.jpg 768w, https:\/\/franciscanos.org.br\/noticias\/wp-content\/uploads\/2022\/05\/canarinhos-1280-mcarta-1131x1536.jpg 1131w, https:\/\/franciscanos.org.br\/noticias\/wp-content\/uploads\/2022\/05\/canarinhos-1280-mcarta-150x204.jpg 150w\" sizes=\"(max-width: 1280px) 100vw, 1280px\" \/><\/p>\n","protected":false},"excerpt":{"rendered":"<p>Canarinhos<\/p>\n","protected":false},"author":7,"featured_media":238110,"comment_status":"open","ping_status":"open","sticky":false,"template":"","format":"standard","meta":[],"categories":[1],"tags":[1378],"acf":[],"yoast_head":"<!-- This site is optimized with the Yoast SEO plugin v19.2 - https:\/\/yoast.com\/wordpress\/plugins\/seo\/ -->\n<title>Corais dos Canarinhos recebem &quot;Mo\u00e7\u00e3o Congratulat\u00f3ria&quot; de Campo Grande - Not\u00edcias - Franciscanos<\/title>\n<meta name=\"robots\" content=\"index, follow, max-snippet:-1, max-image-preview:large, max-video-preview:-1\" \/>\n<link rel=\"canonical\" href=\"https:\/\/franciscanos.org.br\/noticias\/corais-dos-canarinhos-recebem-mocao-congratulatoria-de-campo-grande-ms.html\" \/>\n<meta property=\"og:locale\" content=\"pt_BR\" \/>\n<meta property=\"og:type\" content=\"article\" \/>\n<meta property=\"og:title\" content=\"Corais dos Canarinhos recebem &quot;Mo\u00e7\u00e3o Congratulat\u00f3ria&quot; de Campo Grande - Not\u00edcias - Franciscanos\" \/>\n<meta property=\"og:description\" content=\"Canarinhos\" \/>\n<meta property=\"og:url\" content=\"https:\/\/franciscanos.org.br\/noticias\/corais-dos-canarinhos-recebem-mocao-congratulatoria-de-campo-grande-ms.html\" \/>\n<meta property=\"og:site_name\" content=\"Not\u00edcias - Franciscanos\" \/>\n<meta property=\"article:published_time\" content=\"2022-05-31T14:39:18+00:00\" \/>\n<meta property=\"article:modified_time\" content=\"2022-09-01T19:03:39+00:00\" \/>\n<meta property=\"og:image\" content=\"https:\/\/franciscanos.org.br\/noticias\/wp-content\/uploads\/2022\/05\/canarinhos-1280-1.jpg\" \/>\n\t<meta property=\"og:image:width\" content=\"1280\" \/>\n\t<meta property=\"og:image:height\" content=\"720\" \/>\n\t<meta property=\"og:image:type\" content=\"image\/jpeg\" \/>\n<meta name=\"author\" content=\"jovenal\" \/>\n<meta name=\"twitter:card\" content=\"summary_large_image\" \/>\n<meta name=\"twitter:label1\" content=\"Escrito por\" \/>\n\t<meta name=\"twitter:data1\" content=\"jovenal\" \/>\n\t<meta name=\"twitter:label2\" content=\"Est. tempo de leitura\" \/>\n\t<meta name=\"twitter:data2\" content=\"1 minuto\" \/>\n<script type=\"application\/ld+json\" class=\"yoast-schema-graph\">{\"@context\":\"https:\/\/schema.org\",\"@graph\":[{\"@type\":\"WebSite\",\"@id\":\"https:\/\/franciscanos.org.br\/noticias\/#website\",\"url\":\"https:\/\/franciscanos.org.br\/noticias\/\",\"name\":\"Not\u00edcias - Franciscanos\",\"description\":\"Prov\u00edncia Franciscana da Imaculada Concei\u00e7\u00e3o do Brasil - Ordem dos Frades Menores - OFM\",\"potentialAction\":[{\"@type\":\"SearchAction\",\"target\":{\"@type\":\"EntryPoint\",\"urlTemplate\":\"https:\/\/franciscanos.org.br\/noticias\/?s={search_term_string}\"},\"query-input\":\"required name=search_term_string\"}],\"inLanguage\":\"pt-BR\"},{\"@type\":\"ImageObject\",\"inLanguage\":\"pt-BR\",\"@id\":\"https:\/\/franciscanos.org.br\/noticias\/corais-dos-canarinhos-recebem-mocao-congratulatoria-de-campo-grande-ms.html#primaryimage\",\"url\":\"https:\/\/franciscanos.org.br\/noticias\/wp-content\/uploads\/2022\/05\/canarinhos-1280-1.jpg\",\"contentUrl\":\"https:\/\/franciscanos.org.br\/noticias\/wp-content\/uploads\/2022\/05\/canarinhos-1280-1.jpg\",\"width\":1280,\"height\":720},{\"@type\":\"WebPage\",\"@id\":\"https:\/\/franciscanos.org.br\/noticias\/corais-dos-canarinhos-recebem-mocao-congratulatoria-de-campo-grande-ms.html#webpage\",\"url\":\"https:\/\/franciscanos.org.br\/noticias\/corais-dos-canarinhos-recebem-mocao-congratulatoria-de-campo-grande-ms.html\",\"name\":\"Corais dos Canarinhos recebem \\\"Mo\u00e7\u00e3o Congratulat\u00f3ria\\\" de Campo Grande - Not\u00edcias - Franciscanos\",\"isPartOf\":{\"@id\":\"https:\/\/franciscanos.org.br\/noticias\/#website\"},\"primaryImageOfPage\":{\"@id\":\"https:\/\/franciscanos.org.br\/noticias\/corais-dos-canarinhos-recebem-mocao-congratulatoria-de-campo-grande-ms.html#primaryimage\"},\"datePublished\":\"2022-05-31T14:39:18+00:00\",\"dateModified\":\"2022-09-01T19:03:39+00:00\",\"author\":{\"@id\":\"https:\/\/franciscanos.org.br\/noticias\/#\/schema\/person\/c3a26b08313dd1772495ce300ab257cc\"},\"breadcrumb\":{\"@id\":\"https:\/\/franciscanos.org.br\/noticias\/corais-dos-canarinhos-recebem-mocao-congratulatoria-de-campo-grande-ms.html#breadcrumb\"},\"inLanguage\":\"pt-BR\",\"potentialAction\":[{\"@type\":\"ReadAction\",\"target\":[\"https:\/\/franciscanos.org.br\/noticias\/corais-dos-canarinhos-recebem-mocao-congratulatoria-de-campo-grande-ms.html\"]}]},{\"@type\":\"BreadcrumbList\",\"@id\":\"https:\/\/franciscanos.org.br\/noticias\/corais-dos-canarinhos-recebem-mocao-congratulatoria-de-campo-grande-ms.html#breadcrumb\",\"itemListElement\":[{\"@type\":\"ListItem\",\"position\":1,\"name\":\"Home\",\"item\":\"https:\/\/franciscanos.org.br\/noticias\"},{\"@type\":\"ListItem\",\"position\":2,\"name\":\"Corais dos Canarinhos recebem &#8220;Mo\u00e7\u00e3o Congratulat\u00f3ria&#8221; de Campo Grande\"}]},{\"@type\":\"Person\",\"@id\":\"https:\/\/franciscanos.org.br\/noticias\/#\/schema\/person\/c3a26b08313dd1772495ce300ab257cc\",\"name\":\"jovenal\",\"image\":{\"@type\":\"ImageObject\",\"inLanguage\":\"pt-BR\",\"@id\":\"https:\/\/franciscanos.org.br\/noticias\/#\/schema\/person\/image\/\",\"url\":\"https:\/\/secure.gravatar.com\/avatar\/e94509f531086e2eaf97e72f29ea00f9?s=96&d=mm&r=g\",\"contentUrl\":\"https:\/\/secure.gravatar.com\/avatar\/e94509f531086e2eaf97e72f29ea00f9?s=96&d=mm&r=g\",\"caption\":\"jovenal\"},\"url\":\"https:\/\/franciscanos.org.br\/noticias\/author\/jovenal\"}]}<\/script>\n<!-- \/ Yoast SEO plugin. -->","yoast_head_json":{"title":"Corais dos Canarinhos recebem \"Mo\u00e7\u00e3o Congratulat\u00f3ria\" de Campo Grande - Not\u00edcias - Franciscanos","robots":{"index":"index","follow":"follow","max-snippet":"max-snippet:-1","max-image-preview":"max-image-preview:large","max-video-preview":"max-video-preview:-1"},"canonical":"https:\/\/franciscanos.org.br\/noticias\/corais-dos-canarinhos-recebem-mocao-congratulatoria-de-campo-grande-ms.html","og_locale":"pt_BR","og_type":"article","og_title":"Corais dos Canarinhos recebem \"Mo\u00e7\u00e3o Congratulat\u00f3ria\" de Campo Grande - Not\u00edcias - Franciscanos","og_description":"Canarinhos","og_url":"https:\/\/franciscanos.org.br\/noticias\/corais-dos-canarinhos-recebem-mocao-congratulatoria-de-campo-grande-ms.html","og_site_name":"Not\u00edcias - Franciscanos","article_published_time":"2022-05-31T14:39:18+00:00","article_modified_time":"2022-09-01T19:03:39+00:00","og_image":[{"width":1280,"height":720,"url":"https:\/\/franciscanos.org.br\/noticias\/wp-content\/uploads\/2022\/05\/canarinhos-1280-1.jpg","type":"image\/jpeg"}],"author":"jovenal","twitter_card":"summary_large_image","twitter_misc":{"Escrito por":"jovenal","Est. tempo de leitura":"1 minuto"},"schema":{"@context":"https:\/\/schema.org","@graph":[{"@type":"WebSite","@id":"https:\/\/franciscanos.org.br\/noticias\/#website","url":"https:\/\/franciscanos.org.br\/noticias\/","name":"Not\u00edcias - Franciscanos","description":"Prov\u00edncia Franciscana da Imaculada Concei\u00e7\u00e3o do Brasil - Ordem dos Frades Menores - OFM","potentialAction":[{"@type":"SearchAction","target":{"@type":"EntryPoint","urlTemplate":"https:\/\/franciscanos.org.br\/noticias\/?s={search_term_string}"},"query-input":"required name=search_term_string"}],"inLanguage":"pt-BR"},{"@type":"ImageObject","inLanguage":"pt-BR","@id":"https:\/\/franciscanos.org.br\/noticias\/corais-dos-canarinhos-recebem-mocao-congratulatoria-de-campo-grande-ms.html#primaryimage","url":"https:\/\/franciscanos.org.br\/noticias\/wp-content\/uploads\/2022\/05\/canarinhos-1280-1.jpg","contentUrl":"https:\/\/franciscanos.org.br\/noticias\/wp-content\/uploads\/2022\/05\/canarinhos-1280-1.jpg","width":1280,"height":720},{"@type":"WebPage","@id":"https:\/\/franciscanos.org.br\/noticias\/corais-dos-canarinhos-recebem-mocao-congratulatoria-de-campo-grande-ms.html#webpage","url":"https:\/\/franciscanos.org.br\/noticias\/corais-dos-canarinhos-recebem-mocao-congratulatoria-de-campo-grande-ms.html","name":"Corais dos Canarinhos recebem \"Mo\u00e7\u00e3o Congratulat\u00f3ria\" de Campo Grande - Not\u00edcias - Franciscanos","isPartOf":{"@id":"https:\/\/franciscanos.org.br\/noticias\/#website"},"primaryImageOfPage":{"@id":"https:\/\/franciscanos.org.br\/noticias\/corais-dos-canarinhos-recebem-mocao-congratulatoria-de-campo-grande-ms.html#primaryimage"},"datePublished":"2022-05-31T14:39:18+00:00","dateModified":"2022-09-01T19:03:39+00:00","author":{"@id":"https:\/\/franciscanos.org.br\/noticias\/#\/schema\/person\/c3a26b08313dd1772495ce300ab257cc"},"breadcrumb":{"@id":"https:\/\/franciscanos.org.br\/noticias\/corais-dos-canarinhos-recebem-mocao-congratulatoria-de-campo-grande-ms.html#breadcrumb"},"inLanguage":"pt-BR","potentialAction":[{"@type":"ReadAction","target":["https:\/\/franciscanos.org.br\/noticias\/corais-dos-canarinhos-recebem-mocao-congratulatoria-de-campo-grande-ms.html"]}]},{"@type":"BreadcrumbList","@id":"https:\/\/franciscanos.org.br\/noticias\/corais-dos-canarinhos-recebem-mocao-congratulatoria-de-campo-grande-ms.html#breadcrumb","itemListElement":[{"@type":"ListItem","position":1,"name":"Home","item":"https:\/\/franciscanos.org.br\/noticias"},{"@type":"ListItem","position":2,"name":"Corais dos Canarinhos recebem &#8220;Mo\u00e7\u00e3o Congratulat\u00f3ria&#8221; de Campo Grande"}]},{"@type":"Person","@id":"https:\/\/franciscanos.org.br\/noticias\/#\/schema\/person\/c3a26b08313dd1772495ce300ab257cc","name":"jovenal","image":{"@type":"ImageObject","inLanguage":"pt-BR","@id":"https:\/\/franciscanos.org.br\/noticias\/#\/schema\/person\/image\/","url":"https:\/\/secure.gravatar.com\/avatar\/e94509f531086e2eaf97e72f29ea00f9?s=96&d=mm&r=g","contentUrl":"https:\/\/secure.gravatar.com\/avatar\/e94509f531086e2eaf97e72f29ea00f9?s=96&d=mm&r=g","caption":"jovenal"},"url":"https:\/\/franciscanos.org.br\/noticias\/author\/jovenal"}]}},"_links":{"self":[{"href":"https:\/\/franciscanos.org.br\/noticias\/wp-json\/wp\/v2\/posts\/238109"}],"collection":[{"href":"https:\/\/franciscanos.org.br\/noticias\/wp-json\/wp\/v2\/posts"}],"about":[{"href":"https:\/\/franciscanos.org.br\/noticias\/wp-json\/wp\/v2\/types\/post"}],"author":[{"embeddable":true,"href":"https:\/\/franciscanos.org.br\/noticias\/wp-json\/wp\/v2\/users\/7"}],"replies":[{"embeddable":true,"href":"https:\/\/franciscanos.org.br\/noticias\/wp-json\/wp\/v2\/comments?post=238109"}],"version-history":[{"count":3,"href":"https:\/\/franciscanos.org.br\/noticias\/wp-json\/wp\/v2\/posts\/238109\/revisions"}],"predecessor-version":[{"id":238114,"href":"https:\/\/franciscanos.org.br\/noticias\/wp-json\/wp\/v2\/posts\/238109\/revisions\/238114"}],"wp:featuredmedia":[{"embeddable":true,"href":"https:\/\/franciscanos.org.br\/noticias\/wp-json\/wp\/v2\/media\/238110"}],"wp:attachment":[{"href":"https:\/\/franciscanos.org.br\/noticias\/wp-json\/wp\/v2\/media?parent=238109"}],"wp:term":[{"taxonomy":"category","embeddable":true,"href":"https:\/\/franciscanos.org.br\/noticias\/wp-json\/wp\/v2\/categories?post=238109"},{"taxonomy":"post_tag","embeddable":true,"href":"https:\/\/franciscanos.org.br\/noticias\/wp-json\/wp\/v2\/tags?post=238109"}],"curies":[{"name":"wp","href":"https:\/\/api.w.org\/{rel}","templated":true}]}}