{"id":238080,"date":"2022-05-31T10:51:52","date_gmt":"2022-05-31T13:51:52","guid":{"rendered":"https:\/\/franciscanos.org.br\/noticias\/?p=238080"},"modified":"2023-01-03T13:56:52","modified_gmt":"2023-01-03T16:56:52","slug":"nos-passos-de-frei-galvao-comecam-as-celebracoes-do-bicentenario-do-santo-brasileiro","status":"publish","type":"post","link":"https:\/\/franciscanos.org.br\/noticias\/nos-passos-de-frei-galvao-comecam-as-celebracoes-do-bicentenario-do-santo-brasileiro.html","title":{"rendered":"Nos passos de Frei Galv\u00e3o: come\u00e7am as celebra\u00e7\u00f5es do bicenten\u00e1rio do santo brasileiro"},"content":{"rendered":"<p><img loading=\"lazy\" class=\"alignnone size-full wp-image-238106\" src=\"https:\/\/franciscanos.org.br\/noticias\/wp-content\/uploads\/2022\/05\/regional_3105_3-1.jpg\" alt=\"\" width=\"1280\" height=\"720\" srcset=\"https:\/\/franciscanos.org.br\/noticias\/wp-content\/uploads\/2022\/05\/regional_3105_3-1.jpg 1280w, https:\/\/franciscanos.org.br\/noticias\/wp-content\/uploads\/2022\/05\/regional_3105_3-1-450x253.jpg 450w, https:\/\/franciscanos.org.br\/noticias\/wp-content\/uploads\/2022\/05\/regional_3105_3-1-1024x576.jpg 1024w, https:\/\/franciscanos.org.br\/noticias\/wp-content\/uploads\/2022\/05\/regional_3105_3-1-768x432.jpg 768w, https:\/\/franciscanos.org.br\/noticias\/wp-content\/uploads\/2022\/05\/regional_3105_3-1-150x84.jpg 150w\" sizes=\"(max-width: 1280px) 100vw, 1280px\" \/><\/p>\n<p><strong>S\u00e3o Paulo (SP)<\/strong> &#8211; &#8220;Iniciar as celebra\u00e7\u00f5es dos 200 anos do bicenten\u00e1rio de morte de Frei Galv\u00e3o, no Convento S\u00e3o Francisco, com todos os frades reunidos e refazendo os passos que, por longos anos, Frei Galv\u00e3o fez at\u00e9 o Mosteiro da Luz, sem d\u00favida \u00e9 voltar no passado e beber dessa fonte de santidade e, ao mesmo tempo, perceber que \u00e9 poss\u00edvel abra\u00e7ar esse caminho de santidade nos dias de hoje&#8221;. Essa motiva\u00e7\u00e3o, o reitor do Santu\u00e1rio Frei Galv\u00e3o, Frei Diego Melo, usou antes da caminhada que marcou o dia (30\/5) dos frades reunidos no Regional S\u00e3o Paulo, no Largo S\u00e3o Francisco, no centro de S\u00e3o Paulo.<\/p>\n<p>A caminhada teve in\u00edcio \u00e0s 16h30, partindo da igreja do Convento S\u00e3o Francisco e seguindo pela rua S\u00e3o Bento, rua Flor\u00eancio de Abreu at\u00e9 a avenida Tirantes, onde se encontra o Mosteiro da Luz. Juntos com os frades, peregrinos e devotos de Frei Galv\u00e3o de Guaratinguet\u00e1, Guarulhos e S\u00e3o Paulo. Chegando no Mosteiro da Luz, onde est\u00e1 sepultado o primeiro santo brasileiro, teve in\u00edcio a Santa Missa presidida pelo Ministro Provincial Frei Paulo Roberto Pereira, e concelebrada pelo Definidor Provincial Frei Fid\u00eancio Vanboemmel, pelo coordenador do Regional, Frei Vitorio Mazzuco, e Frei Diego.<\/p>\n<p><img loading=\"lazy\" class=\"alignnone size-full wp-image-238082\" src=\"https:\/\/franciscanos.org.br\/noticias\/wp-content\/uploads\/2022\/05\/regional_06.jpg\" alt=\"\" width=\"1280\" height=\"1707\" srcset=\"https:\/\/franciscanos.org.br\/noticias\/wp-content\/uploads\/2022\/05\/regional_06.jpg 810w, https:\/\/franciscanos.org.br\/noticias\/wp-content\/uploads\/2022\/05\/regional_06-337x450.jpg 337w, https:\/\/franciscanos.org.br\/noticias\/wp-content\/uploads\/2022\/05\/regional_06-768x1024.jpg 768w, https:\/\/franciscanos.org.br\/noticias\/wp-content\/uploads\/2022\/05\/regional_06-1152x1536.jpg 1152w, https:\/\/franciscanos.org.br\/noticias\/wp-content\/uploads\/2022\/05\/regional_06-150x200.jpg 150w\" sizes=\"(max-width: 1280px) 100vw, 1280px\" \/><\/p>\n\n\t\t<style type=\"text\/css\">\n\t\t\t#gallery-1 {\n\t\t\t\tmargin: auto;\n\t\t\t}\n\t\t\t#gallery-1 .gallery-item {\n\t\t\t\tfloat: left;\n\t\t\t\tmargin-top: 10px;\n\t\t\t\ttext-align: center;\n\t\t\t\twidth: 11%;\n\t\t\t}\n\t\t\t#gallery-1 img {\n\t\t\t\tborder: 2px solid #cfcfcf;\n\t\t\t}\n\t\t\t#gallery-1 .gallery-caption {\n\t\t\t\tmargin-left: 0;\n\t\t\t}\n\t\t\t\/* see gallery_shortcode() in wp-includes\/media.php *\/\n\t\t<\/style>\n\t\t<div id='gallery-1' class='gallery galleryid-238080 gallery-columns-9 gallery-size-thumbnail'><dl class='gallery-item'>\n\t\t\t<dt class='gallery-icon landscape'>\n\t\t\t\t<a href='https:\/\/franciscanos.org.br\/noticias\/wp-content\/uploads\/2022\/05\/regional_01.jpg'><img width=\"300\" height=\"300\" src=\"https:\/\/franciscanos.org.br\/noticias\/wp-content\/uploads\/2022\/05\/regional_01-300x300.jpg\" class=\"attachment-thumbnail size-thumbnail\" alt=\"\" loading=\"lazy\" srcset=\"https:\/\/franciscanos.org.br\/noticias\/wp-content\/uploads\/2022\/05\/regional_01-300x300.jpg 300w, https:\/\/franciscanos.org.br\/noticias\/wp-content\/uploads\/2022\/05\/regional_01-100x100.jpg 100w\" sizes=\"(max-width: 300px) 100vw, 300px\" \/><\/a>\n\t\t\t<\/dt><\/dl><dl class='gallery-item'>\n\t\t\t<dt class='gallery-icon landscape'>\n\t\t\t\t<a href='https:\/\/franciscanos.org.br\/noticias\/wp-content\/uploads\/2022\/05\/regional_02.jpg'><img width=\"300\" height=\"300\" src=\"https:\/\/franciscanos.org.br\/noticias\/wp-content\/uploads\/2022\/05\/regional_02-300x300.jpg\" class=\"attachment-thumbnail size-thumbnail\" alt=\"\" loading=\"lazy\" srcset=\"https:\/\/franciscanos.org.br\/noticias\/wp-content\/uploads\/2022\/05\/regional_02-300x300.jpg 300w, https:\/\/franciscanos.org.br\/noticias\/wp-content\/uploads\/2022\/05\/regional_02-100x100.jpg 100w\" sizes=\"(max-width: 300px) 100vw, 300px\" \/><\/a>\n\t\t\t<\/dt><\/dl><dl class='gallery-item'>\n\t\t\t<dt class='gallery-icon landscape'>\n\t\t\t\t<a href='https:\/\/franciscanos.org.br\/noticias\/wp-content\/uploads\/2022\/05\/regional_03.jpg'><img width=\"300\" height=\"300\" src=\"https:\/\/franciscanos.org.br\/noticias\/wp-content\/uploads\/2022\/05\/regional_03-300x300.jpg\" class=\"attachment-thumbnail size-thumbnail\" alt=\"\" loading=\"lazy\" srcset=\"https:\/\/franciscanos.org.br\/noticias\/wp-content\/uploads\/2022\/05\/regional_03-300x300.jpg 300w, https:\/\/franciscanos.org.br\/noticias\/wp-content\/uploads\/2022\/05\/regional_03-100x100.jpg 100w\" sizes=\"(max-width: 300px) 100vw, 300px\" \/><\/a>\n\t\t\t<\/dt><\/dl><dl class='gallery-item'>\n\t\t\t<dt class='gallery-icon landscape'>\n\t\t\t\t<a href='https:\/\/franciscanos.org.br\/noticias\/wp-content\/uploads\/2022\/05\/regional_04.jpg'><img width=\"300\" height=\"300\" src=\"https:\/\/franciscanos.org.br\/noticias\/wp-content\/uploads\/2022\/05\/regional_04-300x300.jpg\" class=\"attachment-thumbnail size-thumbnail\" alt=\"\" loading=\"lazy\" srcset=\"https:\/\/franciscanos.org.br\/noticias\/wp-content\/uploads\/2022\/05\/regional_04-300x300.jpg 300w, https:\/\/franciscanos.org.br\/noticias\/wp-content\/uploads\/2022\/05\/regional_04-100x100.jpg 100w\" sizes=\"(max-width: 300px) 100vw, 300px\" \/><\/a>\n\t\t\t<\/dt><\/dl><dl class='gallery-item'>\n\t\t\t<dt class='gallery-icon landscape'>\n\t\t\t\t<a href='https:\/\/franciscanos.org.br\/noticias\/wp-content\/uploads\/2022\/05\/regional_04a.jpg'><img width=\"300\" height=\"300\" src=\"https:\/\/franciscanos.org.br\/noticias\/wp-content\/uploads\/2022\/05\/regional_04a-300x300.jpg\" class=\"attachment-thumbnail size-thumbnail\" alt=\"\" loading=\"lazy\" srcset=\"https:\/\/franciscanos.org.br\/noticias\/wp-content\/uploads\/2022\/05\/regional_04a-300x300.jpg 300w, https:\/\/franciscanos.org.br\/noticias\/wp-content\/uploads\/2022\/05\/regional_04a-100x100.jpg 100w\" sizes=\"(max-width: 300px) 100vw, 300px\" \/><\/a>\n\t\t\t<\/dt><\/dl><dl class='gallery-item'>\n\t\t\t<dt class='gallery-icon portrait'>\n\t\t\t\t<a href='https:\/\/franciscanos.org.br\/noticias\/wp-content\/uploads\/2022\/05\/regional_05.jpg'><img width=\"300\" height=\"300\" src=\"https:\/\/franciscanos.org.br\/noticias\/wp-content\/uploads\/2022\/05\/regional_05-300x300.jpg\" class=\"attachment-thumbnail size-thumbnail\" alt=\"\" loading=\"lazy\" srcset=\"https:\/\/franciscanos.org.br\/noticias\/wp-content\/uploads\/2022\/05\/regional_05-300x300.jpg 300w, https:\/\/franciscanos.org.br\/noticias\/wp-content\/uploads\/2022\/05\/regional_05-100x100.jpg 100w\" sizes=\"(max-width: 300px) 100vw, 300px\" \/><\/a>\n\t\t\t<\/dt><\/dl><dl class='gallery-item'>\n\t\t\t<dt class='gallery-icon landscape'>\n\t\t\t\t<a href='https:\/\/franciscanos.org.br\/noticias\/wp-content\/uploads\/2022\/05\/regional_07.jpg'><img width=\"300\" height=\"300\" src=\"https:\/\/franciscanos.org.br\/noticias\/wp-content\/uploads\/2022\/05\/regional_07-300x300.jpg\" class=\"attachment-thumbnail size-thumbnail\" alt=\"\" loading=\"lazy\" srcset=\"https:\/\/franciscanos.org.br\/noticias\/wp-content\/uploads\/2022\/05\/regional_07-300x300.jpg 300w, https:\/\/franciscanos.org.br\/noticias\/wp-content\/uploads\/2022\/05\/regional_07-100x100.jpg 100w\" sizes=\"(max-width: 300px) 100vw, 300px\" \/><\/a>\n\t\t\t<\/dt><\/dl><dl class='gallery-item'>\n\t\t\t<dt class='gallery-icon landscape'>\n\t\t\t\t<a href='https:\/\/franciscanos.org.br\/noticias\/wp-content\/uploads\/2022\/05\/regional_08.jpg'><img width=\"300\" height=\"300\" src=\"https:\/\/franciscanos.org.br\/noticias\/wp-content\/uploads\/2022\/05\/regional_08-300x300.jpg\" class=\"attachment-thumbnail size-thumbnail\" alt=\"\" loading=\"lazy\" srcset=\"https:\/\/franciscanos.org.br\/noticias\/wp-content\/uploads\/2022\/05\/regional_08-300x300.jpg 300w, https:\/\/franciscanos.org.br\/noticias\/wp-content\/uploads\/2022\/05\/regional_08-100x100.jpg 100w\" sizes=\"(max-width: 300px) 100vw, 300px\" \/><\/a>\n\t\t\t<\/dt><\/dl><dl class='gallery-item'>\n\t\t\t<dt class='gallery-icon landscape'>\n\t\t\t\t<a href='https:\/\/franciscanos.org.br\/noticias\/wp-content\/uploads\/2022\/05\/regional_09a.jpg'><img width=\"300\" height=\"300\" src=\"https:\/\/franciscanos.org.br\/noticias\/wp-content\/uploads\/2022\/05\/regional_09a-300x300.jpg\" class=\"attachment-thumbnail size-thumbnail\" alt=\"\" loading=\"lazy\" srcset=\"https:\/\/franciscanos.org.br\/noticias\/wp-content\/uploads\/2022\/05\/regional_09a-300x300.jpg 300w, https:\/\/franciscanos.org.br\/noticias\/wp-content\/uploads\/2022\/05\/regional_09a-100x100.jpg 100w\" sizes=\"(max-width: 300px) 100vw, 300px\" \/><\/a>\n\t\t\t<\/dt><\/dl><br style=\"clear: both\" \/>\n\t\t<\/div>\n\n<p><em>\u00a0 \u00a0 \u00a0 \u00a0 \u00a0 \u00a0 \u00a0 \u00a0 \u00a0 \u00a0 \u00a0 \u00a0 \u00a0 \u00a0 \u00a0 \u00a0 \u00a0 \u00a0 \u00a0 \u00a0 \u00a0 \u00a0 \u00a0 \u00a0 \u00a0 \u00a0 \u00a0 \u00a0 \u00a0 \u00a0 \u00a0 \u00a0 \u00a0 \u00a0 \u00a0 \u00a0 \u00a0 \u00a0 \u00a0 \u00a0 \u00a0 \u00a0 \u00a0 \u00a0 \u00a0 \u00a0 \u00a0 \u00a0 \u00a0 \u00a0 \u00a0 \u00a0 \u00a0 \u00a0 \u00a0 \u00a0(toque nas imagens menores para ampli\u00e1-las)<\/em><\/p>\n<p>O Regional de S\u00e3o Paulo \u00e9 o maior da Prov\u00edncia da Imaculada e reuniu mais de 50 frades at\u00e9 esta ter\u00e7a-feira (31\/5). &#8220;Ao mesmo tempo que a Prov\u00edncia est\u00e1 celebrando o processo de redimensionamento da sua presen\u00e7a e olha para o futuro com esperan\u00e7a, \u00e9 capaz de olhar para o passado e reconhecer que aqui, neste grande centro, numa cidade que j\u00e1 se destacava h\u00e1 mais de 200 anos, houve um frade da nossa Prov\u00edncia que nesse convento, nesse territ\u00f3rio, deixou um legado muito grande e tamb\u00e9m um exemplo de santidade&#8221;, explicou Frei Diego.<\/p>\n<p>Na Celebra\u00e7\u00e3o Eucar\u00edstica, que come\u00e7ou \u00e0s 17h30, o Ministro Provincial acrescentou: &#8220;Ao sairmos da igreja S\u00e3o Francisco, onde viveu Frei Galv\u00e3o durante quase 60 anos, Frei Diego nos convidou a trilhar o caminho de um santo, que sa\u00eda do Convento S\u00e3o Francisco e vinha trabalhar na constru\u00e7\u00e3o desse mosteiro e que aqui est\u00e1 sepultado. E, no caminho, n\u00f3s vimos a import\u00e2ncia de cultivar a santidade nos nossos dias. Passamos por ruas carregadas de muitas culturas, e tristemente carregadas da cultura do ac\u00famulo. S\u00e3o Paulo \u00e9 a metr\u00f3pole latino-americana, certamente a mais rica e tristemente a mais geradora de pobreza. \u00c9 aqui, exatamente neste ch\u00e3o, que n\u00f3s fomos convidados a cultivar a santidade.<\/p>\n<p>N\u00f3s, os freis franciscanos, as irm\u00e3s, o povo que ama Jesus Cristo e que quer conhecer ainda mais o exemplo de Frei Galv\u00e3o. Todos n\u00f3s somos chamados a ser santos&#8221;.<\/p>\n<p><img loading=\"lazy\" class=\"alignnone size-full wp-image-238092\" src=\"https:\/\/franciscanos.org.br\/noticias\/wp-content\/uploads\/2022\/05\/regional_3105_2.jpg\" alt=\"\" width=\"1280\" height=\"929\" srcset=\"https:\/\/franciscanos.org.br\/noticias\/wp-content\/uploads\/2022\/05\/regional_3105_2.jpg 1280w, https:\/\/franciscanos.org.br\/noticias\/wp-content\/uploads\/2022\/05\/regional_3105_2-450x327.jpg 450w, https:\/\/franciscanos.org.br\/noticias\/wp-content\/uploads\/2022\/05\/regional_3105_2-1024x743.jpg 1024w, https:\/\/franciscanos.org.br\/noticias\/wp-content\/uploads\/2022\/05\/regional_3105_2-768x557.jpg 768w, https:\/\/franciscanos.org.br\/noticias\/wp-content\/uploads\/2022\/05\/regional_3105_2-150x109.jpg 150w\" sizes=\"(max-width: 1280px) 100vw, 1280px\" \/><\/p>\n<p>Frei Vitorio, que foi eleito neste encontro para ser o coordenador do Regional, fez a homilia e tra\u00e7ou um paralelo entre os santos construtores: S\u00e3o Francisco de Assis, que reergueu S\u00e3o Dami\u00e3o, e Santo Ant\u00f4nio de Sant&#8217;Ana Galv\u00e3o, que construiu o Mosteiro da Luz.<\/p>\n<p>Frei Vitorio definiu a caminhada no final da tarde de ontem como \u2018uma forte experi\u00eancia\u2019. &#8220;O Frei Diego motivava bastante bem quando n\u00f3s sa\u00edmos do Convento S\u00e3o Francisco. Tudo come\u00e7a com um passo: a espiritualidade, a m\u00edstica, qualquer experi\u00eancia, tudo come\u00e7a por um passo. \u00c9 a m\u00edstica de Santiago de Compostela, \u00e9 a m\u00edstica da itiner\u00e2ncia franciscana. E S\u00e3o Francisco, que andou pelas estradas da \u00dambria, e Frei Galv\u00e3o que andou de Guaratinguet\u00e1 a S\u00e3o Luiz de Paraitinga e por todo o Vale do Para\u00edba, chegando a S\u00e3o Paulo e em toda parte&#8221;, situou o frade.<\/p>\n\n\t\t<style type=\"text\/css\">\n\t\t\t#gallery-2 {\n\t\t\t\tmargin: auto;\n\t\t\t}\n\t\t\t#gallery-2 .gallery-item {\n\t\t\t\tfloat: left;\n\t\t\t\tmargin-top: 10px;\n\t\t\t\ttext-align: center;\n\t\t\t\twidth: 20%;\n\t\t\t}\n\t\t\t#gallery-2 img {\n\t\t\t\tborder: 2px solid #cfcfcf;\n\t\t\t}\n\t\t\t#gallery-2 .gallery-caption {\n\t\t\t\tmargin-left: 0;\n\t\t\t}\n\t\t\t\/* see gallery_shortcode() in wp-includes\/media.php *\/\n\t\t<\/style>\n\t\t<div id='gallery-2' class='gallery galleryid-238080 gallery-columns-5 gallery-size-thumbnail'><dl class='gallery-item'>\n\t\t\t<dt class='gallery-icon landscape'>\n\t\t\t\t<a href='https:\/\/franciscanos.org.br\/noticias\/wp-content\/uploads\/2022\/05\/regional_3105_4.jpg'><img width=\"300\" height=\"300\" src=\"https:\/\/franciscanos.org.br\/noticias\/wp-content\/uploads\/2022\/05\/regional_3105_4-300x300.jpg\" class=\"attachment-thumbnail size-thumbnail\" alt=\"\" loading=\"lazy\" srcset=\"https:\/\/franciscanos.org.br\/noticias\/wp-content\/uploads\/2022\/05\/regional_3105_4-300x300.jpg 300w, https:\/\/franciscanos.org.br\/noticias\/wp-content\/uploads\/2022\/05\/regional_3105_4-100x100.jpg 100w\" sizes=\"(max-width: 300px) 100vw, 300px\" \/><\/a>\n\t\t\t<\/dt><\/dl><dl class='gallery-item'>\n\t\t\t<dt class='gallery-icon landscape'>\n\t\t\t\t<a href='https:\/\/franciscanos.org.br\/noticias\/wp-content\/uploads\/2022\/05\/regional_3105_5.jpg'><img width=\"300\" height=\"300\" src=\"https:\/\/franciscanos.org.br\/noticias\/wp-content\/uploads\/2022\/05\/regional_3105_5-300x300.jpg\" class=\"attachment-thumbnail size-thumbnail\" alt=\"\" loading=\"lazy\" srcset=\"https:\/\/franciscanos.org.br\/noticias\/wp-content\/uploads\/2022\/05\/regional_3105_5-300x300.jpg 300w, https:\/\/franciscanos.org.br\/noticias\/wp-content\/uploads\/2022\/05\/regional_3105_5-100x100.jpg 100w\" sizes=\"(max-width: 300px) 100vw, 300px\" \/><\/a>\n\t\t\t<\/dt><\/dl><dl class='gallery-item'>\n\t\t\t<dt class='gallery-icon landscape'>\n\t\t\t\t<a href='https:\/\/franciscanos.org.br\/noticias\/wp-content\/uploads\/2022\/05\/regional_3105_6.jpg'><img width=\"300\" height=\"300\" src=\"https:\/\/franciscanos.org.br\/noticias\/wp-content\/uploads\/2022\/05\/regional_3105_6-300x300.jpg\" class=\"attachment-thumbnail size-thumbnail\" alt=\"\" loading=\"lazy\" srcset=\"https:\/\/franciscanos.org.br\/noticias\/wp-content\/uploads\/2022\/05\/regional_3105_6-300x300.jpg 300w, https:\/\/franciscanos.org.br\/noticias\/wp-content\/uploads\/2022\/05\/regional_3105_6-100x100.jpg 100w\" sizes=\"(max-width: 300px) 100vw, 300px\" \/><\/a>\n\t\t\t<\/dt><\/dl><dl class='gallery-item'>\n\t\t\t<dt class='gallery-icon portrait'>\n\t\t\t\t<a href='https:\/\/franciscanos.org.br\/noticias\/wp-content\/uploads\/2022\/05\/regional_3105_7.jpg'><img width=\"300\" height=\"300\" src=\"https:\/\/franciscanos.org.br\/noticias\/wp-content\/uploads\/2022\/05\/regional_3105_7-300x300.jpg\" class=\"attachment-thumbnail size-thumbnail\" alt=\"\" loading=\"lazy\" srcset=\"https:\/\/franciscanos.org.br\/noticias\/wp-content\/uploads\/2022\/05\/regional_3105_7-300x300.jpg 300w, https:\/\/franciscanos.org.br\/noticias\/wp-content\/uploads\/2022\/05\/regional_3105_7-100x100.jpg 100w\" sizes=\"(max-width: 300px) 100vw, 300px\" \/><\/a>\n\t\t\t<\/dt><\/dl><dl class='gallery-item'>\n\t\t\t<dt class='gallery-icon landscape'>\n\t\t\t\t<a href='https:\/\/franciscanos.org.br\/noticias\/wp-content\/uploads\/2022\/05\/regional_3105_8.jpg'><img width=\"300\" height=\"300\" src=\"https:\/\/franciscanos.org.br\/noticias\/wp-content\/uploads\/2022\/05\/regional_3105_8-300x300.jpg\" class=\"attachment-thumbnail size-thumbnail\" alt=\"\" loading=\"lazy\" srcset=\"https:\/\/franciscanos.org.br\/noticias\/wp-content\/uploads\/2022\/05\/regional_3105_8-300x300.jpg 300w, https:\/\/franciscanos.org.br\/noticias\/wp-content\/uploads\/2022\/05\/regional_3105_8-100x100.jpg 100w\" sizes=\"(max-width: 300px) 100vw, 300px\" \/><\/a>\n\t\t\t<\/dt><\/dl><br style=\"clear: both\" \/>\n\t\t<\/div>\n\n<p><em>\u00a0 \u00a0 \u00a0 \u00a0 \u00a0 \u00a0 \u00a0 \u00a0 \u00a0 \u00a0 \u00a0 \u00a0 \u00a0 \u00a0 \u00a0 \u00a0 \u00a0 \u00a0 \u00a0 \u00a0 \u00a0 \u00a0 \u00a0 \u00a0 \u00a0 \u00a0 \u00a0 \u00a0 \u00a0 \u00a0 \u00a0 \u00a0 \u00a0 \u00a0 \u00a0 \u00a0 \u00a0 \u00a0 \u00a0 \u00a0 \u00a0 \u00a0 \u00a0 \u00a0 \u00a0 \u00a0 \u00a0 \u00a0 \u00a0 \u00a0 \u00a0 \u00a0 \u00a0 \u00a0 \u00a0 \u00a0 \u00a0 \u00a0 \u00a0 \u00a0 \u00a0(toque nas imagens\u00a0 acima para ampli\u00e1-las)<\/em><\/p>\n<p>Segundo ele, um m\u00edstico oriental diz que se voc\u00ea coloca uma flor no seu quarto, esse quarto nunca mais ser\u00e1 o mesmo. &#8220;Por onde passam os santos, os lugares nunca mais ser\u00e3o os mesmos. Foram os passos de Jesus nas terras da Palestina que determinaram o Evangelho e inspiraram S\u00e3o Francisco. H\u00e1 oito s\u00e9culos, ele chega \u00e0 Igreja de S\u00e3o Dami\u00e3o e a coloca novamente em p\u00e9. Ele reconstr\u00f3i o Mosteiro de S\u00e3o Dami\u00e3o. H\u00e1 uma inspira\u00e7\u00e3o: &#8216;Francisco vai, reconstr\u00f3i a minha casa&#8217;. H\u00e1 duzentos anos, podemos dizer tamb\u00e9m que a mesma experi\u00eancia viveu Frei Galv\u00e3o. Santo Ant\u00f4nio de Sant&#8217;Ana Galv\u00e3o escuta essa mesma experi\u00eancia: &#8216;Reconstr\u00f3i a minha casa&#8217;. Um constr\u00f3i o mosteiro de S\u00e3o Dami\u00e3o, o outro, o Mosteiro da Luz&#8221;, recorda o frade.<\/p>\n<p>Para ele, o lugar sempre pressente o mist\u00e9rio que precisamos viver e celebrar. &#8220;Que casa \u00e9 essa que tem que ser reconstru\u00edda? A casa da interioridade, do cora\u00e7\u00e3o e da f\u00e9. A casa da alma, do nosso n\u00facleo mais central, dos cuidados do esp\u00edrito. Essa \u00e9 a primeira casa&#8221;, ensinou. A segunda casa, emendou o pregador, \u00e9 a dos princ\u00edpios, dos valores. &#8220;Como o mundo precisa disso! N\u00f3s falamos hoje de muita crise: econ\u00f4mica-financeira, sa\u00fade, pol\u00edtica, crise moral. Mas se existe uma crise \u00e9 a crise de valores. Para onde estamos indo? Para onde a humanidade est\u00e1 indo? Ela precisa seguir os passos da santidade. Ela precisa seguir passos de S\u00e3o Francisco, de Santo Ant\u00f4nio de Sant&#8217;Ana Galv\u00e3o, de Santa Beatriz. Ela precisa seguir passos de quem sabe para onde ir e para onde chegar. Esses santos e santas disseram: &#8216;somos peregrinos rumo \u00e0 casa do Pai&#8217; e podem dizer &#8216;enfim, chegamos!&#8217;. Essa experi\u00eancia estamos fazendo aqui nesse momento&#8221;, clarificou.<\/p>\n<p><img loading=\"lazy\" class=\"alignnone size-full wp-image-238098\" src=\"https:\/\/franciscanos.org.br\/noticias\/wp-content\/uploads\/2022\/05\/regional_3105_11.jpg\" alt=\"\" width=\"1280\" height=\"720\" srcset=\"https:\/\/franciscanos.org.br\/noticias\/wp-content\/uploads\/2022\/05\/regional_3105_11.jpg 1280w, https:\/\/franciscanos.org.br\/noticias\/wp-content\/uploads\/2022\/05\/regional_3105_11-450x253.jpg 450w, https:\/\/franciscanos.org.br\/noticias\/wp-content\/uploads\/2022\/05\/regional_3105_11-1024x576.jpg 1024w, https:\/\/franciscanos.org.br\/noticias\/wp-content\/uploads\/2022\/05\/regional_3105_11-768x432.jpg 768w, https:\/\/franciscanos.org.br\/noticias\/wp-content\/uploads\/2022\/05\/regional_3105_11-150x84.jpg 150w\" sizes=\"(max-width: 1280px) 100vw, 1280px\" \/><\/p>\n<p>A outra casa a ser reconstru\u00edda \u00e9 a casa do mundo, avalia o pregador. &#8220;O Frei Paulo j\u00e1 dizia: se n\u00f3s n\u00e3o damos passos n\u00e3o vamos ver a realidade. N\u00f3s andamos pelas ruas e vimos todas as experi\u00eancias que marcam a vida de uma metr\u00f3pole: a inclus\u00e3o, a exclus\u00e3o, o consumo, a farta e a falta, a fartura a mis\u00e9ria. Se n\u00f3s n\u00e3o andamos, como evangelizar? Evangelizar \u00e9 conscientizar. Esse caminho que n\u00f3s percorremos hoje, que Frei Galv\u00e3o fez do Convento S\u00e3o Francisco ao Mosteiro da Luz, \u00e9 um caminho de conscientiza\u00e7\u00e3o. \u00c9 preciso estar na cidade para mudar a cidade, estar na cidade transformando a cidade&#8221;, disse.<\/p>\n<p>&#8220;N\u00f3s, nesse momento, estamos aqui neste momento supremo da gra\u00e7a. O Senhor vai se dar inteiro no p\u00e3o e no vinho. Francisco se deu inteiro em cada detalhe da cria\u00e7\u00e3o para construir a casa comum. Frei Galv\u00e3o est\u00e1 inteiro nas p\u00edlulas que o povo busca, na f\u00e9, no milagre, na devo\u00e7\u00e3o, no toque. Ele est\u00e1 inteiro no corpo, mente, alma e cora\u00e7\u00e3o. \u00c9 o que n\u00f3s viemos celebrar nesse momento. E com esta celebra\u00e7\u00e3o n\u00f3s iniciamos uma grande caminhada: Celebrar 200 anos, a sua passagem para a eternidade. Celebrar quem deu passos inspirados no Evangelho, pela inspira\u00e7\u00e3o do Senhor, no Esp\u00edrito do Senhor e o seu Santo modo de operar. Quem deu passos sobre a inspira\u00e7\u00e3o da Imaculada Concei\u00e7\u00e3o, quem deu passos reconstruindo um lugar dentro da cidade, para que aqui o Esp\u00edrito possa se recompor e se eternizar no tempo e na hist\u00f3ria. Ent\u00e3o, essa nossa caminhada marca o in\u00edcio de comemorar, como dizia o nosso ex-Ministro Geral John Vaughn: &#8216;Celebrar \u00e9 tornar presente'&#8221;, explicou Frei Vitorio.<\/p>\n<p><img loading=\"lazy\" class=\"alignnone size-full wp-image-238099\" src=\"https:\/\/franciscanos.org.br\/noticias\/wp-content\/uploads\/2022\/05\/regional_3105_10.jpg\" alt=\"\" width=\"1280\" height=\"960\" srcset=\"https:\/\/franciscanos.org.br\/noticias\/wp-content\/uploads\/2022\/05\/regional_3105_10.jpg 1280w, https:\/\/franciscanos.org.br\/noticias\/wp-content\/uploads\/2022\/05\/regional_3105_10-450x338.jpg 450w, https:\/\/franciscanos.org.br\/noticias\/wp-content\/uploads\/2022\/05\/regional_3105_10-1024x768.jpg 1024w, https:\/\/franciscanos.org.br\/noticias\/wp-content\/uploads\/2022\/05\/regional_3105_10-768x576.jpg 768w, https:\/\/franciscanos.org.br\/noticias\/wp-content\/uploads\/2022\/05\/regional_3105_10-150x113.jpg 150w, https:\/\/franciscanos.org.br\/noticias\/wp-content\/uploads\/2022\/05\/regional_3105_10-600x450.jpg 600w\" sizes=\"(max-width: 1280px) 100vw, 1280px\" \/><\/p>\n<p>&#8220;E nesta noite, cada passo nosso se uniu aos passos das Irm\u00e3s Concepcionistas, se uniu \u00e0 cidade de S\u00e3o Paulo, se uniu \u00e0 experi\u00eancia de Frei Galv\u00e3o. 200 anos, 800 anos, s\u00e3o s\u00e9culos e s\u00e9culos de um amor que n\u00e3o termina jamais. \u00c9 importante celebrar isso no momento de Ascens\u00e3o, no momento Pascal, no momento em que aguardamos a vinda do Esp\u00edrito do Senhor. \u00c9 como se ele se ausentasse e se escondesse. Ele est\u00e1 aqui plantado neste lugar. Mas algo grandioso vive em n\u00f3s. Somos continuadores desta obra. Ao voltarmos para os conventos, para as nossas fam\u00edlias, para as nossas fraternidades, vamos sentir essa inspira\u00e7\u00e3o de S\u00e3o Francisco de Assis e de Santo Ant\u00f4nio de Sant&#8217;Ana Galv\u00e3o: &#8216;Vai, e reconstr\u00f3i a minha casa!&#8217;, concluiu o coordenador do Regional.<\/p>\n<p><strong>UNIDADE E PROXIMIDADE<\/strong><\/p>\n<p>Ap\u00f3s a comunh\u00e3o, os frades e as Irm\u00e3s Concepcionistas marcaram este evento com gestos de unidade e fraternidade. &#8220;Essa presen\u00e7a franciscana no Santu\u00e1rio Frei Galv\u00e3o, em Guaratinguet\u00e1, precisava ser completada com essa proximidade com o Mosteiro da Luz&#8221;, avaliou Frei Diego, o reitor do Santu\u00e1rio desde o in\u00edcio do ano passado. Segundo ele, n\u00e3o d\u00e1 para falar de Frei Galv\u00e3o sem falar de seu local de nascimento, n\u00e3o d\u00e1 para falar de Frei Galv\u00e3o sem a grande obra dele, que foi essa obra material, e essa obra espiritual presente na vida das Irm\u00e3s. &#8220;Por isso, hoje, de certa forma queremos refor\u00e7ar esse desejo, como franciscanos: trabalhar em unidade pela promo\u00e7\u00e3o da devo\u00e7\u00e3o de Frei Galv\u00e3o. Ao falarmos dessa devo\u00e7\u00e3o, evidentemente que o Mosteiro da Luz est\u00e1 presente na vida, no cora\u00e7\u00e3o e no amor de Frei Galv\u00e3o. Ent\u00e3o, Irm\u00e3s, muito, muito obrigado em nome de nossa Fraternidade e receba da parte de todo o povo, de Guaratinguet\u00e1, de Guarulhos, de S\u00e3o Paulo e de todo o Regional, a nossa gratid\u00e3o, expressa nessa calorosa salva de palmas&#8221;, pediu o frade.<\/p>\n<p><img loading=\"lazy\" class=\"alignnone size-full wp-image-238100\" src=\"https:\/\/franciscanos.org.br\/noticias\/wp-content\/uploads\/2022\/05\/regional_3105_14.jpg\" alt=\"\" width=\"1280\" height=\"960\" srcset=\"https:\/\/franciscanos.org.br\/noticias\/wp-content\/uploads\/2022\/05\/regional_3105_14.jpg 1280w, https:\/\/franciscanos.org.br\/noticias\/wp-content\/uploads\/2022\/05\/regional_3105_14-450x338.jpg 450w, https:\/\/franciscanos.org.br\/noticias\/wp-content\/uploads\/2022\/05\/regional_3105_14-1024x768.jpg 1024w, https:\/\/franciscanos.org.br\/noticias\/wp-content\/uploads\/2022\/05\/regional_3105_14-768x576.jpg 768w, https:\/\/franciscanos.org.br\/noticias\/wp-content\/uploads\/2022\/05\/regional_3105_14-150x113.jpg 150w, https:\/\/franciscanos.org.br\/noticias\/wp-content\/uploads\/2022\/05\/regional_3105_14-600x450.jpg 600w\" sizes=\"(max-width: 1280px) 100vw, 1280px\" \/><\/p>\n<p>A resposta veio das Irm\u00e3s Concepcionistas, que quebraram uma tradi\u00e7\u00e3o secular, ao sa\u00edrem da clausura e se dirigirem ao altar principal, de onde aben\u00e7oaram os frades e a comunidade: &#8220;As monjas Concepcionistas, guardando o Mosteiro da Luz, entregam aos irm\u00e3os franciscanos, em nome de Frei Diego, a rel\u00edquia de primeiro grau de Santo Ant\u00f4nio de Sant&#8217;Ana Galv\u00e3o como gesto de amizade fraterna, pedido para que seja intronizada no Santu\u00e1rio de Frei Galv\u00e3o de Guaratinguet\u00e1. Aqui est\u00e1 a entrega assinada por todas as irm\u00e3s&#8221;.<\/p>\n<p>Frei Paulo definiu bem esse momento: &#8220;Certamente, nenhum de n\u00f3s imaginava que esta noite seria t\u00e3o marcante&#8221;.<\/p>\n<p><img loading=\"lazy\" class=\"alignnone size-full wp-image-238101\" src=\"https:\/\/franciscanos.org.br\/noticias\/wp-content\/uploads\/2022\/05\/regional_3105_15.jpg\" alt=\"\" width=\"1280\" height=\"960\" srcset=\"https:\/\/franciscanos.org.br\/noticias\/wp-content\/uploads\/2022\/05\/regional_3105_15.jpg 1280w, https:\/\/franciscanos.org.br\/noticias\/wp-content\/uploads\/2022\/05\/regional_3105_15-450x338.jpg 450w, https:\/\/franciscanos.org.br\/noticias\/wp-content\/uploads\/2022\/05\/regional_3105_15-1024x768.jpg 1024w, https:\/\/franciscanos.org.br\/noticias\/wp-content\/uploads\/2022\/05\/regional_3105_15-768x576.jpg 768w, https:\/\/franciscanos.org.br\/noticias\/wp-content\/uploads\/2022\/05\/regional_3105_15-150x113.jpg 150w, https:\/\/franciscanos.org.br\/noticias\/wp-content\/uploads\/2022\/05\/regional_3105_15-600x450.jpg 600w\" sizes=\"(max-width: 1280px) 100vw, 1280px\" \/><\/p>\n<p>Segundo Ministro Provincial, esta uni\u00e3o, hoje estabelecida entre Guaratinguet\u00e1 e o Mosteiro da Luz, \u00e9 tamb\u00e9m um caminho iluminado. &#8220;Nossa satisfa\u00e7\u00e3o e nossa gratid\u00e3o. N\u00f3s, os frades, nos alegremos por voc\u00eas, irm\u00e3s, serem as guardi\u00e3s dessa devo\u00e7\u00e3o a Santo Ant\u00f4nio de Sant&#8217;Ana Galv\u00e3o. Junto com voc\u00eas n\u00f3s queremos levar o brilho mission\u00e1rio de S\u00e3o Frei Galv\u00e3o e tamb\u00e9m sua devo\u00e7\u00e3o a Nossa Senhora. Ent\u00e3o, queremos contar com suas preces para que, onde tiver um franciscano, que sejamos todos n\u00f3s empenhados em anunciar o Evangelho de Jesus Cristo como Frei Galv\u00e3o assim o fez. Ent\u00e3o, nessa entrega da rel\u00edquia, tenho certeza vai um gesto de comunh\u00e3o e de unidade. Somos muito gratos por nos acolher nesta noite&#8221;, agradeceu Frei Paulo, pedindo que as irm\u00e3s estendessem as m\u00e3os sobre os frades e os frades sobre as irm\u00e3s para a b\u00ean\u00e7\u00e3o final.<\/p>\n<p><img loading=\"lazy\" class=\"alignnone size-full wp-image-238102\" src=\"https:\/\/franciscanos.org.br\/noticias\/wp-content\/uploads\/2022\/05\/regional_3105_16.jpg\" alt=\"\" width=\"1280\" height=\"852\" srcset=\"https:\/\/franciscanos.org.br\/noticias\/wp-content\/uploads\/2022\/05\/regional_3105_16.jpg 1280w, https:\/\/franciscanos.org.br\/noticias\/wp-content\/uploads\/2022\/05\/regional_3105_16-450x300.jpg 450w, https:\/\/franciscanos.org.br\/noticias\/wp-content\/uploads\/2022\/05\/regional_3105_16-1024x682.jpg 1024w, https:\/\/franciscanos.org.br\/noticias\/wp-content\/uploads\/2022\/05\/regional_3105_16-768x511.jpg 768w, https:\/\/franciscanos.org.br\/noticias\/wp-content\/uploads\/2022\/05\/regional_3105_16-150x100.jpg 150w\" sizes=\"(max-width: 1280px) 100vw, 1280px\" \/><\/p>\n<hr \/>\n<p><em><strong>Comunica\u00e7\u00e3o da Prov\u00edncia da Imaculada Concei\u00e7\u00e3o<\/strong><\/em><\/p>\n","protected":false},"excerpt":{"rendered":"<p>Bicenten\u00e1rio da morte de Frei Galv\u00e3o<\/p>\n","protected":false},"author":3,"featured_media":238081,"comment_status":"open","ping_status":"open","sticky":false,"template":"","format":"standard","meta":[],"categories":[1],"tags":[2021],"acf":[],"yoast_head":"<!-- This site is optimized with the Yoast SEO plugin v19.2 - https:\/\/yoast.com\/wordpress\/plugins\/seo\/ -->\n<title>Nos passos de Frei Galv\u00e3o: come\u00e7am as celebra\u00e7\u00f5es do bicenten\u00e1rio do santo brasileiro - Not\u00edcias - Franciscanos<\/title>\n<meta name=\"robots\" content=\"index, follow, max-snippet:-1, max-image-preview:large, max-video-preview:-1\" \/>\n<link rel=\"canonical\" href=\"https:\/\/franciscanos.org.br\/noticias\/nos-passos-de-frei-galvao-comecam-as-celebracoes-do-bicentenario-do-santo-brasileiro.html\" \/>\n<meta property=\"og:locale\" content=\"pt_BR\" \/>\n<meta property=\"og:type\" content=\"article\" \/>\n<meta property=\"og:title\" content=\"Nos passos de Frei Galv\u00e3o: come\u00e7am as celebra\u00e7\u00f5es do bicenten\u00e1rio do santo brasileiro - Not\u00edcias - Franciscanos\" \/>\n<meta property=\"og:description\" content=\"Bicenten\u00e1rio da morte de Frei Galv\u00e3o\" \/>\n<meta property=\"og:url\" content=\"https:\/\/franciscanos.org.br\/noticias\/nos-passos-de-frei-galvao-comecam-as-celebracoes-do-bicentenario-do-santo-brasileiro.html\" \/>\n<meta property=\"og:site_name\" content=\"Not\u00edcias - Franciscanos\" \/>\n<meta property=\"article:published_time\" content=\"2022-05-31T13:51:52+00:00\" \/>\n<meta property=\"article:modified_time\" content=\"2023-01-03T16:56:52+00:00\" \/>\n<meta property=\"og:image\" content=\"https:\/\/franciscanos.org.br\/noticias\/wp-content\/uploads\/2022\/05\/regional_3105_3.jpg\" \/>\n\t<meta property=\"og:image:width\" content=\"1280\" \/>\n\t<meta property=\"og:image:height\" content=\"720\" \/>\n\t<meta property=\"og:image:type\" content=\"image\/jpeg\" \/>\n<meta name=\"author\" content=\"moacir\" \/>\n<meta name=\"twitter:card\" content=\"summary_large_image\" \/>\n<meta name=\"twitter:label1\" content=\"Escrito por\" \/>\n\t<meta name=\"twitter:data1\" content=\"moacir\" \/>\n\t<meta name=\"twitter:label2\" content=\"Est. tempo de leitura\" \/>\n\t<meta name=\"twitter:data2\" content=\"10 minutos\" \/>\n<script type=\"application\/ld+json\" class=\"yoast-schema-graph\">{\"@context\":\"https:\/\/schema.org\",\"@graph\":[{\"@type\":\"WebSite\",\"@id\":\"https:\/\/franciscanos.org.br\/noticias\/#website\",\"url\":\"https:\/\/franciscanos.org.br\/noticias\/\",\"name\":\"Not\u00edcias - Franciscanos\",\"description\":\"Prov\u00edncia Franciscana da Imaculada Concei\u00e7\u00e3o do Brasil - Ordem dos Frades Menores - OFM\",\"potentialAction\":[{\"@type\":\"SearchAction\",\"target\":{\"@type\":\"EntryPoint\",\"urlTemplate\":\"https:\/\/franciscanos.org.br\/noticias\/?s={search_term_string}\"},\"query-input\":\"required name=search_term_string\"}],\"inLanguage\":\"pt-BR\"},{\"@type\":\"ImageObject\",\"inLanguage\":\"pt-BR\",\"@id\":\"https:\/\/franciscanos.org.br\/noticias\/nos-passos-de-frei-galvao-comecam-as-celebracoes-do-bicentenario-do-santo-brasileiro.html#primaryimage\",\"url\":\"https:\/\/franciscanos.org.br\/noticias\/wp-content\/uploads\/2022\/05\/regional_3105_3.jpg\",\"contentUrl\":\"https:\/\/franciscanos.org.br\/noticias\/wp-content\/uploads\/2022\/05\/regional_3105_3.jpg\",\"width\":1280,\"height\":720},{\"@type\":\"WebPage\",\"@id\":\"https:\/\/franciscanos.org.br\/noticias\/nos-passos-de-frei-galvao-comecam-as-celebracoes-do-bicentenario-do-santo-brasileiro.html#webpage\",\"url\":\"https:\/\/franciscanos.org.br\/noticias\/nos-passos-de-frei-galvao-comecam-as-celebracoes-do-bicentenario-do-santo-brasileiro.html\",\"name\":\"Nos passos de Frei Galv\u00e3o: come\u00e7am as celebra\u00e7\u00f5es do bicenten\u00e1rio do santo brasileiro - Not\u00edcias - Franciscanos\",\"isPartOf\":{\"@id\":\"https:\/\/franciscanos.org.br\/noticias\/#website\"},\"primaryImageOfPage\":{\"@id\":\"https:\/\/franciscanos.org.br\/noticias\/nos-passos-de-frei-galvao-comecam-as-celebracoes-do-bicentenario-do-santo-brasileiro.html#primaryimage\"},\"datePublished\":\"2022-05-31T13:51:52+00:00\",\"dateModified\":\"2023-01-03T16:56:52+00:00\",\"author\":{\"@id\":\"https:\/\/franciscanos.org.br\/noticias\/#\/schema\/person\/b5c8cba458c330ccff548b056e95a5d4\"},\"breadcrumb\":{\"@id\":\"https:\/\/franciscanos.org.br\/noticias\/nos-passos-de-frei-galvao-comecam-as-celebracoes-do-bicentenario-do-santo-brasileiro.html#breadcrumb\"},\"inLanguage\":\"pt-BR\",\"potentialAction\":[{\"@type\":\"ReadAction\",\"target\":[\"https:\/\/franciscanos.org.br\/noticias\/nos-passos-de-frei-galvao-comecam-as-celebracoes-do-bicentenario-do-santo-brasileiro.html\"]}]},{\"@type\":\"BreadcrumbList\",\"@id\":\"https:\/\/franciscanos.org.br\/noticias\/nos-passos-de-frei-galvao-comecam-as-celebracoes-do-bicentenario-do-santo-brasileiro.html#breadcrumb\",\"itemListElement\":[{\"@type\":\"ListItem\",\"position\":1,\"name\":\"Home\",\"item\":\"https:\/\/franciscanos.org.br\/noticias\"},{\"@type\":\"ListItem\",\"position\":2,\"name\":\"Nos passos de Frei Galv\u00e3o: come\u00e7am as celebra\u00e7\u00f5es do bicenten\u00e1rio do santo brasileiro\"}]},{\"@type\":\"Person\",\"@id\":\"https:\/\/franciscanos.org.br\/noticias\/#\/schema\/person\/b5c8cba458c330ccff548b056e95a5d4\",\"name\":\"moacir\",\"image\":{\"@type\":\"ImageObject\",\"inLanguage\":\"pt-BR\",\"@id\":\"https:\/\/franciscanos.org.br\/noticias\/#\/schema\/person\/image\/\",\"url\":\"https:\/\/secure.gravatar.com\/avatar\/d08aa2ce4c8dd416d4479aa8536fcf64?s=96&d=mm&r=g\",\"contentUrl\":\"https:\/\/secure.gravatar.com\/avatar\/d08aa2ce4c8dd416d4479aa8536fcf64?s=96&d=mm&r=g\",\"caption\":\"moacir\"},\"url\":\"https:\/\/franciscanos.org.br\/noticias\/author\/moacir\"}]}<\/script>\n<!-- \/ Yoast SEO plugin. -->","yoast_head_json":{"title":"Nos passos de Frei Galv\u00e3o: come\u00e7am as celebra\u00e7\u00f5es do bicenten\u00e1rio do santo brasileiro - Not\u00edcias - Franciscanos","robots":{"index":"index","follow":"follow","max-snippet":"max-snippet:-1","max-image-preview":"max-image-preview:large","max-video-preview":"max-video-preview:-1"},"canonical":"https:\/\/franciscanos.org.br\/noticias\/nos-passos-de-frei-galvao-comecam-as-celebracoes-do-bicentenario-do-santo-brasileiro.html","og_locale":"pt_BR","og_type":"article","og_title":"Nos passos de Frei Galv\u00e3o: come\u00e7am as celebra\u00e7\u00f5es do bicenten\u00e1rio do santo brasileiro - Not\u00edcias - Franciscanos","og_description":"Bicenten\u00e1rio da morte de Frei Galv\u00e3o","og_url":"https:\/\/franciscanos.org.br\/noticias\/nos-passos-de-frei-galvao-comecam-as-celebracoes-do-bicentenario-do-santo-brasileiro.html","og_site_name":"Not\u00edcias - Franciscanos","article_published_time":"2022-05-31T13:51:52+00:00","article_modified_time":"2023-01-03T16:56:52+00:00","og_image":[{"width":1280,"height":720,"url":"https:\/\/franciscanos.org.br\/noticias\/wp-content\/uploads\/2022\/05\/regional_3105_3.jpg","type":"image\/jpeg"}],"author":"moacir","twitter_card":"summary_large_image","twitter_misc":{"Escrito por":"moacir","Est. tempo de leitura":"10 minutos"},"schema":{"@context":"https:\/\/schema.org","@graph":[{"@type":"WebSite","@id":"https:\/\/franciscanos.org.br\/noticias\/#website","url":"https:\/\/franciscanos.org.br\/noticias\/","name":"Not\u00edcias - Franciscanos","description":"Prov\u00edncia Franciscana da Imaculada Concei\u00e7\u00e3o do Brasil - Ordem dos Frades Menores - OFM","potentialAction":[{"@type":"SearchAction","target":{"@type":"EntryPoint","urlTemplate":"https:\/\/franciscanos.org.br\/noticias\/?s={search_term_string}"},"query-input":"required name=search_term_string"}],"inLanguage":"pt-BR"},{"@type":"ImageObject","inLanguage":"pt-BR","@id":"https:\/\/franciscanos.org.br\/noticias\/nos-passos-de-frei-galvao-comecam-as-celebracoes-do-bicentenario-do-santo-brasileiro.html#primaryimage","url":"https:\/\/franciscanos.org.br\/noticias\/wp-content\/uploads\/2022\/05\/regional_3105_3.jpg","contentUrl":"https:\/\/franciscanos.org.br\/noticias\/wp-content\/uploads\/2022\/05\/regional_3105_3.jpg","width":1280,"height":720},{"@type":"WebPage","@id":"https:\/\/franciscanos.org.br\/noticias\/nos-passos-de-frei-galvao-comecam-as-celebracoes-do-bicentenario-do-santo-brasileiro.html#webpage","url":"https:\/\/franciscanos.org.br\/noticias\/nos-passos-de-frei-galvao-comecam-as-celebracoes-do-bicentenario-do-santo-brasileiro.html","name":"Nos passos de Frei Galv\u00e3o: come\u00e7am as celebra\u00e7\u00f5es do bicenten\u00e1rio do santo brasileiro - Not\u00edcias - Franciscanos","isPartOf":{"@id":"https:\/\/franciscanos.org.br\/noticias\/#website"},"primaryImageOfPage":{"@id":"https:\/\/franciscanos.org.br\/noticias\/nos-passos-de-frei-galvao-comecam-as-celebracoes-do-bicentenario-do-santo-brasileiro.html#primaryimage"},"datePublished":"2022-05-31T13:51:52+00:00","dateModified":"2023-01-03T16:56:52+00:00","author":{"@id":"https:\/\/franciscanos.org.br\/noticias\/#\/schema\/person\/b5c8cba458c330ccff548b056e95a5d4"},"breadcrumb":{"@id":"https:\/\/franciscanos.org.br\/noticias\/nos-passos-de-frei-galvao-comecam-as-celebracoes-do-bicentenario-do-santo-brasileiro.html#breadcrumb"},"inLanguage":"pt-BR","potentialAction":[{"@type":"ReadAction","target":["https:\/\/franciscanos.org.br\/noticias\/nos-passos-de-frei-galvao-comecam-as-celebracoes-do-bicentenario-do-santo-brasileiro.html"]}]},{"@type":"BreadcrumbList","@id":"https:\/\/franciscanos.org.br\/noticias\/nos-passos-de-frei-galvao-comecam-as-celebracoes-do-bicentenario-do-santo-brasileiro.html#breadcrumb","itemListElement":[{"@type":"ListItem","position":1,"name":"Home","item":"https:\/\/franciscanos.org.br\/noticias"},{"@type":"ListItem","position":2,"name":"Nos passos de Frei Galv\u00e3o: come\u00e7am as celebra\u00e7\u00f5es do bicenten\u00e1rio do santo brasileiro"}]},{"@type":"Person","@id":"https:\/\/franciscanos.org.br\/noticias\/#\/schema\/person\/b5c8cba458c330ccff548b056e95a5d4","name":"moacir","image":{"@type":"ImageObject","inLanguage":"pt-BR","@id":"https:\/\/franciscanos.org.br\/noticias\/#\/schema\/person\/image\/","url":"https:\/\/secure.gravatar.com\/avatar\/d08aa2ce4c8dd416d4479aa8536fcf64?s=96&d=mm&r=g","contentUrl":"https:\/\/secure.gravatar.com\/avatar\/d08aa2ce4c8dd416d4479aa8536fcf64?s=96&d=mm&r=g","caption":"moacir"},"url":"https:\/\/franciscanos.org.br\/noticias\/author\/moacir"}]}},"_links":{"self":[{"href":"https:\/\/franciscanos.org.br\/noticias\/wp-json\/wp\/v2\/posts\/238080"}],"collection":[{"href":"https:\/\/franciscanos.org.br\/noticias\/wp-json\/wp\/v2\/posts"}],"about":[{"href":"https:\/\/franciscanos.org.br\/noticias\/wp-json\/wp\/v2\/types\/post"}],"author":[{"embeddable":true,"href":"https:\/\/franciscanos.org.br\/noticias\/wp-json\/wp\/v2\/users\/3"}],"replies":[{"embeddable":true,"href":"https:\/\/franciscanos.org.br\/noticias\/wp-json\/wp\/v2\/comments?post=238080"}],"version-history":[{"count":6,"href":"https:\/\/franciscanos.org.br\/noticias\/wp-json\/wp\/v2\/posts\/238080\/revisions"}],"predecessor-version":[{"id":241515,"href":"https:\/\/franciscanos.org.br\/noticias\/wp-json\/wp\/v2\/posts\/238080\/revisions\/241515"}],"wp:featuredmedia":[{"embeddable":true,"href":"https:\/\/franciscanos.org.br\/noticias\/wp-json\/wp\/v2\/media\/238081"}],"wp:attachment":[{"href":"https:\/\/franciscanos.org.br\/noticias\/wp-json\/wp\/v2\/media?parent=238080"}],"wp:term":[{"taxonomy":"category","embeddable":true,"href":"https:\/\/franciscanos.org.br\/noticias\/wp-json\/wp\/v2\/categories?post=238080"},{"taxonomy":"post_tag","embeddable":true,"href":"https:\/\/franciscanos.org.br\/noticias\/wp-json\/wp\/v2\/tags?post=238080"}],"curies":[{"name":"wp","href":"https:\/\/api.w.org\/{rel}","templated":true}]}}