{"id":238067,"date":"2022-05-29T07:19:42","date_gmt":"2022-05-29T10:19:42","guid":{"rendered":"https:\/\/franciscanos.org.br\/noticias\/?p=238067"},"modified":"2022-05-30T07:24:26","modified_gmt":"2022-05-30T10:24:26","slug":"2-dia-da-novena-de-pentecostes-recorda-a-apresentacao-de-jesus-no-templo","status":"publish","type":"post","link":"https:\/\/franciscanos.org.br\/noticias\/2-dia-da-novena-de-pentecostes-recorda-a-apresentacao-de-jesus-no-templo.html","title":{"rendered":"2\u00b0 Dia da Novena de Pentecostes recorda a apresenta\u00e7\u00e3o de Jesus no templo"},"content":{"rendered":"<p><img loading=\"lazy\" class=\"alignnone size-full wp-image-238069\" src=\"https:\/\/franciscanos.org.br\/noticias\/wp-content\/uploads\/2022\/05\/segundodia_29.jpg\" alt=\"\" width=\"1280\" height=\"853\" srcset=\"https:\/\/franciscanos.org.br\/noticias\/wp-content\/uploads\/2022\/05\/segundodia_29.jpg 1280w, https:\/\/franciscanos.org.br\/noticias\/wp-content\/uploads\/2022\/05\/segundodia_29-450x300.jpg 450w, https:\/\/franciscanos.org.br\/noticias\/wp-content\/uploads\/2022\/05\/segundodia_29-1024x682.jpg 1024w, https:\/\/franciscanos.org.br\/noticias\/wp-content\/uploads\/2022\/05\/segundodia_29-768x512.jpg 768w, https:\/\/franciscanos.org.br\/noticias\/wp-content\/uploads\/2022\/05\/segundodia_29-150x100.jpg 150w\" sizes=\"(max-width: 1280px) 100vw, 1280px\" \/><br \/>\nCom a celebra\u00e7\u00e3o presidida pelo Frei Jos\u00e9 Clemente M\u00fcller e tendo como concelebrantes Frei Vanderlei da Silva Neves e Frei Clar\u00eancio Neotti, aconteceu hoje (28) o 2\u00ba dia da Novena de Pentecostes.<\/p>\n<p>O momento emocionante da noite foi quando Jos\u00e9 e Maria, trazendo ao colo o Menino Jesus, entraram pelo corredor central do Santu\u00e1rio, representando o tema dp dia: \u201cApresenta\u00e7\u00e3o de Jesus no Templo\u201d. Na sequ\u00eancia, vieram as crian\u00e7as da catequese e perseveran\u00e7a. Frei Clemente ressaltou e parabenizou os catequistas presentes que prepararam a celebra\u00e7\u00e3o.<\/p>\n<p>Em sua homilia, Frei Clemente comentou que, embora alguns Santos pare\u00e7am mais importantes, a for\u00e7a de nossa espiritualidade est\u00e1 no Esp\u00edrito Santo. De modo muito especial, temos o privil\u00e9gio de ter o nosso Estado com esse santo nome devido ao momento em que os colonizadores desembarcaram em Vila Velha, que era \u00e9poca de Pentecostes. Sendo assim, batizaram a terra de Esp\u00edrito Santo em homenagem \u00e0 terceira pessoa da Sant\u00edssima Trindade.<\/p>\n<p><img loading=\"lazy\" class=\"alignnone size-full wp-image-238068\" src=\"https:\/\/franciscanos.org.br\/noticias\/wp-content\/uploads\/2022\/05\/segundodia_2905.jpg\" alt=\"\" width=\"1280\" height=\"853\" srcset=\"https:\/\/franciscanos.org.br\/noticias\/wp-content\/uploads\/2022\/05\/segundodia_2905.jpg 1280w, https:\/\/franciscanos.org.br\/noticias\/wp-content\/uploads\/2022\/05\/segundodia_2905-450x300.jpg 450w, https:\/\/franciscanos.org.br\/noticias\/wp-content\/uploads\/2022\/05\/segundodia_2905-1024x682.jpg 1024w, https:\/\/franciscanos.org.br\/noticias\/wp-content\/uploads\/2022\/05\/segundodia_2905-768x512.jpg 768w, https:\/\/franciscanos.org.br\/noticias\/wp-content\/uploads\/2022\/05\/segundodia_2905-150x100.jpg 150w\" sizes=\"(max-width: 1280px) 100vw, 1280px\" \/><\/p>\n<p>Fez uma breve homenagem a Frei Clar\u00eancio, presente no altar, citando trecho do livro que ele escreveu, com o t\u00edtulo \u201cCredo\u201d, onde fala do Esp\u00edrito Santo. Recomendou a todos a leitura, por ser uma forma de conhecer melhor a terceira pessoa da Sant\u00edssima Trindade.<\/p>\n<p>Lembrou que tivemos a \u201cera de Deus\u201d, a \u201cera do filho\u201d e a \u201cera do Esp\u00edrito Santo\u201d, que \u00e9 a era que estamos, mas que as tr\u00eas pessoas n\u00e3o podem ser separadas.<\/p>\n<p>Informou que a Novena de Pentecostes foi a primeira Novena criada. Na sequ\u00eancia vieram os tr\u00edduos, trezenas e outras novenas.<\/p>\n<hr \/>\n<p><em>Pascom da Par\u00f3quia do Ros\u00e1rio<\/em><\/p>\n","protected":false},"excerpt":{"rendered":"<p>2\u00ba dia da Novena de Pentecostes<\/p>\n","protected":false},"author":3,"featured_media":238069,"comment_status":"open","ping_status":"open","sticky":false,"template":"","format":"standard","meta":[],"categories":[1],"tags":[1180],"acf":[],"yoast_head":"<!-- This site is optimized with the Yoast SEO plugin v19.2 - https:\/\/yoast.com\/wordpress\/plugins\/seo\/ -->\n<title>2\u00b0 Dia da Novena de Pentecostes recorda a apresenta\u00e7\u00e3o de Jesus no templo - Not\u00edcias - Franciscanos<\/title>\n<meta name=\"robots\" content=\"index, follow, max-snippet:-1, max-image-preview:large, max-video-preview:-1\" \/>\n<link rel=\"canonical\" href=\"https:\/\/franciscanos.org.br\/noticias\/2-dia-da-novena-de-pentecostes-recorda-a-apresentacao-de-jesus-no-templo.html\" \/>\n<meta property=\"og:locale\" content=\"pt_BR\" \/>\n<meta property=\"og:type\" content=\"article\" \/>\n<meta property=\"og:title\" content=\"2\u00b0 Dia da Novena de Pentecostes recorda a apresenta\u00e7\u00e3o de Jesus no templo - Not\u00edcias - Franciscanos\" \/>\n<meta property=\"og:description\" content=\"2\u00ba dia da Novena de Pentecostes\" \/>\n<meta property=\"og:url\" content=\"https:\/\/franciscanos.org.br\/noticias\/2-dia-da-novena-de-pentecostes-recorda-a-apresentacao-de-jesus-no-templo.html\" \/>\n<meta property=\"og:site_name\" content=\"Not\u00edcias - Franciscanos\" \/>\n<meta property=\"article:published_time\" content=\"2022-05-29T10:19:42+00:00\" \/>\n<meta property=\"article:modified_time\" content=\"2022-05-30T10:24:26+00:00\" \/>\n<meta property=\"og:image\" content=\"https:\/\/franciscanos.org.br\/noticias\/wp-content\/uploads\/2022\/05\/segundodia_29.jpg\" \/>\n\t<meta property=\"og:image:width\" content=\"1280\" \/>\n\t<meta property=\"og:image:height\" content=\"853\" \/>\n\t<meta property=\"og:image:type\" content=\"image\/jpeg\" \/>\n<meta name=\"author\" content=\"moacir\" \/>\n<meta name=\"twitter:card\" content=\"summary_large_image\" \/>\n<meta name=\"twitter:label1\" content=\"Escrito por\" \/>\n\t<meta name=\"twitter:data1\" content=\"moacir\" \/>\n\t<meta name=\"twitter:label2\" content=\"Est. tempo de leitura\" \/>\n\t<meta name=\"twitter:data2\" content=\"1 minuto\" \/>\n<script type=\"application\/ld+json\" class=\"yoast-schema-graph\">{\"@context\":\"https:\/\/schema.org\",\"@graph\":[{\"@type\":\"WebSite\",\"@id\":\"https:\/\/franciscanos.org.br\/noticias\/#website\",\"url\":\"https:\/\/franciscanos.org.br\/noticias\/\",\"name\":\"Not\u00edcias - Franciscanos\",\"description\":\"Prov\u00edncia Franciscana da Imaculada Concei\u00e7\u00e3o do Brasil - Ordem dos Frades Menores - OFM\",\"potentialAction\":[{\"@type\":\"SearchAction\",\"target\":{\"@type\":\"EntryPoint\",\"urlTemplate\":\"https:\/\/franciscanos.org.br\/noticias\/?s={search_term_string}\"},\"query-input\":\"required name=search_term_string\"}],\"inLanguage\":\"pt-BR\"},{\"@type\":\"ImageObject\",\"inLanguage\":\"pt-BR\",\"@id\":\"https:\/\/franciscanos.org.br\/noticias\/2-dia-da-novena-de-pentecostes-recorda-a-apresentacao-de-jesus-no-templo.html#primaryimage\",\"url\":\"https:\/\/franciscanos.org.br\/noticias\/wp-content\/uploads\/2022\/05\/segundodia_29.jpg\",\"contentUrl\":\"https:\/\/franciscanos.org.br\/noticias\/wp-content\/uploads\/2022\/05\/segundodia_29.jpg\",\"width\":1280,\"height\":853},{\"@type\":\"WebPage\",\"@id\":\"https:\/\/franciscanos.org.br\/noticias\/2-dia-da-novena-de-pentecostes-recorda-a-apresentacao-de-jesus-no-templo.html#webpage\",\"url\":\"https:\/\/franciscanos.org.br\/noticias\/2-dia-da-novena-de-pentecostes-recorda-a-apresentacao-de-jesus-no-templo.html\",\"name\":\"2\u00b0 Dia da Novena de Pentecostes recorda a apresenta\u00e7\u00e3o de Jesus no templo - Not\u00edcias - Franciscanos\",\"isPartOf\":{\"@id\":\"https:\/\/franciscanos.org.br\/noticias\/#website\"},\"primaryImageOfPage\":{\"@id\":\"https:\/\/franciscanos.org.br\/noticias\/2-dia-da-novena-de-pentecostes-recorda-a-apresentacao-de-jesus-no-templo.html#primaryimage\"},\"datePublished\":\"2022-05-29T10:19:42+00:00\",\"dateModified\":\"2022-05-30T10:24:26+00:00\",\"author\":{\"@id\":\"https:\/\/franciscanos.org.br\/noticias\/#\/schema\/person\/b5c8cba458c330ccff548b056e95a5d4\"},\"breadcrumb\":{\"@id\":\"https:\/\/franciscanos.org.br\/noticias\/2-dia-da-novena-de-pentecostes-recorda-a-apresentacao-de-jesus-no-templo.html#breadcrumb\"},\"inLanguage\":\"pt-BR\",\"potentialAction\":[{\"@type\":\"ReadAction\",\"target\":[\"https:\/\/franciscanos.org.br\/noticias\/2-dia-da-novena-de-pentecostes-recorda-a-apresentacao-de-jesus-no-templo.html\"]}]},{\"@type\":\"BreadcrumbList\",\"@id\":\"https:\/\/franciscanos.org.br\/noticias\/2-dia-da-novena-de-pentecostes-recorda-a-apresentacao-de-jesus-no-templo.html#breadcrumb\",\"itemListElement\":[{\"@type\":\"ListItem\",\"position\":1,\"name\":\"Home\",\"item\":\"https:\/\/franciscanos.org.br\/noticias\"},{\"@type\":\"ListItem\",\"position\":2,\"name\":\"2\u00b0 Dia da Novena de Pentecostes recorda a apresenta\u00e7\u00e3o de Jesus no templo\"}]},{\"@type\":\"Person\",\"@id\":\"https:\/\/franciscanos.org.br\/noticias\/#\/schema\/person\/b5c8cba458c330ccff548b056e95a5d4\",\"name\":\"moacir\",\"image\":{\"@type\":\"ImageObject\",\"inLanguage\":\"pt-BR\",\"@id\":\"https:\/\/franciscanos.org.br\/noticias\/#\/schema\/person\/image\/\",\"url\":\"https:\/\/secure.gravatar.com\/avatar\/d08aa2ce4c8dd416d4479aa8536fcf64?s=96&d=mm&r=g\",\"contentUrl\":\"https:\/\/secure.gravatar.com\/avatar\/d08aa2ce4c8dd416d4479aa8536fcf64?s=96&d=mm&r=g\",\"caption\":\"moacir\"},\"url\":\"https:\/\/franciscanos.org.br\/noticias\/author\/moacir\"}]}<\/script>\n<!-- \/ Yoast SEO plugin. -->","yoast_head_json":{"title":"2\u00b0 Dia da Novena de Pentecostes recorda a apresenta\u00e7\u00e3o de Jesus no templo - Not\u00edcias - Franciscanos","robots":{"index":"index","follow":"follow","max-snippet":"max-snippet:-1","max-image-preview":"max-image-preview:large","max-video-preview":"max-video-preview:-1"},"canonical":"https:\/\/franciscanos.org.br\/noticias\/2-dia-da-novena-de-pentecostes-recorda-a-apresentacao-de-jesus-no-templo.html","og_locale":"pt_BR","og_type":"article","og_title":"2\u00b0 Dia da Novena de Pentecostes recorda a apresenta\u00e7\u00e3o de Jesus no templo - Not\u00edcias - Franciscanos","og_description":"2\u00ba dia da Novena de Pentecostes","og_url":"https:\/\/franciscanos.org.br\/noticias\/2-dia-da-novena-de-pentecostes-recorda-a-apresentacao-de-jesus-no-templo.html","og_site_name":"Not\u00edcias - Franciscanos","article_published_time":"2022-05-29T10:19:42+00:00","article_modified_time":"2022-05-30T10:24:26+00:00","og_image":[{"width":1280,"height":853,"url":"https:\/\/franciscanos.org.br\/noticias\/wp-content\/uploads\/2022\/05\/segundodia_29.jpg","type":"image\/jpeg"}],"author":"moacir","twitter_card":"summary_large_image","twitter_misc":{"Escrito por":"moacir","Est. tempo de leitura":"1 minuto"},"schema":{"@context":"https:\/\/schema.org","@graph":[{"@type":"WebSite","@id":"https:\/\/franciscanos.org.br\/noticias\/#website","url":"https:\/\/franciscanos.org.br\/noticias\/","name":"Not\u00edcias - Franciscanos","description":"Prov\u00edncia Franciscana da Imaculada Concei\u00e7\u00e3o do Brasil - Ordem dos Frades Menores - OFM","potentialAction":[{"@type":"SearchAction","target":{"@type":"EntryPoint","urlTemplate":"https:\/\/franciscanos.org.br\/noticias\/?s={search_term_string}"},"query-input":"required name=search_term_string"}],"inLanguage":"pt-BR"},{"@type":"ImageObject","inLanguage":"pt-BR","@id":"https:\/\/franciscanos.org.br\/noticias\/2-dia-da-novena-de-pentecostes-recorda-a-apresentacao-de-jesus-no-templo.html#primaryimage","url":"https:\/\/franciscanos.org.br\/noticias\/wp-content\/uploads\/2022\/05\/segundodia_29.jpg","contentUrl":"https:\/\/franciscanos.org.br\/noticias\/wp-content\/uploads\/2022\/05\/segundodia_29.jpg","width":1280,"height":853},{"@type":"WebPage","@id":"https:\/\/franciscanos.org.br\/noticias\/2-dia-da-novena-de-pentecostes-recorda-a-apresentacao-de-jesus-no-templo.html#webpage","url":"https:\/\/franciscanos.org.br\/noticias\/2-dia-da-novena-de-pentecostes-recorda-a-apresentacao-de-jesus-no-templo.html","name":"2\u00b0 Dia da Novena de Pentecostes recorda a apresenta\u00e7\u00e3o de Jesus no templo - Not\u00edcias - Franciscanos","isPartOf":{"@id":"https:\/\/franciscanos.org.br\/noticias\/#website"},"primaryImageOfPage":{"@id":"https:\/\/franciscanos.org.br\/noticias\/2-dia-da-novena-de-pentecostes-recorda-a-apresentacao-de-jesus-no-templo.html#primaryimage"},"datePublished":"2022-05-29T10:19:42+00:00","dateModified":"2022-05-30T10:24:26+00:00","author":{"@id":"https:\/\/franciscanos.org.br\/noticias\/#\/schema\/person\/b5c8cba458c330ccff548b056e95a5d4"},"breadcrumb":{"@id":"https:\/\/franciscanos.org.br\/noticias\/2-dia-da-novena-de-pentecostes-recorda-a-apresentacao-de-jesus-no-templo.html#breadcrumb"},"inLanguage":"pt-BR","potentialAction":[{"@type":"ReadAction","target":["https:\/\/franciscanos.org.br\/noticias\/2-dia-da-novena-de-pentecostes-recorda-a-apresentacao-de-jesus-no-templo.html"]}]},{"@type":"BreadcrumbList","@id":"https:\/\/franciscanos.org.br\/noticias\/2-dia-da-novena-de-pentecostes-recorda-a-apresentacao-de-jesus-no-templo.html#breadcrumb","itemListElement":[{"@type":"ListItem","position":1,"name":"Home","item":"https:\/\/franciscanos.org.br\/noticias"},{"@type":"ListItem","position":2,"name":"2\u00b0 Dia da Novena de Pentecostes recorda a apresenta\u00e7\u00e3o de Jesus no templo"}]},{"@type":"Person","@id":"https:\/\/franciscanos.org.br\/noticias\/#\/schema\/person\/b5c8cba458c330ccff548b056e95a5d4","name":"moacir","image":{"@type":"ImageObject","inLanguage":"pt-BR","@id":"https:\/\/franciscanos.org.br\/noticias\/#\/schema\/person\/image\/","url":"https:\/\/secure.gravatar.com\/avatar\/d08aa2ce4c8dd416d4479aa8536fcf64?s=96&d=mm&r=g","contentUrl":"https:\/\/secure.gravatar.com\/avatar\/d08aa2ce4c8dd416d4479aa8536fcf64?s=96&d=mm&r=g","caption":"moacir"},"url":"https:\/\/franciscanos.org.br\/noticias\/author\/moacir"}]}},"_links":{"self":[{"href":"https:\/\/franciscanos.org.br\/noticias\/wp-json\/wp\/v2\/posts\/238067"}],"collection":[{"href":"https:\/\/franciscanos.org.br\/noticias\/wp-json\/wp\/v2\/posts"}],"about":[{"href":"https:\/\/franciscanos.org.br\/noticias\/wp-json\/wp\/v2\/types\/post"}],"author":[{"embeddable":true,"href":"https:\/\/franciscanos.org.br\/noticias\/wp-json\/wp\/v2\/users\/3"}],"replies":[{"embeddable":true,"href":"https:\/\/franciscanos.org.br\/noticias\/wp-json\/wp\/v2\/comments?post=238067"}],"version-history":[{"count":1,"href":"https:\/\/franciscanos.org.br\/noticias\/wp-json\/wp\/v2\/posts\/238067\/revisions"}],"predecessor-version":[{"id":238070,"href":"https:\/\/franciscanos.org.br\/noticias\/wp-json\/wp\/v2\/posts\/238067\/revisions\/238070"}],"wp:featuredmedia":[{"embeddable":true,"href":"https:\/\/franciscanos.org.br\/noticias\/wp-json\/wp\/v2\/media\/238069"}],"wp:attachment":[{"href":"https:\/\/franciscanos.org.br\/noticias\/wp-json\/wp\/v2\/media?parent=238067"}],"wp:term":[{"taxonomy":"category","embeddable":true,"href":"https:\/\/franciscanos.org.br\/noticias\/wp-json\/wp\/v2\/categories?post=238067"},{"taxonomy":"post_tag","embeddable":true,"href":"https:\/\/franciscanos.org.br\/noticias\/wp-json\/wp\/v2\/tags?post=238067"}],"curies":[{"name":"wp","href":"https:\/\/api.w.org\/{rel}","templated":true}]}}