{"id":238063,"date":"2022-05-27T07:09:59","date_gmt":"2022-05-27T10:09:59","guid":{"rendered":"https:\/\/franciscanos.org.br\/noticias\/?p=238063"},"modified":"2022-05-30T07:13:55","modified_gmt":"2022-05-30T10:13:55","slug":"1-dia-da-novena-de-pentecostes-lembra-o-anuncio-do-nascimento-de-jesus","status":"publish","type":"post","link":"https:\/\/franciscanos.org.br\/noticias\/1-dia-da-novena-de-pentecostes-lembra-o-anuncio-do-nascimento-de-jesus.html","title":{"rendered":"1\u00b0 Dia da Novena de Pentecostes lembra o an\u00fancio do nascimento de Jesus"},"content":{"rendered":"<p><img loading=\"lazy\" class=\"alignnone size-full wp-image-238064\" src=\"https:\/\/franciscanos.org.br\/noticias\/wp-content\/uploads\/2022\/05\/primeirodia.jpg\" alt=\"\" width=\"1280\" height=\"720\" srcset=\"https:\/\/franciscanos.org.br\/noticias\/wp-content\/uploads\/2022\/05\/primeirodia.jpg 1280w, https:\/\/franciscanos.org.br\/noticias\/wp-content\/uploads\/2022\/05\/primeirodia-450x253.jpg 450w, https:\/\/franciscanos.org.br\/noticias\/wp-content\/uploads\/2022\/05\/primeirodia-1024x576.jpg 1024w, https:\/\/franciscanos.org.br\/noticias\/wp-content\/uploads\/2022\/05\/primeirodia-768x432.jpg 768w, https:\/\/franciscanos.org.br\/noticias\/wp-content\/uploads\/2022\/05\/primeirodia-150x84.jpg 150w\" sizes=\"(max-width: 1280px) 100vw, 1280px\" \/><\/p>\n<p>Com muita alegria e devo\u00e7\u00e3o, teve in\u00edcio no dia 27 de maio, no Santu\u00e1rio do Divino Esp\u00edrito Santo, em Vila Velha (ES) a Novena de Pentecostes. A Missa foi celebrada pelo p\u00e1roco Frei Vanderlei da Silva Neves, que acolheu a todos, e concelebrada por Frei Adriano Dias do Nascimento.<\/p>\n<p>O tema do primeiro dia da Novena foi \u201cAn\u00fancio do Nascimento de Jesus\u201d, muito bem representado com a entrada da primeira vela de Pentecostes, que foi acesa por uma mulher lembrando Maria gr\u00e1vida de seu filho Jesus.<\/p>\n<p>Em sua homilia, Frei Vanderlei ressaltou a tem\u00e1tica do dia, lembrando que os temas de cada dia da Novena nos levam \u00e0 grande festa de Pentecostes. Lembrou que devemos voltar nosso olhar para Maria. Uma jovem que teve diante dela um anjo, que anunciou que ela daria \u00e0 luz Jesus. Lembrou que Maria n\u00e3o hesitou e disse sim. Abriu seu cora\u00e7\u00e3o sem temer a rejei\u00e7\u00e3o da fam\u00edlia e nem da comunidade. Tamb\u00e9m S\u00e3o Jos\u00e9, que acreditou em Maria, virgem, porque tamb\u00e9m teve a manifesta\u00e7\u00e3o de Deus sobre ele.<\/p>\n<p><img loading=\"lazy\" class=\"alignnone size-full wp-image-238065\" src=\"https:\/\/franciscanos.org.br\/noticias\/wp-content\/uploads\/2022\/05\/primeirodia_01.jpg\" alt=\"\" width=\"1280\" height=\"802\" srcset=\"https:\/\/franciscanos.org.br\/noticias\/wp-content\/uploads\/2022\/05\/primeirodia_01.jpg 1280w, https:\/\/franciscanos.org.br\/noticias\/wp-content\/uploads\/2022\/05\/primeirodia_01-450x282.jpg 450w, https:\/\/franciscanos.org.br\/noticias\/wp-content\/uploads\/2022\/05\/primeirodia_01-1024x642.jpg 1024w, https:\/\/franciscanos.org.br\/noticias\/wp-content\/uploads\/2022\/05\/primeirodia_01-768x481.jpg 768w, https:\/\/franciscanos.org.br\/noticias\/wp-content\/uploads\/2022\/05\/primeirodia_01-150x94.jpg 150w\" sizes=\"(max-width: 1280px) 100vw, 1280px\" \/><\/p>\n<p>\u201cAssim \u00e9 nossa vida\u201d, ressaltou Frei Vanderlei: \u201cSempre devemos estar abertos ao projeto de Deus. Para isso, devemos contar com a ajuda do Esp\u00edrito Santo. Sem Ele, n\u00e3o ter\u00edamos f\u00e9. O Esp\u00edrito Santo provoca em n\u00f3s o desejo de f\u00e9\u201d.<\/p>\n<p>Devemos lembrar que nem tudo acontece conforme o nosso querer. Deus escolhe o melhor momento para todas as pessoas, n\u00e3o somente para quem recebe a gra\u00e7a, mas para todos que est\u00e3o ao seu redor. Pe\u00e7amos ajuda ao Esp\u00edrito Santo para ter discernimento para aquilo que \u00e9 an\u00fancio de Deus ou para aquilo que \u00e9 minha vontade. Sempre Deus tem algo a nos dizer, assim como disse a Maria.<\/p>\n<p>Fiquemos atentos aos avisos. N\u00e3o deixemos que essa luz se apague. Sejamos luz. Em todos os momentos de nossa vida, pe\u00e7amos o aux\u00edlio do Esp\u00edrito Santo para bem vivermos e sentir a presen\u00e7a de Deus em nosso meio.<\/p>\n<hr \/>\n<p><em>Pascom da Par\u00f3quia do Ros\u00e1rio<\/em><\/p>\n","protected":false},"excerpt":{"rendered":"<p>Novena de Pentecostes<\/p>\n","protected":false},"author":3,"featured_media":238064,"comment_status":"open","ping_status":"open","sticky":false,"template":"","format":"standard","meta":[],"categories":[1],"tags":[1180],"acf":[],"yoast_head":"<!-- This site is optimized with the Yoast SEO plugin v19.2 - https:\/\/yoast.com\/wordpress\/plugins\/seo\/ -->\n<title>1\u00b0 Dia da Novena de Pentecostes lembra o an\u00fancio do nascimento de Jesus - Not\u00edcias - Franciscanos<\/title>\n<meta name=\"robots\" content=\"index, follow, max-snippet:-1, max-image-preview:large, max-video-preview:-1\" \/>\n<link rel=\"canonical\" href=\"https:\/\/franciscanos.org.br\/noticias\/1-dia-da-novena-de-pentecostes-lembra-o-anuncio-do-nascimento-de-jesus.html\" \/>\n<meta property=\"og:locale\" content=\"pt_BR\" \/>\n<meta property=\"og:type\" content=\"article\" \/>\n<meta property=\"og:title\" content=\"1\u00b0 Dia da Novena de Pentecostes lembra o an\u00fancio do nascimento de Jesus - Not\u00edcias - Franciscanos\" \/>\n<meta property=\"og:description\" content=\"Novena de Pentecostes\" \/>\n<meta property=\"og:url\" content=\"https:\/\/franciscanos.org.br\/noticias\/1-dia-da-novena-de-pentecostes-lembra-o-anuncio-do-nascimento-de-jesus.html\" \/>\n<meta property=\"og:site_name\" content=\"Not\u00edcias - Franciscanos\" \/>\n<meta property=\"article:published_time\" content=\"2022-05-27T10:09:59+00:00\" \/>\n<meta property=\"article:modified_time\" content=\"2022-05-30T10:13:55+00:00\" \/>\n<meta property=\"og:image\" content=\"https:\/\/franciscanos.org.br\/noticias\/wp-content\/uploads\/2022\/05\/primeirodia.jpg\" \/>\n\t<meta property=\"og:image:width\" content=\"1280\" \/>\n\t<meta property=\"og:image:height\" content=\"720\" \/>\n\t<meta property=\"og:image:type\" content=\"image\/jpeg\" \/>\n<meta name=\"author\" content=\"moacir\" \/>\n<meta name=\"twitter:card\" content=\"summary_large_image\" \/>\n<meta name=\"twitter:label1\" content=\"Escrito por\" \/>\n\t<meta name=\"twitter:data1\" content=\"moacir\" \/>\n\t<meta name=\"twitter:label2\" content=\"Est. tempo de leitura\" \/>\n\t<meta name=\"twitter:data2\" content=\"2 minutos\" \/>\n<script type=\"application\/ld+json\" class=\"yoast-schema-graph\">{\"@context\":\"https:\/\/schema.org\",\"@graph\":[{\"@type\":\"WebSite\",\"@id\":\"https:\/\/franciscanos.org.br\/noticias\/#website\",\"url\":\"https:\/\/franciscanos.org.br\/noticias\/\",\"name\":\"Not\u00edcias - Franciscanos\",\"description\":\"Prov\u00edncia Franciscana da Imaculada Concei\u00e7\u00e3o do Brasil - Ordem dos Frades Menores - OFM\",\"potentialAction\":[{\"@type\":\"SearchAction\",\"target\":{\"@type\":\"EntryPoint\",\"urlTemplate\":\"https:\/\/franciscanos.org.br\/noticias\/?s={search_term_string}\"},\"query-input\":\"required name=search_term_string\"}],\"inLanguage\":\"pt-BR\"},{\"@type\":\"ImageObject\",\"inLanguage\":\"pt-BR\",\"@id\":\"https:\/\/franciscanos.org.br\/noticias\/1-dia-da-novena-de-pentecostes-lembra-o-anuncio-do-nascimento-de-jesus.html#primaryimage\",\"url\":\"https:\/\/franciscanos.org.br\/noticias\/wp-content\/uploads\/2022\/05\/primeirodia.jpg\",\"contentUrl\":\"https:\/\/franciscanos.org.br\/noticias\/wp-content\/uploads\/2022\/05\/primeirodia.jpg\",\"width\":1280,\"height\":720},{\"@type\":\"WebPage\",\"@id\":\"https:\/\/franciscanos.org.br\/noticias\/1-dia-da-novena-de-pentecostes-lembra-o-anuncio-do-nascimento-de-jesus.html#webpage\",\"url\":\"https:\/\/franciscanos.org.br\/noticias\/1-dia-da-novena-de-pentecostes-lembra-o-anuncio-do-nascimento-de-jesus.html\",\"name\":\"1\u00b0 Dia da Novena de Pentecostes lembra o an\u00fancio do nascimento de Jesus - Not\u00edcias - Franciscanos\",\"isPartOf\":{\"@id\":\"https:\/\/franciscanos.org.br\/noticias\/#website\"},\"primaryImageOfPage\":{\"@id\":\"https:\/\/franciscanos.org.br\/noticias\/1-dia-da-novena-de-pentecostes-lembra-o-anuncio-do-nascimento-de-jesus.html#primaryimage\"},\"datePublished\":\"2022-05-27T10:09:59+00:00\",\"dateModified\":\"2022-05-30T10:13:55+00:00\",\"author\":{\"@id\":\"https:\/\/franciscanos.org.br\/noticias\/#\/schema\/person\/b5c8cba458c330ccff548b056e95a5d4\"},\"breadcrumb\":{\"@id\":\"https:\/\/franciscanos.org.br\/noticias\/1-dia-da-novena-de-pentecostes-lembra-o-anuncio-do-nascimento-de-jesus.html#breadcrumb\"},\"inLanguage\":\"pt-BR\",\"potentialAction\":[{\"@type\":\"ReadAction\",\"target\":[\"https:\/\/franciscanos.org.br\/noticias\/1-dia-da-novena-de-pentecostes-lembra-o-anuncio-do-nascimento-de-jesus.html\"]}]},{\"@type\":\"BreadcrumbList\",\"@id\":\"https:\/\/franciscanos.org.br\/noticias\/1-dia-da-novena-de-pentecostes-lembra-o-anuncio-do-nascimento-de-jesus.html#breadcrumb\",\"itemListElement\":[{\"@type\":\"ListItem\",\"position\":1,\"name\":\"Home\",\"item\":\"https:\/\/franciscanos.org.br\/noticias\"},{\"@type\":\"ListItem\",\"position\":2,\"name\":\"1\u00b0 Dia da Novena de Pentecostes lembra o an\u00fancio do nascimento de Jesus\"}]},{\"@type\":\"Person\",\"@id\":\"https:\/\/franciscanos.org.br\/noticias\/#\/schema\/person\/b5c8cba458c330ccff548b056e95a5d4\",\"name\":\"moacir\",\"image\":{\"@type\":\"ImageObject\",\"inLanguage\":\"pt-BR\",\"@id\":\"https:\/\/franciscanos.org.br\/noticias\/#\/schema\/person\/image\/\",\"url\":\"https:\/\/secure.gravatar.com\/avatar\/d08aa2ce4c8dd416d4479aa8536fcf64?s=96&d=mm&r=g\",\"contentUrl\":\"https:\/\/secure.gravatar.com\/avatar\/d08aa2ce4c8dd416d4479aa8536fcf64?s=96&d=mm&r=g\",\"caption\":\"moacir\"},\"url\":\"https:\/\/franciscanos.org.br\/noticias\/author\/moacir\"}]}<\/script>\n<!-- \/ Yoast SEO plugin. -->","yoast_head_json":{"title":"1\u00b0 Dia da Novena de Pentecostes lembra o an\u00fancio do nascimento de Jesus - Not\u00edcias - Franciscanos","robots":{"index":"index","follow":"follow","max-snippet":"max-snippet:-1","max-image-preview":"max-image-preview:large","max-video-preview":"max-video-preview:-1"},"canonical":"https:\/\/franciscanos.org.br\/noticias\/1-dia-da-novena-de-pentecostes-lembra-o-anuncio-do-nascimento-de-jesus.html","og_locale":"pt_BR","og_type":"article","og_title":"1\u00b0 Dia da Novena de Pentecostes lembra o an\u00fancio do nascimento de Jesus - Not\u00edcias - Franciscanos","og_description":"Novena de Pentecostes","og_url":"https:\/\/franciscanos.org.br\/noticias\/1-dia-da-novena-de-pentecostes-lembra-o-anuncio-do-nascimento-de-jesus.html","og_site_name":"Not\u00edcias - Franciscanos","article_published_time":"2022-05-27T10:09:59+00:00","article_modified_time":"2022-05-30T10:13:55+00:00","og_image":[{"width":1280,"height":720,"url":"https:\/\/franciscanos.org.br\/noticias\/wp-content\/uploads\/2022\/05\/primeirodia.jpg","type":"image\/jpeg"}],"author":"moacir","twitter_card":"summary_large_image","twitter_misc":{"Escrito por":"moacir","Est. tempo de leitura":"2 minutos"},"schema":{"@context":"https:\/\/schema.org","@graph":[{"@type":"WebSite","@id":"https:\/\/franciscanos.org.br\/noticias\/#website","url":"https:\/\/franciscanos.org.br\/noticias\/","name":"Not\u00edcias - Franciscanos","description":"Prov\u00edncia Franciscana da Imaculada Concei\u00e7\u00e3o do Brasil - Ordem dos Frades Menores - OFM","potentialAction":[{"@type":"SearchAction","target":{"@type":"EntryPoint","urlTemplate":"https:\/\/franciscanos.org.br\/noticias\/?s={search_term_string}"},"query-input":"required name=search_term_string"}],"inLanguage":"pt-BR"},{"@type":"ImageObject","inLanguage":"pt-BR","@id":"https:\/\/franciscanos.org.br\/noticias\/1-dia-da-novena-de-pentecostes-lembra-o-anuncio-do-nascimento-de-jesus.html#primaryimage","url":"https:\/\/franciscanos.org.br\/noticias\/wp-content\/uploads\/2022\/05\/primeirodia.jpg","contentUrl":"https:\/\/franciscanos.org.br\/noticias\/wp-content\/uploads\/2022\/05\/primeirodia.jpg","width":1280,"height":720},{"@type":"WebPage","@id":"https:\/\/franciscanos.org.br\/noticias\/1-dia-da-novena-de-pentecostes-lembra-o-anuncio-do-nascimento-de-jesus.html#webpage","url":"https:\/\/franciscanos.org.br\/noticias\/1-dia-da-novena-de-pentecostes-lembra-o-anuncio-do-nascimento-de-jesus.html","name":"1\u00b0 Dia da Novena de Pentecostes lembra o an\u00fancio do nascimento de Jesus - Not\u00edcias - Franciscanos","isPartOf":{"@id":"https:\/\/franciscanos.org.br\/noticias\/#website"},"primaryImageOfPage":{"@id":"https:\/\/franciscanos.org.br\/noticias\/1-dia-da-novena-de-pentecostes-lembra-o-anuncio-do-nascimento-de-jesus.html#primaryimage"},"datePublished":"2022-05-27T10:09:59+00:00","dateModified":"2022-05-30T10:13:55+00:00","author":{"@id":"https:\/\/franciscanos.org.br\/noticias\/#\/schema\/person\/b5c8cba458c330ccff548b056e95a5d4"},"breadcrumb":{"@id":"https:\/\/franciscanos.org.br\/noticias\/1-dia-da-novena-de-pentecostes-lembra-o-anuncio-do-nascimento-de-jesus.html#breadcrumb"},"inLanguage":"pt-BR","potentialAction":[{"@type":"ReadAction","target":["https:\/\/franciscanos.org.br\/noticias\/1-dia-da-novena-de-pentecostes-lembra-o-anuncio-do-nascimento-de-jesus.html"]}]},{"@type":"BreadcrumbList","@id":"https:\/\/franciscanos.org.br\/noticias\/1-dia-da-novena-de-pentecostes-lembra-o-anuncio-do-nascimento-de-jesus.html#breadcrumb","itemListElement":[{"@type":"ListItem","position":1,"name":"Home","item":"https:\/\/franciscanos.org.br\/noticias"},{"@type":"ListItem","position":2,"name":"1\u00b0 Dia da Novena de Pentecostes lembra o an\u00fancio do nascimento de Jesus"}]},{"@type":"Person","@id":"https:\/\/franciscanos.org.br\/noticias\/#\/schema\/person\/b5c8cba458c330ccff548b056e95a5d4","name":"moacir","image":{"@type":"ImageObject","inLanguage":"pt-BR","@id":"https:\/\/franciscanos.org.br\/noticias\/#\/schema\/person\/image\/","url":"https:\/\/secure.gravatar.com\/avatar\/d08aa2ce4c8dd416d4479aa8536fcf64?s=96&d=mm&r=g","contentUrl":"https:\/\/secure.gravatar.com\/avatar\/d08aa2ce4c8dd416d4479aa8536fcf64?s=96&d=mm&r=g","caption":"moacir"},"url":"https:\/\/franciscanos.org.br\/noticias\/author\/moacir"}]}},"_links":{"self":[{"href":"https:\/\/franciscanos.org.br\/noticias\/wp-json\/wp\/v2\/posts\/238063"}],"collection":[{"href":"https:\/\/franciscanos.org.br\/noticias\/wp-json\/wp\/v2\/posts"}],"about":[{"href":"https:\/\/franciscanos.org.br\/noticias\/wp-json\/wp\/v2\/types\/post"}],"author":[{"embeddable":true,"href":"https:\/\/franciscanos.org.br\/noticias\/wp-json\/wp\/v2\/users\/3"}],"replies":[{"embeddable":true,"href":"https:\/\/franciscanos.org.br\/noticias\/wp-json\/wp\/v2\/comments?post=238063"}],"version-history":[{"count":1,"href":"https:\/\/franciscanos.org.br\/noticias\/wp-json\/wp\/v2\/posts\/238063\/revisions"}],"predecessor-version":[{"id":238066,"href":"https:\/\/franciscanos.org.br\/noticias\/wp-json\/wp\/v2\/posts\/238063\/revisions\/238066"}],"wp:featuredmedia":[{"embeddable":true,"href":"https:\/\/franciscanos.org.br\/noticias\/wp-json\/wp\/v2\/media\/238064"}],"wp:attachment":[{"href":"https:\/\/franciscanos.org.br\/noticias\/wp-json\/wp\/v2\/media?parent=238063"}],"wp:term":[{"taxonomy":"category","embeddable":true,"href":"https:\/\/franciscanos.org.br\/noticias\/wp-json\/wp\/v2\/categories?post=238063"},{"taxonomy":"post_tag","embeddable":true,"href":"https:\/\/franciscanos.org.br\/noticias\/wp-json\/wp\/v2\/tags?post=238063"}],"curies":[{"name":"wp","href":"https:\/\/api.w.org\/{rel}","templated":true}]}}