{"id":238050,"date":"2022-05-29T09:27:38","date_gmt":"2022-05-29T12:27:38","guid":{"rendered":"https:\/\/franciscanos.org.br\/noticias\/?p=238050"},"modified":"2022-05-29T09:27:38","modified_gmt":"2022-05-29T12:27:38","slug":"emocao-alegria-e-brasilidade-no-concerto-das-meninas-dos-canarinhos-de-petropolis","status":"publish","type":"post","link":"https:\/\/franciscanos.org.br\/noticias\/emocao-alegria-e-brasilidade-no-concerto-das-meninas-dos-canarinhos-de-petropolis.html","title":{"rendered":"Emo\u00e7\u00e3o, alegria e brasilidade no Concerto das Meninas dos Canarinhos de Petr\u00f3polis"},"content":{"rendered":"<p><img loading=\"lazy\" class=\"alignnone size-full wp-image-238051\" src=\"https:\/\/franciscanos.org.br\/noticias\/wp-content\/uploads\/2022\/05\/canarinhos_2905.jpg\" alt=\"\" width=\"1280\" height=\"720\" srcset=\"https:\/\/franciscanos.org.br\/noticias\/wp-content\/uploads\/2022\/05\/canarinhos_2905.jpg 1280w, https:\/\/franciscanos.org.br\/noticias\/wp-content\/uploads\/2022\/05\/canarinhos_2905-450x253.jpg 450w, https:\/\/franciscanos.org.br\/noticias\/wp-content\/uploads\/2022\/05\/canarinhos_2905-1024x576.jpg 1024w, https:\/\/franciscanos.org.br\/noticias\/wp-content\/uploads\/2022\/05\/canarinhos_2905-768x432.jpg 768w, https:\/\/franciscanos.org.br\/noticias\/wp-content\/uploads\/2022\/05\/canarinhos_2905-150x84.jpg 150w\" sizes=\"(max-width: 1280px) 100vw, 1280px\" \/><\/p>\n<p><strong>\u00a0<\/strong><strong>Petr\u00f3polis (RJ) \u2013<\/strong> Uma noite especial! Assim foi o Concerto do Coral das Meninas dos Canarinhos de Petr\u00f3polis (RJ), no s\u00e1bado, 28 de maio, \u00e0s 19h30. A apresenta\u00e7\u00e3o marcou o retorno das coralistas aos palcos e emocionou o p\u00fablico que lotou a centen\u00e1ria Igreja do Sagrado Cora\u00e7\u00e3o de Jesus de Petr\u00f3polis (RJ).<\/p>\n<p>O maestro Marcelo Vizani preparou um repert\u00f3rio de 13 m\u00fasicas, com dura\u00e7\u00e3o de aproximadamente 1h30, e cativou o p\u00fablico com can\u00e7\u00f5es sacras, populares e hist\u00f3ricas, que remetem \u00e0 lembran\u00e7a do p\u00fablico. Uma cena que se repetiu v\u00e1rias vezes foi a dos presentes aplaudirem de p\u00e9 as pe\u00e7as. E como n\u00e3o podia ser diferente, no final as meninas brindaram a todos com o bis da conhecida m\u00fasica \u201cMary Mary\u201d, de Mary Donnelly.<\/p>\n<p><img loading=\"lazy\" class=\"alignnone size-full wp-image-238052\" src=\"https:\/\/franciscanos.org.br\/noticias\/wp-content\/uploads\/2022\/05\/canarinhos_2905_1.jpg\" alt=\"\" width=\"1280\" height=\"853\" srcset=\"https:\/\/franciscanos.org.br\/noticias\/wp-content\/uploads\/2022\/05\/canarinhos_2905_1.jpg 1280w, https:\/\/franciscanos.org.br\/noticias\/wp-content\/uploads\/2022\/05\/canarinhos_2905_1-450x300.jpg 450w, https:\/\/franciscanos.org.br\/noticias\/wp-content\/uploads\/2022\/05\/canarinhos_2905_1-1024x682.jpg 1024w, https:\/\/franciscanos.org.br\/noticias\/wp-content\/uploads\/2022\/05\/canarinhos_2905_1-768x512.jpg 768w, https:\/\/franciscanos.org.br\/noticias\/wp-content\/uploads\/2022\/05\/canarinhos_2905_1-150x100.jpg 150w\" sizes=\"(max-width: 1280px) 100vw, 1280px\" \/><\/p>\n<p>O presidente do Instituto dos Meninos Cantores de Petr\u00f3polis, Frei Marcos Antonio de Andrade, que tamb\u00e9m acumula o servi\u00e7o de Definidor Provincial da Prov\u00edncia da Imaculada Concei\u00e7\u00e3o, abriu o concerto dando as boas-vindas a todos. Explicou que o evento \u00e9 uma contrapartida da Lei Aldir Blanc do Munic\u00edpio, verba p\u00fablica recebida em novembro de 2020, mas que devido \u00e0 pandemia foi adiado. Realizado pelo Instituto dos Meninos Cantores de Petr\u00f3polis (IMCP), o concerto contou com a parceria do Conselho Municipal de Cultura, Prefeitura de Petr\u00f3polis, Instituto Municipal de Cultura, Fundo Municipal de Cultura e Par\u00f3quia do Sagrado Cora\u00e7\u00e3o de Jesus.<\/p>\n<p>\u201c\u00c9 uma alegria muito grande poder retornar com os concertos\u201d, disse Frei Marcos. \u201cO programa foi inspirado em m\u00fasicas que cont\u00eam diversos per\u00edodos do coro, fundado em 1988, por Frei Jos\u00e9 Lu\u00eds Prim\u201d, acrescentou. \u201cTenhamos uma noite bela com o concerto do Coral das Meninas dos Canarinhos de Petr\u00f3polis\u201d, desejou. Na sequ\u00eancia, convidou as coralistas para entrarem na igreja. Depois, chamou o maestro Marcelo Vizani para compor o cen\u00e1rio.<\/p>\n<p><img loading=\"lazy\" class=\"alignnone size-full wp-image-238053\" src=\"https:\/\/franciscanos.org.br\/noticias\/wp-content\/uploads\/2022\/05\/canarinhos_2905_3.jpg\" alt=\"\" width=\"1199\" height=\"799\" srcset=\"https:\/\/franciscanos.org.br\/noticias\/wp-content\/uploads\/2022\/05\/canarinhos_2905_3.jpg 1199w, https:\/\/franciscanos.org.br\/noticias\/wp-content\/uploads\/2022\/05\/canarinhos_2905_3-450x300.jpg 450w, https:\/\/franciscanos.org.br\/noticias\/wp-content\/uploads\/2022\/05\/canarinhos_2905_3-1024x682.jpg 1024w, https:\/\/franciscanos.org.br\/noticias\/wp-content\/uploads\/2022\/05\/canarinhos_2905_3-768x512.jpg 768w, https:\/\/franciscanos.org.br\/noticias\/wp-content\/uploads\/2022\/05\/canarinhos_2905_3-150x100.jpg 150w\" sizes=\"(max-width: 1199px) 100vw, 1199px\" \/><\/p>\n\n\t\t<style type=\"text\/css\">\n\t\t\t#gallery-1 {\n\t\t\t\tmargin: auto;\n\t\t\t}\n\t\t\t#gallery-1 .gallery-item {\n\t\t\t\tfloat: left;\n\t\t\t\tmargin-top: 10px;\n\t\t\t\ttext-align: center;\n\t\t\t\twidth: 25%;\n\t\t\t}\n\t\t\t#gallery-1 img {\n\t\t\t\tborder: 2px solid #cfcfcf;\n\t\t\t}\n\t\t\t#gallery-1 .gallery-caption {\n\t\t\t\tmargin-left: 0;\n\t\t\t}\n\t\t\t\/* see gallery_shortcode() in wp-includes\/media.php *\/\n\t\t<\/style>\n\t\t<div id='gallery-1' class='gallery galleryid-238050 gallery-columns-4 gallery-size-thumbnail'><dl class='gallery-item'>\n\t\t\t<dt class='gallery-icon landscape'>\n\t\t\t\t<a href='https:\/\/franciscanos.org.br\/noticias\/wp-content\/uploads\/2022\/05\/canarinhos_01.jpg'><img width=\"300\" height=\"300\" src=\"https:\/\/franciscanos.org.br\/noticias\/wp-content\/uploads\/2022\/05\/canarinhos_01-300x300.jpg\" class=\"attachment-thumbnail size-thumbnail\" alt=\"\" loading=\"lazy\" srcset=\"https:\/\/franciscanos.org.br\/noticias\/wp-content\/uploads\/2022\/05\/canarinhos_01-300x300.jpg 300w, https:\/\/franciscanos.org.br\/noticias\/wp-content\/uploads\/2022\/05\/canarinhos_01-100x100.jpg 100w\" sizes=\"(max-width: 300px) 100vw, 300px\" \/><\/a>\n\t\t\t<\/dt><\/dl><dl class='gallery-item'>\n\t\t\t<dt class='gallery-icon landscape'>\n\t\t\t\t<a href='https:\/\/franciscanos.org.br\/noticias\/wp-content\/uploads\/2022\/05\/canarinhos_02.jpg'><img width=\"300\" height=\"300\" src=\"https:\/\/franciscanos.org.br\/noticias\/wp-content\/uploads\/2022\/05\/canarinhos_02-300x300.jpg\" class=\"attachment-thumbnail size-thumbnail\" alt=\"\" loading=\"lazy\" srcset=\"https:\/\/franciscanos.org.br\/noticias\/wp-content\/uploads\/2022\/05\/canarinhos_02-300x300.jpg 300w, https:\/\/franciscanos.org.br\/noticias\/wp-content\/uploads\/2022\/05\/canarinhos_02-100x100.jpg 100w\" sizes=\"(max-width: 300px) 100vw, 300px\" \/><\/a>\n\t\t\t<\/dt><\/dl><dl class='gallery-item'>\n\t\t\t<dt class='gallery-icon landscape'>\n\t\t\t\t<a href='https:\/\/franciscanos.org.br\/noticias\/wp-content\/uploads\/2022\/05\/canarinhos_03.jpg'><img width=\"300\" height=\"300\" src=\"https:\/\/franciscanos.org.br\/noticias\/wp-content\/uploads\/2022\/05\/canarinhos_03-300x300.jpg\" class=\"attachment-thumbnail size-thumbnail\" alt=\"\" loading=\"lazy\" srcset=\"https:\/\/franciscanos.org.br\/noticias\/wp-content\/uploads\/2022\/05\/canarinhos_03-300x300.jpg 300w, https:\/\/franciscanos.org.br\/noticias\/wp-content\/uploads\/2022\/05\/canarinhos_03-100x100.jpg 100w\" sizes=\"(max-width: 300px) 100vw, 300px\" \/><\/a>\n\t\t\t<\/dt><\/dl><dl class='gallery-item'>\n\t\t\t<dt class='gallery-icon landscape'>\n\t\t\t\t<a href='https:\/\/franciscanos.org.br\/noticias\/wp-content\/uploads\/2022\/05\/canarinhos_04.jpg'><img width=\"300\" height=\"300\" src=\"https:\/\/franciscanos.org.br\/noticias\/wp-content\/uploads\/2022\/05\/canarinhos_04-300x300.jpg\" class=\"attachment-thumbnail size-thumbnail\" alt=\"\" loading=\"lazy\" srcset=\"https:\/\/franciscanos.org.br\/noticias\/wp-content\/uploads\/2022\/05\/canarinhos_04-300x300.jpg 300w, https:\/\/franciscanos.org.br\/noticias\/wp-content\/uploads\/2022\/05\/canarinhos_04-100x100.jpg 100w\" sizes=\"(max-width: 300px) 100vw, 300px\" \/><\/a>\n\t\t\t<\/dt><\/dl><br style=\"clear: both\" \/>\n\t\t<\/div>\n\n<p><em> \u00a0 \u00a0(toque nas imagens menores para ampli\u00e1-las)<\/em><\/p>\n<p>\u201cVoc\u00eas n\u00e3o t\u00eam no\u00e7\u00e3o como \u00e9 bom estar ao vivo novamente. Para n\u00f3s que somos artistas isso \u00e9 muito bom, gratificante\u201d, disse o maestro. \u201cN\u00f3s preparamos um repert\u00f3rio que faz parte dos nossos 34 anos de coral\u201d, adiantou. As quatros primeiras pe\u00e7as foram voltadas para a tem\u00e1tica mariana, s\u00e3o elas: \u201cRegina Coeli\u201d, de Jos\u00e9 Maur\u00edcio Nunes Garcia; \u201cAve Maria\u201d, de Deborah Lutz; \u201cAve Maria no morro\u201d, de Erivelton Martins; e \u201cMaria Maria\u201d, de Milton Nascimento e Fernando Brant.<\/p>\n<p>Seguidamente, as m\u00fasicas \u201cLe\u00e3ozinho\u201d e \u201cLuz do sol\u201d, de Caetano Veloso, trouxeram a brasilidade para o p\u00fablico. Depois vieram can\u00e7\u00f5es cl\u00e1ssicas como \u201cEu sei que vou te amar\u201d, de Tom Jobim; \u201cCa\u00e7ador de Mim\u201d, de Milton Nascimento e Fernando Brant, bem como \u201cCan\u00e7\u00f5es e Momentos\u201d, dos mesmos autores. O repert\u00f3rio tamb\u00e9m foi composto pelas m\u00fasicas: \u201cA Thousand Years\u201d, de Cristina Perri e David Hodges; e \u201cBeaty and the best\u201d, de Alan Menken.<\/p>\n<p>Manoela Carvalho de Barros \u00e9 coralista h\u00e1 oito anos. Poder voltar aos concertos presenciais foi uma experi\u00eancia que, segundo ela, mudou sua vida. \u201cFoi muito dif\u00edcil ficar dois anos sem cantar\u201d, frisou. Manoela abrilhantou a apresenta\u00e7\u00e3o fazendo o solo de \u201cConte Partiro\u201d, m\u00fasica de Lucio Quarantolo e Francisco Sartori. \u201cEstava tremendo, fiquei muito nervosa na hora, mas quando todo mundo se levantou para aplaudir senti uma emo\u00e7\u00e3o diferente, eu nunca senti isso na vida\u201d, revelou. Os pais da Manoela estavam presentes no Concerto e n\u00e3o esconderam a alegria de ver sua filha fazer sucesso. \u201cSaber que temos o apoio deles \u00e9 a melhor coisa\u201d, disse emocionada.<\/p>\n<p><img loading=\"lazy\" class=\"alignnone size-full wp-image-238058\" src=\"https:\/\/franciscanos.org.br\/noticias\/wp-content\/uploads\/2022\/05\/canarinhos_2905_4.jpg\" alt=\"\" width=\"1280\" height=\"853\" srcset=\"https:\/\/franciscanos.org.br\/noticias\/wp-content\/uploads\/2022\/05\/canarinhos_2905_4.jpg 1280w, https:\/\/franciscanos.org.br\/noticias\/wp-content\/uploads\/2022\/05\/canarinhos_2905_4-450x300.jpg 450w, https:\/\/franciscanos.org.br\/noticias\/wp-content\/uploads\/2022\/05\/canarinhos_2905_4-1024x682.jpg 1024w, https:\/\/franciscanos.org.br\/noticias\/wp-content\/uploads\/2022\/05\/canarinhos_2905_4-768x512.jpg 768w, https:\/\/franciscanos.org.br\/noticias\/wp-content\/uploads\/2022\/05\/canarinhos_2905_4-150x100.jpg 150w\" sizes=\"(max-width: 1280px) 100vw, 1280px\" \/><\/p>\n<p>Maria Eduarda, mais conhecida como Duda, canta no Coral das Meninas dos Canarinhos de Petr\u00f3polis h\u00e1 nove anos. Duda tamb\u00e9m arrebentou na execu\u00e7\u00e3o do solo da m\u00fasica \u201cHaleluia\u201d, de Leonard Cohen. Para ela, foi uma emo\u00e7\u00e3o muito grande poder voltar aos palcos. \u201c\u00c9 muito importante para mim estar no coral e fazer um solo. D\u00e1 um nervosismo, mas \u00e9 muito gratificante\u201d, destacou. Duda definiu o retorno das apresenta\u00e7\u00f5es presenciais em uma palavra: alegria. \u201cEu estava com muita saudade de fazer um concerto\u201d, disse e lamentou que este \u00e9 seu \u00faltimo ano de coral.<\/p>\n<p>As atividades e eventos dos Corais dos Canarinhos de Petr\u00f3polis podem ser acompanhadas pelas redes digitais da institui\u00e7\u00e3o e pelo site <a href=\"http:\/\/www.canarinhos.com.br\">www.canarinhos.com.br<\/a>. Siga @canarinhosdepetropolis!<\/p>\n<hr \/>\n<p><em>Frei Augusto Luiz Gabriel<\/em><\/p>\n","protected":false},"excerpt":{"rendered":"<p>Coral das Meninas dos Canarinhos de Petr\u00f3polis<\/p>\n","protected":false},"author":3,"featured_media":238051,"comment_status":"open","ping_status":"open","sticky":false,"template":"","format":"standard","meta":[],"categories":[1],"tags":[1531],"acf":[],"yoast_head":"<!-- This site is optimized with the Yoast SEO plugin v19.2 - https:\/\/yoast.com\/wordpress\/plugins\/seo\/ -->\n<title>Emo\u00e7\u00e3o, alegria e brasilidade no Concerto das Meninas dos Canarinhos de Petr\u00f3polis - Not\u00edcias - Franciscanos<\/title>\n<meta name=\"robots\" content=\"index, follow, max-snippet:-1, max-image-preview:large, max-video-preview:-1\" \/>\n<link rel=\"canonical\" href=\"https:\/\/franciscanos.org.br\/noticias\/emocao-alegria-e-brasilidade-no-concerto-das-meninas-dos-canarinhos-de-petropolis.html\" \/>\n<meta property=\"og:locale\" content=\"pt_BR\" \/>\n<meta property=\"og:type\" content=\"article\" \/>\n<meta property=\"og:title\" content=\"Emo\u00e7\u00e3o, alegria e brasilidade no Concerto das Meninas dos Canarinhos de Petr\u00f3polis - Not\u00edcias - Franciscanos\" \/>\n<meta property=\"og:description\" content=\"Coral das Meninas dos Canarinhos de Petr\u00f3polis\" \/>\n<meta property=\"og:url\" content=\"https:\/\/franciscanos.org.br\/noticias\/emocao-alegria-e-brasilidade-no-concerto-das-meninas-dos-canarinhos-de-petropolis.html\" \/>\n<meta property=\"og:site_name\" content=\"Not\u00edcias - Franciscanos\" \/>\n<meta property=\"article:published_time\" content=\"2022-05-29T12:27:38+00:00\" \/>\n<meta property=\"og:image\" content=\"https:\/\/franciscanos.org.br\/noticias\/wp-content\/uploads\/2022\/05\/canarinhos_2905.jpg\" \/>\n\t<meta property=\"og:image:width\" content=\"1280\" \/>\n\t<meta property=\"og:image:height\" content=\"720\" \/>\n\t<meta property=\"og:image:type\" content=\"image\/jpeg\" \/>\n<meta name=\"author\" content=\"moacir\" \/>\n<meta name=\"twitter:card\" content=\"summary_large_image\" \/>\n<meta name=\"twitter:label1\" content=\"Escrito por\" \/>\n\t<meta name=\"twitter:data1\" content=\"moacir\" \/>\n\t<meta name=\"twitter:label2\" content=\"Est. tempo de leitura\" \/>\n\t<meta name=\"twitter:data2\" content=\"4 minutos\" \/>\n<script type=\"application\/ld+json\" class=\"yoast-schema-graph\">{\"@context\":\"https:\/\/schema.org\",\"@graph\":[{\"@type\":\"WebSite\",\"@id\":\"https:\/\/franciscanos.org.br\/noticias\/#website\",\"url\":\"https:\/\/franciscanos.org.br\/noticias\/\",\"name\":\"Not\u00edcias - Franciscanos\",\"description\":\"Prov\u00edncia Franciscana da Imaculada Concei\u00e7\u00e3o do Brasil - Ordem dos Frades Menores - OFM\",\"potentialAction\":[{\"@type\":\"SearchAction\",\"target\":{\"@type\":\"EntryPoint\",\"urlTemplate\":\"https:\/\/franciscanos.org.br\/noticias\/?s={search_term_string}\"},\"query-input\":\"required name=search_term_string\"}],\"inLanguage\":\"pt-BR\"},{\"@type\":\"ImageObject\",\"inLanguage\":\"pt-BR\",\"@id\":\"https:\/\/franciscanos.org.br\/noticias\/emocao-alegria-e-brasilidade-no-concerto-das-meninas-dos-canarinhos-de-petropolis.html#primaryimage\",\"url\":\"https:\/\/franciscanos.org.br\/noticias\/wp-content\/uploads\/2022\/05\/canarinhos_2905.jpg\",\"contentUrl\":\"https:\/\/franciscanos.org.br\/noticias\/wp-content\/uploads\/2022\/05\/canarinhos_2905.jpg\",\"width\":1280,\"height\":720},{\"@type\":\"WebPage\",\"@id\":\"https:\/\/franciscanos.org.br\/noticias\/emocao-alegria-e-brasilidade-no-concerto-das-meninas-dos-canarinhos-de-petropolis.html#webpage\",\"url\":\"https:\/\/franciscanos.org.br\/noticias\/emocao-alegria-e-brasilidade-no-concerto-das-meninas-dos-canarinhos-de-petropolis.html\",\"name\":\"Emo\u00e7\u00e3o, alegria e brasilidade no Concerto das Meninas dos Canarinhos de Petr\u00f3polis - Not\u00edcias - Franciscanos\",\"isPartOf\":{\"@id\":\"https:\/\/franciscanos.org.br\/noticias\/#website\"},\"primaryImageOfPage\":{\"@id\":\"https:\/\/franciscanos.org.br\/noticias\/emocao-alegria-e-brasilidade-no-concerto-das-meninas-dos-canarinhos-de-petropolis.html#primaryimage\"},\"datePublished\":\"2022-05-29T12:27:38+00:00\",\"dateModified\":\"2022-05-29T12:27:38+00:00\",\"author\":{\"@id\":\"https:\/\/franciscanos.org.br\/noticias\/#\/schema\/person\/b5c8cba458c330ccff548b056e95a5d4\"},\"breadcrumb\":{\"@id\":\"https:\/\/franciscanos.org.br\/noticias\/emocao-alegria-e-brasilidade-no-concerto-das-meninas-dos-canarinhos-de-petropolis.html#breadcrumb\"},\"inLanguage\":\"pt-BR\",\"potentialAction\":[{\"@type\":\"ReadAction\",\"target\":[\"https:\/\/franciscanos.org.br\/noticias\/emocao-alegria-e-brasilidade-no-concerto-das-meninas-dos-canarinhos-de-petropolis.html\"]}]},{\"@type\":\"BreadcrumbList\",\"@id\":\"https:\/\/franciscanos.org.br\/noticias\/emocao-alegria-e-brasilidade-no-concerto-das-meninas-dos-canarinhos-de-petropolis.html#breadcrumb\",\"itemListElement\":[{\"@type\":\"ListItem\",\"position\":1,\"name\":\"Home\",\"item\":\"https:\/\/franciscanos.org.br\/noticias\"},{\"@type\":\"ListItem\",\"position\":2,\"name\":\"Emo\u00e7\u00e3o, alegria e brasilidade no Concerto das Meninas dos Canarinhos de Petr\u00f3polis\"}]},{\"@type\":\"Person\",\"@id\":\"https:\/\/franciscanos.org.br\/noticias\/#\/schema\/person\/b5c8cba458c330ccff548b056e95a5d4\",\"name\":\"moacir\",\"image\":{\"@type\":\"ImageObject\",\"inLanguage\":\"pt-BR\",\"@id\":\"https:\/\/franciscanos.org.br\/noticias\/#\/schema\/person\/image\/\",\"url\":\"https:\/\/secure.gravatar.com\/avatar\/d08aa2ce4c8dd416d4479aa8536fcf64?s=96&d=mm&r=g\",\"contentUrl\":\"https:\/\/secure.gravatar.com\/avatar\/d08aa2ce4c8dd416d4479aa8536fcf64?s=96&d=mm&r=g\",\"caption\":\"moacir\"},\"url\":\"https:\/\/franciscanos.org.br\/noticias\/author\/moacir\"}]}<\/script>\n<!-- \/ Yoast SEO plugin. -->","yoast_head_json":{"title":"Emo\u00e7\u00e3o, alegria e brasilidade no Concerto das Meninas dos Canarinhos de Petr\u00f3polis - Not\u00edcias - Franciscanos","robots":{"index":"index","follow":"follow","max-snippet":"max-snippet:-1","max-image-preview":"max-image-preview:large","max-video-preview":"max-video-preview:-1"},"canonical":"https:\/\/franciscanos.org.br\/noticias\/emocao-alegria-e-brasilidade-no-concerto-das-meninas-dos-canarinhos-de-petropolis.html","og_locale":"pt_BR","og_type":"article","og_title":"Emo\u00e7\u00e3o, alegria e brasilidade no Concerto das Meninas dos Canarinhos de Petr\u00f3polis - Not\u00edcias - Franciscanos","og_description":"Coral das Meninas dos Canarinhos de Petr\u00f3polis","og_url":"https:\/\/franciscanos.org.br\/noticias\/emocao-alegria-e-brasilidade-no-concerto-das-meninas-dos-canarinhos-de-petropolis.html","og_site_name":"Not\u00edcias - Franciscanos","article_published_time":"2022-05-29T12:27:38+00:00","og_image":[{"width":1280,"height":720,"url":"https:\/\/franciscanos.org.br\/noticias\/wp-content\/uploads\/2022\/05\/canarinhos_2905.jpg","type":"image\/jpeg"}],"author":"moacir","twitter_card":"summary_large_image","twitter_misc":{"Escrito por":"moacir","Est. tempo de leitura":"4 minutos"},"schema":{"@context":"https:\/\/schema.org","@graph":[{"@type":"WebSite","@id":"https:\/\/franciscanos.org.br\/noticias\/#website","url":"https:\/\/franciscanos.org.br\/noticias\/","name":"Not\u00edcias - Franciscanos","description":"Prov\u00edncia Franciscana da Imaculada Concei\u00e7\u00e3o do Brasil - Ordem dos Frades Menores - OFM","potentialAction":[{"@type":"SearchAction","target":{"@type":"EntryPoint","urlTemplate":"https:\/\/franciscanos.org.br\/noticias\/?s={search_term_string}"},"query-input":"required name=search_term_string"}],"inLanguage":"pt-BR"},{"@type":"ImageObject","inLanguage":"pt-BR","@id":"https:\/\/franciscanos.org.br\/noticias\/emocao-alegria-e-brasilidade-no-concerto-das-meninas-dos-canarinhos-de-petropolis.html#primaryimage","url":"https:\/\/franciscanos.org.br\/noticias\/wp-content\/uploads\/2022\/05\/canarinhos_2905.jpg","contentUrl":"https:\/\/franciscanos.org.br\/noticias\/wp-content\/uploads\/2022\/05\/canarinhos_2905.jpg","width":1280,"height":720},{"@type":"WebPage","@id":"https:\/\/franciscanos.org.br\/noticias\/emocao-alegria-e-brasilidade-no-concerto-das-meninas-dos-canarinhos-de-petropolis.html#webpage","url":"https:\/\/franciscanos.org.br\/noticias\/emocao-alegria-e-brasilidade-no-concerto-das-meninas-dos-canarinhos-de-petropolis.html","name":"Emo\u00e7\u00e3o, alegria e brasilidade no Concerto das Meninas dos Canarinhos de Petr\u00f3polis - Not\u00edcias - Franciscanos","isPartOf":{"@id":"https:\/\/franciscanos.org.br\/noticias\/#website"},"primaryImageOfPage":{"@id":"https:\/\/franciscanos.org.br\/noticias\/emocao-alegria-e-brasilidade-no-concerto-das-meninas-dos-canarinhos-de-petropolis.html#primaryimage"},"datePublished":"2022-05-29T12:27:38+00:00","dateModified":"2022-05-29T12:27:38+00:00","author":{"@id":"https:\/\/franciscanos.org.br\/noticias\/#\/schema\/person\/b5c8cba458c330ccff548b056e95a5d4"},"breadcrumb":{"@id":"https:\/\/franciscanos.org.br\/noticias\/emocao-alegria-e-brasilidade-no-concerto-das-meninas-dos-canarinhos-de-petropolis.html#breadcrumb"},"inLanguage":"pt-BR","potentialAction":[{"@type":"ReadAction","target":["https:\/\/franciscanos.org.br\/noticias\/emocao-alegria-e-brasilidade-no-concerto-das-meninas-dos-canarinhos-de-petropolis.html"]}]},{"@type":"BreadcrumbList","@id":"https:\/\/franciscanos.org.br\/noticias\/emocao-alegria-e-brasilidade-no-concerto-das-meninas-dos-canarinhos-de-petropolis.html#breadcrumb","itemListElement":[{"@type":"ListItem","position":1,"name":"Home","item":"https:\/\/franciscanos.org.br\/noticias"},{"@type":"ListItem","position":2,"name":"Emo\u00e7\u00e3o, alegria e brasilidade no Concerto das Meninas dos Canarinhos de Petr\u00f3polis"}]},{"@type":"Person","@id":"https:\/\/franciscanos.org.br\/noticias\/#\/schema\/person\/b5c8cba458c330ccff548b056e95a5d4","name":"moacir","image":{"@type":"ImageObject","inLanguage":"pt-BR","@id":"https:\/\/franciscanos.org.br\/noticias\/#\/schema\/person\/image\/","url":"https:\/\/secure.gravatar.com\/avatar\/d08aa2ce4c8dd416d4479aa8536fcf64?s=96&d=mm&r=g","contentUrl":"https:\/\/secure.gravatar.com\/avatar\/d08aa2ce4c8dd416d4479aa8536fcf64?s=96&d=mm&r=g","caption":"moacir"},"url":"https:\/\/franciscanos.org.br\/noticias\/author\/moacir"}]}},"_links":{"self":[{"href":"https:\/\/franciscanos.org.br\/noticias\/wp-json\/wp\/v2\/posts\/238050"}],"collection":[{"href":"https:\/\/franciscanos.org.br\/noticias\/wp-json\/wp\/v2\/posts"}],"about":[{"href":"https:\/\/franciscanos.org.br\/noticias\/wp-json\/wp\/v2\/types\/post"}],"author":[{"embeddable":true,"href":"https:\/\/franciscanos.org.br\/noticias\/wp-json\/wp\/v2\/users\/3"}],"replies":[{"embeddable":true,"href":"https:\/\/franciscanos.org.br\/noticias\/wp-json\/wp\/v2\/comments?post=238050"}],"version-history":[{"count":1,"href":"https:\/\/franciscanos.org.br\/noticias\/wp-json\/wp\/v2\/posts\/238050\/revisions"}],"predecessor-version":[{"id":238059,"href":"https:\/\/franciscanos.org.br\/noticias\/wp-json\/wp\/v2\/posts\/238050\/revisions\/238059"}],"wp:featuredmedia":[{"embeddable":true,"href":"https:\/\/franciscanos.org.br\/noticias\/wp-json\/wp\/v2\/media\/238051"}],"wp:attachment":[{"href":"https:\/\/franciscanos.org.br\/noticias\/wp-json\/wp\/v2\/media?parent=238050"}],"wp:term":[{"taxonomy":"category","embeddable":true,"href":"https:\/\/franciscanos.org.br\/noticias\/wp-json\/wp\/v2\/categories?post=238050"},{"taxonomy":"post_tag","embeddable":true,"href":"https:\/\/franciscanos.org.br\/noticias\/wp-json\/wp\/v2\/tags?post=238050"}],"curies":[{"name":"wp","href":"https:\/\/api.w.org\/{rel}","templated":true}]}}