{"id":238047,"date":"2022-05-29T08:46:09","date_gmt":"2022-05-29T11:46:09","guid":{"rendered":"https:\/\/franciscanos.org.br\/noticias\/?p=238047"},"modified":"2022-05-30T20:36:02","modified_gmt":"2022-05-30T23:36:02","slug":"dom-leonardo-e-nomeado-cardeal-no-consistorio-anunciado-pelo-papa-francisco","status":"publish","type":"post","link":"https:\/\/franciscanos.org.br\/noticias\/dom-leonardo-e-nomeado-cardeal-no-consistorio-anunciado-pelo-papa-francisco.html","title":{"rendered":"Dom Leonardo \u00e9 nomeado Cardeal no Consist\u00f3rio anunciado pelo Papa Francisco"},"content":{"rendered":"<p><img loading=\"lazy\" class=\"alignnone size-full wp-image-238048\" src=\"https:\/\/franciscanos.org.br\/noticias\/wp-content\/uploads\/2022\/05\/uli.jpg\" alt=\"\" width=\"890\" height=\"450\" srcset=\"https:\/\/franciscanos.org.br\/noticias\/wp-content\/uploads\/2022\/05\/uli.jpg 890w, https:\/\/franciscanos.org.br\/noticias\/wp-content\/uploads\/2022\/05\/uli-450x228.jpg 450w, https:\/\/franciscanos.org.br\/noticias\/wp-content\/uploads\/2022\/05\/uli-768x388.jpg 768w, https:\/\/franciscanos.org.br\/noticias\/wp-content\/uploads\/2022\/05\/uli-150x76.jpg 150w\" sizes=\"(max-width: 890px) 100vw, 890px\" \/><\/p>\n<p>Na conclus\u00e3o do <em>Regina Coeli<\/em> neste domingo em que a Igreja festeja a Ascens\u00e3o do Senhor, o Santo Padre Francisco fez o an\u00fancio dos novos cardeais que ser\u00e3o criados no Consist\u00f3rio a ter lugar em 27 de agosto pr\u00f3ximo. Entre esses os brasileiros, Dom Leonardo Steiner e Dom Paulo Cezar Costa; e Dom Virgilio Do Carmo Da Silva, de Timor Leste.<\/p>\n<p>Dom Leonardo Ulrich Steiner nasceu no dia 6 de novembro de 1950 em Forquilhinha (SC). Ingressou na Ordem dos Frades Menores (OFM) no dia 20 de janeiro de 1972, quando foi admitido no Noviciado desta Prov\u00edncia Franciscana da Imaculada Concei\u00e7\u00e3o do Brasil.<\/p>\n<p>Cursou Filosofia e Teologia em Petr\u00f3polis (RJ), de 1973 a 1978, quando os dois cursos eram integrados. Foi ordenado padre pelas m\u00e3os do cardeal Paulo Evaristo Arns, seu primo, no dia 21 de janeiro de 1978, em sua cidade natal. Por sua forma\u00e7\u00e3o pedag\u00f3gica, assumiu trabalhos na \u00e1rea da educa\u00e7\u00e3o, compondo os quadros de professores das suas casas de forma\u00e7\u00e3o. De 1981 a 1982, concluiu o curso de Pedagogia, e de 1987 a 1994 tornou-se \u201cmestre de novi\u00e7os\u201d. A partir de 1995, o Frei Ulrich se transferiu para o Pontif\u00edcio Ateneu Antoniano, em Roma, onde fez mestrado e doutorado em Filosofia.<\/p>\n<p>De 1999 a 2003 exerceu a fun\u00e7\u00e3o de secret\u00e1rio geral do Pontif\u00edcio Ateneu Antoniano. De volta ao Brasil, Frei Ulrich foi nomeado vig\u00e1rio da par\u00f3quia do Senhor Bom Jesus, Curitiba (PR), onde tamb\u00e9m passou a lecionar na Faculdade de Filosofia S\u00e3o Boaventura.<\/p>\n<p>Dom Leonardo Steiner foi nomeado bispo em 2 de fevereiro de 2005 pelo Papa Jo\u00e3o Paulo II para a Prelazia de S\u00e3o F\u00e9lix do Araguaia (MT), sucedendo a Dom Pedro Casald\u00e1liga. Foi ordenado bispo no dia 16 de abril do mesmo ano, em Blumenau (SC), pelo cardeal Paulo Evaristo Arns, adotando como lema episcopal \u201cVerbum Caro Factum\u201d que quer dizer \u201cVerbo feito carne\u201d.<\/p>\n<p>De 2007 a 2011, foi membro da Comiss\u00e3o Episcopal Pastoral para os Minist\u00e9rios Ordenados e a Vida Consagrada da Confer\u00eancia Nacional dos Bispos do Brasil (CNBB) e vice-presidente do regional Oeste 2 da entidade, onde tamb\u00e9m foi bispo referencial para os presb\u00edteros; para o Conselho Indigenista Mission\u00e1rio (CIMI) e para os jovens.<\/p>\n<p>No dia 10 de maio de 2011 foi eleito secret\u00e1rio-geral da CNBB, durante a 49\u00aa Assembleia Geral. Em 21 de setembro daquele ano, o Papa Bento XVI o nomeou bispo auxiliar da arquidiocese de Bras\u00edlia (DF).<\/p>\n<p>Dom Leonardo foi eleito como membro delegado pela CNBB para participar como padre sinodal da 13\u00aa Assembleia Geral Ordin\u00e1ria do S\u00ednodo dos Bispos, realizada em Roma de 7 a 28 de outubro de 2012, com o tema \u201cA Nova Evangeliza\u00e7\u00e3o para a transmiss\u00e3o da f\u00e9 crist\u00e3\u201d.<\/p>\n<p>No dia 20 de abril de 2015, foi reeleito secret\u00e1rio-geral da CNBB. Ao lado do cardeal Sergio da Rocha e de dom Murilo Krieger, dom Leonardo mobilizou toda a Igreja no Brasil para a reforma da sede nacional da CNBB, em Bras\u00edlia. Seu mandato foi conclu\u00eddo no dia 10 de maio de 2019.<\/p>\n<p>No dia 27 de novembro de 2019, o Papa Francisco aceitou o pedido de ren\u00fancia apresentado por dom S\u00e9rgio Eduardo Castriani ao governo pastoral da Arquidiocese de Manaus (AM) e nomeou como novo arcebispo Dom Leonardo Ulrich Steiner, transferindo-o da sede titular de \u201cTisiduo\u201d e do of\u00edcio de auxiliar da arquidiocese de Bras\u00edlia (DF).<\/p>\n<h3>Dom Paulo Cezar Costa &#8211; Arcebispo Metropolita da Arquidiocese de Bras\u00edlia<\/h3>\n<p>Nasceu a 20 de julho de 1967 em Valen\u00e7a, na diocese do mesmo nome. Completou seus estudos em Filosofia no Semin\u00e1rio Nossa Senhora do Amor Divino em Petr\u00f3polis e os de Teologia no Instituto Superior de Teologia da Arquidiocese Metropolitana de S\u00e3o Sebasti\u00e3o do Rio de Janeiro. Obteve depois a Licenciatura e o Doutoramento em Teologia Dogm\u00e1tica na Pontif\u00edcia Universidade Gregoriana de Roma (1996-2001).<\/p>\n<p>Recebeu a ordena\u00e7\u00e3o sacerdotal em 5 de dezembro de 1992 e foi incardinado na Diocese de Valen\u00e7a.<\/p>\n<p>Durante seu minist\u00e9rio sacerdotal ocupou os seguintes cargos: Vig\u00e1rio Paroquial da Para\u00edba do Sul (1993); P\u00e1roco da Par\u00f3quia de S\u00e3o Sebasti\u00e3o dos Ferreiros em Vassouras (1994-1996), P\u00e1roco da Par\u00f3quia de Santa Rosa de Lima em Valen\u00e7a (2001-2006); Diretor e Professor do Departamento de Teologia da Pontif\u00edcia Universidade Cat\u00f3lica do Rio de Janeiro (2007-2010); Reitor do Semin\u00e1rio Interdiocesano Paulo VI e Diretor do Instituto Paulo VI de Filosofia e Teologia de Nova Igua\u00e7u (2006-2010). Em 24 de novembro de 2010 foi nomeado bispo titular de Esco e auxiliar da Arquidiocese Metropolitana de S\u00e3o Sebasti\u00e3o do Rio de Janeiro. Recebeu a ordena\u00e7\u00e3o episcopal em 5 de fevereiro de 2011. Em 22 de junho de 2016 foi transferido como Bispo de S\u00e3o Carlos. Na Confer\u00eancia Episcopal Brasileira \u00e9 membro do Conselho Permanente e da Comiss\u00e3o Episcopal de Cultura e Educa\u00e7\u00e3o. Desde 2020 \u00e9 membro do Pontif\u00edcio Conselho para a Unidade dos Crist\u00e3os e da Pontif\u00edcia Comiss\u00e3o para a Am\u00e9rica Latina.<\/p>\n<p>Em 21 de outubro de 2020, o Santo Padre Francisco o nomeou Arcebispo Metropolitano da Arquidiocese de Bras\u00edlia (Brasil).<\/p>\n<p><strong>OS NOVOS CARDEAIS<\/strong><\/p>\n<p>1.\u00a0 Dom Arthur Roche &#8211; Prefeito da Congrega\u00e7\u00e3o para o Culto Divino e a Disciplina dos Sacramentos.<\/p>\n<p>2.\u00a0 Dom Lazzaro You Heung sik \u2013 Prefeito da Congrega\u00e7\u00e3o para o Clero.<\/p>\n<p>3.\u00a0 Dom Fernando V\u00e9rgez Alzaga L.C. \u2013 Presidente da Pontif\u00edcia Commisss\u00e3o para o Estado da Cidade do Vaticano e Presidente do Governatorato do Estado da Cidade do Vaticano.<\/p>\n<p>4.\u00a0 Dom Jean-Marc Aveline &#8211; Arcebispo Metropolita de Marselha (Fran\u00e7a).<\/p>\n<p>5.\u00a0 Dom Peter Okpaleke &#8211; Bispo de Ekwulobia (Nig\u00e9ria).<\/p>\n<p>6.\u00a0 Dom Leonardo Ulrich Steiner, O.F.M. &#8211; Arcebispo Metropolita de Manaus\u00a0(Brasil).<\/p>\n<p>7.\u00a0 Dom Filipe Neri Ant\u00f3nio Sebasti\u00e3o de Ros\u00e1rio Ferr\u00e3o &#8211; Arcebispo de Goa e Dam\u00e3o (\u00cdndia).<\/p>\n<p>8.\u00a0 Dom Robert Walter McElroy \u2013 Bispo de San Diego (EUA)<\/p>\n<p>9.\u00a0 Dom Virgilio Do Carmo Da Silva, S.D.B. \u2013 Arcebispo de Dili (Timor Leste).<\/p>\n<p>10. Dom Oscar Cantoni &#8211; Bispo de Como (It\u00e1lia).<\/p>\n<p>11.\u00a0 Dom Anthony Poola &#8211; Arcebispo de Hyderabad (\u00cdndia).<\/p>\n<p>12. Dom Paulo Cezar Costa &#8211; Arcebispo Metropolita da Arquidiocese de Bras\u00edlia (Brasil).<\/p>\n<p>13.\u00a0 Dom Richard Kuuia Baawobr M. Afr &#8211; Bispo de Wa (Gana).<\/p>\n<p>14.\u00a0 Dom William Goh Seng Chye &#8211; Arcebispo de Singapura (Singapura).<\/p>\n<p>15.\u00a0 Dom Adalberto Mart\u00ednez Flores &#8211; Arcebispo Metropolita de Asunci\u00f3n (Paraguai).<\/p>\n<p>16.\u00a0 Dom Giorgio Marengo, I.M.C. \u2013 Prefeito Apost\u00f3lico de Ulaanbaatar (Mong\u00f3lia).<\/p>\n<p>A estes nomes, o Santo Padre uniu como membros do Col\u00e9gio de Cardeais:<\/p>\n<p>1.\u00a0 Dom Jorge Enrique Jim\u00e9nez Carvajal &#8211; Arcebispo Em\u00e9rito de Cartagena (Col\u00f4mbia).<\/p>\n<p>2.\u00a0 Dom Lucas Van Looy sdb &#8211; Arcebispo Em\u00e9rito de Gent (B\u00e9lgica).<\/p>\n<p>3.\u00a0 Dom Arrigo Miglio &#8211; Arcebispo Emerito de Cagliari (It\u00e1lia).<\/p>\n<p>4.\u00a0 R.P. Gianfranco Ghirlanda sj. \u2013 Professor de Teologia.<\/p>\n<p>5.\u00a0 Mons. Fortunato Frezza \u2013 C\u00f4nego da Bas\u00edlica de S\u00e3o Pedro<\/p>\n<p>&#8220;Rezemos pelos novos cardeais &#8211;\u00a0pediu o Santo Padre ap\u00f3s o an\u00fancio &#8211; para que, confirmando a sua ades\u00e3o a Cristo, me ajudem no meu minist\u00e9rio de Bispo de Roma para o bem de todo o fiel Povo Santo de Deus&#8221;.<\/p>\n","protected":false},"excerpt":{"rendered":"<p>Novo Consist\u00f3rio <\/p>\n","protected":false},"author":3,"featured_media":238048,"comment_status":"open","ping_status":"open","sticky":false,"template":"","format":"standard","meta":[],"categories":[1],"tags":[1584],"acf":[],"yoast_head":"<!-- This site is optimized with the Yoast SEO plugin v19.2 - https:\/\/yoast.com\/wordpress\/plugins\/seo\/ -->\n<title>Dom Leonardo \u00e9 nomeado Cardeal no Consist\u00f3rio anunciado pelo Papa Francisco - Not\u00edcias - Franciscanos<\/title>\n<meta name=\"robots\" content=\"index, follow, max-snippet:-1, max-image-preview:large, max-video-preview:-1\" \/>\n<link rel=\"canonical\" href=\"https:\/\/franciscanos.org.br\/noticias\/dom-leonardo-e-nomeado-cardeal-no-consistorio-anunciado-pelo-papa-francisco.html\" \/>\n<meta property=\"og:locale\" content=\"pt_BR\" \/>\n<meta property=\"og:type\" content=\"article\" \/>\n<meta property=\"og:title\" content=\"Dom Leonardo \u00e9 nomeado Cardeal no Consist\u00f3rio anunciado pelo Papa Francisco - Not\u00edcias - Franciscanos\" \/>\n<meta property=\"og:description\" content=\"Novo Consist\u00f3rio\" \/>\n<meta property=\"og:url\" content=\"https:\/\/franciscanos.org.br\/noticias\/dom-leonardo-e-nomeado-cardeal-no-consistorio-anunciado-pelo-papa-francisco.html\" \/>\n<meta property=\"og:site_name\" content=\"Not\u00edcias - Franciscanos\" \/>\n<meta property=\"article:published_time\" content=\"2022-05-29T11:46:09+00:00\" \/>\n<meta property=\"article:modified_time\" content=\"2022-05-30T23:36:02+00:00\" \/>\n<meta property=\"og:image\" content=\"https:\/\/franciscanos.org.br\/noticias\/wp-content\/uploads\/2022\/05\/uli.jpg\" \/>\n\t<meta property=\"og:image:width\" content=\"890\" \/>\n\t<meta property=\"og:image:height\" content=\"450\" \/>\n\t<meta property=\"og:image:type\" content=\"image\/jpeg\" \/>\n<meta name=\"author\" content=\"moacir\" \/>\n<meta name=\"twitter:card\" content=\"summary_large_image\" \/>\n<meta name=\"twitter:label1\" content=\"Escrito por\" \/>\n\t<meta name=\"twitter:data1\" content=\"moacir\" \/>\n\t<meta name=\"twitter:label2\" content=\"Est. tempo de leitura\" \/>\n\t<meta name=\"twitter:data2\" content=\"6 minutos\" \/>\n<script type=\"application\/ld+json\" class=\"yoast-schema-graph\">{\"@context\":\"https:\/\/schema.org\",\"@graph\":[{\"@type\":\"WebSite\",\"@id\":\"https:\/\/franciscanos.org.br\/noticias\/#website\",\"url\":\"https:\/\/franciscanos.org.br\/noticias\/\",\"name\":\"Not\u00edcias - Franciscanos\",\"description\":\"Prov\u00edncia Franciscana da Imaculada Concei\u00e7\u00e3o do Brasil - Ordem dos Frades Menores - OFM\",\"potentialAction\":[{\"@type\":\"SearchAction\",\"target\":{\"@type\":\"EntryPoint\",\"urlTemplate\":\"https:\/\/franciscanos.org.br\/noticias\/?s={search_term_string}\"},\"query-input\":\"required name=search_term_string\"}],\"inLanguage\":\"pt-BR\"},{\"@type\":\"ImageObject\",\"inLanguage\":\"pt-BR\",\"@id\":\"https:\/\/franciscanos.org.br\/noticias\/dom-leonardo-e-nomeado-cardeal-no-consistorio-anunciado-pelo-papa-francisco.html#primaryimage\",\"url\":\"https:\/\/franciscanos.org.br\/noticias\/wp-content\/uploads\/2022\/05\/uli.jpg\",\"contentUrl\":\"https:\/\/franciscanos.org.br\/noticias\/wp-content\/uploads\/2022\/05\/uli.jpg\",\"width\":890,\"height\":450},{\"@type\":\"WebPage\",\"@id\":\"https:\/\/franciscanos.org.br\/noticias\/dom-leonardo-e-nomeado-cardeal-no-consistorio-anunciado-pelo-papa-francisco.html#webpage\",\"url\":\"https:\/\/franciscanos.org.br\/noticias\/dom-leonardo-e-nomeado-cardeal-no-consistorio-anunciado-pelo-papa-francisco.html\",\"name\":\"Dom Leonardo \u00e9 nomeado Cardeal no Consist\u00f3rio anunciado pelo Papa Francisco - Not\u00edcias - Franciscanos\",\"isPartOf\":{\"@id\":\"https:\/\/franciscanos.org.br\/noticias\/#website\"},\"primaryImageOfPage\":{\"@id\":\"https:\/\/franciscanos.org.br\/noticias\/dom-leonardo-e-nomeado-cardeal-no-consistorio-anunciado-pelo-papa-francisco.html#primaryimage\"},\"datePublished\":\"2022-05-29T11:46:09+00:00\",\"dateModified\":\"2022-05-30T23:36:02+00:00\",\"author\":{\"@id\":\"https:\/\/franciscanos.org.br\/noticias\/#\/schema\/person\/b5c8cba458c330ccff548b056e95a5d4\"},\"breadcrumb\":{\"@id\":\"https:\/\/franciscanos.org.br\/noticias\/dom-leonardo-e-nomeado-cardeal-no-consistorio-anunciado-pelo-papa-francisco.html#breadcrumb\"},\"inLanguage\":\"pt-BR\",\"potentialAction\":[{\"@type\":\"ReadAction\",\"target\":[\"https:\/\/franciscanos.org.br\/noticias\/dom-leonardo-e-nomeado-cardeal-no-consistorio-anunciado-pelo-papa-francisco.html\"]}]},{\"@type\":\"BreadcrumbList\",\"@id\":\"https:\/\/franciscanos.org.br\/noticias\/dom-leonardo-e-nomeado-cardeal-no-consistorio-anunciado-pelo-papa-francisco.html#breadcrumb\",\"itemListElement\":[{\"@type\":\"ListItem\",\"position\":1,\"name\":\"Home\",\"item\":\"https:\/\/franciscanos.org.br\/noticias\"},{\"@type\":\"ListItem\",\"position\":2,\"name\":\"Dom Leonardo \u00e9 nomeado Cardeal no Consist\u00f3rio anunciado pelo Papa Francisco\"}]},{\"@type\":\"Person\",\"@id\":\"https:\/\/franciscanos.org.br\/noticias\/#\/schema\/person\/b5c8cba458c330ccff548b056e95a5d4\",\"name\":\"moacir\",\"image\":{\"@type\":\"ImageObject\",\"inLanguage\":\"pt-BR\",\"@id\":\"https:\/\/franciscanos.org.br\/noticias\/#\/schema\/person\/image\/\",\"url\":\"https:\/\/secure.gravatar.com\/avatar\/d08aa2ce4c8dd416d4479aa8536fcf64?s=96&d=mm&r=g\",\"contentUrl\":\"https:\/\/secure.gravatar.com\/avatar\/d08aa2ce4c8dd416d4479aa8536fcf64?s=96&d=mm&r=g\",\"caption\":\"moacir\"},\"url\":\"https:\/\/franciscanos.org.br\/noticias\/author\/moacir\"}]}<\/script>\n<!-- \/ Yoast SEO plugin. -->","yoast_head_json":{"title":"Dom Leonardo \u00e9 nomeado Cardeal no Consist\u00f3rio anunciado pelo Papa Francisco - Not\u00edcias - Franciscanos","robots":{"index":"index","follow":"follow","max-snippet":"max-snippet:-1","max-image-preview":"max-image-preview:large","max-video-preview":"max-video-preview:-1"},"canonical":"https:\/\/franciscanos.org.br\/noticias\/dom-leonardo-e-nomeado-cardeal-no-consistorio-anunciado-pelo-papa-francisco.html","og_locale":"pt_BR","og_type":"article","og_title":"Dom Leonardo \u00e9 nomeado Cardeal no Consist\u00f3rio anunciado pelo Papa Francisco - Not\u00edcias - Franciscanos","og_description":"Novo Consist\u00f3rio","og_url":"https:\/\/franciscanos.org.br\/noticias\/dom-leonardo-e-nomeado-cardeal-no-consistorio-anunciado-pelo-papa-francisco.html","og_site_name":"Not\u00edcias - Franciscanos","article_published_time":"2022-05-29T11:46:09+00:00","article_modified_time":"2022-05-30T23:36:02+00:00","og_image":[{"width":890,"height":450,"url":"https:\/\/franciscanos.org.br\/noticias\/wp-content\/uploads\/2022\/05\/uli.jpg","type":"image\/jpeg"}],"author":"moacir","twitter_card":"summary_large_image","twitter_misc":{"Escrito por":"moacir","Est. tempo de leitura":"6 minutos"},"schema":{"@context":"https:\/\/schema.org","@graph":[{"@type":"WebSite","@id":"https:\/\/franciscanos.org.br\/noticias\/#website","url":"https:\/\/franciscanos.org.br\/noticias\/","name":"Not\u00edcias - Franciscanos","description":"Prov\u00edncia Franciscana da Imaculada Concei\u00e7\u00e3o do Brasil - Ordem dos Frades Menores - OFM","potentialAction":[{"@type":"SearchAction","target":{"@type":"EntryPoint","urlTemplate":"https:\/\/franciscanos.org.br\/noticias\/?s={search_term_string}"},"query-input":"required name=search_term_string"}],"inLanguage":"pt-BR"},{"@type":"ImageObject","inLanguage":"pt-BR","@id":"https:\/\/franciscanos.org.br\/noticias\/dom-leonardo-e-nomeado-cardeal-no-consistorio-anunciado-pelo-papa-francisco.html#primaryimage","url":"https:\/\/franciscanos.org.br\/noticias\/wp-content\/uploads\/2022\/05\/uli.jpg","contentUrl":"https:\/\/franciscanos.org.br\/noticias\/wp-content\/uploads\/2022\/05\/uli.jpg","width":890,"height":450},{"@type":"WebPage","@id":"https:\/\/franciscanos.org.br\/noticias\/dom-leonardo-e-nomeado-cardeal-no-consistorio-anunciado-pelo-papa-francisco.html#webpage","url":"https:\/\/franciscanos.org.br\/noticias\/dom-leonardo-e-nomeado-cardeal-no-consistorio-anunciado-pelo-papa-francisco.html","name":"Dom Leonardo \u00e9 nomeado Cardeal no Consist\u00f3rio anunciado pelo Papa Francisco - Not\u00edcias - Franciscanos","isPartOf":{"@id":"https:\/\/franciscanos.org.br\/noticias\/#website"},"primaryImageOfPage":{"@id":"https:\/\/franciscanos.org.br\/noticias\/dom-leonardo-e-nomeado-cardeal-no-consistorio-anunciado-pelo-papa-francisco.html#primaryimage"},"datePublished":"2022-05-29T11:46:09+00:00","dateModified":"2022-05-30T23:36:02+00:00","author":{"@id":"https:\/\/franciscanos.org.br\/noticias\/#\/schema\/person\/b5c8cba458c330ccff548b056e95a5d4"},"breadcrumb":{"@id":"https:\/\/franciscanos.org.br\/noticias\/dom-leonardo-e-nomeado-cardeal-no-consistorio-anunciado-pelo-papa-francisco.html#breadcrumb"},"inLanguage":"pt-BR","potentialAction":[{"@type":"ReadAction","target":["https:\/\/franciscanos.org.br\/noticias\/dom-leonardo-e-nomeado-cardeal-no-consistorio-anunciado-pelo-papa-francisco.html"]}]},{"@type":"BreadcrumbList","@id":"https:\/\/franciscanos.org.br\/noticias\/dom-leonardo-e-nomeado-cardeal-no-consistorio-anunciado-pelo-papa-francisco.html#breadcrumb","itemListElement":[{"@type":"ListItem","position":1,"name":"Home","item":"https:\/\/franciscanos.org.br\/noticias"},{"@type":"ListItem","position":2,"name":"Dom Leonardo \u00e9 nomeado Cardeal no Consist\u00f3rio anunciado pelo Papa Francisco"}]},{"@type":"Person","@id":"https:\/\/franciscanos.org.br\/noticias\/#\/schema\/person\/b5c8cba458c330ccff548b056e95a5d4","name":"moacir","image":{"@type":"ImageObject","inLanguage":"pt-BR","@id":"https:\/\/franciscanos.org.br\/noticias\/#\/schema\/person\/image\/","url":"https:\/\/secure.gravatar.com\/avatar\/d08aa2ce4c8dd416d4479aa8536fcf64?s=96&d=mm&r=g","contentUrl":"https:\/\/secure.gravatar.com\/avatar\/d08aa2ce4c8dd416d4479aa8536fcf64?s=96&d=mm&r=g","caption":"moacir"},"url":"https:\/\/franciscanos.org.br\/noticias\/author\/moacir"}]}},"_links":{"self":[{"href":"https:\/\/franciscanos.org.br\/noticias\/wp-json\/wp\/v2\/posts\/238047"}],"collection":[{"href":"https:\/\/franciscanos.org.br\/noticias\/wp-json\/wp\/v2\/posts"}],"about":[{"href":"https:\/\/franciscanos.org.br\/noticias\/wp-json\/wp\/v2\/types\/post"}],"author":[{"embeddable":true,"href":"https:\/\/franciscanos.org.br\/noticias\/wp-json\/wp\/v2\/users\/3"}],"replies":[{"embeddable":true,"href":"https:\/\/franciscanos.org.br\/noticias\/wp-json\/wp\/v2\/comments?post=238047"}],"version-history":[{"count":4,"href":"https:\/\/franciscanos.org.br\/noticias\/wp-json\/wp\/v2\/posts\/238047\/revisions"}],"predecessor-version":[{"id":238079,"href":"https:\/\/franciscanos.org.br\/noticias\/wp-json\/wp\/v2\/posts\/238047\/revisions\/238079"}],"wp:featuredmedia":[{"embeddable":true,"href":"https:\/\/franciscanos.org.br\/noticias\/wp-json\/wp\/v2\/media\/238048"}],"wp:attachment":[{"href":"https:\/\/franciscanos.org.br\/noticias\/wp-json\/wp\/v2\/media?parent=238047"}],"wp:term":[{"taxonomy":"category","embeddable":true,"href":"https:\/\/franciscanos.org.br\/noticias\/wp-json\/wp\/v2\/categories?post=238047"},{"taxonomy":"post_tag","embeddable":true,"href":"https:\/\/franciscanos.org.br\/noticias\/wp-json\/wp\/v2\/tags?post=238047"}],"curies":[{"name":"wp","href":"https:\/\/api.w.org\/{rel}","templated":true}]}}