{"id":238044,"date":"2022-05-29T08:30:02","date_gmt":"2022-05-29T11:30:02","guid":{"rendered":"https:\/\/franciscanos.org.br\/noticias\/?p=238044"},"modified":"2022-05-29T08:30:02","modified_gmt":"2022-05-29T11:30:02","slug":"papa-na-ascensao-aprendamos-a-interceder-pelos-sofrimentos-do-mundo","status":"publish","type":"post","link":"https:\/\/franciscanos.org.br\/noticias\/papa-na-ascensao-aprendamos-a-interceder-pelos-sofrimentos-do-mundo.html","title":{"rendered":"Papa na Ascens\u00e3o: aprendamos a interceder pelos sofrimentos do mundo"},"content":{"rendered":"<div id=\"attachment_238045\" style=\"width: 1510px\" class=\"wp-caption alignnone\"><img aria-describedby=\"caption-attachment-238045\" loading=\"lazy\" class=\"wp-image-238045 size-full\" src=\"https:\/\/franciscanos.org.br\/noticias\/wp-content\/uploads\/2022\/05\/reginacoeli_2905.jpeg\" alt=\"\" width=\"1500\" height=\"844\" srcset=\"https:\/\/franciscanos.org.br\/noticias\/wp-content\/uploads\/2022\/05\/reginacoeli_2905.jpeg 1500w, https:\/\/franciscanos.org.br\/noticias\/wp-content\/uploads\/2022\/05\/reginacoeli_2905-450x253.jpeg 450w, https:\/\/franciscanos.org.br\/noticias\/wp-content\/uploads\/2022\/05\/reginacoeli_2905-1024x576.jpeg 1024w, https:\/\/franciscanos.org.br\/noticias\/wp-content\/uploads\/2022\/05\/reginacoeli_2905-768x432.jpeg 768w, https:\/\/franciscanos.org.br\/noticias\/wp-content\/uploads\/2022\/05\/reginacoeli_2905-150x84.jpeg 150w\" sizes=\"(max-width: 1500px) 100vw, 1500px\" \/><p id=\"caption-attachment-238045\" class=\"wp-caption-text\">\u00a0 \u00a0 \u00a0 \u00a0 \u00a0 \u00a0 \u00a0 \u00a0 \u00a0 \u00a0 \u00a0 \u00a0 \u00a0 \u00a0 \u00a0 \u00a0 \u00a0 \u00a0 \u00a0 \u00a0 \u00a0 \u00a0 \u00a0 \u00a0 \u00a0 \u00a0 \u00a0 \u00a0 \u00a0 \u00a0 \u00a0 \u00a0 \u00a0 \u00a0 \u00a0 \u00a0 \u00a0 \u00a0 \u00a0 \u00a0 \u00a0 \u00a0 \u00a0 \u00a0 \u00a0 \u00a0 \u00a0 \u00a0 \u00a0 \u00a0 \u00a0 <em>\u00a0 \u00a0 \u00a0 \u00a0 \u00a0 \u00a0 Imagem: Vatican Media<\/em><\/p><\/div>\n<p>\u201cAo subir ao C\u00e9u, em vez de ficar perto de poucos com o seu corpo, Jesus faz-se pr\u00f3ximo de todos com o seu Esp\u00edrito. O Esp\u00edrito Santo torna Jesus presente em n\u00f3s, para al\u00e9m das barreiras do tempo e do espa\u00e7o, para nos tornar suas testemunhas no mundo.\u201d<\/p>\n<p>Ascens\u00e3o do Senhor ao C\u00e9u e Pentecostes, dois acontecimentos intimamente ligados cuja rela\u00e7\u00e3o foi metodicamente explicada pelo Papa na sua alocu\u00e7\u00e3o que precedeu a ora\u00e7\u00e3o do<em> Regina Coeli<\/em> neste domingo, 29 de maio.<\/p>\n<p>Dirigindo-se aos milhares de fi\u00e9is e turistas reunidos na Pra\u00e7a S\u00e3o Pedro, Francisco come\u00e7ou recordando que a Ascens\u00e3o, isto \u00e9, o retorno de Jesus ao Pai, ap\u00f3s cumprida sua miss\u00e3o terrena, \u00e9 celebrada neste domingo em v\u00e1rios pa\u00edses.<\/p>\n<p>Mas, como entender este acontecimento, qual o seu significado?, pergunta. Para responder \u2013 explicou \u2013 devemos nos concentrar em duas a\u00e7\u00f5es que Jesus realiza antes de subir ao C\u00e9u: anuncia o dom do Esp\u00edrito e depois aben\u00e7oa os disc\u00edpulos.<\/p>\n<p><strong>O an\u00fancio do dom do Esp\u00edrito: ao subir ao C\u00e9u, Jesus n\u00e3o abandona seus disc\u00edpulos<\/strong><\/p>\n<p>Ao dizer &#8220;eu enviarei sobre v\u00f3s aquele que meu Pai prometeu\u201d, Jesus \u201cest\u00e1 falando do Esp\u00edrito Santo, do Consolador, daquele que os acompanhar\u00e1, os guiar\u00e1, os sustentar\u00e1 na miss\u00e3o, os defender\u00e1 nas batalhas espirituais\u201d, explicou ainda Francisco:\u00a0Compreendemos ent\u00e3o uma coisa importante: Jesus n\u00e3o est\u00e1 abandonando seus disc\u00edpulos. Ele sobe ao C\u00e9u, mas n\u00e3o nos deixa sozinhos. Antes pelo contr\u00e1rio, precisamente ao subir ao Pai, assegura a efus\u00e3o do Esp\u00edrito Santo, do seu Esp\u00edrito.<\/p>\n<p>E a subida ao C\u00e9u para que o Par\u00e1clito pudesse vir, tornando assim Jesus presente e pr\u00f3ximo, tamb\u00e9m \u00e9 uma demonstra\u00e7\u00e3o de seu amor por n\u00f3s: A sua \u00e9 uma presen\u00e7a que n\u00e3o quer limitar a nossa liberdade. Pelo contr\u00e1rio, abre espa\u00e7o para n\u00f3s, porque o verdadeiro amor sempre gera uma proximidade que n\u00e3o sufoca, n\u00e3o \u00e9 possessivo, \u00e9 pr\u00f3ximo mas n\u00e3o possessivo. Antes pelo contr\u00e1rio, o verdadeiro amor nos torna protagonistas (&#8230;). Ao subir ao C\u00e9u Jesus, em vez de ficar perto de poucos com o seu corpo, faz-se pr\u00f3ximo de todos com o seu Esp\u00edrito. O Esp\u00edrito Santo torna Jesus presente em n\u00f3s, para al\u00e9m das barreiras do tempo e do espa\u00e7o, para nos tornar suas testemunhas no mundo.<\/p>\n<p><strong>Jesus, o grande sacerdote da nossa vida<\/strong><\/p>\n<p>Ao erguer as m\u00e3os e aben\u00e7oar os ap\u00f3stolos \u2013 a segunda a\u00e7\u00e3o \u2013 Jesus realiza um gesto sacerdotal:\u00a0O Evangelho quer nos dizer que Jesus \u00e9 o grande sacerdote da nossa vida. Jesus sobe ao Pai para interceder em nosso favor, para apresentar-lhe a nossa humanidade. Assim, diante dos olhos do Pai, h\u00e1 e sempre haver\u00e1, com a humanidade de Jesus, nossas vidas, nossas esperan\u00e7as, nossas feridas. Assim, ao fazer o seu &#8220;\u00eaxodo&#8221; para o C\u00e9u, Cristo &#8220;abre caminho&#8221;, vai preparar-nos um lugar e, desde ent\u00e3o, intercede por n\u00f3s, para que sejamos sempre acompanhados e aben\u00e7oados pelo Pai.<\/p>\n<p>O convite ent\u00e3o do Papa nesta sua reflex\u00e3o, \u00e9 para pensarmos no dom do Esp\u00edrito que recebemos de Jesus para sermos testemunhas do Evangelho:\u00a0Perguntemo-nos se realmente o somos; e tamb\u00e9m se somos capazes de amar os outros deixando-os livres e abrindo espa\u00e7o para eles. E depois: sabemos ser intercessores pelos outros, isto \u00e9, sabemos rezar por eles e aben\u00e7oar suas vidas? Ou nos servimos dos outros para nossos pr\u00f3prios interesses? Aprendamos isto: a ora\u00e7\u00e3o de intercess\u00e3o, interceder pelas esperan\u00e7as e sofrimentos do mundo, interceder pela paz. E aben\u00e7oemos com o olhar e com as palavras aqueles quem encontramos todos os dias!<\/p>\n<p>E antes de rezar o <em>Regina Coeli,<\/em> o Papa convidou a rezarmos a Nossa Senhora, \u201ca bem-aventurada entre as mulheres que, repleta do Esp\u00edrito Santo, sempre reza e intercede por n\u00f3s.\u201d<\/p>\n<hr \/>\n<p><em>Fonte: Vatican News (texto de Jackson Erpen)<\/em><\/p>\n","protected":false},"excerpt":{"rendered":"<p>Regina Coeli<\/p>\n","protected":false},"author":3,"featured_media":238045,"comment_status":"open","ping_status":"open","sticky":false,"template":"","format":"standard","meta":[],"categories":[1428],"tags":[564],"acf":[],"yoast_head":"<!-- This site is optimized with the Yoast SEO plugin v19.2 - https:\/\/yoast.com\/wordpress\/plugins\/seo\/ -->\n<title>Papa na Ascens\u00e3o: aprendamos a interceder pelos sofrimentos do mundo - Not\u00edcias - Franciscanos<\/title>\n<meta name=\"robots\" content=\"index, follow, max-snippet:-1, max-image-preview:large, max-video-preview:-1\" \/>\n<link rel=\"canonical\" href=\"https:\/\/franciscanos.org.br\/noticias\/papa-na-ascensao-aprendamos-a-interceder-pelos-sofrimentos-do-mundo.html\" \/>\n<meta property=\"og:locale\" content=\"pt_BR\" \/>\n<meta property=\"og:type\" content=\"article\" \/>\n<meta property=\"og:title\" content=\"Papa na Ascens\u00e3o: aprendamos a interceder pelos sofrimentos do mundo - Not\u00edcias - Franciscanos\" \/>\n<meta property=\"og:description\" content=\"Regina Coeli\" \/>\n<meta property=\"og:url\" content=\"https:\/\/franciscanos.org.br\/noticias\/papa-na-ascensao-aprendamos-a-interceder-pelos-sofrimentos-do-mundo.html\" \/>\n<meta property=\"og:site_name\" content=\"Not\u00edcias - Franciscanos\" \/>\n<meta property=\"article:published_time\" content=\"2022-05-29T11:30:02+00:00\" \/>\n<meta property=\"og:image\" content=\"https:\/\/franciscanos.org.br\/noticias\/wp-content\/uploads\/2022\/05\/reginacoeli_2905.jpeg\" \/>\n\t<meta property=\"og:image:width\" content=\"1500\" \/>\n\t<meta property=\"og:image:height\" content=\"844\" \/>\n\t<meta property=\"og:image:type\" content=\"image\/jpeg\" \/>\n<meta name=\"author\" content=\"moacir\" \/>\n<meta name=\"twitter:card\" content=\"summary_large_image\" \/>\n<meta name=\"twitter:label1\" content=\"Escrito por\" \/>\n\t<meta name=\"twitter:data1\" content=\"moacir\" \/>\n\t<meta name=\"twitter:label2\" content=\"Est. tempo de leitura\" \/>\n\t<meta name=\"twitter:data2\" content=\"3 minutos\" \/>\n<script type=\"application\/ld+json\" class=\"yoast-schema-graph\">{\"@context\":\"https:\/\/schema.org\",\"@graph\":[{\"@type\":\"WebSite\",\"@id\":\"https:\/\/franciscanos.org.br\/noticias\/#website\",\"url\":\"https:\/\/franciscanos.org.br\/noticias\/\",\"name\":\"Not\u00edcias - Franciscanos\",\"description\":\"Prov\u00edncia Franciscana da Imaculada Concei\u00e7\u00e3o do Brasil - Ordem dos Frades Menores - OFM\",\"potentialAction\":[{\"@type\":\"SearchAction\",\"target\":{\"@type\":\"EntryPoint\",\"urlTemplate\":\"https:\/\/franciscanos.org.br\/noticias\/?s={search_term_string}\"},\"query-input\":\"required name=search_term_string\"}],\"inLanguage\":\"pt-BR\"},{\"@type\":\"ImageObject\",\"inLanguage\":\"pt-BR\",\"@id\":\"https:\/\/franciscanos.org.br\/noticias\/papa-na-ascensao-aprendamos-a-interceder-pelos-sofrimentos-do-mundo.html#primaryimage\",\"url\":\"https:\/\/franciscanos.org.br\/noticias\/wp-content\/uploads\/2022\/05\/reginacoeli_2905.jpeg\",\"contentUrl\":\"https:\/\/franciscanos.org.br\/noticias\/wp-content\/uploads\/2022\/05\/reginacoeli_2905.jpeg\",\"width\":1500,\"height\":844},{\"@type\":\"WebPage\",\"@id\":\"https:\/\/franciscanos.org.br\/noticias\/papa-na-ascensao-aprendamos-a-interceder-pelos-sofrimentos-do-mundo.html#webpage\",\"url\":\"https:\/\/franciscanos.org.br\/noticias\/papa-na-ascensao-aprendamos-a-interceder-pelos-sofrimentos-do-mundo.html\",\"name\":\"Papa na Ascens\u00e3o: aprendamos a interceder pelos sofrimentos do mundo - Not\u00edcias - Franciscanos\",\"isPartOf\":{\"@id\":\"https:\/\/franciscanos.org.br\/noticias\/#website\"},\"primaryImageOfPage\":{\"@id\":\"https:\/\/franciscanos.org.br\/noticias\/papa-na-ascensao-aprendamos-a-interceder-pelos-sofrimentos-do-mundo.html#primaryimage\"},\"datePublished\":\"2022-05-29T11:30:02+00:00\",\"dateModified\":\"2022-05-29T11:30:02+00:00\",\"author\":{\"@id\":\"https:\/\/franciscanos.org.br\/noticias\/#\/schema\/person\/b5c8cba458c330ccff548b056e95a5d4\"},\"breadcrumb\":{\"@id\":\"https:\/\/franciscanos.org.br\/noticias\/papa-na-ascensao-aprendamos-a-interceder-pelos-sofrimentos-do-mundo.html#breadcrumb\"},\"inLanguage\":\"pt-BR\",\"potentialAction\":[{\"@type\":\"ReadAction\",\"target\":[\"https:\/\/franciscanos.org.br\/noticias\/papa-na-ascensao-aprendamos-a-interceder-pelos-sofrimentos-do-mundo.html\"]}]},{\"@type\":\"BreadcrumbList\",\"@id\":\"https:\/\/franciscanos.org.br\/noticias\/papa-na-ascensao-aprendamos-a-interceder-pelos-sofrimentos-do-mundo.html#breadcrumb\",\"itemListElement\":[{\"@type\":\"ListItem\",\"position\":1,\"name\":\"Home\",\"item\":\"https:\/\/franciscanos.org.br\/noticias\"},{\"@type\":\"ListItem\",\"position\":2,\"name\":\"Papa na Ascens\u00e3o: aprendamos a interceder pelos sofrimentos do mundo\"}]},{\"@type\":\"Person\",\"@id\":\"https:\/\/franciscanos.org.br\/noticias\/#\/schema\/person\/b5c8cba458c330ccff548b056e95a5d4\",\"name\":\"moacir\",\"image\":{\"@type\":\"ImageObject\",\"inLanguage\":\"pt-BR\",\"@id\":\"https:\/\/franciscanos.org.br\/noticias\/#\/schema\/person\/image\/\",\"url\":\"https:\/\/secure.gravatar.com\/avatar\/d08aa2ce4c8dd416d4479aa8536fcf64?s=96&d=mm&r=g\",\"contentUrl\":\"https:\/\/secure.gravatar.com\/avatar\/d08aa2ce4c8dd416d4479aa8536fcf64?s=96&d=mm&r=g\",\"caption\":\"moacir\"},\"url\":\"https:\/\/franciscanos.org.br\/noticias\/author\/moacir\"}]}<\/script>\n<!-- \/ Yoast SEO plugin. -->","yoast_head_json":{"title":"Papa na Ascens\u00e3o: aprendamos a interceder pelos sofrimentos do mundo - Not\u00edcias - Franciscanos","robots":{"index":"index","follow":"follow","max-snippet":"max-snippet:-1","max-image-preview":"max-image-preview:large","max-video-preview":"max-video-preview:-1"},"canonical":"https:\/\/franciscanos.org.br\/noticias\/papa-na-ascensao-aprendamos-a-interceder-pelos-sofrimentos-do-mundo.html","og_locale":"pt_BR","og_type":"article","og_title":"Papa na Ascens\u00e3o: aprendamos a interceder pelos sofrimentos do mundo - Not\u00edcias - Franciscanos","og_description":"Regina Coeli","og_url":"https:\/\/franciscanos.org.br\/noticias\/papa-na-ascensao-aprendamos-a-interceder-pelos-sofrimentos-do-mundo.html","og_site_name":"Not\u00edcias - Franciscanos","article_published_time":"2022-05-29T11:30:02+00:00","og_image":[{"width":1500,"height":844,"url":"https:\/\/franciscanos.org.br\/noticias\/wp-content\/uploads\/2022\/05\/reginacoeli_2905.jpeg","type":"image\/jpeg"}],"author":"moacir","twitter_card":"summary_large_image","twitter_misc":{"Escrito por":"moacir","Est. tempo de leitura":"3 minutos"},"schema":{"@context":"https:\/\/schema.org","@graph":[{"@type":"WebSite","@id":"https:\/\/franciscanos.org.br\/noticias\/#website","url":"https:\/\/franciscanos.org.br\/noticias\/","name":"Not\u00edcias - Franciscanos","description":"Prov\u00edncia Franciscana da Imaculada Concei\u00e7\u00e3o do Brasil - Ordem dos Frades Menores - OFM","potentialAction":[{"@type":"SearchAction","target":{"@type":"EntryPoint","urlTemplate":"https:\/\/franciscanos.org.br\/noticias\/?s={search_term_string}"},"query-input":"required name=search_term_string"}],"inLanguage":"pt-BR"},{"@type":"ImageObject","inLanguage":"pt-BR","@id":"https:\/\/franciscanos.org.br\/noticias\/papa-na-ascensao-aprendamos-a-interceder-pelos-sofrimentos-do-mundo.html#primaryimage","url":"https:\/\/franciscanos.org.br\/noticias\/wp-content\/uploads\/2022\/05\/reginacoeli_2905.jpeg","contentUrl":"https:\/\/franciscanos.org.br\/noticias\/wp-content\/uploads\/2022\/05\/reginacoeli_2905.jpeg","width":1500,"height":844},{"@type":"WebPage","@id":"https:\/\/franciscanos.org.br\/noticias\/papa-na-ascensao-aprendamos-a-interceder-pelos-sofrimentos-do-mundo.html#webpage","url":"https:\/\/franciscanos.org.br\/noticias\/papa-na-ascensao-aprendamos-a-interceder-pelos-sofrimentos-do-mundo.html","name":"Papa na Ascens\u00e3o: aprendamos a interceder pelos sofrimentos do mundo - Not\u00edcias - Franciscanos","isPartOf":{"@id":"https:\/\/franciscanos.org.br\/noticias\/#website"},"primaryImageOfPage":{"@id":"https:\/\/franciscanos.org.br\/noticias\/papa-na-ascensao-aprendamos-a-interceder-pelos-sofrimentos-do-mundo.html#primaryimage"},"datePublished":"2022-05-29T11:30:02+00:00","dateModified":"2022-05-29T11:30:02+00:00","author":{"@id":"https:\/\/franciscanos.org.br\/noticias\/#\/schema\/person\/b5c8cba458c330ccff548b056e95a5d4"},"breadcrumb":{"@id":"https:\/\/franciscanos.org.br\/noticias\/papa-na-ascensao-aprendamos-a-interceder-pelos-sofrimentos-do-mundo.html#breadcrumb"},"inLanguage":"pt-BR","potentialAction":[{"@type":"ReadAction","target":["https:\/\/franciscanos.org.br\/noticias\/papa-na-ascensao-aprendamos-a-interceder-pelos-sofrimentos-do-mundo.html"]}]},{"@type":"BreadcrumbList","@id":"https:\/\/franciscanos.org.br\/noticias\/papa-na-ascensao-aprendamos-a-interceder-pelos-sofrimentos-do-mundo.html#breadcrumb","itemListElement":[{"@type":"ListItem","position":1,"name":"Home","item":"https:\/\/franciscanos.org.br\/noticias"},{"@type":"ListItem","position":2,"name":"Papa na Ascens\u00e3o: aprendamos a interceder pelos sofrimentos do mundo"}]},{"@type":"Person","@id":"https:\/\/franciscanos.org.br\/noticias\/#\/schema\/person\/b5c8cba458c330ccff548b056e95a5d4","name":"moacir","image":{"@type":"ImageObject","inLanguage":"pt-BR","@id":"https:\/\/franciscanos.org.br\/noticias\/#\/schema\/person\/image\/","url":"https:\/\/secure.gravatar.com\/avatar\/d08aa2ce4c8dd416d4479aa8536fcf64?s=96&d=mm&r=g","contentUrl":"https:\/\/secure.gravatar.com\/avatar\/d08aa2ce4c8dd416d4479aa8536fcf64?s=96&d=mm&r=g","caption":"moacir"},"url":"https:\/\/franciscanos.org.br\/noticias\/author\/moacir"}]}},"_links":{"self":[{"href":"https:\/\/franciscanos.org.br\/noticias\/wp-json\/wp\/v2\/posts\/238044"}],"collection":[{"href":"https:\/\/franciscanos.org.br\/noticias\/wp-json\/wp\/v2\/posts"}],"about":[{"href":"https:\/\/franciscanos.org.br\/noticias\/wp-json\/wp\/v2\/types\/post"}],"author":[{"embeddable":true,"href":"https:\/\/franciscanos.org.br\/noticias\/wp-json\/wp\/v2\/users\/3"}],"replies":[{"embeddable":true,"href":"https:\/\/franciscanos.org.br\/noticias\/wp-json\/wp\/v2\/comments?post=238044"}],"version-history":[{"count":1,"href":"https:\/\/franciscanos.org.br\/noticias\/wp-json\/wp\/v2\/posts\/238044\/revisions"}],"predecessor-version":[{"id":238046,"href":"https:\/\/franciscanos.org.br\/noticias\/wp-json\/wp\/v2\/posts\/238044\/revisions\/238046"}],"wp:featuredmedia":[{"embeddable":true,"href":"https:\/\/franciscanos.org.br\/noticias\/wp-json\/wp\/v2\/media\/238045"}],"wp:attachment":[{"href":"https:\/\/franciscanos.org.br\/noticias\/wp-json\/wp\/v2\/media?parent=238044"}],"wp:term":[{"taxonomy":"category","embeddable":true,"href":"https:\/\/franciscanos.org.br\/noticias\/wp-json\/wp\/v2\/categories?post=238044"},{"taxonomy":"post_tag","embeddable":true,"href":"https:\/\/franciscanos.org.br\/noticias\/wp-json\/wp\/v2\/tags?post=238044"}],"curies":[{"name":"wp","href":"https:\/\/api.w.org\/{rel}","templated":true}]}}