{"id":238016,"date":"2022-05-27T07:45:27","date_gmt":"2022-05-27T10:45:27","guid":{"rendered":"https:\/\/franciscanos.org.br\/noticias\/?p=238016"},"modified":"2022-05-27T07:45:27","modified_gmt":"2022-05-27T10:45:27","slug":"coral-das-meninas-dos-canarinhos-apresenta-concerto-com-musicas-sacras-e-populares","status":"publish","type":"post","link":"https:\/\/franciscanos.org.br\/noticias\/coral-das-meninas-dos-canarinhos-apresenta-concerto-com-musicas-sacras-e-populares.html","title":{"rendered":"Coral das Meninas dos Canarinhos apresenta Concerto com m\u00fasicas sacras e populares"},"content":{"rendered":"<p><img loading=\"lazy\" class=\"alignnone size-full wp-image-238017\" src=\"https:\/\/franciscanos.org.br\/noticias\/wp-content\/uploads\/2022\/05\/canarinhos_270522.jpg\" alt=\"\" width=\"1280\" height=\"720\" srcset=\"https:\/\/franciscanos.org.br\/noticias\/wp-content\/uploads\/2022\/05\/canarinhos_270522.jpg 1280w, https:\/\/franciscanos.org.br\/noticias\/wp-content\/uploads\/2022\/05\/canarinhos_270522-450x253.jpg 450w, https:\/\/franciscanos.org.br\/noticias\/wp-content\/uploads\/2022\/05\/canarinhos_270522-1024x576.jpg 1024w, https:\/\/franciscanos.org.br\/noticias\/wp-content\/uploads\/2022\/05\/canarinhos_270522-768x432.jpg 768w, https:\/\/franciscanos.org.br\/noticias\/wp-content\/uploads\/2022\/05\/canarinhos_270522-150x84.jpg 150w\" sizes=\"(max-width: 1280px) 100vw, 1280px\" \/><\/p>\n<p><strong>\u00a0<\/strong><strong>Petr\u00f3polis (RJ) \u2013<\/strong> No pr\u00f3ximo dia 28 de maio, \u00e0s 19h30, o Coral das Meninas dos Canarinhos de Petr\u00f3polis (RJ) apresentar\u00e1 um Concerto que contemplar\u00e1 m\u00fasicas sacras e populares na Igreja do Sagrado Cora\u00e7\u00e3o de Jesus dos frades franciscanos da Cidade Imperial. O repert\u00f3rio foi todo inspirado em antigas m\u00fasicas religiosas e seculares que contempla diversos per\u00edodos do coro nos seus mais de trinta anos de hist\u00f3ria.<\/p>\n<p>Atrav\u00e9s do inciso II da Lei Aldir Blanc do Munic\u00edpio, que presta aux\u00edlio para a manuten\u00e7\u00e3o dos seus espa\u00e7os culturais, este Concerto \u00e9 uma contrapartida da verba p\u00fablica recebida em novembro de 2020, que devido a pandemia, foi adiado. Realizado pelo Instituto dos Meninos Cantores de Petr\u00f3polis (IMCP), o evento conta com a parceria do Conselho Municipal de Cultura, Prefeitura de Petr\u00f3polis, Instituto Municipal de Cultura, Fundo Municipal de Cultura e Par\u00f3quia do Sagrado Cora\u00e7\u00e3o de Jesus.<\/p>\n<p>Para o presidente do IMCP, Frei Marcos Antonio de Andrade, \u00e9 uma grande alegria poder realizar este concerto neste momento em que os corais dos Canarinhos est\u00e3o retornando com as atividades presenciais. \u201cSempre \u00e9 bom nos reunirmos! Primeiramente, para nos encontrarmos. Depois, para apreciarmos o canto e ouvirmos o que Deus tem a nos falar atrav\u00e9s da m\u00fasica e das vozes das meninas\u201d, disse. \u201cCom toda certeza ser\u00e1 um concerto muito interessante. Programe-se e venha prestigiar\u201d, convidou Frei Marcos.<\/p>\n<p>O concerto ser\u00e1 regido pelo maestro Marcelo Vizani e o repert\u00f3rio incluir\u00e1 composi\u00e7\u00f5es como a \u201cAve Maria\u201d de Deborah Lutz, \u201cRegina Caeli\u201d de Ramiro Real, \u201cCan\u00e7\u00f5es e momentos\u201d de Milton Nascimento, \u201cAve Maria no morro\u201d de Erivelton Martins, dentre outras.<\/p>\n<p>Para o regente do Coral das Meninas, depois de dois anos de pandemia, estar voltando a realizar concertos de forma presencial \u00e9 uma oportunidade especial de manter viva a m\u00fasica. \u201cTamb\u00e9m \u00e9 para fazer com que as pessoas escutem de forma natural nossas vozes. Poder voltar a realizar concertos \u00e9 inexplic\u00e1vel. Sentir a presen\u00e7a da plateia, os aplausos, a energia, alegria, sorrisos, emo\u00e7\u00e3o, \u00e9 como uma voltar \u00e0 vida, \u00e9 uma celebra\u00e7\u00e3o da vida\u201d, revelou.<\/p>\n<p>Vizani explica que o concerto ser\u00e1 dividido entre m\u00fasicas sacras e populares. \u201cO repert\u00f3rio foi todo inspirado em m\u00fasicas antigas que compreende diversos per\u00edodos do coro. Existe uma hist\u00f3ria do Coral das Meninas antes da pandemia e durante, agora com a volta presencial nos lan\u00e7amos para o futuro. Por isso, pensamos em um repert\u00f3rio misto e de muito bom gosto. Tenho certeza de que o p\u00fablico vai gostar muito\u201d, garantiu.<\/p>\n<p>Segundo o maestro, as m\u00fasicas trar\u00e3o \u00e0 mem\u00f3ria das pessoas suas hist\u00f3rias. \u201cNa parte religiosa o p\u00fablico poder\u00e1 esperar um momento de ora\u00e7\u00e3o e reflex\u00e3o. Na parte popular, as lembran\u00e7as nos remeter\u00e3o ao antes da pandemia e que agora queremos apresentar como continuidade de vida\u201d, acrescentou.<\/p>\n<p><strong>SOBRE O CORAL DAS MENINAS DOS CANARINHOS<\/strong><\/p>\n<p>Fundado em 1988, por Frei Jos\u00e9 Luis Prim, o Coral das Meninas dos Canarinhos de Petr\u00f3polis possui um repert\u00f3rio de m\u00fasica sacra, folcl\u00f3rica e popular. Em seus mais de 33 anos de hist\u00f3ria, coleciona apresenta\u00e7\u00f5es memor\u00e1veis e participa\u00e7\u00f5es em grandes projetos, incluindo turn\u00eas pelo Brasil e em Portugal. Entre os destaques da carreira do coral est\u00e1 o lan\u00e7amento do primeiro CD \u201cMemorare\u201d, em 2015, com regrava\u00e7\u00f5es e tr\u00eas can\u00e7\u00f5es in\u00e9ditas, compostas especialmente para o \u00e1lbum. Apenas tr\u00eas maestros estiveram \u00e0 frente do coral: a professora Silvia Muniz, o maestro Gilberto Bittencourt e, desde 1998, o maestro Marcelo Vizani.<\/p>\n<hr \/>\n<p><strong><em>Frei Augusto Luiz Gabriel<\/em><\/strong><\/p>\n<p><strong><em>\u00a0<\/em><\/strong><\/p>\n","protected":false},"excerpt":{"rendered":"<p>Coral das Meninas dos Canarinhos de Petr\u00f3polis (RJ)<\/p>\n","protected":false},"author":3,"featured_media":238017,"comment_status":"open","ping_status":"open","sticky":false,"template":"","format":"standard","meta":[],"categories":[1],"tags":[1531],"acf":[],"yoast_head":"<!-- This site is optimized with the Yoast SEO plugin v19.2 - https:\/\/yoast.com\/wordpress\/plugins\/seo\/ -->\n<title>Coral das Meninas dos Canarinhos apresenta Concerto com m\u00fasicas sacras e populares - Not\u00edcias - Franciscanos<\/title>\n<meta name=\"robots\" content=\"index, follow, max-snippet:-1, max-image-preview:large, max-video-preview:-1\" \/>\n<link rel=\"canonical\" href=\"https:\/\/franciscanos.org.br\/noticias\/coral-das-meninas-dos-canarinhos-apresenta-concerto-com-musicas-sacras-e-populares.html\" \/>\n<meta property=\"og:locale\" content=\"pt_BR\" \/>\n<meta property=\"og:type\" content=\"article\" \/>\n<meta property=\"og:title\" content=\"Coral das Meninas dos Canarinhos apresenta Concerto com m\u00fasicas sacras e populares - Not\u00edcias - Franciscanos\" \/>\n<meta property=\"og:description\" content=\"Coral das Meninas dos Canarinhos de Petr\u00f3polis (RJ)\" \/>\n<meta property=\"og:url\" content=\"https:\/\/franciscanos.org.br\/noticias\/coral-das-meninas-dos-canarinhos-apresenta-concerto-com-musicas-sacras-e-populares.html\" \/>\n<meta property=\"og:site_name\" content=\"Not\u00edcias - Franciscanos\" \/>\n<meta property=\"article:published_time\" content=\"2022-05-27T10:45:27+00:00\" \/>\n<meta property=\"og:image\" content=\"https:\/\/franciscanos.org.br\/noticias\/wp-content\/uploads\/2022\/05\/canarinhos_270522.jpg\" \/>\n\t<meta property=\"og:image:width\" content=\"1280\" \/>\n\t<meta property=\"og:image:height\" content=\"720\" \/>\n\t<meta property=\"og:image:type\" content=\"image\/jpeg\" \/>\n<meta name=\"author\" content=\"moacir\" \/>\n<meta name=\"twitter:card\" content=\"summary_large_image\" \/>\n<meta name=\"twitter:label1\" content=\"Escrito por\" \/>\n\t<meta name=\"twitter:data1\" content=\"moacir\" \/>\n\t<meta name=\"twitter:label2\" content=\"Est. tempo de leitura\" \/>\n\t<meta name=\"twitter:data2\" content=\"3 minutos\" \/>\n<script type=\"application\/ld+json\" class=\"yoast-schema-graph\">{\"@context\":\"https:\/\/schema.org\",\"@graph\":[{\"@type\":\"WebSite\",\"@id\":\"https:\/\/franciscanos.org.br\/noticias\/#website\",\"url\":\"https:\/\/franciscanos.org.br\/noticias\/\",\"name\":\"Not\u00edcias - Franciscanos\",\"description\":\"Prov\u00edncia Franciscana da Imaculada Concei\u00e7\u00e3o do Brasil - Ordem dos Frades Menores - OFM\",\"potentialAction\":[{\"@type\":\"SearchAction\",\"target\":{\"@type\":\"EntryPoint\",\"urlTemplate\":\"https:\/\/franciscanos.org.br\/noticias\/?s={search_term_string}\"},\"query-input\":\"required name=search_term_string\"}],\"inLanguage\":\"pt-BR\"},{\"@type\":\"ImageObject\",\"inLanguage\":\"pt-BR\",\"@id\":\"https:\/\/franciscanos.org.br\/noticias\/coral-das-meninas-dos-canarinhos-apresenta-concerto-com-musicas-sacras-e-populares.html#primaryimage\",\"url\":\"https:\/\/franciscanos.org.br\/noticias\/wp-content\/uploads\/2022\/05\/canarinhos_270522.jpg\",\"contentUrl\":\"https:\/\/franciscanos.org.br\/noticias\/wp-content\/uploads\/2022\/05\/canarinhos_270522.jpg\",\"width\":1280,\"height\":720},{\"@type\":\"WebPage\",\"@id\":\"https:\/\/franciscanos.org.br\/noticias\/coral-das-meninas-dos-canarinhos-apresenta-concerto-com-musicas-sacras-e-populares.html#webpage\",\"url\":\"https:\/\/franciscanos.org.br\/noticias\/coral-das-meninas-dos-canarinhos-apresenta-concerto-com-musicas-sacras-e-populares.html\",\"name\":\"Coral das Meninas dos Canarinhos apresenta Concerto com m\u00fasicas sacras e populares - Not\u00edcias - Franciscanos\",\"isPartOf\":{\"@id\":\"https:\/\/franciscanos.org.br\/noticias\/#website\"},\"primaryImageOfPage\":{\"@id\":\"https:\/\/franciscanos.org.br\/noticias\/coral-das-meninas-dos-canarinhos-apresenta-concerto-com-musicas-sacras-e-populares.html#primaryimage\"},\"datePublished\":\"2022-05-27T10:45:27+00:00\",\"dateModified\":\"2022-05-27T10:45:27+00:00\",\"author\":{\"@id\":\"https:\/\/franciscanos.org.br\/noticias\/#\/schema\/person\/b5c8cba458c330ccff548b056e95a5d4\"},\"breadcrumb\":{\"@id\":\"https:\/\/franciscanos.org.br\/noticias\/coral-das-meninas-dos-canarinhos-apresenta-concerto-com-musicas-sacras-e-populares.html#breadcrumb\"},\"inLanguage\":\"pt-BR\",\"potentialAction\":[{\"@type\":\"ReadAction\",\"target\":[\"https:\/\/franciscanos.org.br\/noticias\/coral-das-meninas-dos-canarinhos-apresenta-concerto-com-musicas-sacras-e-populares.html\"]}]},{\"@type\":\"BreadcrumbList\",\"@id\":\"https:\/\/franciscanos.org.br\/noticias\/coral-das-meninas-dos-canarinhos-apresenta-concerto-com-musicas-sacras-e-populares.html#breadcrumb\",\"itemListElement\":[{\"@type\":\"ListItem\",\"position\":1,\"name\":\"Home\",\"item\":\"https:\/\/franciscanos.org.br\/noticias\"},{\"@type\":\"ListItem\",\"position\":2,\"name\":\"Coral das Meninas dos Canarinhos apresenta Concerto com m\u00fasicas sacras e populares\"}]},{\"@type\":\"Person\",\"@id\":\"https:\/\/franciscanos.org.br\/noticias\/#\/schema\/person\/b5c8cba458c330ccff548b056e95a5d4\",\"name\":\"moacir\",\"image\":{\"@type\":\"ImageObject\",\"inLanguage\":\"pt-BR\",\"@id\":\"https:\/\/franciscanos.org.br\/noticias\/#\/schema\/person\/image\/\",\"url\":\"https:\/\/secure.gravatar.com\/avatar\/d08aa2ce4c8dd416d4479aa8536fcf64?s=96&d=mm&r=g\",\"contentUrl\":\"https:\/\/secure.gravatar.com\/avatar\/d08aa2ce4c8dd416d4479aa8536fcf64?s=96&d=mm&r=g\",\"caption\":\"moacir\"},\"url\":\"https:\/\/franciscanos.org.br\/noticias\/author\/moacir\"}]}<\/script>\n<!-- \/ Yoast SEO plugin. -->","yoast_head_json":{"title":"Coral das Meninas dos Canarinhos apresenta Concerto com m\u00fasicas sacras e populares - Not\u00edcias - Franciscanos","robots":{"index":"index","follow":"follow","max-snippet":"max-snippet:-1","max-image-preview":"max-image-preview:large","max-video-preview":"max-video-preview:-1"},"canonical":"https:\/\/franciscanos.org.br\/noticias\/coral-das-meninas-dos-canarinhos-apresenta-concerto-com-musicas-sacras-e-populares.html","og_locale":"pt_BR","og_type":"article","og_title":"Coral das Meninas dos Canarinhos apresenta Concerto com m\u00fasicas sacras e populares - Not\u00edcias - Franciscanos","og_description":"Coral das Meninas dos Canarinhos de Petr\u00f3polis (RJ)","og_url":"https:\/\/franciscanos.org.br\/noticias\/coral-das-meninas-dos-canarinhos-apresenta-concerto-com-musicas-sacras-e-populares.html","og_site_name":"Not\u00edcias - Franciscanos","article_published_time":"2022-05-27T10:45:27+00:00","og_image":[{"width":1280,"height":720,"url":"https:\/\/franciscanos.org.br\/noticias\/wp-content\/uploads\/2022\/05\/canarinhos_270522.jpg","type":"image\/jpeg"}],"author":"moacir","twitter_card":"summary_large_image","twitter_misc":{"Escrito por":"moacir","Est. tempo de leitura":"3 minutos"},"schema":{"@context":"https:\/\/schema.org","@graph":[{"@type":"WebSite","@id":"https:\/\/franciscanos.org.br\/noticias\/#website","url":"https:\/\/franciscanos.org.br\/noticias\/","name":"Not\u00edcias - Franciscanos","description":"Prov\u00edncia Franciscana da Imaculada Concei\u00e7\u00e3o do Brasil - Ordem dos Frades Menores - OFM","potentialAction":[{"@type":"SearchAction","target":{"@type":"EntryPoint","urlTemplate":"https:\/\/franciscanos.org.br\/noticias\/?s={search_term_string}"},"query-input":"required name=search_term_string"}],"inLanguage":"pt-BR"},{"@type":"ImageObject","inLanguage":"pt-BR","@id":"https:\/\/franciscanos.org.br\/noticias\/coral-das-meninas-dos-canarinhos-apresenta-concerto-com-musicas-sacras-e-populares.html#primaryimage","url":"https:\/\/franciscanos.org.br\/noticias\/wp-content\/uploads\/2022\/05\/canarinhos_270522.jpg","contentUrl":"https:\/\/franciscanos.org.br\/noticias\/wp-content\/uploads\/2022\/05\/canarinhos_270522.jpg","width":1280,"height":720},{"@type":"WebPage","@id":"https:\/\/franciscanos.org.br\/noticias\/coral-das-meninas-dos-canarinhos-apresenta-concerto-com-musicas-sacras-e-populares.html#webpage","url":"https:\/\/franciscanos.org.br\/noticias\/coral-das-meninas-dos-canarinhos-apresenta-concerto-com-musicas-sacras-e-populares.html","name":"Coral das Meninas dos Canarinhos apresenta Concerto com m\u00fasicas sacras e populares - Not\u00edcias - Franciscanos","isPartOf":{"@id":"https:\/\/franciscanos.org.br\/noticias\/#website"},"primaryImageOfPage":{"@id":"https:\/\/franciscanos.org.br\/noticias\/coral-das-meninas-dos-canarinhos-apresenta-concerto-com-musicas-sacras-e-populares.html#primaryimage"},"datePublished":"2022-05-27T10:45:27+00:00","dateModified":"2022-05-27T10:45:27+00:00","author":{"@id":"https:\/\/franciscanos.org.br\/noticias\/#\/schema\/person\/b5c8cba458c330ccff548b056e95a5d4"},"breadcrumb":{"@id":"https:\/\/franciscanos.org.br\/noticias\/coral-das-meninas-dos-canarinhos-apresenta-concerto-com-musicas-sacras-e-populares.html#breadcrumb"},"inLanguage":"pt-BR","potentialAction":[{"@type":"ReadAction","target":["https:\/\/franciscanos.org.br\/noticias\/coral-das-meninas-dos-canarinhos-apresenta-concerto-com-musicas-sacras-e-populares.html"]}]},{"@type":"BreadcrumbList","@id":"https:\/\/franciscanos.org.br\/noticias\/coral-das-meninas-dos-canarinhos-apresenta-concerto-com-musicas-sacras-e-populares.html#breadcrumb","itemListElement":[{"@type":"ListItem","position":1,"name":"Home","item":"https:\/\/franciscanos.org.br\/noticias"},{"@type":"ListItem","position":2,"name":"Coral das Meninas dos Canarinhos apresenta Concerto com m\u00fasicas sacras e populares"}]},{"@type":"Person","@id":"https:\/\/franciscanos.org.br\/noticias\/#\/schema\/person\/b5c8cba458c330ccff548b056e95a5d4","name":"moacir","image":{"@type":"ImageObject","inLanguage":"pt-BR","@id":"https:\/\/franciscanos.org.br\/noticias\/#\/schema\/person\/image\/","url":"https:\/\/secure.gravatar.com\/avatar\/d08aa2ce4c8dd416d4479aa8536fcf64?s=96&d=mm&r=g","contentUrl":"https:\/\/secure.gravatar.com\/avatar\/d08aa2ce4c8dd416d4479aa8536fcf64?s=96&d=mm&r=g","caption":"moacir"},"url":"https:\/\/franciscanos.org.br\/noticias\/author\/moacir"}]}},"_links":{"self":[{"href":"https:\/\/franciscanos.org.br\/noticias\/wp-json\/wp\/v2\/posts\/238016"}],"collection":[{"href":"https:\/\/franciscanos.org.br\/noticias\/wp-json\/wp\/v2\/posts"}],"about":[{"href":"https:\/\/franciscanos.org.br\/noticias\/wp-json\/wp\/v2\/types\/post"}],"author":[{"embeddable":true,"href":"https:\/\/franciscanos.org.br\/noticias\/wp-json\/wp\/v2\/users\/3"}],"replies":[{"embeddable":true,"href":"https:\/\/franciscanos.org.br\/noticias\/wp-json\/wp\/v2\/comments?post=238016"}],"version-history":[{"count":1,"href":"https:\/\/franciscanos.org.br\/noticias\/wp-json\/wp\/v2\/posts\/238016\/revisions"}],"predecessor-version":[{"id":238018,"href":"https:\/\/franciscanos.org.br\/noticias\/wp-json\/wp\/v2\/posts\/238016\/revisions\/238018"}],"wp:featuredmedia":[{"embeddable":true,"href":"https:\/\/franciscanos.org.br\/noticias\/wp-json\/wp\/v2\/media\/238017"}],"wp:attachment":[{"href":"https:\/\/franciscanos.org.br\/noticias\/wp-json\/wp\/v2\/media?parent=238016"}],"wp:term":[{"taxonomy":"category","embeddable":true,"href":"https:\/\/franciscanos.org.br\/noticias\/wp-json\/wp\/v2\/categories?post=238016"},{"taxonomy":"post_tag","embeddable":true,"href":"https:\/\/franciscanos.org.br\/noticias\/wp-json\/wp\/v2\/tags?post=238016"}],"curies":[{"name":"wp","href":"https:\/\/api.w.org\/{rel}","templated":true}]}}