{"id":238010,"date":"2022-05-26T18:10:09","date_gmt":"2022-05-26T21:10:09","guid":{"rendered":"https:\/\/franciscanos.org.br\/noticias\/?p=238010"},"modified":"2022-05-26T18:12:42","modified_gmt":"2022-05-26T21:12:42","slug":"frei-clarencio-recebe-titulo-de-cidadao-vila-velhense","status":"publish","type":"post","link":"https:\/\/franciscanos.org.br\/noticias\/frei-clarencio-recebe-titulo-de-cidadao-vila-velhense.html","title":{"rendered":"Frei Clar\u00eancio recebe t\u00edtulo de Cidad\u00e3o Vila Velhense"},"content":{"rendered":"<p><img loading=\"lazy\" class=\"alignnone size-full wp-image-238011\" src=\"https:\/\/franciscanos.org.br\/noticias\/wp-content\/uploads\/2022\/05\/clarencio_2605.jpg\" alt=\"\" width=\"1280\" height=\"720\" srcset=\"https:\/\/franciscanos.org.br\/noticias\/wp-content\/uploads\/2022\/05\/clarencio_2605.jpg 1280w, https:\/\/franciscanos.org.br\/noticias\/wp-content\/uploads\/2022\/05\/clarencio_2605-450x253.jpg 450w, https:\/\/franciscanos.org.br\/noticias\/wp-content\/uploads\/2022\/05\/clarencio_2605-1024x576.jpg 1024w, https:\/\/franciscanos.org.br\/noticias\/wp-content\/uploads\/2022\/05\/clarencio_2605-768x432.jpg 768w, https:\/\/franciscanos.org.br\/noticias\/wp-content\/uploads\/2022\/05\/clarencio_2605-150x84.jpg 150w\" sizes=\"(max-width: 1280px) 100vw, 1280px\" \/><\/p>\n<p>Nesta quarta-feira, 25 de maio, Frei Clar\u00eancio Neotti, recebeu o t\u00edtulo de Cidad\u00e3o Vila Velhense como parte das comemora\u00e7\u00f5es dos 487 anos e como forma de agradecimento e homenagem pelos servi\u00e7os desempenhados pelo frade nos \u00faltimos anos na Par\u00f3quia Nossa Senhora do Ros\u00e1rio.<\/p>\n<p>Frei Clar\u00eancio \u00e9 Vig\u00e1rio Paroquial no Santu\u00e1rio do Divino Esp\u00edrito Santo, \u00e9 jornalista e escritor. Foi editor da revista \u201cVida Franciscana\u201d e trabalhou na Editora Vozes de janeiro de 1966 a janeiro de 1986 e foi, durante todo esse tempo, redator da \u201cRevista de Cultura Vozes\u201d. \u00c9 autor de \u201cMinist\u00e9rio da Palavra\u201d (3 volumes), \u201cSanto Ant\u00f4nio, Mestre da Vida\u201d, \u201cOrar 15 dias com Santo Ant\u00f4nio\u201d, \u201cSanto Ant\u00f4nio: simpatia de Deus e simpatia dos homens\u201d, \u201cSanto Ant\u00f4nio, Luz do Mundo\u201d (os 9 serm\u00f5es do Padre Vieira sobre Santo Ant\u00f4nio, comentados), \u201cOrar 15 dias com Frei Galv\u00e3o\u201d, \u201cComunica\u00e7\u00e3o e Igreja no Brasil\u201d, \u201cImaculada Concei\u00e7\u00e3o de Maria\u201d, \u201cFrei Aur\u00e9lio Stulzer, Pai, Irm\u00e3o, Amigo\u201d e \u201cAnimais no altar\u201d.<\/p>\n<p>Frei Clar\u00eancio, ordenado padre franciscano em janeiro de 1961, escreveu a biografia de Frei Bruno Linde, frade que est\u00e1 em processo de beatifica\u00e7\u00e3o.<\/p>\n<p><img loading=\"lazy\" class=\"alignnone size-full wp-image-238012\" src=\"https:\/\/franciscanos.org.br\/noticias\/wp-content\/uploads\/2022\/05\/23-05.jpg\" alt=\"\" width=\"1080\" height=\"1080\" srcset=\"https:\/\/franciscanos.org.br\/noticias\/wp-content\/uploads\/2022\/05\/23-05.jpg 1080w, https:\/\/franciscanos.org.br\/noticias\/wp-content\/uploads\/2022\/05\/23-05-450x450.jpg 450w, https:\/\/franciscanos.org.br\/noticias\/wp-content\/uploads\/2022\/05\/23-05-1024x1024.jpg 1024w, https:\/\/franciscanos.org.br\/noticias\/wp-content\/uploads\/2022\/05\/23-05-300x300.jpg 300w, https:\/\/franciscanos.org.br\/noticias\/wp-content\/uploads\/2022\/05\/23-05-768x768.jpg 768w, https:\/\/franciscanos.org.br\/noticias\/wp-content\/uploads\/2022\/05\/23-05-150x150.jpg 150w, https:\/\/franciscanos.org.br\/noticias\/wp-content\/uploads\/2022\/05\/23-05-100x100.jpg 100w\" sizes=\"(max-width: 1080px) 100vw, 1080px\" \/><\/p>\n<p><strong>HIST\u00d3RIA DE VILA VELHA<\/strong><\/p>\n<p>A hist\u00f3ria de Vila Velha est\u00e1 muito ligada a Par\u00f3quia Nossa Senhora do Ros\u00e1rio, uma vez que a Igreja Matriz provavelmente foi constru\u00edda logo assim que os portugueses chegaram com Vasco Fernandes Coutinho, em 23 de maio de 1535.<\/p>\n<p>A Igreja do Ros\u00e1rio \u00e9 a mais antiga do Brasil em funcionamento e foi a partir dela que todas as outras comunidades do munic\u00edpio surgiram. No dia 23 de maio, Vila Velha celebrou seus 487 anos.<\/p>\n<p>Que Nossa Senhora do Ros\u00e1rio interceda sempre pelo povo canela verde, ela que \u00e9 Padroeiro n\u00e3o s\u00f3 da Par\u00f3quia mas, de todo o nosso munic\u00edpio. Parab\u00e9ns Vila Velha! Aqui come\u00e7ou o Esp\u00edrito Santo e a presen\u00e7a franciscana em nosso estado!<\/p>\n","protected":false},"excerpt":{"rendered":"<p>Par\u00f3quia do Ros\u00e1rio de Vila Velha<\/p>\n","protected":false},"author":3,"featured_media":238011,"comment_status":"open","ping_status":"open","sticky":false,"template":"","format":"standard","meta":[],"categories":[1],"tags":[1245],"acf":[],"yoast_head":"<!-- This site is optimized with the Yoast SEO plugin v19.2 - https:\/\/yoast.com\/wordpress\/plugins\/seo\/ -->\n<title>Frei Clar\u00eancio recebe t\u00edtulo de Cidad\u00e3o Vila Velhense - Not\u00edcias - Franciscanos<\/title>\n<meta name=\"robots\" content=\"index, follow, max-snippet:-1, max-image-preview:large, max-video-preview:-1\" \/>\n<link rel=\"canonical\" href=\"https:\/\/franciscanos.org.br\/noticias\/frei-clarencio-recebe-titulo-de-cidadao-vila-velhense.html\" \/>\n<meta property=\"og:locale\" content=\"pt_BR\" \/>\n<meta property=\"og:type\" content=\"article\" \/>\n<meta property=\"og:title\" content=\"Frei Clar\u00eancio recebe t\u00edtulo de Cidad\u00e3o Vila Velhense - Not\u00edcias - Franciscanos\" \/>\n<meta property=\"og:description\" content=\"Par\u00f3quia do Ros\u00e1rio de Vila Velha\" \/>\n<meta property=\"og:url\" content=\"https:\/\/franciscanos.org.br\/noticias\/frei-clarencio-recebe-titulo-de-cidadao-vila-velhense.html\" \/>\n<meta property=\"og:site_name\" content=\"Not\u00edcias - Franciscanos\" \/>\n<meta property=\"article:published_time\" content=\"2022-05-26T21:10:09+00:00\" \/>\n<meta property=\"article:modified_time\" content=\"2022-05-26T21:12:42+00:00\" \/>\n<meta property=\"og:image\" content=\"https:\/\/franciscanos.org.br\/noticias\/wp-content\/uploads\/2022\/05\/clarencio_2605.jpg\" \/>\n\t<meta property=\"og:image:width\" content=\"1280\" \/>\n\t<meta property=\"og:image:height\" content=\"720\" \/>\n\t<meta property=\"og:image:type\" content=\"image\/jpeg\" \/>\n<meta name=\"author\" content=\"moacir\" \/>\n<meta name=\"twitter:card\" content=\"summary_large_image\" \/>\n<meta name=\"twitter:label1\" content=\"Escrito por\" \/>\n\t<meta name=\"twitter:data1\" content=\"moacir\" \/>\n\t<meta name=\"twitter:label2\" content=\"Est. tempo de leitura\" \/>\n\t<meta name=\"twitter:data2\" content=\"2 minutos\" \/>\n<script type=\"application\/ld+json\" class=\"yoast-schema-graph\">{\"@context\":\"https:\/\/schema.org\",\"@graph\":[{\"@type\":\"WebSite\",\"@id\":\"https:\/\/franciscanos.org.br\/noticias\/#website\",\"url\":\"https:\/\/franciscanos.org.br\/noticias\/\",\"name\":\"Not\u00edcias - Franciscanos\",\"description\":\"Prov\u00edncia Franciscana da Imaculada Concei\u00e7\u00e3o do Brasil - Ordem dos Frades Menores - OFM\",\"potentialAction\":[{\"@type\":\"SearchAction\",\"target\":{\"@type\":\"EntryPoint\",\"urlTemplate\":\"https:\/\/franciscanos.org.br\/noticias\/?s={search_term_string}\"},\"query-input\":\"required name=search_term_string\"}],\"inLanguage\":\"pt-BR\"},{\"@type\":\"ImageObject\",\"inLanguage\":\"pt-BR\",\"@id\":\"https:\/\/franciscanos.org.br\/noticias\/frei-clarencio-recebe-titulo-de-cidadao-vila-velhense.html#primaryimage\",\"url\":\"https:\/\/franciscanos.org.br\/noticias\/wp-content\/uploads\/2022\/05\/clarencio_2605.jpg\",\"contentUrl\":\"https:\/\/franciscanos.org.br\/noticias\/wp-content\/uploads\/2022\/05\/clarencio_2605.jpg\",\"width\":1280,\"height\":720},{\"@type\":\"WebPage\",\"@id\":\"https:\/\/franciscanos.org.br\/noticias\/frei-clarencio-recebe-titulo-de-cidadao-vila-velhense.html#webpage\",\"url\":\"https:\/\/franciscanos.org.br\/noticias\/frei-clarencio-recebe-titulo-de-cidadao-vila-velhense.html\",\"name\":\"Frei Clar\u00eancio recebe t\u00edtulo de Cidad\u00e3o Vila Velhense - Not\u00edcias - Franciscanos\",\"isPartOf\":{\"@id\":\"https:\/\/franciscanos.org.br\/noticias\/#website\"},\"primaryImageOfPage\":{\"@id\":\"https:\/\/franciscanos.org.br\/noticias\/frei-clarencio-recebe-titulo-de-cidadao-vila-velhense.html#primaryimage\"},\"datePublished\":\"2022-05-26T21:10:09+00:00\",\"dateModified\":\"2022-05-26T21:12:42+00:00\",\"author\":{\"@id\":\"https:\/\/franciscanos.org.br\/noticias\/#\/schema\/person\/b5c8cba458c330ccff548b056e95a5d4\"},\"breadcrumb\":{\"@id\":\"https:\/\/franciscanos.org.br\/noticias\/frei-clarencio-recebe-titulo-de-cidadao-vila-velhense.html#breadcrumb\"},\"inLanguage\":\"pt-BR\",\"potentialAction\":[{\"@type\":\"ReadAction\",\"target\":[\"https:\/\/franciscanos.org.br\/noticias\/frei-clarencio-recebe-titulo-de-cidadao-vila-velhense.html\"]}]},{\"@type\":\"BreadcrumbList\",\"@id\":\"https:\/\/franciscanos.org.br\/noticias\/frei-clarencio-recebe-titulo-de-cidadao-vila-velhense.html#breadcrumb\",\"itemListElement\":[{\"@type\":\"ListItem\",\"position\":1,\"name\":\"Home\",\"item\":\"https:\/\/franciscanos.org.br\/noticias\"},{\"@type\":\"ListItem\",\"position\":2,\"name\":\"Frei Clar\u00eancio recebe t\u00edtulo de Cidad\u00e3o Vila Velhense\"}]},{\"@type\":\"Person\",\"@id\":\"https:\/\/franciscanos.org.br\/noticias\/#\/schema\/person\/b5c8cba458c330ccff548b056e95a5d4\",\"name\":\"moacir\",\"image\":{\"@type\":\"ImageObject\",\"inLanguage\":\"pt-BR\",\"@id\":\"https:\/\/franciscanos.org.br\/noticias\/#\/schema\/person\/image\/\",\"url\":\"https:\/\/secure.gravatar.com\/avatar\/d08aa2ce4c8dd416d4479aa8536fcf64?s=96&d=mm&r=g\",\"contentUrl\":\"https:\/\/secure.gravatar.com\/avatar\/d08aa2ce4c8dd416d4479aa8536fcf64?s=96&d=mm&r=g\",\"caption\":\"moacir\"},\"url\":\"https:\/\/franciscanos.org.br\/noticias\/author\/moacir\"}]}<\/script>\n<!-- \/ Yoast SEO plugin. -->","yoast_head_json":{"title":"Frei Clar\u00eancio recebe t\u00edtulo de Cidad\u00e3o Vila Velhense - Not\u00edcias - Franciscanos","robots":{"index":"index","follow":"follow","max-snippet":"max-snippet:-1","max-image-preview":"max-image-preview:large","max-video-preview":"max-video-preview:-1"},"canonical":"https:\/\/franciscanos.org.br\/noticias\/frei-clarencio-recebe-titulo-de-cidadao-vila-velhense.html","og_locale":"pt_BR","og_type":"article","og_title":"Frei Clar\u00eancio recebe t\u00edtulo de Cidad\u00e3o Vila Velhense - Not\u00edcias - Franciscanos","og_description":"Par\u00f3quia do Ros\u00e1rio de Vila Velha","og_url":"https:\/\/franciscanos.org.br\/noticias\/frei-clarencio-recebe-titulo-de-cidadao-vila-velhense.html","og_site_name":"Not\u00edcias - Franciscanos","article_published_time":"2022-05-26T21:10:09+00:00","article_modified_time":"2022-05-26T21:12:42+00:00","og_image":[{"width":1280,"height":720,"url":"https:\/\/franciscanos.org.br\/noticias\/wp-content\/uploads\/2022\/05\/clarencio_2605.jpg","type":"image\/jpeg"}],"author":"moacir","twitter_card":"summary_large_image","twitter_misc":{"Escrito por":"moacir","Est. tempo de leitura":"2 minutos"},"schema":{"@context":"https:\/\/schema.org","@graph":[{"@type":"WebSite","@id":"https:\/\/franciscanos.org.br\/noticias\/#website","url":"https:\/\/franciscanos.org.br\/noticias\/","name":"Not\u00edcias - Franciscanos","description":"Prov\u00edncia Franciscana da Imaculada Concei\u00e7\u00e3o do Brasil - Ordem dos Frades Menores - OFM","potentialAction":[{"@type":"SearchAction","target":{"@type":"EntryPoint","urlTemplate":"https:\/\/franciscanos.org.br\/noticias\/?s={search_term_string}"},"query-input":"required name=search_term_string"}],"inLanguage":"pt-BR"},{"@type":"ImageObject","inLanguage":"pt-BR","@id":"https:\/\/franciscanos.org.br\/noticias\/frei-clarencio-recebe-titulo-de-cidadao-vila-velhense.html#primaryimage","url":"https:\/\/franciscanos.org.br\/noticias\/wp-content\/uploads\/2022\/05\/clarencio_2605.jpg","contentUrl":"https:\/\/franciscanos.org.br\/noticias\/wp-content\/uploads\/2022\/05\/clarencio_2605.jpg","width":1280,"height":720},{"@type":"WebPage","@id":"https:\/\/franciscanos.org.br\/noticias\/frei-clarencio-recebe-titulo-de-cidadao-vila-velhense.html#webpage","url":"https:\/\/franciscanos.org.br\/noticias\/frei-clarencio-recebe-titulo-de-cidadao-vila-velhense.html","name":"Frei Clar\u00eancio recebe t\u00edtulo de Cidad\u00e3o Vila Velhense - Not\u00edcias - Franciscanos","isPartOf":{"@id":"https:\/\/franciscanos.org.br\/noticias\/#website"},"primaryImageOfPage":{"@id":"https:\/\/franciscanos.org.br\/noticias\/frei-clarencio-recebe-titulo-de-cidadao-vila-velhense.html#primaryimage"},"datePublished":"2022-05-26T21:10:09+00:00","dateModified":"2022-05-26T21:12:42+00:00","author":{"@id":"https:\/\/franciscanos.org.br\/noticias\/#\/schema\/person\/b5c8cba458c330ccff548b056e95a5d4"},"breadcrumb":{"@id":"https:\/\/franciscanos.org.br\/noticias\/frei-clarencio-recebe-titulo-de-cidadao-vila-velhense.html#breadcrumb"},"inLanguage":"pt-BR","potentialAction":[{"@type":"ReadAction","target":["https:\/\/franciscanos.org.br\/noticias\/frei-clarencio-recebe-titulo-de-cidadao-vila-velhense.html"]}]},{"@type":"BreadcrumbList","@id":"https:\/\/franciscanos.org.br\/noticias\/frei-clarencio-recebe-titulo-de-cidadao-vila-velhense.html#breadcrumb","itemListElement":[{"@type":"ListItem","position":1,"name":"Home","item":"https:\/\/franciscanos.org.br\/noticias"},{"@type":"ListItem","position":2,"name":"Frei Clar\u00eancio recebe t\u00edtulo de Cidad\u00e3o Vila Velhense"}]},{"@type":"Person","@id":"https:\/\/franciscanos.org.br\/noticias\/#\/schema\/person\/b5c8cba458c330ccff548b056e95a5d4","name":"moacir","image":{"@type":"ImageObject","inLanguage":"pt-BR","@id":"https:\/\/franciscanos.org.br\/noticias\/#\/schema\/person\/image\/","url":"https:\/\/secure.gravatar.com\/avatar\/d08aa2ce4c8dd416d4479aa8536fcf64?s=96&d=mm&r=g","contentUrl":"https:\/\/secure.gravatar.com\/avatar\/d08aa2ce4c8dd416d4479aa8536fcf64?s=96&d=mm&r=g","caption":"moacir"},"url":"https:\/\/franciscanos.org.br\/noticias\/author\/moacir"}]}},"_links":{"self":[{"href":"https:\/\/franciscanos.org.br\/noticias\/wp-json\/wp\/v2\/posts\/238010"}],"collection":[{"href":"https:\/\/franciscanos.org.br\/noticias\/wp-json\/wp\/v2\/posts"}],"about":[{"href":"https:\/\/franciscanos.org.br\/noticias\/wp-json\/wp\/v2\/types\/post"}],"author":[{"embeddable":true,"href":"https:\/\/franciscanos.org.br\/noticias\/wp-json\/wp\/v2\/users\/3"}],"replies":[{"embeddable":true,"href":"https:\/\/franciscanos.org.br\/noticias\/wp-json\/wp\/v2\/comments?post=238010"}],"version-history":[{"count":3,"href":"https:\/\/franciscanos.org.br\/noticias\/wp-json\/wp\/v2\/posts\/238010\/revisions"}],"predecessor-version":[{"id":238015,"href":"https:\/\/franciscanos.org.br\/noticias\/wp-json\/wp\/v2\/posts\/238010\/revisions\/238015"}],"wp:featuredmedia":[{"embeddable":true,"href":"https:\/\/franciscanos.org.br\/noticias\/wp-json\/wp\/v2\/media\/238011"}],"wp:attachment":[{"href":"https:\/\/franciscanos.org.br\/noticias\/wp-json\/wp\/v2\/media?parent=238010"}],"wp:term":[{"taxonomy":"category","embeddable":true,"href":"https:\/\/franciscanos.org.br\/noticias\/wp-json\/wp\/v2\/categories?post=238010"},{"taxonomy":"post_tag","embeddable":true,"href":"https:\/\/franciscanos.org.br\/noticias\/wp-json\/wp\/v2\/tags?post=238010"}],"curies":[{"name":"wp","href":"https:\/\/api.w.org\/{rel}","templated":true}]}}