{"id":237988,"date":"2022-05-23T06:41:08","date_gmt":"2022-05-23T09:41:08","guid":{"rendered":"https:\/\/franciscanos.org.br\/noticias\/?p=237988"},"modified":"2022-05-23T09:13:08","modified_gmt":"2022-05-23T12:13:08","slug":"convento-e-paroquia-do-sagrado-investem-em-comunicacao","status":"publish","type":"post","link":"https:\/\/franciscanos.org.br\/noticias\/convento-e-paroquia-do-sagrado-investem-em-comunicacao.html","title":{"rendered":"Convento e Par\u00f3quia do Sagrado investem em comunica\u00e7\u00e3o"},"content":{"rendered":"<p><img loading=\"lazy\" class=\"alignnone size-full wp-image-237989\" src=\"https:\/\/franciscanos.org.br\/noticias\/wp-content\/uploads\/2022\/05\/sagrado_01.jpg\" alt=\"\" width=\"1280\" height=\"720\" srcset=\"https:\/\/franciscanos.org.br\/noticias\/wp-content\/uploads\/2022\/05\/sagrado_01.jpg 1280w, https:\/\/franciscanos.org.br\/noticias\/wp-content\/uploads\/2022\/05\/sagrado_01-450x253.jpg 450w, https:\/\/franciscanos.org.br\/noticias\/wp-content\/uploads\/2022\/05\/sagrado_01-1024x576.jpg 1024w, https:\/\/franciscanos.org.br\/noticias\/wp-content\/uploads\/2022\/05\/sagrado_01-768x432.jpg 768w, https:\/\/franciscanos.org.br\/noticias\/wp-content\/uploads\/2022\/05\/sagrado_01-150x84.jpg 150w\" sizes=\"(max-width: 1280px) 100vw, 1280px\" \/><\/p>\n<p><strong>Petr\u00f3polis (RJ) \u2013<\/strong> O fim de semana no Convento e Par\u00f3quia do Sagrado foi especial. Dentre os compromissos rotineiros e formativos, como a Celebra\u00e7\u00e3o de Institui\u00e7\u00e3o do Leitorado de sete frades do Tempo da Teologia no s\u00e1bado (21\/05), retiro para as crian\u00e7as dos Col\u00e9gios Bom Jesus em prepara\u00e7\u00e3o para a 1\u00aa Eucaristia e Celebra\u00e7\u00f5es Eucar\u00edsticas, um motivo chamou aten\u00e7\u00e3o: a inaugura\u00e7\u00e3o do novo sistema de transmiss\u00f5es da Fraternidade do Sagrado.<\/p>\n<p>H\u00e1 meses se estudava um projeto que permitisse mais qualidade de som e imagem nas transmiss\u00f5es, visto que desde o in\u00edcio da pandemia os frades n\u00e3o mediram esfor\u00e7os para \u00a0transmitirem diariamente Celebra\u00e7\u00f5es Eucar\u00edsticas e momentos devocionais, como a b\u00ean\u00e7\u00e3o de Santo Ant\u00f4nio e a Ora\u00e7\u00e3o da Liturgia das Horas, por exemplo.<\/p>\n<p>Com c\u00e2meras fixas, os paroquianos virtuais podem acompanhar com maior qualidade e din\u00e2mica as celebra\u00e7\u00f5es da centen\u00e1ria Igreja da Rua Montecaseros. As novas c\u00e2meras permitem mais proximidade, discri\u00e7\u00e3o e diversidade nos \u00e2ngulos. Permitem tamb\u00e9m mais facilidade nos processos t\u00e9cnicos do qual depende uma boa evangeliza\u00e7\u00e3o dos ambientes digitais.<\/p>\n<p>Frei Jorge Paulo Schiavini, guardi\u00e3o e p\u00e1roco, foi um dos respons\u00e1veis pela implementa\u00e7\u00e3o do novo sistema e n\u00e3o esconde a alegria em saber que deu tudo certo. Todo processo de instala\u00e7\u00e3o foi feito pelos pr\u00f3prios frades e trabalhadores da Par\u00f3quia e Convento, evitando gastos.<\/p>\n<p><img loading=\"lazy\" class=\"alignnone size-full wp-image-237990\" src=\"https:\/\/franciscanos.org.br\/noticias\/wp-content\/uploads\/2022\/05\/sagrado_02.png\" alt=\"\" width=\"1280\" height=\"720\" srcset=\"https:\/\/franciscanos.org.br\/noticias\/wp-content\/uploads\/2022\/05\/sagrado_02.png 1280w, https:\/\/franciscanos.org.br\/noticias\/wp-content\/uploads\/2022\/05\/sagrado_02-450x253.png 450w, https:\/\/franciscanos.org.br\/noticias\/wp-content\/uploads\/2022\/05\/sagrado_02-1024x576.png 1024w, https:\/\/franciscanos.org.br\/noticias\/wp-content\/uploads\/2022\/05\/sagrado_02-768x432.png 768w, https:\/\/franciscanos.org.br\/noticias\/wp-content\/uploads\/2022\/05\/sagrado_02-150x84.png 150w\" sizes=\"(max-width: 1280px) 100vw, 1280px\" \/><\/p>\n<p>Durante a Celebra\u00e7\u00e3o Eucar\u00edstica do 6\u00ba Domingo da P\u00e1scoa (22\/05), o Definidor Provincial e Mestre dos Frades do Tempo da Teologia, Frei Marcos Ant\u00f4nio de Andrade, falou sobre este novo passo. \u201cNeste final de semana entrou em teste um novo sistema de transmiss\u00e3o das nossas celebra\u00e7\u00f5es do Sagrado. J\u00e1 come\u00e7amos no s\u00e1bado, durante as <em>Laudes<\/em> e missa, e agora nesta manh\u00e3 de domingo. Estamos com um novo modo de transmitir, agora sem o frei aqui com a c\u00e2mera no meio da Igreja\u201d, brincou. \u201cAqueles que nos acompanham fielmente certamente j\u00e1 perceberam esta diferen\u00e7a\u201d, disse.<\/p>\n<p>\u201cGra\u00e7as a Deus estamos conseguindo tamb\u00e9m oferecer uma boa transmiss\u00e3o. Por\u00e9m, a maior transmiss\u00e3o \u00e9 a do Evangelho, do an\u00fancio da Boa-Nova, de evangelizarmos tamb\u00e9m atrav\u00e9s das redes digitais e dos meios de comunica\u00e7\u00e3o\u201d, ressaltou.<\/p>\n<p>Dentre as mudan\u00e7as, uma vinheta com identidade visual para as missas, ora\u00e7\u00f5es e b\u00ean\u00e7\u00e3os, tamb\u00e9m foi desenvolvida e marca sempre o in\u00edcio e t\u00e9rmino das celebra\u00e7\u00f5es. Al\u00e9m disso, o som anal\u00f3gico passou para o digital. Agora, as transmiss\u00f5es s\u00e3o realizadas do coro da Igreja, e n\u00e3o mais da sacristia, permitindo uma maior visualiza\u00e7\u00e3o do espa\u00e7o lit\u00fargico e das a\u00e7\u00f5es gestuais que se desempenham.<\/p>\n<p>O \u201cSagrado\u201d, como popularmente \u00e9 chamada a Igreja dos frades, caracteriza-se como um lugar onde acontecem importantes eventos da vida da Prov\u00edncia da Imaculada Concei\u00e7\u00e3o do Brasil. Agora, conta com mais um importante instrumento de evangeliza\u00e7\u00e3o que para al\u00e9m de transmitir quer deixar registrada a hist\u00f3ria de uma miss\u00e3o que j\u00e1 tem mais de 126 anos!<\/p>\n<p><img loading=\"lazy\" class=\"alignnone size-full wp-image-237991\" src=\"https:\/\/franciscanos.org.br\/noticias\/wp-content\/uploads\/2022\/05\/sagrado_03.png\" alt=\"\" width=\"1280\" height=\"720\" srcset=\"https:\/\/franciscanos.org.br\/noticias\/wp-content\/uploads\/2022\/05\/sagrado_03.png 1280w, https:\/\/franciscanos.org.br\/noticias\/wp-content\/uploads\/2022\/05\/sagrado_03-450x253.png 450w, https:\/\/franciscanos.org.br\/noticias\/wp-content\/uploads\/2022\/05\/sagrado_03-1024x576.png 1024w, https:\/\/franciscanos.org.br\/noticias\/wp-content\/uploads\/2022\/05\/sagrado_03-768x432.png 768w, https:\/\/franciscanos.org.br\/noticias\/wp-content\/uploads\/2022\/05\/sagrado_03-150x84.png 150w\" sizes=\"(max-width: 1280px) 100vw, 1280px\" \/><\/p>\n<p><strong>PANDEMIA ACELERA O PROCESSO<\/strong><\/p>\n<p>Historicamente, a Par\u00f3quia do Sagrado deu seus primeiros passos na internet em maio de 2014, com a cria\u00e7\u00e3o de uma p\u00e1gina no Facebook. Por muito tempo, este foi o \u00fanico meio de comunica\u00e7\u00e3o digital que caminhou ao lado do informativo impresso e mensal, o famoso \u201cLa\u00e7os e Passos\u201d, que j\u00e1 existia h\u00e1 alguns anos. Em 2019, criou-se a logo da Par\u00f3quia. A conta no Instagram chegou em 2020, o canal no YouTube em maio de 2021. J\u00e1 em junho do mesmo ano, a cria\u00e7\u00e3o de um site institucional marcou a hist\u00f3ria da Pascom e da Par\u00f3quia do Sagrado Cora\u00e7\u00e3o de Jesus.<\/p>\n<p>Em mar\u00e7o de 2020, com o in\u00edcio da pandemia no Brasil, houve a necessidade de dar novos e desafiadores passos. O fechamento de Igrejas em plena Semana Santa, ocasionou verdadeira reviravolta em nosso cotidiano. Os frades, com o apoio do p\u00e1roco Frei Jorge e do mestre Frei Marcos, incentivaram o in\u00edcio das transmiss\u00f5es di\u00e1rias das Celebra\u00e7\u00f5es Eucar\u00edsticas. No come\u00e7o, foi tudo muito improvisado, pois n\u00e3o se tinha ainda o costume de transmitir missas. Os\u00a0\u00a0 trip\u00e9s usados eram colocados em cima de banquetas, por exemplo. E assim, aos poucos, entre erros e acertos, fomos nos aperfei\u00e7oando e utilizando os meios dispon\u00edveis. Os celulares passaram a levar a Palavra de Deus a todo povo, e n\u00e3o somente de Petr\u00f3polis, mas de todo Brasil. Vemos com alegria que o servi\u00e7o evangelizador foi se profissionalizando, utilizando-se de equipamentos, programas e recursos necess\u00e1rios que expandiram mais ainda nossas a\u00e7\u00f5es, alcan\u00e7ando in\u00fameras pessoas levando palavras de \u00e2nimo e f\u00e9 nos momentos dif\u00edceis que atravessamos.<\/p>\n<p>Ainda hoje, nota-se como s\u00e3o importantes as Celebra\u00e7\u00f5es Eucar\u00edsticas, ora\u00e7\u00f5es, b\u00ean\u00e7\u00e3os e\u00a0<em>lives<\/em>\u00a0que tamb\u00e9m s\u00e3o transmitidas. Muitas pessoas que pelos mais diversos motivos, n\u00e3o podem comparecer presencialmente a Igreja, acompanham nossas transmiss\u00f5es, alimentando-se da Palavra, comungando espiritualmente, e recebendo conforto e paz.<\/p>\n<p>Em 2021, ap\u00f3s um ano de transmiss\u00f5es de missas, ora\u00e7\u00f5es e devo\u00e7\u00f5es, batemos a incr\u00edvel marca de mais de 2 milh\u00f5es de visualiza\u00e7\u00f5es. De l\u00e1 para c\u00e1, nossa <em>fanpage<\/em> no Facebook acumula mais de 900 v\u00eddeos, entre transmiss\u00f5es e especiais com assuntos tem\u00e1ticos e pontuais.<\/p>\n<hr \/>\n<p><strong>Frei Augusto Luiz Gabriel,<\/strong><em> coordenador da Pascom e cronista da Fraternidade do Sagrado<\/em><\/p>\n<p>&nbsp;<\/p>\n","protected":false},"excerpt":{"rendered":"<p>Par\u00f3quia do Sagrado Cora\u00e7\u00e3o de Jesus<\/p>\n","protected":false},"author":3,"featured_media":237989,"comment_status":"open","ping_status":"open","sticky":false,"template":"","format":"standard","meta":[],"categories":[1],"tags":[550,1766,190],"acf":[],"yoast_head":"<!-- This site is optimized with the Yoast SEO plugin v19.2 - https:\/\/yoast.com\/wordpress\/plugins\/seo\/ -->\n<title>Convento e Par\u00f3quia do Sagrado investem em comunica\u00e7\u00e3o - Not\u00edcias - Franciscanos<\/title>\n<meta name=\"robots\" content=\"index, follow, max-snippet:-1, max-image-preview:large, max-video-preview:-1\" \/>\n<link rel=\"canonical\" href=\"https:\/\/franciscanos.org.br\/noticias\/convento-e-paroquia-do-sagrado-investem-em-comunicacao.html\" \/>\n<meta property=\"og:locale\" content=\"pt_BR\" \/>\n<meta property=\"og:type\" content=\"article\" \/>\n<meta property=\"og:title\" content=\"Convento e Par\u00f3quia do Sagrado investem em comunica\u00e7\u00e3o - Not\u00edcias - Franciscanos\" \/>\n<meta property=\"og:description\" content=\"Par\u00f3quia do Sagrado Cora\u00e7\u00e3o de Jesus\" \/>\n<meta property=\"og:url\" content=\"https:\/\/franciscanos.org.br\/noticias\/convento-e-paroquia-do-sagrado-investem-em-comunicacao.html\" \/>\n<meta property=\"og:site_name\" content=\"Not\u00edcias - Franciscanos\" \/>\n<meta property=\"article:published_time\" content=\"2022-05-23T09:41:08+00:00\" \/>\n<meta property=\"article:modified_time\" content=\"2022-05-23T12:13:08+00:00\" \/>\n<meta property=\"og:image\" content=\"https:\/\/franciscanos.org.br\/noticias\/wp-content\/uploads\/2022\/05\/sagrado_01.jpg\" \/>\n\t<meta property=\"og:image:width\" content=\"1280\" \/>\n\t<meta property=\"og:image:height\" content=\"720\" \/>\n\t<meta property=\"og:image:type\" content=\"image\/jpeg\" \/>\n<meta name=\"author\" content=\"moacir\" \/>\n<meta name=\"twitter:card\" content=\"summary_large_image\" \/>\n<meta name=\"twitter:label1\" content=\"Escrito por\" \/>\n\t<meta name=\"twitter:data1\" content=\"moacir\" \/>\n\t<meta name=\"twitter:label2\" content=\"Est. tempo de leitura\" \/>\n\t<meta name=\"twitter:data2\" content=\"5 minutos\" \/>\n<script type=\"application\/ld+json\" class=\"yoast-schema-graph\">{\"@context\":\"https:\/\/schema.org\",\"@graph\":[{\"@type\":\"WebSite\",\"@id\":\"https:\/\/franciscanos.org.br\/noticias\/#website\",\"url\":\"https:\/\/franciscanos.org.br\/noticias\/\",\"name\":\"Not\u00edcias - Franciscanos\",\"description\":\"Prov\u00edncia Franciscana da Imaculada Concei\u00e7\u00e3o do Brasil - Ordem dos Frades Menores - OFM\",\"potentialAction\":[{\"@type\":\"SearchAction\",\"target\":{\"@type\":\"EntryPoint\",\"urlTemplate\":\"https:\/\/franciscanos.org.br\/noticias\/?s={search_term_string}\"},\"query-input\":\"required name=search_term_string\"}],\"inLanguage\":\"pt-BR\"},{\"@type\":\"ImageObject\",\"inLanguage\":\"pt-BR\",\"@id\":\"https:\/\/franciscanos.org.br\/noticias\/convento-e-paroquia-do-sagrado-investem-em-comunicacao.html#primaryimage\",\"url\":\"https:\/\/franciscanos.org.br\/noticias\/wp-content\/uploads\/2022\/05\/sagrado_01.jpg\",\"contentUrl\":\"https:\/\/franciscanos.org.br\/noticias\/wp-content\/uploads\/2022\/05\/sagrado_01.jpg\",\"width\":1280,\"height\":720},{\"@type\":\"WebPage\",\"@id\":\"https:\/\/franciscanos.org.br\/noticias\/convento-e-paroquia-do-sagrado-investem-em-comunicacao.html#webpage\",\"url\":\"https:\/\/franciscanos.org.br\/noticias\/convento-e-paroquia-do-sagrado-investem-em-comunicacao.html\",\"name\":\"Convento e Par\u00f3quia do Sagrado investem em comunica\u00e7\u00e3o - Not\u00edcias - Franciscanos\",\"isPartOf\":{\"@id\":\"https:\/\/franciscanos.org.br\/noticias\/#website\"},\"primaryImageOfPage\":{\"@id\":\"https:\/\/franciscanos.org.br\/noticias\/convento-e-paroquia-do-sagrado-investem-em-comunicacao.html#primaryimage\"},\"datePublished\":\"2022-05-23T09:41:08+00:00\",\"dateModified\":\"2022-05-23T12:13:08+00:00\",\"author\":{\"@id\":\"https:\/\/franciscanos.org.br\/noticias\/#\/schema\/person\/b5c8cba458c330ccff548b056e95a5d4\"},\"breadcrumb\":{\"@id\":\"https:\/\/franciscanos.org.br\/noticias\/convento-e-paroquia-do-sagrado-investem-em-comunicacao.html#breadcrumb\"},\"inLanguage\":\"pt-BR\",\"potentialAction\":[{\"@type\":\"ReadAction\",\"target\":[\"https:\/\/franciscanos.org.br\/noticias\/convento-e-paroquia-do-sagrado-investem-em-comunicacao.html\"]}]},{\"@type\":\"BreadcrumbList\",\"@id\":\"https:\/\/franciscanos.org.br\/noticias\/convento-e-paroquia-do-sagrado-investem-em-comunicacao.html#breadcrumb\",\"itemListElement\":[{\"@type\":\"ListItem\",\"position\":1,\"name\":\"Home\",\"item\":\"https:\/\/franciscanos.org.br\/noticias\"},{\"@type\":\"ListItem\",\"position\":2,\"name\":\"Convento e Par\u00f3quia do Sagrado investem em comunica\u00e7\u00e3o\"}]},{\"@type\":\"Person\",\"@id\":\"https:\/\/franciscanos.org.br\/noticias\/#\/schema\/person\/b5c8cba458c330ccff548b056e95a5d4\",\"name\":\"moacir\",\"image\":{\"@type\":\"ImageObject\",\"inLanguage\":\"pt-BR\",\"@id\":\"https:\/\/franciscanos.org.br\/noticias\/#\/schema\/person\/image\/\",\"url\":\"https:\/\/secure.gravatar.com\/avatar\/d08aa2ce4c8dd416d4479aa8536fcf64?s=96&d=mm&r=g\",\"contentUrl\":\"https:\/\/secure.gravatar.com\/avatar\/d08aa2ce4c8dd416d4479aa8536fcf64?s=96&d=mm&r=g\",\"caption\":\"moacir\"},\"url\":\"https:\/\/franciscanos.org.br\/noticias\/author\/moacir\"}]}<\/script>\n<!-- \/ Yoast SEO plugin. -->","yoast_head_json":{"title":"Convento e Par\u00f3quia do Sagrado investem em comunica\u00e7\u00e3o - Not\u00edcias - Franciscanos","robots":{"index":"index","follow":"follow","max-snippet":"max-snippet:-1","max-image-preview":"max-image-preview:large","max-video-preview":"max-video-preview:-1"},"canonical":"https:\/\/franciscanos.org.br\/noticias\/convento-e-paroquia-do-sagrado-investem-em-comunicacao.html","og_locale":"pt_BR","og_type":"article","og_title":"Convento e Par\u00f3quia do Sagrado investem em comunica\u00e7\u00e3o - Not\u00edcias - Franciscanos","og_description":"Par\u00f3quia do Sagrado Cora\u00e7\u00e3o de Jesus","og_url":"https:\/\/franciscanos.org.br\/noticias\/convento-e-paroquia-do-sagrado-investem-em-comunicacao.html","og_site_name":"Not\u00edcias - Franciscanos","article_published_time":"2022-05-23T09:41:08+00:00","article_modified_time":"2022-05-23T12:13:08+00:00","og_image":[{"width":1280,"height":720,"url":"https:\/\/franciscanos.org.br\/noticias\/wp-content\/uploads\/2022\/05\/sagrado_01.jpg","type":"image\/jpeg"}],"author":"moacir","twitter_card":"summary_large_image","twitter_misc":{"Escrito por":"moacir","Est. tempo de leitura":"5 minutos"},"schema":{"@context":"https:\/\/schema.org","@graph":[{"@type":"WebSite","@id":"https:\/\/franciscanos.org.br\/noticias\/#website","url":"https:\/\/franciscanos.org.br\/noticias\/","name":"Not\u00edcias - Franciscanos","description":"Prov\u00edncia Franciscana da Imaculada Concei\u00e7\u00e3o do Brasil - Ordem dos Frades Menores - OFM","potentialAction":[{"@type":"SearchAction","target":{"@type":"EntryPoint","urlTemplate":"https:\/\/franciscanos.org.br\/noticias\/?s={search_term_string}"},"query-input":"required name=search_term_string"}],"inLanguage":"pt-BR"},{"@type":"ImageObject","inLanguage":"pt-BR","@id":"https:\/\/franciscanos.org.br\/noticias\/convento-e-paroquia-do-sagrado-investem-em-comunicacao.html#primaryimage","url":"https:\/\/franciscanos.org.br\/noticias\/wp-content\/uploads\/2022\/05\/sagrado_01.jpg","contentUrl":"https:\/\/franciscanos.org.br\/noticias\/wp-content\/uploads\/2022\/05\/sagrado_01.jpg","width":1280,"height":720},{"@type":"WebPage","@id":"https:\/\/franciscanos.org.br\/noticias\/convento-e-paroquia-do-sagrado-investem-em-comunicacao.html#webpage","url":"https:\/\/franciscanos.org.br\/noticias\/convento-e-paroquia-do-sagrado-investem-em-comunicacao.html","name":"Convento e Par\u00f3quia do Sagrado investem em comunica\u00e7\u00e3o - Not\u00edcias - Franciscanos","isPartOf":{"@id":"https:\/\/franciscanos.org.br\/noticias\/#website"},"primaryImageOfPage":{"@id":"https:\/\/franciscanos.org.br\/noticias\/convento-e-paroquia-do-sagrado-investem-em-comunicacao.html#primaryimage"},"datePublished":"2022-05-23T09:41:08+00:00","dateModified":"2022-05-23T12:13:08+00:00","author":{"@id":"https:\/\/franciscanos.org.br\/noticias\/#\/schema\/person\/b5c8cba458c330ccff548b056e95a5d4"},"breadcrumb":{"@id":"https:\/\/franciscanos.org.br\/noticias\/convento-e-paroquia-do-sagrado-investem-em-comunicacao.html#breadcrumb"},"inLanguage":"pt-BR","potentialAction":[{"@type":"ReadAction","target":["https:\/\/franciscanos.org.br\/noticias\/convento-e-paroquia-do-sagrado-investem-em-comunicacao.html"]}]},{"@type":"BreadcrumbList","@id":"https:\/\/franciscanos.org.br\/noticias\/convento-e-paroquia-do-sagrado-investem-em-comunicacao.html#breadcrumb","itemListElement":[{"@type":"ListItem","position":1,"name":"Home","item":"https:\/\/franciscanos.org.br\/noticias"},{"@type":"ListItem","position":2,"name":"Convento e Par\u00f3quia do Sagrado investem em comunica\u00e7\u00e3o"}]},{"@type":"Person","@id":"https:\/\/franciscanos.org.br\/noticias\/#\/schema\/person\/b5c8cba458c330ccff548b056e95a5d4","name":"moacir","image":{"@type":"ImageObject","inLanguage":"pt-BR","@id":"https:\/\/franciscanos.org.br\/noticias\/#\/schema\/person\/image\/","url":"https:\/\/secure.gravatar.com\/avatar\/d08aa2ce4c8dd416d4479aa8536fcf64?s=96&d=mm&r=g","contentUrl":"https:\/\/secure.gravatar.com\/avatar\/d08aa2ce4c8dd416d4479aa8536fcf64?s=96&d=mm&r=g","caption":"moacir"},"url":"https:\/\/franciscanos.org.br\/noticias\/author\/moacir"}]}},"_links":{"self":[{"href":"https:\/\/franciscanos.org.br\/noticias\/wp-json\/wp\/v2\/posts\/237988"}],"collection":[{"href":"https:\/\/franciscanos.org.br\/noticias\/wp-json\/wp\/v2\/posts"}],"about":[{"href":"https:\/\/franciscanos.org.br\/noticias\/wp-json\/wp\/v2\/types\/post"}],"author":[{"embeddable":true,"href":"https:\/\/franciscanos.org.br\/noticias\/wp-json\/wp\/v2\/users\/3"}],"replies":[{"embeddable":true,"href":"https:\/\/franciscanos.org.br\/noticias\/wp-json\/wp\/v2\/comments?post=237988"}],"version-history":[{"count":2,"href":"https:\/\/franciscanos.org.br\/noticias\/wp-json\/wp\/v2\/posts\/237988\/revisions"}],"predecessor-version":[{"id":237993,"href":"https:\/\/franciscanos.org.br\/noticias\/wp-json\/wp\/v2\/posts\/237988\/revisions\/237993"}],"wp:featuredmedia":[{"embeddable":true,"href":"https:\/\/franciscanos.org.br\/noticias\/wp-json\/wp\/v2\/media\/237989"}],"wp:attachment":[{"href":"https:\/\/franciscanos.org.br\/noticias\/wp-json\/wp\/v2\/media?parent=237988"}],"wp:term":[{"taxonomy":"category","embeddable":true,"href":"https:\/\/franciscanos.org.br\/noticias\/wp-json\/wp\/v2\/categories?post=237988"},{"taxonomy":"post_tag","embeddable":true,"href":"https:\/\/franciscanos.org.br\/noticias\/wp-json\/wp\/v2\/tags?post=237988"}],"curies":[{"name":"wp","href":"https:\/\/api.w.org\/{rel}","templated":true}]}}