{"id":237964,"date":"2022-05-21T12:24:20","date_gmt":"2022-05-21T15:24:20","guid":{"rendered":"https:\/\/franciscanos.org.br\/noticias\/?p=237964"},"modified":"2022-05-21T14:00:12","modified_gmt":"2022-05-21T17:00:12","slug":"frei-paulo-o-leitor-e-aquele-que-instrui-e-que-junto-caminha","status":"publish","type":"post","link":"https:\/\/franciscanos.org.br\/noticias\/frei-paulo-o-leitor-e-aquele-que-instrui-e-que-junto-caminha.html","title":{"rendered":"Frei Paulo: \u201cO leitor \u00e9 aquele que instrui e que junto caminha\u201d"},"content":{"rendered":"<p><img loading=\"lazy\" class=\"alignnone size-full wp-image-237965\" src=\"https:\/\/franciscanos.org.br\/noticias\/wp-content\/uploads\/2022\/05\/leitorado_2102.jpg\" alt=\"\" width=\"1280\" height=\"720\" srcset=\"https:\/\/franciscanos.org.br\/noticias\/wp-content\/uploads\/2022\/05\/leitorado_2102.jpg 1280w, https:\/\/franciscanos.org.br\/noticias\/wp-content\/uploads\/2022\/05\/leitorado_2102-450x253.jpg 450w, https:\/\/franciscanos.org.br\/noticias\/wp-content\/uploads\/2022\/05\/leitorado_2102-1024x576.jpg 1024w, https:\/\/franciscanos.org.br\/noticias\/wp-content\/uploads\/2022\/05\/leitorado_2102-768x432.jpg 768w, https:\/\/franciscanos.org.br\/noticias\/wp-content\/uploads\/2022\/05\/leitorado_2102-150x84.jpg 150w\" sizes=\"(max-width: 1280px) 100vw, 1280px\" \/><\/p>\n<p><strong>Petr\u00f3polis (RJ) \u2013<\/strong> \u201cO Leitor \u00e9 o anunciador n\u00e3o de suas pr\u00f3prias palavras, mas da Palavra do Senhor que passou por este mundo fazendo o bem e anunciando o Reino\u201d. Foi com esta motiva\u00e7\u00e3o que o Ministro Provincial, Frei Paulo Roberto Pereira, acolheu sete novos leitores na Prov\u00edncia Franciscana da Imaculada Concei\u00e7\u00e3o do Brasil, durante a Ora\u00e7\u00e3o da Liturgia das Horas, neste s\u00e1bado (21\/05), \u00e0s 8h, na Igreja do Sagrado Cora\u00e7\u00e3o de Jesus de Petr\u00f3polis (RJ).<\/p>\n<p>S\u00e3o eles, Frei Ant\u00f3nio da Silva Manuel, Frei Bernardo Jo\u00e3o Cassinda, Frei Daniel Kahuvi Tchitumba Tchikeva, Frei Domingos Cacanda Soma, Frei Elias Hebo Lu\u00eds, Frei Evaristo Seque Joaquim e Frei Jo\u00e3o Manoel Zequinatto. Os novos leitores residem na Fraternidade do Sagrado e cursam o segundo ano de Teologia no Instituto Teol\u00f3gico Franciscano (ITF).<\/p>\n<p><img loading=\"lazy\" class=\"alignleft wp-image-237966 size-full\" src=\"https:\/\/franciscanos.org.br\/noticias\/wp-content\/uploads\/2022\/05\/leitorado_2103.jpg\" alt=\"\" width=\"1280\" height=\"853\" srcset=\"https:\/\/franciscanos.org.br\/noticias\/wp-content\/uploads\/2022\/05\/leitorado_2103.jpg 1280w, https:\/\/franciscanos.org.br\/noticias\/wp-content\/uploads\/2022\/05\/leitorado_2103-450x300.jpg 450w, https:\/\/franciscanos.org.br\/noticias\/wp-content\/uploads\/2022\/05\/leitorado_2103-1024x682.jpg 1024w, https:\/\/franciscanos.org.br\/noticias\/wp-content\/uploads\/2022\/05\/leitorado_2103-768x512.jpg 768w, https:\/\/franciscanos.org.br\/noticias\/wp-content\/uploads\/2022\/05\/leitorado_2103-150x100.jpg 150w\" sizes=\"(max-width: 1280px) 100vw, 1280px\" \/><\/p>\n<p>Ap\u00f3s a recita\u00e7\u00e3o dos salmos, Frei Paulo proclamou a leitura de Deuteron\u00f4mio (6,3-9). Iniciou sua reflex\u00e3o fazendo mem\u00f3ria da participa\u00e7\u00e3o dos frades na Ordena\u00e7\u00e3o Presbiteral de Frei Josemberg Cardozo Aranha. Segundo ele, na ocasi\u00e3o o bispo da Diocese de Duque de Caxias (RJ), Dom Tarc\u00edsio Nascentes dos Santos, fez uso de palavras para exortar e nos situar naquela celebra\u00e7\u00e3o, mas tamb\u00e9m para motivar toda a Igreja a ser ministerial. O Ministro lembrou que depois do bispo usar as pr\u00f3prias palavras, ele ent\u00e3o leu uma das homilias sugeridas no rito. \u201cEu vou imit\u00e1-lo\u201d, disse, ressaltando que o ritual de Institui\u00e7\u00e3o do Leitorado oferece o teor de toda a celebra\u00e7\u00e3o.<\/p>\n\n\t\t<style type=\"text\/css\">\n\t\t\t#gallery-1 {\n\t\t\t\tmargin: auto;\n\t\t\t}\n\t\t\t#gallery-1 .gallery-item {\n\t\t\t\tfloat: left;\n\t\t\t\tmargin-top: 10px;\n\t\t\t\ttext-align: center;\n\t\t\t\twidth: 20%;\n\t\t\t}\n\t\t\t#gallery-1 img {\n\t\t\t\tborder: 2px solid #cfcfcf;\n\t\t\t}\n\t\t\t#gallery-1 .gallery-caption {\n\t\t\t\tmargin-left: 0;\n\t\t\t}\n\t\t\t\/* see gallery_shortcode() in wp-includes\/media.php *\/\n\t\t<\/style>\n\t\t<div id='gallery-1' class='gallery galleryid-237964 gallery-columns-5 gallery-size-thumbnail'><dl class='gallery-item'>\n\t\t\t<dt class='gallery-icon landscape'>\n\t\t\t\t<a href='https:\/\/franciscanos.org.br\/noticias\/wp-content\/uploads\/2022\/05\/leitor_01.jpg'><img width=\"300\" height=\"300\" src=\"https:\/\/franciscanos.org.br\/noticias\/wp-content\/uploads\/2022\/05\/leitor_01-300x300.jpg\" class=\"attachment-thumbnail size-thumbnail\" alt=\"\" loading=\"lazy\" srcset=\"https:\/\/franciscanos.org.br\/noticias\/wp-content\/uploads\/2022\/05\/leitor_01-300x300.jpg 300w, https:\/\/franciscanos.org.br\/noticias\/wp-content\/uploads\/2022\/05\/leitor_01-100x100.jpg 100w\" sizes=\"(max-width: 300px) 100vw, 300px\" \/><\/a>\n\t\t\t<\/dt><\/dl><dl class='gallery-item'>\n\t\t\t<dt class='gallery-icon landscape'>\n\t\t\t\t<a href='https:\/\/franciscanos.org.br\/noticias\/wp-content\/uploads\/2022\/05\/leitor_02.jpg'><img width=\"300\" height=\"300\" src=\"https:\/\/franciscanos.org.br\/noticias\/wp-content\/uploads\/2022\/05\/leitor_02-300x300.jpg\" class=\"attachment-thumbnail size-thumbnail\" alt=\"\" loading=\"lazy\" srcset=\"https:\/\/franciscanos.org.br\/noticias\/wp-content\/uploads\/2022\/05\/leitor_02-300x300.jpg 300w, https:\/\/franciscanos.org.br\/noticias\/wp-content\/uploads\/2022\/05\/leitor_02-100x100.jpg 100w\" sizes=\"(max-width: 300px) 100vw, 300px\" \/><\/a>\n\t\t\t<\/dt><\/dl><dl class='gallery-item'>\n\t\t\t<dt class='gallery-icon landscape'>\n\t\t\t\t<a href='https:\/\/franciscanos.org.br\/noticias\/wp-content\/uploads\/2022\/05\/leitor_03.jpg'><img width=\"300\" height=\"300\" src=\"https:\/\/franciscanos.org.br\/noticias\/wp-content\/uploads\/2022\/05\/leitor_03-300x300.jpg\" class=\"attachment-thumbnail size-thumbnail\" alt=\"\" loading=\"lazy\" srcset=\"https:\/\/franciscanos.org.br\/noticias\/wp-content\/uploads\/2022\/05\/leitor_03-300x300.jpg 300w, https:\/\/franciscanos.org.br\/noticias\/wp-content\/uploads\/2022\/05\/leitor_03-100x100.jpg 100w\" sizes=\"(max-width: 300px) 100vw, 300px\" \/><\/a>\n\t\t\t<\/dt><\/dl><dl class='gallery-item'>\n\t\t\t<dt class='gallery-icon landscape'>\n\t\t\t\t<a href='https:\/\/franciscanos.org.br\/noticias\/wp-content\/uploads\/2022\/05\/leitor_04.jpg'><img width=\"300\" height=\"300\" src=\"https:\/\/franciscanos.org.br\/noticias\/wp-content\/uploads\/2022\/05\/leitor_04-300x300.jpg\" class=\"attachment-thumbnail size-thumbnail\" alt=\"\" loading=\"lazy\" srcset=\"https:\/\/franciscanos.org.br\/noticias\/wp-content\/uploads\/2022\/05\/leitor_04-300x300.jpg 300w, https:\/\/franciscanos.org.br\/noticias\/wp-content\/uploads\/2022\/05\/leitor_04-100x100.jpg 100w\" sizes=\"(max-width: 300px) 100vw, 300px\" \/><\/a>\n\t\t\t<\/dt><\/dl><dl class='gallery-item'>\n\t\t\t<dt class='gallery-icon landscape'>\n\t\t\t\t<a href='https:\/\/franciscanos.org.br\/noticias\/wp-content\/uploads\/2022\/05\/leitor_05.jpg'><img width=\"300\" height=\"300\" src=\"https:\/\/franciscanos.org.br\/noticias\/wp-content\/uploads\/2022\/05\/leitor_05-300x300.jpg\" class=\"attachment-thumbnail size-thumbnail\" alt=\"\" loading=\"lazy\" srcset=\"https:\/\/franciscanos.org.br\/noticias\/wp-content\/uploads\/2022\/05\/leitor_05-300x300.jpg 300w, https:\/\/franciscanos.org.br\/noticias\/wp-content\/uploads\/2022\/05\/leitor_05-100x100.jpg 100w\" sizes=\"(max-width: 300px) 100vw, 300px\" \/><\/a>\n\t\t\t<\/dt><\/dl><br style=\"clear: both\" \/>\n\t\t<\/div>\n\n<p style=\"text-align: center;\"><em>(toque nas imagens para ampli\u00e1-las)<\/em><\/p>\n<p><strong>O LEITOR \u00c9 A \u2018TROMBETA DO EVANGELHO\u2019<\/strong><\/p>\n<p>\u201cO Minist\u00e9rio do Leitor nasce da miss\u00e3o do pr\u00f3prio Jesus Cristo. Ap\u00f3s ter ensinado todas as coisas confiou a sua igreja o an\u00fancio do Evangelho a toda criatura. A raiz do Minist\u00e9rio do Leitorado brota e vigora dos ensinamentos de Jesus. O Leitor \u00e9 o anunciador n\u00e3o de pr\u00f3prias palavras, mas da Palavra do Senhor, que passou por este mundo fazendo o bem e anunciando o Reino. Tornando-vos leitores ou proclamadores da Palavra de Deus, ireis colaborar na miss\u00e3o. \u00c9 um minist\u00e9rio especial dentro do povo de Deus\u201d, explicou.<\/p>\n<p>Para Frei Paulo, a especialidade n\u00e3o nos distingue e nos coloca acima de ningu\u00e9m. \u201cQuando se trata de povo de Deus a motiva\u00e7\u00e3o que sustenta \u00e9 a paridade, a igualdade, ou para n\u00f3s, a fraternidade. Ent\u00e3o, a especialidade que \u00a0temos \u00e9 para sermos ainda mais irm\u00e3os. Ser irm\u00e3o, ainda que um irm\u00e3o especial\u201d, ensinou.<\/p>\n<p>Discorrendo sobre as fun\u00e7\u00f5es do Leitorado, o Ministro Provincial destacou que os novos leitores dever\u00e3o proclamar a Palavra de Deus na assembleia lit\u00fargica. No entanto, lembrou que a fun\u00e7\u00e3o do ministro ordenado tem se restringido cada vez mais ao culto, sendo esta uma fun\u00e7\u00e3o destacada, por\u00e9m, se faz necess\u00e1rio instruir as crian\u00e7as e os adultos na f\u00e9, como tamb\u00e9m na prepara\u00e7\u00e3o para receberem dignamente os sacramentos. \u201cO leitor \u00e9 por miss\u00e3o catequista daquilo que a palavra tem de mais precioso: aquele que instrui e que junto caminha\u201d, frisou.<\/p>\n<p>\u201cAnunciareis a boa nova da salva\u00e7\u00e3o a todos os que ainda a ignoram. O proclamador da Palavra, o anunciador, o Leitor ele \u00e9 trombeta do Evangelho, a exemplo de Santo Ant\u00f4nio. \u00c9 algu\u00e9m que destemidamente com profecia, sobretudo nestes tempos que vivemos, assume a profecia de anunciar a Palavra\u201d, sublinhou.<\/p>\n<p><img loading=\"lazy\" class=\"alignnone size-full wp-image-237972\" src=\"https:\/\/franciscanos.org.br\/noticias\/wp-content\/uploads\/2022\/05\/leitorado_2104.jpg\" alt=\"\" width=\"1280\" height=\"853\" srcset=\"https:\/\/franciscanos.org.br\/noticias\/wp-content\/uploads\/2022\/05\/leitorado_2104.jpg 1280w, https:\/\/franciscanos.org.br\/noticias\/wp-content\/uploads\/2022\/05\/leitorado_2104-450x300.jpg 450w, https:\/\/franciscanos.org.br\/noticias\/wp-content\/uploads\/2022\/05\/leitorado_2104-1024x682.jpg 1024w, https:\/\/franciscanos.org.br\/noticias\/wp-content\/uploads\/2022\/05\/leitorado_2104-768x512.jpg 768w, https:\/\/franciscanos.org.br\/noticias\/wp-content\/uploads\/2022\/05\/leitorado_2104-150x100.jpg 150w\" sizes=\"(max-width: 1280px) 100vw, 1280px\" \/><\/p>\n<p><strong>\u201cO HOMEM QUE ANUNCIA A PALAVRA \u00c9 ANTES DE TUDO UM HOMEM QUE CR\u00ca\u201d<\/strong><\/p>\n<p>Para Frei Paulo, quando nos dispomos a anunciar aos outros a Palavra, juntos, numa uni\u00e3o indefect\u00edvel, n\u00f3s todos somos chamados a cultivar a docilidade do Esp\u00edrito do Senhor. \u201cO leitor, catequista, proclamador, profeta, que porta consigo a Palavra, ele \u00e9 antes de tudo algu\u00e9m que se abre a mo\u00e7\u00e3o do esp\u00edrito. N\u00e3o falamos palavras nossas, n\u00e3o s\u00e3o nossas por lavras, n\u00f3s n\u00e3o as escrevemos, mas s\u00e3o palavras nossas porque nossa \u00e9 a mesma f\u00e9. O homem que anuncia a palavra \u00e9 antes de tudo um homem que cr\u00ea\u201d, revelou o Provincial.<\/p>\n<p>A exorta\u00e7\u00e3o do Shem\u00e1, -texto do Deuteron\u00f4mio que apresenta a tradi\u00e7\u00e3o do povo judeu-, lembra de ouvir o Senhor, de obedecer. Segundo Frei Paulo, a partir de nossa f\u00e9 n\u00f3s cremos e levamos adiante a sua Palavra, o seu projeto de vida. \u201cE onde estivermos, sentados, levantados, dentro de casa ou fora dela, como nos instrui o Deuteron\u00f4mio, a partir de nossa f\u00e9, devemos falar, anunciar e proclamar a Palavra do Senhor. Seja esta a grande motiva\u00e7\u00e3o que n\u00f3s todos partilhamos com estes nossos irm\u00e3os que agora recebem o minist\u00e9rio do leitorado\u201d, concluiu.<\/p>\n<p><img loading=\"lazy\" class=\"alignnone size-full wp-image-237973\" src=\"https:\/\/franciscanos.org.br\/noticias\/wp-content\/uploads\/2022\/05\/leitorado_2105.jpg\" alt=\"\" width=\"1280\" height=\"853\" srcset=\"https:\/\/franciscanos.org.br\/noticias\/wp-content\/uploads\/2022\/05\/leitorado_2105.jpg 1280w, https:\/\/franciscanos.org.br\/noticias\/wp-content\/uploads\/2022\/05\/leitorado_2105-450x300.jpg 450w, https:\/\/franciscanos.org.br\/noticias\/wp-content\/uploads\/2022\/05\/leitorado_2105-1024x682.jpg 1024w, https:\/\/franciscanos.org.br\/noticias\/wp-content\/uploads\/2022\/05\/leitorado_2105-768x512.jpg 768w, https:\/\/franciscanos.org.br\/noticias\/wp-content\/uploads\/2022\/05\/leitorado_2105-150x100.jpg 150w\" sizes=\"(max-width: 1280px) 100vw, 1280px\" \/><\/p>\n<p>Na sequ\u00eancia, deu-se in\u00edcio ao rito da Institui\u00e7\u00e3o de Leitores. Chamados nominalmente pelo mestre e Definidor Provincial Frei Marcos Ant\u00f4nio de Andrade, os candidatos aproximaram-se do presbit\u00e9rio.<\/p>\n<p>O Ministro Provincial ent\u00e3o rogou a Deus que derramasse a gra\u00e7a da sua b\u00ean\u00e7\u00e3o sobre estes seus servos, escolhidos para o minist\u00e9rio dos Leitores. \u201cConcedei que meditando assiduamente a vossa Palavra, sejam nela instru\u00eddos e fielmente a anunciem aos seus irm\u00e3os\u201d, pediu.<\/p>\n<p>Cada frade recebeu a Palavra de Deus com a recomenda\u00e7\u00e3o de anunciar fielmente a Palavra de Deus, para que ela frutifique cada vez mais viva no cora\u00e7\u00e3o dos homens. Com essa celebra\u00e7\u00e3o, os sete frades tornaram-se leitores institu\u00eddos para proclamar e anunciar a Palavra de Deus junto \u00e0s comunidades.<\/p>\n<p>A celebra\u00e7\u00e3o que foi transmitida pelas redes digitais da Par\u00f3quia do Sagrado e Prov\u00edncia Franciscana teve continuidade com a ora\u00e7\u00e3o do c\u00e2ntico evang\u00e9lico, preces e b\u00ean\u00e7\u00e3o final.<\/p>\n<hr \/>\n<p><em>Frei Andrei Nascimento dos Anjos (fotos) e Frei Augusto Luiz Gabriel (texto)<\/em><\/p>\n","protected":false},"excerpt":{"rendered":"<p>Institui\u00e7\u00e3o do Leitorado em Petr\u00f3polis<\/p>\n","protected":false},"author":3,"featured_media":237965,"comment_status":"open","ping_status":"open","sticky":false,"template":"","format":"standard","meta":[],"categories":[1],"tags":[1900,190],"acf":[],"yoast_head":"<!-- This site is optimized with the Yoast SEO plugin v19.2 - https:\/\/yoast.com\/wordpress\/plugins\/seo\/ -->\n<title>Frei Paulo: \u201cO leitor \u00e9 aquele que instrui e que junto caminha\u201d - Not\u00edcias - Franciscanos<\/title>\n<meta name=\"robots\" content=\"index, follow, max-snippet:-1, max-image-preview:large, max-video-preview:-1\" \/>\n<link rel=\"canonical\" href=\"https:\/\/franciscanos.org.br\/noticias\/frei-paulo-o-leitor-e-aquele-que-instrui-e-que-junto-caminha.html\" \/>\n<meta property=\"og:locale\" content=\"pt_BR\" \/>\n<meta property=\"og:type\" content=\"article\" \/>\n<meta property=\"og:title\" content=\"Frei Paulo: \u201cO leitor \u00e9 aquele que instrui e que junto caminha\u201d - Not\u00edcias - Franciscanos\" \/>\n<meta property=\"og:description\" content=\"Institui\u00e7\u00e3o do Leitorado em Petr\u00f3polis\" \/>\n<meta property=\"og:url\" content=\"https:\/\/franciscanos.org.br\/noticias\/frei-paulo-o-leitor-e-aquele-que-instrui-e-que-junto-caminha.html\" \/>\n<meta property=\"og:site_name\" content=\"Not\u00edcias - Franciscanos\" \/>\n<meta property=\"article:published_time\" content=\"2022-05-21T15:24:20+00:00\" \/>\n<meta property=\"article:modified_time\" content=\"2022-05-21T17:00:12+00:00\" \/>\n<meta property=\"og:image\" content=\"https:\/\/franciscanos.org.br\/noticias\/wp-content\/uploads\/2022\/05\/leitorado_2102.jpg\" \/>\n\t<meta property=\"og:image:width\" content=\"1280\" \/>\n\t<meta property=\"og:image:height\" content=\"720\" \/>\n\t<meta property=\"og:image:type\" content=\"image\/jpeg\" \/>\n<meta name=\"author\" content=\"moacir\" \/>\n<meta name=\"twitter:card\" content=\"summary_large_image\" \/>\n<meta name=\"twitter:label1\" content=\"Escrito por\" \/>\n\t<meta name=\"twitter:data1\" content=\"moacir\" \/>\n\t<meta name=\"twitter:label2\" content=\"Est. tempo de leitura\" \/>\n\t<meta name=\"twitter:data2\" content=\"5 minutos\" \/>\n<script type=\"application\/ld+json\" class=\"yoast-schema-graph\">{\"@context\":\"https:\/\/schema.org\",\"@graph\":[{\"@type\":\"WebSite\",\"@id\":\"https:\/\/franciscanos.org.br\/noticias\/#website\",\"url\":\"https:\/\/franciscanos.org.br\/noticias\/\",\"name\":\"Not\u00edcias - Franciscanos\",\"description\":\"Prov\u00edncia Franciscana da Imaculada Concei\u00e7\u00e3o do Brasil - Ordem dos Frades Menores - OFM\",\"potentialAction\":[{\"@type\":\"SearchAction\",\"target\":{\"@type\":\"EntryPoint\",\"urlTemplate\":\"https:\/\/franciscanos.org.br\/noticias\/?s={search_term_string}\"},\"query-input\":\"required name=search_term_string\"}],\"inLanguage\":\"pt-BR\"},{\"@type\":\"ImageObject\",\"inLanguage\":\"pt-BR\",\"@id\":\"https:\/\/franciscanos.org.br\/noticias\/frei-paulo-o-leitor-e-aquele-que-instrui-e-que-junto-caminha.html#primaryimage\",\"url\":\"https:\/\/franciscanos.org.br\/noticias\/wp-content\/uploads\/2022\/05\/leitorado_2102.jpg\",\"contentUrl\":\"https:\/\/franciscanos.org.br\/noticias\/wp-content\/uploads\/2022\/05\/leitorado_2102.jpg\",\"width\":1280,\"height\":720},{\"@type\":\"WebPage\",\"@id\":\"https:\/\/franciscanos.org.br\/noticias\/frei-paulo-o-leitor-e-aquele-que-instrui-e-que-junto-caminha.html#webpage\",\"url\":\"https:\/\/franciscanos.org.br\/noticias\/frei-paulo-o-leitor-e-aquele-que-instrui-e-que-junto-caminha.html\",\"name\":\"Frei Paulo: \u201cO leitor \u00e9 aquele que instrui e que junto caminha\u201d - Not\u00edcias - Franciscanos\",\"isPartOf\":{\"@id\":\"https:\/\/franciscanos.org.br\/noticias\/#website\"},\"primaryImageOfPage\":{\"@id\":\"https:\/\/franciscanos.org.br\/noticias\/frei-paulo-o-leitor-e-aquele-que-instrui-e-que-junto-caminha.html#primaryimage\"},\"datePublished\":\"2022-05-21T15:24:20+00:00\",\"dateModified\":\"2022-05-21T17:00:12+00:00\",\"author\":{\"@id\":\"https:\/\/franciscanos.org.br\/noticias\/#\/schema\/person\/b5c8cba458c330ccff548b056e95a5d4\"},\"breadcrumb\":{\"@id\":\"https:\/\/franciscanos.org.br\/noticias\/frei-paulo-o-leitor-e-aquele-que-instrui-e-que-junto-caminha.html#breadcrumb\"},\"inLanguage\":\"pt-BR\",\"potentialAction\":[{\"@type\":\"ReadAction\",\"target\":[\"https:\/\/franciscanos.org.br\/noticias\/frei-paulo-o-leitor-e-aquele-que-instrui-e-que-junto-caminha.html\"]}]},{\"@type\":\"BreadcrumbList\",\"@id\":\"https:\/\/franciscanos.org.br\/noticias\/frei-paulo-o-leitor-e-aquele-que-instrui-e-que-junto-caminha.html#breadcrumb\",\"itemListElement\":[{\"@type\":\"ListItem\",\"position\":1,\"name\":\"Home\",\"item\":\"https:\/\/franciscanos.org.br\/noticias\"},{\"@type\":\"ListItem\",\"position\":2,\"name\":\"Frei Paulo: \u201cO leitor \u00e9 aquele que instrui e que junto caminha\u201d\"}]},{\"@type\":\"Person\",\"@id\":\"https:\/\/franciscanos.org.br\/noticias\/#\/schema\/person\/b5c8cba458c330ccff548b056e95a5d4\",\"name\":\"moacir\",\"image\":{\"@type\":\"ImageObject\",\"inLanguage\":\"pt-BR\",\"@id\":\"https:\/\/franciscanos.org.br\/noticias\/#\/schema\/person\/image\/\",\"url\":\"https:\/\/secure.gravatar.com\/avatar\/d08aa2ce4c8dd416d4479aa8536fcf64?s=96&d=mm&r=g\",\"contentUrl\":\"https:\/\/secure.gravatar.com\/avatar\/d08aa2ce4c8dd416d4479aa8536fcf64?s=96&d=mm&r=g\",\"caption\":\"moacir\"},\"url\":\"https:\/\/franciscanos.org.br\/noticias\/author\/moacir\"}]}<\/script>\n<!-- \/ Yoast SEO plugin. -->","yoast_head_json":{"title":"Frei Paulo: \u201cO leitor \u00e9 aquele que instrui e que junto caminha\u201d - Not\u00edcias - Franciscanos","robots":{"index":"index","follow":"follow","max-snippet":"max-snippet:-1","max-image-preview":"max-image-preview:large","max-video-preview":"max-video-preview:-1"},"canonical":"https:\/\/franciscanos.org.br\/noticias\/frei-paulo-o-leitor-e-aquele-que-instrui-e-que-junto-caminha.html","og_locale":"pt_BR","og_type":"article","og_title":"Frei Paulo: \u201cO leitor \u00e9 aquele que instrui e que junto caminha\u201d - Not\u00edcias - Franciscanos","og_description":"Institui\u00e7\u00e3o do Leitorado em Petr\u00f3polis","og_url":"https:\/\/franciscanos.org.br\/noticias\/frei-paulo-o-leitor-e-aquele-que-instrui-e-que-junto-caminha.html","og_site_name":"Not\u00edcias - Franciscanos","article_published_time":"2022-05-21T15:24:20+00:00","article_modified_time":"2022-05-21T17:00:12+00:00","og_image":[{"width":1280,"height":720,"url":"https:\/\/franciscanos.org.br\/noticias\/wp-content\/uploads\/2022\/05\/leitorado_2102.jpg","type":"image\/jpeg"}],"author":"moacir","twitter_card":"summary_large_image","twitter_misc":{"Escrito por":"moacir","Est. tempo de leitura":"5 minutos"},"schema":{"@context":"https:\/\/schema.org","@graph":[{"@type":"WebSite","@id":"https:\/\/franciscanos.org.br\/noticias\/#website","url":"https:\/\/franciscanos.org.br\/noticias\/","name":"Not\u00edcias - Franciscanos","description":"Prov\u00edncia Franciscana da Imaculada Concei\u00e7\u00e3o do Brasil - Ordem dos Frades Menores - OFM","potentialAction":[{"@type":"SearchAction","target":{"@type":"EntryPoint","urlTemplate":"https:\/\/franciscanos.org.br\/noticias\/?s={search_term_string}"},"query-input":"required name=search_term_string"}],"inLanguage":"pt-BR"},{"@type":"ImageObject","inLanguage":"pt-BR","@id":"https:\/\/franciscanos.org.br\/noticias\/frei-paulo-o-leitor-e-aquele-que-instrui-e-que-junto-caminha.html#primaryimage","url":"https:\/\/franciscanos.org.br\/noticias\/wp-content\/uploads\/2022\/05\/leitorado_2102.jpg","contentUrl":"https:\/\/franciscanos.org.br\/noticias\/wp-content\/uploads\/2022\/05\/leitorado_2102.jpg","width":1280,"height":720},{"@type":"WebPage","@id":"https:\/\/franciscanos.org.br\/noticias\/frei-paulo-o-leitor-e-aquele-que-instrui-e-que-junto-caminha.html#webpage","url":"https:\/\/franciscanos.org.br\/noticias\/frei-paulo-o-leitor-e-aquele-que-instrui-e-que-junto-caminha.html","name":"Frei Paulo: \u201cO leitor \u00e9 aquele que instrui e que junto caminha\u201d - Not\u00edcias - Franciscanos","isPartOf":{"@id":"https:\/\/franciscanos.org.br\/noticias\/#website"},"primaryImageOfPage":{"@id":"https:\/\/franciscanos.org.br\/noticias\/frei-paulo-o-leitor-e-aquele-que-instrui-e-que-junto-caminha.html#primaryimage"},"datePublished":"2022-05-21T15:24:20+00:00","dateModified":"2022-05-21T17:00:12+00:00","author":{"@id":"https:\/\/franciscanos.org.br\/noticias\/#\/schema\/person\/b5c8cba458c330ccff548b056e95a5d4"},"breadcrumb":{"@id":"https:\/\/franciscanos.org.br\/noticias\/frei-paulo-o-leitor-e-aquele-que-instrui-e-que-junto-caminha.html#breadcrumb"},"inLanguage":"pt-BR","potentialAction":[{"@type":"ReadAction","target":["https:\/\/franciscanos.org.br\/noticias\/frei-paulo-o-leitor-e-aquele-que-instrui-e-que-junto-caminha.html"]}]},{"@type":"BreadcrumbList","@id":"https:\/\/franciscanos.org.br\/noticias\/frei-paulo-o-leitor-e-aquele-que-instrui-e-que-junto-caminha.html#breadcrumb","itemListElement":[{"@type":"ListItem","position":1,"name":"Home","item":"https:\/\/franciscanos.org.br\/noticias"},{"@type":"ListItem","position":2,"name":"Frei Paulo: \u201cO leitor \u00e9 aquele que instrui e que junto caminha\u201d"}]},{"@type":"Person","@id":"https:\/\/franciscanos.org.br\/noticias\/#\/schema\/person\/b5c8cba458c330ccff548b056e95a5d4","name":"moacir","image":{"@type":"ImageObject","inLanguage":"pt-BR","@id":"https:\/\/franciscanos.org.br\/noticias\/#\/schema\/person\/image\/","url":"https:\/\/secure.gravatar.com\/avatar\/d08aa2ce4c8dd416d4479aa8536fcf64?s=96&d=mm&r=g","contentUrl":"https:\/\/secure.gravatar.com\/avatar\/d08aa2ce4c8dd416d4479aa8536fcf64?s=96&d=mm&r=g","caption":"moacir"},"url":"https:\/\/franciscanos.org.br\/noticias\/author\/moacir"}]}},"_links":{"self":[{"href":"https:\/\/franciscanos.org.br\/noticias\/wp-json\/wp\/v2\/posts\/237964"}],"collection":[{"href":"https:\/\/franciscanos.org.br\/noticias\/wp-json\/wp\/v2\/posts"}],"about":[{"href":"https:\/\/franciscanos.org.br\/noticias\/wp-json\/wp\/v2\/types\/post"}],"author":[{"embeddable":true,"href":"https:\/\/franciscanos.org.br\/noticias\/wp-json\/wp\/v2\/users\/3"}],"replies":[{"embeddable":true,"href":"https:\/\/franciscanos.org.br\/noticias\/wp-json\/wp\/v2\/comments?post=237964"}],"version-history":[{"count":7,"href":"https:\/\/franciscanos.org.br\/noticias\/wp-json\/wp\/v2\/posts\/237964\/revisions"}],"predecessor-version":[{"id":237980,"href":"https:\/\/franciscanos.org.br\/noticias\/wp-json\/wp\/v2\/posts\/237964\/revisions\/237980"}],"wp:featuredmedia":[{"embeddable":true,"href":"https:\/\/franciscanos.org.br\/noticias\/wp-json\/wp\/v2\/media\/237965"}],"wp:attachment":[{"href":"https:\/\/franciscanos.org.br\/noticias\/wp-json\/wp\/v2\/media?parent=237964"}],"wp:term":[{"taxonomy":"category","embeddable":true,"href":"https:\/\/franciscanos.org.br\/noticias\/wp-json\/wp\/v2\/categories?post=237964"},{"taxonomy":"post_tag","embeddable":true,"href":"https:\/\/franciscanos.org.br\/noticias\/wp-json\/wp\/v2\/tags?post=237964"}],"curies":[{"name":"wp","href":"https:\/\/api.w.org\/{rel}","templated":true}]}}