{"id":237955,"date":"2022-05-19T15:18:00","date_gmt":"2022-05-19T18:18:00","guid":{"rendered":"https:\/\/franciscanos.org.br\/noticias\/?p=237955"},"modified":"2022-05-19T15:28:23","modified_gmt":"2022-05-19T18:28:23","slug":"encontrodesantuarios","status":"publish","type":"post","link":"https:\/\/franciscanos.org.br\/noticias\/encontrodesantuarios.html","title":{"rendered":"Convento da Penha vai sediar XXV Encontro Nacional de Santu\u00e1rios em 2024"},"content":{"rendered":"<div class=\"elementor-element elementor-element-c58523a elementor-widget elementor-widget-heading\" data-id=\"c58523a\" data-element_type=\"widget\" data-widget_type=\"heading.default\">\n<div class=\"elementor-widget-container\"><\/div>\n<\/div>\n<section class=\"elementor-section elementor-inner-section elementor-element elementor-element-cd8cf55 elementor-section-boxed elementor-section-height-default elementor-section-height-default\" data-id=\"cd8cf55\" data-element_type=\"section\">\n<div class=\"elementor-container elementor-column-gap-default\">\n<div class=\"elementor-row\">\n<div class=\"elementor-column elementor-col-25 elementor-inner-column elementor-element elementor-element-8974050\" data-id=\"8974050\" data-element_type=\"column\">\n<div class=\"elementor-column-wrap elementor-element-populated\">\n<div class=\"elementor-widget-wrap\">\n<div class=\"elementor-element elementor-element-62c8517 elementor-widget elementor-widget-heading\" data-id=\"62c8517\" data-element_type=\"widget\" data-widget_type=\"heading.default\">\n<div class=\"elementor-widget-container\">\n<h2 class=\"elementor-heading-title elementor-size-default\"><img loading=\"lazy\" class=\"alignleft wp-image-237956 size-full\" style=\"font-size: 16px;\" src=\"https:\/\/franciscanos.org.br\/noticias\/wp-content\/uploads\/2022\/05\/WhatsApp-Image-2022-05-19-at-15.00.45-1.jpeg\" alt=\"\" width=\"1600\" height=\"1200\" srcset=\"https:\/\/franciscanos.org.br\/noticias\/wp-content\/uploads\/2022\/05\/WhatsApp-Image-2022-05-19-at-15.00.45-1.jpeg 1440w, https:\/\/franciscanos.org.br\/noticias\/wp-content\/uploads\/2022\/05\/WhatsApp-Image-2022-05-19-at-15.00.45-1-450x338.jpeg 450w, https:\/\/franciscanos.org.br\/noticias\/wp-content\/uploads\/2022\/05\/WhatsApp-Image-2022-05-19-at-15.00.45-1-1024x768.jpeg 1024w, https:\/\/franciscanos.org.br\/noticias\/wp-content\/uploads\/2022\/05\/WhatsApp-Image-2022-05-19-at-15.00.45-1-768x576.jpeg 768w, https:\/\/franciscanos.org.br\/noticias\/wp-content\/uploads\/2022\/05\/WhatsApp-Image-2022-05-19-at-15.00.45-1-150x113.jpeg 150w, https:\/\/franciscanos.org.br\/noticias\/wp-content\/uploads\/2022\/05\/WhatsApp-Image-2022-05-19-at-15.00.45-1-600x450.jpeg 600w\" sizes=\"(max-width: 1600px) 100vw, 1600px\" \/><\/h2>\n<\/div>\n<\/div>\n<\/div>\n<\/div>\n<\/div>\n<div class=\"elementor-column elementor-col-25 elementor-inner-column elementor-element elementor-element-8a685f5\" data-id=\"8a685f5\" data-element_type=\"column\">\n<div class=\"elementor-column-wrap\">\n<div class=\"elementor-widget-wrap\"><\/div>\n<\/div>\n<\/div>\n<div class=\"elementor-column elementor-col-25 elementor-inner-column elementor-element elementor-element-83e637e\" data-id=\"83e637e\" data-element_type=\"column\">\n<div class=\"elementor-column-wrap\">\n<div class=\"elementor-widget-wrap\"><\/div>\n<\/div>\n<\/div>\n<\/div>\n<\/div>\n<\/section>\n<section class=\"elementor-section elementor-inner-section elementor-element elementor-element-f8deb7c elementor-section-boxed elementor-section-height-default elementor-section-height-default\" data-id=\"f8deb7c\" data-element_type=\"section\">\n<div class=\"elementor-container elementor-column-gap-no\">\n<div class=\"elementor-row\">\n<div class=\"elementor-column elementor-col-100 elementor-inner-column elementor-element elementor-element-2f712a1\" data-id=\"2f712a1\" data-element_type=\"column\">\n<div class=\"elementor-column-wrap elementor-element-populated\">\n<div class=\"elementor-widget-wrap\">\n<div class=\"elementor-element elementor-element-2ad489a elementor-widget elementor-widget-theme-post-featured-image elementor-widget-image\" data-id=\"2ad489a\" data-element_type=\"widget\" data-widget_type=\"theme-post-featured-image.default\">\n<div class=\"elementor-widget-container\">\n<div class=\"elementor-image\"><\/div>\n<\/div>\n<\/div>\n<div class=\"elementor-element elementor-element-16e558a elementor-widget elementor-widget-theme-post-content\" data-id=\"16e558a\" data-element_type=\"widget\" data-widget_type=\"theme-post-content.default\">\n<div class=\"elementor-widget-container\">\n<p>O Santu\u00e1rio de Nossa Senhora da Penha, em Vila Velha, vai sediar o XXV Encontro Nacional de Santu\u00e1rios em 2024. A escolha aconteceu na manh\u00e3 desta quinta-feira (19), durante o Encontro dos reitores dos principais santu\u00e1rios do Brasil, que \u00e9 realizada em Florian\u00f3polis, Santa Catarina. A Prov\u00edncia Franciscana est\u00e1 representada pelo Frei Walter Ferreira Junior (Santu\u00e1rio Santo Ant\u00f4nio-RJ), Frei Diego Atalino de Melo (Santu\u00e1rio Frei Galv\u00e3o, Guaratinguet\u00e1-SP), e o Reitor e Guardi\u00e3o do Convento, Frei Djalmo Fuck.<\/p>\n<div id=\"attachment_237957\" style=\"width: 348px\" class=\"wp-caption alignleft\"><img aria-describedby=\"caption-attachment-237957\" loading=\"lazy\" class=\"wp-image-237957 size-medium\" src=\"https:\/\/franciscanos.org.br\/noticias\/wp-content\/uploads\/2022\/05\/WhatsApp-Image-2022-05-19-at-15.00.44-338x450.jpeg\" alt=\"\" width=\"338\" height=\"450\" srcset=\"https:\/\/franciscanos.org.br\/noticias\/wp-content\/uploads\/2022\/05\/WhatsApp-Image-2022-05-19-at-15.00.44-338x450.jpeg 338w, https:\/\/franciscanos.org.br\/noticias\/wp-content\/uploads\/2022\/05\/WhatsApp-Image-2022-05-19-at-15.00.44-768x1024.jpeg 768w, https:\/\/franciscanos.org.br\/noticias\/wp-content\/uploads\/2022\/05\/WhatsApp-Image-2022-05-19-at-15.00.44-1152x1536.jpeg 1152w, https:\/\/franciscanos.org.br\/noticias\/wp-content\/uploads\/2022\/05\/WhatsApp-Image-2022-05-19-at-15.00.44-150x200.jpeg 150w, https:\/\/franciscanos.org.br\/noticias\/wp-content\/uploads\/2022\/05\/WhatsApp-Image-2022-05-19-at-15.00.44.jpeg 810w\" sizes=\"(max-width: 338px) 100vw, 338px\" \/><p id=\"caption-attachment-237957\" class=\"wp-caption-text\"><em>Frei Walter, Frei Djalmo e Frei Diego<\/em><\/p><\/div>\n<p>O evento j\u00e1 tem data para acontecer. Ser\u00e1 entre os dias 19 e 23 de agosto de 2024. O tema tamb\u00e9m j\u00e1 est\u00e1: \u201cPeregrinos na esperan\u00e7a\u201d e pretende abordar temas comuns que os santu\u00e1rios enfrentam diante dos desafios pol\u00edticos e sociais. A miss\u00e3o evangelizadora, sobretudo a evangeliza\u00e7\u00e3o nos ve\u00edculos de comunica\u00e7\u00e3o; a import\u00e2ncia da hist\u00f3ria da Igreja e seu papel junto aos fi\u00e9is capixabas; o destaque da Festa da Penha e de outros grandes eventos realizados no estado, s\u00e3o alguns assuntos que devem nortear os trabalhos.<\/p>\n<p>O Reitor do Santu\u00e1rio da Penha afirmou que \u00e9 uma grande alegria receber os reitores na cidade de\u00a0 Vila Velha em 2024. \u201cVamos receb\u00ea-los com muita alegria, com muita moqueca, com muita festa, muito sol, c\u00e9u azul, praia e uma temperatura muito boa que d\u00e1 para tomar um banho de mar gostoso, por isso, quero j\u00e1 desejar: sejam bem-vindos \u00e0s terras capixabas!\u201d, animou\u00a0Frei Djalmo.<\/p>\n<p>Ele ainda lembra que o encontro tem um motivo ainda mais especial, \u00e9 que ser\u00e1 a 25\u00aa edi\u00e7\u00e3o. \u201cEsse encontro vai ser mais marcante ainda por ser o encontro jubilar, ou seja, o 25\u00ba encontro vai ter sua sede em terras capixabas, o que nos alegra de forma indescrit\u00edvel\u201d, lembrou o frade.<\/p>\n<p>Frei Djalmo disse que recebeu o an\u00fancio da escolha de forma surpreendente. \u201cPara mim foi uma grande surpresa! Entre tantos Santu\u00e1rios de v\u00e1rias cidades do pa\u00eds, agora a aten\u00e7\u00e3o toda vai se voltar para o Esp\u00edrito Santo, mais precisamente para o nosso Convento. N\u00f3s apresentamos um v\u00eddeo elaborado pela equipe de comunica\u00e7\u00e3o do Convento e assim que assistiram, escolheram nosso Convento. Eu tenho certeza que ser\u00e1 um momento singular e inesquec\u00edvel para a hist\u00f3ria da Igreja no estado. Vamos ter muito trabalho pela frente para preparar todo o encontro. \u00c9 como arrumar a casa para receber visita\u201d, explicou.<\/p>\n<p>Do estado do Esp\u00edrito Santo, tamb\u00e9m participa do encontro em Florian\u00f3polis, o reitor do Santu\u00e1rio Nacional de S\u00e3o Jos\u00e9 de Anchieta, Padre Nilson Mar\u00f3stica, sj. Ele tamb\u00e9m falou um pouco da Festa Nacional de S\u00e3o Jos\u00e9 de Anchieta que ser\u00e1 realizada entre os dias 31 de maio e 9 de junho. O tema escolhido para este ano foi\u00a0Anchieta, s\u00e1bio e Educador amoroso\u00a0como sinal de di\u00e1logo com a campanha da Fraternidade que trata do tema da Educa\u00e7\u00e3o, expressando uma ocasi\u00e3o oportuna para acolhida, homenagens e retomada das obras hist\u00f3ricas de Anchieta.<\/p>\n<div id=\"attachment_237958\" style=\"width: 1034px\" class=\"wp-caption alignnone\"><img aria-describedby=\"caption-attachment-237958\" loading=\"lazy\" class=\"wp-image-237958 size-full\" src=\"https:\/\/franciscanos.org.br\/noticias\/wp-content\/uploads\/2022\/05\/penha_19.jpg\" alt=\"\" width=\"1024\" height=\"576\" srcset=\"https:\/\/franciscanos.org.br\/noticias\/wp-content\/uploads\/2022\/05\/penha_19.jpg 1024w, https:\/\/franciscanos.org.br\/noticias\/wp-content\/uploads\/2022\/05\/penha_19-450x253.jpg 450w, https:\/\/franciscanos.org.br\/noticias\/wp-content\/uploads\/2022\/05\/penha_19-768x432.jpg 768w, https:\/\/franciscanos.org.br\/noticias\/wp-content\/uploads\/2022\/05\/penha_19-150x84.jpg 150w\" sizes=\"(max-width: 1024px) 100vw, 1024px\" \/><p id=\"caption-attachment-237958\" class=\"wp-caption-text\">Imagem: Marcos Antoniazi<\/p><\/div>\n<hr \/>\n<p><em>Fonte: Convento da Penha, Cristian Oliveira<\/em><\/p>\n<\/div>\n<\/div>\n<\/div>\n<\/div>\n<\/div>\n<\/div>\n<\/div>\n<\/section>\n<div class=\"elementor-element elementor-element-a56d1a9 elementor-widget-divider--view-line elementor-widget elementor-widget-divider\" data-id=\"a56d1a9\" data-element_type=\"widget\" data-widget_type=\"divider.default\">\n<div class=\"elementor-widget-container\">\n<div class=\"elementor-divider\"><\/div>\n<\/div>\n<\/div>\n","protected":false},"excerpt":{"rendered":"<p>ncontro Nacional de Santu\u00e1rios<\/p>\n","protected":false},"author":3,"featured_media":0,"comment_status":"open","ping_status":"open","sticky":false,"template":"","format":"standard","meta":[],"categories":[1],"tags":[248],"acf":[],"yoast_head":"<!-- This site is optimized with the Yoast SEO plugin v19.2 - https:\/\/yoast.com\/wordpress\/plugins\/seo\/ -->\n<title>Convento da Penha vai sediar XXV Encontro Nacional de Santu\u00e1rios em 2024 - Not\u00edcias - Franciscanos<\/title>\n<meta name=\"robots\" content=\"index, follow, max-snippet:-1, max-image-preview:large, max-video-preview:-1\" \/>\n<link rel=\"canonical\" href=\"https:\/\/franciscanos.org.br\/noticias\/encontrodesantuarios.html\" \/>\n<meta property=\"og:locale\" content=\"pt_BR\" \/>\n<meta property=\"og:type\" content=\"article\" \/>\n<meta property=\"og:title\" content=\"Convento da Penha vai sediar XXV Encontro Nacional de Santu\u00e1rios em 2024 - Not\u00edcias - Franciscanos\" \/>\n<meta property=\"og:description\" content=\"ncontro Nacional de Santu\u00e1rios\" \/>\n<meta property=\"og:url\" content=\"https:\/\/franciscanos.org.br\/noticias\/encontrodesantuarios.html\" \/>\n<meta property=\"og:site_name\" content=\"Not\u00edcias - Franciscanos\" \/>\n<meta property=\"article:published_time\" content=\"2022-05-19T18:18:00+00:00\" \/>\n<meta property=\"article:modified_time\" content=\"2022-05-19T18:28:23+00:00\" \/>\n<meta property=\"og:image\" content=\"https:\/\/franciscanos.org.br\/noticias\/wp-content\/uploads\/2022\/05\/WhatsApp-Image-2022-05-19-at-15.00.45-1.jpeg\" \/>\n<meta name=\"author\" content=\"moacir\" \/>\n<meta name=\"twitter:card\" content=\"summary_large_image\" \/>\n<meta name=\"twitter:label1\" content=\"Escrito por\" \/>\n\t<meta name=\"twitter:data1\" content=\"moacir\" \/>\n\t<meta name=\"twitter:label2\" content=\"Est. tempo de leitura\" \/>\n\t<meta name=\"twitter:data2\" content=\"3 minutos\" \/>\n<script type=\"application\/ld+json\" class=\"yoast-schema-graph\">{\"@context\":\"https:\/\/schema.org\",\"@graph\":[{\"@type\":\"WebSite\",\"@id\":\"https:\/\/franciscanos.org.br\/noticias\/#website\",\"url\":\"https:\/\/franciscanos.org.br\/noticias\/\",\"name\":\"Not\u00edcias - Franciscanos\",\"description\":\"Prov\u00edncia Franciscana da Imaculada Concei\u00e7\u00e3o do Brasil - Ordem dos Frades Menores - OFM\",\"potentialAction\":[{\"@type\":\"SearchAction\",\"target\":{\"@type\":\"EntryPoint\",\"urlTemplate\":\"https:\/\/franciscanos.org.br\/noticias\/?s={search_term_string}\"},\"query-input\":\"required name=search_term_string\"}],\"inLanguage\":\"pt-BR\"},{\"@type\":\"ImageObject\",\"inLanguage\":\"pt-BR\",\"@id\":\"https:\/\/franciscanos.org.br\/noticias\/encontrodesantuarios.html#primaryimage\",\"url\":\"https:\/\/franciscanos.org.br\/noticias\/wp-content\/uploads\/2022\/05\/WhatsApp-Image-2022-05-19-at-15.00.45-1.jpeg\",\"contentUrl\":\"https:\/\/franciscanos.org.br\/noticias\/wp-content\/uploads\/2022\/05\/WhatsApp-Image-2022-05-19-at-15.00.45-1.jpeg\",\"width\":1440,\"height\":1080},{\"@type\":\"WebPage\",\"@id\":\"https:\/\/franciscanos.org.br\/noticias\/encontrodesantuarios.html#webpage\",\"url\":\"https:\/\/franciscanos.org.br\/noticias\/encontrodesantuarios.html\",\"name\":\"Convento da Penha vai sediar XXV Encontro Nacional de Santu\u00e1rios em 2024 - Not\u00edcias - Franciscanos\",\"isPartOf\":{\"@id\":\"https:\/\/franciscanos.org.br\/noticias\/#website\"},\"primaryImageOfPage\":{\"@id\":\"https:\/\/franciscanos.org.br\/noticias\/encontrodesantuarios.html#primaryimage\"},\"datePublished\":\"2022-05-19T18:18:00+00:00\",\"dateModified\":\"2022-05-19T18:28:23+00:00\",\"author\":{\"@id\":\"https:\/\/franciscanos.org.br\/noticias\/#\/schema\/person\/b5c8cba458c330ccff548b056e95a5d4\"},\"breadcrumb\":{\"@id\":\"https:\/\/franciscanos.org.br\/noticias\/encontrodesantuarios.html#breadcrumb\"},\"inLanguage\":\"pt-BR\",\"potentialAction\":[{\"@type\":\"ReadAction\",\"target\":[\"https:\/\/franciscanos.org.br\/noticias\/encontrodesantuarios.html\"]}]},{\"@type\":\"BreadcrumbList\",\"@id\":\"https:\/\/franciscanos.org.br\/noticias\/encontrodesantuarios.html#breadcrumb\",\"itemListElement\":[{\"@type\":\"ListItem\",\"position\":1,\"name\":\"Home\",\"item\":\"https:\/\/franciscanos.org.br\/noticias\"},{\"@type\":\"ListItem\",\"position\":2,\"name\":\"Convento da Penha vai sediar XXV Encontro Nacional de Santu\u00e1rios em 2024\"}]},{\"@type\":\"Person\",\"@id\":\"https:\/\/franciscanos.org.br\/noticias\/#\/schema\/person\/b5c8cba458c330ccff548b056e95a5d4\",\"name\":\"moacir\",\"image\":{\"@type\":\"ImageObject\",\"inLanguage\":\"pt-BR\",\"@id\":\"https:\/\/franciscanos.org.br\/noticias\/#\/schema\/person\/image\/\",\"url\":\"https:\/\/secure.gravatar.com\/avatar\/d08aa2ce4c8dd416d4479aa8536fcf64?s=96&d=mm&r=g\",\"contentUrl\":\"https:\/\/secure.gravatar.com\/avatar\/d08aa2ce4c8dd416d4479aa8536fcf64?s=96&d=mm&r=g\",\"caption\":\"moacir\"},\"url\":\"https:\/\/franciscanos.org.br\/noticias\/author\/moacir\"}]}<\/script>\n<!-- \/ Yoast SEO plugin. -->","yoast_head_json":{"title":"Convento da Penha vai sediar XXV Encontro Nacional de Santu\u00e1rios em 2024 - Not\u00edcias - Franciscanos","robots":{"index":"index","follow":"follow","max-snippet":"max-snippet:-1","max-image-preview":"max-image-preview:large","max-video-preview":"max-video-preview:-1"},"canonical":"https:\/\/franciscanos.org.br\/noticias\/encontrodesantuarios.html","og_locale":"pt_BR","og_type":"article","og_title":"Convento da Penha vai sediar XXV Encontro Nacional de Santu\u00e1rios em 2024 - Not\u00edcias - Franciscanos","og_description":"ncontro Nacional de Santu\u00e1rios","og_url":"https:\/\/franciscanos.org.br\/noticias\/encontrodesantuarios.html","og_site_name":"Not\u00edcias - Franciscanos","article_published_time":"2022-05-19T18:18:00+00:00","article_modified_time":"2022-05-19T18:28:23+00:00","og_image":[{"url":"https:\/\/franciscanos.org.br\/noticias\/wp-content\/uploads\/2022\/05\/WhatsApp-Image-2022-05-19-at-15.00.45-1.jpeg"}],"author":"moacir","twitter_card":"summary_large_image","twitter_misc":{"Escrito por":"moacir","Est. tempo de leitura":"3 minutos"},"schema":{"@context":"https:\/\/schema.org","@graph":[{"@type":"WebSite","@id":"https:\/\/franciscanos.org.br\/noticias\/#website","url":"https:\/\/franciscanos.org.br\/noticias\/","name":"Not\u00edcias - Franciscanos","description":"Prov\u00edncia Franciscana da Imaculada Concei\u00e7\u00e3o do Brasil - Ordem dos Frades Menores - OFM","potentialAction":[{"@type":"SearchAction","target":{"@type":"EntryPoint","urlTemplate":"https:\/\/franciscanos.org.br\/noticias\/?s={search_term_string}"},"query-input":"required name=search_term_string"}],"inLanguage":"pt-BR"},{"@type":"ImageObject","inLanguage":"pt-BR","@id":"https:\/\/franciscanos.org.br\/noticias\/encontrodesantuarios.html#primaryimage","url":"https:\/\/franciscanos.org.br\/noticias\/wp-content\/uploads\/2022\/05\/WhatsApp-Image-2022-05-19-at-15.00.45-1.jpeg","contentUrl":"https:\/\/franciscanos.org.br\/noticias\/wp-content\/uploads\/2022\/05\/WhatsApp-Image-2022-05-19-at-15.00.45-1.jpeg","width":1440,"height":1080},{"@type":"WebPage","@id":"https:\/\/franciscanos.org.br\/noticias\/encontrodesantuarios.html#webpage","url":"https:\/\/franciscanos.org.br\/noticias\/encontrodesantuarios.html","name":"Convento da Penha vai sediar XXV Encontro Nacional de Santu\u00e1rios em 2024 - Not\u00edcias - Franciscanos","isPartOf":{"@id":"https:\/\/franciscanos.org.br\/noticias\/#website"},"primaryImageOfPage":{"@id":"https:\/\/franciscanos.org.br\/noticias\/encontrodesantuarios.html#primaryimage"},"datePublished":"2022-05-19T18:18:00+00:00","dateModified":"2022-05-19T18:28:23+00:00","author":{"@id":"https:\/\/franciscanos.org.br\/noticias\/#\/schema\/person\/b5c8cba458c330ccff548b056e95a5d4"},"breadcrumb":{"@id":"https:\/\/franciscanos.org.br\/noticias\/encontrodesantuarios.html#breadcrumb"},"inLanguage":"pt-BR","potentialAction":[{"@type":"ReadAction","target":["https:\/\/franciscanos.org.br\/noticias\/encontrodesantuarios.html"]}]},{"@type":"BreadcrumbList","@id":"https:\/\/franciscanos.org.br\/noticias\/encontrodesantuarios.html#breadcrumb","itemListElement":[{"@type":"ListItem","position":1,"name":"Home","item":"https:\/\/franciscanos.org.br\/noticias"},{"@type":"ListItem","position":2,"name":"Convento da Penha vai sediar XXV Encontro Nacional de Santu\u00e1rios em 2024"}]},{"@type":"Person","@id":"https:\/\/franciscanos.org.br\/noticias\/#\/schema\/person\/b5c8cba458c330ccff548b056e95a5d4","name":"moacir","image":{"@type":"ImageObject","inLanguage":"pt-BR","@id":"https:\/\/franciscanos.org.br\/noticias\/#\/schema\/person\/image\/","url":"https:\/\/secure.gravatar.com\/avatar\/d08aa2ce4c8dd416d4479aa8536fcf64?s=96&d=mm&r=g","contentUrl":"https:\/\/secure.gravatar.com\/avatar\/d08aa2ce4c8dd416d4479aa8536fcf64?s=96&d=mm&r=g","caption":"moacir"},"url":"https:\/\/franciscanos.org.br\/noticias\/author\/moacir"}]}},"_links":{"self":[{"href":"https:\/\/franciscanos.org.br\/noticias\/wp-json\/wp\/v2\/posts\/237955"}],"collection":[{"href":"https:\/\/franciscanos.org.br\/noticias\/wp-json\/wp\/v2\/posts"}],"about":[{"href":"https:\/\/franciscanos.org.br\/noticias\/wp-json\/wp\/v2\/types\/post"}],"author":[{"embeddable":true,"href":"https:\/\/franciscanos.org.br\/noticias\/wp-json\/wp\/v2\/users\/3"}],"replies":[{"embeddable":true,"href":"https:\/\/franciscanos.org.br\/noticias\/wp-json\/wp\/v2\/comments?post=237955"}],"version-history":[{"count":5,"href":"https:\/\/franciscanos.org.br\/noticias\/wp-json\/wp\/v2\/posts\/237955\/revisions"}],"predecessor-version":[{"id":237963,"href":"https:\/\/franciscanos.org.br\/noticias\/wp-json\/wp\/v2\/posts\/237955\/revisions\/237963"}],"wp:attachment":[{"href":"https:\/\/franciscanos.org.br\/noticias\/wp-json\/wp\/v2\/media?parent=237955"}],"wp:term":[{"taxonomy":"category","embeddable":true,"href":"https:\/\/franciscanos.org.br\/noticias\/wp-json\/wp\/v2\/categories?post=237955"},{"taxonomy":"post_tag","embeddable":true,"href":"https:\/\/franciscanos.org.br\/noticias\/wp-json\/wp\/v2\/tags?post=237955"}],"curies":[{"name":"wp","href":"https:\/\/api.w.org\/{rel}","templated":true}]}}