{"id":237923,"date":"2022-05-18T08:20:13","date_gmt":"2022-05-18T11:20:13","guid":{"rendered":"https:\/\/franciscanos.org.br\/noticias\/?p=237923"},"modified":"2022-05-18T08:20:13","modified_gmt":"2022-05-18T11:20:13","slug":"papa-a-vitima-tem-o-direito-de-protestar-diante-do-misterio-do-mal","status":"publish","type":"post","link":"https:\/\/franciscanos.org.br\/noticias\/papa-a-vitima-tem-o-direito-de-protestar-diante-do-misterio-do-mal.html","title":{"rendered":"Papa: a v\u00edtima tem o direito de protestar, diante do mist\u00e9rio do mal"},"content":{"rendered":"<div id=\"attachment_237924\" style=\"width: 1290px\" class=\"wp-caption alignnone\"><img aria-describedby=\"caption-attachment-237924\" loading=\"lazy\" class=\"wp-image-237924 size-full\" src=\"https:\/\/franciscanos.org.br\/noticias\/wp-content\/uploads\/2022\/05\/2022-05-18_audienciapapa.png\" alt=\"\" width=\"1280\" height=\"720\" srcset=\"https:\/\/franciscanos.org.br\/noticias\/wp-content\/uploads\/2022\/05\/2022-05-18_audienciapapa.png 1280w, https:\/\/franciscanos.org.br\/noticias\/wp-content\/uploads\/2022\/05\/2022-05-18_audienciapapa-450x253.png 450w, https:\/\/franciscanos.org.br\/noticias\/wp-content\/uploads\/2022\/05\/2022-05-18_audienciapapa-1024x576.png 1024w, https:\/\/franciscanos.org.br\/noticias\/wp-content\/uploads\/2022\/05\/2022-05-18_audienciapapa-768x432.png 768w, https:\/\/franciscanos.org.br\/noticias\/wp-content\/uploads\/2022\/05\/2022-05-18_audienciapapa-150x84.png 150w\" sizes=\"(max-width: 1280px) 100vw, 1280px\" \/><p id=\"caption-attachment-237924\" class=\"wp-caption-text\">\u00a0 \u00a0 \u00a0 \u00a0 \u00a0 \u00a0 \u00a0 \u00a0 \u00a0 \u00a0 \u00a0 \u00a0 \u00a0 \u00a0 \u00a0 \u00a0 \u00a0 \u00a0 \u00a0 \u00a0 \u00a0 \u00a0 \u00a0 \u00a0 \u00a0 \u00a0 \u00a0 \u00a0 \u00a0 \u00a0 \u00a0 \u00a0 \u00a0 \u00a0 \u00a0 \u00a0 \u00a0 \u00a0 \u00a0 \u00a0 \u00a0 \u00a0 \u00a0 \u00a0 \u00a0 \u00a0 \u00a0 \u00a0 \u00a0 \u00a0 \u00a0 \u00a0 \u00a0Imagem: Vatican Media<\/p><\/div>\n<p>O Papa Francisco deu continuidade ao ciclo de catequeses sobre a velhice, na Audi\u00eancia Geral desta quarta-feira (18\/05), realizada na Pra\u00e7a S\u00e3o Pedro, que teve como tema &#8220;J\u00f3. A prova\u00e7\u00e3o da f\u00e9, a b\u00ean\u00e7\u00e3o da espera&#8221;.<\/p>\n<p>J\u00f3 &#8220;n\u00e3o aceita uma \u201ccaricatura\u201d de Deus, mas grita o seu protesto perante o mal, at\u00e9 que Deus responda e revele o seu rosto. Deus por fim responde, como sempre de um modo surpreendente: mostra a J\u00f3 a sua gl\u00f3ria, mas sem o esmagar, pelo contr\u00e1rio, com soberana ternura&#8221;.<\/p>\n<p>&#8220;J\u00f3 que perde tudo na vida, perde a riqueza, perde sua fam\u00edlia, perde seu filho e perde a sa\u00fade e permanece ali, ferido&#8221;, em di\u00e1logo com seus amigos. &#8220;Quando Deus finalmente toma a palavra, J\u00f3 \u00e9 elogiado porque compreendeu o mist\u00e9rio da ternura de Deus escondida por tr\u00e1s do seu sil\u00eancio. Deus repreende os amigos de J\u00f3 que presumiam saber tudo, sobre Deus e sobre a dor, e, vindos para consolar J\u00f3, acabaram por julg\u00e1-lo com os seus esquemas preconcebidos. Deus nos preserve deste hip\u00f3crita e presun\u00e7oso pietismo! Que Deus nos preserve da religiosidade moralista e da religiosidade de preceitos que nos d\u00e1 uma certa presun\u00e7\u00e3o e nos leva ao farisa\u00edsmo e \u00e0 hipocrisia&#8221;, disse o Papa.<\/p>\n<p><strong>Pessoas esmagadas por uma soma de males<\/strong><br \/>\nSegundo Francisco, &#8220;o ponto de virada da convers\u00e3o da f\u00e9 ocorre no \u00e1pice do desabafo de J\u00f3, onde ele diz: &#8220;Eu sei que o meu redentor est\u00e1 vivo e que no fim se levantar\u00e1 acima do p\u00f3. Mesmo com a pele aos peda\u00e7os e em carne viva, eu verei a Deus. Eu mesmo o verei, e n\u00e3o outro; eu o verei com os meus pr\u00f3prios olhos&#8221;. Podemos interpret\u00e1-lo assim: &#8220;Meu Deus, eu sei que voc\u00ea n\u00e3o \u00e9 o Perseguidor. O meu Deus vir\u00e1 e me far\u00e1 justi\u00e7a.&#8221; \u00c9 a f\u00e9 simples na ressurrei\u00e7\u00e3o de Deus, a f\u00e9 simples em Jesus Cristo, a f\u00e9 simples que o Senhor sempre nos espera e vir\u00e1&#8221;.<\/p>\n<p>&#8220;A par\u00e1bola no livro de J\u00f3 representa de forma dram\u00e1tica e exemplar o que na realidade acontece na vida. Ou seja, que sobre uma pessoa, uma fam\u00edlia ou um povo recaem prova\u00e7\u00f5es demasiado pesadas, desproporcionais em rela\u00e7\u00e3o \u00e0 pequenez e \u00e0 fragilidade humana. Na vida frequentemente, como se costuma dizer, \u201cchove no molhado\u201d. E algumas pessoas s\u00e3o esmagadas por uma soma de males que parece verdadeiramente excessiva e injusta&#8221;.<\/p>\n<p><strong>Direito da v\u00edtima de protestar<\/strong><br \/>\n&#8220;Todos n\u00f3s conhecemos pessoas assim. Ficamos impressionados com o seu grito, mas tamb\u00e9m muitas vezes nos admiramos com a firmeza da sua f\u00e9 e amor&#8221;, disse Francisco, acrescentando:<\/p>\n<p>&#8220;Penso nos pais de crian\u00e7as com defici\u00eancias graves. Voc\u00eas j\u00e1 pensaram nos pais de crian\u00e7as com defici\u00eancias graves? A vida inteira! Penso tamb\u00e9m naqueles que vivem com uma enfermidade permanente ou no familiar que est\u00e1 ao lado. Situa\u00e7\u00f5es muitas vezes agravadas pela escassez de recursos econ\u00f4micos&#8221;.<\/p>\n<p>\u201cEm certos momentos da hist\u00f3ria, estes ac\u00famulos de fardos parecem que chegam todos juntos. Isto foi o que aconteceu nos \u00faltimos anos com a pandemia da Covid-19 e o que est\u00e1 acontecendo agora com a guerra na Ucr\u00e2nia.\u201d<\/p>\n<p>&#8220;Podemos justificar estes \u201cexcessos\u201d como uma racionalidade superior da natureza e da hist\u00f3ria? Podemos aben\u00e7o\u00e1-los religiosamente como uma resposta justificada \u00e0 culpa das v\u00edtimas, que os mereceram? N\u00e3o podemos. Existe uma esp\u00e9cie de direito da v\u00edtima de protestar, diante do mist\u00e9rio do mal, um direito que Deus concede a todos, afinal \u00e9 Ele pr\u00f3prio que inspira&#8221;, disse ainda o Papa.<\/p>\n<p><strong>Enfrentar o excesso do mal<\/strong><br \/>\nPor fim, o Papa disse que &#8220;os idosos viram muitas coisas na vida! E tamb\u00e9m viram a inconsist\u00eancia das promessas dos homens. Homens de leis, homens de ci\u00eancia, tamb\u00e9m homens de religi\u00e3o, que confundem o perseguidor com a v\u00edtima, imputando a esta toda a responsabilidade pela sua dor&#8221;.<br \/>\nOs idosos que &#8220;convertem o ressentimento pela perda na tenacidade pela expectativa da promessa de Deus, s\u00e3o uma defesa insubstitu\u00edvel para a comunidade enfrentar o excesso do mal&#8221;.<\/p>\n<p>O Papa convidou a olhar para os idosos, para as idosas com amor, os idosos que sofreram muito na vida, aprenderam muito tamb\u00e9m na vida e no final possuem aquela paz, disse o Papa, &#8220;quase m\u00edstica, ou seja, a paz do encontro com Deus&#8221;, concluiu.<\/p>\n<hr \/>\n<p><em>Fonte: Vatican News (texto de Mariangela Jaguraba)<\/em><\/p>\n","protected":false},"excerpt":{"rendered":"<p>Audi\u00eancia Geral<\/p>\n","protected":false},"author":1,"featured_media":237925,"comment_status":"open","ping_status":"open","sticky":false,"template":"","format":"standard","meta":[],"categories":[1428],"tags":[487],"acf":[],"yoast_head":"<!-- This site is optimized with the Yoast SEO plugin v19.2 - https:\/\/yoast.com\/wordpress\/plugins\/seo\/ -->\n<title>Papa: a v\u00edtima tem o direito de protestar, diante do mist\u00e9rio do mal - Not\u00edcias - Franciscanos<\/title>\n<meta name=\"robots\" content=\"index, follow, max-snippet:-1, max-image-preview:large, max-video-preview:-1\" \/>\n<link rel=\"canonical\" href=\"https:\/\/franciscanos.org.br\/noticias\/papa-a-vitima-tem-o-direito-de-protestar-diante-do-misterio-do-mal.html\" \/>\n<meta property=\"og:locale\" content=\"pt_BR\" \/>\n<meta property=\"og:type\" content=\"article\" \/>\n<meta property=\"og:title\" content=\"Papa: a v\u00edtima tem o direito de protestar, diante do mist\u00e9rio do mal - Not\u00edcias - Franciscanos\" \/>\n<meta property=\"og:description\" content=\"Audi\u00eancia Geral\" \/>\n<meta property=\"og:url\" content=\"https:\/\/franciscanos.org.br\/noticias\/papa-a-vitima-tem-o-direito-de-protestar-diante-do-misterio-do-mal.html\" \/>\n<meta property=\"og:site_name\" content=\"Not\u00edcias - Franciscanos\" \/>\n<meta property=\"article:published_time\" content=\"2022-05-18T11:20:13+00:00\" \/>\n<meta property=\"og:image\" content=\"https:\/\/franciscanos.org.br\/noticias\/wp-content\/uploads\/2022\/05\/2022-05-18_audienciapapad.png\" \/>\n\t<meta property=\"og:image:width\" content=\"800\" \/>\n\t<meta property=\"og:image:height\" content=\"550\" \/>\n\t<meta property=\"og:image:type\" content=\"image\/png\" \/>\n<meta name=\"author\" content=\"admin\" \/>\n<meta name=\"twitter:card\" content=\"summary_large_image\" \/>\n<meta name=\"twitter:label1\" content=\"Escrito por\" \/>\n\t<meta name=\"twitter:data1\" content=\"admin\" \/>\n\t<meta name=\"twitter:label2\" content=\"Est. tempo de leitura\" \/>\n\t<meta name=\"twitter:data2\" content=\"4 minutos\" \/>\n<script type=\"application\/ld+json\" class=\"yoast-schema-graph\">{\"@context\":\"https:\/\/schema.org\",\"@graph\":[{\"@type\":\"WebSite\",\"@id\":\"https:\/\/franciscanos.org.br\/noticias\/#website\",\"url\":\"https:\/\/franciscanos.org.br\/noticias\/\",\"name\":\"Not\u00edcias - Franciscanos\",\"description\":\"Prov\u00edncia Franciscana da Imaculada Concei\u00e7\u00e3o do Brasil - Ordem dos Frades Menores - OFM\",\"potentialAction\":[{\"@type\":\"SearchAction\",\"target\":{\"@type\":\"EntryPoint\",\"urlTemplate\":\"https:\/\/franciscanos.org.br\/noticias\/?s={search_term_string}\"},\"query-input\":\"required name=search_term_string\"}],\"inLanguage\":\"pt-BR\"},{\"@type\":\"ImageObject\",\"inLanguage\":\"pt-BR\",\"@id\":\"https:\/\/franciscanos.org.br\/noticias\/papa-a-vitima-tem-o-direito-de-protestar-diante-do-misterio-do-mal.html#primaryimage\",\"url\":\"https:\/\/franciscanos.org.br\/noticias\/wp-content\/uploads\/2022\/05\/2022-05-18_audienciapapad.png\",\"contentUrl\":\"https:\/\/franciscanos.org.br\/noticias\/wp-content\/uploads\/2022\/05\/2022-05-18_audienciapapad.png\",\"width\":800,\"height\":550},{\"@type\":\"WebPage\",\"@id\":\"https:\/\/franciscanos.org.br\/noticias\/papa-a-vitima-tem-o-direito-de-protestar-diante-do-misterio-do-mal.html#webpage\",\"url\":\"https:\/\/franciscanos.org.br\/noticias\/papa-a-vitima-tem-o-direito-de-protestar-diante-do-misterio-do-mal.html\",\"name\":\"Papa: a v\u00edtima tem o direito de protestar, diante do mist\u00e9rio do mal - Not\u00edcias - Franciscanos\",\"isPartOf\":{\"@id\":\"https:\/\/franciscanos.org.br\/noticias\/#website\"},\"primaryImageOfPage\":{\"@id\":\"https:\/\/franciscanos.org.br\/noticias\/papa-a-vitima-tem-o-direito-de-protestar-diante-do-misterio-do-mal.html#primaryimage\"},\"datePublished\":\"2022-05-18T11:20:13+00:00\",\"dateModified\":\"2022-05-18T11:20:13+00:00\",\"author\":{\"@id\":\"https:\/\/franciscanos.org.br\/noticias\/#\/schema\/person\/b38fbf43118f02820bd932f2e4b14ad3\"},\"breadcrumb\":{\"@id\":\"https:\/\/franciscanos.org.br\/noticias\/papa-a-vitima-tem-o-direito-de-protestar-diante-do-misterio-do-mal.html#breadcrumb\"},\"inLanguage\":\"pt-BR\",\"potentialAction\":[{\"@type\":\"ReadAction\",\"target\":[\"https:\/\/franciscanos.org.br\/noticias\/papa-a-vitima-tem-o-direito-de-protestar-diante-do-misterio-do-mal.html\"]}]},{\"@type\":\"BreadcrumbList\",\"@id\":\"https:\/\/franciscanos.org.br\/noticias\/papa-a-vitima-tem-o-direito-de-protestar-diante-do-misterio-do-mal.html#breadcrumb\",\"itemListElement\":[{\"@type\":\"ListItem\",\"position\":1,\"name\":\"Home\",\"item\":\"https:\/\/franciscanos.org.br\/noticias\"},{\"@type\":\"ListItem\",\"position\":2,\"name\":\"Papa: a v\u00edtima tem o direito de protestar, diante do mist\u00e9rio do mal\"}]},{\"@type\":\"Person\",\"@id\":\"https:\/\/franciscanos.org.br\/noticias\/#\/schema\/person\/b38fbf43118f02820bd932f2e4b14ad3\",\"name\":\"admin\",\"image\":{\"@type\":\"ImageObject\",\"inLanguage\":\"pt-BR\",\"@id\":\"https:\/\/franciscanos.org.br\/noticias\/#\/schema\/person\/image\/\",\"url\":\"https:\/\/secure.gravatar.com\/avatar\/e8495742d34d0ba6448ea1c628263b3e?s=96&d=mm&r=g\",\"contentUrl\":\"https:\/\/secure.gravatar.com\/avatar\/e8495742d34d0ba6448ea1c628263b3e?s=96&d=mm&r=g\",\"caption\":\"admin\"},\"url\":\"https:\/\/franciscanos.org.br\/noticias\/author\/admin\"}]}<\/script>\n<!-- \/ Yoast SEO plugin. -->","yoast_head_json":{"title":"Papa: a v\u00edtima tem o direito de protestar, diante do mist\u00e9rio do mal - Not\u00edcias - Franciscanos","robots":{"index":"index","follow":"follow","max-snippet":"max-snippet:-1","max-image-preview":"max-image-preview:large","max-video-preview":"max-video-preview:-1"},"canonical":"https:\/\/franciscanos.org.br\/noticias\/papa-a-vitima-tem-o-direito-de-protestar-diante-do-misterio-do-mal.html","og_locale":"pt_BR","og_type":"article","og_title":"Papa: a v\u00edtima tem o direito de protestar, diante do mist\u00e9rio do mal - Not\u00edcias - Franciscanos","og_description":"Audi\u00eancia Geral","og_url":"https:\/\/franciscanos.org.br\/noticias\/papa-a-vitima-tem-o-direito-de-protestar-diante-do-misterio-do-mal.html","og_site_name":"Not\u00edcias - Franciscanos","article_published_time":"2022-05-18T11:20:13+00:00","og_image":[{"width":800,"height":550,"url":"https:\/\/franciscanos.org.br\/noticias\/wp-content\/uploads\/2022\/05\/2022-05-18_audienciapapad.png","type":"image\/png"}],"author":"admin","twitter_card":"summary_large_image","twitter_misc":{"Escrito por":"admin","Est. tempo de leitura":"4 minutos"},"schema":{"@context":"https:\/\/schema.org","@graph":[{"@type":"WebSite","@id":"https:\/\/franciscanos.org.br\/noticias\/#website","url":"https:\/\/franciscanos.org.br\/noticias\/","name":"Not\u00edcias - Franciscanos","description":"Prov\u00edncia Franciscana da Imaculada Concei\u00e7\u00e3o do Brasil - Ordem dos Frades Menores - OFM","potentialAction":[{"@type":"SearchAction","target":{"@type":"EntryPoint","urlTemplate":"https:\/\/franciscanos.org.br\/noticias\/?s={search_term_string}"},"query-input":"required name=search_term_string"}],"inLanguage":"pt-BR"},{"@type":"ImageObject","inLanguage":"pt-BR","@id":"https:\/\/franciscanos.org.br\/noticias\/papa-a-vitima-tem-o-direito-de-protestar-diante-do-misterio-do-mal.html#primaryimage","url":"https:\/\/franciscanos.org.br\/noticias\/wp-content\/uploads\/2022\/05\/2022-05-18_audienciapapad.png","contentUrl":"https:\/\/franciscanos.org.br\/noticias\/wp-content\/uploads\/2022\/05\/2022-05-18_audienciapapad.png","width":800,"height":550},{"@type":"WebPage","@id":"https:\/\/franciscanos.org.br\/noticias\/papa-a-vitima-tem-o-direito-de-protestar-diante-do-misterio-do-mal.html#webpage","url":"https:\/\/franciscanos.org.br\/noticias\/papa-a-vitima-tem-o-direito-de-protestar-diante-do-misterio-do-mal.html","name":"Papa: a v\u00edtima tem o direito de protestar, diante do mist\u00e9rio do mal - Not\u00edcias - Franciscanos","isPartOf":{"@id":"https:\/\/franciscanos.org.br\/noticias\/#website"},"primaryImageOfPage":{"@id":"https:\/\/franciscanos.org.br\/noticias\/papa-a-vitima-tem-o-direito-de-protestar-diante-do-misterio-do-mal.html#primaryimage"},"datePublished":"2022-05-18T11:20:13+00:00","dateModified":"2022-05-18T11:20:13+00:00","author":{"@id":"https:\/\/franciscanos.org.br\/noticias\/#\/schema\/person\/b38fbf43118f02820bd932f2e4b14ad3"},"breadcrumb":{"@id":"https:\/\/franciscanos.org.br\/noticias\/papa-a-vitima-tem-o-direito-de-protestar-diante-do-misterio-do-mal.html#breadcrumb"},"inLanguage":"pt-BR","potentialAction":[{"@type":"ReadAction","target":["https:\/\/franciscanos.org.br\/noticias\/papa-a-vitima-tem-o-direito-de-protestar-diante-do-misterio-do-mal.html"]}]},{"@type":"BreadcrumbList","@id":"https:\/\/franciscanos.org.br\/noticias\/papa-a-vitima-tem-o-direito-de-protestar-diante-do-misterio-do-mal.html#breadcrumb","itemListElement":[{"@type":"ListItem","position":1,"name":"Home","item":"https:\/\/franciscanos.org.br\/noticias"},{"@type":"ListItem","position":2,"name":"Papa: a v\u00edtima tem o direito de protestar, diante do mist\u00e9rio do mal"}]},{"@type":"Person","@id":"https:\/\/franciscanos.org.br\/noticias\/#\/schema\/person\/b38fbf43118f02820bd932f2e4b14ad3","name":"admin","image":{"@type":"ImageObject","inLanguage":"pt-BR","@id":"https:\/\/franciscanos.org.br\/noticias\/#\/schema\/person\/image\/","url":"https:\/\/secure.gravatar.com\/avatar\/e8495742d34d0ba6448ea1c628263b3e?s=96&d=mm&r=g","contentUrl":"https:\/\/secure.gravatar.com\/avatar\/e8495742d34d0ba6448ea1c628263b3e?s=96&d=mm&r=g","caption":"admin"},"url":"https:\/\/franciscanos.org.br\/noticias\/author\/admin"}]}},"_links":{"self":[{"href":"https:\/\/franciscanos.org.br\/noticias\/wp-json\/wp\/v2\/posts\/237923"}],"collection":[{"href":"https:\/\/franciscanos.org.br\/noticias\/wp-json\/wp\/v2\/posts"}],"about":[{"href":"https:\/\/franciscanos.org.br\/noticias\/wp-json\/wp\/v2\/types\/post"}],"author":[{"embeddable":true,"href":"https:\/\/franciscanos.org.br\/noticias\/wp-json\/wp\/v2\/users\/1"}],"replies":[{"embeddable":true,"href":"https:\/\/franciscanos.org.br\/noticias\/wp-json\/wp\/v2\/comments?post=237923"}],"version-history":[{"count":1,"href":"https:\/\/franciscanos.org.br\/noticias\/wp-json\/wp\/v2\/posts\/237923\/revisions"}],"predecessor-version":[{"id":237926,"href":"https:\/\/franciscanos.org.br\/noticias\/wp-json\/wp\/v2\/posts\/237923\/revisions\/237926"}],"wp:featuredmedia":[{"embeddable":true,"href":"https:\/\/franciscanos.org.br\/noticias\/wp-json\/wp\/v2\/media\/237925"}],"wp:attachment":[{"href":"https:\/\/franciscanos.org.br\/noticias\/wp-json\/wp\/v2\/media?parent=237923"}],"wp:term":[{"taxonomy":"category","embeddable":true,"href":"https:\/\/franciscanos.org.br\/noticias\/wp-json\/wp\/v2\/categories?post=237923"},{"taxonomy":"post_tag","embeddable":true,"href":"https:\/\/franciscanos.org.br\/noticias\/wp-json\/wp\/v2\/tags?post=237923"}],"curies":[{"name":"wp","href":"https:\/\/api.w.org\/{rel}","templated":true}]}}