{"id":237897,"date":"2022-05-15T20:06:41","date_gmt":"2022-05-15T23:06:41","guid":{"rendered":"https:\/\/franciscanos.org.br\/noticias\/?p=237897"},"modified":"2022-05-19T14:42:13","modified_gmt":"2022-05-19T17:42:13","slug":"ame-seu-sacerdocio-o-convite-a-frei-junior-na-sua-primeira-missa","status":"publish","type":"post","link":"https:\/\/franciscanos.org.br\/noticias\/ame-seu-sacerdocio-o-convite-a-frei-junior-na-sua-primeira-missa.html","title":{"rendered":"\u201cAme seu sacerd\u00f3cio\u201d: o convite a Frei Junior na sua primeira Missa"},"content":{"rendered":"<p><img loading=\"lazy\" class=\"alignnone size-full wp-image-237898\" src=\"https:\/\/franciscanos.org.br\/noticias\/wp-content\/uploads\/2022\/05\/missa_01.jpg\" alt=\"\" width=\"1280\" height=\"720\" srcset=\"https:\/\/franciscanos.org.br\/noticias\/wp-content\/uploads\/2022\/05\/missa_01.jpg 1280w, https:\/\/franciscanos.org.br\/noticias\/wp-content\/uploads\/2022\/05\/missa_01-450x253.jpg 450w, https:\/\/franciscanos.org.br\/noticias\/wp-content\/uploads\/2022\/05\/missa_01-1024x576.jpg 1024w, https:\/\/franciscanos.org.br\/noticias\/wp-content\/uploads\/2022\/05\/missa_01-768x432.jpg 768w, https:\/\/franciscanos.org.br\/noticias\/wp-content\/uploads\/2022\/05\/missa_01-150x84.jpg 150w\" sizes=\"(max-width: 1280px) 100vw, 1280px\" \/><\/p>\n<p><strong>Santo Amaro da Imperatriz (SC)<\/strong> &#8211; Numa bela manh\u00e3, entre os vales e montanhas de Santo Amaro da Imperatriz, ressoou uma nova voz presidindo uma Celebra\u00e7\u00e3o Eucar\u00edstica: era a de Frei J\u00fanior Mendes, que neste domingo (15\/05) presidiu sua primeira Missa em sua cidade natal. A Igreja Matriz da cidade estava repleta de familiares, paroquianos desta terra, amigos de Frei Junior de diversos lugares, inclusive Chopinzinho\/PR, onde atualmente ele mora. Tamb\u00e9m estavam presentes religiosos e religiosas em grande n\u00famero, aspirantes e vocacionados franciscanos.<\/p>\n<p>A celebra\u00e7\u00e3o iniciou \u00e0s 10h com um costume que, com certeza, ajudou muito Frei Junior em sua caminhada: a ora\u00e7\u00e3o pelas voca\u00e7\u00f5es! Uma dezena pedindo a Deus santas e novas voca\u00e7\u00f5es nas comunidades. Em seguida, a prociss\u00e3o de entrada prefigurou uma garantia a Frei Junior: que nunca estar\u00e1 s\u00f3 em sua miss\u00e3o presbiteral, pois desde a primeira Missa contou com a presen\u00e7a de muitos frades na celebra\u00e7\u00e3o da Eucaristia.<\/p>\n<p><img loading=\"lazy\" class=\"alignnone size-full wp-image-237899\" src=\"https:\/\/franciscanos.org.br\/noticias\/wp-content\/uploads\/2022\/05\/missa_03.jpg\" alt=\"\" width=\"1280\" height=\"627\" srcset=\"https:\/\/franciscanos.org.br\/noticias\/wp-content\/uploads\/2022\/05\/missa_03.jpg 1280w, https:\/\/franciscanos.org.br\/noticias\/wp-content\/uploads\/2022\/05\/missa_03-450x220.jpg 450w, https:\/\/franciscanos.org.br\/noticias\/wp-content\/uploads\/2022\/05\/missa_03-1024x502.jpg 1024w, https:\/\/franciscanos.org.br\/noticias\/wp-content\/uploads\/2022\/05\/missa_03-768x376.jpg 768w, https:\/\/franciscanos.org.br\/noticias\/wp-content\/uploads\/2022\/05\/missa_03-150x73.jpg 150w\" sizes=\"(max-width: 1280px) 100vw, 1280px\" \/><\/p>\n<p><img loading=\"lazy\" class=\"alignnone size-full wp-image-237900\" src=\"https:\/\/franciscanos.org.br\/noticias\/wp-content\/uploads\/2022\/05\/missa_04.jpg\" alt=\"\" width=\"1229\" height=\"703\" srcset=\"https:\/\/franciscanos.org.br\/noticias\/wp-content\/uploads\/2022\/05\/missa_04.jpg 1229w, https:\/\/franciscanos.org.br\/noticias\/wp-content\/uploads\/2022\/05\/missa_04-450x257.jpg 450w, https:\/\/franciscanos.org.br\/noticias\/wp-content\/uploads\/2022\/05\/missa_04-1024x586.jpg 1024w, https:\/\/franciscanos.org.br\/noticias\/wp-content\/uploads\/2022\/05\/missa_04-768x439.jpg 768w, https:\/\/franciscanos.org.br\/noticias\/wp-content\/uploads\/2022\/05\/missa_04-150x86.jpg 150w\" sizes=\"(max-width: 1229px) 100vw, 1229px\" \/><\/p>\n<p>Frei Gabriel Dellandrea, do Servi\u00e7o de Anima\u00e7\u00e3o Vocacional, ap\u00f3s o Evangelho lembrou a todos um costume: na primeira missa de um novo presb\u00edtero, um irm\u00e3o no presbiterado com mais experi\u00eancia \u00e9 convidado a pregar. E Frei Junior escolheu Frei Leandro Costa, que atualmente mora na fraternidade franciscana junto ao Santu\u00e1rio Frei Galv\u00e3o, em Guaratinguet\u00e1\/SP.<\/p>\n<p>O frade iniciou a reflex\u00e3o afirmando que ficou surpreso com o convite. \u201cNormalmente chamam algu\u00e9m com muito mais experi\u00eancia. E eu tenho apenas tr\u00eas anos de padre. Mas estou muito feliz por estar presente deste modo neste momento muito importante de sua vida, caro Frei Junior\u201d. Em seguida, comentou sobre o lema de ordena\u00e7\u00e3o que o neopresb\u00edtero escolheu:<\/p>\n<p><img loading=\"lazy\" class=\"alignnone size-full wp-image-237901\" src=\"https:\/\/franciscanos.org.br\/noticias\/wp-content\/uploads\/2022\/05\/missa_10.jpg\" alt=\"\" width=\"1280\" height=\"1150\" srcset=\"https:\/\/franciscanos.org.br\/noticias\/wp-content\/uploads\/2022\/05\/missa_10.jpg 1202w, https:\/\/franciscanos.org.br\/noticias\/wp-content\/uploads\/2022\/05\/missa_10-450x404.jpg 450w, https:\/\/franciscanos.org.br\/noticias\/wp-content\/uploads\/2022\/05\/missa_10-1024x920.jpg 1024w, https:\/\/franciscanos.org.br\/noticias\/wp-content\/uploads\/2022\/05\/missa_10-768x690.jpg 768w, https:\/\/franciscanos.org.br\/noticias\/wp-content\/uploads\/2022\/05\/missa_10-150x135.jpg 150w\" sizes=\"(max-width: 1280px) 100vw, 1280px\" \/><\/p>\n<p><img loading=\"lazy\" class=\"alignnone size-full wp-image-237902\" src=\"https:\/\/franciscanos.org.br\/noticias\/wp-content\/uploads\/2022\/05\/primicias_06.jpg\" alt=\"\" width=\"1200\" height=\"1083\" srcset=\"https:\/\/franciscanos.org.br\/noticias\/wp-content\/uploads\/2022\/05\/primicias_06.jpg 1197w, https:\/\/franciscanos.org.br\/noticias\/wp-content\/uploads\/2022\/05\/primicias_06-450x406.jpg 450w, https:\/\/franciscanos.org.br\/noticias\/wp-content\/uploads\/2022\/05\/primicias_06-1024x924.jpg 1024w, https:\/\/franciscanos.org.br\/noticias\/wp-content\/uploads\/2022\/05\/primicias_06-768x693.jpg 768w, https:\/\/franciscanos.org.br\/noticias\/wp-content\/uploads\/2022\/05\/primicias_06-150x135.jpg 150w\" sizes=\"(max-width: 1200px) 100vw, 1200px\" \/><\/p>\n<p>\u201cSeu lema diz onde seu amor deve se endere\u00e7ar. Nas pessoas. Em homens e mulheres ora chegar\u00e3o a ti, sedentos de amor. Outros que voc\u00ea dever\u00e1 levar o amor. \u2018o amor n\u00e3o \u00e9 amado!\u2019 \u00c9 por isso que os sacerdotes s\u00e3o ungidos pelo Esp\u00edrito Santo para serem \u2018pessoas sacerdotais\u2019, e n\u00e3o apenas para exercerem algumas fun\u00e7\u00f5es sacerdotais. Este amor que voc\u00ea \u00e9 chamado a viver \u00e9 servi\u00e7o. \u00c9 miss\u00e3o! N\u00e3o \u00e9 t\u00e3o somente um sentimento. \u00c9 uma express\u00e3o amorosa que se dar\u00e1 nos sacramentos a serem administrados. Mas tamb\u00e9m naquela postura de lavar os p\u00e9s. Assim seguiu este preceito. Depois atingiu seu auge. Quando Jesus Cristo se doou na cruz\u201d.<\/p>\n<p>Sobre este sentimento, o frade continuou a sua fala convidando a todos para dizerem ao ordenando: \u201cFrei J\u00fanior, ame o seu sacerd\u00f3cio!\u201d.<\/p>\n\n\t\t<style type=\"text\/css\">\n\t\t\t#gallery-1 {\n\t\t\t\tmargin: auto;\n\t\t\t}\n\t\t\t#gallery-1 .gallery-item {\n\t\t\t\tfloat: left;\n\t\t\t\tmargin-top: 10px;\n\t\t\t\ttext-align: center;\n\t\t\t\twidth: 14%;\n\t\t\t}\n\t\t\t#gallery-1 img {\n\t\t\t\tborder: 2px solid #cfcfcf;\n\t\t\t}\n\t\t\t#gallery-1 .gallery-caption {\n\t\t\t\tmargin-left: 0;\n\t\t\t}\n\t\t\t\/* see gallery_shortcode() in wp-includes\/media.php *\/\n\t\t<\/style>\n\t\t<div id='gallery-1' class='gallery galleryid-237897 gallery-columns-7 gallery-size-thumbnail'><dl class='gallery-item'>\n\t\t\t<dt class='gallery-icon landscape'>\n\t\t\t\t<a href='https:\/\/franciscanos.org.br\/noticias\/wp-content\/uploads\/2022\/05\/primicias_01.jpg'><img width=\"300\" height=\"300\" src=\"https:\/\/franciscanos.org.br\/noticias\/wp-content\/uploads\/2022\/05\/primicias_01-300x300.jpg\" class=\"attachment-thumbnail size-thumbnail\" alt=\"\" loading=\"lazy\" srcset=\"https:\/\/franciscanos.org.br\/noticias\/wp-content\/uploads\/2022\/05\/primicias_01-300x300.jpg 300w, https:\/\/franciscanos.org.br\/noticias\/wp-content\/uploads\/2022\/05\/primicias_01-100x100.jpg 100w\" sizes=\"(max-width: 300px) 100vw, 300px\" \/><\/a>\n\t\t\t<\/dt><\/dl><dl class='gallery-item'>\n\t\t\t<dt class='gallery-icon landscape'>\n\t\t\t\t<a href='https:\/\/franciscanos.org.br\/noticias\/wp-content\/uploads\/2022\/05\/primicias_02.jpg'><img width=\"300\" height=\"300\" src=\"https:\/\/franciscanos.org.br\/noticias\/wp-content\/uploads\/2022\/05\/primicias_02-300x300.jpg\" class=\"attachment-thumbnail size-thumbnail\" alt=\"\" loading=\"lazy\" srcset=\"https:\/\/franciscanos.org.br\/noticias\/wp-content\/uploads\/2022\/05\/primicias_02-300x300.jpg 300w, https:\/\/franciscanos.org.br\/noticias\/wp-content\/uploads\/2022\/05\/primicias_02-100x100.jpg 100w\" sizes=\"(max-width: 300px) 100vw, 300px\" \/><\/a>\n\t\t\t<\/dt><\/dl><dl class='gallery-item'>\n\t\t\t<dt class='gallery-icon landscape'>\n\t\t\t\t<a href='https:\/\/franciscanos.org.br\/noticias\/wp-content\/uploads\/2022\/05\/primicias_03.jpg'><img width=\"300\" height=\"300\" src=\"https:\/\/franciscanos.org.br\/noticias\/wp-content\/uploads\/2022\/05\/primicias_03-300x300.jpg\" class=\"attachment-thumbnail size-thumbnail\" alt=\"\" loading=\"lazy\" srcset=\"https:\/\/franciscanos.org.br\/noticias\/wp-content\/uploads\/2022\/05\/primicias_03-300x300.jpg 300w, https:\/\/franciscanos.org.br\/noticias\/wp-content\/uploads\/2022\/05\/primicias_03-100x100.jpg 100w\" sizes=\"(max-width: 300px) 100vw, 300px\" \/><\/a>\n\t\t\t<\/dt><\/dl><dl class='gallery-item'>\n\t\t\t<dt class='gallery-icon landscape'>\n\t\t\t\t<a href='https:\/\/franciscanos.org.br\/noticias\/wp-content\/uploads\/2022\/05\/primicias_04.jpg'><img width=\"300\" height=\"300\" src=\"https:\/\/franciscanos.org.br\/noticias\/wp-content\/uploads\/2022\/05\/primicias_04-300x300.jpg\" class=\"attachment-thumbnail size-thumbnail\" alt=\"\" loading=\"lazy\" srcset=\"https:\/\/franciscanos.org.br\/noticias\/wp-content\/uploads\/2022\/05\/primicias_04-300x300.jpg 300w, https:\/\/franciscanos.org.br\/noticias\/wp-content\/uploads\/2022\/05\/primicias_04-100x100.jpg 100w\" sizes=\"(max-width: 300px) 100vw, 300px\" \/><\/a>\n\t\t\t<\/dt><\/dl><dl class='gallery-item'>\n\t\t\t<dt class='gallery-icon landscape'>\n\t\t\t\t<a href='https:\/\/franciscanos.org.br\/noticias\/wp-content\/uploads\/2022\/05\/primicias_05.jpg'><img width=\"300\" height=\"300\" src=\"https:\/\/franciscanos.org.br\/noticias\/wp-content\/uploads\/2022\/05\/primicias_05-300x300.jpg\" class=\"attachment-thumbnail size-thumbnail\" alt=\"\" loading=\"lazy\" srcset=\"https:\/\/franciscanos.org.br\/noticias\/wp-content\/uploads\/2022\/05\/primicias_05-300x300.jpg 300w, https:\/\/franciscanos.org.br\/noticias\/wp-content\/uploads\/2022\/05\/primicias_05-100x100.jpg 100w\" sizes=\"(max-width: 300px) 100vw, 300px\" \/><\/a>\n\t\t\t<\/dt><\/dl><dl class='gallery-item'>\n\t\t\t<dt class='gallery-icon landscape'>\n\t\t\t\t<a href='https:\/\/franciscanos.org.br\/noticias\/wp-content\/uploads\/2022\/05\/primicias_07.jpg'><img width=\"300\" height=\"300\" src=\"https:\/\/franciscanos.org.br\/noticias\/wp-content\/uploads\/2022\/05\/primicias_07-300x300.jpg\" class=\"attachment-thumbnail size-thumbnail\" alt=\"\" loading=\"lazy\" srcset=\"https:\/\/franciscanos.org.br\/noticias\/wp-content\/uploads\/2022\/05\/primicias_07-300x300.jpg 300w, https:\/\/franciscanos.org.br\/noticias\/wp-content\/uploads\/2022\/05\/primicias_07-100x100.jpg 100w\" sizes=\"(max-width: 300px) 100vw, 300px\" \/><\/a>\n\t\t\t<\/dt><\/dl><dl class='gallery-item'>\n\t\t\t<dt class='gallery-icon landscape'>\n\t\t\t\t<a href='https:\/\/franciscanos.org.br\/noticias\/wp-content\/uploads\/2022\/05\/primicias_08.jpg'><img width=\"300\" height=\"300\" src=\"https:\/\/franciscanos.org.br\/noticias\/wp-content\/uploads\/2022\/05\/primicias_08-300x300.jpg\" class=\"attachment-thumbnail size-thumbnail\" alt=\"\" loading=\"lazy\" srcset=\"https:\/\/franciscanos.org.br\/noticias\/wp-content\/uploads\/2022\/05\/primicias_08-300x300.jpg 300w, https:\/\/franciscanos.org.br\/noticias\/wp-content\/uploads\/2022\/05\/primicias_08-100x100.jpg 100w\" sizes=\"(max-width: 300px) 100vw, 300px\" \/><\/a>\n\t\t\t<\/dt><\/dl><br style=\"clear: both\" \/>\n\t\t<\/div>\n\n<p><em>\u00a0 \u00a0 \u00a0 \u00a0 \u00a0(toque nas imagens para ampli\u00e1-las)<\/em><\/p>\n<p>Ainda na pr\u00e9dica, o frade pregador recordou a Frei Junior que o seu presbiterado ter\u00e1 uma base franciscana a partir de sua consagra\u00e7\u00e3o: \u201cHarmonize ricamente a sua condi\u00e7\u00e3o de frade menor, com a voca\u00e7\u00e3o presbiteral. Como voc\u00ea mesmo evidenciou na entrevista ao<em> site da nossa Prov\u00edncia<\/em>, como um \u2018frade presb\u00edtero\u2019.\u201d<\/p>\n<p>Ele finalizou a homilia convidando os pais de Frei Junior a entregarem a ele uma imagem de Nossa Senhora de F\u00e1tima, afirmando: \u201cVoc\u00ea foi ordenado pr\u00f3ximo ao dia de Nossa Senhora de F\u00e1tima. Nessa imagem, a recorda\u00e7\u00e3o dessa valorosa prote\u00e7\u00e3o. Que ela lhe acompanhe nesta miss\u00e3o. A ela, consagre seu minist\u00e9rio. Que ela lhe encaminhe ao amor\u201d. O povo confirmou a emo\u00e7\u00e3o deste momento com uma calorosa salva de palmas.<\/p>\n<p><img loading=\"lazy\" class=\"alignnone size-full wp-image-237911\" src=\"https:\/\/franciscanos.org.br\/noticias\/wp-content\/uploads\/2022\/05\/missa_05.jpg\" alt=\"\" width=\"1280\" height=\"960\" srcset=\"https:\/\/franciscanos.org.br\/noticias\/wp-content\/uploads\/2022\/05\/missa_05.jpg 1280w, https:\/\/franciscanos.org.br\/noticias\/wp-content\/uploads\/2022\/05\/missa_05-450x338.jpg 450w, https:\/\/franciscanos.org.br\/noticias\/wp-content\/uploads\/2022\/05\/missa_05-1024x768.jpg 1024w, https:\/\/franciscanos.org.br\/noticias\/wp-content\/uploads\/2022\/05\/missa_05-768x576.jpg 768w, https:\/\/franciscanos.org.br\/noticias\/wp-content\/uploads\/2022\/05\/missa_05-150x113.jpg 150w, https:\/\/franciscanos.org.br\/noticias\/wp-content\/uploads\/2022\/05\/missa_05-600x450.jpg 600w\" sizes=\"(max-width: 1280px) 100vw, 1280px\" \/><\/p>\n\n\t\t<style type=\"text\/css\">\n\t\t\t#gallery-2 {\n\t\t\t\tmargin: auto;\n\t\t\t}\n\t\t\t#gallery-2 .gallery-item {\n\t\t\t\tfloat: left;\n\t\t\t\tmargin-top: 10px;\n\t\t\t\ttext-align: center;\n\t\t\t\twidth: 25%;\n\t\t\t}\n\t\t\t#gallery-2 img {\n\t\t\t\tborder: 2px solid #cfcfcf;\n\t\t\t}\n\t\t\t#gallery-2 .gallery-caption {\n\t\t\t\tmargin-left: 0;\n\t\t\t}\n\t\t\t\/* see gallery_shortcode() in wp-includes\/media.php *\/\n\t\t<\/style>\n\t\t<div id='gallery-2' class='gallery galleryid-237897 gallery-columns-4 gallery-size-thumbnail'><dl class='gallery-item'>\n\t\t\t<dt class='gallery-icon landscape'>\n\t\t\t\t<a href='https:\/\/franciscanos.org.br\/noticias\/wp-content\/uploads\/2022\/05\/missa_02.jpg'><img width=\"300\" height=\"300\" src=\"https:\/\/franciscanos.org.br\/noticias\/wp-content\/uploads\/2022\/05\/missa_02-300x300.jpg\" class=\"attachment-thumbnail size-thumbnail\" alt=\"\" loading=\"lazy\" srcset=\"https:\/\/franciscanos.org.br\/noticias\/wp-content\/uploads\/2022\/05\/missa_02-300x300.jpg 300w, https:\/\/franciscanos.org.br\/noticias\/wp-content\/uploads\/2022\/05\/missa_02-100x100.jpg 100w\" sizes=\"(max-width: 300px) 100vw, 300px\" \/><\/a>\n\t\t\t<\/dt><\/dl><dl class='gallery-item'>\n\t\t\t<dt class='gallery-icon landscape'>\n\t\t\t\t<a href='https:\/\/franciscanos.org.br\/noticias\/wp-content\/uploads\/2022\/05\/missa_06.jpg'><img width=\"300\" height=\"300\" src=\"https:\/\/franciscanos.org.br\/noticias\/wp-content\/uploads\/2022\/05\/missa_06-300x300.jpg\" class=\"attachment-thumbnail size-thumbnail\" alt=\"\" loading=\"lazy\" srcset=\"https:\/\/franciscanos.org.br\/noticias\/wp-content\/uploads\/2022\/05\/missa_06-300x300.jpg 300w, https:\/\/franciscanos.org.br\/noticias\/wp-content\/uploads\/2022\/05\/missa_06-100x100.jpg 100w\" sizes=\"(max-width: 300px) 100vw, 300px\" \/><\/a>\n\t\t\t<\/dt><\/dl><dl class='gallery-item'>\n\t\t\t<dt class='gallery-icon landscape'>\n\t\t\t\t<a href='https:\/\/franciscanos.org.br\/noticias\/wp-content\/uploads\/2022\/05\/missa_08.jpg'><img width=\"300\" height=\"300\" src=\"https:\/\/franciscanos.org.br\/noticias\/wp-content\/uploads\/2022\/05\/missa_08-300x300.jpg\" class=\"attachment-thumbnail size-thumbnail\" alt=\"\" loading=\"lazy\" srcset=\"https:\/\/franciscanos.org.br\/noticias\/wp-content\/uploads\/2022\/05\/missa_08-300x300.jpg 300w, https:\/\/franciscanos.org.br\/noticias\/wp-content\/uploads\/2022\/05\/missa_08-100x100.jpg 100w\" sizes=\"(max-width: 300px) 100vw, 300px\" \/><\/a>\n\t\t\t<\/dt><\/dl><dl class='gallery-item'>\n\t\t\t<dt class='gallery-icon landscape'>\n\t\t\t\t<a href='https:\/\/franciscanos.org.br\/noticias\/wp-content\/uploads\/2022\/05\/missa_09.jpg'><img width=\"300\" height=\"300\" src=\"https:\/\/franciscanos.org.br\/noticias\/wp-content\/uploads\/2022\/05\/missa_09-300x300.jpg\" class=\"attachment-thumbnail size-thumbnail\" alt=\"\" loading=\"lazy\" srcset=\"https:\/\/franciscanos.org.br\/noticias\/wp-content\/uploads\/2022\/05\/missa_09-300x300.jpg 300w, https:\/\/franciscanos.org.br\/noticias\/wp-content\/uploads\/2022\/05\/missa_09-100x100.jpg 100w\" sizes=\"(max-width: 300px) 100vw, 300px\" \/><\/a>\n\t\t\t<\/dt><\/dl><br style=\"clear: both\" \/>\n\t\t<\/div>\n\n<p>A celebra\u00e7\u00e3o continuou normalmente, num clima alegre e festivo. Ap\u00f3s a comunh\u00e3o Frei Gabriel lembrou que \u201cSanto Amaro da Imperatriz n\u00e3o \u00e9 s\u00f3 um lugar de voca\u00e7\u00f5es, mas um lugar de cultivo de voca\u00e7\u00f5es\u201d, e por isso apresentou os dois aspirantes, Cristian Cavalcante Rodrigues de S\u00e3o Paulo\/SP e Lucas Rinaldi de Curitibanos\/SC, que por alguns meses viver\u00e3o na Fraternidade Franciscana a experi\u00eancia de FAV (Fraternidade de Acolhimento Vocacional).<\/p>\n<p>Frei Paulo Roberto Pereira, Ministro Provincial, tomou a palavra e agradeceu a toda a Par\u00f3quia pelo empenho. Por fim, fazendo um agradecimento especial a todos os mission\u00e1rios que durante a semana realizaram atividades na miss\u00e3o vocacional, chamou-os \u00e0 frente e pediu ao povo uma salva de palmas por esse grupo que, com carinho, preparou espiritualmente toda a Par\u00f3quia para este momento. Por fim, antes da b\u00ean\u00e7\u00e3o final, Frei Junior agradeceu a toda a Par\u00f3quia pelo carinho e empenho em sua ordena\u00e7\u00e3o, convidando a todos para que rezassem por ele. Ap\u00f3s a Missa, foi servido um delicioso almo\u00e7o aos frades e familiares do frade rec\u00e9m-ordenado, coroando com muita alegria e fartura as atividades de todos os dias em torno da Ordena\u00e7\u00e3o deste irm\u00e3o.<\/p>\n<p><img loading=\"lazy\" class=\"alignnone size-full wp-image-237912\" src=\"https:\/\/franciscanos.org.br\/noticias\/wp-content\/uploads\/2022\/05\/missa_07.jpg\" alt=\"\" width=\"1024\" height=\"768\" srcset=\"https:\/\/franciscanos.org.br\/noticias\/wp-content\/uploads\/2022\/05\/missa_07.jpg 1024w, https:\/\/franciscanos.org.br\/noticias\/wp-content\/uploads\/2022\/05\/missa_07-450x338.jpg 450w, https:\/\/franciscanos.org.br\/noticias\/wp-content\/uploads\/2022\/05\/missa_07-768x576.jpg 768w, https:\/\/franciscanos.org.br\/noticias\/wp-content\/uploads\/2022\/05\/missa_07-150x113.jpg 150w, https:\/\/franciscanos.org.br\/noticias\/wp-content\/uploads\/2022\/05\/missa_07-600x450.jpg 600w\" sizes=\"(max-width: 1024px) 100vw, 1024px\" \/><\/p>\n<hr \/>\n<p><em>Frei Gabriel Dellandrea e Frei Je\u00e2 Paulo Andrade<\/em><\/p>\n","protected":false},"excerpt":{"rendered":"<p>Prim\u00edcias de Frei Junior Mendes<\/p>\n","protected":false},"author":3,"featured_media":237898,"comment_status":"open","ping_status":"open","sticky":false,"template":"","format":"standard","meta":[],"categories":[1],"tags":[157],"acf":[],"yoast_head":"<!-- This site is optimized with the Yoast SEO plugin v19.2 - https:\/\/yoast.com\/wordpress\/plugins\/seo\/ -->\n<title>\u201cAme seu sacerd\u00f3cio\u201d: o convite a Frei Junior na sua primeira Missa - Not\u00edcias - Franciscanos<\/title>\n<meta name=\"robots\" content=\"index, follow, max-snippet:-1, max-image-preview:large, max-video-preview:-1\" \/>\n<link rel=\"canonical\" href=\"https:\/\/franciscanos.org.br\/noticias\/ame-seu-sacerdocio-o-convite-a-frei-junior-na-sua-primeira-missa.html\" \/>\n<meta property=\"og:locale\" content=\"pt_BR\" \/>\n<meta property=\"og:type\" content=\"article\" \/>\n<meta property=\"og:title\" content=\"\u201cAme seu sacerd\u00f3cio\u201d: o convite a Frei Junior na sua primeira Missa - Not\u00edcias - Franciscanos\" \/>\n<meta property=\"og:description\" content=\"Prim\u00edcias de Frei Junior Mendes\" \/>\n<meta property=\"og:url\" content=\"https:\/\/franciscanos.org.br\/noticias\/ame-seu-sacerdocio-o-convite-a-frei-junior-na-sua-primeira-missa.html\" \/>\n<meta property=\"og:site_name\" content=\"Not\u00edcias - Franciscanos\" \/>\n<meta property=\"article:published_time\" content=\"2022-05-15T23:06:41+00:00\" \/>\n<meta property=\"article:modified_time\" content=\"2022-05-19T17:42:13+00:00\" \/>\n<meta property=\"og:image\" content=\"https:\/\/franciscanos.org.br\/noticias\/wp-content\/uploads\/2022\/05\/missa_01.jpg\" \/>\n\t<meta property=\"og:image:width\" content=\"1280\" \/>\n\t<meta property=\"og:image:height\" content=\"720\" \/>\n\t<meta property=\"og:image:type\" content=\"image\/jpeg\" \/>\n<meta name=\"author\" content=\"moacir\" \/>\n<meta name=\"twitter:card\" content=\"summary_large_image\" \/>\n<meta name=\"twitter:label1\" content=\"Escrito por\" \/>\n\t<meta name=\"twitter:data1\" content=\"moacir\" \/>\n\t<meta name=\"twitter:label2\" content=\"Est. tempo de leitura\" \/>\n\t<meta name=\"twitter:data2\" content=\"4 minutos\" \/>\n<script type=\"application\/ld+json\" class=\"yoast-schema-graph\">{\"@context\":\"https:\/\/schema.org\",\"@graph\":[{\"@type\":\"WebSite\",\"@id\":\"https:\/\/franciscanos.org.br\/noticias\/#website\",\"url\":\"https:\/\/franciscanos.org.br\/noticias\/\",\"name\":\"Not\u00edcias - Franciscanos\",\"description\":\"Prov\u00edncia Franciscana da Imaculada Concei\u00e7\u00e3o do Brasil - Ordem dos Frades Menores - OFM\",\"potentialAction\":[{\"@type\":\"SearchAction\",\"target\":{\"@type\":\"EntryPoint\",\"urlTemplate\":\"https:\/\/franciscanos.org.br\/noticias\/?s={search_term_string}\"},\"query-input\":\"required name=search_term_string\"}],\"inLanguage\":\"pt-BR\"},{\"@type\":\"ImageObject\",\"inLanguage\":\"pt-BR\",\"@id\":\"https:\/\/franciscanos.org.br\/noticias\/ame-seu-sacerdocio-o-convite-a-frei-junior-na-sua-primeira-missa.html#primaryimage\",\"url\":\"https:\/\/franciscanos.org.br\/noticias\/wp-content\/uploads\/2022\/05\/missa_01.jpg\",\"contentUrl\":\"https:\/\/franciscanos.org.br\/noticias\/wp-content\/uploads\/2022\/05\/missa_01.jpg\",\"width\":1280,\"height\":720},{\"@type\":\"WebPage\",\"@id\":\"https:\/\/franciscanos.org.br\/noticias\/ame-seu-sacerdocio-o-convite-a-frei-junior-na-sua-primeira-missa.html#webpage\",\"url\":\"https:\/\/franciscanos.org.br\/noticias\/ame-seu-sacerdocio-o-convite-a-frei-junior-na-sua-primeira-missa.html\",\"name\":\"\u201cAme seu sacerd\u00f3cio\u201d: o convite a Frei Junior na sua primeira Missa - Not\u00edcias - Franciscanos\",\"isPartOf\":{\"@id\":\"https:\/\/franciscanos.org.br\/noticias\/#website\"},\"primaryImageOfPage\":{\"@id\":\"https:\/\/franciscanos.org.br\/noticias\/ame-seu-sacerdocio-o-convite-a-frei-junior-na-sua-primeira-missa.html#primaryimage\"},\"datePublished\":\"2022-05-15T23:06:41+00:00\",\"dateModified\":\"2022-05-19T17:42:13+00:00\",\"author\":{\"@id\":\"https:\/\/franciscanos.org.br\/noticias\/#\/schema\/person\/b5c8cba458c330ccff548b056e95a5d4\"},\"breadcrumb\":{\"@id\":\"https:\/\/franciscanos.org.br\/noticias\/ame-seu-sacerdocio-o-convite-a-frei-junior-na-sua-primeira-missa.html#breadcrumb\"},\"inLanguage\":\"pt-BR\",\"potentialAction\":[{\"@type\":\"ReadAction\",\"target\":[\"https:\/\/franciscanos.org.br\/noticias\/ame-seu-sacerdocio-o-convite-a-frei-junior-na-sua-primeira-missa.html\"]}]},{\"@type\":\"BreadcrumbList\",\"@id\":\"https:\/\/franciscanos.org.br\/noticias\/ame-seu-sacerdocio-o-convite-a-frei-junior-na-sua-primeira-missa.html#breadcrumb\",\"itemListElement\":[{\"@type\":\"ListItem\",\"position\":1,\"name\":\"Home\",\"item\":\"https:\/\/franciscanos.org.br\/noticias\"},{\"@type\":\"ListItem\",\"position\":2,\"name\":\"\u201cAme seu sacerd\u00f3cio\u201d: o convite a Frei Junior na sua primeira Missa\"}]},{\"@type\":\"Person\",\"@id\":\"https:\/\/franciscanos.org.br\/noticias\/#\/schema\/person\/b5c8cba458c330ccff548b056e95a5d4\",\"name\":\"moacir\",\"image\":{\"@type\":\"ImageObject\",\"inLanguage\":\"pt-BR\",\"@id\":\"https:\/\/franciscanos.org.br\/noticias\/#\/schema\/person\/image\/\",\"url\":\"https:\/\/secure.gravatar.com\/avatar\/d08aa2ce4c8dd416d4479aa8536fcf64?s=96&d=mm&r=g\",\"contentUrl\":\"https:\/\/secure.gravatar.com\/avatar\/d08aa2ce4c8dd416d4479aa8536fcf64?s=96&d=mm&r=g\",\"caption\":\"moacir\"},\"url\":\"https:\/\/franciscanos.org.br\/noticias\/author\/moacir\"}]}<\/script>\n<!-- \/ Yoast SEO plugin. -->","yoast_head_json":{"title":"\u201cAme seu sacerd\u00f3cio\u201d: o convite a Frei Junior na sua primeira Missa - Not\u00edcias - Franciscanos","robots":{"index":"index","follow":"follow","max-snippet":"max-snippet:-1","max-image-preview":"max-image-preview:large","max-video-preview":"max-video-preview:-1"},"canonical":"https:\/\/franciscanos.org.br\/noticias\/ame-seu-sacerdocio-o-convite-a-frei-junior-na-sua-primeira-missa.html","og_locale":"pt_BR","og_type":"article","og_title":"\u201cAme seu sacerd\u00f3cio\u201d: o convite a Frei Junior na sua primeira Missa - Not\u00edcias - Franciscanos","og_description":"Prim\u00edcias de Frei Junior Mendes","og_url":"https:\/\/franciscanos.org.br\/noticias\/ame-seu-sacerdocio-o-convite-a-frei-junior-na-sua-primeira-missa.html","og_site_name":"Not\u00edcias - Franciscanos","article_published_time":"2022-05-15T23:06:41+00:00","article_modified_time":"2022-05-19T17:42:13+00:00","og_image":[{"width":1280,"height":720,"url":"https:\/\/franciscanos.org.br\/noticias\/wp-content\/uploads\/2022\/05\/missa_01.jpg","type":"image\/jpeg"}],"author":"moacir","twitter_card":"summary_large_image","twitter_misc":{"Escrito por":"moacir","Est. tempo de leitura":"4 minutos"},"schema":{"@context":"https:\/\/schema.org","@graph":[{"@type":"WebSite","@id":"https:\/\/franciscanos.org.br\/noticias\/#website","url":"https:\/\/franciscanos.org.br\/noticias\/","name":"Not\u00edcias - Franciscanos","description":"Prov\u00edncia Franciscana da Imaculada Concei\u00e7\u00e3o do Brasil - Ordem dos Frades Menores - OFM","potentialAction":[{"@type":"SearchAction","target":{"@type":"EntryPoint","urlTemplate":"https:\/\/franciscanos.org.br\/noticias\/?s={search_term_string}"},"query-input":"required name=search_term_string"}],"inLanguage":"pt-BR"},{"@type":"ImageObject","inLanguage":"pt-BR","@id":"https:\/\/franciscanos.org.br\/noticias\/ame-seu-sacerdocio-o-convite-a-frei-junior-na-sua-primeira-missa.html#primaryimage","url":"https:\/\/franciscanos.org.br\/noticias\/wp-content\/uploads\/2022\/05\/missa_01.jpg","contentUrl":"https:\/\/franciscanos.org.br\/noticias\/wp-content\/uploads\/2022\/05\/missa_01.jpg","width":1280,"height":720},{"@type":"WebPage","@id":"https:\/\/franciscanos.org.br\/noticias\/ame-seu-sacerdocio-o-convite-a-frei-junior-na-sua-primeira-missa.html#webpage","url":"https:\/\/franciscanos.org.br\/noticias\/ame-seu-sacerdocio-o-convite-a-frei-junior-na-sua-primeira-missa.html","name":"\u201cAme seu sacerd\u00f3cio\u201d: o convite a Frei Junior na sua primeira Missa - Not\u00edcias - Franciscanos","isPartOf":{"@id":"https:\/\/franciscanos.org.br\/noticias\/#website"},"primaryImageOfPage":{"@id":"https:\/\/franciscanos.org.br\/noticias\/ame-seu-sacerdocio-o-convite-a-frei-junior-na-sua-primeira-missa.html#primaryimage"},"datePublished":"2022-05-15T23:06:41+00:00","dateModified":"2022-05-19T17:42:13+00:00","author":{"@id":"https:\/\/franciscanos.org.br\/noticias\/#\/schema\/person\/b5c8cba458c330ccff548b056e95a5d4"},"breadcrumb":{"@id":"https:\/\/franciscanos.org.br\/noticias\/ame-seu-sacerdocio-o-convite-a-frei-junior-na-sua-primeira-missa.html#breadcrumb"},"inLanguage":"pt-BR","potentialAction":[{"@type":"ReadAction","target":["https:\/\/franciscanos.org.br\/noticias\/ame-seu-sacerdocio-o-convite-a-frei-junior-na-sua-primeira-missa.html"]}]},{"@type":"BreadcrumbList","@id":"https:\/\/franciscanos.org.br\/noticias\/ame-seu-sacerdocio-o-convite-a-frei-junior-na-sua-primeira-missa.html#breadcrumb","itemListElement":[{"@type":"ListItem","position":1,"name":"Home","item":"https:\/\/franciscanos.org.br\/noticias"},{"@type":"ListItem","position":2,"name":"\u201cAme seu sacerd\u00f3cio\u201d: o convite a Frei Junior na sua primeira Missa"}]},{"@type":"Person","@id":"https:\/\/franciscanos.org.br\/noticias\/#\/schema\/person\/b5c8cba458c330ccff548b056e95a5d4","name":"moacir","image":{"@type":"ImageObject","inLanguage":"pt-BR","@id":"https:\/\/franciscanos.org.br\/noticias\/#\/schema\/person\/image\/","url":"https:\/\/secure.gravatar.com\/avatar\/d08aa2ce4c8dd416d4479aa8536fcf64?s=96&d=mm&r=g","contentUrl":"https:\/\/secure.gravatar.com\/avatar\/d08aa2ce4c8dd416d4479aa8536fcf64?s=96&d=mm&r=g","caption":"moacir"},"url":"https:\/\/franciscanos.org.br\/noticias\/author\/moacir"}]}},"_links":{"self":[{"href":"https:\/\/franciscanos.org.br\/noticias\/wp-json\/wp\/v2\/posts\/237897"}],"collection":[{"href":"https:\/\/franciscanos.org.br\/noticias\/wp-json\/wp\/v2\/posts"}],"about":[{"href":"https:\/\/franciscanos.org.br\/noticias\/wp-json\/wp\/v2\/types\/post"}],"author":[{"embeddable":true,"href":"https:\/\/franciscanos.org.br\/noticias\/wp-json\/wp\/v2\/users\/3"}],"replies":[{"embeddable":true,"href":"https:\/\/franciscanos.org.br\/noticias\/wp-json\/wp\/v2\/comments?post=237897"}],"version-history":[{"count":2,"href":"https:\/\/franciscanos.org.br\/noticias\/wp-json\/wp\/v2\/posts\/237897\/revisions"}],"predecessor-version":[{"id":237918,"href":"https:\/\/franciscanos.org.br\/noticias\/wp-json\/wp\/v2\/posts\/237897\/revisions\/237918"}],"wp:featuredmedia":[{"embeddable":true,"href":"https:\/\/franciscanos.org.br\/noticias\/wp-json\/wp\/v2\/media\/237898"}],"wp:attachment":[{"href":"https:\/\/franciscanos.org.br\/noticias\/wp-json\/wp\/v2\/media?parent=237897"}],"wp:term":[{"taxonomy":"category","embeddable":true,"href":"https:\/\/franciscanos.org.br\/noticias\/wp-json\/wp\/v2\/categories?post=237897"},{"taxonomy":"post_tag","embeddable":true,"href":"https:\/\/franciscanos.org.br\/noticias\/wp-json\/wp\/v2\/tags?post=237897"}],"curies":[{"name":"wp","href":"https:\/\/api.w.org\/{rel}","templated":true}]}}