{"id":237894,"date":"2022-05-15T07:23:53","date_gmt":"2022-05-15T10:23:53","guid":{"rendered":"https:\/\/franciscanos.org.br\/noticias\/?p=237894"},"modified":"2022-05-15T07:23:53","modified_gmt":"2022-05-15T10:23:53","slug":"livro-de-josue-e-o-escolhido-para-aprofundamento-no-mes-da-biblia-2022","status":"publish","type":"post","link":"https:\/\/franciscanos.org.br\/noticias\/livro-de-josue-e-o-escolhido-para-aprofundamento-no-mes-da-biblia-2022.html","title":{"rendered":"Livro de Josu\u00e9 \u00e9 o escolhido para aprofundamento no M\u00eas da B\u00edblia 2022"},"content":{"rendered":"<p><img loading=\"lazy\" class=\"alignnone size-full wp-image-237895\" src=\"https:\/\/franciscanos.org.br\/noticias\/wp-content\/uploads\/2022\/05\/biblia_1505.jpg\" alt=\"\" width=\"1200\" height=\"688\" srcset=\"https:\/\/franciscanos.org.br\/noticias\/wp-content\/uploads\/2022\/05\/biblia_1505.jpg 1200w, https:\/\/franciscanos.org.br\/noticias\/wp-content\/uploads\/2022\/05\/biblia_1505-450x258.jpg 450w, https:\/\/franciscanos.org.br\/noticias\/wp-content\/uploads\/2022\/05\/biblia_1505-1024x587.jpg 1024w, https:\/\/franciscanos.org.br\/noticias\/wp-content\/uploads\/2022\/05\/biblia_1505-768x440.jpg 768w, https:\/\/franciscanos.org.br\/noticias\/wp-content\/uploads\/2022\/05\/biblia_1505-150x86.jpg 150w\" sizes=\"(max-width: 1200px) 100vw, 1200px\" \/><\/p>\n<p>Todo os anos, por ocasi\u00e3o do M\u00eas da B\u00edblia, a Comiss\u00e3o para a Anima\u00e7\u00e3o B\u00edblico-Catequ\u00e9tica prop\u00f5e um texto de estudo para oportunizar \u201ca mais ampla educa\u00e7\u00e3o b\u00edblica poss\u00edvel\u201d. Em 2022, o livro escolhido \u00e9 o de Josu\u00e9 e o lema b\u00edblico inspirador \u00e9 \u201cO Senhor, teu Deus, estar\u00e1 contigo por onde quer que v\u00e1s\u201d (JS 1,9).<\/p>\n<p>\u201cFoi preciso selecionar aqueles cap\u00edtulos com mais densidade e afinidade tem\u00e1tica para animar a f\u00e9 dos homens e mulheres que hoje contam com a Palavra da Escritura para crer que Deus sempre esteve pr\u00f3ximo dos seus eleitos\u201d, afirma o presidente da Comiss\u00e3o para a Anima\u00e7\u00e3o B\u00edblico-Catequ\u00e9tica, Dom Jos\u00e9 Ant\u00f4nio Peruzzo.<\/p>\n<p>\u201cFa\u00e7o votos de que o estudo do texto-base leve o leitor ao Livro de Josu\u00e9 e perceba que Deus nunca deixa sem respostas as pessoas e comunidades que a Ele se confundem\u201d, finaliza o bispo.<\/p>\n<p>Dividido em duas partes, o texto-base traz uma vis\u00e3o panor\u00e2mica do Livro de Josu\u00e9 e, na sequ\u00eancia, uma reflex\u00e3o sobre quatro textos espec\u00edficos, no Livro de Josu\u00e9. Sua proposta \u00e9, segundo o autor, padre Ant\u00f4nio Carlos Frizzo, aproximar a todos da jornada de Josu\u00e9 pela posse da terra prometida.<\/p>\n<p>O texto-base bem como os encontros b\u00edblicos para o M\u00eas da B\u00edblia j\u00e1 est\u00e3o dispon\u00edveis para venda no site da editora da CNBB, a Edi\u00e7\u00f5es CNBB. Os subs\u00eddios pretendem indicar roteiros celebrativos que conduzir\u00e3o pelos passos do povo de Israel, rumo \u00e0 Terra Prometida.<\/p>\n<p>\u201cTamb\u00e9m n\u00f3s somos chamados ao estudo do Livro de Josu\u00e9, que nos leva a perceber que Deus nunca deixa sem resposta as pessoas e comunidades que a Ele se confiam\u201d, afirma um trecho do texto-base.<\/p>\n<p><strong>O Livro de Josu\u00e9<\/strong><br \/>\nO esfor\u00e7o empreendido pelas tribos israelitas na conquista e ocupa\u00e7\u00e3o das terras \u00e9 tema principal no Livro de Josu\u00e9. O personagem principal de todo o livro \u00e9 Josu\u00e9, termo em hebraico que significa \u201cO Senhor salva\u201d.<\/p>\n<p>O Senhor \u00e9 uma divindade que segundo o texto-base, nos tempos de Josu\u00e9, aparece entre tantas outras divindades, presentes nos cultos das religi\u00f5es polite\u00edstas dos povos vizinhos. Todo o sucesso dos grupos liderados por Josu\u00e9 na conquista e posse da terra est\u00e1 condicionado a realizar a Palavra do seu Deus, sem submeter-se tamb\u00e9m aos cultos estrangeiros.<\/p>\n<p>\u201cN\u00e3o temos d\u00favida que esse livro soa como uma catequese para impulsionar o povo na conquista da terra. O Livro de Josu\u00e9 \u00e9 um aut\u00eantico testemunho de que Deus realiza a promessa feita ao seu povo Israel. Da escravid\u00e3o para a posse da Terra Prometida\u201d, afirma um trecho do texto-base.<\/p>\n<hr \/>\n<p><em>Fonte: CNBB (<a href=\"http:\/\/www.cnbb.org.br\">www.cnbb.org.br<\/a>)<\/em><\/p>\n","protected":false},"excerpt":{"rendered":"<p>M\u00eas da B\u00edblia 2022<\/p>\n","protected":false},"author":3,"featured_media":237895,"comment_status":"open","ping_status":"open","sticky":false,"template":"","format":"standard","meta":[],"categories":[1],"tags":[2016],"acf":[],"yoast_head":"<!-- This site is optimized with the Yoast SEO plugin v19.2 - https:\/\/yoast.com\/wordpress\/plugins\/seo\/ -->\n<title>Livro de Josu\u00e9 \u00e9 o escolhido para aprofundamento no M\u00eas da B\u00edblia 2022 - Not\u00edcias - Franciscanos<\/title>\n<meta name=\"robots\" content=\"index, follow, max-snippet:-1, max-image-preview:large, max-video-preview:-1\" \/>\n<link rel=\"canonical\" href=\"https:\/\/franciscanos.org.br\/noticias\/livro-de-josue-e-o-escolhido-para-aprofundamento-no-mes-da-biblia-2022.html\" \/>\n<meta property=\"og:locale\" content=\"pt_BR\" \/>\n<meta property=\"og:type\" content=\"article\" \/>\n<meta property=\"og:title\" content=\"Livro de Josu\u00e9 \u00e9 o escolhido para aprofundamento no M\u00eas da B\u00edblia 2022 - Not\u00edcias - Franciscanos\" \/>\n<meta property=\"og:description\" content=\"M\u00eas da B\u00edblia 2022\" \/>\n<meta property=\"og:url\" content=\"https:\/\/franciscanos.org.br\/noticias\/livro-de-josue-e-o-escolhido-para-aprofundamento-no-mes-da-biblia-2022.html\" \/>\n<meta property=\"og:site_name\" content=\"Not\u00edcias - Franciscanos\" \/>\n<meta property=\"article:published_time\" content=\"2022-05-15T10:23:53+00:00\" \/>\n<meta property=\"og:image\" content=\"https:\/\/franciscanos.org.br\/noticias\/wp-content\/uploads\/2022\/05\/biblia_1505.jpg\" \/>\n\t<meta property=\"og:image:width\" content=\"1200\" \/>\n\t<meta property=\"og:image:height\" content=\"688\" \/>\n\t<meta property=\"og:image:type\" content=\"image\/jpeg\" \/>\n<meta name=\"author\" content=\"moacir\" \/>\n<meta name=\"twitter:card\" content=\"summary_large_image\" \/>\n<meta name=\"twitter:label1\" content=\"Escrito por\" \/>\n\t<meta name=\"twitter:data1\" content=\"moacir\" \/>\n\t<meta name=\"twitter:label2\" content=\"Est. tempo de leitura\" \/>\n\t<meta name=\"twitter:data2\" content=\"2 minutos\" \/>\n<script type=\"application\/ld+json\" class=\"yoast-schema-graph\">{\"@context\":\"https:\/\/schema.org\",\"@graph\":[{\"@type\":\"WebSite\",\"@id\":\"https:\/\/franciscanos.org.br\/noticias\/#website\",\"url\":\"https:\/\/franciscanos.org.br\/noticias\/\",\"name\":\"Not\u00edcias - Franciscanos\",\"description\":\"Prov\u00edncia Franciscana da Imaculada Concei\u00e7\u00e3o do Brasil - Ordem dos Frades Menores - OFM\",\"potentialAction\":[{\"@type\":\"SearchAction\",\"target\":{\"@type\":\"EntryPoint\",\"urlTemplate\":\"https:\/\/franciscanos.org.br\/noticias\/?s={search_term_string}\"},\"query-input\":\"required name=search_term_string\"}],\"inLanguage\":\"pt-BR\"},{\"@type\":\"ImageObject\",\"inLanguage\":\"pt-BR\",\"@id\":\"https:\/\/franciscanos.org.br\/noticias\/livro-de-josue-e-o-escolhido-para-aprofundamento-no-mes-da-biblia-2022.html#primaryimage\",\"url\":\"https:\/\/franciscanos.org.br\/noticias\/wp-content\/uploads\/2022\/05\/biblia_1505.jpg\",\"contentUrl\":\"https:\/\/franciscanos.org.br\/noticias\/wp-content\/uploads\/2022\/05\/biblia_1505.jpg\",\"width\":1200,\"height\":688},{\"@type\":\"WebPage\",\"@id\":\"https:\/\/franciscanos.org.br\/noticias\/livro-de-josue-e-o-escolhido-para-aprofundamento-no-mes-da-biblia-2022.html#webpage\",\"url\":\"https:\/\/franciscanos.org.br\/noticias\/livro-de-josue-e-o-escolhido-para-aprofundamento-no-mes-da-biblia-2022.html\",\"name\":\"Livro de Josu\u00e9 \u00e9 o escolhido para aprofundamento no M\u00eas da B\u00edblia 2022 - Not\u00edcias - Franciscanos\",\"isPartOf\":{\"@id\":\"https:\/\/franciscanos.org.br\/noticias\/#website\"},\"primaryImageOfPage\":{\"@id\":\"https:\/\/franciscanos.org.br\/noticias\/livro-de-josue-e-o-escolhido-para-aprofundamento-no-mes-da-biblia-2022.html#primaryimage\"},\"datePublished\":\"2022-05-15T10:23:53+00:00\",\"dateModified\":\"2022-05-15T10:23:53+00:00\",\"author\":{\"@id\":\"https:\/\/franciscanos.org.br\/noticias\/#\/schema\/person\/b5c8cba458c330ccff548b056e95a5d4\"},\"breadcrumb\":{\"@id\":\"https:\/\/franciscanos.org.br\/noticias\/livro-de-josue-e-o-escolhido-para-aprofundamento-no-mes-da-biblia-2022.html#breadcrumb\"},\"inLanguage\":\"pt-BR\",\"potentialAction\":[{\"@type\":\"ReadAction\",\"target\":[\"https:\/\/franciscanos.org.br\/noticias\/livro-de-josue-e-o-escolhido-para-aprofundamento-no-mes-da-biblia-2022.html\"]}]},{\"@type\":\"BreadcrumbList\",\"@id\":\"https:\/\/franciscanos.org.br\/noticias\/livro-de-josue-e-o-escolhido-para-aprofundamento-no-mes-da-biblia-2022.html#breadcrumb\",\"itemListElement\":[{\"@type\":\"ListItem\",\"position\":1,\"name\":\"Home\",\"item\":\"https:\/\/franciscanos.org.br\/noticias\"},{\"@type\":\"ListItem\",\"position\":2,\"name\":\"Livro de Josu\u00e9 \u00e9 o escolhido para aprofundamento no M\u00eas da B\u00edblia 2022\"}]},{\"@type\":\"Person\",\"@id\":\"https:\/\/franciscanos.org.br\/noticias\/#\/schema\/person\/b5c8cba458c330ccff548b056e95a5d4\",\"name\":\"moacir\",\"image\":{\"@type\":\"ImageObject\",\"inLanguage\":\"pt-BR\",\"@id\":\"https:\/\/franciscanos.org.br\/noticias\/#\/schema\/person\/image\/\",\"url\":\"https:\/\/secure.gravatar.com\/avatar\/d08aa2ce4c8dd416d4479aa8536fcf64?s=96&d=mm&r=g\",\"contentUrl\":\"https:\/\/secure.gravatar.com\/avatar\/d08aa2ce4c8dd416d4479aa8536fcf64?s=96&d=mm&r=g\",\"caption\":\"moacir\"},\"url\":\"https:\/\/franciscanos.org.br\/noticias\/author\/moacir\"}]}<\/script>\n<!-- \/ Yoast SEO plugin. -->","yoast_head_json":{"title":"Livro de Josu\u00e9 \u00e9 o escolhido para aprofundamento no M\u00eas da B\u00edblia 2022 - Not\u00edcias - Franciscanos","robots":{"index":"index","follow":"follow","max-snippet":"max-snippet:-1","max-image-preview":"max-image-preview:large","max-video-preview":"max-video-preview:-1"},"canonical":"https:\/\/franciscanos.org.br\/noticias\/livro-de-josue-e-o-escolhido-para-aprofundamento-no-mes-da-biblia-2022.html","og_locale":"pt_BR","og_type":"article","og_title":"Livro de Josu\u00e9 \u00e9 o escolhido para aprofundamento no M\u00eas da B\u00edblia 2022 - Not\u00edcias - Franciscanos","og_description":"M\u00eas da B\u00edblia 2022","og_url":"https:\/\/franciscanos.org.br\/noticias\/livro-de-josue-e-o-escolhido-para-aprofundamento-no-mes-da-biblia-2022.html","og_site_name":"Not\u00edcias - Franciscanos","article_published_time":"2022-05-15T10:23:53+00:00","og_image":[{"width":1200,"height":688,"url":"https:\/\/franciscanos.org.br\/noticias\/wp-content\/uploads\/2022\/05\/biblia_1505.jpg","type":"image\/jpeg"}],"author":"moacir","twitter_card":"summary_large_image","twitter_misc":{"Escrito por":"moacir","Est. tempo de leitura":"2 minutos"},"schema":{"@context":"https:\/\/schema.org","@graph":[{"@type":"WebSite","@id":"https:\/\/franciscanos.org.br\/noticias\/#website","url":"https:\/\/franciscanos.org.br\/noticias\/","name":"Not\u00edcias - Franciscanos","description":"Prov\u00edncia Franciscana da Imaculada Concei\u00e7\u00e3o do Brasil - Ordem dos Frades Menores - OFM","potentialAction":[{"@type":"SearchAction","target":{"@type":"EntryPoint","urlTemplate":"https:\/\/franciscanos.org.br\/noticias\/?s={search_term_string}"},"query-input":"required name=search_term_string"}],"inLanguage":"pt-BR"},{"@type":"ImageObject","inLanguage":"pt-BR","@id":"https:\/\/franciscanos.org.br\/noticias\/livro-de-josue-e-o-escolhido-para-aprofundamento-no-mes-da-biblia-2022.html#primaryimage","url":"https:\/\/franciscanos.org.br\/noticias\/wp-content\/uploads\/2022\/05\/biblia_1505.jpg","contentUrl":"https:\/\/franciscanos.org.br\/noticias\/wp-content\/uploads\/2022\/05\/biblia_1505.jpg","width":1200,"height":688},{"@type":"WebPage","@id":"https:\/\/franciscanos.org.br\/noticias\/livro-de-josue-e-o-escolhido-para-aprofundamento-no-mes-da-biblia-2022.html#webpage","url":"https:\/\/franciscanos.org.br\/noticias\/livro-de-josue-e-o-escolhido-para-aprofundamento-no-mes-da-biblia-2022.html","name":"Livro de Josu\u00e9 \u00e9 o escolhido para aprofundamento no M\u00eas da B\u00edblia 2022 - Not\u00edcias - Franciscanos","isPartOf":{"@id":"https:\/\/franciscanos.org.br\/noticias\/#website"},"primaryImageOfPage":{"@id":"https:\/\/franciscanos.org.br\/noticias\/livro-de-josue-e-o-escolhido-para-aprofundamento-no-mes-da-biblia-2022.html#primaryimage"},"datePublished":"2022-05-15T10:23:53+00:00","dateModified":"2022-05-15T10:23:53+00:00","author":{"@id":"https:\/\/franciscanos.org.br\/noticias\/#\/schema\/person\/b5c8cba458c330ccff548b056e95a5d4"},"breadcrumb":{"@id":"https:\/\/franciscanos.org.br\/noticias\/livro-de-josue-e-o-escolhido-para-aprofundamento-no-mes-da-biblia-2022.html#breadcrumb"},"inLanguage":"pt-BR","potentialAction":[{"@type":"ReadAction","target":["https:\/\/franciscanos.org.br\/noticias\/livro-de-josue-e-o-escolhido-para-aprofundamento-no-mes-da-biblia-2022.html"]}]},{"@type":"BreadcrumbList","@id":"https:\/\/franciscanos.org.br\/noticias\/livro-de-josue-e-o-escolhido-para-aprofundamento-no-mes-da-biblia-2022.html#breadcrumb","itemListElement":[{"@type":"ListItem","position":1,"name":"Home","item":"https:\/\/franciscanos.org.br\/noticias"},{"@type":"ListItem","position":2,"name":"Livro de Josu\u00e9 \u00e9 o escolhido para aprofundamento no M\u00eas da B\u00edblia 2022"}]},{"@type":"Person","@id":"https:\/\/franciscanos.org.br\/noticias\/#\/schema\/person\/b5c8cba458c330ccff548b056e95a5d4","name":"moacir","image":{"@type":"ImageObject","inLanguage":"pt-BR","@id":"https:\/\/franciscanos.org.br\/noticias\/#\/schema\/person\/image\/","url":"https:\/\/secure.gravatar.com\/avatar\/d08aa2ce4c8dd416d4479aa8536fcf64?s=96&d=mm&r=g","contentUrl":"https:\/\/secure.gravatar.com\/avatar\/d08aa2ce4c8dd416d4479aa8536fcf64?s=96&d=mm&r=g","caption":"moacir"},"url":"https:\/\/franciscanos.org.br\/noticias\/author\/moacir"}]}},"_links":{"self":[{"href":"https:\/\/franciscanos.org.br\/noticias\/wp-json\/wp\/v2\/posts\/237894"}],"collection":[{"href":"https:\/\/franciscanos.org.br\/noticias\/wp-json\/wp\/v2\/posts"}],"about":[{"href":"https:\/\/franciscanos.org.br\/noticias\/wp-json\/wp\/v2\/types\/post"}],"author":[{"embeddable":true,"href":"https:\/\/franciscanos.org.br\/noticias\/wp-json\/wp\/v2\/users\/3"}],"replies":[{"embeddable":true,"href":"https:\/\/franciscanos.org.br\/noticias\/wp-json\/wp\/v2\/comments?post=237894"}],"version-history":[{"count":1,"href":"https:\/\/franciscanos.org.br\/noticias\/wp-json\/wp\/v2\/posts\/237894\/revisions"}],"predecessor-version":[{"id":237896,"href":"https:\/\/franciscanos.org.br\/noticias\/wp-json\/wp\/v2\/posts\/237894\/revisions\/237896"}],"wp:featuredmedia":[{"embeddable":true,"href":"https:\/\/franciscanos.org.br\/noticias\/wp-json\/wp\/v2\/media\/237895"}],"wp:attachment":[{"href":"https:\/\/franciscanos.org.br\/noticias\/wp-json\/wp\/v2\/media?parent=237894"}],"wp:term":[{"taxonomy":"category","embeddable":true,"href":"https:\/\/franciscanos.org.br\/noticias\/wp-json\/wp\/v2\/categories?post=237894"},{"taxonomy":"post_tag","embeddable":true,"href":"https:\/\/franciscanos.org.br\/noticias\/wp-json\/wp\/v2\/tags?post=237894"}],"curies":[{"name":"wp","href":"https:\/\/api.w.org\/{rel}","templated":true}]}}