{"id":237889,"date":"2022-05-15T06:50:18","date_gmt":"2022-05-15T09:50:18","guid":{"rendered":"https:\/\/franciscanos.org.br\/noticias\/?p=237889"},"modified":"2022-05-15T06:51:17","modified_gmt":"2022-05-15T09:51:17","slug":"papa-vivamos-as-tarefas-de-cada-dia-em-espirito-de-servico","status":"publish","type":"post","link":"https:\/\/franciscanos.org.br\/noticias\/papa-vivamos-as-tarefas-de-cada-dia-em-espirito-de-servico.html","title":{"rendered":"Papa: vivamos as tarefas de cada dia em esp\u00edrito de servi\u00e7o"},"content":{"rendered":"<div id=\"attachment_237890\" style=\"width: 1510px\" class=\"wp-caption alignnone\"><img aria-describedby=\"caption-attachment-237890\" loading=\"lazy\" class=\"wp-image-237890 size-full\" src=\"https:\/\/franciscanos.org.br\/noticias\/wp-content\/uploads\/2022\/05\/missa_canoniza.jpeg\" alt=\"\" width=\"1500\" height=\"844\" srcset=\"https:\/\/franciscanos.org.br\/noticias\/wp-content\/uploads\/2022\/05\/missa_canoniza.jpeg 1500w, https:\/\/franciscanos.org.br\/noticias\/wp-content\/uploads\/2022\/05\/missa_canoniza-450x253.jpeg 450w, https:\/\/franciscanos.org.br\/noticias\/wp-content\/uploads\/2022\/05\/missa_canoniza-1024x576.jpeg 1024w, https:\/\/franciscanos.org.br\/noticias\/wp-content\/uploads\/2022\/05\/missa_canoniza-768x432.jpeg 768w, https:\/\/franciscanos.org.br\/noticias\/wp-content\/uploads\/2022\/05\/missa_canoniza-150x84.jpeg 150w\" sizes=\"(max-width: 1500px) 100vw, 1500px\" \/><p id=\"caption-attachment-237890\" class=\"wp-caption-text\"><em>\u00a0 \u00a0 \u00a0 \u00a0 \u00a0 \u00a0 \u00a0 \u00a0 \u00a0 \u00a0 \u00a0 \u00a0 \u00a0 \u00a0 \u00a0 \u00a0 \u00a0 \u00a0 \u00a0 \u00a0 \u00a0 \u00a0 \u00a0 \u00a0 \u00a0 \u00a0 \u00a0 \u00a0 \u00a0 \u00a0 \u00a0 \u00a0 \u00a0 \u00a0 \u00a0 \u00a0 \u00a0 \u00a0 \u00a0 \u00a0 \u00a0 \u00a0 \u00a0 \u00a0 \u00a0 \u00a0 \u00a0 \u00a0 \u00a0 \u00a0 \u00a0 \u00a0 \u00a0 \u00a0 \u00a0 \u00a0 \u00a0 \u00a0 \u00a0 \u00a0 \u00a0 \u00a0 \u00a0 \u00a0 \u00a0 \u00a0 \u00a0 \u00a0 \u00a0 \u00a0Imagem: Vatican Media<\/em><\/p><\/div>\n<p>O Papa Francisco canonizou dez novos santos durante a missa celebrada na manh\u00e3 deste domingo (15\/05), na Pra\u00e7a S\u00e3o Pedro. Dentre os novos santos est\u00e3o o carmelita Tito Brandsma, Maria Rivier e Charles de Foucauld.<\/p>\n<p>\u00abAssim como Eu vos amei, amai-vos tamb\u00e9m v\u00f3s uns aos outros\u00bb. Com estas palavras Jesus diz aos seus disc\u00edpulos o que significa ser crist\u00e3o. &#8220;Este \u00e9 o testamento que Cristo nos deixou, o crit\u00e9rio fundamental para discernir se somos verdadeiramente seus disc\u00edpulos ou n\u00e3o: o mandamento do amor&#8221;, disse o Papa em sua homilia.<\/p>\n<p>A seguir, Francisco refletiu sobres os dois elementos essenciais deste mandamento: o amor de Jesus por n\u00f3s, \u00abassim como Eu vos amei\u00bb, e o amor que Ele nos pede para viver, \u00abamai-vos tamb\u00e9m v\u00f3s uns aos outros\u00bb.<\/p>\n<p>Primeiro ponto: \u00abAssim como Eu vos amei\u00bb. &#8220;E como nos amou Jesus?&#8221;, perguntou o Papa. &#8220;At\u00e9 o fim, at\u00e9 o dom total de si mesmo&#8221;, respondeu o Pont\u00edfice. Segundo o Papa, &#8220;causa impress\u00e3o v\u00ea-Lo pronunciar estas palavras numa noite tenebrosa, enquanto se respira no Cen\u00e1culo um ambiente denso de como\u00e7\u00e3o e turbamento: como\u00e7\u00e3o, porque o Mestre est\u00e1 prestes a despedir-se dos seus disc\u00edpulos; turbamento, porque anuncia que ser\u00e1 precisamente um deles a tra\u00ed-Lo. Podemos imaginar a tristeza que havia no \u00edntimo de Jesus, a escurid\u00e3o que se adensava no cora\u00e7\u00e3o dos ap\u00f3stolos, a amargura vivida ao ver que Judas, depois de receber o bocado de p\u00e3o ensopado para ele pelo Mestre, sa\u00eda da sala para adentrar-se na noite da trai\u00e7\u00e3o. \u00c9 justamente na hora da trai\u00e7\u00e3o que Jesus confirma o amor pelos seus. Com efeito, nas trevas e tempestades da vida, o essencial \u00e9 isto: Deus nos ama&#8221;, sublinhou Francisco.<\/p>\n<p>\u00abN\u00e3o fomos n\u00f3s que amamos a Deus, mas foi Ele mesmo que nos amou\u00bb. Que este an\u00fancio &#8220;seja sempre central na profiss\u00e3o da nossa f\u00e9 e nas suas express\u00f5es&#8221;, disse Francisco, acrescentando: &#8220;Nunca nos esque\u00e7amos disto! No centro, n\u00e3o est\u00e1 a nossa capacidade nem os nossos m\u00e9ritos, mas o amor incondicional e gratuito de Deus, que n\u00e3o merecemos. No in\u00edcio do nosso ser crist\u00e3o, n\u00e3o est\u00e3o as doutrinas e as obras, mas a maravilha de descobrir que se \u00e9 amado, antes de qualquer resposta nossa. Enquanto o mundo quer muitas vezes convencer-nos de que s\u00f3 temos valor se produzirmos resultados, o Evangelho nos lembra a verdade da vida: somos amados. Assim escreveu um mestre espiritual do nosso tempo: \u00abAinda antes que nos visse qualquer ser humano, fomos vistos pelos olhos amorosos de Deus. Ainda antes que algu\u00e9m nos ouvisse chorar ou rir, fomos escutados pelo nosso Deus que \u00e9 todo ouvidos para n\u00f3s. Ainda antes que algu\u00e9m neste mundo nos falasse, j\u00e1 nos falava a voz do amor eterno\u00bb.<\/p>\n<p>Segundo o Papa, &#8220;esta verdade nos pede uma convers\u00e3o da ideia de santidade que frequentemente possu\u00edmos. \u00c0s vezes, insistindo muito sobre o nosso esfor\u00e7o para praticar boas obras, criamos um ideal de santidade demasiado fundado em n\u00f3s mesmos, no hero\u00edsmo pessoal, na capacidade de ren\u00fancia, nos sacrif\u00edcios feitos para se conquistar um pr\u00eamio.<\/p>\n<p>Deste modo fizemos da santidade uma meta inacess\u00edvel, separamo-la da vida de todos os dias, em vez de a procurar e abra\u00e7ar na exist\u00eancia quotidiana, no p\u00f3 da estrada, nas afli\u00e7\u00f5es da vida concreta e, como dizia Santa Teresa de \u00c1vila \u00e0s suas irm\u00e3s, \u00abentre as panelas da cozinha\u00bb. Ser disc\u00edpulo de Jesus e caminhar pela via da santidade \u00e9, primeiramente, deixar-se transfigurar pela for\u00e7a do amor de Deus. N\u00e3o esque\u00e7amos o primado de Deus sobre o pr\u00f3prio eu, do Esp\u00edrito sobre a carne, da gra\u00e7a sobre as obras&#8221;.<\/p>\n<p>&#8220;O amor que recebemos do Senhor \u00e9 a for\u00e7a que transforma a nossa vida: dilata-nos o cora\u00e7\u00e3o e predisp\u00f5e-nos a amar. Por isso, e passamos ao segundo ponto, Jesus diz \u00abassim como Eu vos amei, amai-vos tamb\u00e9m v\u00f3s uns aos outros\u00bb. Este \u00abassim como\u00bb n\u00e3o \u00e9 apenas um convite a imitar o amor de Jesus; mas significa que s\u00f3 podemos amar porque Ele nos amou, porque d\u00e1 aos nossos cora\u00e7\u00f5es o seu pr\u00f3prio Esp\u00edrito, Esp\u00edrito de santidade, amor que nos cura e transforma. Por isso podemos decidir-nos a praticar gestos de amor em toda a situa\u00e7\u00e3o e com cada irm\u00e3o e irm\u00e3 que encontramos&#8221;, disse ainda o Pont\u00edfice.<\/p>\n<p>&#8220;E que significa, concretamente, viver este amor?&#8221;, perguntou o Papa. &#8220;Antes de nos deixar este mandamento, Jesus lavou os p\u00e9s aos disc\u00edpulos; depois de o ter pronunciado, entregou-se no madeiro da cruz&#8221;, disse Francisco, acrescentando: &#8220;Amar significa isto: servir e dar a vida. Servir, isto \u00e9, n\u00e3o colocar os pr\u00f3prios interesses em primeiro lugar; desintoxicar-se dos venenos da gan\u00e2ncia e da preemin\u00eancia; combater o c\u00e2ncer da indiferen\u00e7a e o caruncho da autorreferencialidade, partilhar os carismas e os dons que Deus nos concedeu. Perguntando-nos o que fazemos de concreto pelos outros, vivamos as tarefas de cada dia em esp\u00edrito de servi\u00e7o, com amor e sem alarde, sem nada reivindicar&#8221;.<\/p>\n<p>&#8220;Primeiro servir, depois dar a vida&#8221;, sublinhou o Papa. &#8220;Aqui n\u00e3o se trata s\u00f3 de oferecer aos outros qualquer coisa, alguns bens pr\u00f3prios, mas dar-se a si mesmo.&#8221;<\/p>\n<p>\u00c9 sair do ego\u00edsmo para fazer da exist\u00eancia uma d\u00e1diva, estar atento \u00e0s necessidades de quem caminha ao nosso lado, gastar-nos por quem precisa, mesmo que seja apenas ouvir a pessoa, dedicar-lhe um pouco de tempo, fazer-lhe um telefonema. A santidade n\u00e3o se faz de alguns gestos heroicos, mas de muito amor di\u00e1rio.<\/p>\n<p>Somos chamados a &#8220;servir o Evangelho e os irm\u00e3os&#8221;, a oferecer a nossa vida &#8220;sem retribui\u00e7\u00e3o, sem buscar nenhuma gl\u00f3ria mundana, mas escondido humildemente como Jesus&#8221;.<\/p>\n<p>Os nossos companheiros de viagem, hoje canonizados, viveram assim a santidade: abra\u00e7ando com entusiasmo a sua voca\u00e7\u00e3o, de sacerdote, de consagrada, de leigo, gastaram-se pelo Evangelho, descobriram uma alegria que n\u00e3o tem compara\u00e7\u00e3o e tornaram-se reflexos luminosos do Senhor na hist\u00f3ria. Tentemos faz\u00ea-lo tamb\u00e9m n\u00f3s, porque cada um de n\u00f3s \u00e9 chamado \u00e0 santidade, a uma santidade \u00fanica e irrepet\u00edvel. Sim, o Senhor tem um projeto de amor para cada um, tem um sonho para a sua vida. Acolhe-o. E realiza-o com alegria.<\/p>\n<p>Foram canonizados os Beatos: Titus Brandsma; L\u00e1zaro dito Devasahayam; C\u00e9sar de Bus; Luigi Maria Palazzolo; Giustino Maria Russolillo; Charles de Foucauld; Maria Rivier; Maria Francesca di Ges\u00f9 Rubatto; Maria di Ges\u00f9 Santocanale; Maria Domenica Mantovani.<\/p>\n<hr \/>\n<p><em>Fonte: Vatican News (texto de Mariangela Jaguraba)<\/em><\/p>\n","protected":false},"excerpt":{"rendered":"<p>Missa de Canoniza\u00e7\u00e3o de 10 Beatos<\/p>\n","protected":false},"author":3,"featured_media":237890,"comment_status":"open","ping_status":"open","sticky":false,"template":"","format":"standard","meta":[],"categories":[1428],"tags":[1935],"acf":[],"yoast_head":"<!-- This site is optimized with the Yoast SEO plugin v19.2 - https:\/\/yoast.com\/wordpress\/plugins\/seo\/ -->\n<title>Papa: vivamos as tarefas de cada dia em esp\u00edrito de servi\u00e7o - Not\u00edcias - Franciscanos<\/title>\n<meta name=\"robots\" content=\"index, follow, max-snippet:-1, max-image-preview:large, max-video-preview:-1\" \/>\n<link rel=\"canonical\" href=\"https:\/\/franciscanos.org.br\/noticias\/papa-vivamos-as-tarefas-de-cada-dia-em-espirito-de-servico.html\" \/>\n<meta property=\"og:locale\" content=\"pt_BR\" \/>\n<meta property=\"og:type\" content=\"article\" \/>\n<meta property=\"og:title\" content=\"Papa: vivamos as tarefas de cada dia em esp\u00edrito de servi\u00e7o - Not\u00edcias - Franciscanos\" \/>\n<meta property=\"og:description\" content=\"Missa de Canoniza\u00e7\u00e3o de 10 Beatos\" \/>\n<meta property=\"og:url\" content=\"https:\/\/franciscanos.org.br\/noticias\/papa-vivamos-as-tarefas-de-cada-dia-em-espirito-de-servico.html\" \/>\n<meta property=\"og:site_name\" content=\"Not\u00edcias - Franciscanos\" \/>\n<meta property=\"article:published_time\" content=\"2022-05-15T09:50:18+00:00\" \/>\n<meta property=\"article:modified_time\" content=\"2022-05-15T09:51:17+00:00\" \/>\n<meta property=\"og:image\" content=\"https:\/\/franciscanos.org.br\/noticias\/wp-content\/uploads\/2022\/05\/missa_canoniza.jpeg\" \/>\n\t<meta property=\"og:image:width\" content=\"1500\" \/>\n\t<meta property=\"og:image:height\" content=\"844\" \/>\n\t<meta property=\"og:image:type\" content=\"image\/jpeg\" \/>\n<meta name=\"author\" content=\"moacir\" \/>\n<meta name=\"twitter:card\" content=\"summary_large_image\" \/>\n<meta name=\"twitter:label1\" content=\"Escrito por\" \/>\n\t<meta name=\"twitter:data1\" content=\"moacir\" \/>\n\t<meta name=\"twitter:label2\" content=\"Est. tempo de leitura\" \/>\n\t<meta name=\"twitter:data2\" content=\"6 minutos\" \/>\n<script type=\"application\/ld+json\" class=\"yoast-schema-graph\">{\"@context\":\"https:\/\/schema.org\",\"@graph\":[{\"@type\":\"WebSite\",\"@id\":\"https:\/\/franciscanos.org.br\/noticias\/#website\",\"url\":\"https:\/\/franciscanos.org.br\/noticias\/\",\"name\":\"Not\u00edcias - Franciscanos\",\"description\":\"Prov\u00edncia Franciscana da Imaculada Concei\u00e7\u00e3o do Brasil - Ordem dos Frades Menores - OFM\",\"potentialAction\":[{\"@type\":\"SearchAction\",\"target\":{\"@type\":\"EntryPoint\",\"urlTemplate\":\"https:\/\/franciscanos.org.br\/noticias\/?s={search_term_string}\"},\"query-input\":\"required name=search_term_string\"}],\"inLanguage\":\"pt-BR\"},{\"@type\":\"ImageObject\",\"inLanguage\":\"pt-BR\",\"@id\":\"https:\/\/franciscanos.org.br\/noticias\/papa-vivamos-as-tarefas-de-cada-dia-em-espirito-de-servico.html#primaryimage\",\"url\":\"https:\/\/franciscanos.org.br\/noticias\/wp-content\/uploads\/2022\/05\/missa_canoniza.jpeg\",\"contentUrl\":\"https:\/\/franciscanos.org.br\/noticias\/wp-content\/uploads\/2022\/05\/missa_canoniza.jpeg\",\"width\":1500,\"height\":844},{\"@type\":\"WebPage\",\"@id\":\"https:\/\/franciscanos.org.br\/noticias\/papa-vivamos-as-tarefas-de-cada-dia-em-espirito-de-servico.html#webpage\",\"url\":\"https:\/\/franciscanos.org.br\/noticias\/papa-vivamos-as-tarefas-de-cada-dia-em-espirito-de-servico.html\",\"name\":\"Papa: vivamos as tarefas de cada dia em esp\u00edrito de servi\u00e7o - Not\u00edcias - Franciscanos\",\"isPartOf\":{\"@id\":\"https:\/\/franciscanos.org.br\/noticias\/#website\"},\"primaryImageOfPage\":{\"@id\":\"https:\/\/franciscanos.org.br\/noticias\/papa-vivamos-as-tarefas-de-cada-dia-em-espirito-de-servico.html#primaryimage\"},\"datePublished\":\"2022-05-15T09:50:18+00:00\",\"dateModified\":\"2022-05-15T09:51:17+00:00\",\"author\":{\"@id\":\"https:\/\/franciscanos.org.br\/noticias\/#\/schema\/person\/b5c8cba458c330ccff548b056e95a5d4\"},\"breadcrumb\":{\"@id\":\"https:\/\/franciscanos.org.br\/noticias\/papa-vivamos-as-tarefas-de-cada-dia-em-espirito-de-servico.html#breadcrumb\"},\"inLanguage\":\"pt-BR\",\"potentialAction\":[{\"@type\":\"ReadAction\",\"target\":[\"https:\/\/franciscanos.org.br\/noticias\/papa-vivamos-as-tarefas-de-cada-dia-em-espirito-de-servico.html\"]}]},{\"@type\":\"BreadcrumbList\",\"@id\":\"https:\/\/franciscanos.org.br\/noticias\/papa-vivamos-as-tarefas-de-cada-dia-em-espirito-de-servico.html#breadcrumb\",\"itemListElement\":[{\"@type\":\"ListItem\",\"position\":1,\"name\":\"Home\",\"item\":\"https:\/\/franciscanos.org.br\/noticias\"},{\"@type\":\"ListItem\",\"position\":2,\"name\":\"Papa: vivamos as tarefas de cada dia em esp\u00edrito de servi\u00e7o\"}]},{\"@type\":\"Person\",\"@id\":\"https:\/\/franciscanos.org.br\/noticias\/#\/schema\/person\/b5c8cba458c330ccff548b056e95a5d4\",\"name\":\"moacir\",\"image\":{\"@type\":\"ImageObject\",\"inLanguage\":\"pt-BR\",\"@id\":\"https:\/\/franciscanos.org.br\/noticias\/#\/schema\/person\/image\/\",\"url\":\"https:\/\/secure.gravatar.com\/avatar\/d08aa2ce4c8dd416d4479aa8536fcf64?s=96&d=mm&r=g\",\"contentUrl\":\"https:\/\/secure.gravatar.com\/avatar\/d08aa2ce4c8dd416d4479aa8536fcf64?s=96&d=mm&r=g\",\"caption\":\"moacir\"},\"url\":\"https:\/\/franciscanos.org.br\/noticias\/author\/moacir\"}]}<\/script>\n<!-- \/ Yoast SEO plugin. -->","yoast_head_json":{"title":"Papa: vivamos as tarefas de cada dia em esp\u00edrito de servi\u00e7o - Not\u00edcias - Franciscanos","robots":{"index":"index","follow":"follow","max-snippet":"max-snippet:-1","max-image-preview":"max-image-preview:large","max-video-preview":"max-video-preview:-1"},"canonical":"https:\/\/franciscanos.org.br\/noticias\/papa-vivamos-as-tarefas-de-cada-dia-em-espirito-de-servico.html","og_locale":"pt_BR","og_type":"article","og_title":"Papa: vivamos as tarefas de cada dia em esp\u00edrito de servi\u00e7o - Not\u00edcias - Franciscanos","og_description":"Missa de Canoniza\u00e7\u00e3o de 10 Beatos","og_url":"https:\/\/franciscanos.org.br\/noticias\/papa-vivamos-as-tarefas-de-cada-dia-em-espirito-de-servico.html","og_site_name":"Not\u00edcias - Franciscanos","article_published_time":"2022-05-15T09:50:18+00:00","article_modified_time":"2022-05-15T09:51:17+00:00","og_image":[{"width":1500,"height":844,"url":"https:\/\/franciscanos.org.br\/noticias\/wp-content\/uploads\/2022\/05\/missa_canoniza.jpeg","type":"image\/jpeg"}],"author":"moacir","twitter_card":"summary_large_image","twitter_misc":{"Escrito por":"moacir","Est. tempo de leitura":"6 minutos"},"schema":{"@context":"https:\/\/schema.org","@graph":[{"@type":"WebSite","@id":"https:\/\/franciscanos.org.br\/noticias\/#website","url":"https:\/\/franciscanos.org.br\/noticias\/","name":"Not\u00edcias - Franciscanos","description":"Prov\u00edncia Franciscana da Imaculada Concei\u00e7\u00e3o do Brasil - Ordem dos Frades Menores - OFM","potentialAction":[{"@type":"SearchAction","target":{"@type":"EntryPoint","urlTemplate":"https:\/\/franciscanos.org.br\/noticias\/?s={search_term_string}"},"query-input":"required name=search_term_string"}],"inLanguage":"pt-BR"},{"@type":"ImageObject","inLanguage":"pt-BR","@id":"https:\/\/franciscanos.org.br\/noticias\/papa-vivamos-as-tarefas-de-cada-dia-em-espirito-de-servico.html#primaryimage","url":"https:\/\/franciscanos.org.br\/noticias\/wp-content\/uploads\/2022\/05\/missa_canoniza.jpeg","contentUrl":"https:\/\/franciscanos.org.br\/noticias\/wp-content\/uploads\/2022\/05\/missa_canoniza.jpeg","width":1500,"height":844},{"@type":"WebPage","@id":"https:\/\/franciscanos.org.br\/noticias\/papa-vivamos-as-tarefas-de-cada-dia-em-espirito-de-servico.html#webpage","url":"https:\/\/franciscanos.org.br\/noticias\/papa-vivamos-as-tarefas-de-cada-dia-em-espirito-de-servico.html","name":"Papa: vivamos as tarefas de cada dia em esp\u00edrito de servi\u00e7o - Not\u00edcias - Franciscanos","isPartOf":{"@id":"https:\/\/franciscanos.org.br\/noticias\/#website"},"primaryImageOfPage":{"@id":"https:\/\/franciscanos.org.br\/noticias\/papa-vivamos-as-tarefas-de-cada-dia-em-espirito-de-servico.html#primaryimage"},"datePublished":"2022-05-15T09:50:18+00:00","dateModified":"2022-05-15T09:51:17+00:00","author":{"@id":"https:\/\/franciscanos.org.br\/noticias\/#\/schema\/person\/b5c8cba458c330ccff548b056e95a5d4"},"breadcrumb":{"@id":"https:\/\/franciscanos.org.br\/noticias\/papa-vivamos-as-tarefas-de-cada-dia-em-espirito-de-servico.html#breadcrumb"},"inLanguage":"pt-BR","potentialAction":[{"@type":"ReadAction","target":["https:\/\/franciscanos.org.br\/noticias\/papa-vivamos-as-tarefas-de-cada-dia-em-espirito-de-servico.html"]}]},{"@type":"BreadcrumbList","@id":"https:\/\/franciscanos.org.br\/noticias\/papa-vivamos-as-tarefas-de-cada-dia-em-espirito-de-servico.html#breadcrumb","itemListElement":[{"@type":"ListItem","position":1,"name":"Home","item":"https:\/\/franciscanos.org.br\/noticias"},{"@type":"ListItem","position":2,"name":"Papa: vivamos as tarefas de cada dia em esp\u00edrito de servi\u00e7o"}]},{"@type":"Person","@id":"https:\/\/franciscanos.org.br\/noticias\/#\/schema\/person\/b5c8cba458c330ccff548b056e95a5d4","name":"moacir","image":{"@type":"ImageObject","inLanguage":"pt-BR","@id":"https:\/\/franciscanos.org.br\/noticias\/#\/schema\/person\/image\/","url":"https:\/\/secure.gravatar.com\/avatar\/d08aa2ce4c8dd416d4479aa8536fcf64?s=96&d=mm&r=g","contentUrl":"https:\/\/secure.gravatar.com\/avatar\/d08aa2ce4c8dd416d4479aa8536fcf64?s=96&d=mm&r=g","caption":"moacir"},"url":"https:\/\/franciscanos.org.br\/noticias\/author\/moacir"}]}},"_links":{"self":[{"href":"https:\/\/franciscanos.org.br\/noticias\/wp-json\/wp\/v2\/posts\/237889"}],"collection":[{"href":"https:\/\/franciscanos.org.br\/noticias\/wp-json\/wp\/v2\/posts"}],"about":[{"href":"https:\/\/franciscanos.org.br\/noticias\/wp-json\/wp\/v2\/types\/post"}],"author":[{"embeddable":true,"href":"https:\/\/franciscanos.org.br\/noticias\/wp-json\/wp\/v2\/users\/3"}],"replies":[{"embeddable":true,"href":"https:\/\/franciscanos.org.br\/noticias\/wp-json\/wp\/v2\/comments?post=237889"}],"version-history":[{"count":3,"href":"https:\/\/franciscanos.org.br\/noticias\/wp-json\/wp\/v2\/posts\/237889\/revisions"}],"predecessor-version":[{"id":237893,"href":"https:\/\/franciscanos.org.br\/noticias\/wp-json\/wp\/v2\/posts\/237889\/revisions\/237893"}],"wp:featuredmedia":[{"embeddable":true,"href":"https:\/\/franciscanos.org.br\/noticias\/wp-json\/wp\/v2\/media\/237890"}],"wp:attachment":[{"href":"https:\/\/franciscanos.org.br\/noticias\/wp-json\/wp\/v2\/media?parent=237889"}],"wp:term":[{"taxonomy":"category","embeddable":true,"href":"https:\/\/franciscanos.org.br\/noticias\/wp-json\/wp\/v2\/categories?post=237889"},{"taxonomy":"post_tag","embeddable":true,"href":"https:\/\/franciscanos.org.br\/noticias\/wp-json\/wp\/v2\/tags?post=237889"}],"curies":[{"name":"wp","href":"https:\/\/api.w.org\/{rel}","templated":true}]}}