{"id":237856,"date":"2022-05-14T19:27:07","date_gmt":"2022-05-14T22:27:07","guid":{"rendered":"https:\/\/franciscanos.org.br\/noticias\/?p=237856"},"modified":"2023-01-03T14:00:36","modified_gmt":"2023-01-03T17:00:36","slug":"que-voce-se-encante-com-esse-ministerio-pede-d-wilson-a-frei-junior","status":"publish","type":"post","link":"https:\/\/franciscanos.org.br\/noticias\/que-voce-se-encante-com-esse-ministerio-pede-d-wilson-a-frei-junior.html","title":{"rendered":"&#8220;Que voc\u00ea se encante com esse minist\u00e9rio&#8221;, pede D. Wilson a Frei Junior"},"content":{"rendered":"<p><img loading=\"lazy\" class=\"alignnone size-full wp-image-237858\" src=\"https:\/\/franciscanos.org.br\/noticias\/wp-content\/uploads\/2022\/05\/ordenacao_14_01.jpg\" alt=\"\" width=\"1280\" height=\"720\" srcset=\"https:\/\/franciscanos.org.br\/noticias\/wp-content\/uploads\/2022\/05\/ordenacao_14_01.jpg 1280w, https:\/\/franciscanos.org.br\/noticias\/wp-content\/uploads\/2022\/05\/ordenacao_14_01-450x253.jpg 450w, https:\/\/franciscanos.org.br\/noticias\/wp-content\/uploads\/2022\/05\/ordenacao_14_01-1024x576.jpg 1024w, https:\/\/franciscanos.org.br\/noticias\/wp-content\/uploads\/2022\/05\/ordenacao_14_01-768x432.jpg 768w, https:\/\/franciscanos.org.br\/noticias\/wp-content\/uploads\/2022\/05\/ordenacao_14_01-150x84.jpg 150w\" sizes=\"(max-width: 1280px) 100vw, 1280px\" \/><\/p>\n<p><strong>Santo Amaro da Imperatriz (SC)<\/strong> &#8211; Pelas m\u00e3os Dom Wilson Tadeu J\u00f6nck, Arcebispo de Florian\u00f3polis, durante a Celebra\u00e7\u00e3o Eucar\u00edstica neste s\u00e1bado (14\/5), \u00e0s 15h, Frei Junior Mendes recebeu o segundo grau do Sacramento da Ordem. &#8220;Voc\u00ea \u00e9 ordenado sacerdote n\u00e3o porque quer. \u00c9 porque Deus quer. N\u00e3o foi voc\u00ea que escolheu, mas Deus o escolheu para isso. E todo dia voc\u00ea responder\u00e1 com fidelidade a este chamado de Deus, que o enviou exatamente para uma fun\u00e7\u00e3o, um minist\u00e9rio dentro da igreja&#8221;, exortou o Arcebispo a Frei Junior.<\/p>\n<p>O p\u00e1roco Frei Germano Guesser saudou e acolheu a todos em nome da Fraternidade Santo Amaro e Dom Wilson destacou que a ordena\u00e7\u00e3o de Frei Junior era um momento importante para a comunidade. &#8220;Temos um s\u00f3 sentimento: de alegria e gratid\u00e3o. E isso que queremos expressar nesta celebra\u00e7\u00e3o&#8221;, disse.<\/p>\n<p><img loading=\"lazy\" class=\"alignnone size-full wp-image-237859\" src=\"https:\/\/franciscanos.org.br\/noticias\/wp-content\/uploads\/2022\/05\/ordenacao_14_02.jpg\" alt=\"\" width=\"1280\" height=\"960\" srcset=\"https:\/\/franciscanos.org.br\/noticias\/wp-content\/uploads\/2022\/05\/ordenacao_14_02.jpg 1280w, https:\/\/franciscanos.org.br\/noticias\/wp-content\/uploads\/2022\/05\/ordenacao_14_02-450x338.jpg 450w, https:\/\/franciscanos.org.br\/noticias\/wp-content\/uploads\/2022\/05\/ordenacao_14_02-1024x768.jpg 1024w, https:\/\/franciscanos.org.br\/noticias\/wp-content\/uploads\/2022\/05\/ordenacao_14_02-768x576.jpg 768w, https:\/\/franciscanos.org.br\/noticias\/wp-content\/uploads\/2022\/05\/ordenacao_14_02-150x113.jpg 150w, https:\/\/franciscanos.org.br\/noticias\/wp-content\/uploads\/2022\/05\/ordenacao_14_02-600x450.jpg 600w\" sizes=\"(max-width: 1280px) 100vw, 1280px\" \/><\/p>\n\n\t\t<style type=\"text\/css\">\n\t\t\t#gallery-1 {\n\t\t\t\tmargin: auto;\n\t\t\t}\n\t\t\t#gallery-1 .gallery-item {\n\t\t\t\tfloat: left;\n\t\t\t\tmargin-top: 10px;\n\t\t\t\ttext-align: center;\n\t\t\t\twidth: 14%;\n\t\t\t}\n\t\t\t#gallery-1 img {\n\t\t\t\tborder: 2px solid #cfcfcf;\n\t\t\t}\n\t\t\t#gallery-1 .gallery-caption {\n\t\t\t\tmargin-left: 0;\n\t\t\t}\n\t\t\t\/* see gallery_shortcode() in wp-includes\/media.php *\/\n\t\t<\/style>\n\t\t<div id='gallery-1' class='gallery galleryid-237856 gallery-columns-7 gallery-size-thumbnail'><dl class='gallery-item'>\n\t\t\t<dt class='gallery-icon landscape'>\n\t\t\t\t<a href='https:\/\/franciscanos.org.br\/noticias\/wp-content\/uploads\/2022\/05\/junior_01.jpg'><img width=\"300\" height=\"300\" src=\"https:\/\/franciscanos.org.br\/noticias\/wp-content\/uploads\/2022\/05\/junior_01-300x300.jpg\" class=\"attachment-thumbnail size-thumbnail\" alt=\"\" loading=\"lazy\" srcset=\"https:\/\/franciscanos.org.br\/noticias\/wp-content\/uploads\/2022\/05\/junior_01-300x300.jpg 300w, https:\/\/franciscanos.org.br\/noticias\/wp-content\/uploads\/2022\/05\/junior_01-100x100.jpg 100w\" sizes=\"(max-width: 300px) 100vw, 300px\" \/><\/a>\n\t\t\t<\/dt><\/dl><dl class='gallery-item'>\n\t\t\t<dt class='gallery-icon landscape'>\n\t\t\t\t<a href='https:\/\/franciscanos.org.br\/noticias\/wp-content\/uploads\/2022\/05\/junior_02.jpg'><img width=\"300\" height=\"300\" src=\"https:\/\/franciscanos.org.br\/noticias\/wp-content\/uploads\/2022\/05\/junior_02-300x300.jpg\" class=\"attachment-thumbnail size-thumbnail\" alt=\"\" loading=\"lazy\" srcset=\"https:\/\/franciscanos.org.br\/noticias\/wp-content\/uploads\/2022\/05\/junior_02-300x300.jpg 300w, https:\/\/franciscanos.org.br\/noticias\/wp-content\/uploads\/2022\/05\/junior_02-100x100.jpg 100w\" sizes=\"(max-width: 300px) 100vw, 300px\" \/><\/a>\n\t\t\t<\/dt><\/dl><dl class='gallery-item'>\n\t\t\t<dt class='gallery-icon landscape'>\n\t\t\t\t<a href='https:\/\/franciscanos.org.br\/noticias\/wp-content\/uploads\/2022\/05\/junior_03.jpg'><img width=\"300\" height=\"300\" src=\"https:\/\/franciscanos.org.br\/noticias\/wp-content\/uploads\/2022\/05\/junior_03-300x300.jpg\" class=\"attachment-thumbnail size-thumbnail\" alt=\"\" loading=\"lazy\" srcset=\"https:\/\/franciscanos.org.br\/noticias\/wp-content\/uploads\/2022\/05\/junior_03-300x300.jpg 300w, https:\/\/franciscanos.org.br\/noticias\/wp-content\/uploads\/2022\/05\/junior_03-100x100.jpg 100w\" sizes=\"(max-width: 300px) 100vw, 300px\" \/><\/a>\n\t\t\t<\/dt><\/dl><dl class='gallery-item'>\n\t\t\t<dt class='gallery-icon landscape'>\n\t\t\t\t<a href='https:\/\/franciscanos.org.br\/noticias\/wp-content\/uploads\/2022\/05\/junior_04.jpg'><img width=\"300\" height=\"300\" src=\"https:\/\/franciscanos.org.br\/noticias\/wp-content\/uploads\/2022\/05\/junior_04-300x300.jpg\" class=\"attachment-thumbnail size-thumbnail\" alt=\"\" loading=\"lazy\" srcset=\"https:\/\/franciscanos.org.br\/noticias\/wp-content\/uploads\/2022\/05\/junior_04-300x300.jpg 300w, https:\/\/franciscanos.org.br\/noticias\/wp-content\/uploads\/2022\/05\/junior_04-100x100.jpg 100w\" sizes=\"(max-width: 300px) 100vw, 300px\" \/><\/a>\n\t\t\t<\/dt><\/dl><dl class='gallery-item'>\n\t\t\t<dt class='gallery-icon landscape'>\n\t\t\t\t<a href='https:\/\/franciscanos.org.br\/noticias\/wp-content\/uploads\/2022\/05\/junior_05.jpg'><img width=\"300\" height=\"300\" src=\"https:\/\/franciscanos.org.br\/noticias\/wp-content\/uploads\/2022\/05\/junior_05-300x300.jpg\" class=\"attachment-thumbnail size-thumbnail\" alt=\"\" loading=\"lazy\" srcset=\"https:\/\/franciscanos.org.br\/noticias\/wp-content\/uploads\/2022\/05\/junior_05-300x300.jpg 300w, https:\/\/franciscanos.org.br\/noticias\/wp-content\/uploads\/2022\/05\/junior_05-100x100.jpg 100w\" sizes=\"(max-width: 300px) 100vw, 300px\" \/><\/a>\n\t\t\t<\/dt><\/dl><dl class='gallery-item'>\n\t\t\t<dt class='gallery-icon landscape'>\n\t\t\t\t<a href='https:\/\/franciscanos.org.br\/noticias\/wp-content\/uploads\/2022\/05\/junior_06.jpg'><img width=\"300\" height=\"300\" src=\"https:\/\/franciscanos.org.br\/noticias\/wp-content\/uploads\/2022\/05\/junior_06-300x300.jpg\" class=\"attachment-thumbnail size-thumbnail\" alt=\"\" loading=\"lazy\" srcset=\"https:\/\/franciscanos.org.br\/noticias\/wp-content\/uploads\/2022\/05\/junior_06-300x300.jpg 300w, https:\/\/franciscanos.org.br\/noticias\/wp-content\/uploads\/2022\/05\/junior_06-100x100.jpg 100w\" sizes=\"(max-width: 300px) 100vw, 300px\" \/><\/a>\n\t\t\t<\/dt><\/dl><dl class='gallery-item'>\n\t\t\t<dt class='gallery-icon landscape'>\n\t\t\t\t<a href='https:\/\/franciscanos.org.br\/noticias\/wp-content\/uploads\/2022\/05\/junior_07.jpg'><img width=\"300\" height=\"300\" src=\"https:\/\/franciscanos.org.br\/noticias\/wp-content\/uploads\/2022\/05\/junior_07-300x300.jpg\" class=\"attachment-thumbnail size-thumbnail\" alt=\"\" loading=\"lazy\" srcset=\"https:\/\/franciscanos.org.br\/noticias\/wp-content\/uploads\/2022\/05\/junior_07-300x300.jpg 300w, https:\/\/franciscanos.org.br\/noticias\/wp-content\/uploads\/2022\/05\/junior_07-100x100.jpg 100w\" sizes=\"(max-width: 300px) 100vw, 300px\" \/><\/a>\n\t\t\t<\/dt><\/dl><br style=\"clear: both\" \/>\n\t\t<\/div>\n\n<p><em>\u00a0 \u00a0 (toque nas imagens menores para ampli\u00e1-las)<\/em><\/p>\n<p>Esse clima festivo e fraternal tomou conta dos paroquianos de Santo Amaro da Imperatriz (SC), dos frades da Prov\u00edncia da Imaculada, entre eles o Ministro Provincial Frei Paulo Roberto Pereira, dos religiosos e religiosas, seminaristas, que se reuniram na bela Matriz de Santo Amaro para, juntos, celebrarem a ordena\u00e7\u00e3o presbiteral deste jovem santo-amarense. Presentes tamb\u00e9m os paroquianos da Par\u00f3quia S\u00e3o Francisco de Chopinzinho (PR), onde atualmente reside Frei Junior.<\/p>\n<p>O ordenando esteve acompanhado na prociss\u00e3o de entrada por seus pais Ganilton Mendes e Maria de Lourdes Mendes.<\/p>\n<p>Dom Wilson Tadeu J\u00f6nck, em sua homilia, ressaltou que o presbiterado, &#8220;isto \u00e9, o tornar-se padre, n\u00f3s entendemos quando olhamos aquilo que \u00e9 mist\u00e9rio da encarna\u00e7\u00e3o. Cristo, que \u00e9 Deus, se torna um ser humano para nos trazer uma grande mensagem: uma mensagem de salva\u00e7\u00e3o. Algo que d\u00ea sentido \u00e0 nossa vida, que \u00e9 algo novo para todos n\u00f3s. \u00c9 o que Cristo veio realizar neste mundo&#8221;.<\/p>\n<p><img loading=\"lazy\" class=\"alignnone size-full wp-image-237867\" src=\"https:\/\/franciscanos.org.br\/noticias\/wp-content\/uploads\/2022\/05\/ordenacao_14_03.jpg\" alt=\"\" width=\"1280\" height=\"960\" srcset=\"https:\/\/franciscanos.org.br\/noticias\/wp-content\/uploads\/2022\/05\/ordenacao_14_03.jpg 1280w, https:\/\/franciscanos.org.br\/noticias\/wp-content\/uploads\/2022\/05\/ordenacao_14_03-450x338.jpg 450w, https:\/\/franciscanos.org.br\/noticias\/wp-content\/uploads\/2022\/05\/ordenacao_14_03-1024x768.jpg 1024w, https:\/\/franciscanos.org.br\/noticias\/wp-content\/uploads\/2022\/05\/ordenacao_14_03-768x576.jpg 768w, https:\/\/franciscanos.org.br\/noticias\/wp-content\/uploads\/2022\/05\/ordenacao_14_03-150x113.jpg 150w, https:\/\/franciscanos.org.br\/noticias\/wp-content\/uploads\/2022\/05\/ordenacao_14_03-600x450.jpg 600w\" sizes=\"(max-width: 1280px) 100vw, 1280px\" \/><\/p>\n<p>&#8220;N\u00e3o h\u00e1 nada mais grandioso e mais realizador do que esse mist\u00e9rio da encarna\u00e7\u00e3o de Deus: se fazer homem, se fazer um de n\u00f3s e nos salvar&#8221;, enfatizou.<\/p>\n<p>&#8220;E a Igreja foi fundada por esse mesmo Jesus para continuar a sua miss\u00e3o, pregar o mesmo Evangelho, pregar a mesma novidade, e que este novo estilo de vida crist\u00e3 pudesse de fato ser espalhado pelo mundo todo e tocasse todos os cora\u00e7\u00f5es&#8221;, acrescentou.<\/p>\n<p>Segundo Dom Wilson, Jesus fez isso por pouco tempo, mas constituiu os ap\u00f3stolos e j\u00e1 tinha outros disc\u00edpulos que O seguiam. Estes foram divulgando esta mensagem pela prega\u00e7\u00e3o, pelo ensinamento, mas sobretudo pelo testemunho de vida. &#8220;O livro dos Atos dos Ap\u00f3stolos que lemos neste Tempo Pascal nos mostra como isso aconteceu. A Igreja tem essa mesma miss\u00e3o de divulgar e fazer chegar a cada cora\u00e7\u00e3o esta mensagem. A igreja \u00e9 uma institui\u00e7\u00e3o. Quem vai fazer isso s\u00e3o os membros da Igreja. S\u00e3o os crist\u00e3os, s\u00e3o os batizados&#8221;, explicou.<\/p>\n<p><img loading=\"lazy\" class=\"alignnone size-full wp-image-237868\" src=\"https:\/\/franciscanos.org.br\/noticias\/wp-content\/uploads\/2022\/05\/ordenacao_14_04.jpg\" alt=\"\" width=\"1280\" height=\"960\" srcset=\"https:\/\/franciscanos.org.br\/noticias\/wp-content\/uploads\/2022\/05\/ordenacao_14_04.jpg 1280w, https:\/\/franciscanos.org.br\/noticias\/wp-content\/uploads\/2022\/05\/ordenacao_14_04-450x338.jpg 450w, https:\/\/franciscanos.org.br\/noticias\/wp-content\/uploads\/2022\/05\/ordenacao_14_04-1024x768.jpg 1024w, https:\/\/franciscanos.org.br\/noticias\/wp-content\/uploads\/2022\/05\/ordenacao_14_04-768x576.jpg 768w, https:\/\/franciscanos.org.br\/noticias\/wp-content\/uploads\/2022\/05\/ordenacao_14_04-150x113.jpg 150w, https:\/\/franciscanos.org.br\/noticias\/wp-content\/uploads\/2022\/05\/ordenacao_14_04-600x450.jpg 600w\" sizes=\"(max-width: 1280px) 100vw, 1280px\" \/><\/p>\n<p>Para Dom Wilson, entre esses batizados alguns s\u00e3o chamados pelo pr\u00f3prio Deus para se dedicarem exclusivamente a esta miss\u00e3o, que foi a miss\u00e3o do pr\u00f3prio Cristo. &#8220;E estes s\u00e3o os sacerdotes, os padres, que est\u00e3o a servi\u00e7o de Deus como Cristo estava a servi\u00e7o de Deus. Servem a Deus servindo \u00e0 comunidade, colocando-se a servi\u00e7o de todos. Cristo veio para todos. Aqueles que O Conhecem, aqueles que O aceitam e aqueles que O rejeitam. Veio para estes tamb\u00e9m.<\/p>\n<p>\u00c9 para estes, di\u00e1cono Junior, que que voc\u00ea se torna sacerdote para chegar a todos eles e fazer da sua vida aquilo que Cristo fez de sua vida terrena: fazer o bem a todos e aproveitar cada minuto de sua vida para, com palavras, com testemunho, servir aos outros naquilo que Deus quer acontecer no cora\u00e7\u00e3o de cada um. Essa ser\u00e1 sua vida de padre&#8221;, ensinou o Arcebispo.<\/p>\n\n\t\t<style type=\"text\/css\">\n\t\t\t#gallery-2 {\n\t\t\t\tmargin: auto;\n\t\t\t}\n\t\t\t#gallery-2 .gallery-item {\n\t\t\t\tfloat: left;\n\t\t\t\tmargin-top: 10px;\n\t\t\t\ttext-align: center;\n\t\t\t\twidth: 33%;\n\t\t\t}\n\t\t\t#gallery-2 img {\n\t\t\t\tborder: 2px solid #cfcfcf;\n\t\t\t}\n\t\t\t#gallery-2 .gallery-caption {\n\t\t\t\tmargin-left: 0;\n\t\t\t}\n\t\t\t\/* see gallery_shortcode() in wp-includes\/media.php *\/\n\t\t<\/style>\n\t\t<div id='gallery-2' class='gallery galleryid-237856 gallery-columns-3 gallery-size-thumbnail'><dl class='gallery-item'>\n\t\t\t<dt class='gallery-icon landscape'>\n\t\t\t\t<a href='https:\/\/franciscanos.org.br\/noticias\/wp-content\/uploads\/2022\/05\/ordenacao_14_05.jpg'><img width=\"300\" height=\"300\" src=\"https:\/\/franciscanos.org.br\/noticias\/wp-content\/uploads\/2022\/05\/ordenacao_14_05-300x300.jpg\" class=\"attachment-thumbnail size-thumbnail\" alt=\"\" loading=\"lazy\" srcset=\"https:\/\/franciscanos.org.br\/noticias\/wp-content\/uploads\/2022\/05\/ordenacao_14_05-300x300.jpg 300w, https:\/\/franciscanos.org.br\/noticias\/wp-content\/uploads\/2022\/05\/ordenacao_14_05-100x100.jpg 100w\" sizes=\"(max-width: 300px) 100vw, 300px\" \/><\/a>\n\t\t\t<\/dt><\/dl><dl class='gallery-item'>\n\t\t\t<dt class='gallery-icon landscape'>\n\t\t\t\t<a href='https:\/\/franciscanos.org.br\/noticias\/wp-content\/uploads\/2022\/05\/ordenacao_14_06.jpg'><img width=\"300\" height=\"300\" src=\"https:\/\/franciscanos.org.br\/noticias\/wp-content\/uploads\/2022\/05\/ordenacao_14_06-300x300.jpg\" class=\"attachment-thumbnail size-thumbnail\" alt=\"\" loading=\"lazy\" srcset=\"https:\/\/franciscanos.org.br\/noticias\/wp-content\/uploads\/2022\/05\/ordenacao_14_06-300x300.jpg 300w, https:\/\/franciscanos.org.br\/noticias\/wp-content\/uploads\/2022\/05\/ordenacao_14_06-100x100.jpg 100w\" sizes=\"(max-width: 300px) 100vw, 300px\" \/><\/a>\n\t\t\t<\/dt><\/dl><dl class='gallery-item'>\n\t\t\t<dt class='gallery-icon landscape'>\n\t\t\t\t<a href='https:\/\/franciscanos.org.br\/noticias\/wp-content\/uploads\/2022\/05\/ordenacao_14_07.jpg'><img width=\"300\" height=\"300\" src=\"https:\/\/franciscanos.org.br\/noticias\/wp-content\/uploads\/2022\/05\/ordenacao_14_07-300x300.jpg\" class=\"attachment-thumbnail size-thumbnail\" alt=\"\" loading=\"lazy\" srcset=\"https:\/\/franciscanos.org.br\/noticias\/wp-content\/uploads\/2022\/05\/ordenacao_14_07-300x300.jpg 300w, https:\/\/franciscanos.org.br\/noticias\/wp-content\/uploads\/2022\/05\/ordenacao_14_07-100x100.jpg 100w\" sizes=\"(max-width: 300px) 100vw, 300px\" \/><\/a>\n\t\t\t<\/dt><\/dl><br style=\"clear: both\" \/>\n\t\t<\/div>\n\n<p>Dom Wilson lembrou a Frei Junior que &#8220;vivemos hoje um momento muito especial na vida da Igreja. Um novo modo de compreender a Igreja&#8221;. Segundo ele, a palavra que define esse momento \u00e9 sinodalidade. &#8220;Exatamente se aprender a ir a todos. Aqueles que v\u00eam \u00e0 Igreja, mas tamb\u00e9m aqueles que n\u00e3o v\u00eam. Aqueles que acham que n\u00e3o devem vir, aqueles que falam mal. A sinodalidade nos pede que andemos com todos eles. Como Cristo andou com aqueles dois de Ema\u00fas, que iam reclamando da vida pela estrada a fora, mas Jesus foi andando com eles. Voc\u00ea vai encontrar, n\u00e3o tanto dentro da Igreja, muita gente reclamando, n\u00e3o entendendo isso, criticando aquilo. Jesus veio para todos esses. Voc\u00ea se torna padre para todos&#8221;, indicou.<\/p>\n<p>&#8220;Ser testemunho do Evangelho, ser a presen\u00e7a do Cristo que salva todos. Sim, voc\u00ea \u00e9 ordenado sacerdote exatamente para isso. E que voc\u00ea se encante com esse minist\u00e9rio&#8221;, desejou o Arcebispo.<\/p>\n<p>Ele, por\u00e9m, lembrou que Frei Junior ter\u00e1 dificuldades, como Cristo tamb\u00e9m teve dificuldades. &#8220;Ele at\u00e9 morreu. Talvez voc\u00ea n\u00e3os seja crucificado, mas dificuldades certamente encontrar\u00e1&#8221;, acrescentou. &#8220;O mundo espera de voc\u00ea esta presen\u00e7a, este testemunho&#8221;, insistiu.<\/p>\n\n\t\t<style type=\"text\/css\">\n\t\t\t#gallery-3 {\n\t\t\t\tmargin: auto;\n\t\t\t}\n\t\t\t#gallery-3 .gallery-item {\n\t\t\t\tfloat: left;\n\t\t\t\tmargin-top: 10px;\n\t\t\t\ttext-align: center;\n\t\t\t\twidth: 33%;\n\t\t\t}\n\t\t\t#gallery-3 img {\n\t\t\t\tborder: 2px solid #cfcfcf;\n\t\t\t}\n\t\t\t#gallery-3 .gallery-caption {\n\t\t\t\tmargin-left: 0;\n\t\t\t}\n\t\t\t\/* see gallery_shortcode() in wp-includes\/media.php *\/\n\t\t<\/style>\n\t\t<div id='gallery-3' class='gallery galleryid-237856 gallery-columns-3 gallery-size-thumbnail'><dl class='gallery-item'>\n\t\t\t<dt class='gallery-icon landscape'>\n\t\t\t\t<a href='https:\/\/franciscanos.org.br\/noticias\/wp-content\/uploads\/2022\/05\/junior_08-scaled.jpg'><img width=\"300\" height=\"300\" src=\"https:\/\/franciscanos.org.br\/noticias\/wp-content\/uploads\/2022\/05\/junior_08-300x300.jpg\" class=\"attachment-thumbnail size-thumbnail\" alt=\"\" loading=\"lazy\" srcset=\"https:\/\/franciscanos.org.br\/noticias\/wp-content\/uploads\/2022\/05\/junior_08-300x300.jpg 300w, https:\/\/franciscanos.org.br\/noticias\/wp-content\/uploads\/2022\/05\/junior_08-100x100.jpg 100w\" sizes=\"(max-width: 300px) 100vw, 300px\" \/><\/a>\n\t\t\t<\/dt><\/dl><dl class='gallery-item'>\n\t\t\t<dt class='gallery-icon landscape'>\n\t\t\t\t<a href='https:\/\/franciscanos.org.br\/noticias\/wp-content\/uploads\/2022\/05\/junior_09.jpg'><img width=\"300\" height=\"300\" src=\"https:\/\/franciscanos.org.br\/noticias\/wp-content\/uploads\/2022\/05\/junior_09-300x300.jpg\" class=\"attachment-thumbnail size-thumbnail\" alt=\"\" loading=\"lazy\" srcset=\"https:\/\/franciscanos.org.br\/noticias\/wp-content\/uploads\/2022\/05\/junior_09-300x300.jpg 300w, https:\/\/franciscanos.org.br\/noticias\/wp-content\/uploads\/2022\/05\/junior_09-100x100.jpg 100w\" sizes=\"(max-width: 300px) 100vw, 300px\" \/><\/a>\n\t\t\t<\/dt><\/dl><dl class='gallery-item'>\n\t\t\t<dt class='gallery-icon landscape'>\n\t\t\t\t<a href='https:\/\/franciscanos.org.br\/noticias\/wp-content\/uploads\/2022\/05\/junior_11.jpg'><img width=\"300\" height=\"300\" src=\"https:\/\/franciscanos.org.br\/noticias\/wp-content\/uploads\/2022\/05\/junior_11-300x300.jpg\" class=\"attachment-thumbnail size-thumbnail\" alt=\"\" loading=\"lazy\" srcset=\"https:\/\/franciscanos.org.br\/noticias\/wp-content\/uploads\/2022\/05\/junior_11-300x300.jpg 300w, https:\/\/franciscanos.org.br\/noticias\/wp-content\/uploads\/2022\/05\/junior_11-100x100.jpg 100w\" sizes=\"(max-width: 300px) 100vw, 300px\" \/><\/a>\n\t\t\t<\/dt><\/dl><br style=\"clear: both\" \/>\n\t\t<\/div>\n\n<p>&#8220;Aqui lembro aqueles gregos que queriam conhecer Jesus, se aproximam de Felipe e manifestam o desejo de conhecer Jesus e pedem para levar at\u00e9 Ele. N\u00e3o \u00e9 pedido muito mais do que isso pra voc\u00ea: levar todos a Jesus. E pode fazer isso com toda a convic\u00e7\u00e3o. O desejo de encontrar Jesus est\u00e1 no cora\u00e7\u00e3o de toda pessoa humana. Mesmo daquele que voc\u00ea acha que n\u00e3o. No fundo, no fundo, toda a rebeldia \u00e9 um desejo de encontrar Cristo. E voc\u00ea vai favorecer isso com sua f\u00e9, com seu trabalho, administrando os sacramentos, perdoando os pecados, celebrando a Eucaristia, tornado Cristo presente como alimento o Corpo e Sangue de Cristo, \u00e9 o que voc\u00ea vai fazer de sua vida. E nos alegramos muito, Frei Junior, por sua generosidade e sua disponibilidade. E Pedimos que Deus fortale\u00e7a esta sua convic\u00e7\u00e3o, fortale\u00e7a esta sua generosidade por hoje e por todos os dias de sua vida&#8221;, concluiu.<\/p>\n<p><strong>O RITO<\/strong><\/p>\n<p><img loading=\"lazy\" class=\"alignnone size-full wp-image-237883\" src=\"https:\/\/franciscanos.org.br\/noticias\/wp-content\/uploads\/2022\/05\/ordenacao_1413.jpg\" alt=\"\" width=\"1280\" height=\"960\" srcset=\"https:\/\/franciscanos.org.br\/noticias\/wp-content\/uploads\/2022\/05\/ordenacao_1413.jpg 1280w, https:\/\/franciscanos.org.br\/noticias\/wp-content\/uploads\/2022\/05\/ordenacao_1413-450x338.jpg 450w, https:\/\/franciscanos.org.br\/noticias\/wp-content\/uploads\/2022\/05\/ordenacao_1413-1024x768.jpg 1024w, https:\/\/franciscanos.org.br\/noticias\/wp-content\/uploads\/2022\/05\/ordenacao_1413-768x576.jpg 768w, https:\/\/franciscanos.org.br\/noticias\/wp-content\/uploads\/2022\/05\/ordenacao_1413-150x113.jpg 150w, https:\/\/franciscanos.org.br\/noticias\/wp-content\/uploads\/2022\/05\/ordenacao_1413-600x450.jpg 600w\" sizes=\"(max-width: 1280px) 100vw, 1280px\" \/><\/p>\n<p>O rito da ordena\u00e7\u00e3o presbiteral come\u00e7ou antes da homilia de Dom Wilson, com a chamada do candidato. Animado e alimentado com a Palavra de Deus, Frei Junior foi chamado pelo di\u00e1cono Frei Alan Leal de Matos: \u201cQueira se aproximar o que ser\u00e1 ordenado presb\u00edtero, Frei Junior Mendes\u201d. O ordenado respondeu: &#8220;Presente!&#8221;<\/p>\n<p>O guardi\u00e3o da Fraternidade S\u00e3o Francisco de Chopinzinho, Frei Olivo Marafon, fez o pedido ao bispo para que ordenasse Frei Junior, e Dom Wilson perguntou: \u201cPodes dizer se ele \u00e9 digno deste minist\u00e9rio?\u201d<\/p>\n<p>Segundo Frei Olivo, ouvindo os testemunhos dos paroquianos de Chopinzinho e dos formadores da Prov\u00edncia, &#8220;dou testemunho que ele foi considerado digno para o minist\u00e9rio presbiteral&#8221;. Dom Wilson respondeu: \u201cCom aux\u00edlio de Nosso Senhor Jesus Cristo e Salvador, n\u00f3s escolhemos esse nosso irm\u00e3o para a Ordem do Presbiterado! Gra\u00e7as a Deus!\u201d<\/p>\n<p>Depois, de joelhos, Frei Junior colocou suas m\u00e3os nas m\u00e3os do bispo e prometeu obedi\u00eancia a ele e ao seu leg\u00edtimo superior. Em seguida, prostrado, em sinal de total dedica\u00e7\u00e3o a Deus, o eleito e toda a assembleia cantaram a &#8220;Ladainha de Todos os Santos&#8221;, pedindo assim a intercess\u00e3o daqueles que nos precederam na f\u00e9. Veio, ent\u00e3o, o momento central da ordena\u00e7\u00e3o: a imposi\u00e7\u00e3o das m\u00e3os e a Prece da Ordena\u00e7\u00e3o.<\/p>\n<p><img loading=\"lazy\" class=\"alignnone size-full wp-image-237874\" src=\"https:\/\/franciscanos.org.br\/noticias\/wp-content\/uploads\/2022\/05\/ordenacao_14_08-1.jpg\" alt=\"\" width=\"1280\" height=\"960\" srcset=\"https:\/\/franciscanos.org.br\/noticias\/wp-content\/uploads\/2022\/05\/ordenacao_14_08-1.jpg 1280w, https:\/\/franciscanos.org.br\/noticias\/wp-content\/uploads\/2022\/05\/ordenacao_14_08-1-450x338.jpg 450w, https:\/\/franciscanos.org.br\/noticias\/wp-content\/uploads\/2022\/05\/ordenacao_14_08-1-1024x768.jpg 1024w, https:\/\/franciscanos.org.br\/noticias\/wp-content\/uploads\/2022\/05\/ordenacao_14_08-1-768x576.jpg 768w, https:\/\/franciscanos.org.br\/noticias\/wp-content\/uploads\/2022\/05\/ordenacao_14_08-1-150x113.jpg 150w, https:\/\/franciscanos.org.br\/noticias\/wp-content\/uploads\/2022\/05\/ordenacao_14_08-1-600x450.jpg 600w\" sizes=\"(max-width: 1280px) 100vw, 1280px\" \/><\/p>\n<p>Cada momento ou gesto do rito foi explicado por Frei Je\u00e2 Paulo Andrade, o animador vocacional da Prov\u00edncia. Segundo ele, pela imposi\u00e7\u00e3o das m\u00e3os do bispo e a prece \u00e9 conferido ao eleito o dom do Esp\u00edrito Santo, que o transforma e o capacita para a sua miss\u00e3o. Em sil\u00eancio, primeiro o bispo, depois todos os sacerdotes, um por um, imp\u00f5e as m\u00e3os sobre a cabe\u00e7a do eleito.<\/p>\n<p>Terminado este momento, Frei Junior recebeu as vestes de presb\u00edtero (casula e estola), trazidas pela tia Luzia e o primo Paulo S\u00e9rgio. Frei Junior foi revestido dos paramentos pr\u00f3prios do presb\u00edtero com a ajuda de Frei Josemberg Cardozo Aranha, colega de turma, ordenado na semana passada.<\/p>\n<p>O bispo, agora, ungiu com o \u00f3leo da crisma a palma das m\u00e3os do novo presb\u00edtero e amarrou suas m\u00e3os, que foram desatadas pelos pais. Frei Junior, ent\u00e3o, deu a sua primeira b\u00ean\u00e7\u00e3o aos pais, enquanto era saudado pela assembleia. Em seguida, seus pais carregaram em prociss\u00e3o o c\u00e1lice e a patena e Frei Junior recebeu das m\u00e3os de Dom Wilson o c\u00e1lice para trazer Cristo Eucar\u00edstico \u00e0s pessoas.<\/p>\n<p>Terminado o rito, Frei Junior j\u00e1 p\u00f4de participar como concelebrante da Eucaristia.<\/p>\n<p><img loading=\"lazy\" class=\"alignnone size-full wp-image-237875\" src=\"https:\/\/franciscanos.org.br\/noticias\/wp-content\/uploads\/2022\/05\/ordenacao_14_09.jpg\" alt=\"\" width=\"1280\" height=\"960\" srcset=\"https:\/\/franciscanos.org.br\/noticias\/wp-content\/uploads\/2022\/05\/ordenacao_14_09.jpg 1280w, https:\/\/franciscanos.org.br\/noticias\/wp-content\/uploads\/2022\/05\/ordenacao_14_09-450x338.jpg 450w, https:\/\/franciscanos.org.br\/noticias\/wp-content\/uploads\/2022\/05\/ordenacao_14_09-1024x768.jpg 1024w, https:\/\/franciscanos.org.br\/noticias\/wp-content\/uploads\/2022\/05\/ordenacao_14_09-768x576.jpg 768w, https:\/\/franciscanos.org.br\/noticias\/wp-content\/uploads\/2022\/05\/ordenacao_14_09-150x113.jpg 150w, https:\/\/franciscanos.org.br\/noticias\/wp-content\/uploads\/2022\/05\/ordenacao_14_09-600x450.jpg 600w\" sizes=\"(max-width: 1280px) 100vw, 1280px\" \/><\/p>\n<p><strong>AGRADECIMENTOS<\/strong><\/p>\n<p>Frei Je\u00e2 Paulo, animador vocacional da Prov\u00edncia, explicou que durante toda esta semana uma grande equipe de mission\u00e1rios esteve na Par\u00f3quia de Santo Amaro realizando uma Semana Vocacional. &#8220;Essa celebra\u00e7\u00e3o \u00e9, ent\u00e3o, todo o coroamento do trabalho que foi realizado. Aqui \u00e9 o testemunho de voca\u00e7\u00f5es: a voca\u00e7\u00e3o matrimonial, a voca\u00e7\u00e3o religiosa e a voca\u00e7\u00e3o presbiteral&#8221;, disse, convidando os vocacionados e seminaristas para se colocarem no presbit\u00e9rio, lembrando com isso a necessidade de rezar pelas voca\u00e7\u00f5es.<\/p>\n<p>Em nome dos frades da Prov\u00edncia da Imaculada Concei\u00e7\u00e3o, o Ministro Provincial Frei Paulo Roberto Pereira resumiu esse momento: Gratid\u00e3o.<\/p>\n<p>&#8220;Muito obrigado Dom Wilson, religioso que \u00e9 de uma fam\u00edlia religiosa tamb\u00e9m. O sr. sabe que pode contar com a Fam\u00edlia Franciscana e n\u00f3s temos a pretens\u00e3o de servir \u00e0 Igreja e oferecer aquilo que a gente tem que \u00e9 a fraternidade. A palavra sinodalidade, traduzida no dia a dia das nossas casas, \u00e9 fraternidade tamb\u00e9m. Ent\u00e3o, muito obrigado por sua fraternal bondade em oferecer para o servi\u00e7o da Igreja mais um irm\u00e3o nosso agora no minist\u00e9rio presbiteral&#8221;, disse.<\/p>\n<p>Frei Paulo agradeceu \u00e0 comunidade paroquial que gerou tantas voca\u00e7\u00f5es, voca\u00e7\u00f5es franciscanas e voca\u00e7\u00f5es a servi\u00e7o da Igreja. &#8220;Muito obrigado pela voca\u00e7\u00e3o do Frei Junior, nascido aqui nesta comunidade. Voca\u00e7\u00e3o nascida na viv\u00eancia com voc\u00eas. Ent\u00e3o, \u00e9 a comunidade que gera voca\u00e7\u00f5es. Rezemos para que nossas fam\u00edlias e comunidades continuem a gerar voca\u00e7\u00f5es&#8221;, pediu.<\/p>\n<p>&#8220;Obrigado ao Junior pela decis\u00e3o de ser frade franciscano e de servir a Igreja a partir do minist\u00e9rio ordenado. E obrigado por nos trazer a Santo Amaro&#8221;, agradeceu.<\/p>\n<p><img loading=\"lazy\" class=\"alignnone size-full wp-image-237876\" src=\"https:\/\/franciscanos.org.br\/noticias\/wp-content\/uploads\/2022\/05\/ordenacao_14_10.jpg\" alt=\"\" width=\"1280\" height=\"767\" srcset=\"https:\/\/franciscanos.org.br\/noticias\/wp-content\/uploads\/2022\/05\/ordenacao_14_10.jpg 1280w, https:\/\/franciscanos.org.br\/noticias\/wp-content\/uploads\/2022\/05\/ordenacao_14_10-450x270.jpg 450w, https:\/\/franciscanos.org.br\/noticias\/wp-content\/uploads\/2022\/05\/ordenacao_14_10-1024x614.jpg 1024w, https:\/\/franciscanos.org.br\/noticias\/wp-content\/uploads\/2022\/05\/ordenacao_14_10-768x460.jpg 768w, https:\/\/franciscanos.org.br\/noticias\/wp-content\/uploads\/2022\/05\/ordenacao_14_10-150x90.jpg 150w\" sizes=\"(max-width: 1280px) 100vw, 1280px\" \/><\/p>\n<p>Frei Paulo contou uma passagem da vida de Santo Amaro, que bem pequeno foi servir a Deus no mosteiro com S\u00e3o Bento. Uma vez, seu primo Pl\u00e1cido tinha ca\u00eddo num lago e corria o risco de se afogar. S\u00e3o Bento, ent\u00e3o, avisou Santo Amaro que seu primo precisava de sua ajuda. &#8220;Ele rapidinho deixou as coisas de Deus e foi salvar o primo, como uma atitude complementar. Ent\u00e3o, a gente quer servir a Deus, conhecer as coisas de Deus e quer salvar os nossos irm\u00e3os e irm\u00e3s, sobretudo aqueles mais necessitados. Essa miss\u00e3o, o Junior j\u00e1 sabia, essa miss\u00e3o n\u00f3s todos, os frades, queremos mais uma vez assumir. Rezem por n\u00f3s, contem conosco como irm\u00e3os de caminhada que queremos, juntos, conhecer e louvar a Deus e, juntos, queremos servir \u00e0 comunidade, sobretudo servir aos que mais necessitam. Gratid\u00e3o! E que a alegria desta tarde possa iluminar a nossa caminhada hoje e sempre!&#8221;, desejou.<\/p>\n<p>Nos seus agradecimentos, Frei Junior disse: &#8220;Eu s\u00f3 tenho a agradecer a Deus em primeiro lugar. Bendito seja Deus pelo dom da voca\u00e7\u00e3o religiosa franciscana, que aqui nesta igreja, com o discernimento dos frades, eu assumi o caminho de penit\u00eancia de Francisco de Assis. Convicto, sim, mas foi preciso dar o primeiro passo. A gente sabe que \u00e0s vezes n\u00e3o \u00e9 f\u00e1cil. Dificuldades existem, mas vale a pena arriscar. Eu s\u00f3 tenho a agradecer a Deus, a esta comunidade e de modo especial meus familiares&#8221;, disse, lembrando os frades que participaram da Semana Mission\u00e1ria em prepara\u00e7\u00e3o para a sua ordena\u00e7\u00e3o.<\/p>\n<p>Ele agradeceu a Dom Wilson que o ordenou e ao Ministro Provincial Frei Paulo. E fez um agradecimento especial: &#8220;O meu abra\u00e7o e respeito a todos os frades que me acompanharam nesses doze anos de caminhada formativa&#8221;.<\/p>\n<p><img loading=\"lazy\" class=\"alignnone wp-image-237857 size-full\" src=\"https:\/\/franciscanos.org.br\/noticias\/wp-content\/uploads\/2022\/05\/ordenacao_14_11.jpg\" alt=\"\" width=\"1280\" height=\"960\" srcset=\"https:\/\/franciscanos.org.br\/noticias\/wp-content\/uploads\/2022\/05\/ordenacao_14_11.jpg 1280w, https:\/\/franciscanos.org.br\/noticias\/wp-content\/uploads\/2022\/05\/ordenacao_14_11-450x338.jpg 450w, https:\/\/franciscanos.org.br\/noticias\/wp-content\/uploads\/2022\/05\/ordenacao_14_11-1024x768.jpg 1024w, https:\/\/franciscanos.org.br\/noticias\/wp-content\/uploads\/2022\/05\/ordenacao_14_11-768x576.jpg 768w, https:\/\/franciscanos.org.br\/noticias\/wp-content\/uploads\/2022\/05\/ordenacao_14_11-150x113.jpg 150w, https:\/\/franciscanos.org.br\/noticias\/wp-content\/uploads\/2022\/05\/ordenacao_14_11-600x450.jpg 600w\" sizes=\"(max-width: 1280px) 100vw, 1280px\" \/><\/p>\n<p>Dom Wilson, antes da b\u00ean\u00e7\u00e3o final, disse: &#8220;Gostaria de cumprimentar a Ordem Franciscana por esta festa, por mais um padre, e agradecer pela presen\u00e7a na nossa Arquidiocese: Muito, muito obrigado!&#8221;<\/p>\n<p>Neste domingo, Frei Junior celebrar\u00e1 a Primeira Missa, \u00e0s 10 horas, nesta mesma Matriz.<\/p>\n<hr \/>\n<p><em>Comunica\u00e7\u00e3o da Prov\u00edncia da Imaculada Concei\u00e7\u00e3o e\u00a0 Pascom da Par\u00f3quia de Santo Amaro (fotos)<\/em><\/p>\n","protected":false},"excerpt":{"rendered":"<p>Ordena\u00e7\u00e3o Presbiteral de Frei Junior Mendes<\/p>\n","protected":false},"author":3,"featured_media":237858,"comment_status":"open","ping_status":"open","sticky":false,"template":"","format":"standard","meta":[],"categories":[1],"tags":[157],"acf":[],"yoast_head":"<!-- This site is optimized with the Yoast SEO plugin v19.2 - https:\/\/yoast.com\/wordpress\/plugins\/seo\/ -->\n<title>&quot;Que voc\u00ea se encante com esse minist\u00e9rio&quot;, pede D. Wilson a Frei Junior - Not\u00edcias - Franciscanos<\/title>\n<meta name=\"robots\" content=\"index, follow, max-snippet:-1, max-image-preview:large, max-video-preview:-1\" \/>\n<link rel=\"canonical\" href=\"https:\/\/franciscanos.org.br\/noticias\/que-voce-se-encante-com-esse-ministerio-pede-d-wilson-a-frei-junior.html\" \/>\n<meta property=\"og:locale\" content=\"pt_BR\" \/>\n<meta property=\"og:type\" content=\"article\" \/>\n<meta property=\"og:title\" content=\"&quot;Que voc\u00ea se encante com esse minist\u00e9rio&quot;, pede D. Wilson a Frei Junior - Not\u00edcias - Franciscanos\" \/>\n<meta property=\"og:description\" content=\"Ordena\u00e7\u00e3o Presbiteral de Frei Junior Mendes\" \/>\n<meta property=\"og:url\" content=\"https:\/\/franciscanos.org.br\/noticias\/que-voce-se-encante-com-esse-ministerio-pede-d-wilson-a-frei-junior.html\" \/>\n<meta property=\"og:site_name\" content=\"Not\u00edcias - Franciscanos\" \/>\n<meta property=\"article:published_time\" content=\"2022-05-14T22:27:07+00:00\" \/>\n<meta property=\"article:modified_time\" content=\"2023-01-03T17:00:36+00:00\" \/>\n<meta property=\"og:image\" content=\"https:\/\/franciscanos.org.br\/noticias\/wp-content\/uploads\/2022\/05\/ordenacao_14_01.jpg\" \/>\n\t<meta property=\"og:image:width\" content=\"1280\" \/>\n\t<meta property=\"og:image:height\" content=\"720\" \/>\n\t<meta property=\"og:image:type\" content=\"image\/jpeg\" \/>\n<meta name=\"author\" content=\"moacir\" \/>\n<meta name=\"twitter:card\" content=\"summary_large_image\" \/>\n<meta name=\"twitter:label1\" content=\"Escrito por\" \/>\n\t<meta name=\"twitter:data1\" content=\"moacir\" \/>\n\t<meta name=\"twitter:label2\" content=\"Est. tempo de leitura\" \/>\n\t<meta name=\"twitter:data2\" content=\"13 minutos\" \/>\n<script type=\"application\/ld+json\" class=\"yoast-schema-graph\">{\"@context\":\"https:\/\/schema.org\",\"@graph\":[{\"@type\":\"WebSite\",\"@id\":\"https:\/\/franciscanos.org.br\/noticias\/#website\",\"url\":\"https:\/\/franciscanos.org.br\/noticias\/\",\"name\":\"Not\u00edcias - Franciscanos\",\"description\":\"Prov\u00edncia Franciscana da Imaculada Concei\u00e7\u00e3o do Brasil - Ordem dos Frades Menores - OFM\",\"potentialAction\":[{\"@type\":\"SearchAction\",\"target\":{\"@type\":\"EntryPoint\",\"urlTemplate\":\"https:\/\/franciscanos.org.br\/noticias\/?s={search_term_string}\"},\"query-input\":\"required name=search_term_string\"}],\"inLanguage\":\"pt-BR\"},{\"@type\":\"ImageObject\",\"inLanguage\":\"pt-BR\",\"@id\":\"https:\/\/franciscanos.org.br\/noticias\/que-voce-se-encante-com-esse-ministerio-pede-d-wilson-a-frei-junior.html#primaryimage\",\"url\":\"https:\/\/franciscanos.org.br\/noticias\/wp-content\/uploads\/2022\/05\/ordenacao_14_01.jpg\",\"contentUrl\":\"https:\/\/franciscanos.org.br\/noticias\/wp-content\/uploads\/2022\/05\/ordenacao_14_01.jpg\",\"width\":1280,\"height\":720},{\"@type\":\"WebPage\",\"@id\":\"https:\/\/franciscanos.org.br\/noticias\/que-voce-se-encante-com-esse-ministerio-pede-d-wilson-a-frei-junior.html#webpage\",\"url\":\"https:\/\/franciscanos.org.br\/noticias\/que-voce-se-encante-com-esse-ministerio-pede-d-wilson-a-frei-junior.html\",\"name\":\"\\\"Que voc\u00ea se encante com esse minist\u00e9rio\\\", pede D. Wilson a Frei Junior - Not\u00edcias - Franciscanos\",\"isPartOf\":{\"@id\":\"https:\/\/franciscanos.org.br\/noticias\/#website\"},\"primaryImageOfPage\":{\"@id\":\"https:\/\/franciscanos.org.br\/noticias\/que-voce-se-encante-com-esse-ministerio-pede-d-wilson-a-frei-junior.html#primaryimage\"},\"datePublished\":\"2022-05-14T22:27:07+00:00\",\"dateModified\":\"2023-01-03T17:00:36+00:00\",\"author\":{\"@id\":\"https:\/\/franciscanos.org.br\/noticias\/#\/schema\/person\/b5c8cba458c330ccff548b056e95a5d4\"},\"breadcrumb\":{\"@id\":\"https:\/\/franciscanos.org.br\/noticias\/que-voce-se-encante-com-esse-ministerio-pede-d-wilson-a-frei-junior.html#breadcrumb\"},\"inLanguage\":\"pt-BR\",\"potentialAction\":[{\"@type\":\"ReadAction\",\"target\":[\"https:\/\/franciscanos.org.br\/noticias\/que-voce-se-encante-com-esse-ministerio-pede-d-wilson-a-frei-junior.html\"]}]},{\"@type\":\"BreadcrumbList\",\"@id\":\"https:\/\/franciscanos.org.br\/noticias\/que-voce-se-encante-com-esse-ministerio-pede-d-wilson-a-frei-junior.html#breadcrumb\",\"itemListElement\":[{\"@type\":\"ListItem\",\"position\":1,\"name\":\"Home\",\"item\":\"https:\/\/franciscanos.org.br\/noticias\"},{\"@type\":\"ListItem\",\"position\":2,\"name\":\"&#8220;Que voc\u00ea se encante com esse minist\u00e9rio&#8221;, pede D. Wilson a Frei Junior\"}]},{\"@type\":\"Person\",\"@id\":\"https:\/\/franciscanos.org.br\/noticias\/#\/schema\/person\/b5c8cba458c330ccff548b056e95a5d4\",\"name\":\"moacir\",\"image\":{\"@type\":\"ImageObject\",\"inLanguage\":\"pt-BR\",\"@id\":\"https:\/\/franciscanos.org.br\/noticias\/#\/schema\/person\/image\/\",\"url\":\"https:\/\/secure.gravatar.com\/avatar\/d08aa2ce4c8dd416d4479aa8536fcf64?s=96&d=mm&r=g\",\"contentUrl\":\"https:\/\/secure.gravatar.com\/avatar\/d08aa2ce4c8dd416d4479aa8536fcf64?s=96&d=mm&r=g\",\"caption\":\"moacir\"},\"url\":\"https:\/\/franciscanos.org.br\/noticias\/author\/moacir\"}]}<\/script>\n<!-- \/ Yoast SEO plugin. -->","yoast_head_json":{"title":"\"Que voc\u00ea se encante com esse minist\u00e9rio\", pede D. Wilson a Frei Junior - Not\u00edcias - Franciscanos","robots":{"index":"index","follow":"follow","max-snippet":"max-snippet:-1","max-image-preview":"max-image-preview:large","max-video-preview":"max-video-preview:-1"},"canonical":"https:\/\/franciscanos.org.br\/noticias\/que-voce-se-encante-com-esse-ministerio-pede-d-wilson-a-frei-junior.html","og_locale":"pt_BR","og_type":"article","og_title":"\"Que voc\u00ea se encante com esse minist\u00e9rio\", pede D. Wilson a Frei Junior - Not\u00edcias - Franciscanos","og_description":"Ordena\u00e7\u00e3o Presbiteral de Frei Junior Mendes","og_url":"https:\/\/franciscanos.org.br\/noticias\/que-voce-se-encante-com-esse-ministerio-pede-d-wilson-a-frei-junior.html","og_site_name":"Not\u00edcias - Franciscanos","article_published_time":"2022-05-14T22:27:07+00:00","article_modified_time":"2023-01-03T17:00:36+00:00","og_image":[{"width":1280,"height":720,"url":"https:\/\/franciscanos.org.br\/noticias\/wp-content\/uploads\/2022\/05\/ordenacao_14_01.jpg","type":"image\/jpeg"}],"author":"moacir","twitter_card":"summary_large_image","twitter_misc":{"Escrito por":"moacir","Est. tempo de leitura":"13 minutos"},"schema":{"@context":"https:\/\/schema.org","@graph":[{"@type":"WebSite","@id":"https:\/\/franciscanos.org.br\/noticias\/#website","url":"https:\/\/franciscanos.org.br\/noticias\/","name":"Not\u00edcias - Franciscanos","description":"Prov\u00edncia Franciscana da Imaculada Concei\u00e7\u00e3o do Brasil - Ordem dos Frades Menores - OFM","potentialAction":[{"@type":"SearchAction","target":{"@type":"EntryPoint","urlTemplate":"https:\/\/franciscanos.org.br\/noticias\/?s={search_term_string}"},"query-input":"required name=search_term_string"}],"inLanguage":"pt-BR"},{"@type":"ImageObject","inLanguage":"pt-BR","@id":"https:\/\/franciscanos.org.br\/noticias\/que-voce-se-encante-com-esse-ministerio-pede-d-wilson-a-frei-junior.html#primaryimage","url":"https:\/\/franciscanos.org.br\/noticias\/wp-content\/uploads\/2022\/05\/ordenacao_14_01.jpg","contentUrl":"https:\/\/franciscanos.org.br\/noticias\/wp-content\/uploads\/2022\/05\/ordenacao_14_01.jpg","width":1280,"height":720},{"@type":"WebPage","@id":"https:\/\/franciscanos.org.br\/noticias\/que-voce-se-encante-com-esse-ministerio-pede-d-wilson-a-frei-junior.html#webpage","url":"https:\/\/franciscanos.org.br\/noticias\/que-voce-se-encante-com-esse-ministerio-pede-d-wilson-a-frei-junior.html","name":"\"Que voc\u00ea se encante com esse minist\u00e9rio\", pede D. Wilson a Frei Junior - Not\u00edcias - Franciscanos","isPartOf":{"@id":"https:\/\/franciscanos.org.br\/noticias\/#website"},"primaryImageOfPage":{"@id":"https:\/\/franciscanos.org.br\/noticias\/que-voce-se-encante-com-esse-ministerio-pede-d-wilson-a-frei-junior.html#primaryimage"},"datePublished":"2022-05-14T22:27:07+00:00","dateModified":"2023-01-03T17:00:36+00:00","author":{"@id":"https:\/\/franciscanos.org.br\/noticias\/#\/schema\/person\/b5c8cba458c330ccff548b056e95a5d4"},"breadcrumb":{"@id":"https:\/\/franciscanos.org.br\/noticias\/que-voce-se-encante-com-esse-ministerio-pede-d-wilson-a-frei-junior.html#breadcrumb"},"inLanguage":"pt-BR","potentialAction":[{"@type":"ReadAction","target":["https:\/\/franciscanos.org.br\/noticias\/que-voce-se-encante-com-esse-ministerio-pede-d-wilson-a-frei-junior.html"]}]},{"@type":"BreadcrumbList","@id":"https:\/\/franciscanos.org.br\/noticias\/que-voce-se-encante-com-esse-ministerio-pede-d-wilson-a-frei-junior.html#breadcrumb","itemListElement":[{"@type":"ListItem","position":1,"name":"Home","item":"https:\/\/franciscanos.org.br\/noticias"},{"@type":"ListItem","position":2,"name":"&#8220;Que voc\u00ea se encante com esse minist\u00e9rio&#8221;, pede D. Wilson a Frei Junior"}]},{"@type":"Person","@id":"https:\/\/franciscanos.org.br\/noticias\/#\/schema\/person\/b5c8cba458c330ccff548b056e95a5d4","name":"moacir","image":{"@type":"ImageObject","inLanguage":"pt-BR","@id":"https:\/\/franciscanos.org.br\/noticias\/#\/schema\/person\/image\/","url":"https:\/\/secure.gravatar.com\/avatar\/d08aa2ce4c8dd416d4479aa8536fcf64?s=96&d=mm&r=g","contentUrl":"https:\/\/secure.gravatar.com\/avatar\/d08aa2ce4c8dd416d4479aa8536fcf64?s=96&d=mm&r=g","caption":"moacir"},"url":"https:\/\/franciscanos.org.br\/noticias\/author\/moacir"}]}},"_links":{"self":[{"href":"https:\/\/franciscanos.org.br\/noticias\/wp-json\/wp\/v2\/posts\/237856"}],"collection":[{"href":"https:\/\/franciscanos.org.br\/noticias\/wp-json\/wp\/v2\/posts"}],"about":[{"href":"https:\/\/franciscanos.org.br\/noticias\/wp-json\/wp\/v2\/types\/post"}],"author":[{"embeddable":true,"href":"https:\/\/franciscanos.org.br\/noticias\/wp-json\/wp\/v2\/users\/3"}],"replies":[{"embeddable":true,"href":"https:\/\/franciscanos.org.br\/noticias\/wp-json\/wp\/v2\/comments?post=237856"}],"version-history":[{"count":8,"href":"https:\/\/franciscanos.org.br\/noticias\/wp-json\/wp\/v2\/posts\/237856\/revisions"}],"predecessor-version":[{"id":241517,"href":"https:\/\/franciscanos.org.br\/noticias\/wp-json\/wp\/v2\/posts\/237856\/revisions\/241517"}],"wp:featuredmedia":[{"embeddable":true,"href":"https:\/\/franciscanos.org.br\/noticias\/wp-json\/wp\/v2\/media\/237858"}],"wp:attachment":[{"href":"https:\/\/franciscanos.org.br\/noticias\/wp-json\/wp\/v2\/media?parent=237856"}],"wp:term":[{"taxonomy":"category","embeddable":true,"href":"https:\/\/franciscanos.org.br\/noticias\/wp-json\/wp\/v2\/categories?post=237856"},{"taxonomy":"post_tag","embeddable":true,"href":"https:\/\/franciscanos.org.br\/noticias\/wp-json\/wp\/v2\/tags?post=237856"}],"curies":[{"name":"wp","href":"https:\/\/api.w.org\/{rel}","templated":true}]}}