{"id":237841,"date":"2022-05-14T10:03:23","date_gmt":"2022-05-14T13:03:23","guid":{"rendered":"https:\/\/franciscanos.org.br\/noticias\/?p=237841"},"modified":"2022-05-14T10:04:26","modified_gmt":"2022-05-14T13:04:26","slug":"terceiro-dia-do-triduo-em-preparacao-para-a-ordenacao-presbiteral-de-frei-junior-mendes","status":"publish","type":"post","link":"https:\/\/franciscanos.org.br\/noticias\/terceiro-dia-do-triduo-em-preparacao-para-a-ordenacao-presbiteral-de-frei-junior-mendes.html","title":{"rendered":"Terceiro dia do Tr\u00edduo em prepara\u00e7\u00e3o para a Ordena\u00e7\u00e3o Presbiteral de Frei Junior Mendes"},"content":{"rendered":"<p><img loading=\"lazy\" class=\"alignnone wp-image-237842 size-full\" src=\"https:\/\/franciscanos.org.br\/noticias\/wp-content\/uploads\/2022\/05\/terceiro_1405.jpg\" alt=\"\" width=\"1024\" height=\"576\" srcset=\"https:\/\/franciscanos.org.br\/noticias\/wp-content\/uploads\/2022\/05\/terceiro_1405.jpg 1024w, https:\/\/franciscanos.org.br\/noticias\/wp-content\/uploads\/2022\/05\/terceiro_1405-450x253.jpg 450w, https:\/\/franciscanos.org.br\/noticias\/wp-content\/uploads\/2022\/05\/terceiro_1405-768x432.jpg 768w, https:\/\/franciscanos.org.br\/noticias\/wp-content\/uploads\/2022\/05\/terceiro_1405-150x84.jpg 150w\" sizes=\"(max-width: 1024px) 100vw, 1024px\" \/><\/p>\n<p><strong>Santo Amaro da Imperatriz (SC) &#8211;<\/strong> A comunidade Sagrado Cora\u00e7\u00e3o de Jesus, no centro da cidade catarinense de \u00c1guas Mornas (SC), teve uma sexta-feira um tanto diferente. Frades, irm\u00e3s e leigos percorreram muitas casas num dia intenso de visitas na miss\u00e3o realizada em prepara\u00e7\u00e3o para a Ordena\u00e7\u00e3o de Frei Junior Mendes. Foram muitas hist\u00f3rias que os mission\u00e1rios puderam conhecer e em muitas casas puderam rezar, pedir e agradecer. Al\u00e9m deste trabalho de visitas \u00e0s casas, continuaram as atividades com a catequese e escola.<\/p>\n<p><img loading=\"lazy\" class=\"alignnone size-full wp-image-237843\" src=\"https:\/\/franciscanos.org.br\/noticias\/wp-content\/uploads\/2022\/05\/terceiro_1405_1.jpg\" alt=\"\" width=\"1024\" height=\"768\" srcset=\"https:\/\/franciscanos.org.br\/noticias\/wp-content\/uploads\/2022\/05\/terceiro_1405_1.jpg 1024w, https:\/\/franciscanos.org.br\/noticias\/wp-content\/uploads\/2022\/05\/terceiro_1405_1-450x338.jpg 450w, https:\/\/franciscanos.org.br\/noticias\/wp-content\/uploads\/2022\/05\/terceiro_1405_1-768x576.jpg 768w, https:\/\/franciscanos.org.br\/noticias\/wp-content\/uploads\/2022\/05\/terceiro_1405_1-150x113.jpg 150w, https:\/\/franciscanos.org.br\/noticias\/wp-content\/uploads\/2022\/05\/terceiro_1405_1-600x450.jpg 600w\" sizes=\"(max-width: 1024px) 100vw, 1024px\" \/><\/p>\n<p>No final do dia, a celebra\u00e7\u00e3o Eucar\u00edstica encerrou as miss\u00f5es e o tr\u00edduo. Presidida por Frei Josemberg Cardozo Aranha, frade rec\u00e9m-ordenado, a missa contou com grande participa\u00e7\u00e3o do povo. Na homilia, o frade recordou a miss\u00e3o do presb\u00edtero, no servi\u00e7o do cuidado atento \u00e0s pessoas e ao culto. Ap\u00f3s a homilia, com as m\u00e3os tocando a Sagrada Escritura que foi segurada por seus pais, Frei J\u00fanior fez a Declara\u00e7\u00e3o de Fidelidade \u00e0 Igreja no minist\u00e9rio presbiteral. Ao final deste momento, seus pais lhe deram a b\u00ean\u00e7\u00e3o para o bom andamento do seu minist\u00e9rio ordenado como presb\u00edtero.<\/p>\n<p><img loading=\"lazy\" class=\"alignnone size-full wp-image-237844\" src=\"https:\/\/franciscanos.org.br\/noticias\/wp-content\/uploads\/2022\/05\/terceiro_1405_2.jpg\" alt=\"\" width=\"1024\" height=\"697\" srcset=\"https:\/\/franciscanos.org.br\/noticias\/wp-content\/uploads\/2022\/05\/terceiro_1405_2.jpg 1024w, https:\/\/franciscanos.org.br\/noticias\/wp-content\/uploads\/2022\/05\/terceiro_1405_2-450x306.jpg 450w, https:\/\/franciscanos.org.br\/noticias\/wp-content\/uploads\/2022\/05\/terceiro_1405_2-768x523.jpg 768w, https:\/\/franciscanos.org.br\/noticias\/wp-content\/uploads\/2022\/05\/terceiro_1405_2-150x102.jpg 150w\" sizes=\"(max-width: 1024px) 100vw, 1024px\" \/><\/p>\n<p>Ao final da celebra\u00e7\u00e3o, em nome do Servi\u00e7o de Anima\u00e7\u00e3o Vocacional da Prov\u00edncia, Frei Je\u00e2 Paulo Andrade fez um agradecimento a toda a comunidade e aos mission\u00e1rios pelo empenho nas atividades. Chamando todos os mission\u00e1rios a frente da Igreja, pediu que os mesmos se apresentassem para que o povo da comunidade pudesse rezar por eles e conhec\u00ea-los. Frei J\u00fanior tamb\u00e9m tomou a palavra e agradeceu a todos os que estiveram envolvidos nas miss\u00f5es e convidou a assembleia para a sua Ordena\u00e7\u00e3o.<\/p>\n\n\t\t<style type=\"text\/css\">\n\t\t\t#gallery-1 {\n\t\t\t\tmargin: auto;\n\t\t\t}\n\t\t\t#gallery-1 .gallery-item {\n\t\t\t\tfloat: left;\n\t\t\t\tmargin-top: 10px;\n\t\t\t\ttext-align: center;\n\t\t\t\twidth: 20%;\n\t\t\t}\n\t\t\t#gallery-1 img {\n\t\t\t\tborder: 2px solid #cfcfcf;\n\t\t\t}\n\t\t\t#gallery-1 .gallery-caption {\n\t\t\t\tmargin-left: 0;\n\t\t\t}\n\t\t\t\/* see gallery_shortcode() in wp-includes\/media.php *\/\n\t\t<\/style>\n\t\t<div id='gallery-1' class='gallery galleryid-237841 gallery-columns-5 gallery-size-thumbnail'><dl class='gallery-item'>\n\t\t\t<dt class='gallery-icon portrait'>\n\t\t\t\t<a href='https:\/\/franciscanos.org.br\/noticias\/wp-content\/uploads\/2022\/05\/terceiro_01.jpg'><img width=\"300\" height=\"300\" src=\"https:\/\/franciscanos.org.br\/noticias\/wp-content\/uploads\/2022\/05\/terceiro_01-300x300.jpg\" class=\"attachment-thumbnail size-thumbnail\" alt=\"\" loading=\"lazy\" srcset=\"https:\/\/franciscanos.org.br\/noticias\/wp-content\/uploads\/2022\/05\/terceiro_01-300x300.jpg 300w, https:\/\/franciscanos.org.br\/noticias\/wp-content\/uploads\/2022\/05\/terceiro_01-100x100.jpg 100w\" sizes=\"(max-width: 300px) 100vw, 300px\" \/><\/a>\n\t\t\t<\/dt><\/dl><dl class='gallery-item'>\n\t\t\t<dt class='gallery-icon landscape'>\n\t\t\t\t<a href='https:\/\/franciscanos.org.br\/noticias\/wp-content\/uploads\/2022\/05\/terceiro_02.jpg'><img width=\"300\" height=\"300\" src=\"https:\/\/franciscanos.org.br\/noticias\/wp-content\/uploads\/2022\/05\/terceiro_02-300x300.jpg\" class=\"attachment-thumbnail size-thumbnail\" alt=\"\" loading=\"lazy\" srcset=\"https:\/\/franciscanos.org.br\/noticias\/wp-content\/uploads\/2022\/05\/terceiro_02-300x300.jpg 300w, https:\/\/franciscanos.org.br\/noticias\/wp-content\/uploads\/2022\/05\/terceiro_02-100x100.jpg 100w\" sizes=\"(max-width: 300px) 100vw, 300px\" \/><\/a>\n\t\t\t<\/dt><\/dl><dl class='gallery-item'>\n\t\t\t<dt class='gallery-icon landscape'>\n\t\t\t\t<a href='https:\/\/franciscanos.org.br\/noticias\/wp-content\/uploads\/2022\/05\/terceiro_03.jpg'><img width=\"300\" height=\"300\" src=\"https:\/\/franciscanos.org.br\/noticias\/wp-content\/uploads\/2022\/05\/terceiro_03-300x300.jpg\" class=\"attachment-thumbnail size-thumbnail\" alt=\"\" loading=\"lazy\" srcset=\"https:\/\/franciscanos.org.br\/noticias\/wp-content\/uploads\/2022\/05\/terceiro_03-300x300.jpg 300w, https:\/\/franciscanos.org.br\/noticias\/wp-content\/uploads\/2022\/05\/terceiro_03-100x100.jpg 100w\" sizes=\"(max-width: 300px) 100vw, 300px\" \/><\/a>\n\t\t\t<\/dt><\/dl><dl class='gallery-item'>\n\t\t\t<dt class='gallery-icon landscape'>\n\t\t\t\t<a href='https:\/\/franciscanos.org.br\/noticias\/wp-content\/uploads\/2022\/05\/terceiro_04.jpg'><img width=\"300\" height=\"300\" src=\"https:\/\/franciscanos.org.br\/noticias\/wp-content\/uploads\/2022\/05\/terceiro_04-300x300.jpg\" class=\"attachment-thumbnail size-thumbnail\" alt=\"\" loading=\"lazy\" srcset=\"https:\/\/franciscanos.org.br\/noticias\/wp-content\/uploads\/2022\/05\/terceiro_04-300x300.jpg 300w, https:\/\/franciscanos.org.br\/noticias\/wp-content\/uploads\/2022\/05\/terceiro_04-100x100.jpg 100w\" sizes=\"(max-width: 300px) 100vw, 300px\" \/><\/a>\n\t\t\t<\/dt><\/dl><dl class='gallery-item'>\n\t\t\t<dt class='gallery-icon landscape'>\n\t\t\t\t<a href='https:\/\/franciscanos.org.br\/noticias\/wp-content\/uploads\/2022\/05\/terceiro_1405_3.jpg'><img width=\"300\" height=\"300\" src=\"https:\/\/franciscanos.org.br\/noticias\/wp-content\/uploads\/2022\/05\/terceiro_1405_3-300x300.jpg\" class=\"attachment-thumbnail size-thumbnail\" alt=\"\" loading=\"lazy\" srcset=\"https:\/\/franciscanos.org.br\/noticias\/wp-content\/uploads\/2022\/05\/terceiro_1405_3-300x300.jpg 300w, https:\/\/franciscanos.org.br\/noticias\/wp-content\/uploads\/2022\/05\/terceiro_1405_3-100x100.jpg 100w\" sizes=\"(max-width: 300px) 100vw, 300px\" \/><\/a>\n\t\t\t<\/dt><\/dl><br style=\"clear: both\" \/>\n\t\t<\/div>\n\n<hr \/>\n<p><em>Frei Gabriel Dellandrea<\/em><\/p>\n","protected":false},"excerpt":{"rendered":"<p>Ordena\u00e7\u00e3o Presbiteral de Frei Junior Mendes<\/p>\n","protected":false},"author":3,"featured_media":237842,"comment_status":"open","ping_status":"open","sticky":false,"template":"","format":"standard","meta":[],"categories":[1],"tags":[157],"acf":[],"yoast_head":"<!-- This site is optimized with the Yoast SEO plugin v19.2 - https:\/\/yoast.com\/wordpress\/plugins\/seo\/ -->\n<title>Terceiro dia do Tr\u00edduo em prepara\u00e7\u00e3o para a Ordena\u00e7\u00e3o Presbiteral de Frei Junior Mendes - Not\u00edcias - Franciscanos<\/title>\n<meta name=\"robots\" content=\"index, follow, max-snippet:-1, max-image-preview:large, max-video-preview:-1\" \/>\n<link rel=\"canonical\" href=\"https:\/\/franciscanos.org.br\/noticias\/terceiro-dia-do-triduo-em-preparacao-para-a-ordenacao-presbiteral-de-frei-junior-mendes.html\" \/>\n<meta property=\"og:locale\" content=\"pt_BR\" \/>\n<meta property=\"og:type\" content=\"article\" \/>\n<meta property=\"og:title\" content=\"Terceiro dia do Tr\u00edduo em prepara\u00e7\u00e3o para a Ordena\u00e7\u00e3o Presbiteral de Frei Junior Mendes - Not\u00edcias - Franciscanos\" \/>\n<meta property=\"og:description\" content=\"Ordena\u00e7\u00e3o Presbiteral de Frei Junior Mendes\" \/>\n<meta property=\"og:url\" content=\"https:\/\/franciscanos.org.br\/noticias\/terceiro-dia-do-triduo-em-preparacao-para-a-ordenacao-presbiteral-de-frei-junior-mendes.html\" \/>\n<meta property=\"og:site_name\" content=\"Not\u00edcias - Franciscanos\" \/>\n<meta property=\"article:published_time\" content=\"2022-05-14T13:03:23+00:00\" \/>\n<meta property=\"article:modified_time\" content=\"2022-05-14T13:04:26+00:00\" \/>\n<meta property=\"og:image\" content=\"https:\/\/franciscanos.org.br\/noticias\/wp-content\/uploads\/2022\/05\/terceiro_1405.jpg\" \/>\n\t<meta property=\"og:image:width\" content=\"1024\" \/>\n\t<meta property=\"og:image:height\" content=\"576\" \/>\n\t<meta property=\"og:image:type\" content=\"image\/jpeg\" \/>\n<meta name=\"author\" content=\"moacir\" \/>\n<meta name=\"twitter:card\" content=\"summary_large_image\" \/>\n<meta name=\"twitter:label1\" content=\"Escrito por\" \/>\n\t<meta name=\"twitter:data1\" content=\"moacir\" \/>\n\t<meta name=\"twitter:label2\" content=\"Est. tempo de leitura\" \/>\n\t<meta name=\"twitter:data2\" content=\"2 minutos\" \/>\n<script type=\"application\/ld+json\" class=\"yoast-schema-graph\">{\"@context\":\"https:\/\/schema.org\",\"@graph\":[{\"@type\":\"WebSite\",\"@id\":\"https:\/\/franciscanos.org.br\/noticias\/#website\",\"url\":\"https:\/\/franciscanos.org.br\/noticias\/\",\"name\":\"Not\u00edcias - Franciscanos\",\"description\":\"Prov\u00edncia Franciscana da Imaculada Concei\u00e7\u00e3o do Brasil - Ordem dos Frades Menores - OFM\",\"potentialAction\":[{\"@type\":\"SearchAction\",\"target\":{\"@type\":\"EntryPoint\",\"urlTemplate\":\"https:\/\/franciscanos.org.br\/noticias\/?s={search_term_string}\"},\"query-input\":\"required name=search_term_string\"}],\"inLanguage\":\"pt-BR\"},{\"@type\":\"ImageObject\",\"inLanguage\":\"pt-BR\",\"@id\":\"https:\/\/franciscanos.org.br\/noticias\/terceiro-dia-do-triduo-em-preparacao-para-a-ordenacao-presbiteral-de-frei-junior-mendes.html#primaryimage\",\"url\":\"https:\/\/franciscanos.org.br\/noticias\/wp-content\/uploads\/2022\/05\/terceiro_1405.jpg\",\"contentUrl\":\"https:\/\/franciscanos.org.br\/noticias\/wp-content\/uploads\/2022\/05\/terceiro_1405.jpg\",\"width\":1024,\"height\":576},{\"@type\":\"WebPage\",\"@id\":\"https:\/\/franciscanos.org.br\/noticias\/terceiro-dia-do-triduo-em-preparacao-para-a-ordenacao-presbiteral-de-frei-junior-mendes.html#webpage\",\"url\":\"https:\/\/franciscanos.org.br\/noticias\/terceiro-dia-do-triduo-em-preparacao-para-a-ordenacao-presbiteral-de-frei-junior-mendes.html\",\"name\":\"Terceiro dia do Tr\u00edduo em prepara\u00e7\u00e3o para a Ordena\u00e7\u00e3o Presbiteral de Frei Junior Mendes - Not\u00edcias - Franciscanos\",\"isPartOf\":{\"@id\":\"https:\/\/franciscanos.org.br\/noticias\/#website\"},\"primaryImageOfPage\":{\"@id\":\"https:\/\/franciscanos.org.br\/noticias\/terceiro-dia-do-triduo-em-preparacao-para-a-ordenacao-presbiteral-de-frei-junior-mendes.html#primaryimage\"},\"datePublished\":\"2022-05-14T13:03:23+00:00\",\"dateModified\":\"2022-05-14T13:04:26+00:00\",\"author\":{\"@id\":\"https:\/\/franciscanos.org.br\/noticias\/#\/schema\/person\/b5c8cba458c330ccff548b056e95a5d4\"},\"breadcrumb\":{\"@id\":\"https:\/\/franciscanos.org.br\/noticias\/terceiro-dia-do-triduo-em-preparacao-para-a-ordenacao-presbiteral-de-frei-junior-mendes.html#breadcrumb\"},\"inLanguage\":\"pt-BR\",\"potentialAction\":[{\"@type\":\"ReadAction\",\"target\":[\"https:\/\/franciscanos.org.br\/noticias\/terceiro-dia-do-triduo-em-preparacao-para-a-ordenacao-presbiteral-de-frei-junior-mendes.html\"]}]},{\"@type\":\"BreadcrumbList\",\"@id\":\"https:\/\/franciscanos.org.br\/noticias\/terceiro-dia-do-triduo-em-preparacao-para-a-ordenacao-presbiteral-de-frei-junior-mendes.html#breadcrumb\",\"itemListElement\":[{\"@type\":\"ListItem\",\"position\":1,\"name\":\"Home\",\"item\":\"https:\/\/franciscanos.org.br\/noticias\"},{\"@type\":\"ListItem\",\"position\":2,\"name\":\"Terceiro dia do Tr\u00edduo em prepara\u00e7\u00e3o para a Ordena\u00e7\u00e3o Presbiteral de Frei Junior Mendes\"}]},{\"@type\":\"Person\",\"@id\":\"https:\/\/franciscanos.org.br\/noticias\/#\/schema\/person\/b5c8cba458c330ccff548b056e95a5d4\",\"name\":\"moacir\",\"image\":{\"@type\":\"ImageObject\",\"inLanguage\":\"pt-BR\",\"@id\":\"https:\/\/franciscanos.org.br\/noticias\/#\/schema\/person\/image\/\",\"url\":\"https:\/\/secure.gravatar.com\/avatar\/d08aa2ce4c8dd416d4479aa8536fcf64?s=96&d=mm&r=g\",\"contentUrl\":\"https:\/\/secure.gravatar.com\/avatar\/d08aa2ce4c8dd416d4479aa8536fcf64?s=96&d=mm&r=g\",\"caption\":\"moacir\"},\"url\":\"https:\/\/franciscanos.org.br\/noticias\/author\/moacir\"}]}<\/script>\n<!-- \/ Yoast SEO plugin. -->","yoast_head_json":{"title":"Terceiro dia do Tr\u00edduo em prepara\u00e7\u00e3o para a Ordena\u00e7\u00e3o Presbiteral de Frei Junior Mendes - Not\u00edcias - Franciscanos","robots":{"index":"index","follow":"follow","max-snippet":"max-snippet:-1","max-image-preview":"max-image-preview:large","max-video-preview":"max-video-preview:-1"},"canonical":"https:\/\/franciscanos.org.br\/noticias\/terceiro-dia-do-triduo-em-preparacao-para-a-ordenacao-presbiteral-de-frei-junior-mendes.html","og_locale":"pt_BR","og_type":"article","og_title":"Terceiro dia do Tr\u00edduo em prepara\u00e7\u00e3o para a Ordena\u00e7\u00e3o Presbiteral de Frei Junior Mendes - Not\u00edcias - Franciscanos","og_description":"Ordena\u00e7\u00e3o Presbiteral de Frei Junior Mendes","og_url":"https:\/\/franciscanos.org.br\/noticias\/terceiro-dia-do-triduo-em-preparacao-para-a-ordenacao-presbiteral-de-frei-junior-mendes.html","og_site_name":"Not\u00edcias - Franciscanos","article_published_time":"2022-05-14T13:03:23+00:00","article_modified_time":"2022-05-14T13:04:26+00:00","og_image":[{"width":1024,"height":576,"url":"https:\/\/franciscanos.org.br\/noticias\/wp-content\/uploads\/2022\/05\/terceiro_1405.jpg","type":"image\/jpeg"}],"author":"moacir","twitter_card":"summary_large_image","twitter_misc":{"Escrito por":"moacir","Est. tempo de leitura":"2 minutos"},"schema":{"@context":"https:\/\/schema.org","@graph":[{"@type":"WebSite","@id":"https:\/\/franciscanos.org.br\/noticias\/#website","url":"https:\/\/franciscanos.org.br\/noticias\/","name":"Not\u00edcias - Franciscanos","description":"Prov\u00edncia Franciscana da Imaculada Concei\u00e7\u00e3o do Brasil - Ordem dos Frades Menores - OFM","potentialAction":[{"@type":"SearchAction","target":{"@type":"EntryPoint","urlTemplate":"https:\/\/franciscanos.org.br\/noticias\/?s={search_term_string}"},"query-input":"required name=search_term_string"}],"inLanguage":"pt-BR"},{"@type":"ImageObject","inLanguage":"pt-BR","@id":"https:\/\/franciscanos.org.br\/noticias\/terceiro-dia-do-triduo-em-preparacao-para-a-ordenacao-presbiteral-de-frei-junior-mendes.html#primaryimage","url":"https:\/\/franciscanos.org.br\/noticias\/wp-content\/uploads\/2022\/05\/terceiro_1405.jpg","contentUrl":"https:\/\/franciscanos.org.br\/noticias\/wp-content\/uploads\/2022\/05\/terceiro_1405.jpg","width":1024,"height":576},{"@type":"WebPage","@id":"https:\/\/franciscanos.org.br\/noticias\/terceiro-dia-do-triduo-em-preparacao-para-a-ordenacao-presbiteral-de-frei-junior-mendes.html#webpage","url":"https:\/\/franciscanos.org.br\/noticias\/terceiro-dia-do-triduo-em-preparacao-para-a-ordenacao-presbiteral-de-frei-junior-mendes.html","name":"Terceiro dia do Tr\u00edduo em prepara\u00e7\u00e3o para a Ordena\u00e7\u00e3o Presbiteral de Frei Junior Mendes - Not\u00edcias - Franciscanos","isPartOf":{"@id":"https:\/\/franciscanos.org.br\/noticias\/#website"},"primaryImageOfPage":{"@id":"https:\/\/franciscanos.org.br\/noticias\/terceiro-dia-do-triduo-em-preparacao-para-a-ordenacao-presbiteral-de-frei-junior-mendes.html#primaryimage"},"datePublished":"2022-05-14T13:03:23+00:00","dateModified":"2022-05-14T13:04:26+00:00","author":{"@id":"https:\/\/franciscanos.org.br\/noticias\/#\/schema\/person\/b5c8cba458c330ccff548b056e95a5d4"},"breadcrumb":{"@id":"https:\/\/franciscanos.org.br\/noticias\/terceiro-dia-do-triduo-em-preparacao-para-a-ordenacao-presbiteral-de-frei-junior-mendes.html#breadcrumb"},"inLanguage":"pt-BR","potentialAction":[{"@type":"ReadAction","target":["https:\/\/franciscanos.org.br\/noticias\/terceiro-dia-do-triduo-em-preparacao-para-a-ordenacao-presbiteral-de-frei-junior-mendes.html"]}]},{"@type":"BreadcrumbList","@id":"https:\/\/franciscanos.org.br\/noticias\/terceiro-dia-do-triduo-em-preparacao-para-a-ordenacao-presbiteral-de-frei-junior-mendes.html#breadcrumb","itemListElement":[{"@type":"ListItem","position":1,"name":"Home","item":"https:\/\/franciscanos.org.br\/noticias"},{"@type":"ListItem","position":2,"name":"Terceiro dia do Tr\u00edduo em prepara\u00e7\u00e3o para a Ordena\u00e7\u00e3o Presbiteral de Frei Junior Mendes"}]},{"@type":"Person","@id":"https:\/\/franciscanos.org.br\/noticias\/#\/schema\/person\/b5c8cba458c330ccff548b056e95a5d4","name":"moacir","image":{"@type":"ImageObject","inLanguage":"pt-BR","@id":"https:\/\/franciscanos.org.br\/noticias\/#\/schema\/person\/image\/","url":"https:\/\/secure.gravatar.com\/avatar\/d08aa2ce4c8dd416d4479aa8536fcf64?s=96&d=mm&r=g","contentUrl":"https:\/\/secure.gravatar.com\/avatar\/d08aa2ce4c8dd416d4479aa8536fcf64?s=96&d=mm&r=g","caption":"moacir"},"url":"https:\/\/franciscanos.org.br\/noticias\/author\/moacir"}]}},"_links":{"self":[{"href":"https:\/\/franciscanos.org.br\/noticias\/wp-json\/wp\/v2\/posts\/237841"}],"collection":[{"href":"https:\/\/franciscanos.org.br\/noticias\/wp-json\/wp\/v2\/posts"}],"about":[{"href":"https:\/\/franciscanos.org.br\/noticias\/wp-json\/wp\/v2\/types\/post"}],"author":[{"embeddable":true,"href":"https:\/\/franciscanos.org.br\/noticias\/wp-json\/wp\/v2\/users\/3"}],"replies":[{"embeddable":true,"href":"https:\/\/franciscanos.org.br\/noticias\/wp-json\/wp\/v2\/comments?post=237841"}],"version-history":[{"count":2,"href":"https:\/\/franciscanos.org.br\/noticias\/wp-json\/wp\/v2\/posts\/237841\/revisions"}],"predecessor-version":[{"id":237851,"href":"https:\/\/franciscanos.org.br\/noticias\/wp-json\/wp\/v2\/posts\/237841\/revisions\/237851"}],"wp:featuredmedia":[{"embeddable":true,"href":"https:\/\/franciscanos.org.br\/noticias\/wp-json\/wp\/v2\/media\/237842"}],"wp:attachment":[{"href":"https:\/\/franciscanos.org.br\/noticias\/wp-json\/wp\/v2\/media?parent=237841"}],"wp:term":[{"taxonomy":"category","embeddable":true,"href":"https:\/\/franciscanos.org.br\/noticias\/wp-json\/wp\/v2\/categories?post=237841"},{"taxonomy":"post_tag","embeddable":true,"href":"https:\/\/franciscanos.org.br\/noticias\/wp-json\/wp\/v2\/tags?post=237841"}],"curies":[{"name":"wp","href":"https:\/\/api.w.org\/{rel}","templated":true}]}}