{"id":237801,"date":"2022-05-11T08:17:13","date_gmt":"2022-05-11T11:17:13","guid":{"rendered":"https:\/\/franciscanos.org.br\/noticias\/?p=237801"},"modified":"2022-05-11T08:17:13","modified_gmt":"2022-05-11T11:17:13","slug":"o-tesouro-de-francisco-primeiro-livro-do-ministro-geral","status":"publish","type":"post","link":"https:\/\/franciscanos.org.br\/noticias\/o-tesouro-de-francisco-primeiro-livro-do-ministro-geral.html","title":{"rendered":"&#8220;O tesouro de Francisco&#8221;, primeiro livro do Ministro Geral"},"content":{"rendered":"<p><img loading=\"lazy\" class=\"alignnone size-full wp-image-237802\" src=\"https:\/\/franciscanos.org.br\/noticias\/wp-content\/uploads\/2022\/05\/francisco_1105.jpg\" alt=\"\" width=\"1280\" height=\"720\" srcset=\"https:\/\/franciscanos.org.br\/noticias\/wp-content\/uploads\/2022\/05\/francisco_1105.jpg 1280w, https:\/\/franciscanos.org.br\/noticias\/wp-content\/uploads\/2022\/05\/francisco_1105-450x253.jpg 450w, https:\/\/franciscanos.org.br\/noticias\/wp-content\/uploads\/2022\/05\/francisco_1105-1024x576.jpg 1024w, https:\/\/franciscanos.org.br\/noticias\/wp-content\/uploads\/2022\/05\/francisco_1105-768x432.jpg 768w, https:\/\/franciscanos.org.br\/noticias\/wp-content\/uploads\/2022\/05\/francisco_1105-150x84.jpg 150w\" sizes=\"(max-width: 1280px) 100vw, 1280px\" \/><\/p>\n<p>&#8220;Il Tesoro di Francesco&#8221; (O Tesouro de Francisco) \u00e9 um livro que recompila alguns dos escritos de Frei Massimo Fussarelli, Ministro Geral dos Frades Menores desde julho de 2021, publicado pela TS Edizioni e tamb\u00e9m dispon\u00edvel em e-book. S\u00e3o mais de vinte discursos compostos ao longo do \u00faltimo ano, e em diferentes ocasi\u00f5es, desde que iniciou seu novo servi\u00e7o e que, em muitos aspectos, aludem a Francisco de Assis e \u00e0 vis\u00e3o franciscana do mundo, argumento obviamente central no minist\u00e9rio de quem dirige a Ordem dos Frades Menores.<\/p>\n<p>\u201cO que mais chama a aten\u00e7\u00e3o nesses escritos \u00e9 a abordagem profunda que conjuga f\u00e9 e ser no mundo, com uma vis\u00e3o n\u00e3o \u00edntimista da f\u00e9 e uma vis\u00e3o crente do mundo\u201d, escreve Pe. Cesare Vaiani, OFM, no pref\u00e1cio. Surge uma experi\u00eancia pessoal, claramente apreendida e humildemente oferecida aos irm\u00e3os, como um ind\u00edcio que n\u00e3o est\u00e1 arraigada na teoria, mas na experi\u00eancia concreta. Essa caracter\u00edstica testemunhal permite uma leitura convincente desses textos, que combinam doutrina e lucidez cr\u00edtica com uma f\u00e9 encarnada e, por que n\u00e3o, com um toque de paix\u00e3o. Esta intersec\u00e7\u00e3o entre f\u00e9 e mundo, entre teoria e pr\u00e1tica, entre mente e cora\u00e7\u00e3o, distingue a experi\u00eancia espiritual crist\u00e3, que encontra sua refer\u00eancia essencial na humanidade aben\u00e7oada do Verbo Encarnado.<\/p>\n<p>As reflex\u00f5es espirituais de Frei Fusarelli se caracterizam tamb\u00e9m pela refer\u00eancia a algumas circunst\u00e2ncias precisas, muitas vezes indicadas numa breve nota no in\u00edcio dos textos. A liga\u00e7\u00e3o entre contextos e situa\u00e7\u00f5es concretas \u00e9 enriquecida pela experi\u00eancia vivida, sem impedir que falem com cada leitor. Deste v\u00ednculo com a vida emerge tamb\u00e9m no car\u00e1ter testemunhal que caracteriza muitos desses textos, pois h\u00e1 elementos significativos sobre o santo de Assis, bem como indica\u00e7\u00f5es de quem fala dele. Esta forma de propor um tema, no \u00e2mbito crist\u00e3o, chama-se testemunho e \u00e9 t\u00edpico do an\u00fancio do Evangelho. Quando falo de Cristo (parece que o Ministro Geral assim o diz) tamb\u00e9m revelo pouco ou muito de mim mesmo, nem que seja pelo fogo e paix\u00e3o com que falo dele, e quando falo de mim n\u00e3o posso deixar de referir-me a Cristo, pelo lugar central que ocupa na minha vida.<\/p>\n<p>Em outubro de 2021, Frei Massimo Fusarelli foi a Jerusal\u00e9m como peregrino, escolhendo a Terra Santa como seu primeiro destino em sua nova responsabilidade como Ministro Geral. Suas reflex\u00f5es no Cen\u00e1culo e no Santo Sepulcro, no final do livro, sublinham o profundo significado que a Cust\u00f3dia tem para toda a Ordem dos Frades Menores.<\/p>\n<hr \/>\n<p><em>Fonte: <a href=\"http:\/\/www.ofm.org\">www.ofm.org<\/a><\/em><\/p>\n","protected":false},"excerpt":{"rendered":"<p>Ordem dos Frades Menores<\/p>\n","protected":false},"author":3,"featured_media":237802,"comment_status":"open","ping_status":"open","sticky":false,"template":"","format":"standard","meta":[],"categories":[1],"tags":[2013,184],"acf":[],"yoast_head":"<!-- This site is optimized with the Yoast SEO plugin v19.2 - https:\/\/yoast.com\/wordpress\/plugins\/seo\/ -->\n<title>&quot;O tesouro de Francisco&quot;, primeiro livro do Ministro Geral - Not\u00edcias - Franciscanos<\/title>\n<meta name=\"robots\" content=\"index, follow, max-snippet:-1, max-image-preview:large, max-video-preview:-1\" \/>\n<link rel=\"canonical\" href=\"https:\/\/franciscanos.org.br\/noticias\/o-tesouro-de-francisco-primeiro-livro-do-ministro-geral.html\" \/>\n<meta property=\"og:locale\" content=\"pt_BR\" \/>\n<meta property=\"og:type\" content=\"article\" \/>\n<meta property=\"og:title\" content=\"&quot;O tesouro de Francisco&quot;, primeiro livro do Ministro Geral - Not\u00edcias - Franciscanos\" \/>\n<meta property=\"og:description\" content=\"Ordem dos Frades Menores\" \/>\n<meta property=\"og:url\" content=\"https:\/\/franciscanos.org.br\/noticias\/o-tesouro-de-francisco-primeiro-livro-do-ministro-geral.html\" \/>\n<meta property=\"og:site_name\" content=\"Not\u00edcias - Franciscanos\" \/>\n<meta property=\"article:published_time\" content=\"2022-05-11T11:17:13+00:00\" \/>\n<meta property=\"og:image\" content=\"https:\/\/franciscanos.org.br\/noticias\/wp-content\/uploads\/2022\/05\/francisco_1105.jpg\" \/>\n\t<meta property=\"og:image:width\" content=\"1280\" \/>\n\t<meta property=\"og:image:height\" content=\"720\" \/>\n\t<meta property=\"og:image:type\" content=\"image\/jpeg\" \/>\n<meta name=\"author\" content=\"moacir\" \/>\n<meta name=\"twitter:card\" content=\"summary_large_image\" \/>\n<meta name=\"twitter:label1\" content=\"Escrito por\" \/>\n\t<meta name=\"twitter:data1\" content=\"moacir\" \/>\n\t<meta name=\"twitter:label2\" content=\"Est. tempo de leitura\" \/>\n\t<meta name=\"twitter:data2\" content=\"2 minutos\" \/>\n<script type=\"application\/ld+json\" class=\"yoast-schema-graph\">{\"@context\":\"https:\/\/schema.org\",\"@graph\":[{\"@type\":\"WebSite\",\"@id\":\"https:\/\/franciscanos.org.br\/noticias\/#website\",\"url\":\"https:\/\/franciscanos.org.br\/noticias\/\",\"name\":\"Not\u00edcias - Franciscanos\",\"description\":\"Prov\u00edncia Franciscana da Imaculada Concei\u00e7\u00e3o do Brasil - Ordem dos Frades Menores - OFM\",\"potentialAction\":[{\"@type\":\"SearchAction\",\"target\":{\"@type\":\"EntryPoint\",\"urlTemplate\":\"https:\/\/franciscanos.org.br\/noticias\/?s={search_term_string}\"},\"query-input\":\"required name=search_term_string\"}],\"inLanguage\":\"pt-BR\"},{\"@type\":\"ImageObject\",\"inLanguage\":\"pt-BR\",\"@id\":\"https:\/\/franciscanos.org.br\/noticias\/o-tesouro-de-francisco-primeiro-livro-do-ministro-geral.html#primaryimage\",\"url\":\"https:\/\/franciscanos.org.br\/noticias\/wp-content\/uploads\/2022\/05\/francisco_1105.jpg\",\"contentUrl\":\"https:\/\/franciscanos.org.br\/noticias\/wp-content\/uploads\/2022\/05\/francisco_1105.jpg\",\"width\":1280,\"height\":720},{\"@type\":\"WebPage\",\"@id\":\"https:\/\/franciscanos.org.br\/noticias\/o-tesouro-de-francisco-primeiro-livro-do-ministro-geral.html#webpage\",\"url\":\"https:\/\/franciscanos.org.br\/noticias\/o-tesouro-de-francisco-primeiro-livro-do-ministro-geral.html\",\"name\":\"\\\"O tesouro de Francisco\\\", primeiro livro do Ministro Geral - Not\u00edcias - Franciscanos\",\"isPartOf\":{\"@id\":\"https:\/\/franciscanos.org.br\/noticias\/#website\"},\"primaryImageOfPage\":{\"@id\":\"https:\/\/franciscanos.org.br\/noticias\/o-tesouro-de-francisco-primeiro-livro-do-ministro-geral.html#primaryimage\"},\"datePublished\":\"2022-05-11T11:17:13+00:00\",\"dateModified\":\"2022-05-11T11:17:13+00:00\",\"author\":{\"@id\":\"https:\/\/franciscanos.org.br\/noticias\/#\/schema\/person\/b5c8cba458c330ccff548b056e95a5d4\"},\"breadcrumb\":{\"@id\":\"https:\/\/franciscanos.org.br\/noticias\/o-tesouro-de-francisco-primeiro-livro-do-ministro-geral.html#breadcrumb\"},\"inLanguage\":\"pt-BR\",\"potentialAction\":[{\"@type\":\"ReadAction\",\"target\":[\"https:\/\/franciscanos.org.br\/noticias\/o-tesouro-de-francisco-primeiro-livro-do-ministro-geral.html\"]}]},{\"@type\":\"BreadcrumbList\",\"@id\":\"https:\/\/franciscanos.org.br\/noticias\/o-tesouro-de-francisco-primeiro-livro-do-ministro-geral.html#breadcrumb\",\"itemListElement\":[{\"@type\":\"ListItem\",\"position\":1,\"name\":\"Home\",\"item\":\"https:\/\/franciscanos.org.br\/noticias\"},{\"@type\":\"ListItem\",\"position\":2,\"name\":\"&#8220;O tesouro de Francisco&#8221;, primeiro livro do Ministro Geral\"}]},{\"@type\":\"Person\",\"@id\":\"https:\/\/franciscanos.org.br\/noticias\/#\/schema\/person\/b5c8cba458c330ccff548b056e95a5d4\",\"name\":\"moacir\",\"image\":{\"@type\":\"ImageObject\",\"inLanguage\":\"pt-BR\",\"@id\":\"https:\/\/franciscanos.org.br\/noticias\/#\/schema\/person\/image\/\",\"url\":\"https:\/\/secure.gravatar.com\/avatar\/d08aa2ce4c8dd416d4479aa8536fcf64?s=96&d=mm&r=g\",\"contentUrl\":\"https:\/\/secure.gravatar.com\/avatar\/d08aa2ce4c8dd416d4479aa8536fcf64?s=96&d=mm&r=g\",\"caption\":\"moacir\"},\"url\":\"https:\/\/franciscanos.org.br\/noticias\/author\/moacir\"}]}<\/script>\n<!-- \/ Yoast SEO plugin. -->","yoast_head_json":{"title":"\"O tesouro de Francisco\", primeiro livro do Ministro Geral - Not\u00edcias - Franciscanos","robots":{"index":"index","follow":"follow","max-snippet":"max-snippet:-1","max-image-preview":"max-image-preview:large","max-video-preview":"max-video-preview:-1"},"canonical":"https:\/\/franciscanos.org.br\/noticias\/o-tesouro-de-francisco-primeiro-livro-do-ministro-geral.html","og_locale":"pt_BR","og_type":"article","og_title":"\"O tesouro de Francisco\", primeiro livro do Ministro Geral - Not\u00edcias - Franciscanos","og_description":"Ordem dos Frades Menores","og_url":"https:\/\/franciscanos.org.br\/noticias\/o-tesouro-de-francisco-primeiro-livro-do-ministro-geral.html","og_site_name":"Not\u00edcias - Franciscanos","article_published_time":"2022-05-11T11:17:13+00:00","og_image":[{"width":1280,"height":720,"url":"https:\/\/franciscanos.org.br\/noticias\/wp-content\/uploads\/2022\/05\/francisco_1105.jpg","type":"image\/jpeg"}],"author":"moacir","twitter_card":"summary_large_image","twitter_misc":{"Escrito por":"moacir","Est. tempo de leitura":"2 minutos"},"schema":{"@context":"https:\/\/schema.org","@graph":[{"@type":"WebSite","@id":"https:\/\/franciscanos.org.br\/noticias\/#website","url":"https:\/\/franciscanos.org.br\/noticias\/","name":"Not\u00edcias - Franciscanos","description":"Prov\u00edncia Franciscana da Imaculada Concei\u00e7\u00e3o do Brasil - Ordem dos Frades Menores - OFM","potentialAction":[{"@type":"SearchAction","target":{"@type":"EntryPoint","urlTemplate":"https:\/\/franciscanos.org.br\/noticias\/?s={search_term_string}"},"query-input":"required name=search_term_string"}],"inLanguage":"pt-BR"},{"@type":"ImageObject","inLanguage":"pt-BR","@id":"https:\/\/franciscanos.org.br\/noticias\/o-tesouro-de-francisco-primeiro-livro-do-ministro-geral.html#primaryimage","url":"https:\/\/franciscanos.org.br\/noticias\/wp-content\/uploads\/2022\/05\/francisco_1105.jpg","contentUrl":"https:\/\/franciscanos.org.br\/noticias\/wp-content\/uploads\/2022\/05\/francisco_1105.jpg","width":1280,"height":720},{"@type":"WebPage","@id":"https:\/\/franciscanos.org.br\/noticias\/o-tesouro-de-francisco-primeiro-livro-do-ministro-geral.html#webpage","url":"https:\/\/franciscanos.org.br\/noticias\/o-tesouro-de-francisco-primeiro-livro-do-ministro-geral.html","name":"\"O tesouro de Francisco\", primeiro livro do Ministro Geral - Not\u00edcias - Franciscanos","isPartOf":{"@id":"https:\/\/franciscanos.org.br\/noticias\/#website"},"primaryImageOfPage":{"@id":"https:\/\/franciscanos.org.br\/noticias\/o-tesouro-de-francisco-primeiro-livro-do-ministro-geral.html#primaryimage"},"datePublished":"2022-05-11T11:17:13+00:00","dateModified":"2022-05-11T11:17:13+00:00","author":{"@id":"https:\/\/franciscanos.org.br\/noticias\/#\/schema\/person\/b5c8cba458c330ccff548b056e95a5d4"},"breadcrumb":{"@id":"https:\/\/franciscanos.org.br\/noticias\/o-tesouro-de-francisco-primeiro-livro-do-ministro-geral.html#breadcrumb"},"inLanguage":"pt-BR","potentialAction":[{"@type":"ReadAction","target":["https:\/\/franciscanos.org.br\/noticias\/o-tesouro-de-francisco-primeiro-livro-do-ministro-geral.html"]}]},{"@type":"BreadcrumbList","@id":"https:\/\/franciscanos.org.br\/noticias\/o-tesouro-de-francisco-primeiro-livro-do-ministro-geral.html#breadcrumb","itemListElement":[{"@type":"ListItem","position":1,"name":"Home","item":"https:\/\/franciscanos.org.br\/noticias"},{"@type":"ListItem","position":2,"name":"&#8220;O tesouro de Francisco&#8221;, primeiro livro do Ministro Geral"}]},{"@type":"Person","@id":"https:\/\/franciscanos.org.br\/noticias\/#\/schema\/person\/b5c8cba458c330ccff548b056e95a5d4","name":"moacir","image":{"@type":"ImageObject","inLanguage":"pt-BR","@id":"https:\/\/franciscanos.org.br\/noticias\/#\/schema\/person\/image\/","url":"https:\/\/secure.gravatar.com\/avatar\/d08aa2ce4c8dd416d4479aa8536fcf64?s=96&d=mm&r=g","contentUrl":"https:\/\/secure.gravatar.com\/avatar\/d08aa2ce4c8dd416d4479aa8536fcf64?s=96&d=mm&r=g","caption":"moacir"},"url":"https:\/\/franciscanos.org.br\/noticias\/author\/moacir"}]}},"_links":{"self":[{"href":"https:\/\/franciscanos.org.br\/noticias\/wp-json\/wp\/v2\/posts\/237801"}],"collection":[{"href":"https:\/\/franciscanos.org.br\/noticias\/wp-json\/wp\/v2\/posts"}],"about":[{"href":"https:\/\/franciscanos.org.br\/noticias\/wp-json\/wp\/v2\/types\/post"}],"author":[{"embeddable":true,"href":"https:\/\/franciscanos.org.br\/noticias\/wp-json\/wp\/v2\/users\/3"}],"replies":[{"embeddable":true,"href":"https:\/\/franciscanos.org.br\/noticias\/wp-json\/wp\/v2\/comments?post=237801"}],"version-history":[{"count":1,"href":"https:\/\/franciscanos.org.br\/noticias\/wp-json\/wp\/v2\/posts\/237801\/revisions"}],"predecessor-version":[{"id":237804,"href":"https:\/\/franciscanos.org.br\/noticias\/wp-json\/wp\/v2\/posts\/237801\/revisions\/237804"}],"wp:featuredmedia":[{"embeddable":true,"href":"https:\/\/franciscanos.org.br\/noticias\/wp-json\/wp\/v2\/media\/237802"}],"wp:attachment":[{"href":"https:\/\/franciscanos.org.br\/noticias\/wp-json\/wp\/v2\/media?parent=237801"}],"wp:term":[{"taxonomy":"category","embeddable":true,"href":"https:\/\/franciscanos.org.br\/noticias\/wp-json\/wp\/v2\/categories?post=237801"},{"taxonomy":"post_tag","embeddable":true,"href":"https:\/\/franciscanos.org.br\/noticias\/wp-json\/wp\/v2\/tags?post=237801"}],"curies":[{"name":"wp","href":"https:\/\/api.w.org\/{rel}","templated":true}]}}