{"id":237794,"date":"2022-05-11T07:35:51","date_gmt":"2022-05-11T10:35:51","guid":{"rendered":"https:\/\/franciscanos.org.br\/noticias\/?p=237794"},"modified":"2022-05-11T07:35:51","modified_gmt":"2022-05-11T10:35:51","slug":"santo-amaro-da-imperatriz-inicia-semana-missionaria-em-preparacao-para-a-ordenacao-de-frei-junior","status":"publish","type":"post","link":"https:\/\/franciscanos.org.br\/noticias\/santo-amaro-da-imperatriz-inicia-semana-missionaria-em-preparacao-para-a-ordenacao-de-frei-junior.html","title":{"rendered":"Santo Amaro da Imperatriz inicia Semana Mission\u00e1ria em prepara\u00e7\u00e3o para a ordena\u00e7\u00e3o de Frei Junior"},"content":{"rendered":"<p><img loading=\"lazy\" class=\"alignnone size-full wp-image-237795\" src=\"https:\/\/franciscanos.org.br\/noticias\/wp-content\/uploads\/2022\/05\/envio_1105.jpg\" alt=\"\" width=\"1280\" height=\"720\" srcset=\"https:\/\/franciscanos.org.br\/noticias\/wp-content\/uploads\/2022\/05\/envio_1105.jpg 1280w, https:\/\/franciscanos.org.br\/noticias\/wp-content\/uploads\/2022\/05\/envio_1105-450x253.jpg 450w, https:\/\/franciscanos.org.br\/noticias\/wp-content\/uploads\/2022\/05\/envio_1105-1024x576.jpg 1024w, https:\/\/franciscanos.org.br\/noticias\/wp-content\/uploads\/2022\/05\/envio_1105-768x432.jpg 768w, https:\/\/franciscanos.org.br\/noticias\/wp-content\/uploads\/2022\/05\/envio_1105-150x84.jpg 150w\" sizes=\"(max-width: 1280px) 100vw, 1280px\" \/><\/p>\n<p>Nesta ter\u00e7a-feira (10\/05), a imponente Igreja Matriz de Santo Amaro da Imperatriz acolheu, \u00e0s 19h, a celebra\u00e7\u00e3o de envio do grupo de mission\u00e1rios que ir\u00e1 desempenhar algumas atividades evangelizadoras durante os dias que antecedem \u00e0 ordena\u00e7\u00e3o presbiteral de Frei Junior Mendes. A Missa, animada pelos frades franciscanos, foi presidida pelo Animador Vocacional Provincial Frei Je\u00e2 Paulo Andrade, e contou tamb\u00e9m com a presen\u00e7a de muitos paroquianos, especialmente da Ordem Franciscana Secular.<\/p>\n<p><img loading=\"lazy\" class=\"alignnone size-full wp-image-237796\" src=\"https:\/\/franciscanos.org.br\/noticias\/wp-content\/uploads\/2022\/05\/envio_1105_4.jpg\" alt=\"\" width=\"1280\" height=\"1412\" srcset=\"https:\/\/franciscanos.org.br\/noticias\/wp-content\/uploads\/2022\/05\/envio_1105_4.jpg 979w, https:\/\/franciscanos.org.br\/noticias\/wp-content\/uploads\/2022\/05\/envio_1105_4-408x450.jpg 408w, https:\/\/franciscanos.org.br\/noticias\/wp-content\/uploads\/2022\/05\/envio_1105_4-928x1024.jpg 928w, https:\/\/franciscanos.org.br\/noticias\/wp-content\/uploads\/2022\/05\/envio_1105_4-768x847.jpg 768w, https:\/\/franciscanos.org.br\/noticias\/wp-content\/uploads\/2022\/05\/envio_1105_4-150x165.jpg 150w\" sizes=\"(max-width: 1280px) 100vw, 1280px\" \/><\/p>\n<p>O frade, na homilia, destacou que assim como os primeiros crist\u00e3os apresentados na primeira leitura, os mission\u00e1rios ao longo deste dia devem possuir as virtudes da f\u00e9, da bondade e da busca por agir conforme o Esp\u00edrito. Al\u00e9m disso, agradeceu a toda a Par\u00f3quia pelo empenho em tudo o que j\u00e1 foi visto em prepara\u00e7\u00e3o para a ordena\u00e7\u00e3o. Em seguida, o presidente da celebra\u00e7\u00e3o convidou para que viessem \u00e0 frente os mission\u00e1rios e mission\u00e1rias que durante a semana estar\u00e3o realizando as atividades. Frades e irm\u00e3s franciscanas se apresentaram, destacando-se em maior grupo os jovens novi\u00e7os do Noviciado S\u00e3o Jos\u00e9 de Rodeio, que junto com o mestre Frei Samuel Ferreira de Lima, vieram para as atividades.<\/p>\n<p><img loading=\"lazy\" class=\"alignnone size-full wp-image-237797\" src=\"https:\/\/franciscanos.org.br\/noticias\/wp-content\/uploads\/2022\/05\/envio_1105_3.jpg\" alt=\"\" width=\"1280\" height=\"835\" srcset=\"https:\/\/franciscanos.org.br\/noticias\/wp-content\/uploads\/2022\/05\/envio_1105_3.jpg 1280w, https:\/\/franciscanos.org.br\/noticias\/wp-content\/uploads\/2022\/05\/envio_1105_3-450x294.jpg 450w, https:\/\/franciscanos.org.br\/noticias\/wp-content\/uploads\/2022\/05\/envio_1105_3-1024x668.jpg 1024w, https:\/\/franciscanos.org.br\/noticias\/wp-content\/uploads\/2022\/05\/envio_1105_3-768x501.jpg 768w, https:\/\/franciscanos.org.br\/noticias\/wp-content\/uploads\/2022\/05\/envio_1105_3-150x98.jpg 150w\" sizes=\"(max-width: 1280px) 100vw, 1280px\" \/><\/p>\n<p>No final da celebra\u00e7\u00e3o, Frei Je\u00e2 convidou o p\u00e1roco, Frei Germano Guesser, para dar uma b\u00ean\u00e7\u00e3o de envio aos mission\u00e1rios. O p\u00e1roco agradeceu a ajuda de todos e enviou os irm\u00e3os e irm\u00e3s, contando tamb\u00e9m com a ajuda do vig\u00e1rio paroquial, Frei Gentil de Lima Branco, que ungiu cada um dos mission\u00e1rios. Frei Junior Mendes tamb\u00e9m tomou a palavra agradecendo a todos pelo empenho e convidou os irm\u00e3os e irm\u00e3s presentes para a sua ordena\u00e7\u00e3o.<\/p>\n<p><img loading=\"lazy\" class=\"alignnone size-full wp-image-237798\" src=\"https:\/\/franciscanos.org.br\/noticias\/wp-content\/uploads\/2022\/05\/envio_1105_2.jpg\" alt=\"\" width=\"1280\" height=\"960\" srcset=\"https:\/\/franciscanos.org.br\/noticias\/wp-content\/uploads\/2022\/05\/envio_1105_2.jpg 1280w, https:\/\/franciscanos.org.br\/noticias\/wp-content\/uploads\/2022\/05\/envio_1105_2-450x338.jpg 450w, https:\/\/franciscanos.org.br\/noticias\/wp-content\/uploads\/2022\/05\/envio_1105_2-1024x768.jpg 1024w, https:\/\/franciscanos.org.br\/noticias\/wp-content\/uploads\/2022\/05\/envio_1105_2-768x576.jpg 768w, https:\/\/franciscanos.org.br\/noticias\/wp-content\/uploads\/2022\/05\/envio_1105_2-150x113.jpg 150w, https:\/\/franciscanos.org.br\/noticias\/wp-content\/uploads\/2022\/05\/envio_1105_2-600x450.jpg 600w\" sizes=\"(max-width: 1280px) 100vw, 1280px\" \/><\/p>\n<p>Nos pr\u00f3ximos dias, entre 11 e 13 de maio, os mission\u00e1rios e mission\u00e1rias estar\u00e3o visitando escolas, casas, lares de idosos, salas de catequese e entre outros espa\u00e7os, gerando um movimento na Par\u00f3quia a fim de agradecer est\u00e1 terra por ter concedido mais um filho para a vida religiosa consagrada.<\/p>\n<hr \/>\n<p><em>Frei Gabriel Dellandrea, OFM<\/em><\/p>\n","protected":false},"excerpt":{"rendered":"<p>Ordena\u00e7\u00e3o presbiteral de Frei Junior Mendes<\/p>\n","protected":false},"author":3,"featured_media":237795,"comment_status":"open","ping_status":"open","sticky":false,"template":"","format":"standard","meta":[],"categories":[1],"tags":[157],"acf":[],"yoast_head":"<!-- This site is optimized with the Yoast SEO plugin v19.2 - https:\/\/yoast.com\/wordpress\/plugins\/seo\/ -->\n<title>Santo Amaro da Imperatriz inicia Semana Mission\u00e1ria em prepara\u00e7\u00e3o para a ordena\u00e7\u00e3o de Frei Junior - Not\u00edcias - Franciscanos<\/title>\n<meta name=\"robots\" content=\"index, follow, max-snippet:-1, max-image-preview:large, max-video-preview:-1\" \/>\n<link rel=\"canonical\" href=\"https:\/\/franciscanos.org.br\/noticias\/santo-amaro-da-imperatriz-inicia-semana-missionaria-em-preparacao-para-a-ordenacao-de-frei-junior.html\" \/>\n<meta property=\"og:locale\" content=\"pt_BR\" \/>\n<meta property=\"og:type\" content=\"article\" \/>\n<meta property=\"og:title\" content=\"Santo Amaro da Imperatriz inicia Semana Mission\u00e1ria em prepara\u00e7\u00e3o para a ordena\u00e7\u00e3o de Frei Junior - Not\u00edcias - Franciscanos\" \/>\n<meta property=\"og:description\" content=\"Ordena\u00e7\u00e3o presbiteral de Frei Junior Mendes\" \/>\n<meta property=\"og:url\" content=\"https:\/\/franciscanos.org.br\/noticias\/santo-amaro-da-imperatriz-inicia-semana-missionaria-em-preparacao-para-a-ordenacao-de-frei-junior.html\" \/>\n<meta property=\"og:site_name\" content=\"Not\u00edcias - Franciscanos\" \/>\n<meta property=\"article:published_time\" content=\"2022-05-11T10:35:51+00:00\" \/>\n<meta property=\"og:image\" content=\"https:\/\/franciscanos.org.br\/noticias\/wp-content\/uploads\/2022\/05\/envio_1105.jpg\" \/>\n\t<meta property=\"og:image:width\" content=\"1280\" \/>\n\t<meta property=\"og:image:height\" content=\"720\" \/>\n\t<meta property=\"og:image:type\" content=\"image\/jpeg\" \/>\n<meta name=\"author\" content=\"moacir\" \/>\n<meta name=\"twitter:card\" content=\"summary_large_image\" \/>\n<meta name=\"twitter:label1\" content=\"Escrito por\" \/>\n\t<meta name=\"twitter:data1\" content=\"moacir\" \/>\n\t<meta name=\"twitter:label2\" content=\"Est. tempo de leitura\" \/>\n\t<meta name=\"twitter:data2\" content=\"2 minutos\" \/>\n<script type=\"application\/ld+json\" class=\"yoast-schema-graph\">{\"@context\":\"https:\/\/schema.org\",\"@graph\":[{\"@type\":\"WebSite\",\"@id\":\"https:\/\/franciscanos.org.br\/noticias\/#website\",\"url\":\"https:\/\/franciscanos.org.br\/noticias\/\",\"name\":\"Not\u00edcias - Franciscanos\",\"description\":\"Prov\u00edncia Franciscana da Imaculada Concei\u00e7\u00e3o do Brasil - Ordem dos Frades Menores - OFM\",\"potentialAction\":[{\"@type\":\"SearchAction\",\"target\":{\"@type\":\"EntryPoint\",\"urlTemplate\":\"https:\/\/franciscanos.org.br\/noticias\/?s={search_term_string}\"},\"query-input\":\"required name=search_term_string\"}],\"inLanguage\":\"pt-BR\"},{\"@type\":\"ImageObject\",\"inLanguage\":\"pt-BR\",\"@id\":\"https:\/\/franciscanos.org.br\/noticias\/santo-amaro-da-imperatriz-inicia-semana-missionaria-em-preparacao-para-a-ordenacao-de-frei-junior.html#primaryimage\",\"url\":\"https:\/\/franciscanos.org.br\/noticias\/wp-content\/uploads\/2022\/05\/envio_1105.jpg\",\"contentUrl\":\"https:\/\/franciscanos.org.br\/noticias\/wp-content\/uploads\/2022\/05\/envio_1105.jpg\",\"width\":1280,\"height\":720},{\"@type\":\"WebPage\",\"@id\":\"https:\/\/franciscanos.org.br\/noticias\/santo-amaro-da-imperatriz-inicia-semana-missionaria-em-preparacao-para-a-ordenacao-de-frei-junior.html#webpage\",\"url\":\"https:\/\/franciscanos.org.br\/noticias\/santo-amaro-da-imperatriz-inicia-semana-missionaria-em-preparacao-para-a-ordenacao-de-frei-junior.html\",\"name\":\"Santo Amaro da Imperatriz inicia Semana Mission\u00e1ria em prepara\u00e7\u00e3o para a ordena\u00e7\u00e3o de Frei Junior - Not\u00edcias - Franciscanos\",\"isPartOf\":{\"@id\":\"https:\/\/franciscanos.org.br\/noticias\/#website\"},\"primaryImageOfPage\":{\"@id\":\"https:\/\/franciscanos.org.br\/noticias\/santo-amaro-da-imperatriz-inicia-semana-missionaria-em-preparacao-para-a-ordenacao-de-frei-junior.html#primaryimage\"},\"datePublished\":\"2022-05-11T10:35:51+00:00\",\"dateModified\":\"2022-05-11T10:35:51+00:00\",\"author\":{\"@id\":\"https:\/\/franciscanos.org.br\/noticias\/#\/schema\/person\/b5c8cba458c330ccff548b056e95a5d4\"},\"breadcrumb\":{\"@id\":\"https:\/\/franciscanos.org.br\/noticias\/santo-amaro-da-imperatriz-inicia-semana-missionaria-em-preparacao-para-a-ordenacao-de-frei-junior.html#breadcrumb\"},\"inLanguage\":\"pt-BR\",\"potentialAction\":[{\"@type\":\"ReadAction\",\"target\":[\"https:\/\/franciscanos.org.br\/noticias\/santo-amaro-da-imperatriz-inicia-semana-missionaria-em-preparacao-para-a-ordenacao-de-frei-junior.html\"]}]},{\"@type\":\"BreadcrumbList\",\"@id\":\"https:\/\/franciscanos.org.br\/noticias\/santo-amaro-da-imperatriz-inicia-semana-missionaria-em-preparacao-para-a-ordenacao-de-frei-junior.html#breadcrumb\",\"itemListElement\":[{\"@type\":\"ListItem\",\"position\":1,\"name\":\"Home\",\"item\":\"https:\/\/franciscanos.org.br\/noticias\"},{\"@type\":\"ListItem\",\"position\":2,\"name\":\"Santo Amaro da Imperatriz inicia Semana Mission\u00e1ria em prepara\u00e7\u00e3o para a ordena\u00e7\u00e3o de Frei Junior\"}]},{\"@type\":\"Person\",\"@id\":\"https:\/\/franciscanos.org.br\/noticias\/#\/schema\/person\/b5c8cba458c330ccff548b056e95a5d4\",\"name\":\"moacir\",\"image\":{\"@type\":\"ImageObject\",\"inLanguage\":\"pt-BR\",\"@id\":\"https:\/\/franciscanos.org.br\/noticias\/#\/schema\/person\/image\/\",\"url\":\"https:\/\/secure.gravatar.com\/avatar\/d08aa2ce4c8dd416d4479aa8536fcf64?s=96&d=mm&r=g\",\"contentUrl\":\"https:\/\/secure.gravatar.com\/avatar\/d08aa2ce4c8dd416d4479aa8536fcf64?s=96&d=mm&r=g\",\"caption\":\"moacir\"},\"url\":\"https:\/\/franciscanos.org.br\/noticias\/author\/moacir\"}]}<\/script>\n<!-- \/ Yoast SEO plugin. -->","yoast_head_json":{"title":"Santo Amaro da Imperatriz inicia Semana Mission\u00e1ria em prepara\u00e7\u00e3o para a ordena\u00e7\u00e3o de Frei Junior - Not\u00edcias - Franciscanos","robots":{"index":"index","follow":"follow","max-snippet":"max-snippet:-1","max-image-preview":"max-image-preview:large","max-video-preview":"max-video-preview:-1"},"canonical":"https:\/\/franciscanos.org.br\/noticias\/santo-amaro-da-imperatriz-inicia-semana-missionaria-em-preparacao-para-a-ordenacao-de-frei-junior.html","og_locale":"pt_BR","og_type":"article","og_title":"Santo Amaro da Imperatriz inicia Semana Mission\u00e1ria em prepara\u00e7\u00e3o para a ordena\u00e7\u00e3o de Frei Junior - Not\u00edcias - Franciscanos","og_description":"Ordena\u00e7\u00e3o presbiteral de Frei Junior Mendes","og_url":"https:\/\/franciscanos.org.br\/noticias\/santo-amaro-da-imperatriz-inicia-semana-missionaria-em-preparacao-para-a-ordenacao-de-frei-junior.html","og_site_name":"Not\u00edcias - Franciscanos","article_published_time":"2022-05-11T10:35:51+00:00","og_image":[{"width":1280,"height":720,"url":"https:\/\/franciscanos.org.br\/noticias\/wp-content\/uploads\/2022\/05\/envio_1105.jpg","type":"image\/jpeg"}],"author":"moacir","twitter_card":"summary_large_image","twitter_misc":{"Escrito por":"moacir","Est. tempo de leitura":"2 minutos"},"schema":{"@context":"https:\/\/schema.org","@graph":[{"@type":"WebSite","@id":"https:\/\/franciscanos.org.br\/noticias\/#website","url":"https:\/\/franciscanos.org.br\/noticias\/","name":"Not\u00edcias - Franciscanos","description":"Prov\u00edncia Franciscana da Imaculada Concei\u00e7\u00e3o do Brasil - Ordem dos Frades Menores - OFM","potentialAction":[{"@type":"SearchAction","target":{"@type":"EntryPoint","urlTemplate":"https:\/\/franciscanos.org.br\/noticias\/?s={search_term_string}"},"query-input":"required name=search_term_string"}],"inLanguage":"pt-BR"},{"@type":"ImageObject","inLanguage":"pt-BR","@id":"https:\/\/franciscanos.org.br\/noticias\/santo-amaro-da-imperatriz-inicia-semana-missionaria-em-preparacao-para-a-ordenacao-de-frei-junior.html#primaryimage","url":"https:\/\/franciscanos.org.br\/noticias\/wp-content\/uploads\/2022\/05\/envio_1105.jpg","contentUrl":"https:\/\/franciscanos.org.br\/noticias\/wp-content\/uploads\/2022\/05\/envio_1105.jpg","width":1280,"height":720},{"@type":"WebPage","@id":"https:\/\/franciscanos.org.br\/noticias\/santo-amaro-da-imperatriz-inicia-semana-missionaria-em-preparacao-para-a-ordenacao-de-frei-junior.html#webpage","url":"https:\/\/franciscanos.org.br\/noticias\/santo-amaro-da-imperatriz-inicia-semana-missionaria-em-preparacao-para-a-ordenacao-de-frei-junior.html","name":"Santo Amaro da Imperatriz inicia Semana Mission\u00e1ria em prepara\u00e7\u00e3o para a ordena\u00e7\u00e3o de Frei Junior - Not\u00edcias - Franciscanos","isPartOf":{"@id":"https:\/\/franciscanos.org.br\/noticias\/#website"},"primaryImageOfPage":{"@id":"https:\/\/franciscanos.org.br\/noticias\/santo-amaro-da-imperatriz-inicia-semana-missionaria-em-preparacao-para-a-ordenacao-de-frei-junior.html#primaryimage"},"datePublished":"2022-05-11T10:35:51+00:00","dateModified":"2022-05-11T10:35:51+00:00","author":{"@id":"https:\/\/franciscanos.org.br\/noticias\/#\/schema\/person\/b5c8cba458c330ccff548b056e95a5d4"},"breadcrumb":{"@id":"https:\/\/franciscanos.org.br\/noticias\/santo-amaro-da-imperatriz-inicia-semana-missionaria-em-preparacao-para-a-ordenacao-de-frei-junior.html#breadcrumb"},"inLanguage":"pt-BR","potentialAction":[{"@type":"ReadAction","target":["https:\/\/franciscanos.org.br\/noticias\/santo-amaro-da-imperatriz-inicia-semana-missionaria-em-preparacao-para-a-ordenacao-de-frei-junior.html"]}]},{"@type":"BreadcrumbList","@id":"https:\/\/franciscanos.org.br\/noticias\/santo-amaro-da-imperatriz-inicia-semana-missionaria-em-preparacao-para-a-ordenacao-de-frei-junior.html#breadcrumb","itemListElement":[{"@type":"ListItem","position":1,"name":"Home","item":"https:\/\/franciscanos.org.br\/noticias"},{"@type":"ListItem","position":2,"name":"Santo Amaro da Imperatriz inicia Semana Mission\u00e1ria em prepara\u00e7\u00e3o para a ordena\u00e7\u00e3o de Frei Junior"}]},{"@type":"Person","@id":"https:\/\/franciscanos.org.br\/noticias\/#\/schema\/person\/b5c8cba458c330ccff548b056e95a5d4","name":"moacir","image":{"@type":"ImageObject","inLanguage":"pt-BR","@id":"https:\/\/franciscanos.org.br\/noticias\/#\/schema\/person\/image\/","url":"https:\/\/secure.gravatar.com\/avatar\/d08aa2ce4c8dd416d4479aa8536fcf64?s=96&d=mm&r=g","contentUrl":"https:\/\/secure.gravatar.com\/avatar\/d08aa2ce4c8dd416d4479aa8536fcf64?s=96&d=mm&r=g","caption":"moacir"},"url":"https:\/\/franciscanos.org.br\/noticias\/author\/moacir"}]}},"_links":{"self":[{"href":"https:\/\/franciscanos.org.br\/noticias\/wp-json\/wp\/v2\/posts\/237794"}],"collection":[{"href":"https:\/\/franciscanos.org.br\/noticias\/wp-json\/wp\/v2\/posts"}],"about":[{"href":"https:\/\/franciscanos.org.br\/noticias\/wp-json\/wp\/v2\/types\/post"}],"author":[{"embeddable":true,"href":"https:\/\/franciscanos.org.br\/noticias\/wp-json\/wp\/v2\/users\/3"}],"replies":[{"embeddable":true,"href":"https:\/\/franciscanos.org.br\/noticias\/wp-json\/wp\/v2\/comments?post=237794"}],"version-history":[{"count":1,"href":"https:\/\/franciscanos.org.br\/noticias\/wp-json\/wp\/v2\/posts\/237794\/revisions"}],"predecessor-version":[{"id":237799,"href":"https:\/\/franciscanos.org.br\/noticias\/wp-json\/wp\/v2\/posts\/237794\/revisions\/237799"}],"wp:featuredmedia":[{"embeddable":true,"href":"https:\/\/franciscanos.org.br\/noticias\/wp-json\/wp\/v2\/media\/237795"}],"wp:attachment":[{"href":"https:\/\/franciscanos.org.br\/noticias\/wp-json\/wp\/v2\/media?parent=237794"}],"wp:term":[{"taxonomy":"category","embeddable":true,"href":"https:\/\/franciscanos.org.br\/noticias\/wp-json\/wp\/v2\/categories?post=237794"},{"taxonomy":"post_tag","embeddable":true,"href":"https:\/\/franciscanos.org.br\/noticias\/wp-json\/wp\/v2\/tags?post=237794"}],"curies":[{"name":"wp","href":"https:\/\/api.w.org\/{rel}","templated":true}]}}