{"id":237768,"date":"2022-05-08T16:20:20","date_gmt":"2022-05-08T19:20:20","guid":{"rendered":"https:\/\/franciscanos.org.br\/noticias\/?p=237768"},"modified":"2022-05-08T16:26:51","modified_gmt":"2022-05-08T19:26:51","slug":"primeira-missajosemberg","status":"publish","type":"post","link":"https:\/\/franciscanos.org.br\/noticias\/primeira-missajosemberg.html","title":{"rendered":"Prim\u00edcias de Frei Josemberg: &#8220;Levar Deus \u00e0s pessoas e as pessoas a Deus&#8221;, a sua miss\u00e3o"},"content":{"rendered":"<p><img loading=\"lazy\" class=\"alignnone size-full wp-image-237788\" src=\"https:\/\/franciscanos.org.br\/noticias\/wp-content\/uploads\/2022\/05\/berg_0808.jpg\" alt=\"\" width=\"1280\" height=\"720\" srcset=\"https:\/\/franciscanos.org.br\/noticias\/wp-content\/uploads\/2022\/05\/berg_0808.jpg 1280w, https:\/\/franciscanos.org.br\/noticias\/wp-content\/uploads\/2022\/05\/berg_0808-450x253.jpg 450w, https:\/\/franciscanos.org.br\/noticias\/wp-content\/uploads\/2022\/05\/berg_0808-1024x576.jpg 1024w, https:\/\/franciscanos.org.br\/noticias\/wp-content\/uploads\/2022\/05\/berg_0808-768x432.jpg 768w, https:\/\/franciscanos.org.br\/noticias\/wp-content\/uploads\/2022\/05\/berg_0808-150x84.jpg 150w\" sizes=\"(max-width: 1280px) 100vw, 1280px\" \/><\/p>\n<p><strong>\u00a0<\/strong><strong>Duque de Caxias (RJ)<\/strong> &#8211; O menino travesso da Baixada Fluminense foi acolhido de bra\u00e7os bem abertos pela sua Comunidade de origem, a capela dedicada a S\u00e3o Domingos, que viu-se cheia com a presen\u00e7a dos frades e do povo de Deus para celebrar, juntos com Frei Josemberg Cardozo, a sua Primeira Missa, \u00e0s 9h, deste domingo (8\/5).<\/p>\n<p>O clima solene e festivo foi marcado pela gratid\u00e3o que toda a Comunidade sentia pelo &#8216;Sim&#8217; de Frei Berg, como \u00e9 conhecido: &#8220;Ele foi gerado n\u00e3o apenas pela sua m\u00e3e, mas por toda a comunidade e, hoje, toda a comunidade se alegra com ele!&#8221;<\/p>\n<p><img loading=\"lazy\" class=\"alignnone size-full wp-image-237770\" src=\"https:\/\/franciscanos.org.br\/noticias\/wp-content\/uploads\/2022\/05\/berg_08.jpg\" alt=\"\" width=\"1244\" height=\"829\" srcset=\"https:\/\/franciscanos.org.br\/noticias\/wp-content\/uploads\/2022\/05\/berg_08.jpg 1244w, https:\/\/franciscanos.org.br\/noticias\/wp-content\/uploads\/2022\/05\/berg_08-450x300.jpg 450w, https:\/\/franciscanos.org.br\/noticias\/wp-content\/uploads\/2022\/05\/berg_08-1024x682.jpg 1024w, https:\/\/franciscanos.org.br\/noticias\/wp-content\/uploads\/2022\/05\/berg_08-768x512.jpg 768w, https:\/\/franciscanos.org.br\/noticias\/wp-content\/uploads\/2022\/05\/berg_08-150x100.jpg 150w\" sizes=\"(max-width: 1244px) 100vw, 1244px\" \/><\/p>\n<p>Foi na ordena\u00e7\u00e3o de Frei Vanilton Aparecido Leme, dia 13 de maio de 2006, em Itu (SP), que Frei Josemberg sentiu-se atra\u00eddo pela vida franciscana. E em sua primeira Missa, agora como presb\u00edtero, foi Frei Vanilton quem fez a prega\u00e7\u00e3o.<\/p>\n<p>&#8220;Hoje nos reunimos com um sentimento comum de A\u00e7\u00e3o de Gra\u00e7as pela ordena\u00e7\u00e3o presbiteral de Frei Josemberg. E nada mais significativo do que fazer isso em torno \u00e0 mesa Eucaristia e quando a liturgia nos convida a celebrar tendo Jesus como o Bom Pastor&#8221;. Seguiu sua reflex\u00e3o acerca da imagem do bom pastor recordando as comunidades primitivas e o seu verdadeiro significado: &#8220;E quando os primeiros crist\u00e3os falam de Jesus como &#8216;Bom Pastor&#8217;, n\u00e3o o fazem, para apresent\u00e1-lo como chefe e comandante, mas para destacar sua preocupa\u00e7\u00e3o pela vida das pessoas, a ponto de chegar a &#8216;dar sua vida&#8217; por elas&#8221;.<\/p>\n<p><img loading=\"lazy\" class=\"alignnone size-full wp-image-237771\" src=\"https:\/\/franciscanos.org.br\/noticias\/wp-content\/uploads\/2022\/05\/berg_07.jpg\" alt=\"\" width=\"1244\" height=\"829\" srcset=\"https:\/\/franciscanos.org.br\/noticias\/wp-content\/uploads\/2022\/05\/berg_07.jpg 1244w, https:\/\/franciscanos.org.br\/noticias\/wp-content\/uploads\/2022\/05\/berg_07-450x300.jpg 450w, https:\/\/franciscanos.org.br\/noticias\/wp-content\/uploads\/2022\/05\/berg_07-1024x682.jpg 1024w, https:\/\/franciscanos.org.br\/noticias\/wp-content\/uploads\/2022\/05\/berg_07-768x512.jpg 768w, https:\/\/franciscanos.org.br\/noticias\/wp-content\/uploads\/2022\/05\/berg_07-150x100.jpg 150w\" sizes=\"(max-width: 1244px) 100vw, 1244px\" \/><\/p>\n<p>Seguindo a mesma linha de racioc\u00ednio, Frei Vanilton trouxe ainda uma reflex\u00e3o do Papa Francisco muito pertinente \u00e0 miss\u00e3o que Frei Josemberg acabara de assumir: &#8220;Repito a voc\u00ea, Frei Josemberg, as palavras de nosso Papa Francisco: &#8216;Que o alimento da sua vida seja alimento para o povo de Deus, sua doutrina, alegria e apoio aos fi\u00e9is de Cristo. Que voc\u00ea pelo Minist\u00e9rio presbiteral possa levar Deus \u00e0s pessoas e as pessoas a Deus e, assim, que todos possam continuar construindo a Casa de Deus. Pois o sacerd\u00f3cio \u00e9 a continuidade da obra de Cristo: a Igreja'&#8221;.<\/p>\n<p>Encerrou sua prega\u00e7\u00e3o lembrando o Dia Mundial das Voca\u00e7\u00f5es, pedindo ao Cristo Bom Pastor que continue a atrair mais voca\u00e7\u00f5es. E, sendo Dia das M\u00e3es, n\u00e3o poderia deixar de agradecer \u00e0 m\u00e3e de Frei Josemberg, a senhora Maria L\u00facia, pela vida e educa\u00e7\u00e3o transmitidas ao filho.<\/p>\n<p>&nbsp;<\/p>\n<p><img loading=\"lazy\" class=\"alignnone size-full wp-image-237769\" src=\"https:\/\/franciscanos.org.br\/noticias\/wp-content\/uploads\/2022\/05\/berg_15.jpg\" alt=\"\" width=\"1244\" height=\"700\" srcset=\"https:\/\/franciscanos.org.br\/noticias\/wp-content\/uploads\/2022\/05\/berg_15.jpg 1244w, https:\/\/franciscanos.org.br\/noticias\/wp-content\/uploads\/2022\/05\/berg_15-450x253.jpg 450w, https:\/\/franciscanos.org.br\/noticias\/wp-content\/uploads\/2022\/05\/berg_15-1024x576.jpg 1024w, https:\/\/franciscanos.org.br\/noticias\/wp-content\/uploads\/2022\/05\/berg_15-768x432.jpg 768w, https:\/\/franciscanos.org.br\/noticias\/wp-content\/uploads\/2022\/05\/berg_15-150x84.jpg 150w\" sizes=\"(max-width: 1244px) 100vw, 1244px\" \/><\/p>\n\n\t\t<style type=\"text\/css\">\n\t\t\t#gallery-1 {\n\t\t\t\tmargin: auto;\n\t\t\t}\n\t\t\t#gallery-1 .gallery-item {\n\t\t\t\tfloat: left;\n\t\t\t\tmargin-top: 10px;\n\t\t\t\ttext-align: center;\n\t\t\t\twidth: 25%;\n\t\t\t}\n\t\t\t#gallery-1 img {\n\t\t\t\tborder: 2px solid #cfcfcf;\n\t\t\t}\n\t\t\t#gallery-1 .gallery-caption {\n\t\t\t\tmargin-left: 0;\n\t\t\t}\n\t\t\t\/* see gallery_shortcode() in wp-includes\/media.php *\/\n\t\t<\/style>\n\t\t<div id='gallery-1' class='gallery galleryid-237768 gallery-columns-4 gallery-size-thumbnail'><dl class='gallery-item'>\n\t\t\t<dt class='gallery-icon landscape'>\n\t\t\t\t<a href='https:\/\/franciscanos.org.br\/noticias\/wp-content\/uploads\/2022\/05\/berg_10-1.jpg'><img width=\"300\" height=\"300\" src=\"https:\/\/franciscanos.org.br\/noticias\/wp-content\/uploads\/2022\/05\/berg_10-1-300x300.jpg\" class=\"attachment-thumbnail size-thumbnail\" alt=\"\" loading=\"lazy\" srcset=\"https:\/\/franciscanos.org.br\/noticias\/wp-content\/uploads\/2022\/05\/berg_10-1-300x300.jpg 300w, https:\/\/franciscanos.org.br\/noticias\/wp-content\/uploads\/2022\/05\/berg_10-1-100x100.jpg 100w\" sizes=\"(max-width: 300px) 100vw, 300px\" \/><\/a>\n\t\t\t<\/dt><\/dl><dl class='gallery-item'>\n\t\t\t<dt class='gallery-icon landscape'>\n\t\t\t\t<a href='https:\/\/franciscanos.org.br\/noticias\/wp-content\/uploads\/2022\/05\/berg_12.jpg'><img width=\"300\" height=\"300\" src=\"https:\/\/franciscanos.org.br\/noticias\/wp-content\/uploads\/2022\/05\/berg_12-300x300.jpg\" class=\"attachment-thumbnail size-thumbnail\" alt=\"\" loading=\"lazy\" srcset=\"https:\/\/franciscanos.org.br\/noticias\/wp-content\/uploads\/2022\/05\/berg_12-300x300.jpg 300w, https:\/\/franciscanos.org.br\/noticias\/wp-content\/uploads\/2022\/05\/berg_12-100x100.jpg 100w\" sizes=\"(max-width: 300px) 100vw, 300px\" \/><\/a>\n\t\t\t<\/dt><\/dl><dl class='gallery-item'>\n\t\t\t<dt class='gallery-icon landscape'>\n\t\t\t\t<a href='https:\/\/franciscanos.org.br\/noticias\/wp-content\/uploads\/2022\/05\/berg_14.jpg'><img width=\"300\" height=\"300\" src=\"https:\/\/franciscanos.org.br\/noticias\/wp-content\/uploads\/2022\/05\/berg_14-300x300.jpg\" class=\"attachment-thumbnail size-thumbnail\" alt=\"\" loading=\"lazy\" srcset=\"https:\/\/franciscanos.org.br\/noticias\/wp-content\/uploads\/2022\/05\/berg_14-300x300.jpg 300w, https:\/\/franciscanos.org.br\/noticias\/wp-content\/uploads\/2022\/05\/berg_14-100x100.jpg 100w\" sizes=\"(max-width: 300px) 100vw, 300px\" \/><\/a>\n\t\t\t<\/dt><\/dl><dl class='gallery-item'>\n\t\t\t<dt class='gallery-icon landscape'>\n\t\t\t\t<a href='https:\/\/franciscanos.org.br\/noticias\/wp-content\/uploads\/2022\/05\/berg_17.jpg'><img width=\"300\" height=\"300\" src=\"https:\/\/franciscanos.org.br\/noticias\/wp-content\/uploads\/2022\/05\/berg_17-300x300.jpg\" class=\"attachment-thumbnail size-thumbnail\" alt=\"\" loading=\"lazy\" srcset=\"https:\/\/franciscanos.org.br\/noticias\/wp-content\/uploads\/2022\/05\/berg_17-300x300.jpg 300w, https:\/\/franciscanos.org.br\/noticias\/wp-content\/uploads\/2022\/05\/berg_17-100x100.jpg 100w\" sizes=\"(max-width: 300px) 100vw, 300px\" \/><\/a>\n\t\t\t<\/dt><\/dl><br style=\"clear: both\" \/>\n\t\t<\/div>\n\n<p>Num gesto fraterno, relembrando o que o seu pregador fizera contigo em sua primeira Missa, Frei Vanilton aben\u00e7oou a Frei Josemberg com a b\u00ean\u00e7\u00e3o de S\u00e3o Francisco de Assis.<\/p>\n<p style=\"padding-left: 40px;\"><em>&#8220;Que o Senhor te aben\u00e7oe e te guarde,<\/em><\/p>\n<p style=\"padding-left: 40px;\"><em>te mostre a sua face e se compade\u00e7a de ti<\/em><\/p>\n<p style=\"padding-left: 40px;\"><em>e te proteja em todos os dias de tua vida,<\/em><\/p>\n<p style=\"padding-left: 40px;\"><em>guardando-te fiel no seu amor;<\/em><\/p>\n<p style=\"padding-left: 40px;\"><em>E que produzas muitos frutos para o bem da Igreja,<\/em><\/p>\n<p style=\"padding-left: 40px;\"><em>\u00a0da Ordem Franciscana, da tua fam\u00edlia<\/em><\/p>\n<p style=\"padding-left: 40px;\"><em>e de todas as criaturas<\/em><\/p>\n<p style=\"padding-left: 40px;\"><em>Am\u00e9m!&#8221;<\/em><\/p>\n\n\t\t<style type=\"text\/css\">\n\t\t\t#gallery-2 {\n\t\t\t\tmargin: auto;\n\t\t\t}\n\t\t\t#gallery-2 .gallery-item {\n\t\t\t\tfloat: left;\n\t\t\t\tmargin-top: 10px;\n\t\t\t\ttext-align: center;\n\t\t\t\twidth: 20%;\n\t\t\t}\n\t\t\t#gallery-2 img {\n\t\t\t\tborder: 2px solid #cfcfcf;\n\t\t\t}\n\t\t\t#gallery-2 .gallery-caption {\n\t\t\t\tmargin-left: 0;\n\t\t\t}\n\t\t\t\/* see gallery_shortcode() in wp-includes\/media.php *\/\n\t\t<\/style>\n\t\t<div id='gallery-2' class='gallery galleryid-237768 gallery-columns-5 gallery-size-thumbnail'><dl class='gallery-item'>\n\t\t\t<dt class='gallery-icon landscape'>\n\t\t\t\t<a href='https:\/\/franciscanos.org.br\/noticias\/wp-content\/uploads\/2022\/05\/berg_06.jpg'><img width=\"300\" height=\"300\" src=\"https:\/\/franciscanos.org.br\/noticias\/wp-content\/uploads\/2022\/05\/berg_06-300x300.jpg\" class=\"attachment-thumbnail size-thumbnail\" alt=\"\" loading=\"lazy\" srcset=\"https:\/\/franciscanos.org.br\/noticias\/wp-content\/uploads\/2022\/05\/berg_06-300x300.jpg 300w, https:\/\/franciscanos.org.br\/noticias\/wp-content\/uploads\/2022\/05\/berg_06-100x100.jpg 100w\" sizes=\"(max-width: 300px) 100vw, 300px\" \/><\/a>\n\t\t\t<\/dt><\/dl><dl class='gallery-item'>\n\t\t\t<dt class='gallery-icon landscape'>\n\t\t\t\t<a href='https:\/\/franciscanos.org.br\/noticias\/wp-content\/uploads\/2022\/05\/berg_04.jpg'><img width=\"300\" height=\"300\" src=\"https:\/\/franciscanos.org.br\/noticias\/wp-content\/uploads\/2022\/05\/berg_04-300x300.jpg\" class=\"attachment-thumbnail size-thumbnail\" alt=\"\" loading=\"lazy\" srcset=\"https:\/\/franciscanos.org.br\/noticias\/wp-content\/uploads\/2022\/05\/berg_04-300x300.jpg 300w, https:\/\/franciscanos.org.br\/noticias\/wp-content\/uploads\/2022\/05\/berg_04-100x100.jpg 100w\" sizes=\"(max-width: 300px) 100vw, 300px\" \/><\/a>\n\t\t\t<\/dt><\/dl><dl class='gallery-item'>\n\t\t\t<dt class='gallery-icon landscape'>\n\t\t\t\t<a href='https:\/\/franciscanos.org.br\/noticias\/wp-content\/uploads\/2022\/05\/berg_03.jpg'><img width=\"300\" height=\"300\" src=\"https:\/\/franciscanos.org.br\/noticias\/wp-content\/uploads\/2022\/05\/berg_03-300x300.jpg\" class=\"attachment-thumbnail size-thumbnail\" alt=\"\" loading=\"lazy\" srcset=\"https:\/\/franciscanos.org.br\/noticias\/wp-content\/uploads\/2022\/05\/berg_03-300x300.jpg 300w, https:\/\/franciscanos.org.br\/noticias\/wp-content\/uploads\/2022\/05\/berg_03-100x100.jpg 100w\" sizes=\"(max-width: 300px) 100vw, 300px\" \/><\/a>\n\t\t\t<\/dt><\/dl><dl class='gallery-item'>\n\t\t\t<dt class='gallery-icon landscape'>\n\t\t\t\t<a href='https:\/\/franciscanos.org.br\/noticias\/wp-content\/uploads\/2022\/05\/berg_02.jpg'><img width=\"300\" height=\"300\" src=\"https:\/\/franciscanos.org.br\/noticias\/wp-content\/uploads\/2022\/05\/berg_02-300x300.jpg\" class=\"attachment-thumbnail size-thumbnail\" alt=\"\" loading=\"lazy\" srcset=\"https:\/\/franciscanos.org.br\/noticias\/wp-content\/uploads\/2022\/05\/berg_02-300x300.jpg 300w, https:\/\/franciscanos.org.br\/noticias\/wp-content\/uploads\/2022\/05\/berg_02-100x100.jpg 100w\" sizes=\"(max-width: 300px) 100vw, 300px\" \/><\/a>\n\t\t\t<\/dt><\/dl><dl class='gallery-item'>\n\t\t\t<dt class='gallery-icon landscape'>\n\t\t\t\t<a href='https:\/\/franciscanos.org.br\/noticias\/wp-content\/uploads\/2022\/05\/berg_30.jpg'><img width=\"300\" height=\"300\" src=\"https:\/\/franciscanos.org.br\/noticias\/wp-content\/uploads\/2022\/05\/berg_30-300x300.jpg\" class=\"attachment-thumbnail size-thumbnail\" alt=\"\" loading=\"lazy\" srcset=\"https:\/\/franciscanos.org.br\/noticias\/wp-content\/uploads\/2022\/05\/berg_30-300x300.jpg 300w, https:\/\/franciscanos.org.br\/noticias\/wp-content\/uploads\/2022\/05\/berg_30-100x100.jpg 100w\" sizes=\"(max-width: 300px) 100vw, 300px\" \/><\/a>\n\t\t\t<\/dt><\/dl><br style=\"clear: both\" \/>\n\t\t<\/div>\n\n<p>A liturgia seguiu solene, levando todos os presentes \u00e0 ora\u00e7\u00e3o. Ap\u00f3s a comunh\u00e3o, a comunidade fez a leitura da biografia de Frei Josemberg, relembrando a sua trajet\u00f3ria e suas hist\u00f3rias junto \u00e0 Comunidade. Como um gesto de gratid\u00e3o, a Comunidade colocou novas sand\u00e1lias nos p\u00e9s do frade. &#8220;Aqui voc\u00ea deu os primeiros passos na f\u00e9 e aqui voc\u00ea come\u00e7a uma nova caminhada, n\u00f3s estamos com voc\u00ea!&#8221;<\/p>\n<p>Frei Paulo Roberto Pereira, nosso Ministro Provincial, dirigiu algumas palavras \u00e0 Comunidade e a Frei Josemberg. &#8220;Ao chegar aqui ouvi muitos relatos da Irm\u00e3 Terezinha, Irm\u00e3 Catequista Franciscana, que muito fez por essa Comunidade. Quando me encontrei com ela, disse-me que estava diferente, ao que respondi que cresci em gra\u00e7a, em virtudes e em estatura para chegar ao c\u00e9u. Ela me perguntou: &#8216;E onde \u00e9 o c\u00e9u, frei?&#8217;. Agora eu respondo: Aqui \u00e9 o c\u00e9u, Ir. Terezinha. N\u00f3s experimentamos o c\u00e9u pelo acolhimento que recebemos, porque aqui Deus nos fala, a experi\u00eancia de hoje \u00e9 uma experi\u00eancia de c\u00e9u. E que o c\u00e9u se multiplique em nossas realidades e em cada Missa presidida pelo Frei Josemberg&#8221;.<\/p>\n<p><img loading=\"lazy\" class=\"alignnone size-full wp-image-237783\" src=\"https:\/\/franciscanos.org.br\/noticias\/wp-content\/uploads\/2022\/05\/berg_25.jpg\" alt=\"\" width=\"1244\" height=\"829\" srcset=\"https:\/\/franciscanos.org.br\/noticias\/wp-content\/uploads\/2022\/05\/berg_25.jpg 1244w, https:\/\/franciscanos.org.br\/noticias\/wp-content\/uploads\/2022\/05\/berg_25-450x300.jpg 450w, https:\/\/franciscanos.org.br\/noticias\/wp-content\/uploads\/2022\/05\/berg_25-1024x682.jpg 1024w, https:\/\/franciscanos.org.br\/noticias\/wp-content\/uploads\/2022\/05\/berg_25-768x512.jpg 768w, https:\/\/franciscanos.org.br\/noticias\/wp-content\/uploads\/2022\/05\/berg_25-150x100.jpg 150w\" sizes=\"(max-width: 1244px) 100vw, 1244px\" \/><\/p>\n<p>Frei Paulo ainda refletiu sobre aquilo que Frei Berg disse em sua entrevista: &#8220;Voc\u00ea disse que estava calmo, tranquilo quanto \u00e0 ordena\u00e7\u00e3o, mas com medo por reconhecer as suas fragilidades. Na ins\u00edgnia &#8220;JHS&#8221; (Jesus Salvador dos Homens), presente nas m\u00e3os da imagem de S\u00e3o Domingos, n\u00f3s reconhecemos o jeito humano de ser de Jesus Cristo, e esse jeito humano salva! Nesse jeito humano de ser do Cristo, n\u00f3s n\u00e3o nos medimos pelas virtudes, n\u00f3s nos medimos pelas limita\u00e7\u00f5es e nisso somos todos iguais. Obrigado, Frei Josemberg, pelo reconhecimento de suas fragilidades e por assumir essa miss\u00e3o!&#8221;. Seus agradecimentos se ampliaram tamb\u00e9m \u00e0 Fraternidade local, que, no sil\u00eancio, trabalhou para que tudo isso pudesse acontecer.<\/p>\n<p><img loading=\"lazy\" class=\"alignnone size-full wp-image-237784\" src=\"https:\/\/franciscanos.org.br\/noticias\/wp-content\/uploads\/2022\/05\/berg_20.jpg\" alt=\"\" width=\"1244\" height=\"829\" srcset=\"https:\/\/franciscanos.org.br\/noticias\/wp-content\/uploads\/2022\/05\/berg_20.jpg 1244w, https:\/\/franciscanos.org.br\/noticias\/wp-content\/uploads\/2022\/05\/berg_20-450x300.jpg 450w, https:\/\/franciscanos.org.br\/noticias\/wp-content\/uploads\/2022\/05\/berg_20-1024x682.jpg 1024w, https:\/\/franciscanos.org.br\/noticias\/wp-content\/uploads\/2022\/05\/berg_20-768x512.jpg 768w, https:\/\/franciscanos.org.br\/noticias\/wp-content\/uploads\/2022\/05\/berg_20-150x100.jpg 150w\" sizes=\"(max-width: 1244px) 100vw, 1244px\" \/><\/p>\n<p>Frei Josemberg, mais uma vez, agradeceu \u00e0 Prov\u00edncia, na pessoa de Frei Paulo, Frei Jo\u00e3o Reinert e demais confrades. E, em uma homenagem ao Dia das M\u00e3es, presenteou a sua m\u00e3e com o manust\u00e9rgio que amarrou as suas m\u00e3os em sua ordena\u00e7\u00e3o presbiteral. S\u00edmbolo de uma tradi\u00e7\u00e3o j\u00e1 antiga na Igreja.<\/p>\n<p><img loading=\"lazy\" class=\"alignnone size-full wp-image-237785\" src=\"https:\/\/franciscanos.org.br\/noticias\/wp-content\/uploads\/2022\/05\/berg_28.jpg\" alt=\"\" width=\"1244\" height=\"829\" srcset=\"https:\/\/franciscanos.org.br\/noticias\/wp-content\/uploads\/2022\/05\/berg_28.jpg 1244w, https:\/\/franciscanos.org.br\/noticias\/wp-content\/uploads\/2022\/05\/berg_28-450x300.jpg 450w, https:\/\/franciscanos.org.br\/noticias\/wp-content\/uploads\/2022\/05\/berg_28-1024x682.jpg 1024w, https:\/\/franciscanos.org.br\/noticias\/wp-content\/uploads\/2022\/05\/berg_28-768x512.jpg 768w, https:\/\/franciscanos.org.br\/noticias\/wp-content\/uploads\/2022\/05\/berg_28-150x100.jpg 150w\" sizes=\"(max-width: 1244px) 100vw, 1244px\" \/><\/p>\n<p>E, como um gesto de reconhecimento da presen\u00e7a materna da m\u00e3e de Jesus em sua caminhada, Frei Josemberg consagrou \u00e0 Virgem de F\u00e1tima o seu minist\u00e9rio.<\/p>\n<hr \/>\n<p><em>Frei Gilberto Silveira da Costa Junior, OFM (texto) e Frei Roger Strapazzon, OFM (fotos).<\/em><\/p>\n","protected":false},"excerpt":{"rendered":"<p>Primeira Missa de Frei Josemberg Cardozo<\/p>\n","protected":false},"author":3,"featured_media":237787,"comment_status":"open","ping_status":"open","sticky":false,"template":"","format":"standard","meta":[],"categories":[1],"tags":[167],"acf":[],"yoast_head":"<!-- This site is optimized with the Yoast SEO plugin v19.2 - https:\/\/yoast.com\/wordpress\/plugins\/seo\/ -->\n<title>Prim\u00edcias de Frei Josemberg: &quot;Levar Deus \u00e0s pessoas e as pessoas a Deus&quot;, a sua miss\u00e3o - Not\u00edcias - Franciscanos<\/title>\n<meta name=\"robots\" content=\"index, follow, max-snippet:-1, max-image-preview:large, max-video-preview:-1\" \/>\n<link rel=\"canonical\" href=\"https:\/\/franciscanos.org.br\/noticias\/primeira-missajosemberg.html\" \/>\n<meta property=\"og:locale\" content=\"pt_BR\" \/>\n<meta property=\"og:type\" content=\"article\" \/>\n<meta property=\"og:title\" content=\"Prim\u00edcias de Frei Josemberg: &quot;Levar Deus \u00e0s pessoas e as pessoas a Deus&quot;, a sua miss\u00e3o - Not\u00edcias - Franciscanos\" \/>\n<meta property=\"og:description\" content=\"Primeira Missa de Frei Josemberg Cardozo\" \/>\n<meta property=\"og:url\" content=\"https:\/\/franciscanos.org.br\/noticias\/primeira-missajosemberg.html\" \/>\n<meta property=\"og:site_name\" content=\"Not\u00edcias - Franciscanos\" \/>\n<meta property=\"article:published_time\" content=\"2022-05-08T19:20:20+00:00\" \/>\n<meta property=\"article:modified_time\" content=\"2022-05-08T19:26:51+00:00\" \/>\n<meta property=\"og:image\" content=\"https:\/\/franciscanos.org.br\/noticias\/wp-content\/uploads\/2022\/05\/berg_alto.jpg\" \/>\n\t<meta property=\"og:image:width\" content=\"1244\" \/>\n\t<meta property=\"og:image:height\" content=\"700\" \/>\n\t<meta property=\"og:image:type\" content=\"image\/jpeg\" \/>\n<meta name=\"author\" content=\"moacir\" \/>\n<meta name=\"twitter:card\" content=\"summary_large_image\" \/>\n<meta name=\"twitter:label1\" content=\"Escrito por\" \/>\n\t<meta name=\"twitter:data1\" content=\"moacir\" \/>\n\t<meta name=\"twitter:label2\" content=\"Est. tempo de leitura\" \/>\n\t<meta name=\"twitter:data2\" content=\"5 minutos\" \/>\n<script type=\"application\/ld+json\" class=\"yoast-schema-graph\">{\"@context\":\"https:\/\/schema.org\",\"@graph\":[{\"@type\":\"WebSite\",\"@id\":\"https:\/\/franciscanos.org.br\/noticias\/#website\",\"url\":\"https:\/\/franciscanos.org.br\/noticias\/\",\"name\":\"Not\u00edcias - Franciscanos\",\"description\":\"Prov\u00edncia Franciscana da Imaculada Concei\u00e7\u00e3o do Brasil - Ordem dos Frades Menores - OFM\",\"potentialAction\":[{\"@type\":\"SearchAction\",\"target\":{\"@type\":\"EntryPoint\",\"urlTemplate\":\"https:\/\/franciscanos.org.br\/noticias\/?s={search_term_string}\"},\"query-input\":\"required name=search_term_string\"}],\"inLanguage\":\"pt-BR\"},{\"@type\":\"ImageObject\",\"inLanguage\":\"pt-BR\",\"@id\":\"https:\/\/franciscanos.org.br\/noticias\/primeira-missajosemberg.html#primaryimage\",\"url\":\"https:\/\/franciscanos.org.br\/noticias\/wp-content\/uploads\/2022\/05\/berg_alto.jpg\",\"contentUrl\":\"https:\/\/franciscanos.org.br\/noticias\/wp-content\/uploads\/2022\/05\/berg_alto.jpg\",\"width\":1244,\"height\":700},{\"@type\":\"WebPage\",\"@id\":\"https:\/\/franciscanos.org.br\/noticias\/primeira-missajosemberg.html#webpage\",\"url\":\"https:\/\/franciscanos.org.br\/noticias\/primeira-missajosemberg.html\",\"name\":\"Prim\u00edcias de Frei Josemberg: \\\"Levar Deus \u00e0s pessoas e as pessoas a Deus\\\", a sua miss\u00e3o - Not\u00edcias - Franciscanos\",\"isPartOf\":{\"@id\":\"https:\/\/franciscanos.org.br\/noticias\/#website\"},\"primaryImageOfPage\":{\"@id\":\"https:\/\/franciscanos.org.br\/noticias\/primeira-missajosemberg.html#primaryimage\"},\"datePublished\":\"2022-05-08T19:20:20+00:00\",\"dateModified\":\"2022-05-08T19:26:51+00:00\",\"author\":{\"@id\":\"https:\/\/franciscanos.org.br\/noticias\/#\/schema\/person\/b5c8cba458c330ccff548b056e95a5d4\"},\"breadcrumb\":{\"@id\":\"https:\/\/franciscanos.org.br\/noticias\/primeira-missajosemberg.html#breadcrumb\"},\"inLanguage\":\"pt-BR\",\"potentialAction\":[{\"@type\":\"ReadAction\",\"target\":[\"https:\/\/franciscanos.org.br\/noticias\/primeira-missajosemberg.html\"]}]},{\"@type\":\"BreadcrumbList\",\"@id\":\"https:\/\/franciscanos.org.br\/noticias\/primeira-missajosemberg.html#breadcrumb\",\"itemListElement\":[{\"@type\":\"ListItem\",\"position\":1,\"name\":\"Home\",\"item\":\"https:\/\/franciscanos.org.br\/noticias\"},{\"@type\":\"ListItem\",\"position\":2,\"name\":\"Prim\u00edcias de Frei Josemberg: &#8220;Levar Deus \u00e0s pessoas e as pessoas a Deus&#8221;, a sua miss\u00e3o\"}]},{\"@type\":\"Person\",\"@id\":\"https:\/\/franciscanos.org.br\/noticias\/#\/schema\/person\/b5c8cba458c330ccff548b056e95a5d4\",\"name\":\"moacir\",\"image\":{\"@type\":\"ImageObject\",\"inLanguage\":\"pt-BR\",\"@id\":\"https:\/\/franciscanos.org.br\/noticias\/#\/schema\/person\/image\/\",\"url\":\"https:\/\/secure.gravatar.com\/avatar\/d08aa2ce4c8dd416d4479aa8536fcf64?s=96&d=mm&r=g\",\"contentUrl\":\"https:\/\/secure.gravatar.com\/avatar\/d08aa2ce4c8dd416d4479aa8536fcf64?s=96&d=mm&r=g\",\"caption\":\"moacir\"},\"url\":\"https:\/\/franciscanos.org.br\/noticias\/author\/moacir\"}]}<\/script>\n<!-- \/ Yoast SEO plugin. -->","yoast_head_json":{"title":"Prim\u00edcias de Frei Josemberg: \"Levar Deus \u00e0s pessoas e as pessoas a Deus\", a sua miss\u00e3o - Not\u00edcias - Franciscanos","robots":{"index":"index","follow":"follow","max-snippet":"max-snippet:-1","max-image-preview":"max-image-preview:large","max-video-preview":"max-video-preview:-1"},"canonical":"https:\/\/franciscanos.org.br\/noticias\/primeira-missajosemberg.html","og_locale":"pt_BR","og_type":"article","og_title":"Prim\u00edcias de Frei Josemberg: \"Levar Deus \u00e0s pessoas e as pessoas a Deus\", a sua miss\u00e3o - Not\u00edcias - Franciscanos","og_description":"Primeira Missa de Frei Josemberg Cardozo","og_url":"https:\/\/franciscanos.org.br\/noticias\/primeira-missajosemberg.html","og_site_name":"Not\u00edcias - Franciscanos","article_published_time":"2022-05-08T19:20:20+00:00","article_modified_time":"2022-05-08T19:26:51+00:00","og_image":[{"width":1244,"height":700,"url":"https:\/\/franciscanos.org.br\/noticias\/wp-content\/uploads\/2022\/05\/berg_alto.jpg","type":"image\/jpeg"}],"author":"moacir","twitter_card":"summary_large_image","twitter_misc":{"Escrito por":"moacir","Est. tempo de leitura":"5 minutos"},"schema":{"@context":"https:\/\/schema.org","@graph":[{"@type":"WebSite","@id":"https:\/\/franciscanos.org.br\/noticias\/#website","url":"https:\/\/franciscanos.org.br\/noticias\/","name":"Not\u00edcias - Franciscanos","description":"Prov\u00edncia Franciscana da Imaculada Concei\u00e7\u00e3o do Brasil - Ordem dos Frades Menores - OFM","potentialAction":[{"@type":"SearchAction","target":{"@type":"EntryPoint","urlTemplate":"https:\/\/franciscanos.org.br\/noticias\/?s={search_term_string}"},"query-input":"required name=search_term_string"}],"inLanguage":"pt-BR"},{"@type":"ImageObject","inLanguage":"pt-BR","@id":"https:\/\/franciscanos.org.br\/noticias\/primeira-missajosemberg.html#primaryimage","url":"https:\/\/franciscanos.org.br\/noticias\/wp-content\/uploads\/2022\/05\/berg_alto.jpg","contentUrl":"https:\/\/franciscanos.org.br\/noticias\/wp-content\/uploads\/2022\/05\/berg_alto.jpg","width":1244,"height":700},{"@type":"WebPage","@id":"https:\/\/franciscanos.org.br\/noticias\/primeira-missajosemberg.html#webpage","url":"https:\/\/franciscanos.org.br\/noticias\/primeira-missajosemberg.html","name":"Prim\u00edcias de Frei Josemberg: \"Levar Deus \u00e0s pessoas e as pessoas a Deus\", a sua miss\u00e3o - Not\u00edcias - Franciscanos","isPartOf":{"@id":"https:\/\/franciscanos.org.br\/noticias\/#website"},"primaryImageOfPage":{"@id":"https:\/\/franciscanos.org.br\/noticias\/primeira-missajosemberg.html#primaryimage"},"datePublished":"2022-05-08T19:20:20+00:00","dateModified":"2022-05-08T19:26:51+00:00","author":{"@id":"https:\/\/franciscanos.org.br\/noticias\/#\/schema\/person\/b5c8cba458c330ccff548b056e95a5d4"},"breadcrumb":{"@id":"https:\/\/franciscanos.org.br\/noticias\/primeira-missajosemberg.html#breadcrumb"},"inLanguage":"pt-BR","potentialAction":[{"@type":"ReadAction","target":["https:\/\/franciscanos.org.br\/noticias\/primeira-missajosemberg.html"]}]},{"@type":"BreadcrumbList","@id":"https:\/\/franciscanos.org.br\/noticias\/primeira-missajosemberg.html#breadcrumb","itemListElement":[{"@type":"ListItem","position":1,"name":"Home","item":"https:\/\/franciscanos.org.br\/noticias"},{"@type":"ListItem","position":2,"name":"Prim\u00edcias de Frei Josemberg: &#8220;Levar Deus \u00e0s pessoas e as pessoas a Deus&#8221;, a sua miss\u00e3o"}]},{"@type":"Person","@id":"https:\/\/franciscanos.org.br\/noticias\/#\/schema\/person\/b5c8cba458c330ccff548b056e95a5d4","name":"moacir","image":{"@type":"ImageObject","inLanguage":"pt-BR","@id":"https:\/\/franciscanos.org.br\/noticias\/#\/schema\/person\/image\/","url":"https:\/\/secure.gravatar.com\/avatar\/d08aa2ce4c8dd416d4479aa8536fcf64?s=96&d=mm&r=g","contentUrl":"https:\/\/secure.gravatar.com\/avatar\/d08aa2ce4c8dd416d4479aa8536fcf64?s=96&d=mm&r=g","caption":"moacir"},"url":"https:\/\/franciscanos.org.br\/noticias\/author\/moacir"}]}},"_links":{"self":[{"href":"https:\/\/franciscanos.org.br\/noticias\/wp-json\/wp\/v2\/posts\/237768"}],"collection":[{"href":"https:\/\/franciscanos.org.br\/noticias\/wp-json\/wp\/v2\/posts"}],"about":[{"href":"https:\/\/franciscanos.org.br\/noticias\/wp-json\/wp\/v2\/types\/post"}],"author":[{"embeddable":true,"href":"https:\/\/franciscanos.org.br\/noticias\/wp-json\/wp\/v2\/users\/3"}],"replies":[{"embeddable":true,"href":"https:\/\/franciscanos.org.br\/noticias\/wp-json\/wp\/v2\/comments?post=237768"}],"version-history":[{"count":2,"href":"https:\/\/franciscanos.org.br\/noticias\/wp-json\/wp\/v2\/posts\/237768\/revisions"}],"predecessor-version":[{"id":237790,"href":"https:\/\/franciscanos.org.br\/noticias\/wp-json\/wp\/v2\/posts\/237768\/revisions\/237790"}],"wp:featuredmedia":[{"embeddable":true,"href":"https:\/\/franciscanos.org.br\/noticias\/wp-json\/wp\/v2\/media\/237787"}],"wp:attachment":[{"href":"https:\/\/franciscanos.org.br\/noticias\/wp-json\/wp\/v2\/media?parent=237768"}],"wp:term":[{"taxonomy":"category","embeddable":true,"href":"https:\/\/franciscanos.org.br\/noticias\/wp-json\/wp\/v2\/categories?post=237768"},{"taxonomy":"post_tag","embeddable":true,"href":"https:\/\/franciscanos.org.br\/noticias\/wp-json\/wp\/v2\/tags?post=237768"}],"curies":[{"name":"wp","href":"https:\/\/api.w.org\/{rel}","templated":true}]}}