{"id":237764,"date":"2022-05-08T08:31:57","date_gmt":"2022-05-08T11:31:57","guid":{"rendered":"https:\/\/franciscanos.org.br\/noticias\/?p=237764"},"modified":"2022-05-08T08:32:34","modified_gmt":"2022-05-08T11:32:34","slug":"papa-o-cristao-e-filho-da-escuta","status":"publish","type":"post","link":"https:\/\/franciscanos.org.br\/noticias\/papa-o-cristao-e-filho-da-escuta.html","title":{"rendered":"Papa: o crist\u00e3o \u00e9 filho da escuta"},"content":{"rendered":"<div id=\"attachment_237765\" style=\"width: 1290px\" class=\"wp-caption alignnone\"><img aria-describedby=\"caption-attachment-237765\" loading=\"lazy\" class=\"wp-image-237765 size-full\" src=\"https:\/\/franciscanos.org.br\/noticias\/wp-content\/uploads\/2022\/05\/regina_08.jpg\" alt=\"\" width=\"1280\" height=\"720\" srcset=\"https:\/\/franciscanos.org.br\/noticias\/wp-content\/uploads\/2022\/05\/regina_08.jpg 1280w, https:\/\/franciscanos.org.br\/noticias\/wp-content\/uploads\/2022\/05\/regina_08-450x253.jpg 450w, https:\/\/franciscanos.org.br\/noticias\/wp-content\/uploads\/2022\/05\/regina_08-1024x576.jpg 1024w, https:\/\/franciscanos.org.br\/noticias\/wp-content\/uploads\/2022\/05\/regina_08-768x432.jpg 768w, https:\/\/franciscanos.org.br\/noticias\/wp-content\/uploads\/2022\/05\/regina_08-150x84.jpg 150w\" sizes=\"(max-width: 1280px) 100vw, 1280px\" \/><p id=\"caption-attachment-237765\" class=\"wp-caption-text\"><em>\u00a0 \u00a0 \u00a0 \u00a0 \u00a0 \u00a0 \u00a0 \u00a0 \u00a0 \u00a0 \u00a0 \u00a0 \u00a0 \u00a0 \u00a0 \u00a0 \u00a0 \u00a0 \u00a0 \u00a0 \u00a0 \u00a0 \u00a0 \u00a0 \u00a0 \u00a0 \u00a0 \u00a0 \u00a0 \u00a0 \u00a0 \u00a0 \u00a0 \u00a0 \u00a0 \u00a0 \u00a0 \u00a0 \u00a0 \u00a0 \u00a0 \u00a0 \u00a0 \u00a0 \u00a0 \u00a0 \u00a0 \u00a0 \u00a0 \u00a0 \u00a0 \u00a0 \u00a0 \u00a0 \u00a0 \u00a0 \u00a0 \u00a0 \u00a0 \u00a0 \u00a0 \u00a0 \u00a0 \u00a0 \u00a0 \u00a0 \u00a0 \u00a0Imagem: Vatican Media<\/em><\/p><\/div>\n<p>No 4\u00b0 Domingo de P\u00e1scoa (08\/05) durante o Regina Caeli, Francisco falou sobre \u201co bom pastor\u201d. Para recordar esta \u201cterna e bela imagem\u201d do pastor com suas ovelhas, o Papa usou tr\u00eas verbos, presentes no Evangelho de Jo\u00e3o, refletindo sobre eles: escutar, conhecer, seguir.<\/p>\n<p><strong>Escutar<\/strong><br \/>\n\u201cAntes de tudo, as ovelhas escutam a voz do pastor. A iniciativa vem sempre do Senhor; tudo parte da sua gra\u00e7a: \u00e9 Ele quem nos chama \u00e0 comunh\u00e3o com Ele. Mas esta comunh\u00e3o se realiza se nos abrirmos \u00e0 escuta. Escutar significa disponibilidade, docilidade, tempo dedicado ao di\u00e1logo\u201d. O Papa destacou que a escuta \u00e9 fundamental para o Senhor, explicando: \u201cO Senhor \u00e9 a Palavra do Pai e o crist\u00e3o \u00e9 filho da escuta, chamado a viver com a Palavra de Deus ao alcance da m\u00e3o\u201d<\/p>\n<p>Recomendando que escutemos os outros, pois \u201cquem escuta os outros tamb\u00e9m escuta o Senhor, e vice-versa\u201d. &#8220;Hoje estamos sobrecarregados com palavras &#8211; disse ainda o Papa &#8211; e com a pressa de sempre ter que dizer e fazer alguma coisa, na verdade quantas vezes duas pessoas est\u00e3o falando e uma n\u00e3o espera que a outra termine seu pensamento, ela o corta pela metade, ela responde&#8230; Mas se voc\u00ea n\u00e3o o deixa falar, n\u00e3o h\u00e1 escuta. Este \u00e9 um mal do nosso tempo. Hoje estamos sobrecarregados pelas palavras, pela pressa de sempre ter que dizer algo, temos medo do sil\u00eancio&#8221;.<\/p>\n<p><strong>Conhecer<\/strong><br \/>\n\u201cEscutar Jesus torna-se assim o caminho para descobrir que Ele nos conhece. Aqui est\u00e1 o segundo verbo, que diz respeito ao bom pastor: Ele conhece suas ovelhas\u201d, explica Francisco. Enfatizando: \u201cConhecer no sentido b\u00edblico significa amar. Significa que o Senhor, enquanto \u2018nos l\u00ea por dentro\u2019, nos ama\u201d<\/p>\n<p>\u201cEle quer nos dar um novo e maravilhoso conhecimento \u2013 continua o Papa &#8211; o de saber que somos sempre amados por Ele e, portanto, nunca deixados s\u00f3s, a n\u00f3s mesmos\u201d. Neste ponto o Papa adverte que devemos nos perguntar: \u201cEu me deixo ser conhecido pelo Senhor? Eu lhe abro espa\u00e7o na minha vida, levo-lhe o que eu vivo?\u201d<\/p>\n<p><strong>Seguir<\/strong><br \/>\nAo refletir sobre o terceiro verbo sobre o bom pastor, Francisco disse: \u201cAs ovelhas que escutam e se descobrem conhecidas seguem o seu pastor. E quem segue a Cristo, o que faz? Vai para onde Ele for, na mesma estrada, na mesma dire\u00e7\u00e3o\u201d. Recordando ainda que seguir significa interessar-se pelos que est\u00e3o longe, carregar no cora\u00e7\u00e3o a situa\u00e7\u00e3o dos que sofrem, sabe chorar com os que choram, estender a m\u00e3o ao pr\u00f3ximo, carreg\u00e1-lo sobre os ombros.<\/p>\n<p>O Papa concluiu invocando: \u201cQue a Virgem Sant\u00edssima nos ajude a escutar Cristo, a conhec\u00ea-lo cada vez mais e a segui-lo no caminho do servi\u00e7o\u201d.<\/p>\n<hr \/>\n<p><em>Fonte: Vatican News (texto de Jane Nogara)<\/em><\/p>\n","protected":false},"excerpt":{"rendered":"<p>Regina Coeli<\/p>\n","protected":false},"author":3,"featured_media":237765,"comment_status":"open","ping_status":"open","sticky":false,"template":"","format":"standard","meta":[],"categories":[1428],"tags":[564],"acf":[],"yoast_head":"<!-- This site is optimized with the Yoast SEO plugin v19.2 - https:\/\/yoast.com\/wordpress\/plugins\/seo\/ -->\n<title>Papa: o crist\u00e3o \u00e9 filho da escuta - Not\u00edcias - Franciscanos<\/title>\n<meta name=\"robots\" content=\"index, follow, max-snippet:-1, max-image-preview:large, max-video-preview:-1\" \/>\n<link rel=\"canonical\" href=\"https:\/\/franciscanos.org.br\/noticias\/papa-o-cristao-e-filho-da-escuta.html\" \/>\n<meta property=\"og:locale\" content=\"pt_BR\" \/>\n<meta property=\"og:type\" content=\"article\" \/>\n<meta property=\"og:title\" content=\"Papa: o crist\u00e3o \u00e9 filho da escuta - Not\u00edcias - Franciscanos\" \/>\n<meta property=\"og:description\" content=\"Regina Coeli\" \/>\n<meta property=\"og:url\" content=\"https:\/\/franciscanos.org.br\/noticias\/papa-o-cristao-e-filho-da-escuta.html\" \/>\n<meta property=\"og:site_name\" content=\"Not\u00edcias - Franciscanos\" \/>\n<meta property=\"article:published_time\" content=\"2022-05-08T11:31:57+00:00\" \/>\n<meta property=\"article:modified_time\" content=\"2022-05-08T11:32:34+00:00\" \/>\n<meta property=\"og:image\" content=\"https:\/\/franciscanos.org.br\/noticias\/wp-content\/uploads\/2022\/05\/regina_08.jpg\" \/>\n\t<meta property=\"og:image:width\" content=\"1280\" \/>\n\t<meta property=\"og:image:height\" content=\"720\" \/>\n\t<meta property=\"og:image:type\" content=\"image\/jpeg\" \/>\n<meta name=\"author\" content=\"moacir\" \/>\n<meta name=\"twitter:card\" content=\"summary_large_image\" \/>\n<meta name=\"twitter:label1\" content=\"Escrito por\" \/>\n\t<meta name=\"twitter:data1\" content=\"moacir\" \/>\n\t<meta name=\"twitter:label2\" content=\"Est. tempo de leitura\" \/>\n\t<meta name=\"twitter:data2\" content=\"2 minutos\" \/>\n<script type=\"application\/ld+json\" class=\"yoast-schema-graph\">{\"@context\":\"https:\/\/schema.org\",\"@graph\":[{\"@type\":\"WebSite\",\"@id\":\"https:\/\/franciscanos.org.br\/noticias\/#website\",\"url\":\"https:\/\/franciscanos.org.br\/noticias\/\",\"name\":\"Not\u00edcias - Franciscanos\",\"description\":\"Prov\u00edncia Franciscana da Imaculada Concei\u00e7\u00e3o do Brasil - Ordem dos Frades Menores - OFM\",\"potentialAction\":[{\"@type\":\"SearchAction\",\"target\":{\"@type\":\"EntryPoint\",\"urlTemplate\":\"https:\/\/franciscanos.org.br\/noticias\/?s={search_term_string}\"},\"query-input\":\"required name=search_term_string\"}],\"inLanguage\":\"pt-BR\"},{\"@type\":\"ImageObject\",\"inLanguage\":\"pt-BR\",\"@id\":\"https:\/\/franciscanos.org.br\/noticias\/papa-o-cristao-e-filho-da-escuta.html#primaryimage\",\"url\":\"https:\/\/franciscanos.org.br\/noticias\/wp-content\/uploads\/2022\/05\/regina_08.jpg\",\"contentUrl\":\"https:\/\/franciscanos.org.br\/noticias\/wp-content\/uploads\/2022\/05\/regina_08.jpg\",\"width\":1280,\"height\":720},{\"@type\":\"WebPage\",\"@id\":\"https:\/\/franciscanos.org.br\/noticias\/papa-o-cristao-e-filho-da-escuta.html#webpage\",\"url\":\"https:\/\/franciscanos.org.br\/noticias\/papa-o-cristao-e-filho-da-escuta.html\",\"name\":\"Papa: o crist\u00e3o \u00e9 filho da escuta - Not\u00edcias - Franciscanos\",\"isPartOf\":{\"@id\":\"https:\/\/franciscanos.org.br\/noticias\/#website\"},\"primaryImageOfPage\":{\"@id\":\"https:\/\/franciscanos.org.br\/noticias\/papa-o-cristao-e-filho-da-escuta.html#primaryimage\"},\"datePublished\":\"2022-05-08T11:31:57+00:00\",\"dateModified\":\"2022-05-08T11:32:34+00:00\",\"author\":{\"@id\":\"https:\/\/franciscanos.org.br\/noticias\/#\/schema\/person\/b5c8cba458c330ccff548b056e95a5d4\"},\"breadcrumb\":{\"@id\":\"https:\/\/franciscanos.org.br\/noticias\/papa-o-cristao-e-filho-da-escuta.html#breadcrumb\"},\"inLanguage\":\"pt-BR\",\"potentialAction\":[{\"@type\":\"ReadAction\",\"target\":[\"https:\/\/franciscanos.org.br\/noticias\/papa-o-cristao-e-filho-da-escuta.html\"]}]},{\"@type\":\"BreadcrumbList\",\"@id\":\"https:\/\/franciscanos.org.br\/noticias\/papa-o-cristao-e-filho-da-escuta.html#breadcrumb\",\"itemListElement\":[{\"@type\":\"ListItem\",\"position\":1,\"name\":\"Home\",\"item\":\"https:\/\/franciscanos.org.br\/noticias\"},{\"@type\":\"ListItem\",\"position\":2,\"name\":\"Papa: o crist\u00e3o \u00e9 filho da escuta\"}]},{\"@type\":\"Person\",\"@id\":\"https:\/\/franciscanos.org.br\/noticias\/#\/schema\/person\/b5c8cba458c330ccff548b056e95a5d4\",\"name\":\"moacir\",\"image\":{\"@type\":\"ImageObject\",\"inLanguage\":\"pt-BR\",\"@id\":\"https:\/\/franciscanos.org.br\/noticias\/#\/schema\/person\/image\/\",\"url\":\"https:\/\/secure.gravatar.com\/avatar\/d08aa2ce4c8dd416d4479aa8536fcf64?s=96&d=mm&r=g\",\"contentUrl\":\"https:\/\/secure.gravatar.com\/avatar\/d08aa2ce4c8dd416d4479aa8536fcf64?s=96&d=mm&r=g\",\"caption\":\"moacir\"},\"url\":\"https:\/\/franciscanos.org.br\/noticias\/author\/moacir\"}]}<\/script>\n<!-- \/ Yoast SEO plugin. -->","yoast_head_json":{"title":"Papa: o crist\u00e3o \u00e9 filho da escuta - Not\u00edcias - Franciscanos","robots":{"index":"index","follow":"follow","max-snippet":"max-snippet:-1","max-image-preview":"max-image-preview:large","max-video-preview":"max-video-preview:-1"},"canonical":"https:\/\/franciscanos.org.br\/noticias\/papa-o-cristao-e-filho-da-escuta.html","og_locale":"pt_BR","og_type":"article","og_title":"Papa: o crist\u00e3o \u00e9 filho da escuta - Not\u00edcias - Franciscanos","og_description":"Regina Coeli","og_url":"https:\/\/franciscanos.org.br\/noticias\/papa-o-cristao-e-filho-da-escuta.html","og_site_name":"Not\u00edcias - Franciscanos","article_published_time":"2022-05-08T11:31:57+00:00","article_modified_time":"2022-05-08T11:32:34+00:00","og_image":[{"width":1280,"height":720,"url":"https:\/\/franciscanos.org.br\/noticias\/wp-content\/uploads\/2022\/05\/regina_08.jpg","type":"image\/jpeg"}],"author":"moacir","twitter_card":"summary_large_image","twitter_misc":{"Escrito por":"moacir","Est. tempo de leitura":"2 minutos"},"schema":{"@context":"https:\/\/schema.org","@graph":[{"@type":"WebSite","@id":"https:\/\/franciscanos.org.br\/noticias\/#website","url":"https:\/\/franciscanos.org.br\/noticias\/","name":"Not\u00edcias - Franciscanos","description":"Prov\u00edncia Franciscana da Imaculada Concei\u00e7\u00e3o do Brasil - Ordem dos Frades Menores - OFM","potentialAction":[{"@type":"SearchAction","target":{"@type":"EntryPoint","urlTemplate":"https:\/\/franciscanos.org.br\/noticias\/?s={search_term_string}"},"query-input":"required name=search_term_string"}],"inLanguage":"pt-BR"},{"@type":"ImageObject","inLanguage":"pt-BR","@id":"https:\/\/franciscanos.org.br\/noticias\/papa-o-cristao-e-filho-da-escuta.html#primaryimage","url":"https:\/\/franciscanos.org.br\/noticias\/wp-content\/uploads\/2022\/05\/regina_08.jpg","contentUrl":"https:\/\/franciscanos.org.br\/noticias\/wp-content\/uploads\/2022\/05\/regina_08.jpg","width":1280,"height":720},{"@type":"WebPage","@id":"https:\/\/franciscanos.org.br\/noticias\/papa-o-cristao-e-filho-da-escuta.html#webpage","url":"https:\/\/franciscanos.org.br\/noticias\/papa-o-cristao-e-filho-da-escuta.html","name":"Papa: o crist\u00e3o \u00e9 filho da escuta - Not\u00edcias - Franciscanos","isPartOf":{"@id":"https:\/\/franciscanos.org.br\/noticias\/#website"},"primaryImageOfPage":{"@id":"https:\/\/franciscanos.org.br\/noticias\/papa-o-cristao-e-filho-da-escuta.html#primaryimage"},"datePublished":"2022-05-08T11:31:57+00:00","dateModified":"2022-05-08T11:32:34+00:00","author":{"@id":"https:\/\/franciscanos.org.br\/noticias\/#\/schema\/person\/b5c8cba458c330ccff548b056e95a5d4"},"breadcrumb":{"@id":"https:\/\/franciscanos.org.br\/noticias\/papa-o-cristao-e-filho-da-escuta.html#breadcrumb"},"inLanguage":"pt-BR","potentialAction":[{"@type":"ReadAction","target":["https:\/\/franciscanos.org.br\/noticias\/papa-o-cristao-e-filho-da-escuta.html"]}]},{"@type":"BreadcrumbList","@id":"https:\/\/franciscanos.org.br\/noticias\/papa-o-cristao-e-filho-da-escuta.html#breadcrumb","itemListElement":[{"@type":"ListItem","position":1,"name":"Home","item":"https:\/\/franciscanos.org.br\/noticias"},{"@type":"ListItem","position":2,"name":"Papa: o crist\u00e3o \u00e9 filho da escuta"}]},{"@type":"Person","@id":"https:\/\/franciscanos.org.br\/noticias\/#\/schema\/person\/b5c8cba458c330ccff548b056e95a5d4","name":"moacir","image":{"@type":"ImageObject","inLanguage":"pt-BR","@id":"https:\/\/franciscanos.org.br\/noticias\/#\/schema\/person\/image\/","url":"https:\/\/secure.gravatar.com\/avatar\/d08aa2ce4c8dd416d4479aa8536fcf64?s=96&d=mm&r=g","contentUrl":"https:\/\/secure.gravatar.com\/avatar\/d08aa2ce4c8dd416d4479aa8536fcf64?s=96&d=mm&r=g","caption":"moacir"},"url":"https:\/\/franciscanos.org.br\/noticias\/author\/moacir"}]}},"_links":{"self":[{"href":"https:\/\/franciscanos.org.br\/noticias\/wp-json\/wp\/v2\/posts\/237764"}],"collection":[{"href":"https:\/\/franciscanos.org.br\/noticias\/wp-json\/wp\/v2\/posts"}],"about":[{"href":"https:\/\/franciscanos.org.br\/noticias\/wp-json\/wp\/v2\/types\/post"}],"author":[{"embeddable":true,"href":"https:\/\/franciscanos.org.br\/noticias\/wp-json\/wp\/v2\/users\/3"}],"replies":[{"embeddable":true,"href":"https:\/\/franciscanos.org.br\/noticias\/wp-json\/wp\/v2\/comments?post=237764"}],"version-history":[{"count":2,"href":"https:\/\/franciscanos.org.br\/noticias\/wp-json\/wp\/v2\/posts\/237764\/revisions"}],"predecessor-version":[{"id":237767,"href":"https:\/\/franciscanos.org.br\/noticias\/wp-json\/wp\/v2\/posts\/237764\/revisions\/237767"}],"wp:featuredmedia":[{"embeddable":true,"href":"https:\/\/franciscanos.org.br\/noticias\/wp-json\/wp\/v2\/media\/237765"}],"wp:attachment":[{"href":"https:\/\/franciscanos.org.br\/noticias\/wp-json\/wp\/v2\/media?parent=237764"}],"wp:term":[{"taxonomy":"category","embeddable":true,"href":"https:\/\/franciscanos.org.br\/noticias\/wp-json\/wp\/v2\/categories?post=237764"},{"taxonomy":"post_tag","embeddable":true,"href":"https:\/\/franciscanos.org.br\/noticias\/wp-json\/wp\/v2\/tags?post=237764"}],"curies":[{"name":"wp","href":"https:\/\/api.w.org\/{rel}","templated":true}]}}