{"id":237729,"date":"2022-05-07T11:54:41","date_gmt":"2022-05-07T14:54:41","guid":{"rendered":"https:\/\/franciscanos.org.br\/noticias\/?p=237729"},"modified":"2022-05-09T06:50:23","modified_gmt":"2022-05-09T09:50:23","slug":"entrevistamassimo","status":"publish","type":"post","link":"https:\/\/franciscanos.org.br\/noticias\/entrevistamassimo.html","title":{"rendered":"Frei Massimo visita Ucr\u00e2nia: &#8220;Acreditamos que essa guerra \u00e9 uma ferida para todos&#8221;"},"content":{"rendered":"<p><img loading=\"lazy\" class=\"alignnone size-full wp-image-237730\" src=\"https:\/\/franciscanos.org.br\/noticias\/wp-content\/uploads\/2022\/05\/ministrogeral_07.jpg\" alt=\"\" width=\"1280\" height=\"720\" srcset=\"https:\/\/franciscanos.org.br\/noticias\/wp-content\/uploads\/2022\/05\/ministrogeral_07.jpg 1280w, https:\/\/franciscanos.org.br\/noticias\/wp-content\/uploads\/2022\/05\/ministrogeral_07-450x253.jpg 450w, https:\/\/franciscanos.org.br\/noticias\/wp-content\/uploads\/2022\/05\/ministrogeral_07-1024x576.jpg 1024w, https:\/\/franciscanos.org.br\/noticias\/wp-content\/uploads\/2022\/05\/ministrogeral_07-768x432.jpg 768w, https:\/\/franciscanos.org.br\/noticias\/wp-content\/uploads\/2022\/05\/ministrogeral_07-150x84.jpg 150w\" sizes=\"(max-width: 1280px) 100vw, 1280px\" \/><\/p>\n<p><em>De 10 a 16 de abril de 2022, o Ministro Geral, Frei Massimo Fusarelli, acompanhado por Frei Francesco Piloni, Provincial de Assis, fez uma visita \u00e0 Rom\u00eania, Ucr\u00e2nia e Pol\u00f4nia. Ap\u00f3s esta visita, partilhou a sua peregrina\u00e7\u00e3o com a Oficina de Comunica\u00e7\u00f5es da Ordem.<\/em><\/p>\n<p><strong>Ministro, onde come\u00e7ou sua jornada?<\/strong><\/p>\n<p><strong>Frei Massimo<\/strong> &#8211; Chegamos no Domingo de Ramos na Rom\u00eania, em Suceava, na fronteira com a Ucr\u00e2nia. Tivemos que esperar at\u00e9 o dia seguinte para entrar, ent\u00e3o aproveitamos para cumprimentar os frades da Transilv\u00e2nia, visitar um santu\u00e1rio mariano e estar com o Provincial e os frades da fraternidade. Ent\u00e3o, finalmente, entramos na Ucr\u00e2nia. Cruzar a fronteira entre a Rom\u00eania e a Ucr\u00e2nia foi como um espelho, porque nos mostrou um fluxo di\u00e1rio de pessoas: h\u00e1 refugiados retornando \u00e0 Ucr\u00e2nia (especialmente mulheres, crian\u00e7as, idosos) e pessoas saindo do pa\u00eds. Entre a Pol\u00f4nia e a Ucr\u00e2nia, at\u00e9 a semana passada, entre 25 e 30 mil pessoas por dia faziam essa transfer\u00eancia. Isso \u00e9 muito e tamb\u00e9m nos mostra uma das consequ\u00eancias da guerra: esse deslocamento de pessoas. Vimos pessoas saindo do pa\u00eds com poucas malas, poucos pertences. Muito triste, mas realmente tocou nossos cora\u00e7\u00f5es. Tamb\u00e9m pudemos conversar com alguns deles. No dia 11 de abril, na fronteira com a Ucr\u00e2nia, nos encontramos com outros representantes de uma peregrina\u00e7\u00e3o inter-religiosa, cujo momento central seria o encontro do dia seguinte.<\/p>\n<p><strong>A participa\u00e7\u00e3o nesta peregrina\u00e7\u00e3o inter-religiosa foi um dos motivos importantes da sua viagem?<\/strong><\/p>\n<p><strong>Frei Massimo<\/strong> &#8211; Sim, ali tive a oportunidade de encontrar os diferentes participantes desta peregrina\u00e7\u00e3o: o Arcebispo Em\u00e9rito de Cantu\u00e1ria dos Anglicanos, Rowan Williams, o Arcebispo Metropolitano Ortodoxo Grego do Patriarcado de Constantinopla na Inglaterra, tamb\u00e9m Bispo ucraniano da Igreja Ortodoxa de kiev, bem como representantes do mundo isl\u00e2mico (antigo Grande Mufti da B\u00f3snia), representantes do juda\u00edsmo, hindus e budistas. \u00c9ramos doze no total e compartilhamos a prepara\u00e7\u00e3o para a reuni\u00e3o do dia seguinte.<\/p>\n<p>Na manh\u00e3 de 12 de abril, divididos em tr\u00eas pequenos grupos, visitamos o centro de refugiados e um orfanato. Acho que esta foi a etapa mais dolorosa e forte da minha peregrina\u00e7\u00e3o. Neste centro encontravam-se 200 crian\u00e7as e jovens, dos quais cerca de 80 \u00f3rf\u00e3os ou abandonados devido \u00e0 dispers\u00e3o dos pais pela guerra. Alguns deles sofreram viol\u00eancia psicol\u00f3gica e outros abusos. Confesso que chorei ao sair. Tamb\u00e9m pedi ao Senhor: \u201cSenhor, ajuda-me, Senhor, manifesta-te. D\u00ea-se a conhecer, porque o sofrimento das crian\u00e7as \u00e9 terr\u00edvel&#8221;. Mas devo dizer que, junto a este sofrimento, al\u00e9m dos adolescentes entediados que voc\u00ea v\u00ea em outros centros de refugiados, encontrei a alegria e a festa das crian\u00e7as. Uma caracter\u00edstica da viagem de visita aos refugiados sempre foi esta: dor e esperan\u00e7a, chorar e rir juntos. Realmente me fez pensar que esta \u00e9 a P\u00e1scoa: morte e vida.<\/p>\n<p>\u00c0 tarde, aconteceu o encontro inter-religioso, ponto central da peregrina\u00e7\u00e3o, que foi muito intensa. O teatro estava cheio de gente: foi o primeiro ato p\u00fablico desde o in\u00edcio da guerra na Ucr\u00e2nia. Ent\u00e3o tamb\u00e9m foi importante e um belo momento para compartilhar.<\/p>\n<p><strong>Na carta do Santo Padre, lida em 12 de abril em \u010cernivci, o Papa escreve: \u201cO sofrimento causado a tantas pessoas fracas e indefesas; os numerosos massacres de civis e jovens v\u00edtimas inocentes; a fuga desesperada de mulheres e crian\u00e7as&#8230; Tudo isso abala nossas consci\u00eancias e nos obriga a n\u00e3o nos calar, a n\u00e3o ficar indiferentes \u00e0 viol\u00eancia de Caim e ao grito de Abel, mas a levantar nossas vozes com for\u00e7a para pedir, em nome de Deus, o fim de tais a\u00e7\u00f5es abomin\u00e1veis\u201d. Voc\u00ea falou de S\u00e3o Francisco de Assis durante a ora\u00e7\u00e3o? Como podemos levantar nossa voz hoje?<\/strong><\/p>\n<p><strong>Frei Massimo<\/strong> &#8211; O Papa levanta a voz. Ele fala muito contra a guerra, como nenhum outro l\u00edder. No entanto, para alguns isso n\u00e3o \u00e9 suficiente, porque eles gostariam que o Papa tomasse uma posi\u00e7\u00e3o. Levantar a voz n\u00e3o \u00e9 apenas apontar um culpado, \u00e9 denunciar a iniquidade da guerra, n\u00e3o permanecer neutro, dizer que a guerra de hoje pode degenerar em um conflito nuclear. Nenhuma guerra pode ser chamada de justa, ainda que o homem tenha direito \u00e0 autodefesa. Levantar a voz me parece fazer isso, o que faz o Papa. Ao ir l\u00e1, quis dizer tamb\u00e9m aos frades e a todos os crist\u00e3os que est\u00e3o l\u00e1, que n\u00e3o somos indiferentes ao que est\u00e1 acontecendo.<\/p>\n<p>Ent\u00e3o, levantar a voz em n\u00edvel pol\u00edtico internacional significa adotar uma postura mais clara? Definitivamente. Isso significa fazer a pergunta, voc\u00ea realmente quer acabar com esta guerra? J\u00e1 que muitas pessoas na Ucr\u00e2nia se fazem essa pergunta. Ou essa situa\u00e7\u00e3o finalmente beneficia algumas pessoas? Aqui entramos em quest\u00f5es muito delicadas e sens\u00edveis.<\/p>\n<p><strong>Como est\u00e3o os Frades Menores nas comunidades que voc\u00ea visitou e como lidam com essa situa\u00e7\u00e3o?<\/strong><\/p>\n<p><strong>Frei Massimo<\/strong> &#8211; Encontrei os frades em diversas casas. Em cada um dos conventos conheci tamb\u00e9m refugiados: pessoas que fugiram do leste do pa\u00eds. Devo dizer que cinco dias depois da minha viagem ca\u00edram bombas em Leopoli, por onde hav\u00edamos passado, e 7 civis morreram. Portanto, sabemos hoje que nenhuma \u00e1rea \u00e9 segura na Ucr\u00e2nia, porque a guerra afeta subitamente o mundo inteiro.<\/p>\n<p>No Oeste do pa\u00eds tive o encontro mais significativo com as pessoas de nossas igrejas e com os administradores locais. Vi tanta solidariedade, tanto envolvimento e isso me deu muita esperan\u00e7a.<\/p>\n<p>At\u00e9 agora, nenhum de nossos frades foi afetado fisicamente e nem os conventos. Os frades est\u00e3o com o povo: \u00e9 sua voca\u00e7\u00e3o o que eles realmente vivem. Certamente, durante a minha visita, vi tamb\u00e9m as feridas dos frades, a tens\u00e3o, o medo. Eles t\u00eam suas fam\u00edlias e entes queridos sob bombardeio. Eles sentem, como todo mundo, uma sensa\u00e7\u00e3o de inseguran\u00e7a, ent\u00e3o eles tamb\u00e9m precisam de apoio. Eles ficaram felizes com a minha visita, porque os tirou de um sentimento de opress\u00e3o, de fechamento. Dos irm\u00e3os da Ordem recebem n\u00e3o s\u00f3 solidariedade material, mas tamb\u00e9m proximidade por meio de um telefonema, um e-mail. Isso faz com que eles se sintam parte de uma fam\u00edlia maior e isso \u00e9 muito importante.<\/p>\n<p><strong>O que as pessoas que voc\u00ea conheceu precisam?<\/strong><\/p>\n<p><strong>Frei Massimo &#8211;<\/strong> No momento os frades est\u00e3o recebendo, gra\u00e7as a Deus, o que precisam para o povo. Embora muita ajuda esteja vindo de muitas partes do mundo, o dinheiro que est\u00e1 sendo arrecadado ser\u00e1 muito \u00fatil quando a guerra chegar ao fim. Ser\u00e1 necess\u00e1rio reconstruir e ajudar as pessoas a voltarem para suas casas. Muitas pessoas na Europa, na It\u00e1lia, Alemanha e Pol\u00f4nia, est\u00e3o ajudando generosamente. J\u00e1 vi lojas com alimentos, rem\u00e9dios, objetos para idosos, doentes e crian\u00e7as.<\/p>\n<p><strong>Ministro, que mensagem voc\u00ea deixaria aos irm\u00e3os e ao mundo depois de sua peregrina\u00e7\u00e3o?<\/strong><\/p>\n<p><strong>Frei Massimo<\/strong> &#8211; A mensagem \u00e9 o que disse o Papa: n\u00e3o fiquemos indiferentes. A gente se acostuma com a guerra. Acreditamos que essa guerra \u00e9 uma ferida para todos. H\u00e1 um agressor e h\u00e1 um agredido. Mas sabemos que carregamos dentro de n\u00f3s a semente da viol\u00eancia que pode explodir a qualquer momento. Ent\u00e3o temos que ter muito cuidado com isso. Queremos paz, n\u00e3o vamos alimentar esta guerra. Ser a favor ou contra algu\u00e9m n\u00e3o era nossa voca\u00e7\u00e3o, especialmente como irm\u00e3os, como crist\u00e3os. E trabalhamos pela reconcilia\u00e7\u00e3o, pela paz. Devemos ajudar as pessoas a superar as feridas desta guerra.<\/p>\n<p><strong>O que significa falar de paz hoje?<\/strong><\/p>\n<p><strong>Frei Massimo<\/strong> &#8211; Algo mudou profundamente: a Europa e o mundo inteiro n\u00e3o s\u00e3o mais o que eram antes da guerra. Est\u00e1vamos numa ilus\u00e3o, numa paz um tanto artificial. Hoje vemos que a paz \u00e9 muito fr\u00e1gil e que \u00e9 necess\u00e1rio um maior empenho para salvaguard\u00e1-la e promov\u00ea-la. Como crente, como crist\u00e3o, eu diria: o que a Provid\u00eancia de Deus quer que vejamos nesta guerra? Eu vejo isso como um grande chamado \u00e0 convers\u00e3o; um grande chamado para redescobrir a f\u00e9 e uma profunda compreens\u00e3o do cora\u00e7\u00e3o da vida. Creio que o Papa, ao pedir que nos consagremos \u00e0 Virgem Maria, quis indicar esta chave de interpreta\u00e7\u00e3o. Guerra \u00e9 uma palavra para nossa convers\u00e3o. Eu, pessoalmente, senti muito este aspecto nesta peregrina\u00e7\u00e3o.<\/p>\n<p>Os frades me convidaram para ir \u00e0 parte oriental da Ucr\u00e2nia. Assim que poss\u00edvel continuarei esta viagem, esta peregrina\u00e7\u00e3o.<\/p>\n<hr \/>\n<p><em>Entrevista publicada pelo site da OFM &#8211; <a href=\"http:\/\/www.ofm.org\">www.ofm.org<\/a><\/em><\/p>\n","protected":false},"excerpt":{"rendered":"<p>Ministro Geral da Ordem dos Frades Menores<\/p>\n","protected":false},"author":3,"featured_media":237730,"comment_status":"open","ping_status":"open","sticky":false,"template":"","format":"standard","meta":[],"categories":[1],"tags":[184],"acf":[],"yoast_head":"<!-- This site is optimized with the Yoast SEO plugin v19.2 - https:\/\/yoast.com\/wordpress\/plugins\/seo\/ -->\n<title>Frei Massimo visita Ucr\u00e2nia: &quot;Acreditamos que essa guerra \u00e9 uma ferida para todos&quot; - Not\u00edcias - Franciscanos<\/title>\n<meta name=\"robots\" content=\"index, follow, max-snippet:-1, max-image-preview:large, max-video-preview:-1\" \/>\n<link rel=\"canonical\" href=\"https:\/\/franciscanos.org.br\/noticias\/entrevistamassimo.html\" \/>\n<meta property=\"og:locale\" content=\"pt_BR\" \/>\n<meta property=\"og:type\" content=\"article\" \/>\n<meta property=\"og:title\" content=\"Frei Massimo visita Ucr\u00e2nia: &quot;Acreditamos que essa guerra \u00e9 uma ferida para todos&quot; - Not\u00edcias - Franciscanos\" \/>\n<meta property=\"og:description\" content=\"Ministro Geral da Ordem dos Frades Menores\" \/>\n<meta property=\"og:url\" content=\"https:\/\/franciscanos.org.br\/noticias\/entrevistamassimo.html\" \/>\n<meta property=\"og:site_name\" content=\"Not\u00edcias - Franciscanos\" \/>\n<meta property=\"article:published_time\" content=\"2022-05-07T14:54:41+00:00\" \/>\n<meta property=\"article:modified_time\" content=\"2022-05-09T09:50:23+00:00\" \/>\n<meta property=\"og:image\" content=\"https:\/\/franciscanos.org.br\/noticias\/wp-content\/uploads\/2022\/05\/ministrogeral_07.jpg\" \/>\n\t<meta property=\"og:image:width\" content=\"1280\" \/>\n\t<meta property=\"og:image:height\" content=\"720\" \/>\n\t<meta property=\"og:image:type\" content=\"image\/jpeg\" \/>\n<meta name=\"author\" content=\"moacir\" \/>\n<meta name=\"twitter:card\" content=\"summary_large_image\" \/>\n<meta name=\"twitter:label1\" content=\"Escrito por\" \/>\n\t<meta name=\"twitter:data1\" content=\"moacir\" \/>\n\t<meta name=\"twitter:label2\" content=\"Est. tempo de leitura\" \/>\n\t<meta name=\"twitter:data2\" content=\"7 minutos\" \/>\n<script type=\"application\/ld+json\" class=\"yoast-schema-graph\">{\"@context\":\"https:\/\/schema.org\",\"@graph\":[{\"@type\":\"WebSite\",\"@id\":\"https:\/\/franciscanos.org.br\/noticias\/#website\",\"url\":\"https:\/\/franciscanos.org.br\/noticias\/\",\"name\":\"Not\u00edcias - Franciscanos\",\"description\":\"Prov\u00edncia Franciscana da Imaculada Concei\u00e7\u00e3o do Brasil - Ordem dos Frades Menores - OFM\",\"potentialAction\":[{\"@type\":\"SearchAction\",\"target\":{\"@type\":\"EntryPoint\",\"urlTemplate\":\"https:\/\/franciscanos.org.br\/noticias\/?s={search_term_string}\"},\"query-input\":\"required name=search_term_string\"}],\"inLanguage\":\"pt-BR\"},{\"@type\":\"ImageObject\",\"inLanguage\":\"pt-BR\",\"@id\":\"https:\/\/franciscanos.org.br\/noticias\/entrevistamassimo.html#primaryimage\",\"url\":\"https:\/\/franciscanos.org.br\/noticias\/wp-content\/uploads\/2022\/05\/ministrogeral_07.jpg\",\"contentUrl\":\"https:\/\/franciscanos.org.br\/noticias\/wp-content\/uploads\/2022\/05\/ministrogeral_07.jpg\",\"width\":1280,\"height\":720},{\"@type\":\"WebPage\",\"@id\":\"https:\/\/franciscanos.org.br\/noticias\/entrevistamassimo.html#webpage\",\"url\":\"https:\/\/franciscanos.org.br\/noticias\/entrevistamassimo.html\",\"name\":\"Frei Massimo visita Ucr\u00e2nia: \\\"Acreditamos que essa guerra \u00e9 uma ferida para todos\\\" - Not\u00edcias - Franciscanos\",\"isPartOf\":{\"@id\":\"https:\/\/franciscanos.org.br\/noticias\/#website\"},\"primaryImageOfPage\":{\"@id\":\"https:\/\/franciscanos.org.br\/noticias\/entrevistamassimo.html#primaryimage\"},\"datePublished\":\"2022-05-07T14:54:41+00:00\",\"dateModified\":\"2022-05-09T09:50:23+00:00\",\"author\":{\"@id\":\"https:\/\/franciscanos.org.br\/noticias\/#\/schema\/person\/b5c8cba458c330ccff548b056e95a5d4\"},\"breadcrumb\":{\"@id\":\"https:\/\/franciscanos.org.br\/noticias\/entrevistamassimo.html#breadcrumb\"},\"inLanguage\":\"pt-BR\",\"potentialAction\":[{\"@type\":\"ReadAction\",\"target\":[\"https:\/\/franciscanos.org.br\/noticias\/entrevistamassimo.html\"]}]},{\"@type\":\"BreadcrumbList\",\"@id\":\"https:\/\/franciscanos.org.br\/noticias\/entrevistamassimo.html#breadcrumb\",\"itemListElement\":[{\"@type\":\"ListItem\",\"position\":1,\"name\":\"Home\",\"item\":\"https:\/\/franciscanos.org.br\/noticias\"},{\"@type\":\"ListItem\",\"position\":2,\"name\":\"Frei Massimo visita Ucr\u00e2nia: &#8220;Acreditamos que essa guerra \u00e9 uma ferida para todos&#8221;\"}]},{\"@type\":\"Person\",\"@id\":\"https:\/\/franciscanos.org.br\/noticias\/#\/schema\/person\/b5c8cba458c330ccff548b056e95a5d4\",\"name\":\"moacir\",\"image\":{\"@type\":\"ImageObject\",\"inLanguage\":\"pt-BR\",\"@id\":\"https:\/\/franciscanos.org.br\/noticias\/#\/schema\/person\/image\/\",\"url\":\"https:\/\/secure.gravatar.com\/avatar\/d08aa2ce4c8dd416d4479aa8536fcf64?s=96&d=mm&r=g\",\"contentUrl\":\"https:\/\/secure.gravatar.com\/avatar\/d08aa2ce4c8dd416d4479aa8536fcf64?s=96&d=mm&r=g\",\"caption\":\"moacir\"},\"url\":\"https:\/\/franciscanos.org.br\/noticias\/author\/moacir\"}]}<\/script>\n<!-- \/ Yoast SEO plugin. -->","yoast_head_json":{"title":"Frei Massimo visita Ucr\u00e2nia: \"Acreditamos que essa guerra \u00e9 uma ferida para todos\" - Not\u00edcias - Franciscanos","robots":{"index":"index","follow":"follow","max-snippet":"max-snippet:-1","max-image-preview":"max-image-preview:large","max-video-preview":"max-video-preview:-1"},"canonical":"https:\/\/franciscanos.org.br\/noticias\/entrevistamassimo.html","og_locale":"pt_BR","og_type":"article","og_title":"Frei Massimo visita Ucr\u00e2nia: \"Acreditamos que essa guerra \u00e9 uma ferida para todos\" - Not\u00edcias - Franciscanos","og_description":"Ministro Geral da Ordem dos Frades Menores","og_url":"https:\/\/franciscanos.org.br\/noticias\/entrevistamassimo.html","og_site_name":"Not\u00edcias - Franciscanos","article_published_time":"2022-05-07T14:54:41+00:00","article_modified_time":"2022-05-09T09:50:23+00:00","og_image":[{"width":1280,"height":720,"url":"https:\/\/franciscanos.org.br\/noticias\/wp-content\/uploads\/2022\/05\/ministrogeral_07.jpg","type":"image\/jpeg"}],"author":"moacir","twitter_card":"summary_large_image","twitter_misc":{"Escrito por":"moacir","Est. tempo de leitura":"7 minutos"},"schema":{"@context":"https:\/\/schema.org","@graph":[{"@type":"WebSite","@id":"https:\/\/franciscanos.org.br\/noticias\/#website","url":"https:\/\/franciscanos.org.br\/noticias\/","name":"Not\u00edcias - Franciscanos","description":"Prov\u00edncia Franciscana da Imaculada Concei\u00e7\u00e3o do Brasil - Ordem dos Frades Menores - OFM","potentialAction":[{"@type":"SearchAction","target":{"@type":"EntryPoint","urlTemplate":"https:\/\/franciscanos.org.br\/noticias\/?s={search_term_string}"},"query-input":"required name=search_term_string"}],"inLanguage":"pt-BR"},{"@type":"ImageObject","inLanguage":"pt-BR","@id":"https:\/\/franciscanos.org.br\/noticias\/entrevistamassimo.html#primaryimage","url":"https:\/\/franciscanos.org.br\/noticias\/wp-content\/uploads\/2022\/05\/ministrogeral_07.jpg","contentUrl":"https:\/\/franciscanos.org.br\/noticias\/wp-content\/uploads\/2022\/05\/ministrogeral_07.jpg","width":1280,"height":720},{"@type":"WebPage","@id":"https:\/\/franciscanos.org.br\/noticias\/entrevistamassimo.html#webpage","url":"https:\/\/franciscanos.org.br\/noticias\/entrevistamassimo.html","name":"Frei Massimo visita Ucr\u00e2nia: \"Acreditamos que essa guerra \u00e9 uma ferida para todos\" - Not\u00edcias - Franciscanos","isPartOf":{"@id":"https:\/\/franciscanos.org.br\/noticias\/#website"},"primaryImageOfPage":{"@id":"https:\/\/franciscanos.org.br\/noticias\/entrevistamassimo.html#primaryimage"},"datePublished":"2022-05-07T14:54:41+00:00","dateModified":"2022-05-09T09:50:23+00:00","author":{"@id":"https:\/\/franciscanos.org.br\/noticias\/#\/schema\/person\/b5c8cba458c330ccff548b056e95a5d4"},"breadcrumb":{"@id":"https:\/\/franciscanos.org.br\/noticias\/entrevistamassimo.html#breadcrumb"},"inLanguage":"pt-BR","potentialAction":[{"@type":"ReadAction","target":["https:\/\/franciscanos.org.br\/noticias\/entrevistamassimo.html"]}]},{"@type":"BreadcrumbList","@id":"https:\/\/franciscanos.org.br\/noticias\/entrevistamassimo.html#breadcrumb","itemListElement":[{"@type":"ListItem","position":1,"name":"Home","item":"https:\/\/franciscanos.org.br\/noticias"},{"@type":"ListItem","position":2,"name":"Frei Massimo visita Ucr\u00e2nia: &#8220;Acreditamos que essa guerra \u00e9 uma ferida para todos&#8221;"}]},{"@type":"Person","@id":"https:\/\/franciscanos.org.br\/noticias\/#\/schema\/person\/b5c8cba458c330ccff548b056e95a5d4","name":"moacir","image":{"@type":"ImageObject","inLanguage":"pt-BR","@id":"https:\/\/franciscanos.org.br\/noticias\/#\/schema\/person\/image\/","url":"https:\/\/secure.gravatar.com\/avatar\/d08aa2ce4c8dd416d4479aa8536fcf64?s=96&d=mm&r=g","contentUrl":"https:\/\/secure.gravatar.com\/avatar\/d08aa2ce4c8dd416d4479aa8536fcf64?s=96&d=mm&r=g","caption":"moacir"},"url":"https:\/\/franciscanos.org.br\/noticias\/author\/moacir"}]}},"_links":{"self":[{"href":"https:\/\/franciscanos.org.br\/noticias\/wp-json\/wp\/v2\/posts\/237729"}],"collection":[{"href":"https:\/\/franciscanos.org.br\/noticias\/wp-json\/wp\/v2\/posts"}],"about":[{"href":"https:\/\/franciscanos.org.br\/noticias\/wp-json\/wp\/v2\/types\/post"}],"author":[{"embeddable":true,"href":"https:\/\/franciscanos.org.br\/noticias\/wp-json\/wp\/v2\/users\/3"}],"replies":[{"embeddable":true,"href":"https:\/\/franciscanos.org.br\/noticias\/wp-json\/wp\/v2\/comments?post=237729"}],"version-history":[{"count":1,"href":"https:\/\/franciscanos.org.br\/noticias\/wp-json\/wp\/v2\/posts\/237729\/revisions"}],"predecessor-version":[{"id":237731,"href":"https:\/\/franciscanos.org.br\/noticias\/wp-json\/wp\/v2\/posts\/237729\/revisions\/237731"}],"wp:featuredmedia":[{"embeddable":true,"href":"https:\/\/franciscanos.org.br\/noticias\/wp-json\/wp\/v2\/media\/237730"}],"wp:attachment":[{"href":"https:\/\/franciscanos.org.br\/noticias\/wp-json\/wp\/v2\/media?parent=237729"}],"wp:term":[{"taxonomy":"category","embeddable":true,"href":"https:\/\/franciscanos.org.br\/noticias\/wp-json\/wp\/v2\/categories?post=237729"},{"taxonomy":"post_tag","embeddable":true,"href":"https:\/\/franciscanos.org.br\/noticias\/wp-json\/wp\/v2\/tags?post=237729"}],"curies":[{"name":"wp","href":"https:\/\/api.w.org\/{rel}","templated":true}]}}