{"id":237711,"date":"2022-05-07T08:22:28","date_gmt":"2022-05-07T11:22:28","guid":{"rendered":"https:\/\/franciscanos.org.br\/noticias\/?p=237711"},"modified":"2022-05-07T08:22:28","modified_gmt":"2022-05-07T11:22:28","slug":"ser-pastor-do-povo-e-nao-profissional-do-sagrado","status":"publish","type":"post","link":"https:\/\/franciscanos.org.br\/noticias\/ser-pastor-do-povo-e-nao-profissional-do-sagrado.html","title":{"rendered":"&#8220;Ser pastor do povo e n\u00e3o profissional do sagrado&#8221;"},"content":{"rendered":"<p><img loading=\"lazy\" class=\"alignnone size-full wp-image-237713\" src=\"https:\/\/franciscanos.org.br\/noticias\/wp-content\/uploads\/2022\/05\/terceirodia_0705_1-1.jpg\" alt=\"\" width=\"1024\" height=\"576\" srcset=\"https:\/\/franciscanos.org.br\/noticias\/wp-content\/uploads\/2022\/05\/terceirodia_0705_1-1.jpg 1024w, https:\/\/franciscanos.org.br\/noticias\/wp-content\/uploads\/2022\/05\/terceirodia_0705_1-1-450x253.jpg 450w, https:\/\/franciscanos.org.br\/noticias\/wp-content\/uploads\/2022\/05\/terceirodia_0705_1-1-768x432.jpg 768w, https:\/\/franciscanos.org.br\/noticias\/wp-content\/uploads\/2022\/05\/terceirodia_0705_1-1-150x84.jpg 150w\" sizes=\"(max-width: 1024px) 100vw, 1024px\" \/><\/p>\n<p><strong>Duque de Caxias (RJ)<\/strong> &#8211; O terceiro dia do tr\u00edduo, em prepara\u00e7\u00e3o para a ordena\u00e7\u00e3o presbiteral de Frei Josemberg Cardozo Aranha, sexta-feira, 06, foi intenso de atividades em Campos El\u00edseos, nas comunidades da Par\u00f3quia S\u00e3o Francisco de Assis. Durante o per\u00edodo da manh\u00e3, os mission\u00e1rios puderam conhecer e visitar os Centros de Conviv\u00eancia Infantil (CCI), atividade do SEFRAS em parceria com a comunidade, e durante a tarde visitaram os lares caxienses.<\/p>\n<p>A presen\u00e7a dos mission\u00e1rios nos CCI despertou a curiosidade das crian\u00e7as que dan\u00e7aram, cantaram e se divertiram com a companhia dos visitantes. A experi\u00eancia foi de muita intensidade para todos os presentes, plantou-se na realidade das crian\u00e7as a esperan\u00e7a por uma realidade pautada na paz e no bem do homem de Assis.<\/p>\n<p>Ap\u00f3s o almo\u00e7o, os mission\u00e1rios se dispersaram pelas ruas de Campos El\u00edseos levando consigo o desejo de um mundo mais justo e mais pascal. Os lares visitados foram lugares de encontro com o Cristo que se identifica com os enfermos.<\/p>\n<p><img loading=\"lazy\" class=\"alignnone size-full wp-image-237714\" src=\"https:\/\/franciscanos.org.br\/noticias\/wp-content\/uploads\/2022\/05\/terceirodia_0705_2.jpg\" alt=\"\" width=\"1024\" height=\"728\" srcset=\"https:\/\/franciscanos.org.br\/noticias\/wp-content\/uploads\/2022\/05\/terceirodia_0705_2.jpg 1024w, https:\/\/franciscanos.org.br\/noticias\/wp-content\/uploads\/2022\/05\/terceirodia_0705_2-450x320.jpg 450w, https:\/\/franciscanos.org.br\/noticias\/wp-content\/uploads\/2022\/05\/terceirodia_0705_2-768x546.jpg 768w, https:\/\/franciscanos.org.br\/noticias\/wp-content\/uploads\/2022\/05\/terceirodia_0705_2-150x107.jpg 150w\" sizes=\"(max-width: 1024px) 100vw, 1024px\" \/><\/p>\n\n\t\t<style type=\"text\/css\">\n\t\t\t#gallery-1 {\n\t\t\t\tmargin: auto;\n\t\t\t}\n\t\t\t#gallery-1 .gallery-item {\n\t\t\t\tfloat: left;\n\t\t\t\tmargin-top: 10px;\n\t\t\t\ttext-align: center;\n\t\t\t\twidth: 20%;\n\t\t\t}\n\t\t\t#gallery-1 img {\n\t\t\t\tborder: 2px solid #cfcfcf;\n\t\t\t}\n\t\t\t#gallery-1 .gallery-caption {\n\t\t\t\tmargin-left: 0;\n\t\t\t}\n\t\t\t\/* see gallery_shortcode() in wp-includes\/media.php *\/\n\t\t<\/style>\n\t\t<div id='gallery-1' class='gallery galleryid-237711 gallery-columns-5 gallery-size-thumbnail'><dl class='gallery-item'>\n\t\t\t<dt class='gallery-icon landscape'>\n\t\t\t\t<a href='https:\/\/franciscanos.org.br\/noticias\/wp-content\/uploads\/2022\/05\/05-2.jpeg'><img width=\"300\" height=\"300\" src=\"https:\/\/franciscanos.org.br\/noticias\/wp-content\/uploads\/2022\/05\/05-2-300x300.jpeg\" class=\"attachment-thumbnail size-thumbnail\" alt=\"\" loading=\"lazy\" srcset=\"https:\/\/franciscanos.org.br\/noticias\/wp-content\/uploads\/2022\/05\/05-2-300x300.jpeg 300w, https:\/\/franciscanos.org.br\/noticias\/wp-content\/uploads\/2022\/05\/05-2-100x100.jpeg 100w\" sizes=\"(max-width: 300px) 100vw, 300px\" \/><\/a>\n\t\t\t<\/dt><\/dl><dl class='gallery-item'>\n\t\t\t<dt class='gallery-icon landscape'>\n\t\t\t\t<a href='https:\/\/franciscanos.org.br\/noticias\/wp-content\/uploads\/2022\/05\/11-1.jpeg'><img width=\"300\" height=\"300\" src=\"https:\/\/franciscanos.org.br\/noticias\/wp-content\/uploads\/2022\/05\/11-1-300x300.jpeg\" class=\"attachment-thumbnail size-thumbnail\" alt=\"\" loading=\"lazy\" srcset=\"https:\/\/franciscanos.org.br\/noticias\/wp-content\/uploads\/2022\/05\/11-1-300x300.jpeg 300w, https:\/\/franciscanos.org.br\/noticias\/wp-content\/uploads\/2022\/05\/11-1-100x100.jpeg 100w\" sizes=\"(max-width: 300px) 100vw, 300px\" \/><\/a>\n\t\t\t<\/dt><\/dl><dl class='gallery-item'>\n\t\t\t<dt class='gallery-icon landscape'>\n\t\t\t\t<a href='https:\/\/franciscanos.org.br\/noticias\/wp-content\/uploads\/2022\/05\/13.jpeg'><img width=\"300\" height=\"300\" src=\"https:\/\/franciscanos.org.br\/noticias\/wp-content\/uploads\/2022\/05\/13-300x300.jpeg\" class=\"attachment-thumbnail size-thumbnail\" alt=\"\" loading=\"lazy\" srcset=\"https:\/\/franciscanos.org.br\/noticias\/wp-content\/uploads\/2022\/05\/13-300x300.jpeg 300w, https:\/\/franciscanos.org.br\/noticias\/wp-content\/uploads\/2022\/05\/13-100x100.jpeg 100w\" sizes=\"(max-width: 300px) 100vw, 300px\" \/><\/a>\n\t\t\t<\/dt><\/dl><dl class='gallery-item'>\n\t\t\t<dt class='gallery-icon landscape'>\n\t\t\t\t<a href='https:\/\/franciscanos.org.br\/noticias\/wp-content\/uploads\/2022\/05\/14.jpeg'><img width=\"300\" height=\"300\" src=\"https:\/\/franciscanos.org.br\/noticias\/wp-content\/uploads\/2022\/05\/14-300x300.jpeg\" class=\"attachment-thumbnail size-thumbnail\" alt=\"\" loading=\"lazy\" srcset=\"https:\/\/franciscanos.org.br\/noticias\/wp-content\/uploads\/2022\/05\/14-300x300.jpeg 300w, https:\/\/franciscanos.org.br\/noticias\/wp-content\/uploads\/2022\/05\/14-100x100.jpeg 100w\" sizes=\"(max-width: 300px) 100vw, 300px\" \/><\/a>\n\t\t\t<\/dt><\/dl><dl class='gallery-item'>\n\t\t\t<dt class='gallery-icon landscape'>\n\t\t\t\t<a href='https:\/\/franciscanos.org.br\/noticias\/wp-content\/uploads\/2022\/05\/16.jpeg'><img width=\"300\" height=\"300\" src=\"https:\/\/franciscanos.org.br\/noticias\/wp-content\/uploads\/2022\/05\/16-300x300.jpeg\" class=\"attachment-thumbnail size-thumbnail\" alt=\"\" loading=\"lazy\" srcset=\"https:\/\/franciscanos.org.br\/noticias\/wp-content\/uploads\/2022\/05\/16-300x300.jpeg 300w, https:\/\/franciscanos.org.br\/noticias\/wp-content\/uploads\/2022\/05\/16-100x100.jpeg 100w\" sizes=\"(max-width: 300px) 100vw, 300px\" \/><\/a>\n\t\t\t<\/dt><\/dl><br style=\"clear: both\" \/>\n\t\t<\/div>\n\n<p><em> \u00a0(toque nas imagens menores para ampli\u00e1-las)<\/em><\/p>\n<p>\u00c0s 19h30, na comunidade Sant&#8217;Ana, todo o povo de Deus reunido p\u00f4de, enfim, no encerramento do tr\u00edduo, celebrar a voca\u00e7\u00e3o presbiteral de Frei Josemberg. O animador vocacional da Prov\u00edncia, Frei Je\u00e2 Paulo Andrade, presidiu a celebra\u00e7\u00e3o e, em sua homilia, destacou a presen\u00e7a dos frades que caminham junto de Frei Josemberg para esse momento de sua voca\u00e7\u00e3o. Recordou aos presente que a voca\u00e7\u00e3o religiosa, ser um frade franciscano, j\u00e1 \u00e9 uma voca\u00e7\u00e3o completa, uma vida consagrada a Deus em sua plenitude, mas h\u00e1 aqueles que sentem-se atra\u00eddos a voca\u00e7\u00e3o presbiteral.<\/p>\n<p>Nesta voca\u00e7\u00e3o complementar, Frei Josemberg foi chamado, como o ap\u00f3stolo Paulo, da primeira leitura, a anunciar o Evangelho que n\u00e3o \u00e9 excludente, mas extremamente inclusivo.<\/p>\n<p>Ao lembrar-se da voca\u00e7\u00e3o presbiteral, Frei Je\u00e2 recordou a figura do Papa Francisco, como pastor e guia do rebanho maior, que \u00e9 a Igreja de Cristo. Na abertura do simp\u00f3sio &#8220;Por uma teologia fundamental do sacerd\u00f3cio&#8221;, o Sumo Pont\u00edfice partilhou sua experi\u00eancia em alguns conselhos aos presb\u00edteros.<\/p>\n<p>Frei Je\u00e2 destacou em sua fala dois desses conselhos, todo presb\u00edtero deve ser capaz de \u201ccaminhar n\u00e3o como juiz, mas como o Bom Samaritano que reconhece as feridas do seu povo, os sofrimentos vividos em sil\u00eancio, a dedica\u00e7\u00e3o e os sacrif\u00edcios de tantos pais e m\u00e3es para sustentar as suas fam\u00edlias, e tamb\u00e9m as consequ\u00eancias da viol\u00eancia, da corrup\u00e7\u00e3o e da indiferen\u00e7a que tenta silenciar toda esperan\u00e7a em seu caminho\u201d.<\/p>\n<p><img loading=\"lazy\" class=\"alignnone size-full wp-image-237720\" src=\"https:\/\/franciscanos.org.br\/noticias\/wp-content\/uploads\/2022\/05\/terceirodia_0705_3.jpg\" alt=\"\" width=\"1024\" height=\"768\" srcset=\"https:\/\/franciscanos.org.br\/noticias\/wp-content\/uploads\/2022\/05\/terceirodia_0705_3.jpg 1024w, https:\/\/franciscanos.org.br\/noticias\/wp-content\/uploads\/2022\/05\/terceirodia_0705_3-450x338.jpg 450w, https:\/\/franciscanos.org.br\/noticias\/wp-content\/uploads\/2022\/05\/terceirodia_0705_3-768x576.jpg 768w, https:\/\/franciscanos.org.br\/noticias\/wp-content\/uploads\/2022\/05\/terceirodia_0705_3-150x113.jpg 150w, https:\/\/franciscanos.org.br\/noticias\/wp-content\/uploads\/2022\/05\/terceirodia_0705_3-600x450.jpg 600w\" sizes=\"(max-width: 1024px) 100vw, 1024px\" \/><\/p>\n\n\t\t<style type=\"text\/css\">\n\t\t\t#gallery-2 {\n\t\t\t\tmargin: auto;\n\t\t\t}\n\t\t\t#gallery-2 .gallery-item {\n\t\t\t\tfloat: left;\n\t\t\t\tmargin-top: 10px;\n\t\t\t\ttext-align: center;\n\t\t\t\twidth: 14%;\n\t\t\t}\n\t\t\t#gallery-2 img {\n\t\t\t\tborder: 2px solid #cfcfcf;\n\t\t\t}\n\t\t\t#gallery-2 .gallery-caption {\n\t\t\t\tmargin-left: 0;\n\t\t\t}\n\t\t\t\/* see gallery_shortcode() in wp-includes\/media.php *\/\n\t\t<\/style>\n\t\t<div id='gallery-2' class='gallery galleryid-237711 gallery-columns-7 gallery-size-thumbnail'><dl class='gallery-item'>\n\t\t\t<dt class='gallery-icon landscape'>\n\t\t\t\t<a href='https:\/\/franciscanos.org.br\/noticias\/wp-content\/uploads\/2022\/05\/02-1.jpeg'><img width=\"300\" height=\"300\" src=\"https:\/\/franciscanos.org.br\/noticias\/wp-content\/uploads\/2022\/05\/02-1-300x300.jpeg\" class=\"attachment-thumbnail size-thumbnail\" alt=\"\" loading=\"lazy\" srcset=\"https:\/\/franciscanos.org.br\/noticias\/wp-content\/uploads\/2022\/05\/02-1-300x300.jpeg 300w, https:\/\/franciscanos.org.br\/noticias\/wp-content\/uploads\/2022\/05\/02-1-100x100.jpeg 100w\" sizes=\"(max-width: 300px) 100vw, 300px\" \/><\/a>\n\t\t\t<\/dt><\/dl><dl class='gallery-item'>\n\t\t\t<dt class='gallery-icon portrait'>\n\t\t\t\t<a href='https:\/\/franciscanos.org.br\/noticias\/wp-content\/uploads\/2022\/05\/07-2.jpeg'><img width=\"300\" height=\"300\" src=\"https:\/\/franciscanos.org.br\/noticias\/wp-content\/uploads\/2022\/05\/07-2-300x300.jpeg\" class=\"attachment-thumbnail size-thumbnail\" alt=\"\" loading=\"lazy\" srcset=\"https:\/\/franciscanos.org.br\/noticias\/wp-content\/uploads\/2022\/05\/07-2-300x300.jpeg 300w, https:\/\/franciscanos.org.br\/noticias\/wp-content\/uploads\/2022\/05\/07-2-100x100.jpeg 100w\" sizes=\"(max-width: 300px) 100vw, 300px\" \/><\/a>\n\t\t\t<\/dt><\/dl><dl class='gallery-item'>\n\t\t\t<dt class='gallery-icon landscape'>\n\t\t\t\t<a href='https:\/\/franciscanos.org.br\/noticias\/wp-content\/uploads\/2022\/05\/18.jpeg'><img width=\"300\" height=\"300\" src=\"https:\/\/franciscanos.org.br\/noticias\/wp-content\/uploads\/2022\/05\/18-300x300.jpeg\" class=\"attachment-thumbnail size-thumbnail\" alt=\"\" loading=\"lazy\" srcset=\"https:\/\/franciscanos.org.br\/noticias\/wp-content\/uploads\/2022\/05\/18-300x300.jpeg 300w, https:\/\/franciscanos.org.br\/noticias\/wp-content\/uploads\/2022\/05\/18-100x100.jpeg 100w\" sizes=\"(max-width: 300px) 100vw, 300px\" \/><\/a>\n\t\t\t<\/dt><\/dl><dl class='gallery-item'>\n\t\t\t<dt class='gallery-icon landscape'>\n\t\t\t\t<a href='https:\/\/franciscanos.org.br\/noticias\/wp-content\/uploads\/2022\/05\/22.jpeg'><img width=\"300\" height=\"300\" src=\"https:\/\/franciscanos.org.br\/noticias\/wp-content\/uploads\/2022\/05\/22-300x300.jpeg\" class=\"attachment-thumbnail size-thumbnail\" alt=\"\" loading=\"lazy\" srcset=\"https:\/\/franciscanos.org.br\/noticias\/wp-content\/uploads\/2022\/05\/22-300x300.jpeg 300w, https:\/\/franciscanos.org.br\/noticias\/wp-content\/uploads\/2022\/05\/22-100x100.jpeg 100w\" sizes=\"(max-width: 300px) 100vw, 300px\" \/><\/a>\n\t\t\t<\/dt><\/dl><dl class='gallery-item'>\n\t\t\t<dt class='gallery-icon landscape'>\n\t\t\t\t<a href='https:\/\/franciscanos.org.br\/noticias\/wp-content\/uploads\/2022\/05\/27.jpeg'><img width=\"300\" height=\"300\" src=\"https:\/\/franciscanos.org.br\/noticias\/wp-content\/uploads\/2022\/05\/27-300x300.jpeg\" class=\"attachment-thumbnail size-thumbnail\" alt=\"\" loading=\"lazy\" srcset=\"https:\/\/franciscanos.org.br\/noticias\/wp-content\/uploads\/2022\/05\/27-300x300.jpeg 300w, https:\/\/franciscanos.org.br\/noticias\/wp-content\/uploads\/2022\/05\/27-100x100.jpeg 100w\" sizes=\"(max-width: 300px) 100vw, 300px\" \/><\/a>\n\t\t\t<\/dt><\/dl><dl class='gallery-item'>\n\t\t\t<dt class='gallery-icon landscape'>\n\t\t\t\t<a href='https:\/\/franciscanos.org.br\/noticias\/wp-content\/uploads\/2022\/05\/29.jpeg'><img width=\"300\" height=\"300\" src=\"https:\/\/franciscanos.org.br\/noticias\/wp-content\/uploads\/2022\/05\/29-300x300.jpeg\" class=\"attachment-thumbnail size-thumbnail\" alt=\"\" loading=\"lazy\" srcset=\"https:\/\/franciscanos.org.br\/noticias\/wp-content\/uploads\/2022\/05\/29-300x300.jpeg 300w, https:\/\/franciscanos.org.br\/noticias\/wp-content\/uploads\/2022\/05\/29-100x100.jpeg 100w\" sizes=\"(max-width: 300px) 100vw, 300px\" \/><\/a>\n\t\t\t<\/dt><\/dl><dl class='gallery-item'>\n\t\t\t<dt class='gallery-icon landscape'>\n\t\t\t\t<a href='https:\/\/franciscanos.org.br\/noticias\/wp-content\/uploads\/2022\/05\/37.jpeg'><img width=\"300\" height=\"300\" src=\"https:\/\/franciscanos.org.br\/noticias\/wp-content\/uploads\/2022\/05\/37-300x300.jpeg\" class=\"attachment-thumbnail size-thumbnail\" alt=\"\" loading=\"lazy\" srcset=\"https:\/\/franciscanos.org.br\/noticias\/wp-content\/uploads\/2022\/05\/37-300x300.jpeg 300w, https:\/\/franciscanos.org.br\/noticias\/wp-content\/uploads\/2022\/05\/37-100x100.jpeg 100w\" sizes=\"(max-width: 300px) 100vw, 300px\" \/><\/a>\n\t\t\t<\/dt><\/dl><br style=\"clear: both\" \/>\n\t\t<\/div>\n\n<p>Todos os presb\u00edteros devem ser \u201cpastores do Povo e n\u00e3o \u2018cl\u00e9rigos de estado\u2019, nem profissionais do sagrado\u201d, mas sim \u201cpastores que conhecem a compaix\u00e3o e a oportunidade; homens corajosos, capazes de parar diante dos feridos e estender a m\u00e3o; homens contemplativos que, em sua proximidade ao seu povo, podem proclamar a for\u00e7a operante da Ressurrei\u00e7\u00e3o sobre as feridas do mundo\u201d.<\/p>\n<p>Terminada a homilia, com as m\u00e3os sobre o lecion\u00e1rio, Frei Josemberg leu a sua Declara\u00e7\u00e3o de Fidelidade, assumindo a sua voca\u00e7\u00e3o presbiteral. Nesse momento, ent\u00e3o, Frei Josemberg, que por muitos anos pediu a b\u00ean\u00e7\u00e3o aos seus pais, recebeu, na prece silenciosa deles, uma b\u00ean\u00e7\u00e3o para a sua vida e o minist\u00e9rio que ser\u00e1 por ele abra\u00e7ado.<\/p>\n<p>Ao final da celebra\u00e7\u00e3o, Frei Gabriel agradeceu os mission\u00e1rios, as fam\u00edlias que abriram suas portas, as equipes de liturgia e todos aqueles que de alguma forma contribu\u00edram com a miss\u00e3o.<\/p>\n<p>Frei Josemberg refletiu sobre a celebra\u00e7\u00e3o do dia puxando na mem\u00f3ria uma prega\u00e7\u00e3o de Frei Raniero Cantalamessa: &#8220;O Cristo que diz &#8216;Isto \u00e9 o meu corpo e isto \u00e9 o meu sangue&#8217;, e que n\u00f3s acreditamos, \u00e9 o mesmo Cristo que diz: &#8216;Sempre que fizerdes isto a um dos pequeninos, foi a mim mesmo que o fizestes'&#8221;, que possamos abra\u00e7ar essas realidades dif\u00edceis nas quais Cristo se apresenta.<\/p>\n<p>Recordou-se, tamb\u00e9m, da alegria de sua transfer\u00eancia para esta Par\u00f3quia que hoje o acolhe em prepara\u00e7\u00e3o para a sua ordena\u00e7\u00e3o: &#8220;Me senti em casa entre voc\u00eas, retornando \u00e0 Baixada&#8221;. Com essas palavras de fraterna afei\u00e7\u00e3o, o frei convidou a todos os presentes para a Missa de sua ordena\u00e7\u00e3o que acontecer\u00e1 neste s\u00e1bado, \u00e0s 15h, na Catedral de Santo Ant\u00f4nio.<\/p>\n<hr \/>\n<p><em>Frei Gilberto Silveira da Costa Junior, OFM.<\/em><\/p>\n","protected":false},"excerpt":{"rendered":"<p>Ordena\u00e7\u00e3o Presbiteral de Frei Josemberg Cardozo<\/p>\n","protected":false},"author":3,"featured_media":237712,"comment_status":"open","ping_status":"open","sticky":false,"template":"","format":"standard","meta":[],"categories":[1],"tags":[157],"acf":[],"yoast_head":"<!-- This site is optimized with the Yoast SEO plugin v19.2 - https:\/\/yoast.com\/wordpress\/plugins\/seo\/ -->\n<title>&quot;Ser pastor do povo e n\u00e3o profissional do sagrado&quot; - Not\u00edcias - Franciscanos<\/title>\n<meta name=\"robots\" content=\"index, follow, max-snippet:-1, max-image-preview:large, max-video-preview:-1\" \/>\n<link rel=\"canonical\" href=\"https:\/\/franciscanos.org.br\/noticias\/ser-pastor-do-povo-e-nao-profissional-do-sagrado.html\" \/>\n<meta property=\"og:locale\" content=\"pt_BR\" \/>\n<meta property=\"og:type\" content=\"article\" \/>\n<meta property=\"og:title\" content=\"&quot;Ser pastor do povo e n\u00e3o profissional do sagrado&quot; - Not\u00edcias - Franciscanos\" \/>\n<meta property=\"og:description\" content=\"Ordena\u00e7\u00e3o Presbiteral de Frei Josemberg Cardozo\" \/>\n<meta property=\"og:url\" content=\"https:\/\/franciscanos.org.br\/noticias\/ser-pastor-do-povo-e-nao-profissional-do-sagrado.html\" \/>\n<meta property=\"og:site_name\" content=\"Not\u00edcias - Franciscanos\" \/>\n<meta property=\"article:published_time\" content=\"2022-05-07T11:22:28+00:00\" \/>\n<meta property=\"og:image\" content=\"https:\/\/franciscanos.org.br\/noticias\/wp-content\/uploads\/2022\/05\/terceirodia_0705_1.jpg\" \/>\n\t<meta property=\"og:image:width\" content=\"1024\" \/>\n\t<meta property=\"og:image:height\" content=\"576\" \/>\n\t<meta property=\"og:image:type\" content=\"image\/jpeg\" \/>\n<meta name=\"author\" content=\"moacir\" \/>\n<meta name=\"twitter:card\" content=\"summary_large_image\" \/>\n<meta name=\"twitter:label1\" content=\"Escrito por\" \/>\n\t<meta name=\"twitter:data1\" content=\"moacir\" \/>\n\t<meta name=\"twitter:label2\" content=\"Est. tempo de leitura\" \/>\n\t<meta name=\"twitter:data2\" content=\"4 minutos\" \/>\n<script type=\"application\/ld+json\" class=\"yoast-schema-graph\">{\"@context\":\"https:\/\/schema.org\",\"@graph\":[{\"@type\":\"WebSite\",\"@id\":\"https:\/\/franciscanos.org.br\/noticias\/#website\",\"url\":\"https:\/\/franciscanos.org.br\/noticias\/\",\"name\":\"Not\u00edcias - Franciscanos\",\"description\":\"Prov\u00edncia Franciscana da Imaculada Concei\u00e7\u00e3o do Brasil - Ordem dos Frades Menores - OFM\",\"potentialAction\":[{\"@type\":\"SearchAction\",\"target\":{\"@type\":\"EntryPoint\",\"urlTemplate\":\"https:\/\/franciscanos.org.br\/noticias\/?s={search_term_string}\"},\"query-input\":\"required name=search_term_string\"}],\"inLanguage\":\"pt-BR\"},{\"@type\":\"ImageObject\",\"inLanguage\":\"pt-BR\",\"@id\":\"https:\/\/franciscanos.org.br\/noticias\/ser-pastor-do-povo-e-nao-profissional-do-sagrado.html#primaryimage\",\"url\":\"https:\/\/franciscanos.org.br\/noticias\/wp-content\/uploads\/2022\/05\/terceirodia_0705_1.jpg\",\"contentUrl\":\"https:\/\/franciscanos.org.br\/noticias\/wp-content\/uploads\/2022\/05\/terceirodia_0705_1.jpg\",\"width\":1024,\"height\":576},{\"@type\":\"WebPage\",\"@id\":\"https:\/\/franciscanos.org.br\/noticias\/ser-pastor-do-povo-e-nao-profissional-do-sagrado.html#webpage\",\"url\":\"https:\/\/franciscanos.org.br\/noticias\/ser-pastor-do-povo-e-nao-profissional-do-sagrado.html\",\"name\":\"\\\"Ser pastor do povo e n\u00e3o profissional do sagrado\\\" - Not\u00edcias - Franciscanos\",\"isPartOf\":{\"@id\":\"https:\/\/franciscanos.org.br\/noticias\/#website\"},\"primaryImageOfPage\":{\"@id\":\"https:\/\/franciscanos.org.br\/noticias\/ser-pastor-do-povo-e-nao-profissional-do-sagrado.html#primaryimage\"},\"datePublished\":\"2022-05-07T11:22:28+00:00\",\"dateModified\":\"2022-05-07T11:22:28+00:00\",\"author\":{\"@id\":\"https:\/\/franciscanos.org.br\/noticias\/#\/schema\/person\/b5c8cba458c330ccff548b056e95a5d4\"},\"breadcrumb\":{\"@id\":\"https:\/\/franciscanos.org.br\/noticias\/ser-pastor-do-povo-e-nao-profissional-do-sagrado.html#breadcrumb\"},\"inLanguage\":\"pt-BR\",\"potentialAction\":[{\"@type\":\"ReadAction\",\"target\":[\"https:\/\/franciscanos.org.br\/noticias\/ser-pastor-do-povo-e-nao-profissional-do-sagrado.html\"]}]},{\"@type\":\"BreadcrumbList\",\"@id\":\"https:\/\/franciscanos.org.br\/noticias\/ser-pastor-do-povo-e-nao-profissional-do-sagrado.html#breadcrumb\",\"itemListElement\":[{\"@type\":\"ListItem\",\"position\":1,\"name\":\"Home\",\"item\":\"https:\/\/franciscanos.org.br\/noticias\"},{\"@type\":\"ListItem\",\"position\":2,\"name\":\"&#8220;Ser pastor do povo e n\u00e3o profissional do sagrado&#8221;\"}]},{\"@type\":\"Person\",\"@id\":\"https:\/\/franciscanos.org.br\/noticias\/#\/schema\/person\/b5c8cba458c330ccff548b056e95a5d4\",\"name\":\"moacir\",\"image\":{\"@type\":\"ImageObject\",\"inLanguage\":\"pt-BR\",\"@id\":\"https:\/\/franciscanos.org.br\/noticias\/#\/schema\/person\/image\/\",\"url\":\"https:\/\/secure.gravatar.com\/avatar\/d08aa2ce4c8dd416d4479aa8536fcf64?s=96&d=mm&r=g\",\"contentUrl\":\"https:\/\/secure.gravatar.com\/avatar\/d08aa2ce4c8dd416d4479aa8536fcf64?s=96&d=mm&r=g\",\"caption\":\"moacir\"},\"url\":\"https:\/\/franciscanos.org.br\/noticias\/author\/moacir\"}]}<\/script>\n<!-- \/ Yoast SEO plugin. -->","yoast_head_json":{"title":"\"Ser pastor do povo e n\u00e3o profissional do sagrado\" - Not\u00edcias - Franciscanos","robots":{"index":"index","follow":"follow","max-snippet":"max-snippet:-1","max-image-preview":"max-image-preview:large","max-video-preview":"max-video-preview:-1"},"canonical":"https:\/\/franciscanos.org.br\/noticias\/ser-pastor-do-povo-e-nao-profissional-do-sagrado.html","og_locale":"pt_BR","og_type":"article","og_title":"\"Ser pastor do povo e n\u00e3o profissional do sagrado\" - Not\u00edcias - Franciscanos","og_description":"Ordena\u00e7\u00e3o Presbiteral de Frei Josemberg Cardozo","og_url":"https:\/\/franciscanos.org.br\/noticias\/ser-pastor-do-povo-e-nao-profissional-do-sagrado.html","og_site_name":"Not\u00edcias - Franciscanos","article_published_time":"2022-05-07T11:22:28+00:00","og_image":[{"width":1024,"height":576,"url":"https:\/\/franciscanos.org.br\/noticias\/wp-content\/uploads\/2022\/05\/terceirodia_0705_1.jpg","type":"image\/jpeg"}],"author":"moacir","twitter_card":"summary_large_image","twitter_misc":{"Escrito por":"moacir","Est. tempo de leitura":"4 minutos"},"schema":{"@context":"https:\/\/schema.org","@graph":[{"@type":"WebSite","@id":"https:\/\/franciscanos.org.br\/noticias\/#website","url":"https:\/\/franciscanos.org.br\/noticias\/","name":"Not\u00edcias - Franciscanos","description":"Prov\u00edncia Franciscana da Imaculada Concei\u00e7\u00e3o do Brasil - Ordem dos Frades Menores - OFM","potentialAction":[{"@type":"SearchAction","target":{"@type":"EntryPoint","urlTemplate":"https:\/\/franciscanos.org.br\/noticias\/?s={search_term_string}"},"query-input":"required name=search_term_string"}],"inLanguage":"pt-BR"},{"@type":"ImageObject","inLanguage":"pt-BR","@id":"https:\/\/franciscanos.org.br\/noticias\/ser-pastor-do-povo-e-nao-profissional-do-sagrado.html#primaryimage","url":"https:\/\/franciscanos.org.br\/noticias\/wp-content\/uploads\/2022\/05\/terceirodia_0705_1.jpg","contentUrl":"https:\/\/franciscanos.org.br\/noticias\/wp-content\/uploads\/2022\/05\/terceirodia_0705_1.jpg","width":1024,"height":576},{"@type":"WebPage","@id":"https:\/\/franciscanos.org.br\/noticias\/ser-pastor-do-povo-e-nao-profissional-do-sagrado.html#webpage","url":"https:\/\/franciscanos.org.br\/noticias\/ser-pastor-do-povo-e-nao-profissional-do-sagrado.html","name":"\"Ser pastor do povo e n\u00e3o profissional do sagrado\" - Not\u00edcias - Franciscanos","isPartOf":{"@id":"https:\/\/franciscanos.org.br\/noticias\/#website"},"primaryImageOfPage":{"@id":"https:\/\/franciscanos.org.br\/noticias\/ser-pastor-do-povo-e-nao-profissional-do-sagrado.html#primaryimage"},"datePublished":"2022-05-07T11:22:28+00:00","dateModified":"2022-05-07T11:22:28+00:00","author":{"@id":"https:\/\/franciscanos.org.br\/noticias\/#\/schema\/person\/b5c8cba458c330ccff548b056e95a5d4"},"breadcrumb":{"@id":"https:\/\/franciscanos.org.br\/noticias\/ser-pastor-do-povo-e-nao-profissional-do-sagrado.html#breadcrumb"},"inLanguage":"pt-BR","potentialAction":[{"@type":"ReadAction","target":["https:\/\/franciscanos.org.br\/noticias\/ser-pastor-do-povo-e-nao-profissional-do-sagrado.html"]}]},{"@type":"BreadcrumbList","@id":"https:\/\/franciscanos.org.br\/noticias\/ser-pastor-do-povo-e-nao-profissional-do-sagrado.html#breadcrumb","itemListElement":[{"@type":"ListItem","position":1,"name":"Home","item":"https:\/\/franciscanos.org.br\/noticias"},{"@type":"ListItem","position":2,"name":"&#8220;Ser pastor do povo e n\u00e3o profissional do sagrado&#8221;"}]},{"@type":"Person","@id":"https:\/\/franciscanos.org.br\/noticias\/#\/schema\/person\/b5c8cba458c330ccff548b056e95a5d4","name":"moacir","image":{"@type":"ImageObject","inLanguage":"pt-BR","@id":"https:\/\/franciscanos.org.br\/noticias\/#\/schema\/person\/image\/","url":"https:\/\/secure.gravatar.com\/avatar\/d08aa2ce4c8dd416d4479aa8536fcf64?s=96&d=mm&r=g","contentUrl":"https:\/\/secure.gravatar.com\/avatar\/d08aa2ce4c8dd416d4479aa8536fcf64?s=96&d=mm&r=g","caption":"moacir"},"url":"https:\/\/franciscanos.org.br\/noticias\/author\/moacir"}]}},"_links":{"self":[{"href":"https:\/\/franciscanos.org.br\/noticias\/wp-json\/wp\/v2\/posts\/237711"}],"collection":[{"href":"https:\/\/franciscanos.org.br\/noticias\/wp-json\/wp\/v2\/posts"}],"about":[{"href":"https:\/\/franciscanos.org.br\/noticias\/wp-json\/wp\/v2\/types\/post"}],"author":[{"embeddable":true,"href":"https:\/\/franciscanos.org.br\/noticias\/wp-json\/wp\/v2\/users\/3"}],"replies":[{"embeddable":true,"href":"https:\/\/franciscanos.org.br\/noticias\/wp-json\/wp\/v2\/comments?post=237711"}],"version-history":[{"count":1,"href":"https:\/\/franciscanos.org.br\/noticias\/wp-json\/wp\/v2\/posts\/237711\/revisions"}],"predecessor-version":[{"id":237728,"href":"https:\/\/franciscanos.org.br\/noticias\/wp-json\/wp\/v2\/posts\/237711\/revisions\/237728"}],"wp:featuredmedia":[{"embeddable":true,"href":"https:\/\/franciscanos.org.br\/noticias\/wp-json\/wp\/v2\/media\/237712"}],"wp:attachment":[{"href":"https:\/\/franciscanos.org.br\/noticias\/wp-json\/wp\/v2\/media?parent=237711"}],"wp:term":[{"taxonomy":"category","embeddable":true,"href":"https:\/\/franciscanos.org.br\/noticias\/wp-json\/wp\/v2\/categories?post=237711"},{"taxonomy":"post_tag","embeddable":true,"href":"https:\/\/franciscanos.org.br\/noticias\/wp-json\/wp\/v2\/tags?post=237711"}],"curies":[{"name":"wp","href":"https:\/\/api.w.org\/{rel}","templated":true}]}}