{"id":237703,"date":"2022-05-06T07:18:09","date_gmt":"2022-05-06T10:18:09","guid":{"rendered":"https:\/\/franciscanos.org.br\/noticias\/?p=237703"},"modified":"2022-05-06T07:18:09","modified_gmt":"2022-05-06T10:18:09","slug":"papa-as-religiosas-caminhem-ao-lado-dos-irmaos-e-irmas-feridos-de-hoje","status":"publish","type":"post","link":"https:\/\/franciscanos.org.br\/noticias\/papa-as-religiosas-caminhem-ao-lado-dos-irmaos-e-irmas-feridos-de-hoje.html","title":{"rendered":"Papa \u00e0s religiosas: caminhem ao lado dos irm\u00e3os e irm\u00e3s feridos de hoje"},"content":{"rendered":"<div id=\"attachment_237704\" style=\"width: 1010px\" class=\"wp-caption alignnone\"><img aria-describedby=\"caption-attachment-237704\" loading=\"lazy\" class=\"wp-image-237704 size-full\" src=\"https:\/\/franciscanos.org.br\/noticias\/wp-content\/uploads\/2022\/05\/audiencia_06.jpeg\" alt=\"\" width=\"1000\" height=\"563\" srcset=\"https:\/\/franciscanos.org.br\/noticias\/wp-content\/uploads\/2022\/05\/audiencia_06.jpeg 1000w, https:\/\/franciscanos.org.br\/noticias\/wp-content\/uploads\/2022\/05\/audiencia_06-450x253.jpeg 450w, https:\/\/franciscanos.org.br\/noticias\/wp-content\/uploads\/2022\/05\/audiencia_06-768x432.jpeg 768w, https:\/\/franciscanos.org.br\/noticias\/wp-content\/uploads\/2022\/05\/audiencia_06-150x84.jpeg 150w\" sizes=\"(max-width: 1000px) 100vw, 1000px\" \/><p id=\"caption-attachment-237704\" class=\"wp-caption-text\">\u00a0 \u00a0 \u00a0 \u00a0 \u00a0 \u00a0 \u00a0 \u00a0 \u00a0 \u00a0 \u00a0 \u00a0 \u00a0 \u00a0 \u00a0 \u00a0 \u00a0 \u00a0 \u00a0 \u00a0 \u00a0 \u00a0 \u00a0 \u00a0 \u00a0 \u00a0 \u00a0 \u00a0 \u00a0 \u00a0 \u00a0 \u00a0 \u00a0 \u00a0 \u00a0 \u00a0 \u00a0 \u00a0 \u00a0 \u00a0 \u00a0 \u00a0 \u00a0 \u00a0 \u00a0 \u00a0 \u00a0 \u00a0 \u00a0 \u00a0 \u00a0 \u00a0 \u00a0<em> \u00a0 \u00a0 \u00a0 \u00a0 \u00a0 \u00a0Imagem: Vatican Media<\/em><\/p><\/div>\n<p>&#8220;Convido voc\u00eas, que t\u00eam a miss\u00e3o espec\u00edfica de animar a vida de suas congrega\u00e7\u00f5es e acompanhar o discernimento em suas comunidades, a entrarem nesta cena do lava-p\u00e9s, percorrendo este caminho da Igreja, e a viverem sua autoridade como servi\u00e7o.&#8221;<\/p>\n<p>Foi a exorta\u00e7\u00e3o do Santo Padre ao receber em audi\u00eancia no final da manh\u00e3 desta quinta-feira, 5 de maio, na Sala Paulo VI, no Vaticano, as religiosas da Uni\u00e3o Internacional das Superioras Gerais (UISG), que est\u00e3o realizando em Roma, de 2 a 6 de maio, sua 22\u00aa Assembleia Plen\u00e1ria.<\/p>\n<p>Em seu discurso entregue \u00e0s religiosas, o Papa partiu do tema escolhido para esta Assembleia, &#8220;Abra\u00e7ar a vulnerabilidade no caminho sinodal&#8221;, para deter-se sobre alguns pontos e oferecer algumas chaves para o discernimento delas.<\/p>\n<p><strong>Abra\u00e7ar a vulnerabilidade<\/strong><br \/>\nParticularmente, Francisco destacou duas cenas do Evangelho que lhe vieram \u00e0 mente \u2013 disse ele &#8211; ao pensar sobre este tema de &#8220;abra\u00e7ar a vulnerabilidade&#8221;. A primeira \u00e9 quando Jesus lava os p\u00e9s de Pedro na \u00daltima Ceia:<\/p>\n<p>Ao sair ao seu encontro, o Filho de Deus se coloca em uma posi\u00e7\u00e3o vulner\u00e1vel, na posi\u00e7\u00e3o de servo, mostrando como a vida de Jesus s\u00f3 pode ser compreendida atrav\u00e9s do servi\u00e7o. Junto com Pedro, a Igreja aprende de seu Mestre que, para poder dar sua vida a servi\u00e7o dos outros, ela \u00e9 convidada a reconhecer e aceitar sua pr\u00f3pria fragilidade e, a partir da\u00ed, a curvar-se \u00e0 fragilidade dos outros.<\/p>\n<p>A vida religiosa hoje tamb\u00e9m reconhece sua vulnerabilidade, mesmo se \u00e0s vezes a aceita com dificuldade, ressaltou o Pont\u00edfice. &#8220;Est\u00e1vamos acostumados a ser significativos por nossos n\u00fameros e por nossas obras; a ser relevantes e socialmente considerados. A crise que estamos atravessando nos fez sentir nossas fragilidades e nos convida a assumir nossa minoria. Tudo isso nos convida a recuperar a atitude que o Filho de Deus tem para com o Pai e para com a humanidade, a de \u2018tornar-se um servo\u2019.&#8221;<\/p>\n<p><strong>Exercer a autoridade evangelicamente<\/strong><br \/>\nN\u00e3o se trata de uma quest\u00e3o de servid\u00e3o, observou Francisco. &#8220;Abaixar-se n\u00e3o \u00e9 retirar-se nas pr\u00f3prias feridas e inconsist\u00eancias, mas abrir-se ao relacionamento, a uma troca que dignifica e cura, como fez com Pedro, e a partir da qual come\u00e7a um novo caminho com Jesus.&#8221;<\/p>\n<p>\u00c0 luz dos sinais dos tempos, prosseguiu, que minist\u00e9rios o Esp\u00edrito nos pede? Que mudan\u00e7as o Esp\u00edrito exige de n\u00f3s na forma como vivemos o servi\u00e7o da autoridade? \u2013 interpelou o Santo Padre.<\/p>\n<p>N\u00e3o tenham medo nesta busca por novos minist\u00e9rios e novas formas de exercer a autoridade evangelicamente. Que n\u00e3o seja uma busca te\u00f3rica e ideol\u00f3gica &#8211; ideologias mutilam o Evangelho &#8211; mas uma busca que parta do aproximar-se dos p\u00e9s da humanidade ferida e caminhar ao lado de irm\u00e3os e irm\u00e3s feridos, come\u00e7ando pelas irm\u00e3s em suas comunidades, exortou Francisco.<\/p>\n<p><strong>Colocar-se a servi\u00e7o da humanidade<\/strong><br \/>\nA segunda cena destacada pelo Santo Padre, falando de vulnerabilidade, tem como protagonista Maria Madalena. &#8220;Ela sabe muito bem o que significa passar de uma vida desordenada e fr\u00e1gil para uma vida centrada em Jesus e no servi\u00e7o do an\u00fancio&#8221;, disse Francisco.<\/p>\n<p>\u00c0 luz destes dois disc\u00edpulos de Jesus, Pedro e Maria Madalena, contemplem e deixem Jesus olhar para voc\u00eas e transform\u00e1-las, e da mesma forma voc\u00eas poder\u00e3o colocar-se a servi\u00e7o da humanidade. De sua pr\u00f3pria fragilidade, libertas dos esp\u00edritos que as perturbam, ser\u00e3o capazes de iluminar seus passos para uma proclama\u00e7\u00e3o esperan\u00e7osa do Evangelho.<\/p>\n<p><strong>O caminho sinodal<\/strong><br \/>\nPor fim, o Papa dedicou a \u00faltima parte de seu discurso ao caminho sinodal, \u00e0 contribui\u00e7\u00e3o que a Igreja espera da vida religiosa no caminho sinodal da Igreja, e sobre qual \u00e9 o seu servi\u00e7o como superioras neste caminho.<\/p>\n<p>&#8220;Se o s\u00ednodo \u00e9 sobretudo um momento importante de escuta e discernimento, a contribui\u00e7\u00e3o mais importante que voc\u00eas podem dar \u00e9 participar da reflex\u00e3o e do discernimento, pondo-se em atitude de escuta do Esp\u00edrito e abaixando-se como Jesus para encontrar o irm\u00e3o em sua necessidade. E isto atrav\u00e9s das diversas media\u00e7\u00f5es previstas neste momento &#8211; como mulheres consagradas, nas par\u00f3quias, nas dioceses &#8211; enriquecendo a Igreja com seus carismas.&#8221;<\/p>\n<p>Conto com voc\u00eas, queridas irm\u00e3s, para acompanhar o povo santo de Deus neste processo sinodal, como especialistas na constru\u00e7\u00e3o da comunh\u00e3o, na promo\u00e7\u00e3o da escuta e do discernimento. O minist\u00e9rio de acompanhamento \u00e9 urgente.<\/p>\n<p>Francisco concluiu encorajando-as a seguirem adiante, aben\u00e7oando as superioras gerais e suas comunidades a particularmente os membros mais vulner\u00e1veis e pedindo ora\u00e7\u00f5es.<\/p>\n<hr \/>\n<p><em>Fonte: Vatican News (texto de Raimundo de Lima )<\/em><\/p>\n","protected":false},"excerpt":{"rendered":"<p>Uni\u00e3o Internacional das Superioras Gerais (UISG)<\/p>\n","protected":false},"author":3,"featured_media":237704,"comment_status":"open","ping_status":"open","sticky":false,"template":"","format":"standard","meta":[],"categories":[1428],"tags":[55],"acf":[],"yoast_head":"<!-- This site is optimized with the Yoast SEO plugin v19.2 - https:\/\/yoast.com\/wordpress\/plugins\/seo\/ -->\n<title>Papa \u00e0s religiosas: caminhem ao lado dos irm\u00e3os e irm\u00e3s feridos de hoje - Not\u00edcias - Franciscanos<\/title>\n<meta name=\"robots\" content=\"index, follow, max-snippet:-1, max-image-preview:large, max-video-preview:-1\" \/>\n<link rel=\"canonical\" href=\"https:\/\/franciscanos.org.br\/noticias\/papa-as-religiosas-caminhem-ao-lado-dos-irmaos-e-irmas-feridos-de-hoje.html\" \/>\n<meta property=\"og:locale\" content=\"pt_BR\" \/>\n<meta property=\"og:type\" content=\"article\" \/>\n<meta property=\"og:title\" content=\"Papa \u00e0s religiosas: caminhem ao lado dos irm\u00e3os e irm\u00e3s feridos de hoje - Not\u00edcias - Franciscanos\" \/>\n<meta property=\"og:description\" content=\"Uni\u00e3o Internacional das Superioras Gerais (UISG)\" \/>\n<meta property=\"og:url\" content=\"https:\/\/franciscanos.org.br\/noticias\/papa-as-religiosas-caminhem-ao-lado-dos-irmaos-e-irmas-feridos-de-hoje.html\" \/>\n<meta property=\"og:site_name\" content=\"Not\u00edcias - Franciscanos\" \/>\n<meta property=\"article:published_time\" content=\"2022-05-06T10:18:09+00:00\" \/>\n<meta property=\"og:image\" content=\"https:\/\/franciscanos.org.br\/noticias\/wp-content\/uploads\/2022\/05\/audiencia_06.jpeg\" \/>\n\t<meta property=\"og:image:width\" content=\"1000\" \/>\n\t<meta property=\"og:image:height\" content=\"563\" \/>\n\t<meta property=\"og:image:type\" content=\"image\/jpeg\" \/>\n<meta name=\"author\" content=\"moacir\" \/>\n<meta name=\"twitter:card\" content=\"summary_large_image\" \/>\n<meta name=\"twitter:label1\" content=\"Escrito por\" \/>\n\t<meta name=\"twitter:data1\" content=\"moacir\" \/>\n\t<meta name=\"twitter:label2\" content=\"Est. tempo de leitura\" \/>\n\t<meta name=\"twitter:data2\" content=\"4 minutos\" \/>\n<script type=\"application\/ld+json\" class=\"yoast-schema-graph\">{\"@context\":\"https:\/\/schema.org\",\"@graph\":[{\"@type\":\"WebSite\",\"@id\":\"https:\/\/franciscanos.org.br\/noticias\/#website\",\"url\":\"https:\/\/franciscanos.org.br\/noticias\/\",\"name\":\"Not\u00edcias - Franciscanos\",\"description\":\"Prov\u00edncia Franciscana da Imaculada Concei\u00e7\u00e3o do Brasil - Ordem dos Frades Menores - OFM\",\"potentialAction\":[{\"@type\":\"SearchAction\",\"target\":{\"@type\":\"EntryPoint\",\"urlTemplate\":\"https:\/\/franciscanos.org.br\/noticias\/?s={search_term_string}\"},\"query-input\":\"required name=search_term_string\"}],\"inLanguage\":\"pt-BR\"},{\"@type\":\"ImageObject\",\"inLanguage\":\"pt-BR\",\"@id\":\"https:\/\/franciscanos.org.br\/noticias\/papa-as-religiosas-caminhem-ao-lado-dos-irmaos-e-irmas-feridos-de-hoje.html#primaryimage\",\"url\":\"https:\/\/franciscanos.org.br\/noticias\/wp-content\/uploads\/2022\/05\/audiencia_06.jpeg\",\"contentUrl\":\"https:\/\/franciscanos.org.br\/noticias\/wp-content\/uploads\/2022\/05\/audiencia_06.jpeg\",\"width\":1000,\"height\":563},{\"@type\":\"WebPage\",\"@id\":\"https:\/\/franciscanos.org.br\/noticias\/papa-as-religiosas-caminhem-ao-lado-dos-irmaos-e-irmas-feridos-de-hoje.html#webpage\",\"url\":\"https:\/\/franciscanos.org.br\/noticias\/papa-as-religiosas-caminhem-ao-lado-dos-irmaos-e-irmas-feridos-de-hoje.html\",\"name\":\"Papa \u00e0s religiosas: caminhem ao lado dos irm\u00e3os e irm\u00e3s feridos de hoje - Not\u00edcias - Franciscanos\",\"isPartOf\":{\"@id\":\"https:\/\/franciscanos.org.br\/noticias\/#website\"},\"primaryImageOfPage\":{\"@id\":\"https:\/\/franciscanos.org.br\/noticias\/papa-as-religiosas-caminhem-ao-lado-dos-irmaos-e-irmas-feridos-de-hoje.html#primaryimage\"},\"datePublished\":\"2022-05-06T10:18:09+00:00\",\"dateModified\":\"2022-05-06T10:18:09+00:00\",\"author\":{\"@id\":\"https:\/\/franciscanos.org.br\/noticias\/#\/schema\/person\/b5c8cba458c330ccff548b056e95a5d4\"},\"breadcrumb\":{\"@id\":\"https:\/\/franciscanos.org.br\/noticias\/papa-as-religiosas-caminhem-ao-lado-dos-irmaos-e-irmas-feridos-de-hoje.html#breadcrumb\"},\"inLanguage\":\"pt-BR\",\"potentialAction\":[{\"@type\":\"ReadAction\",\"target\":[\"https:\/\/franciscanos.org.br\/noticias\/papa-as-religiosas-caminhem-ao-lado-dos-irmaos-e-irmas-feridos-de-hoje.html\"]}]},{\"@type\":\"BreadcrumbList\",\"@id\":\"https:\/\/franciscanos.org.br\/noticias\/papa-as-religiosas-caminhem-ao-lado-dos-irmaos-e-irmas-feridos-de-hoje.html#breadcrumb\",\"itemListElement\":[{\"@type\":\"ListItem\",\"position\":1,\"name\":\"Home\",\"item\":\"https:\/\/franciscanos.org.br\/noticias\"},{\"@type\":\"ListItem\",\"position\":2,\"name\":\"Papa \u00e0s religiosas: caminhem ao lado dos irm\u00e3os e irm\u00e3s feridos de hoje\"}]},{\"@type\":\"Person\",\"@id\":\"https:\/\/franciscanos.org.br\/noticias\/#\/schema\/person\/b5c8cba458c330ccff548b056e95a5d4\",\"name\":\"moacir\",\"image\":{\"@type\":\"ImageObject\",\"inLanguage\":\"pt-BR\",\"@id\":\"https:\/\/franciscanos.org.br\/noticias\/#\/schema\/person\/image\/\",\"url\":\"https:\/\/secure.gravatar.com\/avatar\/d08aa2ce4c8dd416d4479aa8536fcf64?s=96&d=mm&r=g\",\"contentUrl\":\"https:\/\/secure.gravatar.com\/avatar\/d08aa2ce4c8dd416d4479aa8536fcf64?s=96&d=mm&r=g\",\"caption\":\"moacir\"},\"url\":\"https:\/\/franciscanos.org.br\/noticias\/author\/moacir\"}]}<\/script>\n<!-- \/ Yoast SEO plugin. -->","yoast_head_json":{"title":"Papa \u00e0s religiosas: caminhem ao lado dos irm\u00e3os e irm\u00e3s feridos de hoje - Not\u00edcias - Franciscanos","robots":{"index":"index","follow":"follow","max-snippet":"max-snippet:-1","max-image-preview":"max-image-preview:large","max-video-preview":"max-video-preview:-1"},"canonical":"https:\/\/franciscanos.org.br\/noticias\/papa-as-religiosas-caminhem-ao-lado-dos-irmaos-e-irmas-feridos-de-hoje.html","og_locale":"pt_BR","og_type":"article","og_title":"Papa \u00e0s religiosas: caminhem ao lado dos irm\u00e3os e irm\u00e3s feridos de hoje - Not\u00edcias - Franciscanos","og_description":"Uni\u00e3o Internacional das Superioras Gerais (UISG)","og_url":"https:\/\/franciscanos.org.br\/noticias\/papa-as-religiosas-caminhem-ao-lado-dos-irmaos-e-irmas-feridos-de-hoje.html","og_site_name":"Not\u00edcias - Franciscanos","article_published_time":"2022-05-06T10:18:09+00:00","og_image":[{"width":1000,"height":563,"url":"https:\/\/franciscanos.org.br\/noticias\/wp-content\/uploads\/2022\/05\/audiencia_06.jpeg","type":"image\/jpeg"}],"author":"moacir","twitter_card":"summary_large_image","twitter_misc":{"Escrito por":"moacir","Est. tempo de leitura":"4 minutos"},"schema":{"@context":"https:\/\/schema.org","@graph":[{"@type":"WebSite","@id":"https:\/\/franciscanos.org.br\/noticias\/#website","url":"https:\/\/franciscanos.org.br\/noticias\/","name":"Not\u00edcias - Franciscanos","description":"Prov\u00edncia Franciscana da Imaculada Concei\u00e7\u00e3o do Brasil - Ordem dos Frades Menores - OFM","potentialAction":[{"@type":"SearchAction","target":{"@type":"EntryPoint","urlTemplate":"https:\/\/franciscanos.org.br\/noticias\/?s={search_term_string}"},"query-input":"required name=search_term_string"}],"inLanguage":"pt-BR"},{"@type":"ImageObject","inLanguage":"pt-BR","@id":"https:\/\/franciscanos.org.br\/noticias\/papa-as-religiosas-caminhem-ao-lado-dos-irmaos-e-irmas-feridos-de-hoje.html#primaryimage","url":"https:\/\/franciscanos.org.br\/noticias\/wp-content\/uploads\/2022\/05\/audiencia_06.jpeg","contentUrl":"https:\/\/franciscanos.org.br\/noticias\/wp-content\/uploads\/2022\/05\/audiencia_06.jpeg","width":1000,"height":563},{"@type":"WebPage","@id":"https:\/\/franciscanos.org.br\/noticias\/papa-as-religiosas-caminhem-ao-lado-dos-irmaos-e-irmas-feridos-de-hoje.html#webpage","url":"https:\/\/franciscanos.org.br\/noticias\/papa-as-religiosas-caminhem-ao-lado-dos-irmaos-e-irmas-feridos-de-hoje.html","name":"Papa \u00e0s religiosas: caminhem ao lado dos irm\u00e3os e irm\u00e3s feridos de hoje - Not\u00edcias - Franciscanos","isPartOf":{"@id":"https:\/\/franciscanos.org.br\/noticias\/#website"},"primaryImageOfPage":{"@id":"https:\/\/franciscanos.org.br\/noticias\/papa-as-religiosas-caminhem-ao-lado-dos-irmaos-e-irmas-feridos-de-hoje.html#primaryimage"},"datePublished":"2022-05-06T10:18:09+00:00","dateModified":"2022-05-06T10:18:09+00:00","author":{"@id":"https:\/\/franciscanos.org.br\/noticias\/#\/schema\/person\/b5c8cba458c330ccff548b056e95a5d4"},"breadcrumb":{"@id":"https:\/\/franciscanos.org.br\/noticias\/papa-as-religiosas-caminhem-ao-lado-dos-irmaos-e-irmas-feridos-de-hoje.html#breadcrumb"},"inLanguage":"pt-BR","potentialAction":[{"@type":"ReadAction","target":["https:\/\/franciscanos.org.br\/noticias\/papa-as-religiosas-caminhem-ao-lado-dos-irmaos-e-irmas-feridos-de-hoje.html"]}]},{"@type":"BreadcrumbList","@id":"https:\/\/franciscanos.org.br\/noticias\/papa-as-religiosas-caminhem-ao-lado-dos-irmaos-e-irmas-feridos-de-hoje.html#breadcrumb","itemListElement":[{"@type":"ListItem","position":1,"name":"Home","item":"https:\/\/franciscanos.org.br\/noticias"},{"@type":"ListItem","position":2,"name":"Papa \u00e0s religiosas: caminhem ao lado dos irm\u00e3os e irm\u00e3s feridos de hoje"}]},{"@type":"Person","@id":"https:\/\/franciscanos.org.br\/noticias\/#\/schema\/person\/b5c8cba458c330ccff548b056e95a5d4","name":"moacir","image":{"@type":"ImageObject","inLanguage":"pt-BR","@id":"https:\/\/franciscanos.org.br\/noticias\/#\/schema\/person\/image\/","url":"https:\/\/secure.gravatar.com\/avatar\/d08aa2ce4c8dd416d4479aa8536fcf64?s=96&d=mm&r=g","contentUrl":"https:\/\/secure.gravatar.com\/avatar\/d08aa2ce4c8dd416d4479aa8536fcf64?s=96&d=mm&r=g","caption":"moacir"},"url":"https:\/\/franciscanos.org.br\/noticias\/author\/moacir"}]}},"_links":{"self":[{"href":"https:\/\/franciscanos.org.br\/noticias\/wp-json\/wp\/v2\/posts\/237703"}],"collection":[{"href":"https:\/\/franciscanos.org.br\/noticias\/wp-json\/wp\/v2\/posts"}],"about":[{"href":"https:\/\/franciscanos.org.br\/noticias\/wp-json\/wp\/v2\/types\/post"}],"author":[{"embeddable":true,"href":"https:\/\/franciscanos.org.br\/noticias\/wp-json\/wp\/v2\/users\/3"}],"replies":[{"embeddable":true,"href":"https:\/\/franciscanos.org.br\/noticias\/wp-json\/wp\/v2\/comments?post=237703"}],"version-history":[{"count":1,"href":"https:\/\/franciscanos.org.br\/noticias\/wp-json\/wp\/v2\/posts\/237703\/revisions"}],"predecessor-version":[{"id":237705,"href":"https:\/\/franciscanos.org.br\/noticias\/wp-json\/wp\/v2\/posts\/237703\/revisions\/237705"}],"wp:featuredmedia":[{"embeddable":true,"href":"https:\/\/franciscanos.org.br\/noticias\/wp-json\/wp\/v2\/media\/237704"}],"wp:attachment":[{"href":"https:\/\/franciscanos.org.br\/noticias\/wp-json\/wp\/v2\/media?parent=237703"}],"wp:term":[{"taxonomy":"category","embeddable":true,"href":"https:\/\/franciscanos.org.br\/noticias\/wp-json\/wp\/v2\/categories?post=237703"},{"taxonomy":"post_tag","embeddable":true,"href":"https:\/\/franciscanos.org.br\/noticias\/wp-json\/wp\/v2\/tags?post=237703"}],"curies":[{"name":"wp","href":"https:\/\/api.w.org\/{rel}","templated":true}]}}