{"id":237688,"date":"2022-05-06T06:35:23","date_gmt":"2022-05-06T09:35:23","guid":{"rendered":"https:\/\/franciscanos.org.br\/noticias\/?p=237688"},"modified":"2022-05-06T06:35:23","modified_gmt":"2022-05-06T09:35:23","slug":"um-presbitero-franciscano-tem-que-viver-na-proximidade-do-outro","status":"publish","type":"post","link":"https:\/\/franciscanos.org.br\/noticias\/um-presbitero-franciscano-tem-que-viver-na-proximidade-do-outro.html","title":{"rendered":"&#8220;Um presb\u00edtero franciscano tem que viver na proximidade do outro!&#8221;"},"content":{"rendered":"<p><img loading=\"lazy\" class=\"alignnone size-full wp-image-237689\" src=\"https:\/\/franciscanos.org.br\/noticias\/wp-content\/uploads\/2022\/05\/segundodia_01.jpg\" alt=\"\" width=\"1280\" height=\"720\" srcset=\"https:\/\/franciscanos.org.br\/noticias\/wp-content\/uploads\/2022\/05\/segundodia_01.jpg 1280w, https:\/\/franciscanos.org.br\/noticias\/wp-content\/uploads\/2022\/05\/segundodia_01-450x253.jpg 450w, https:\/\/franciscanos.org.br\/noticias\/wp-content\/uploads\/2022\/05\/segundodia_01-1024x576.jpg 1024w, https:\/\/franciscanos.org.br\/noticias\/wp-content\/uploads\/2022\/05\/segundodia_01-768x432.jpg 768w, https:\/\/franciscanos.org.br\/noticias\/wp-content\/uploads\/2022\/05\/segundodia_01-150x84.jpg 150w\" sizes=\"(max-width: 1280px) 100vw, 1280px\" \/><\/p>\n<p><strong>Duque de Caxias (RJ)<\/strong> &#8211; No segundo dia do tr\u00edduo vocacional, em prepara\u00e7\u00e3o para a ordena\u00e7\u00e3o de Frei Josemberg Cardozo Aranha, evidenciou-se a voca\u00e7\u00e3o franciscana que o frade assumiu como sua identidade. Nesta quinta-feira, 05\/05, os mission\u00e1rios se dividiram entre as comunidades da Par\u00f3quia Santa Clara de Assis, visitando os lares de Duque de Caxias e fazendo-se presente, como os primeiros mission\u00e1rios, nas pra\u00e7as, junto ao povo de Deus.<\/p>\n<p>Os frades estudantes de Petr\u00f3polis se uniram \u00e0 equipe do Servi\u00e7o de Anima\u00e7\u00e3o Vocacional (SAV) provincial e mais de 30 lares receberam neste dia a visita dos mission\u00e1rios, levando uma palavra de conforto, de consolo e de esperan\u00e7a para que possamos reconhecer, nas vicissitudes da vida, a vontade de Deus, nosso Pai. A atividade promovida na pra\u00e7a do Jardim Anhang\u00e1 levou cantos e muitos momentos de partilha com os passantes que puderam, entre um compromisso e outro, na correria do cotidiano, ter um momento de encontro com o Alt\u00edssimo.<\/p>\n<p><img loading=\"lazy\" class=\"alignnone size-full wp-image-237690\" src=\"https:\/\/franciscanos.org.br\/noticias\/wp-content\/uploads\/2022\/05\/segundodia_02.jpg\" alt=\"\" width=\"1024\" height=\"768\" srcset=\"https:\/\/franciscanos.org.br\/noticias\/wp-content\/uploads\/2022\/05\/segundodia_02.jpg 1024w, https:\/\/franciscanos.org.br\/noticias\/wp-content\/uploads\/2022\/05\/segundodia_02-450x338.jpg 450w, https:\/\/franciscanos.org.br\/noticias\/wp-content\/uploads\/2022\/05\/segundodia_02-768x576.jpg 768w, https:\/\/franciscanos.org.br\/noticias\/wp-content\/uploads\/2022\/05\/segundodia_02-150x113.jpg 150w, https:\/\/franciscanos.org.br\/noticias\/wp-content\/uploads\/2022\/05\/segundodia_02-600x450.jpg 600w\" sizes=\"(max-width: 1024px) 100vw, 1024px\" \/><\/p>\n\n\t\t<style type=\"text\/css\">\n\t\t\t#gallery-1 {\n\t\t\t\tmargin: auto;\n\t\t\t}\n\t\t\t#gallery-1 .gallery-item {\n\t\t\t\tfloat: left;\n\t\t\t\tmargin-top: 10px;\n\t\t\t\ttext-align: center;\n\t\t\t\twidth: 25%;\n\t\t\t}\n\t\t\t#gallery-1 img {\n\t\t\t\tborder: 2px solid #cfcfcf;\n\t\t\t}\n\t\t\t#gallery-1 .gallery-caption {\n\t\t\t\tmargin-left: 0;\n\t\t\t}\n\t\t\t\/* see gallery_shortcode() in wp-includes\/media.php *\/\n\t\t<\/style>\n\t\t<div id='gallery-1' class='gallery galleryid-237688 gallery-columns-4 gallery-size-thumbnail'><dl class='gallery-item'>\n\t\t\t<dt class='gallery-icon landscape'>\n\t\t\t\t<a href='https:\/\/franciscanos.org.br\/noticias\/wp-content\/uploads\/2022\/05\/berg_01.jpeg'><img width=\"300\" height=\"300\" src=\"https:\/\/franciscanos.org.br\/noticias\/wp-content\/uploads\/2022\/05\/berg_01-300x300.jpeg\" class=\"attachment-thumbnail size-thumbnail\" alt=\"\" loading=\"lazy\" srcset=\"https:\/\/franciscanos.org.br\/noticias\/wp-content\/uploads\/2022\/05\/berg_01-300x300.jpeg 300w, https:\/\/franciscanos.org.br\/noticias\/wp-content\/uploads\/2022\/05\/berg_01-100x100.jpeg 100w\" sizes=\"(max-width: 300px) 100vw, 300px\" \/><\/a>\n\t\t\t<\/dt><\/dl><dl class='gallery-item'>\n\t\t\t<dt class='gallery-icon landscape'>\n\t\t\t\t<a href='https:\/\/franciscanos.org.br\/noticias\/wp-content\/uploads\/2022\/05\/berg_02.jpeg'><img width=\"300\" height=\"300\" src=\"https:\/\/franciscanos.org.br\/noticias\/wp-content\/uploads\/2022\/05\/berg_02-300x300.jpeg\" class=\"attachment-thumbnail size-thumbnail\" alt=\"\" loading=\"lazy\" srcset=\"https:\/\/franciscanos.org.br\/noticias\/wp-content\/uploads\/2022\/05\/berg_02-300x300.jpeg 300w, https:\/\/franciscanos.org.br\/noticias\/wp-content\/uploads\/2022\/05\/berg_02-100x100.jpeg 100w\" sizes=\"(max-width: 300px) 100vw, 300px\" \/><\/a>\n\t\t\t<\/dt><\/dl><dl class='gallery-item'>\n\t\t\t<dt class='gallery-icon landscape'>\n\t\t\t\t<a href='https:\/\/franciscanos.org.br\/noticias\/wp-content\/uploads\/2022\/05\/berg_4.jpg'><img width=\"300\" height=\"300\" src=\"https:\/\/franciscanos.org.br\/noticias\/wp-content\/uploads\/2022\/05\/berg_4-300x300.jpg\" class=\"attachment-thumbnail size-thumbnail\" alt=\"\" loading=\"lazy\" srcset=\"https:\/\/franciscanos.org.br\/noticias\/wp-content\/uploads\/2022\/05\/berg_4-300x300.jpg 300w, https:\/\/franciscanos.org.br\/noticias\/wp-content\/uploads\/2022\/05\/berg_4-100x100.jpg 100w\" sizes=\"(max-width: 300px) 100vw, 300px\" \/><\/a>\n\t\t\t<\/dt><\/dl><dl class='gallery-item'>\n\t\t\t<dt class='gallery-icon landscape'>\n\t\t\t\t<a href='https:\/\/franciscanos.org.br\/noticias\/wp-content\/uploads\/2022\/05\/berg-2.jpeg'><img width=\"300\" height=\"300\" src=\"https:\/\/franciscanos.org.br\/noticias\/wp-content\/uploads\/2022\/05\/berg-2-300x300.jpeg\" class=\"attachment-thumbnail size-thumbnail\" alt=\"\" loading=\"lazy\" srcset=\"https:\/\/franciscanos.org.br\/noticias\/wp-content\/uploads\/2022\/05\/berg-2-300x300.jpeg 300w, https:\/\/franciscanos.org.br\/noticias\/wp-content\/uploads\/2022\/05\/berg-2-100x100.jpeg 100w\" sizes=\"(max-width: 300px) 100vw, 300px\" \/><\/a>\n\t\t\t<\/dt><\/dl><br style=\"clear: both\" \/>\n\t\t<\/div>\n\n<p>Terminadas as atividades do dia, o povo de Deus p\u00f4de, enfim, se reunir para celebrar aquilo que experimentaram ao longo de todo o dia: a voca\u00e7\u00e3o franciscana, abra\u00e7ada por Frei Josemberg.<\/p>\n<p>Antes da celebra\u00e7\u00e3o das 19h30, Frei Josemberg foi revestido, pelas Irm\u00e3s Catequistas Franciscanas, do h\u00e1bito franciscano, s\u00edmbolo da forma de vida por ele abra\u00e7ada. O h\u00e1bito, em forma de cruz, simboliza a vida Evang\u00e9lica que o religioso abra\u00e7a na figura do Cristo Pobre e Crucificado. O cord\u00e3o com os votos \u00e9 a alian\u00e7a que o religioso utiliza, sinal da pobreza, obedi\u00eancia e castidade. J\u00e1 o capuz \u00e9 a cela de cada frade, convite \u00e0 ora\u00e7\u00e3o. Na agita\u00e7\u00e3o do dia a dia Francisco vestia o capuz e, na sua intimidade, conversava com Deus.<\/p>\n<p>Frei James Luiz Girard presidiu, na comunidade S\u00e3o Francisco de Assis, a Celebra\u00e7\u00e3o Eucar\u00edstica do segundo dia do tr\u00edduo. Em sua reflex\u00e3o, ele falou sobre o carisma que &#8220;nasceu como um riozinho pequeno em Assis, na It\u00e1lia, e hoje \u00e9 um rio caudaloso, de muitos irm\u00e3os e irm\u00e3s e que inunda os cora\u00e7\u00f5es do povo de Deus&#8221;.<\/p>\n<p><img loading=\"lazy\" class=\"alignnone size-full wp-image-237695\" src=\"https:\/\/franciscanos.org.br\/noticias\/wp-content\/uploads\/2022\/05\/04.jpeg\" alt=\"\" width=\"1024\" height=\"768\" srcset=\"https:\/\/franciscanos.org.br\/noticias\/wp-content\/uploads\/2022\/05\/04.jpeg 1024w, https:\/\/franciscanos.org.br\/noticias\/wp-content\/uploads\/2022\/05\/04-450x338.jpeg 450w, https:\/\/franciscanos.org.br\/noticias\/wp-content\/uploads\/2022\/05\/04-768x576.jpeg 768w, https:\/\/franciscanos.org.br\/noticias\/wp-content\/uploads\/2022\/05\/04-150x113.jpeg 150w, https:\/\/franciscanos.org.br\/noticias\/wp-content\/uploads\/2022\/05\/04-600x450.jpeg 600w\" sizes=\"(max-width: 1024px) 100vw, 1024px\" \/><\/p>\n<p>Acrescentou ainda: &#8220;S\u00e3o tr\u00eas pilares que firmam o carisma franciscano: pobreza, fraternidade e minoridade. Quem se alimenta dessa espiritualidade reconhece que a pobreza de Francisco n\u00e3o se baseia em simples ascese, mas \u00e9 um estilo de vida, que muito se difere da mis\u00e9ria, a mis\u00e9ria \u00e9 pecado! Mas a pobreza \u00e9 um estilo de vida que grita contra a sociedade do ac\u00famulo&#8221;. Conclui sobre a pobreza dizendo: &#8220;Pobreza significa viver com o outro, olhando-no nos olhos, n\u00e3o acima nem abaixo, pois n\u00e3o h\u00e1, para quem \u00e9 pobre, maiores ou menores, melhores ou piores, \u00e9 preciso viver com o outro, chorar com o outro, alegrar-se com o outro para tornar-nos humanos! O Papa Francisco muito nos lembra da necessidade de vivermos em fraternidade, reconhecendo-nos irm\u00e3os e irm\u00e3s uns dos outros&#8221;.<\/p>\n<p>rAo Frei Josemberg, Frei James deu um conselho: &#8220;Um presb\u00edtero franciscano tem que viver na proximidade do outro!&#8221; Continuou dizendo: &#8220;Francisco foi um homem extremamente fraterno, reconhecia em seus c\u00e2nticos a fraternidade c\u00f3smica, universal, louvava a Deus por tudo, reconhecendo-se como presen\u00e7a \u00fanica na imensa esfera da cria\u00e7\u00e3o divina&#8221;.<\/p>\n<p>E, ent\u00e3o, concluiu falando sobre a minoridade, o \u00faltimo dos pilares elencados. &#8220;A minoridade n\u00e3o \u00e9 mais um elemento, na verdade n\u00e3o h\u00e1 divis\u00e3o entre os elementos desse carisma. A minoridade se evidencia na conviv\u00eancia sem barreiras, fazendo-se pr\u00f3ximo, sem buscar pelo poder, mas na busca por estar em servi\u00e7o e a servi\u00e7o&#8221;. Por fim, o carisma franciscano \u00e9 um carisma ousado para o mundo de hoje, principalmente pelo mundo polarizado em que vivemos.<\/p>\n<p><img loading=\"lazy\" class=\"alignnone size-full wp-image-237696\" src=\"https:\/\/franciscanos.org.br\/noticias\/wp-content\/uploads\/2022\/05\/06.jpg\" alt=\"\" width=\"1024\" height=\"768\" srcset=\"https:\/\/franciscanos.org.br\/noticias\/wp-content\/uploads\/2022\/05\/06.jpg 1024w, https:\/\/franciscanos.org.br\/noticias\/wp-content\/uploads\/2022\/05\/06-450x338.jpg 450w, https:\/\/franciscanos.org.br\/noticias\/wp-content\/uploads\/2022\/05\/06-768x576.jpg 768w, https:\/\/franciscanos.org.br\/noticias\/wp-content\/uploads\/2022\/05\/06-150x113.jpg 150w, https:\/\/franciscanos.org.br\/noticias\/wp-content\/uploads\/2022\/05\/06-600x450.jpg 600w\" sizes=\"(max-width: 1024px) 100vw, 1024px\" \/><\/p>\n\n\t\t<style type=\"text\/css\">\n\t\t\t#gallery-2 {\n\t\t\t\tmargin: auto;\n\t\t\t}\n\t\t\t#gallery-2 .gallery-item {\n\t\t\t\tfloat: left;\n\t\t\t\tmargin-top: 10px;\n\t\t\t\ttext-align: center;\n\t\t\t\twidth: 20%;\n\t\t\t}\n\t\t\t#gallery-2 img {\n\t\t\t\tborder: 2px solid #cfcfcf;\n\t\t\t}\n\t\t\t#gallery-2 .gallery-caption {\n\t\t\t\tmargin-left: 0;\n\t\t\t}\n\t\t\t\/* see gallery_shortcode() in wp-includes\/media.php *\/\n\t\t<\/style>\n\t\t<div id='gallery-2' class='gallery galleryid-237688 gallery-columns-5 gallery-size-thumbnail'><dl class='gallery-item'>\n\t\t\t<dt class='gallery-icon landscape'>\n\t\t\t\t<a href='https:\/\/franciscanos.org.br\/noticias\/wp-content\/uploads\/2022\/05\/missao_01.jpeg'><img width=\"300\" height=\"300\" src=\"https:\/\/franciscanos.org.br\/noticias\/wp-content\/uploads\/2022\/05\/missao_01-300x300.jpeg\" class=\"attachment-thumbnail size-thumbnail\" alt=\"\" loading=\"lazy\" srcset=\"https:\/\/franciscanos.org.br\/noticias\/wp-content\/uploads\/2022\/05\/missao_01-300x300.jpeg 300w, https:\/\/franciscanos.org.br\/noticias\/wp-content\/uploads\/2022\/05\/missao_01-100x100.jpeg 100w\" sizes=\"(max-width: 300px) 100vw, 300px\" \/><\/a>\n\t\t\t<\/dt><\/dl><dl class='gallery-item'>\n\t\t\t<dt class='gallery-icon landscape'>\n\t\t\t\t<a href='https:\/\/franciscanos.org.br\/noticias\/wp-content\/uploads\/2022\/05\/missao_03.jpg'><img width=\"300\" height=\"300\" src=\"https:\/\/franciscanos.org.br\/noticias\/wp-content\/uploads\/2022\/05\/missao_03-300x300.jpg\" class=\"attachment-thumbnail size-thumbnail\" alt=\"\" loading=\"lazy\" srcset=\"https:\/\/franciscanos.org.br\/noticias\/wp-content\/uploads\/2022\/05\/missao_03-300x300.jpg 300w, https:\/\/franciscanos.org.br\/noticias\/wp-content\/uploads\/2022\/05\/missao_03-100x100.jpg 100w\" sizes=\"(max-width: 300px) 100vw, 300px\" \/><\/a>\n\t\t\t<\/dt><\/dl><dl class='gallery-item'>\n\t\t\t<dt class='gallery-icon landscape'>\n\t\t\t\t<a href='https:\/\/franciscanos.org.br\/noticias\/wp-content\/uploads\/2022\/05\/missao_05.jpg'><img width=\"300\" height=\"300\" src=\"https:\/\/franciscanos.org.br\/noticias\/wp-content\/uploads\/2022\/05\/missao_05-300x300.jpg\" class=\"attachment-thumbnail size-thumbnail\" alt=\"\" loading=\"lazy\" srcset=\"https:\/\/franciscanos.org.br\/noticias\/wp-content\/uploads\/2022\/05\/missao_05-300x300.jpg 300w, https:\/\/franciscanos.org.br\/noticias\/wp-content\/uploads\/2022\/05\/missao_05-100x100.jpg 100w\" sizes=\"(max-width: 300px) 100vw, 300px\" \/><\/a>\n\t\t\t<\/dt><\/dl><dl class='gallery-item'>\n\t\t\t<dt class='gallery-icon landscape'>\n\t\t\t\t<a href='https:\/\/franciscanos.org.br\/noticias\/wp-content\/uploads\/2022\/05\/missao_06.jpg'><img width=\"300\" height=\"300\" src=\"https:\/\/franciscanos.org.br\/noticias\/wp-content\/uploads\/2022\/05\/missao_06-300x300.jpg\" class=\"attachment-thumbnail size-thumbnail\" alt=\"\" loading=\"lazy\" srcset=\"https:\/\/franciscanos.org.br\/noticias\/wp-content\/uploads\/2022\/05\/missao_06-300x300.jpg 300w, https:\/\/franciscanos.org.br\/noticias\/wp-content\/uploads\/2022\/05\/missao_06-100x100.jpg 100w\" sizes=\"(max-width: 300px) 100vw, 300px\" \/><\/a>\n\t\t\t<\/dt><\/dl><dl class='gallery-item'>\n\t\t\t<dt class='gallery-icon landscape'>\n\t\t\t\t<a href='https:\/\/franciscanos.org.br\/noticias\/wp-content\/uploads\/2022\/05\/missao_07.jpg'><img width=\"300\" height=\"300\" src=\"https:\/\/franciscanos.org.br\/noticias\/wp-content\/uploads\/2022\/05\/missao_07-300x300.jpg\" class=\"attachment-thumbnail size-thumbnail\" alt=\"\" loading=\"lazy\" srcset=\"https:\/\/franciscanos.org.br\/noticias\/wp-content\/uploads\/2022\/05\/missao_07-300x300.jpg 300w, https:\/\/franciscanos.org.br\/noticias\/wp-content\/uploads\/2022\/05\/missao_07-100x100.jpg 100w\" sizes=\"(max-width: 300px) 100vw, 300px\" \/><\/a>\n\t\t\t<\/dt><\/dl><br style=\"clear: both\" \/>\n\t\t<\/div>\n\n<p>Frei Josemberg, ap\u00f3s a homilia, fez a leitura e assinou publicamente a sua Declara\u00e7\u00e3o de Fidelidade, onde confirma que viver\u00e1 como presb\u00edtero dentro do carisma franciscano, obedecendo aos seus votos religiosos. A celebra\u00e7\u00e3o seguiu como de costume.<\/p>\n<p>Frei Gabriel Dellandrea, animador do SAV da Prov\u00edncia, fez uma din\u00e2mica com os fi\u00e9is ap\u00f3s a comunh\u00e3o e deu a palavra a Frei Josemberg, que falou sobre o caminho que escolheu para si e que o caminho para seguir Jesus Cristo passa por altos e baixos, mas que \u00e9 necess\u00e1rio coragem para superar os obst\u00e1culos. Afinal, &#8220;vale a pena seguir os passos de Jesus Cristo!&#8221;. Nesse \u00e2nimo, ele convidou os presentes para a Missa de sua ordena\u00e7\u00e3o e para a sua primeira Missa. Agradeceu a comunidade pelo carinho e pela enorme faixa que lhe fizeram em gratid\u00e3o por sua voca\u00e7\u00e3o.<\/p>\n<hr \/>\n<p><em>Frei Gilberto Silveira da Costa Junior, OFM (texto) eF\u00e1bio Charleaux Luzia dos Santos (fotos).<\/em><\/p>\n","protected":false},"excerpt":{"rendered":"<p>Ordena\u00e7\u00e3o presbiteral de Frei Josemberg Cardozo<\/p>\n","protected":false},"author":3,"featured_media":237689,"comment_status":"open","ping_status":"open","sticky":false,"template":"","format":"standard","meta":[],"categories":[1],"tags":[157],"acf":[],"yoast_head":"<!-- This site is optimized with the Yoast SEO plugin v19.2 - https:\/\/yoast.com\/wordpress\/plugins\/seo\/ -->\n<title>&quot;Um presb\u00edtero franciscano tem que viver na proximidade do outro!&quot; - Not\u00edcias - Franciscanos<\/title>\n<meta name=\"robots\" content=\"index, follow, max-snippet:-1, max-image-preview:large, max-video-preview:-1\" \/>\n<link rel=\"canonical\" href=\"https:\/\/franciscanos.org.br\/noticias\/um-presbitero-franciscano-tem-que-viver-na-proximidade-do-outro.html\" \/>\n<meta property=\"og:locale\" content=\"pt_BR\" \/>\n<meta property=\"og:type\" content=\"article\" \/>\n<meta property=\"og:title\" content=\"&quot;Um presb\u00edtero franciscano tem que viver na proximidade do outro!&quot; - Not\u00edcias - Franciscanos\" \/>\n<meta property=\"og:description\" content=\"Ordena\u00e7\u00e3o presbiteral de Frei Josemberg Cardozo\" \/>\n<meta property=\"og:url\" content=\"https:\/\/franciscanos.org.br\/noticias\/um-presbitero-franciscano-tem-que-viver-na-proximidade-do-outro.html\" \/>\n<meta property=\"og:site_name\" content=\"Not\u00edcias - Franciscanos\" \/>\n<meta property=\"article:published_time\" content=\"2022-05-06T09:35:23+00:00\" \/>\n<meta property=\"og:image\" content=\"https:\/\/franciscanos.org.br\/noticias\/wp-content\/uploads\/2022\/05\/segundodia_01.jpg\" \/>\n\t<meta property=\"og:image:width\" content=\"1280\" \/>\n\t<meta property=\"og:image:height\" content=\"720\" \/>\n\t<meta property=\"og:image:type\" content=\"image\/jpeg\" \/>\n<meta name=\"author\" content=\"moacir\" \/>\n<meta name=\"twitter:card\" content=\"summary_large_image\" \/>\n<meta name=\"twitter:label1\" content=\"Escrito por\" \/>\n\t<meta name=\"twitter:data1\" content=\"moacir\" \/>\n\t<meta name=\"twitter:label2\" content=\"Est. tempo de leitura\" \/>\n\t<meta name=\"twitter:data2\" content=\"4 minutos\" \/>\n<script type=\"application\/ld+json\" class=\"yoast-schema-graph\">{\"@context\":\"https:\/\/schema.org\",\"@graph\":[{\"@type\":\"WebSite\",\"@id\":\"https:\/\/franciscanos.org.br\/noticias\/#website\",\"url\":\"https:\/\/franciscanos.org.br\/noticias\/\",\"name\":\"Not\u00edcias - Franciscanos\",\"description\":\"Prov\u00edncia Franciscana da Imaculada Concei\u00e7\u00e3o do Brasil - Ordem dos Frades Menores - OFM\",\"potentialAction\":[{\"@type\":\"SearchAction\",\"target\":{\"@type\":\"EntryPoint\",\"urlTemplate\":\"https:\/\/franciscanos.org.br\/noticias\/?s={search_term_string}\"},\"query-input\":\"required name=search_term_string\"}],\"inLanguage\":\"pt-BR\"},{\"@type\":\"ImageObject\",\"inLanguage\":\"pt-BR\",\"@id\":\"https:\/\/franciscanos.org.br\/noticias\/um-presbitero-franciscano-tem-que-viver-na-proximidade-do-outro.html#primaryimage\",\"url\":\"https:\/\/franciscanos.org.br\/noticias\/wp-content\/uploads\/2022\/05\/segundodia_01.jpg\",\"contentUrl\":\"https:\/\/franciscanos.org.br\/noticias\/wp-content\/uploads\/2022\/05\/segundodia_01.jpg\",\"width\":1280,\"height\":720},{\"@type\":\"WebPage\",\"@id\":\"https:\/\/franciscanos.org.br\/noticias\/um-presbitero-franciscano-tem-que-viver-na-proximidade-do-outro.html#webpage\",\"url\":\"https:\/\/franciscanos.org.br\/noticias\/um-presbitero-franciscano-tem-que-viver-na-proximidade-do-outro.html\",\"name\":\"\\\"Um presb\u00edtero franciscano tem que viver na proximidade do outro!\\\" - Not\u00edcias - Franciscanos\",\"isPartOf\":{\"@id\":\"https:\/\/franciscanos.org.br\/noticias\/#website\"},\"primaryImageOfPage\":{\"@id\":\"https:\/\/franciscanos.org.br\/noticias\/um-presbitero-franciscano-tem-que-viver-na-proximidade-do-outro.html#primaryimage\"},\"datePublished\":\"2022-05-06T09:35:23+00:00\",\"dateModified\":\"2022-05-06T09:35:23+00:00\",\"author\":{\"@id\":\"https:\/\/franciscanos.org.br\/noticias\/#\/schema\/person\/b5c8cba458c330ccff548b056e95a5d4\"},\"breadcrumb\":{\"@id\":\"https:\/\/franciscanos.org.br\/noticias\/um-presbitero-franciscano-tem-que-viver-na-proximidade-do-outro.html#breadcrumb\"},\"inLanguage\":\"pt-BR\",\"potentialAction\":[{\"@type\":\"ReadAction\",\"target\":[\"https:\/\/franciscanos.org.br\/noticias\/um-presbitero-franciscano-tem-que-viver-na-proximidade-do-outro.html\"]}]},{\"@type\":\"BreadcrumbList\",\"@id\":\"https:\/\/franciscanos.org.br\/noticias\/um-presbitero-franciscano-tem-que-viver-na-proximidade-do-outro.html#breadcrumb\",\"itemListElement\":[{\"@type\":\"ListItem\",\"position\":1,\"name\":\"Home\",\"item\":\"https:\/\/franciscanos.org.br\/noticias\"},{\"@type\":\"ListItem\",\"position\":2,\"name\":\"&#8220;Um presb\u00edtero franciscano tem que viver na proximidade do outro!&#8221;\"}]},{\"@type\":\"Person\",\"@id\":\"https:\/\/franciscanos.org.br\/noticias\/#\/schema\/person\/b5c8cba458c330ccff548b056e95a5d4\",\"name\":\"moacir\",\"image\":{\"@type\":\"ImageObject\",\"inLanguage\":\"pt-BR\",\"@id\":\"https:\/\/franciscanos.org.br\/noticias\/#\/schema\/person\/image\/\",\"url\":\"https:\/\/secure.gravatar.com\/avatar\/d08aa2ce4c8dd416d4479aa8536fcf64?s=96&d=mm&r=g\",\"contentUrl\":\"https:\/\/secure.gravatar.com\/avatar\/d08aa2ce4c8dd416d4479aa8536fcf64?s=96&d=mm&r=g\",\"caption\":\"moacir\"},\"url\":\"https:\/\/franciscanos.org.br\/noticias\/author\/moacir\"}]}<\/script>\n<!-- \/ Yoast SEO plugin. -->","yoast_head_json":{"title":"\"Um presb\u00edtero franciscano tem que viver na proximidade do outro!\" - Not\u00edcias - Franciscanos","robots":{"index":"index","follow":"follow","max-snippet":"max-snippet:-1","max-image-preview":"max-image-preview:large","max-video-preview":"max-video-preview:-1"},"canonical":"https:\/\/franciscanos.org.br\/noticias\/um-presbitero-franciscano-tem-que-viver-na-proximidade-do-outro.html","og_locale":"pt_BR","og_type":"article","og_title":"\"Um presb\u00edtero franciscano tem que viver na proximidade do outro!\" - Not\u00edcias - Franciscanos","og_description":"Ordena\u00e7\u00e3o presbiteral de Frei Josemberg Cardozo","og_url":"https:\/\/franciscanos.org.br\/noticias\/um-presbitero-franciscano-tem-que-viver-na-proximidade-do-outro.html","og_site_name":"Not\u00edcias - Franciscanos","article_published_time":"2022-05-06T09:35:23+00:00","og_image":[{"width":1280,"height":720,"url":"https:\/\/franciscanos.org.br\/noticias\/wp-content\/uploads\/2022\/05\/segundodia_01.jpg","type":"image\/jpeg"}],"author":"moacir","twitter_card":"summary_large_image","twitter_misc":{"Escrito por":"moacir","Est. tempo de leitura":"4 minutos"},"schema":{"@context":"https:\/\/schema.org","@graph":[{"@type":"WebSite","@id":"https:\/\/franciscanos.org.br\/noticias\/#website","url":"https:\/\/franciscanos.org.br\/noticias\/","name":"Not\u00edcias - Franciscanos","description":"Prov\u00edncia Franciscana da Imaculada Concei\u00e7\u00e3o do Brasil - Ordem dos Frades Menores - OFM","potentialAction":[{"@type":"SearchAction","target":{"@type":"EntryPoint","urlTemplate":"https:\/\/franciscanos.org.br\/noticias\/?s={search_term_string}"},"query-input":"required name=search_term_string"}],"inLanguage":"pt-BR"},{"@type":"ImageObject","inLanguage":"pt-BR","@id":"https:\/\/franciscanos.org.br\/noticias\/um-presbitero-franciscano-tem-que-viver-na-proximidade-do-outro.html#primaryimage","url":"https:\/\/franciscanos.org.br\/noticias\/wp-content\/uploads\/2022\/05\/segundodia_01.jpg","contentUrl":"https:\/\/franciscanos.org.br\/noticias\/wp-content\/uploads\/2022\/05\/segundodia_01.jpg","width":1280,"height":720},{"@type":"WebPage","@id":"https:\/\/franciscanos.org.br\/noticias\/um-presbitero-franciscano-tem-que-viver-na-proximidade-do-outro.html#webpage","url":"https:\/\/franciscanos.org.br\/noticias\/um-presbitero-franciscano-tem-que-viver-na-proximidade-do-outro.html","name":"\"Um presb\u00edtero franciscano tem que viver na proximidade do outro!\" - Not\u00edcias - Franciscanos","isPartOf":{"@id":"https:\/\/franciscanos.org.br\/noticias\/#website"},"primaryImageOfPage":{"@id":"https:\/\/franciscanos.org.br\/noticias\/um-presbitero-franciscano-tem-que-viver-na-proximidade-do-outro.html#primaryimage"},"datePublished":"2022-05-06T09:35:23+00:00","dateModified":"2022-05-06T09:35:23+00:00","author":{"@id":"https:\/\/franciscanos.org.br\/noticias\/#\/schema\/person\/b5c8cba458c330ccff548b056e95a5d4"},"breadcrumb":{"@id":"https:\/\/franciscanos.org.br\/noticias\/um-presbitero-franciscano-tem-que-viver-na-proximidade-do-outro.html#breadcrumb"},"inLanguage":"pt-BR","potentialAction":[{"@type":"ReadAction","target":["https:\/\/franciscanos.org.br\/noticias\/um-presbitero-franciscano-tem-que-viver-na-proximidade-do-outro.html"]}]},{"@type":"BreadcrumbList","@id":"https:\/\/franciscanos.org.br\/noticias\/um-presbitero-franciscano-tem-que-viver-na-proximidade-do-outro.html#breadcrumb","itemListElement":[{"@type":"ListItem","position":1,"name":"Home","item":"https:\/\/franciscanos.org.br\/noticias"},{"@type":"ListItem","position":2,"name":"&#8220;Um presb\u00edtero franciscano tem que viver na proximidade do outro!&#8221;"}]},{"@type":"Person","@id":"https:\/\/franciscanos.org.br\/noticias\/#\/schema\/person\/b5c8cba458c330ccff548b056e95a5d4","name":"moacir","image":{"@type":"ImageObject","inLanguage":"pt-BR","@id":"https:\/\/franciscanos.org.br\/noticias\/#\/schema\/person\/image\/","url":"https:\/\/secure.gravatar.com\/avatar\/d08aa2ce4c8dd416d4479aa8536fcf64?s=96&d=mm&r=g","contentUrl":"https:\/\/secure.gravatar.com\/avatar\/d08aa2ce4c8dd416d4479aa8536fcf64?s=96&d=mm&r=g","caption":"moacir"},"url":"https:\/\/franciscanos.org.br\/noticias\/author\/moacir"}]}},"_links":{"self":[{"href":"https:\/\/franciscanos.org.br\/noticias\/wp-json\/wp\/v2\/posts\/237688"}],"collection":[{"href":"https:\/\/franciscanos.org.br\/noticias\/wp-json\/wp\/v2\/posts"}],"about":[{"href":"https:\/\/franciscanos.org.br\/noticias\/wp-json\/wp\/v2\/types\/post"}],"author":[{"embeddable":true,"href":"https:\/\/franciscanos.org.br\/noticias\/wp-json\/wp\/v2\/users\/3"}],"replies":[{"embeddable":true,"href":"https:\/\/franciscanos.org.br\/noticias\/wp-json\/wp\/v2\/comments?post=237688"}],"version-history":[{"count":1,"href":"https:\/\/franciscanos.org.br\/noticias\/wp-json\/wp\/v2\/posts\/237688\/revisions"}],"predecessor-version":[{"id":237702,"href":"https:\/\/franciscanos.org.br\/noticias\/wp-json\/wp\/v2\/posts\/237688\/revisions\/237702"}],"wp:featuredmedia":[{"embeddable":true,"href":"https:\/\/franciscanos.org.br\/noticias\/wp-json\/wp\/v2\/media\/237689"}],"wp:attachment":[{"href":"https:\/\/franciscanos.org.br\/noticias\/wp-json\/wp\/v2\/media?parent=237688"}],"wp:term":[{"taxonomy":"category","embeddable":true,"href":"https:\/\/franciscanos.org.br\/noticias\/wp-json\/wp\/v2\/categories?post=237688"},{"taxonomy":"post_tag","embeddable":true,"href":"https:\/\/franciscanos.org.br\/noticias\/wp-json\/wp\/v2\/tags?post=237688"}],"curies":[{"name":"wp","href":"https:\/\/api.w.org\/{rel}","templated":true}]}}