{"id":237660,"date":"2022-05-05T07:37:11","date_gmt":"2022-05-05T10:37:11","guid":{"rendered":"https:\/\/franciscanos.org.br\/noticias\/?p=237660"},"modified":"2025-12-30T00:13:56","modified_gmt":"2025-12-30T03:13:56","slug":"no-servico-e-que-se-desvela-o-sagrado","status":"publish","type":"post","link":"https:\/\/franciscanos.org.br\/noticias\/no-servico-e-que-se-desvela-o-sagrado.html","title":{"rendered":"&#8220;No servi\u00e7o \u00e9 que se desvela o sagrado&#8221;"},"content":{"rendered":"<p><img loading=\"lazy\" class=\"alignnone size-full wp-image-237662\" src=\"https:\/\/franciscanos.org.br\/noticias\/wp-content\/uploads\/2022\/05\/01.jpeg\" alt=\"\" width=\"1280\" height=\"720\" srcset=\"https:\/\/franciscanos.org.br\/noticias\/wp-content\/uploads\/2022\/05\/01.jpeg 1280w, https:\/\/franciscanos.org.br\/noticias\/wp-content\/uploads\/2022\/05\/01-450x253.jpeg 450w, https:\/\/franciscanos.org.br\/noticias\/wp-content\/uploads\/2022\/05\/01-1024x576.jpeg 1024w, https:\/\/franciscanos.org.br\/noticias\/wp-content\/uploads\/2022\/05\/01-768x432.jpeg 768w, https:\/\/franciscanos.org.br\/noticias\/wp-content\/uploads\/2022\/05\/01-150x84.jpeg 150w\" sizes=\"(max-width: 1280px) 100vw, 1280px\" \/><\/p>\n<p><strong>Duque de Caxias (RJ)<\/strong> &#8211; O primeiro dia do Tr\u00edduo em prepara\u00e7\u00e3o para a Ordena\u00e7\u00e3o Presbiteral de Frei Josemberg Cardozo teve in\u00edcio nas comunidades de Imbari\u00ea, em Duque de Caxias (RJ). Mesmo debaixo de chuva, mais de vinte fam\u00edlias receberam a visita dos mission\u00e1rios que nesse dia tiveram o refor\u00e7o dos frades estudantes de Petr\u00f3polis. E, \u00e0s 19h30, o povo de Deus se reuniu para celebrar a voca\u00e7\u00e3o batismal de Frei Josemberg na Comunidade da Imaculada Concei\u00e7\u00e3o.<\/p>\n<p>Al\u00e9m dos lares visitados, os frades marcaram presen\u00e7a na pra\u00e7a de Imbari\u00ea, levando cantos e um pouco do carisma franciscano para as mais diferentes realidades. O com\u00e9rcio local tamb\u00e9m foi abordado para que pudessem conhecer um pouquinho mais sobre a Economia de Francisco.<\/p>\n<p><img loading=\"lazy\" class=\"alignnone size-full wp-image-237663\" src=\"https:\/\/franciscanos.org.br\/noticias\/wp-content\/uploads\/2022\/05\/02.jpeg\" alt=\"\" width=\"1280\" height=\"720\" srcset=\"https:\/\/franciscanos.org.br\/noticias\/wp-content\/uploads\/2022\/05\/02.jpeg 1280w, https:\/\/franciscanos.org.br\/noticias\/wp-content\/uploads\/2022\/05\/02-450x253.jpeg 450w, https:\/\/franciscanos.org.br\/noticias\/wp-content\/uploads\/2022\/05\/02-1024x576.jpeg 1024w, https:\/\/franciscanos.org.br\/noticias\/wp-content\/uploads\/2022\/05\/02-768x432.jpeg 768w, https:\/\/franciscanos.org.br\/noticias\/wp-content\/uploads\/2022\/05\/02-150x84.jpeg 150w\" sizes=\"(max-width: 1280px) 100vw, 1280px\" \/><\/p>\n<p>A celebra\u00e7\u00e3o das 19h30 foi presidida por Frei Marx Rodrigues dos Reis, tendo como tema central a voca\u00e7\u00e3o batismal. Nessa Celebra\u00e7\u00e3o Eucar\u00edstica, os pais de Frei Josemberg tamb\u00e9m se fizeram presentes: Maria L\u00facia Cardozo Aranha e\u00a0 Jos\u00e9 Aranha Gomes.<\/p>\n<p>Em sua reflex\u00e3o, Frei Marx apontou para miss\u00e3o de todo crist\u00e3o, que nasce do batismo em Jesus Cristo, dizendo: &#8220;Jesus Cristo \u00e9 um projeto, e Imbari\u00ea \u00e9 um lugar que grita por um Evangelho concreto. Faz-se necess\u00e1rio que abracemos o Evangelho-projeto e o tornemos realidade. Faz-se tamb\u00e9m necess\u00e1rio saber ler o Evangelho que cotidianamente se escreve diante de n\u00f3s\u201d, disse.<\/p>\n<p><img loading=\"lazy\" class=\"alignnone size-full wp-image-237664\" src=\"https:\/\/franciscanos.org.br\/noticias\/wp-content\/uploads\/2022\/05\/03.jpg\" alt=\"\" width=\"1280\" height=\"721\" srcset=\"https:\/\/franciscanos.org.br\/noticias\/wp-content\/uploads\/2022\/05\/03.jpg 1280w, https:\/\/franciscanos.org.br\/noticias\/wp-content\/uploads\/2022\/05\/03-450x253.jpg 450w, https:\/\/franciscanos.org.br\/noticias\/wp-content\/uploads\/2022\/05\/03-1024x577.jpg 1024w, https:\/\/franciscanos.org.br\/noticias\/wp-content\/uploads\/2022\/05\/03-768x433.jpg 768w, https:\/\/franciscanos.org.br\/noticias\/wp-content\/uploads\/2022\/05\/03-150x84.jpg 150w\" sizes=\"(max-width: 1280px) 100vw, 1280px\" \/><\/p>\n<p>&#8220;Celebrar a Imaculada, Padroeira dessa Comunidade, \u00e9 celebrar muitas mulheres reais, \u00e9 celebrar aquela m\u00e3e que perdeu o seu filho e que, teimosamente, insiste em ser m\u00e3e, \u00e9 celebrar tantas e tantas mulheres que n\u00e3o puderam gerar no ventre, mas que alargaram o seu cora\u00e7\u00e3o e se tornaram m\u00e3e de v\u00e1rios&#8221;.<\/p>\n<p>Nesse sentido, das in\u00fameras realidades existentes nessa terra e que gritam pelo Evangelho, o celebrante ainda acrescenta: &#8220;Eu sempre digo que Imbari\u00ea \u00e9 a terra dos meus sonhos, mas para al\u00e9m disso, Imbari\u00ea \u00e9 a terra dos sonhos de Deus!. \u00c9 nesse peda\u00e7o de ch\u00e3o que Cristo quer estar presente e caminhar com os seus filhos e filhas. Foi nessa terra que Deus, um dia, chamou Frei Josemberg para a miss\u00e3o e ele disse o seu sim\u201d, acrescentou.<\/p>\n\n\t\t<style type=\"text\/css\">\n\t\t\t#gallery-1 {\n\t\t\t\tmargin: auto;\n\t\t\t}\n\t\t\t#gallery-1 .gallery-item {\n\t\t\t\tfloat: left;\n\t\t\t\tmargin-top: 10px;\n\t\t\t\ttext-align: center;\n\t\t\t\twidth: 16%;\n\t\t\t}\n\t\t\t#gallery-1 img {\n\t\t\t\tborder: 2px solid #cfcfcf;\n\t\t\t}\n\t\t\t#gallery-1 .gallery-caption {\n\t\t\t\tmargin-left: 0;\n\t\t\t}\n\t\t\t\/* see gallery_shortcode() in wp-includes\/media.php *\/\n\t\t<\/style>\n\t\t<div id='gallery-1' class='gallery galleryid-237660 gallery-columns-6 gallery-size-thumbnail'><dl class='gallery-item'>\n\t\t\t<dt class='gallery-icon portrait'>\n\t\t\t\t<a href='https:\/\/franciscanos.org.br\/noticias\/wp-content\/uploads\/2022\/05\/05-1.jpeg'><img width=\"300\" height=\"300\" src=\"https:\/\/franciscanos.org.br\/noticias\/wp-content\/uploads\/2022\/05\/05-1-300x300.jpeg\" class=\"attachment-thumbnail size-thumbnail\" alt=\"\" loading=\"lazy\" srcset=\"https:\/\/franciscanos.org.br\/noticias\/wp-content\/uploads\/2022\/05\/05-1-300x300.jpeg 300w, https:\/\/franciscanos.org.br\/noticias\/wp-content\/uploads\/2022\/05\/05-1-100x100.jpeg 100w\" sizes=\"(max-width: 300px) 100vw, 300px\" \/><\/a>\n\t\t\t<\/dt><\/dl><dl class='gallery-item'>\n\t\t\t<dt class='gallery-icon landscape'>\n\t\t\t\t<a href='https:\/\/franciscanos.org.br\/noticias\/wp-content\/uploads\/2022\/05\/06-1.jpeg'><img width=\"300\" height=\"300\" src=\"https:\/\/franciscanos.org.br\/noticias\/wp-content\/uploads\/2022\/05\/06-1-300x300.jpeg\" class=\"attachment-thumbnail size-thumbnail\" alt=\"\" loading=\"lazy\" srcset=\"https:\/\/franciscanos.org.br\/noticias\/wp-content\/uploads\/2022\/05\/06-1-300x300.jpeg 300w, https:\/\/franciscanos.org.br\/noticias\/wp-content\/uploads\/2022\/05\/06-1-100x100.jpeg 100w\" sizes=\"(max-width: 300px) 100vw, 300px\" \/><\/a>\n\t\t\t<\/dt><\/dl><dl class='gallery-item'>\n\t\t\t<dt class='gallery-icon landscape'>\n\t\t\t\t<a href='https:\/\/franciscanos.org.br\/noticias\/wp-content\/uploads\/2022\/05\/07-1.jpeg'><img width=\"300\" height=\"300\" src=\"https:\/\/franciscanos.org.br\/noticias\/wp-content\/uploads\/2022\/05\/07-1-300x300.jpeg\" class=\"attachment-thumbnail size-thumbnail\" alt=\"\" loading=\"lazy\" srcset=\"https:\/\/franciscanos.org.br\/noticias\/wp-content\/uploads\/2022\/05\/07-1-300x300.jpeg 300w, https:\/\/franciscanos.org.br\/noticias\/wp-content\/uploads\/2022\/05\/07-1-100x100.jpeg 100w\" sizes=\"(max-width: 300px) 100vw, 300px\" \/><\/a>\n\t\t\t<\/dt><\/dl><dl class='gallery-item'>\n\t\t\t<dt class='gallery-icon portrait'>\n\t\t\t\t<a href='https:\/\/franciscanos.org.br\/noticias\/wp-content\/uploads\/2022\/05\/09-1.jpeg'><img width=\"300\" height=\"300\" src=\"https:\/\/franciscanos.org.br\/noticias\/wp-content\/uploads\/2022\/05\/09-1-300x300.jpeg\" class=\"attachment-thumbnail size-thumbnail\" alt=\"\" loading=\"lazy\" srcset=\"https:\/\/franciscanos.org.br\/noticias\/wp-content\/uploads\/2022\/05\/09-1-300x300.jpeg 300w, https:\/\/franciscanos.org.br\/noticias\/wp-content\/uploads\/2022\/05\/09-1-100x100.jpeg 100w\" sizes=\"(max-width: 300px) 100vw, 300px\" \/><\/a>\n\t\t\t<\/dt><\/dl><dl class='gallery-item'>\n\t\t\t<dt class='gallery-icon landscape'>\n\t\t\t\t<a href='https:\/\/franciscanos.org.br\/noticias\/wp-content\/uploads\/2022\/05\/10-1.jpeg'><img width=\"300\" height=\"300\" src=\"https:\/\/franciscanos.org.br\/noticias\/wp-content\/uploads\/2022\/05\/10-1-300x300.jpeg\" class=\"attachment-thumbnail size-thumbnail\" alt=\"\" loading=\"lazy\" srcset=\"https:\/\/franciscanos.org.br\/noticias\/wp-content\/uploads\/2022\/05\/10-1-300x300.jpeg 300w, https:\/\/franciscanos.org.br\/noticias\/wp-content\/uploads\/2022\/05\/10-1-100x100.jpeg 100w\" sizes=\"(max-width: 300px) 100vw, 300px\" \/><\/a>\n\t\t\t<\/dt><\/dl><dl class='gallery-item'>\n\t\t\t<dt class='gallery-icon landscape'>\n\t\t\t\t<a href='https:\/\/franciscanos.org.br\/noticias\/wp-content\/uploads\/2022\/05\/11.jpeg'><img width=\"300\" height=\"300\" src=\"https:\/\/franciscanos.org.br\/noticias\/wp-content\/uploads\/2022\/05\/11-300x300.jpeg\" class=\"attachment-thumbnail size-thumbnail\" alt=\"\" loading=\"lazy\" srcset=\"https:\/\/franciscanos.org.br\/noticias\/wp-content\/uploads\/2022\/05\/11-300x300.jpeg 300w, https:\/\/franciscanos.org.br\/noticias\/wp-content\/uploads\/2022\/05\/11-100x100.jpeg 100w\" sizes=\"(max-width: 300px) 100vw, 300px\" \/><\/a>\n\t\t\t<\/dt><\/dl><br style=\"clear: both\" \/>\n\t\t<\/div>\n\n<p>Frei Marx ainda recordou o dia em que chamou Frei Josemberg de &#8220;Frei&#8221; pela primeira vez. O que ser\u00e1 ordenado estava no primeiro ano de forma\u00e7\u00e3o, era aspirante em Ituporanga e passava roupa. Diante daquela palavra t\u00e3o pequena, Frei Josemberg ficou at\u00f4nito: &#8220;Mas, frei, eu ainda n\u00e3o sou frei&#8221;, ao que Frei Marx respondeu: &#8220;Se voc\u00ea n\u00e3o for frei agora, nunca mais ser\u00e1!&#8221;.\u00a0 Na celebra\u00e7\u00e3o, Frei Marx ainda acrescentou: &#8220;No servi\u00e7o \u00e9 que eu te reconheci frade! No servi\u00e7o \u00e9 que se desvela o sagrado&#8221;.<\/p>\n<p>Numa segunda hist\u00f3ria, Frei Marx contou que estava na Brasil\u00e2ndia e que ap\u00f3s atender v\u00e1rias confiss\u00f5es foi ao encontro de uma senhora que rezava aos p\u00e9s de Nossa Senhora Aparecida. &#8220;Ofereci a ela os ouvidos ao que ela me respondeu: &#8216;Frei, o que eu vim fazer na igreja, eu j\u00e1 fiz, vim falar com Nossa Senhora Aparecida, s\u00f3 uma m\u00e3e preta de um filho condenado \u00e9 capaz de entender a minha dor&#8217;. Ent\u00e3o, Frei Josemberg, abrace os pequeninos do Reino, comunique o Evangelho dos simples&#8221;, indicou.<\/p>\n<p>Frei Marx ainda chamou algumas m\u00e3es \u00e0 frente, entre elas a Dona Maria L\u00facia, para que dessem a sua b\u00ean\u00e7\u00e3o ao frade ordenante e, junto com ele, aos demais frades.<\/p>\n<p><img loading=\"lazy\" class=\"alignnone size-full wp-image-237665\" src=\"https:\/\/franciscanos.org.br\/noticias\/wp-content\/uploads\/2022\/05\/04.jpg\" alt=\"\" width=\"1280\" height=\"719\" srcset=\"https:\/\/franciscanos.org.br\/noticias\/wp-content\/uploads\/2022\/05\/04.jpg 1280w, https:\/\/franciscanos.org.br\/noticias\/wp-content\/uploads\/2022\/05\/04-450x253.jpg 450w, https:\/\/franciscanos.org.br\/noticias\/wp-content\/uploads\/2022\/05\/04-1024x575.jpg 1024w, https:\/\/franciscanos.org.br\/noticias\/wp-content\/uploads\/2022\/05\/04-768x431.jpg 768w, https:\/\/franciscanos.org.br\/noticias\/wp-content\/uploads\/2022\/05\/04-150x84.jpg 150w\" sizes=\"(max-width: 1280px) 100vw, 1280px\" \/><\/p>\n<p>Encerrada a reflex\u00e3o, Frei Josemberg fez a sua profiss\u00e3o de f\u00e9 publicamente, recordando o seu batismo e dando o primeiro passo rumo \u00e0 sua ordena\u00e7\u00e3o presbiteral. Essa profiss\u00e3o de f\u00e9, ap\u00f3s ser lida, foi assinada por ele sob a mesa da Eucaristia e a celebra\u00e7\u00e3o seguiu como de costume.<\/p>\n<p>Antes da b\u00ean\u00e7\u00e3o final, Frei Josemberg p\u00f4de contar que, ao ser chamado &#8220;Frei&#8221; pela primeira vez, sentiu-se at\u00f4nito, sentiu que aquela simples atitude de Frei Marx teve uma enorme import\u00e2ncia em sua caminhada. &#8220;Santa Clara dizia: &#8216;Nunca esque\u00e7a o seu ponto de partida&#8217;, hoje, na minha miss\u00e3o, como guardi\u00e3o na casa do noviciado, estou novamente no processo de lavar e passar, e isso me leva a refletir muitas coisas. Me sinto realizado como frade menor e a miss\u00e3o de presb\u00edtero vir\u00e1 apenas para somar&#8221;, afirmou contente.<\/p>\n<p>Ao concluir sua fala, pediu ora\u00e7\u00f5es por sua voca\u00e7\u00e3o e pela voca\u00e7\u00e3o presbiteral que muito em breve assumir\u00e1. &#8220;Quem n\u00e3o puder se fazer presente, reze, isso ser\u00e1 de grande import\u00e2ncia!&#8221;.<\/p>\n<p>Elevemos as nossas preces ao Cristo Bom Pastor por nosso irm\u00e3o que ser\u00e1 ordenado nesse s\u00e1bado, \u00e0s 15h, na Catedral de Santo Ant\u00f4nio, Duque de Caxias, para que possa bem desempenhar a sua miss\u00e3o de pastor e guia junto ao povo de Deus.<\/p>\n<hr \/>\n<p><em>Frei Gilberto Silveira da Costa Junior, OFM (texto) e F\u00e1bio Charleaux Luzia dos Santos (fotos).<\/em><\/p>\n","protected":false},"excerpt":{"rendered":"<p>Ordena\u00e7\u00e3o Presbiteral de Frei Josemberg Cardozo<\/p>\n","protected":false},"author":7,"featured_media":237661,"comment_status":"open","ping_status":"open","sticky":false,"template":"","format":"standard","meta":[],"categories":[1],"tags":[157],"acf":[],"yoast_head":"<!-- This site is optimized with the Yoast SEO plugin v19.2 - https:\/\/yoast.com\/wordpress\/plugins\/seo\/ -->\n<title>&quot;No servi\u00e7o \u00e9 que se desvela o sagrado&quot; - Not\u00edcias - Franciscanos<\/title>\n<meta name=\"robots\" content=\"index, follow, max-snippet:-1, max-image-preview:large, max-video-preview:-1\" \/>\n<link rel=\"canonical\" href=\"https:\/\/franciscanos.org.br\/noticias\/no-servico-e-que-se-desvela-o-sagrado.html\" \/>\n<meta property=\"og:locale\" content=\"pt_BR\" \/>\n<meta property=\"og:type\" content=\"article\" \/>\n<meta property=\"og:title\" content=\"&quot;No servi\u00e7o \u00e9 que se desvela o sagrado&quot; - Not\u00edcias - Franciscanos\" \/>\n<meta property=\"og:description\" content=\"Ordena\u00e7\u00e3o Presbiteral de Frei Josemberg Cardozo\" \/>\n<meta property=\"og:url\" content=\"https:\/\/franciscanos.org.br\/noticias\/no-servico-e-que-se-desvela-o-sagrado.html\" \/>\n<meta property=\"og:site_name\" content=\"Not\u00edcias - Franciscanos\" \/>\n<meta property=\"article:published_time\" content=\"2022-05-05T10:37:11+00:00\" \/>\n<meta property=\"article:modified_time\" content=\"2025-12-30T03:13:56+00:00\" \/>\n<meta property=\"og:image\" content=\"https:\/\/franciscanos.org.br\/noticias\/wp-content\/uploads\/2022\/05\/01-800.jpg\" \/>\n\t<meta property=\"og:image:width\" content=\"800\" \/>\n\t<meta property=\"og:image:height\" content=\"549\" \/>\n\t<meta property=\"og:image:type\" content=\"image\/jpeg\" \/>\n<meta name=\"author\" content=\"jovenal\" \/>\n<meta name=\"twitter:card\" content=\"summary_large_image\" \/>\n<meta name=\"twitter:label1\" content=\"Escrito por\" \/>\n\t<meta name=\"twitter:data1\" content=\"jovenal\" \/>\n\t<meta name=\"twitter:label2\" content=\"Est. tempo de leitura\" \/>\n\t<meta name=\"twitter:data2\" content=\"5 minutos\" \/>\n<script type=\"application\/ld+json\" class=\"yoast-schema-graph\">{\"@context\":\"https:\/\/schema.org\",\"@graph\":[{\"@type\":\"WebSite\",\"@id\":\"https:\/\/franciscanos.org.br\/noticias\/#website\",\"url\":\"https:\/\/franciscanos.org.br\/noticias\/\",\"name\":\"Not\u00edcias - Franciscanos\",\"description\":\"Prov\u00edncia Franciscana da Imaculada Concei\u00e7\u00e3o do Brasil - Ordem dos Frades Menores - OFM\",\"potentialAction\":[{\"@type\":\"SearchAction\",\"target\":{\"@type\":\"EntryPoint\",\"urlTemplate\":\"https:\/\/franciscanos.org.br\/noticias\/?s={search_term_string}\"},\"query-input\":\"required name=search_term_string\"}],\"inLanguage\":\"pt-BR\"},{\"@type\":\"ImageObject\",\"inLanguage\":\"pt-BR\",\"@id\":\"https:\/\/franciscanos.org.br\/noticias\/no-servico-e-que-se-desvela-o-sagrado.html#primaryimage\",\"url\":\"https:\/\/franciscanos.org.br\/noticias\/wp-content\/uploads\/2022\/05\/01-800.jpg\",\"contentUrl\":\"https:\/\/franciscanos.org.br\/noticias\/wp-content\/uploads\/2022\/05\/01-800.jpg\",\"width\":800,\"height\":549},{\"@type\":\"WebPage\",\"@id\":\"https:\/\/franciscanos.org.br\/noticias\/no-servico-e-que-se-desvela-o-sagrado.html#webpage\",\"url\":\"https:\/\/franciscanos.org.br\/noticias\/no-servico-e-que-se-desvela-o-sagrado.html\",\"name\":\"\\\"No servi\u00e7o \u00e9 que se desvela o sagrado\\\" - Not\u00edcias - Franciscanos\",\"isPartOf\":{\"@id\":\"https:\/\/franciscanos.org.br\/noticias\/#website\"},\"primaryImageOfPage\":{\"@id\":\"https:\/\/franciscanos.org.br\/noticias\/no-servico-e-que-se-desvela-o-sagrado.html#primaryimage\"},\"datePublished\":\"2022-05-05T10:37:11+00:00\",\"dateModified\":\"2025-12-30T03:13:56+00:00\",\"author\":{\"@id\":\"https:\/\/franciscanos.org.br\/noticias\/#\/schema\/person\/c3a26b08313dd1772495ce300ab257cc\"},\"breadcrumb\":{\"@id\":\"https:\/\/franciscanos.org.br\/noticias\/no-servico-e-que-se-desvela-o-sagrado.html#breadcrumb\"},\"inLanguage\":\"pt-BR\",\"potentialAction\":[{\"@type\":\"ReadAction\",\"target\":[\"https:\/\/franciscanos.org.br\/noticias\/no-servico-e-que-se-desvela-o-sagrado.html\"]}]},{\"@type\":\"BreadcrumbList\",\"@id\":\"https:\/\/franciscanos.org.br\/noticias\/no-servico-e-que-se-desvela-o-sagrado.html#breadcrumb\",\"itemListElement\":[{\"@type\":\"ListItem\",\"position\":1,\"name\":\"Home\",\"item\":\"https:\/\/franciscanos.org.br\/noticias\"},{\"@type\":\"ListItem\",\"position\":2,\"name\":\"&#8220;No servi\u00e7o \u00e9 que se desvela o sagrado&#8221;\"}]},{\"@type\":\"Person\",\"@id\":\"https:\/\/franciscanos.org.br\/noticias\/#\/schema\/person\/c3a26b08313dd1772495ce300ab257cc\",\"name\":\"jovenal\",\"image\":{\"@type\":\"ImageObject\",\"inLanguage\":\"pt-BR\",\"@id\":\"https:\/\/franciscanos.org.br\/noticias\/#\/schema\/person\/image\/\",\"url\":\"https:\/\/secure.gravatar.com\/avatar\/e94509f531086e2eaf97e72f29ea00f9?s=96&d=mm&r=g\",\"contentUrl\":\"https:\/\/secure.gravatar.com\/avatar\/e94509f531086e2eaf97e72f29ea00f9?s=96&d=mm&r=g\",\"caption\":\"jovenal\"},\"url\":\"https:\/\/franciscanos.org.br\/noticias\/author\/jovenal\"}]}<\/script>\n<!-- \/ Yoast SEO plugin. -->","yoast_head_json":{"title":"\"No servi\u00e7o \u00e9 que se desvela o sagrado\" - Not\u00edcias - Franciscanos","robots":{"index":"index","follow":"follow","max-snippet":"max-snippet:-1","max-image-preview":"max-image-preview:large","max-video-preview":"max-video-preview:-1"},"canonical":"https:\/\/franciscanos.org.br\/noticias\/no-servico-e-que-se-desvela-o-sagrado.html","og_locale":"pt_BR","og_type":"article","og_title":"\"No servi\u00e7o \u00e9 que se desvela o sagrado\" - Not\u00edcias - Franciscanos","og_description":"Ordena\u00e7\u00e3o Presbiteral de Frei Josemberg Cardozo","og_url":"https:\/\/franciscanos.org.br\/noticias\/no-servico-e-que-se-desvela-o-sagrado.html","og_site_name":"Not\u00edcias - Franciscanos","article_published_time":"2022-05-05T10:37:11+00:00","article_modified_time":"2025-12-30T03:13:56+00:00","og_image":[{"width":800,"height":549,"url":"https:\/\/franciscanos.org.br\/noticias\/wp-content\/uploads\/2022\/05\/01-800.jpg","type":"image\/jpeg"}],"author":"jovenal","twitter_card":"summary_large_image","twitter_misc":{"Escrito por":"jovenal","Est. tempo de leitura":"5 minutos"},"schema":{"@context":"https:\/\/schema.org","@graph":[{"@type":"WebSite","@id":"https:\/\/franciscanos.org.br\/noticias\/#website","url":"https:\/\/franciscanos.org.br\/noticias\/","name":"Not\u00edcias - Franciscanos","description":"Prov\u00edncia Franciscana da Imaculada Concei\u00e7\u00e3o do Brasil - Ordem dos Frades Menores - OFM","potentialAction":[{"@type":"SearchAction","target":{"@type":"EntryPoint","urlTemplate":"https:\/\/franciscanos.org.br\/noticias\/?s={search_term_string}"},"query-input":"required name=search_term_string"}],"inLanguage":"pt-BR"},{"@type":"ImageObject","inLanguage":"pt-BR","@id":"https:\/\/franciscanos.org.br\/noticias\/no-servico-e-que-se-desvela-o-sagrado.html#primaryimage","url":"https:\/\/franciscanos.org.br\/noticias\/wp-content\/uploads\/2022\/05\/01-800.jpg","contentUrl":"https:\/\/franciscanos.org.br\/noticias\/wp-content\/uploads\/2022\/05\/01-800.jpg","width":800,"height":549},{"@type":"WebPage","@id":"https:\/\/franciscanos.org.br\/noticias\/no-servico-e-que-se-desvela-o-sagrado.html#webpage","url":"https:\/\/franciscanos.org.br\/noticias\/no-servico-e-que-se-desvela-o-sagrado.html","name":"\"No servi\u00e7o \u00e9 que se desvela o sagrado\" - Not\u00edcias - Franciscanos","isPartOf":{"@id":"https:\/\/franciscanos.org.br\/noticias\/#website"},"primaryImageOfPage":{"@id":"https:\/\/franciscanos.org.br\/noticias\/no-servico-e-que-se-desvela-o-sagrado.html#primaryimage"},"datePublished":"2022-05-05T10:37:11+00:00","dateModified":"2025-12-30T03:13:56+00:00","author":{"@id":"https:\/\/franciscanos.org.br\/noticias\/#\/schema\/person\/c3a26b08313dd1772495ce300ab257cc"},"breadcrumb":{"@id":"https:\/\/franciscanos.org.br\/noticias\/no-servico-e-que-se-desvela-o-sagrado.html#breadcrumb"},"inLanguage":"pt-BR","potentialAction":[{"@type":"ReadAction","target":["https:\/\/franciscanos.org.br\/noticias\/no-servico-e-que-se-desvela-o-sagrado.html"]}]},{"@type":"BreadcrumbList","@id":"https:\/\/franciscanos.org.br\/noticias\/no-servico-e-que-se-desvela-o-sagrado.html#breadcrumb","itemListElement":[{"@type":"ListItem","position":1,"name":"Home","item":"https:\/\/franciscanos.org.br\/noticias"},{"@type":"ListItem","position":2,"name":"&#8220;No servi\u00e7o \u00e9 que se desvela o sagrado&#8221;"}]},{"@type":"Person","@id":"https:\/\/franciscanos.org.br\/noticias\/#\/schema\/person\/c3a26b08313dd1772495ce300ab257cc","name":"jovenal","image":{"@type":"ImageObject","inLanguage":"pt-BR","@id":"https:\/\/franciscanos.org.br\/noticias\/#\/schema\/person\/image\/","url":"https:\/\/secure.gravatar.com\/avatar\/e94509f531086e2eaf97e72f29ea00f9?s=96&d=mm&r=g","contentUrl":"https:\/\/secure.gravatar.com\/avatar\/e94509f531086e2eaf97e72f29ea00f9?s=96&d=mm&r=g","caption":"jovenal"},"url":"https:\/\/franciscanos.org.br\/noticias\/author\/jovenal"}]}},"_links":{"self":[{"href":"https:\/\/franciscanos.org.br\/noticias\/wp-json\/wp\/v2\/posts\/237660"}],"collection":[{"href":"https:\/\/franciscanos.org.br\/noticias\/wp-json\/wp\/v2\/posts"}],"about":[{"href":"https:\/\/franciscanos.org.br\/noticias\/wp-json\/wp\/v2\/types\/post"}],"author":[{"embeddable":true,"href":"https:\/\/franciscanos.org.br\/noticias\/wp-json\/wp\/v2\/users\/7"}],"replies":[{"embeddable":true,"href":"https:\/\/franciscanos.org.br\/noticias\/wp-json\/wp\/v2\/comments?post=237660"}],"version-history":[{"count":7,"href":"https:\/\/franciscanos.org.br\/noticias\/wp-json\/wp\/v2\/posts\/237660\/revisions"}],"predecessor-version":[{"id":263392,"href":"https:\/\/franciscanos.org.br\/noticias\/wp-json\/wp\/v2\/posts\/237660\/revisions\/263392"}],"wp:featuredmedia":[{"embeddable":true,"href":"https:\/\/franciscanos.org.br\/noticias\/wp-json\/wp\/v2\/media\/237661"}],"wp:attachment":[{"href":"https:\/\/franciscanos.org.br\/noticias\/wp-json\/wp\/v2\/media?parent=237660"}],"wp:term":[{"taxonomy":"category","embeddable":true,"href":"https:\/\/franciscanos.org.br\/noticias\/wp-json\/wp\/v2\/categories?post=237660"},{"taxonomy":"post_tag","embeddable":true,"href":"https:\/\/franciscanos.org.br\/noticias\/wp-json\/wp\/v2\/tags?post=237660"}],"curies":[{"name":"wp","href":"https:\/\/api.w.org\/{rel}","templated":true}]}}