{"id":237652,"date":"2022-05-04T08:22:42","date_gmt":"2022-05-04T11:22:42","guid":{"rendered":"https:\/\/franciscanos.org.br\/noticias\/?p=237652"},"modified":"2022-05-04T10:31:42","modified_gmt":"2022-05-04T13:31:42","slug":"papa-a-fe-nao-e-coisa-de-velho-merece-respeito-e-honra","status":"publish","type":"post","link":"https:\/\/franciscanos.org.br\/noticias\/papa-a-fe-nao-e-coisa-de-velho-merece-respeito-e-honra.html","title":{"rendered":"Papa: A f\u00e9 n\u00e3o \u00e9 &#8220;coisa de velho&#8221;, merece respeito e honra"},"content":{"rendered":"<div id=\"attachment_237654\" style=\"width: 1290px\" class=\"wp-caption alignnone\"><img aria-describedby=\"caption-attachment-237654\" loading=\"lazy\" class=\"wp-image-237654 size-full\" src=\"https:\/\/franciscanos.org.br\/noticias\/wp-content\/uploads\/2022\/05\/2022-05-04_audienciapapa.png\" alt=\"\" width=\"1280\" height=\"720\" srcset=\"https:\/\/franciscanos.org.br\/noticias\/wp-content\/uploads\/2022\/05\/2022-05-04_audienciapapa.png 1280w, https:\/\/franciscanos.org.br\/noticias\/wp-content\/uploads\/2022\/05\/2022-05-04_audienciapapa-450x253.png 450w, https:\/\/franciscanos.org.br\/noticias\/wp-content\/uploads\/2022\/05\/2022-05-04_audienciapapa-1024x576.png 1024w, https:\/\/franciscanos.org.br\/noticias\/wp-content\/uploads\/2022\/05\/2022-05-04_audienciapapa-768x432.png 768w, https:\/\/franciscanos.org.br\/noticias\/wp-content\/uploads\/2022\/05\/2022-05-04_audienciapapa-150x84.png 150w\" sizes=\"(max-width: 1280px) 100vw, 1280px\" \/><p id=\"caption-attachment-237654\" class=\"wp-caption-text\"><em>\u00a0 \u00a0 \u00a0 \u00a0 \u00a0 \u00a0 \u00a0 \u00a0 \u00a0 \u00a0 \u00a0 \u00a0 \u00a0 \u00a0 \u00a0 \u00a0 \u00a0 \u00a0 \u00a0 \u00a0 \u00a0 \u00a0 \u00a0 \u00a0 \u00a0 \u00a0 \u00a0 \u00a0 \u00a0 \u00a0 \u00a0 \u00a0 \u00a0 \u00a0 \u00a0 \u00a0 \u00a0 \u00a0 \u00a0 \u00a0 \u00a0 \u00a0 \u00a0 \u00a0 \u00a0 \u00a0 \u00a0 \u00a0 \u00a0 Imagem: Vatican Media<\/em><\/p><\/div>\n<p>A f\u00e9 merece respeito e honra: no ciclo de catequeses sobre a velhice, o Papa Francisco prop\u00f4s esta quarta-feira (04\/05) um epis\u00f3dio envolvendo o personagem b\u00edblico Eleazar.<\/p>\n<p>Um decreto do rei Ant\u00edoco Ep\u00edfanes obrigava os judeus a comer carne imolada aos \u00eddolos. Os executores do decreto, pela amizade que nutriam por Eleazar, sugeriam-lhe fingir que a comia, mas sem realmente o fazer; deste modo teria a vida salva. \u201cUma hipocrisia religiosa\u201d, definiu o Papa. Afinal \u2013 insistiam eles \u2013 era um gesto m\u00ednimo, insignificante. N\u00e3o \u00e9 assim! \u2013 retorquiu Eleazar<\/p>\n<p>Um idoso que concordasse em considerar irrelevante a pr\u00e1tica da f\u00e9, levaria os jovens acreditar que a f\u00e9 n\u00e3o tem verdadeira rela\u00e7\u00e3o com a vida, tratando-se apenas de um conjunto de atitudes e costumes que poderiam, em caso de necessidade, ser simulados ou disfar\u00e7ados.<\/p>\n<p>Tal comportamento n\u00e3o honraria a f\u00e9, mesmo diante de Deus, e o efeito desta banaliza\u00e7\u00e3o seria devastador para os jovens. Uma pessoa idosa, que tivesse vivido os seus dias na coer\u00eancia da f\u00e9 e agora aceitasse fingir, levaria a nova gera\u00e7\u00e3o a pensar que tal f\u00e9 n\u00e3o tem uma rela\u00e7\u00e3o com a vida, que era uma fic\u00e7\u00e3o, uma cobertura externa que poderia ser abandonada com a desculpa de manter a f\u00e9 dentro de si mesma.<\/p>\n<p><strong>A f\u00e9 merece respeito e honra<\/strong><br \/>\nA antiga gnose heterodoxa, &#8220;que est\u00e1 na moda em muitos centros de espiritualidade&#8221;, teorizava precisamente isto: que a f\u00e9 \u00e9 uma espiritualidade, n\u00e3o uma pr\u00e1tica; uma for\u00e7a da mente, n\u00e3o uma forma de vida.<\/p>\n<p>\u201cA f\u00e9 \u00e9 outra coisa\u201d, disse o Papa, sobretudo aquela crist\u00e3, que \u00e9 real\u00edstica. &#8220;A f\u00e9 crist\u00e3 n\u00e3o \u00e9 s\u00f3 dizer o Credo&#8221;, acrescentou, \u00e9 pensar, sentir e fazer o Credo. \u00c9 agir com as m\u00e3os. E nunca pode ser reduzida a um conjunto de regras alimentares ou pr\u00e1ticas sociais.<br \/>\n\u201cA f\u00e9 merece respeito e honra at\u00e9 ao fim: mudou a nossa vida, purificou a nossa mente, ensinou-nos a adora\u00e7\u00e3o a Deus e o amor ao pr\u00f3ximo. \u00c9 uma b\u00ean\u00e7\u00e3o para todos! Toda a f\u00e9, n\u00e3o somente uma parte.\u201d<\/p>\n<p><strong>A f\u00e9 n\u00e3o \u00e9 &#8220;coisa de velho&#8221;<\/strong><br \/>\nN\u00e3o podemos troc\u00e1-la por um punhado de dias tranquilos, como testemunhou Eleazar. Com humilde firmeza, concluiu Francisco, demonstraremos, precisamente na velhice, que acreditar n\u00e3o \u00e9 &#8220;coisa de velhos&#8221;. &#8220;N\u00e3o! \u00c9 coisa de vida!&#8221;<\/p>\n<p>O Pont\u00edfice se dirigiu diretamente aos idosos: &#8220;Por favor, olhemos para os jovens. Eles nos olham, n\u00e3o se esque\u00e7am disto. (&#8230;) E a nossa coer\u00eancia pode abrir uma estrada de vida bel\u00edssima a eles. E o contr\u00e1rio, uma eventual hipocrisia, far\u00e1 tanto mal. Rezemos uns pelos outros. Que Deus aben\u00e7oo todos os idosos.&#8221;<\/p>\n<hr \/>\n<p><em>Fonte: Vatican News (texto de Bianca Fraccalvieri)<\/em><\/p>\n","protected":false},"excerpt":{"rendered":"<p>Audi\u00eancia Geral<\/p>\n","protected":false},"author":1,"featured_media":237655,"comment_status":"open","ping_status":"open","sticky":false,"template":"","format":"standard","meta":[],"categories":[1428],"tags":[487],"acf":[],"yoast_head":"<!-- This site is optimized with the Yoast SEO plugin v19.2 - https:\/\/yoast.com\/wordpress\/plugins\/seo\/ -->\n<title>Papa: A f\u00e9 n\u00e3o \u00e9 &quot;coisa de velho&quot;, merece respeito e honra - Not\u00edcias - Franciscanos<\/title>\n<meta name=\"robots\" content=\"index, follow, max-snippet:-1, max-image-preview:large, max-video-preview:-1\" \/>\n<link rel=\"canonical\" href=\"https:\/\/franciscanos.org.br\/noticias\/papa-a-fe-nao-e-coisa-de-velho-merece-respeito-e-honra.html\" \/>\n<meta property=\"og:locale\" content=\"pt_BR\" \/>\n<meta property=\"og:type\" content=\"article\" \/>\n<meta property=\"og:title\" content=\"Papa: A f\u00e9 n\u00e3o \u00e9 &quot;coisa de velho&quot;, merece respeito e honra - Not\u00edcias - Franciscanos\" \/>\n<meta property=\"og:description\" content=\"Audi\u00eancia Geral\" \/>\n<meta property=\"og:url\" content=\"https:\/\/franciscanos.org.br\/noticias\/papa-a-fe-nao-e-coisa-de-velho-merece-respeito-e-honra.html\" \/>\n<meta property=\"og:site_name\" content=\"Not\u00edcias - Franciscanos\" \/>\n<meta property=\"article:published_time\" content=\"2022-05-04T11:22:42+00:00\" \/>\n<meta property=\"article:modified_time\" content=\"2022-05-04T13:31:42+00:00\" \/>\n<meta property=\"og:image\" content=\"https:\/\/franciscanos.org.br\/noticias\/wp-content\/uploads\/2022\/05\/2022-05-04_audienciapapad.png\" \/>\n\t<meta property=\"og:image:width\" content=\"800\" \/>\n\t<meta property=\"og:image:height\" content=\"500\" \/>\n\t<meta property=\"og:image:type\" content=\"image\/png\" \/>\n<meta name=\"author\" content=\"admin\" \/>\n<meta name=\"twitter:card\" content=\"summary_large_image\" \/>\n<meta name=\"twitter:label1\" content=\"Escrito por\" \/>\n\t<meta name=\"twitter:data1\" content=\"admin\" \/>\n\t<meta name=\"twitter:label2\" content=\"Est. tempo de leitura\" \/>\n\t<meta name=\"twitter:data2\" content=\"3 minutos\" \/>\n<script type=\"application\/ld+json\" class=\"yoast-schema-graph\">{\"@context\":\"https:\/\/schema.org\",\"@graph\":[{\"@type\":\"WebSite\",\"@id\":\"https:\/\/franciscanos.org.br\/noticias\/#website\",\"url\":\"https:\/\/franciscanos.org.br\/noticias\/\",\"name\":\"Not\u00edcias - Franciscanos\",\"description\":\"Prov\u00edncia Franciscana da Imaculada Concei\u00e7\u00e3o do Brasil - Ordem dos Frades Menores - OFM\",\"potentialAction\":[{\"@type\":\"SearchAction\",\"target\":{\"@type\":\"EntryPoint\",\"urlTemplate\":\"https:\/\/franciscanos.org.br\/noticias\/?s={search_term_string}\"},\"query-input\":\"required name=search_term_string\"}],\"inLanguage\":\"pt-BR\"},{\"@type\":\"ImageObject\",\"inLanguage\":\"pt-BR\",\"@id\":\"https:\/\/franciscanos.org.br\/noticias\/papa-a-fe-nao-e-coisa-de-velho-merece-respeito-e-honra.html#primaryimage\",\"url\":\"https:\/\/franciscanos.org.br\/noticias\/wp-content\/uploads\/2022\/05\/2022-05-04_audienciapapad.png\",\"contentUrl\":\"https:\/\/franciscanos.org.br\/noticias\/wp-content\/uploads\/2022\/05\/2022-05-04_audienciapapad.png\",\"width\":800,\"height\":500},{\"@type\":\"WebPage\",\"@id\":\"https:\/\/franciscanos.org.br\/noticias\/papa-a-fe-nao-e-coisa-de-velho-merece-respeito-e-honra.html#webpage\",\"url\":\"https:\/\/franciscanos.org.br\/noticias\/papa-a-fe-nao-e-coisa-de-velho-merece-respeito-e-honra.html\",\"name\":\"Papa: A f\u00e9 n\u00e3o \u00e9 \\\"coisa de velho\\\", merece respeito e honra - Not\u00edcias - Franciscanos\",\"isPartOf\":{\"@id\":\"https:\/\/franciscanos.org.br\/noticias\/#website\"},\"primaryImageOfPage\":{\"@id\":\"https:\/\/franciscanos.org.br\/noticias\/papa-a-fe-nao-e-coisa-de-velho-merece-respeito-e-honra.html#primaryimage\"},\"datePublished\":\"2022-05-04T11:22:42+00:00\",\"dateModified\":\"2022-05-04T13:31:42+00:00\",\"author\":{\"@id\":\"https:\/\/franciscanos.org.br\/noticias\/#\/schema\/person\/b38fbf43118f02820bd932f2e4b14ad3\"},\"breadcrumb\":{\"@id\":\"https:\/\/franciscanos.org.br\/noticias\/papa-a-fe-nao-e-coisa-de-velho-merece-respeito-e-honra.html#breadcrumb\"},\"inLanguage\":\"pt-BR\",\"potentialAction\":[{\"@type\":\"ReadAction\",\"target\":[\"https:\/\/franciscanos.org.br\/noticias\/papa-a-fe-nao-e-coisa-de-velho-merece-respeito-e-honra.html\"]}]},{\"@type\":\"BreadcrumbList\",\"@id\":\"https:\/\/franciscanos.org.br\/noticias\/papa-a-fe-nao-e-coisa-de-velho-merece-respeito-e-honra.html#breadcrumb\",\"itemListElement\":[{\"@type\":\"ListItem\",\"position\":1,\"name\":\"Home\",\"item\":\"https:\/\/franciscanos.org.br\/noticias\"},{\"@type\":\"ListItem\",\"position\":2,\"name\":\"Papa: A f\u00e9 n\u00e3o \u00e9 &#8220;coisa de velho&#8221;, merece respeito e honra\"}]},{\"@type\":\"Person\",\"@id\":\"https:\/\/franciscanos.org.br\/noticias\/#\/schema\/person\/b38fbf43118f02820bd932f2e4b14ad3\",\"name\":\"admin\",\"image\":{\"@type\":\"ImageObject\",\"inLanguage\":\"pt-BR\",\"@id\":\"https:\/\/franciscanos.org.br\/noticias\/#\/schema\/person\/image\/\",\"url\":\"https:\/\/secure.gravatar.com\/avatar\/e8495742d34d0ba6448ea1c628263b3e?s=96&d=mm&r=g\",\"contentUrl\":\"https:\/\/secure.gravatar.com\/avatar\/e8495742d34d0ba6448ea1c628263b3e?s=96&d=mm&r=g\",\"caption\":\"admin\"},\"url\":\"https:\/\/franciscanos.org.br\/noticias\/author\/admin\"}]}<\/script>\n<!-- \/ Yoast SEO plugin. -->","yoast_head_json":{"title":"Papa: A f\u00e9 n\u00e3o \u00e9 \"coisa de velho\", merece respeito e honra - Not\u00edcias - Franciscanos","robots":{"index":"index","follow":"follow","max-snippet":"max-snippet:-1","max-image-preview":"max-image-preview:large","max-video-preview":"max-video-preview:-1"},"canonical":"https:\/\/franciscanos.org.br\/noticias\/papa-a-fe-nao-e-coisa-de-velho-merece-respeito-e-honra.html","og_locale":"pt_BR","og_type":"article","og_title":"Papa: A f\u00e9 n\u00e3o \u00e9 \"coisa de velho\", merece respeito e honra - Not\u00edcias - Franciscanos","og_description":"Audi\u00eancia Geral","og_url":"https:\/\/franciscanos.org.br\/noticias\/papa-a-fe-nao-e-coisa-de-velho-merece-respeito-e-honra.html","og_site_name":"Not\u00edcias - Franciscanos","article_published_time":"2022-05-04T11:22:42+00:00","article_modified_time":"2022-05-04T13:31:42+00:00","og_image":[{"width":800,"height":500,"url":"https:\/\/franciscanos.org.br\/noticias\/wp-content\/uploads\/2022\/05\/2022-05-04_audienciapapad.png","type":"image\/png"}],"author":"admin","twitter_card":"summary_large_image","twitter_misc":{"Escrito por":"admin","Est. tempo de leitura":"3 minutos"},"schema":{"@context":"https:\/\/schema.org","@graph":[{"@type":"WebSite","@id":"https:\/\/franciscanos.org.br\/noticias\/#website","url":"https:\/\/franciscanos.org.br\/noticias\/","name":"Not\u00edcias - Franciscanos","description":"Prov\u00edncia Franciscana da Imaculada Concei\u00e7\u00e3o do Brasil - Ordem dos Frades Menores - OFM","potentialAction":[{"@type":"SearchAction","target":{"@type":"EntryPoint","urlTemplate":"https:\/\/franciscanos.org.br\/noticias\/?s={search_term_string}"},"query-input":"required name=search_term_string"}],"inLanguage":"pt-BR"},{"@type":"ImageObject","inLanguage":"pt-BR","@id":"https:\/\/franciscanos.org.br\/noticias\/papa-a-fe-nao-e-coisa-de-velho-merece-respeito-e-honra.html#primaryimage","url":"https:\/\/franciscanos.org.br\/noticias\/wp-content\/uploads\/2022\/05\/2022-05-04_audienciapapad.png","contentUrl":"https:\/\/franciscanos.org.br\/noticias\/wp-content\/uploads\/2022\/05\/2022-05-04_audienciapapad.png","width":800,"height":500},{"@type":"WebPage","@id":"https:\/\/franciscanos.org.br\/noticias\/papa-a-fe-nao-e-coisa-de-velho-merece-respeito-e-honra.html#webpage","url":"https:\/\/franciscanos.org.br\/noticias\/papa-a-fe-nao-e-coisa-de-velho-merece-respeito-e-honra.html","name":"Papa: A f\u00e9 n\u00e3o \u00e9 \"coisa de velho\", merece respeito e honra - Not\u00edcias - Franciscanos","isPartOf":{"@id":"https:\/\/franciscanos.org.br\/noticias\/#website"},"primaryImageOfPage":{"@id":"https:\/\/franciscanos.org.br\/noticias\/papa-a-fe-nao-e-coisa-de-velho-merece-respeito-e-honra.html#primaryimage"},"datePublished":"2022-05-04T11:22:42+00:00","dateModified":"2022-05-04T13:31:42+00:00","author":{"@id":"https:\/\/franciscanos.org.br\/noticias\/#\/schema\/person\/b38fbf43118f02820bd932f2e4b14ad3"},"breadcrumb":{"@id":"https:\/\/franciscanos.org.br\/noticias\/papa-a-fe-nao-e-coisa-de-velho-merece-respeito-e-honra.html#breadcrumb"},"inLanguage":"pt-BR","potentialAction":[{"@type":"ReadAction","target":["https:\/\/franciscanos.org.br\/noticias\/papa-a-fe-nao-e-coisa-de-velho-merece-respeito-e-honra.html"]}]},{"@type":"BreadcrumbList","@id":"https:\/\/franciscanos.org.br\/noticias\/papa-a-fe-nao-e-coisa-de-velho-merece-respeito-e-honra.html#breadcrumb","itemListElement":[{"@type":"ListItem","position":1,"name":"Home","item":"https:\/\/franciscanos.org.br\/noticias"},{"@type":"ListItem","position":2,"name":"Papa: A f\u00e9 n\u00e3o \u00e9 &#8220;coisa de velho&#8221;, merece respeito e honra"}]},{"@type":"Person","@id":"https:\/\/franciscanos.org.br\/noticias\/#\/schema\/person\/b38fbf43118f02820bd932f2e4b14ad3","name":"admin","image":{"@type":"ImageObject","inLanguage":"pt-BR","@id":"https:\/\/franciscanos.org.br\/noticias\/#\/schema\/person\/image\/","url":"https:\/\/secure.gravatar.com\/avatar\/e8495742d34d0ba6448ea1c628263b3e?s=96&d=mm&r=g","contentUrl":"https:\/\/secure.gravatar.com\/avatar\/e8495742d34d0ba6448ea1c628263b3e?s=96&d=mm&r=g","caption":"admin"},"url":"https:\/\/franciscanos.org.br\/noticias\/author\/admin"}]}},"_links":{"self":[{"href":"https:\/\/franciscanos.org.br\/noticias\/wp-json\/wp\/v2\/posts\/237652"}],"collection":[{"href":"https:\/\/franciscanos.org.br\/noticias\/wp-json\/wp\/v2\/posts"}],"about":[{"href":"https:\/\/franciscanos.org.br\/noticias\/wp-json\/wp\/v2\/types\/post"}],"author":[{"embeddable":true,"href":"https:\/\/franciscanos.org.br\/noticias\/wp-json\/wp\/v2\/users\/1"}],"replies":[{"embeddable":true,"href":"https:\/\/franciscanos.org.br\/noticias\/wp-json\/wp\/v2\/comments?post=237652"}],"version-history":[{"count":4,"href":"https:\/\/franciscanos.org.br\/noticias\/wp-json\/wp\/v2\/posts\/237652\/revisions"}],"predecessor-version":[{"id":237659,"href":"https:\/\/franciscanos.org.br\/noticias\/wp-json\/wp\/v2\/posts\/237652\/revisions\/237659"}],"wp:featuredmedia":[{"embeddable":true,"href":"https:\/\/franciscanos.org.br\/noticias\/wp-json\/wp\/v2\/media\/237655"}],"wp:attachment":[{"href":"https:\/\/franciscanos.org.br\/noticias\/wp-json\/wp\/v2\/media?parent=237652"}],"wp:term":[{"taxonomy":"category","embeddable":true,"href":"https:\/\/franciscanos.org.br\/noticias\/wp-json\/wp\/v2\/categories?post=237652"},{"taxonomy":"post_tag","embeddable":true,"href":"https:\/\/franciscanos.org.br\/noticias\/wp-json\/wp\/v2\/tags?post=237652"}],"curies":[{"name":"wp","href":"https:\/\/api.w.org\/{rel}","templated":true}]}}