{"id":237615,"date":"2022-05-02T19:33:18","date_gmt":"2022-05-02T22:33:18","guid":{"rendered":"https:\/\/franciscanos.org.br\/noticias\/?p=237615"},"modified":"2022-05-05T10:32:45","modified_gmt":"2022-05-05T13:32:45","slug":"canarinhos-levam-mais-solenidade-a-ordenacao-presbiteral-de-frei-jorge-lisot","status":"publish","type":"post","link":"https:\/\/franciscanos.org.br\/noticias\/canarinhos-levam-mais-solenidade-a-ordenacao-presbiteral-de-frei-jorge-lisot.html","title":{"rendered":"Canarinhos levam mais solenidade \u00e0 Ordena\u00e7\u00e3o Presbiteral de Frei Jorge Lisot"},"content":{"rendered":"<p><img loading=\"lazy\" class=\"alignnone size-full wp-image-237684\" src=\"https:\/\/franciscanos.org.br\/noticias\/wp-content\/uploads\/2022\/05\/canarinhos-1280.jpg\" alt=\"\" width=\"1280\" height=\"853\" srcset=\"https:\/\/franciscanos.org.br\/noticias\/wp-content\/uploads\/2022\/05\/canarinhos-1280.jpg 1280w, https:\/\/franciscanos.org.br\/noticias\/wp-content\/uploads\/2022\/05\/canarinhos-1280-450x300.jpg 450w, https:\/\/franciscanos.org.br\/noticias\/wp-content\/uploads\/2022\/05\/canarinhos-1280-1024x682.jpg 1024w, https:\/\/franciscanos.org.br\/noticias\/wp-content\/uploads\/2022\/05\/canarinhos-1280-768x512.jpg 768w, https:\/\/franciscanos.org.br\/noticias\/wp-content\/uploads\/2022\/05\/canarinhos-1280-150x100.jpg 150w\" sizes=\"(max-width: 1280px) 100vw, 1280px\" \/><\/p>\n<p><strong>Itapor\u00e3 (MS)<\/strong> \u2013 As vozes dos meninos e meninas que encantam o Brasil e que comp\u00f5em os Corais do Instituto dos Meninos Cantores de Petr\u00f3polis, completaram o cen\u00e1rio da Ordena\u00e7\u00e3o Presbiteral e Primeira Missa de Frei Jorge Henrique Lisot Camargo, frade menor franciscano da Cust\u00f3dia das Sete Alegrias de Nossa Senhora, no \u00faltimo domingo, dia 1\u00b0 de maio. No mesmo dia, os coralistas participaram das duas celebra\u00e7\u00f5es e cantaram a liturgia da Santa Missa, sob a reg\u00eancia do experiente maestro e diretor-art\u00edstico, Marco Aur\u00e9lio Lischt.<\/p>\n<p>Durante os agradecimentos da Celebra\u00e7\u00e3o Eucar\u00edstica das 10h, na Catedral de Dourados (MS), presidida pelo Dom Mariano Danecki, OFMConv, bispo auxiliar de Campo Grande, Frei Jorge n\u00e3o escondeu a alegria e a satisfa\u00e7\u00e3o de trazer os corais pela primeira vez ao Estado sul-mato-grossense. Ap\u00f3s manifestar sua gratid\u00e3o \u00e0s autoridades presentes, agradeceu a todos aqueles que se empenharam na realiza\u00e7\u00e3o da liturgia para que, atrav\u00e9s dos ritos, brilhe sempre a beleza e a verdade de Nosso Senhor.<\/p>\n<p><img loading=\"lazy\" class=\"alignnone wp-image-237617 size-full\" src=\"https:\/\/franciscanos.org.br\/noticias\/wp-content\/uploads\/2022\/05\/canarinhos_0205_4.jpg\" alt=\"\" width=\"1280\" height=\"700\" srcset=\"https:\/\/franciscanos.org.br\/noticias\/wp-content\/uploads\/2022\/05\/canarinhos_0205_4.jpg 1280w, https:\/\/franciscanos.org.br\/noticias\/wp-content\/uploads\/2022\/05\/canarinhos_0205_4-450x246.jpg 450w, https:\/\/franciscanos.org.br\/noticias\/wp-content\/uploads\/2022\/05\/canarinhos_0205_4-1024x560.jpg 1024w, https:\/\/franciscanos.org.br\/noticias\/wp-content\/uploads\/2022\/05\/canarinhos_0205_4-768x420.jpg 768w, https:\/\/franciscanos.org.br\/noticias\/wp-content\/uploads\/2022\/05\/canarinhos_0205_4-150x82.jpg 150w\" sizes=\"(max-width: 1280px) 100vw, 1280px\" \/><\/p>\n<p>Dirigindo-se aos coralistas, emocionado, disse: \u201cE, quando falo em beleza, n\u00e3o poderia deixar de fazer notar o fato de que os ip\u00eas de nosso Cerrado ficaram mais belos nestes \u00faltimos dias, quando em seus galhos pousaram alegres Canarinhos vindos de Petr\u00f3polis. Obrigado, Frei Marcos Andrade, Marco Aur\u00e9lio Lischt, obrigado Rose de Mello, Marcelo Vizani e Frei Augusto, por meio dos quais agrade\u00e7o ao Instituto dos Meninos Cantores de Petr\u00f3polis e cada um dos coralistas. A vossa presen\u00e7a confirma o amor de Deus na minha hist\u00f3ria, que sempre, onde quer que eu tenha ido, me presenteou com amizades sinceras, com as quais pude partilhar as dores e alegrias da vida. Voc\u00eas embelezaram esta Eucaristia com suas vozes, ou melhor, suas vozes s\u00e3o testemunho da beleza daquilo que celebramos hoje\u201d.<\/p>\n<p><img loading=\"lazy\" class=\"alignnone wp-image-237618 size-full\" src=\"https:\/\/franciscanos.org.br\/noticias\/wp-content\/uploads\/2022\/05\/canarinhos_0205_9.jpg\" alt=\"\" width=\"1280\" height=\"797\" srcset=\"https:\/\/franciscanos.org.br\/noticias\/wp-content\/uploads\/2022\/05\/canarinhos_0205_9.jpg 1280w, https:\/\/franciscanos.org.br\/noticias\/wp-content\/uploads\/2022\/05\/canarinhos_0205_9-450x280.jpg 450w, https:\/\/franciscanos.org.br\/noticias\/wp-content\/uploads\/2022\/05\/canarinhos_0205_9-1024x638.jpg 1024w, https:\/\/franciscanos.org.br\/noticias\/wp-content\/uploads\/2022\/05\/canarinhos_0205_9-768x478.jpg 768w, https:\/\/franciscanos.org.br\/noticias\/wp-content\/uploads\/2022\/05\/canarinhos_0205_9-150x93.jpg 150w\" sizes=\"(max-width: 1280px) 100vw, 1280px\" \/><\/p>\n<p>Logo ap\u00f3s a Liturgia da Palavra, deu-se in\u00edcio ao Rito de Ordena\u00e7\u00e3o Presbiteral com a elei\u00e7\u00e3o do candidato. O Vig\u00e1rio Custodial Frei Rog\u00e9rio Viterbo deu seu testemunho afirmando que Frei Jorge era digno de assumir o minist\u00e9rio presbiteral. \u201cTendo ouvido o parecer favor\u00e1vel de seus formadores, tendo escutado muitas pessoas do povo de Deus, conhecendo Frei Jorge e tamb\u00e9m sua caminhada formativa, dou testemunho de que ele foi e \u00e9 considerado digno\u201d, revelou. Na sequ\u00eancia, Dom Mariano fez sua homilia.<\/p>\n<p>Iniciou saudando toda Fam\u00edlia Franciscana de Mato Grosso e Mato Grosso do Sul, bem como \u00e0s lideran\u00e7as e autoridades. Cumprimentou tamb\u00e9m os Corais dos Canarinhos e em especial a Frei Jorge. \u201cMeus amados irm\u00e3os, como comunidade da Igreja, nos reunimos neste 3\u00b0 Domingo do Tempo Pascal, para celebrar o mist\u00e9rio da morte e ressurrei\u00e7\u00e3o de Cristo\u201d, disse.<\/p>\n<p>&nbsp;<\/p>\n<p>Dom Mariano, que tamb\u00e9m \u00e9 franciscano, ressaltou que esta \u00e9 a terceira vez que Jesus Ressuscitado aparece a seus disc\u00edpulos, dessa vez na beira do mar de Tiber\u00edades. \u201cJesus aparece na margem e \u00e9 interessante que Jesus ressuscitado n\u00e3o \u00e9 reconhecido de primeiro momento. Quando Jesus manda lan\u00e7ar a rede, acontece a pesca milagrosa e Jo\u00e3o reconhece o Cristo\u201d, observou, acrescentando: \u201cReconhecer a presen\u00e7a de Jesus ressuscitado no meio de n\u00f3s \u00e9 muito importante para toda Igreja\u201d.<\/p>\n<p>\u201cA ordena\u00e7\u00e3o de Frei Jorge se p\u00f5e exatamente dentro deste contexto, em que Jesus Ressuscitado como enviado do Pai, chama pelo nome um por um daqueles que Ele escolheu para serem seus disc\u00edpulos e mission\u00e1rios, \u00e0queles que v\u00e3o levar a sua mensagem adiante\u201d, ressaltou, e lembrou que Frei Jorge vai exercer a fun\u00e7\u00e3o de ensinar e santificar o povo de Deus.<\/p>\n\n\t\t<style type=\"text\/css\">\n\t\t\t#gallery-1 {\n\t\t\t\tmargin: auto;\n\t\t\t}\n\t\t\t#gallery-1 .gallery-item {\n\t\t\t\tfloat: left;\n\t\t\t\tmargin-top: 10px;\n\t\t\t\ttext-align: center;\n\t\t\t\twidth: 25%;\n\t\t\t}\n\t\t\t#gallery-1 img {\n\t\t\t\tborder: 2px solid #cfcfcf;\n\t\t\t}\n\t\t\t#gallery-1 .gallery-caption {\n\t\t\t\tmargin-left: 0;\n\t\t\t}\n\t\t\t\/* see gallery_shortcode() in wp-includes\/media.php *\/\n\t\t<\/style>\n\t\t<div id='gallery-1' class='gallery galleryid-237615 gallery-columns-4 gallery-size-thumbnail'><dl class='gallery-item'>\n\t\t\t<dt class='gallery-icon landscape'>\n\t\t\t\t<a href='https:\/\/franciscanos.org.br\/noticias\/wp-content\/uploads\/2022\/05\/canarinhos_0205_2.jpg'><img width=\"300\" height=\"300\" src=\"https:\/\/franciscanos.org.br\/noticias\/wp-content\/uploads\/2022\/05\/canarinhos_0205_2-300x300.jpg\" class=\"attachment-thumbnail size-thumbnail\" alt=\"\" loading=\"lazy\" srcset=\"https:\/\/franciscanos.org.br\/noticias\/wp-content\/uploads\/2022\/05\/canarinhos_0205_2-300x300.jpg 300w, https:\/\/franciscanos.org.br\/noticias\/wp-content\/uploads\/2022\/05\/canarinhos_0205_2-100x100.jpg 100w\" sizes=\"(max-width: 300px) 100vw, 300px\" \/><\/a>\n\t\t\t<\/dt><\/dl><dl class='gallery-item'>\n\t\t\t<dt class='gallery-icon landscape'>\n\t\t\t\t<a href='https:\/\/franciscanos.org.br\/noticias\/wp-content\/uploads\/2022\/05\/canarinhos_0205_6.jpg'><img width=\"300\" height=\"300\" src=\"https:\/\/franciscanos.org.br\/noticias\/wp-content\/uploads\/2022\/05\/canarinhos_0205_6-300x300.jpg\" class=\"attachment-thumbnail size-thumbnail\" alt=\"\" loading=\"lazy\" srcset=\"https:\/\/franciscanos.org.br\/noticias\/wp-content\/uploads\/2022\/05\/canarinhos_0205_6-300x300.jpg 300w, https:\/\/franciscanos.org.br\/noticias\/wp-content\/uploads\/2022\/05\/canarinhos_0205_6-100x100.jpg 100w\" sizes=\"(max-width: 300px) 100vw, 300px\" \/><\/a>\n\t\t\t<\/dt><\/dl><dl class='gallery-item'>\n\t\t\t<dt class='gallery-icon landscape'>\n\t\t\t\t<a href='https:\/\/franciscanos.org.br\/noticias\/wp-content\/uploads\/2022\/05\/canarinhos_0205_7.jpg'><img width=\"300\" height=\"300\" src=\"https:\/\/franciscanos.org.br\/noticias\/wp-content\/uploads\/2022\/05\/canarinhos_0205_7-300x300.jpg\" class=\"attachment-thumbnail size-thumbnail\" alt=\"\" loading=\"lazy\" srcset=\"https:\/\/franciscanos.org.br\/noticias\/wp-content\/uploads\/2022\/05\/canarinhos_0205_7-300x300.jpg 300w, https:\/\/franciscanos.org.br\/noticias\/wp-content\/uploads\/2022\/05\/canarinhos_0205_7-100x100.jpg 100w\" sizes=\"(max-width: 300px) 100vw, 300px\" \/><\/a>\n\t\t\t<\/dt><\/dl><dl class='gallery-item'>\n\t\t\t<dt class='gallery-icon landscape'>\n\t\t\t\t<a href='https:\/\/franciscanos.org.br\/noticias\/wp-content\/uploads\/2022\/05\/canarinhos_0205_8.jpg'><img width=\"300\" height=\"300\" src=\"https:\/\/franciscanos.org.br\/noticias\/wp-content\/uploads\/2022\/05\/canarinhos_0205_8-300x300.jpg\" class=\"attachment-thumbnail size-thumbnail\" alt=\"\" loading=\"lazy\" srcset=\"https:\/\/franciscanos.org.br\/noticias\/wp-content\/uploads\/2022\/05\/canarinhos_0205_8-300x300.jpg 300w, https:\/\/franciscanos.org.br\/noticias\/wp-content\/uploads\/2022\/05\/canarinhos_0205_8-100x100.jpg 100w\" sizes=\"(max-width: 300px) 100vw, 300px\" \/><\/a>\n\t\t\t<\/dt><\/dl><br style=\"clear: both\" \/>\n\t\t<\/div>\n\n<p><em>\u00a0 \u00a0 \u00a0 \u00a0 (toque nas imagens para ampli\u00e1-las)<\/em><\/p>\n<p>Citando o Coral dos Canarinhos, Dom Mariano lembrou que j\u00e1 s\u00e3o quase 80 anos de hist\u00f3ria do coro de meninos mais antigo do pa\u00eds e fez um paralelo com os 85 anos de presen\u00e7a franciscana no Mato Grosso do Sul. \u201cVejo nisso tamb\u00e9m uma liga\u00e7\u00e3o com o passado\u201d, disse. Segundo ele, os frades levando a mensagem do Evangelho, imprimiram por onde passaram um jeito particular junto ao povo de Deus. \u201cA vontade do seu fundador, S\u00e3o Francisco, era de mostrar o Cristo presente no meio do povo. O Cristo do pres\u00e9pio, da cruz, o Cristo do sacr\u00edfico do altar. Assim, n\u00f3s celebramos de certa forma os frutos da voca\u00e7\u00e3o de Frei Jorge\u201d, frisou. \u201cQueremos, portanto, com a nossa ora\u00e7\u00e3o acompanh\u00e1-lo neste momento. O dom que ele recebe vai frutificar na sua miss\u00e3o e no seu minist\u00e9rio de frade e de padre\u201d, encerrou.<\/p>\n\n\t\t<style type=\"text\/css\">\n\t\t\t#gallery-2 {\n\t\t\t\tmargin: auto;\n\t\t\t}\n\t\t\t#gallery-2 .gallery-item {\n\t\t\t\tfloat: left;\n\t\t\t\tmargin-top: 10px;\n\t\t\t\ttext-align: center;\n\t\t\t\twidth: 33%;\n\t\t\t}\n\t\t\t#gallery-2 img {\n\t\t\t\tborder: 2px solid #cfcfcf;\n\t\t\t}\n\t\t\t#gallery-2 .gallery-caption {\n\t\t\t\tmargin-left: 0;\n\t\t\t}\n\t\t\t\/* see gallery_shortcode() in wp-includes\/media.php *\/\n\t\t<\/style>\n\t\t<div id='gallery-2' class='gallery galleryid-237615 gallery-columns-3 gallery-size-thumbnail'><dl class='gallery-item'>\n\t\t\t<dt class='gallery-icon landscape'>\n\t\t\t\t<a href='https:\/\/franciscanos.org.br\/noticias\/wp-content\/uploads\/2022\/05\/canarinhos_0205_1.jpg'><img width=\"300\" height=\"300\" src=\"https:\/\/franciscanos.org.br\/noticias\/wp-content\/uploads\/2022\/05\/canarinhos_0205_1-300x300.jpg\" class=\"attachment-thumbnail size-thumbnail\" alt=\"\" loading=\"lazy\" srcset=\"https:\/\/franciscanos.org.br\/noticias\/wp-content\/uploads\/2022\/05\/canarinhos_0205_1-300x300.jpg 300w, https:\/\/franciscanos.org.br\/noticias\/wp-content\/uploads\/2022\/05\/canarinhos_0205_1-100x100.jpg 100w\" sizes=\"(max-width: 300px) 100vw, 300px\" \/><\/a>\n\t\t\t<\/dt><\/dl><dl class='gallery-item'>\n\t\t\t<dt class='gallery-icon landscape'>\n\t\t\t\t<a href='https:\/\/franciscanos.org.br\/noticias\/wp-content\/uploads\/2022\/05\/canarinhos_0205_11.jpg'><img width=\"300\" height=\"300\" src=\"https:\/\/franciscanos.org.br\/noticias\/wp-content\/uploads\/2022\/05\/canarinhos_0205_11-300x300.jpg\" class=\"attachment-thumbnail size-thumbnail\" alt=\"\" loading=\"lazy\" srcset=\"https:\/\/franciscanos.org.br\/noticias\/wp-content\/uploads\/2022\/05\/canarinhos_0205_11-300x300.jpg 300w, https:\/\/franciscanos.org.br\/noticias\/wp-content\/uploads\/2022\/05\/canarinhos_0205_11-100x100.jpg 100w\" sizes=\"(max-width: 300px) 100vw, 300px\" \/><\/a>\n\t\t\t<\/dt><\/dl><dl class='gallery-item'>\n\t\t\t<dt class='gallery-icon landscape'>\n\t\t\t\t<a href='https:\/\/franciscanos.org.br\/noticias\/wp-content\/uploads\/2022\/05\/canarinhos_0205_11a.jpg'><img width=\"300\" height=\"300\" src=\"https:\/\/franciscanos.org.br\/noticias\/wp-content\/uploads\/2022\/05\/canarinhos_0205_11a-300x300.jpg\" class=\"attachment-thumbnail size-thumbnail\" alt=\"\" loading=\"lazy\" srcset=\"https:\/\/franciscanos.org.br\/noticias\/wp-content\/uploads\/2022\/05\/canarinhos_0205_11a-300x300.jpg 300w, https:\/\/franciscanos.org.br\/noticias\/wp-content\/uploads\/2022\/05\/canarinhos_0205_11a-100x100.jpg 100w\" sizes=\"(max-width: 300px) 100vw, 300px\" \/><\/a>\n\t\t\t<\/dt><\/dl><br style=\"clear: both\" \/>\n\t\t<\/div>\n\n<p><em>\u00a0 \u00a0 (toque nas imagens para ampli\u00e1-las)\u00a0<\/em><\/p>\n<p>Seguidamente, o eleito, em p\u00e9, respondeu algumas perguntas feitas pelo bispo. Depois, frei Jorge prostrou-se ao ch\u00e3o enquanto o regente do Coral das Meninas dos Canarinhos, Marcelo Vizani, e toda a assembleia reunida entoou a Ladainha de Todos os Santos. Momento especial, \u00fanico e emocionante que teve continuidade com o rito da imposi\u00e7\u00e3o das m\u00e3os e Prece de Ordena\u00e7\u00e3o, seguida da un\u00e7\u00e3o das m\u00e3os e entrega do p\u00e3o e do vinho.<\/p>\n<p>A celebra\u00e7\u00e3o, que foi transmitida pelo YouTube da Cust\u00f3dia e Facebook dos Canarinhos, teve continuidade com a Liturgia Eucar\u00edstica. No final da missa, os corais roubaram a cena ao entoarem a m\u00fasica \u201cJesus Christ, You Are My Life\u201d, de Marco Frisina.<\/p>\n<hr \/>\n<h3><img loading=\"lazy\" class=\"alignnone size-full wp-image-237620\" src=\"https:\/\/franciscanos.org.br\/noticias\/wp-content\/uploads\/2022\/05\/canarinhos_0205_10.jpg\" alt=\"\" width=\"1280\" height=\"853\" srcset=\"https:\/\/franciscanos.org.br\/noticias\/wp-content\/uploads\/2022\/05\/canarinhos_0205_10.jpg 1280w, https:\/\/franciscanos.org.br\/noticias\/wp-content\/uploads\/2022\/05\/canarinhos_0205_10-450x300.jpg 450w, https:\/\/franciscanos.org.br\/noticias\/wp-content\/uploads\/2022\/05\/canarinhos_0205_10-1024x682.jpg 1024w, https:\/\/franciscanos.org.br\/noticias\/wp-content\/uploads\/2022\/05\/canarinhos_0205_10-768x512.jpg 768w, https:\/\/franciscanos.org.br\/noticias\/wp-content\/uploads\/2022\/05\/canarinhos_0205_10-150x100.jpg 150w\" sizes=\"(max-width: 1280px) 100vw, 1280px\" \/><\/h3>\n<h3>PRIM\u00cdCIAS SACERDOTAIS DE FREI JORGE HENRIQUE<\/h3>\n<p>J\u00e1 \u00e0s 19 horas, no distrito Santa Terezinha de Itapor\u00e3, cidade vizinha de Dourados, Frei Jorge Henrique presidiu sua primeira Celebra\u00e7\u00e3o Eucar\u00edstica. A pequena igreja da comunidade ficou pequena para acolher todos os presentes, por isso, um tel\u00e3o foi instalado ao lado de fora, onde reuniu centenas de pessoas. Dom Mariano novamente se fez presente e testemunhou de perto as prim\u00edcias sacerdotais do neo-presb\u00edtero. Seus confrades da Cust\u00f3dia concelebraram a Santa Missa.<\/p>\n<p>\u00c9 costume que, na Primeira Missa, o neo-presb\u00edtero convide outro irm\u00e3o para fazer a prega\u00e7\u00e3o. Frei Rog\u00e9rio Viterbo, animador vocacional de Frei Jorge, foi o escolhido e dirigiu a ele e a toda comunidade sua reflex\u00e3o.<\/p>\n<p><img loading=\"lazy\" class=\"alignnone size-full wp-image-237621\" src=\"https:\/\/franciscanos.org.br\/noticias\/wp-content\/uploads\/2022\/05\/canarinhos_12.jpg\" alt=\"\" width=\"1280\" height=\"1199\" srcset=\"https:\/\/franciscanos.org.br\/noticias\/wp-content\/uploads\/2022\/05\/canarinhos_12.jpg 1153w, https:\/\/franciscanos.org.br\/noticias\/wp-content\/uploads\/2022\/05\/canarinhos_12-450x422.jpg 450w, https:\/\/franciscanos.org.br\/noticias\/wp-content\/uploads\/2022\/05\/canarinhos_12-1024x959.jpg 1024w, https:\/\/franciscanos.org.br\/noticias\/wp-content\/uploads\/2022\/05\/canarinhos_12-768x719.jpg 768w, https:\/\/franciscanos.org.br\/noticias\/wp-content\/uploads\/2022\/05\/canarinhos_12-150x141.jpg 150w\" sizes=\"(max-width: 1280px) 100vw, 1280px\" \/><\/p>\n<p>Segundo Frei Rog\u00e9rio, o Evangelho proferido toca profundamente o cora\u00e7\u00e3o por meio da pergunta que Jesus faz a Pedro: \u2018Tu me amas\u2019. Para ele, essa pergunta \u00e9 feita a cada um de n\u00f3s. \u201cE n\u00f3s n\u00e3o podemos responder o Cristo apenas da boca para fora. Se n\u00e3o amamos o nosso semelhante, n\u00e3o podemos amar a Cristo\u201d, ressaltou.<\/p>\n<p>Dirigindo-se a Frei Jorge, disse que a pergunta que Jesus faz a Pedro \u00e9 a mesma que todo frade franciscano precisa ter e fazer em seu cora\u00e7\u00e3o. \u201cEu creio que as respostas n\u00f3s vamos tendo no decorrer de nossa caminhada\u201d. Em seguida, apresentou ao neo-presb\u00edtero aspectos de um verdadeiro sacerdote franciscano.<\/p>\n<p><img loading=\"lazy\" class=\"alignnone size-full wp-image-237622\" src=\"https:\/\/franciscanos.org.br\/noticias\/wp-content\/uploads\/2022\/05\/canarinhos_0205_12.jpg\" alt=\"\" width=\"1280\" height=\"853\" srcset=\"https:\/\/franciscanos.org.br\/noticias\/wp-content\/uploads\/2022\/05\/canarinhos_0205_12.jpg 1280w, https:\/\/franciscanos.org.br\/noticias\/wp-content\/uploads\/2022\/05\/canarinhos_0205_12-450x300.jpg 450w, https:\/\/franciscanos.org.br\/noticias\/wp-content\/uploads\/2022\/05\/canarinhos_0205_12-1024x682.jpg 1024w, https:\/\/franciscanos.org.br\/noticias\/wp-content\/uploads\/2022\/05\/canarinhos_0205_12-768x512.jpg 768w, https:\/\/franciscanos.org.br\/noticias\/wp-content\/uploads\/2022\/05\/canarinhos_0205_12-150x100.jpg 150w\" sizes=\"(max-width: 1280px) 100vw, 1280px\" \/><\/p>\n<p>Durante toda a celebra\u00e7\u00e3o, Frei Jorge que acompanhou os coralistas por dois anos enquanto frade estudante do Tempo da Teologia em Petr\u00f3polis, demonstrou seguran\u00e7a e simpatia com os ritos.<\/p>\n<p>A viagem dos Canarinhos termina nesta segunda-feira (2\/05) quando, de Rio Brilhante, os coralistas retornar\u00e3o para Petr\u00f3polis (RJ).<\/p>\n<hr \/>\n<p><em>Frei Augusto Luiz Gabriel<\/em><\/p>\n","protected":false},"excerpt":{"rendered":"<p>Ordena\u00e7\u00e3o Presbiteral e Primeira Missa<\/p>\n","protected":false},"author":3,"featured_media":237685,"comment_status":"open","ping_status":"open","sticky":false,"template":"","format":"standard","meta":[],"categories":[1],"tags":[1378,157],"acf":[],"yoast_head":"<!-- This site is optimized with the Yoast SEO plugin v19.2 - https:\/\/yoast.com\/wordpress\/plugins\/seo\/ -->\n<title>Canarinhos levam mais solenidade \u00e0 Ordena\u00e7\u00e3o Presbiteral de Frei Jorge Lisot - Not\u00edcias - Franciscanos<\/title>\n<meta name=\"robots\" content=\"index, follow, max-snippet:-1, max-image-preview:large, max-video-preview:-1\" \/>\n<link rel=\"canonical\" href=\"https:\/\/franciscanos.org.br\/noticias\/canarinhos-levam-mais-solenidade-a-ordenacao-presbiteral-de-frei-jorge-lisot.html\" \/>\n<meta property=\"og:locale\" content=\"pt_BR\" \/>\n<meta property=\"og:type\" content=\"article\" \/>\n<meta property=\"og:title\" content=\"Canarinhos levam mais solenidade \u00e0 Ordena\u00e7\u00e3o Presbiteral de Frei Jorge Lisot - Not\u00edcias - Franciscanos\" \/>\n<meta property=\"og:description\" content=\"Ordena\u00e7\u00e3o Presbiteral e Primeira Missa\" \/>\n<meta property=\"og:url\" content=\"https:\/\/franciscanos.org.br\/noticias\/canarinhos-levam-mais-solenidade-a-ordenacao-presbiteral-de-frei-jorge-lisot.html\" \/>\n<meta property=\"og:site_name\" content=\"Not\u00edcias - Franciscanos\" \/>\n<meta property=\"article:published_time\" content=\"2022-05-02T22:33:18+00:00\" \/>\n<meta property=\"article:modified_time\" content=\"2022-05-05T13:32:45+00:00\" \/>\n<meta property=\"og:image\" content=\"https:\/\/franciscanos.org.br\/noticias\/wp-content\/uploads\/2022\/05\/canarinhos-800.jpg\" \/>\n\t<meta property=\"og:image:width\" content=\"800\" \/>\n\t<meta property=\"og:image:height\" content=\"550\" \/>\n\t<meta property=\"og:image:type\" content=\"image\/jpeg\" \/>\n<meta name=\"author\" content=\"moacir\" \/>\n<meta name=\"twitter:card\" content=\"summary_large_image\" \/>\n<meta name=\"twitter:label1\" content=\"Escrito por\" \/>\n\t<meta name=\"twitter:data1\" content=\"moacir\" \/>\n\t<meta name=\"twitter:label2\" content=\"Est. tempo de leitura\" \/>\n\t<meta name=\"twitter:data2\" content=\"7 minutos\" \/>\n<script type=\"application\/ld+json\" class=\"yoast-schema-graph\">{\"@context\":\"https:\/\/schema.org\",\"@graph\":[{\"@type\":\"WebSite\",\"@id\":\"https:\/\/franciscanos.org.br\/noticias\/#website\",\"url\":\"https:\/\/franciscanos.org.br\/noticias\/\",\"name\":\"Not\u00edcias - Franciscanos\",\"description\":\"Prov\u00edncia Franciscana da Imaculada Concei\u00e7\u00e3o do Brasil - Ordem dos Frades Menores - OFM\",\"potentialAction\":[{\"@type\":\"SearchAction\",\"target\":{\"@type\":\"EntryPoint\",\"urlTemplate\":\"https:\/\/franciscanos.org.br\/noticias\/?s={search_term_string}\"},\"query-input\":\"required name=search_term_string\"}],\"inLanguage\":\"pt-BR\"},{\"@type\":\"ImageObject\",\"inLanguage\":\"pt-BR\",\"@id\":\"https:\/\/franciscanos.org.br\/noticias\/canarinhos-levam-mais-solenidade-a-ordenacao-presbiteral-de-frei-jorge-lisot.html#primaryimage\",\"url\":\"https:\/\/franciscanos.org.br\/noticias\/wp-content\/uploads\/2022\/05\/canarinhos-800.jpg\",\"contentUrl\":\"https:\/\/franciscanos.org.br\/noticias\/wp-content\/uploads\/2022\/05\/canarinhos-800.jpg\",\"width\":800,\"height\":550},{\"@type\":\"WebPage\",\"@id\":\"https:\/\/franciscanos.org.br\/noticias\/canarinhos-levam-mais-solenidade-a-ordenacao-presbiteral-de-frei-jorge-lisot.html#webpage\",\"url\":\"https:\/\/franciscanos.org.br\/noticias\/canarinhos-levam-mais-solenidade-a-ordenacao-presbiteral-de-frei-jorge-lisot.html\",\"name\":\"Canarinhos levam mais solenidade \u00e0 Ordena\u00e7\u00e3o Presbiteral de Frei Jorge Lisot - Not\u00edcias - Franciscanos\",\"isPartOf\":{\"@id\":\"https:\/\/franciscanos.org.br\/noticias\/#website\"},\"primaryImageOfPage\":{\"@id\":\"https:\/\/franciscanos.org.br\/noticias\/canarinhos-levam-mais-solenidade-a-ordenacao-presbiteral-de-frei-jorge-lisot.html#primaryimage\"},\"datePublished\":\"2022-05-02T22:33:18+00:00\",\"dateModified\":\"2022-05-05T13:32:45+00:00\",\"author\":{\"@id\":\"https:\/\/franciscanos.org.br\/noticias\/#\/schema\/person\/b5c8cba458c330ccff548b056e95a5d4\"},\"breadcrumb\":{\"@id\":\"https:\/\/franciscanos.org.br\/noticias\/canarinhos-levam-mais-solenidade-a-ordenacao-presbiteral-de-frei-jorge-lisot.html#breadcrumb\"},\"inLanguage\":\"pt-BR\",\"potentialAction\":[{\"@type\":\"ReadAction\",\"target\":[\"https:\/\/franciscanos.org.br\/noticias\/canarinhos-levam-mais-solenidade-a-ordenacao-presbiteral-de-frei-jorge-lisot.html\"]}]},{\"@type\":\"BreadcrumbList\",\"@id\":\"https:\/\/franciscanos.org.br\/noticias\/canarinhos-levam-mais-solenidade-a-ordenacao-presbiteral-de-frei-jorge-lisot.html#breadcrumb\",\"itemListElement\":[{\"@type\":\"ListItem\",\"position\":1,\"name\":\"Home\",\"item\":\"https:\/\/franciscanos.org.br\/noticias\"},{\"@type\":\"ListItem\",\"position\":2,\"name\":\"Canarinhos levam mais solenidade \u00e0 Ordena\u00e7\u00e3o Presbiteral de Frei Jorge Lisot\"}]},{\"@type\":\"Person\",\"@id\":\"https:\/\/franciscanos.org.br\/noticias\/#\/schema\/person\/b5c8cba458c330ccff548b056e95a5d4\",\"name\":\"moacir\",\"image\":{\"@type\":\"ImageObject\",\"inLanguage\":\"pt-BR\",\"@id\":\"https:\/\/franciscanos.org.br\/noticias\/#\/schema\/person\/image\/\",\"url\":\"https:\/\/secure.gravatar.com\/avatar\/d08aa2ce4c8dd416d4479aa8536fcf64?s=96&d=mm&r=g\",\"contentUrl\":\"https:\/\/secure.gravatar.com\/avatar\/d08aa2ce4c8dd416d4479aa8536fcf64?s=96&d=mm&r=g\",\"caption\":\"moacir\"},\"url\":\"https:\/\/franciscanos.org.br\/noticias\/author\/moacir\"}]}<\/script>\n<!-- \/ Yoast SEO plugin. -->","yoast_head_json":{"title":"Canarinhos levam mais solenidade \u00e0 Ordena\u00e7\u00e3o Presbiteral de Frei Jorge Lisot - Not\u00edcias - Franciscanos","robots":{"index":"index","follow":"follow","max-snippet":"max-snippet:-1","max-image-preview":"max-image-preview:large","max-video-preview":"max-video-preview:-1"},"canonical":"https:\/\/franciscanos.org.br\/noticias\/canarinhos-levam-mais-solenidade-a-ordenacao-presbiteral-de-frei-jorge-lisot.html","og_locale":"pt_BR","og_type":"article","og_title":"Canarinhos levam mais solenidade \u00e0 Ordena\u00e7\u00e3o Presbiteral de Frei Jorge Lisot - Not\u00edcias - Franciscanos","og_description":"Ordena\u00e7\u00e3o Presbiteral e Primeira Missa","og_url":"https:\/\/franciscanos.org.br\/noticias\/canarinhos-levam-mais-solenidade-a-ordenacao-presbiteral-de-frei-jorge-lisot.html","og_site_name":"Not\u00edcias - Franciscanos","article_published_time":"2022-05-02T22:33:18+00:00","article_modified_time":"2022-05-05T13:32:45+00:00","og_image":[{"width":800,"height":550,"url":"https:\/\/franciscanos.org.br\/noticias\/wp-content\/uploads\/2022\/05\/canarinhos-800.jpg","type":"image\/jpeg"}],"author":"moacir","twitter_card":"summary_large_image","twitter_misc":{"Escrito por":"moacir","Est. tempo de leitura":"7 minutos"},"schema":{"@context":"https:\/\/schema.org","@graph":[{"@type":"WebSite","@id":"https:\/\/franciscanos.org.br\/noticias\/#website","url":"https:\/\/franciscanos.org.br\/noticias\/","name":"Not\u00edcias - Franciscanos","description":"Prov\u00edncia Franciscana da Imaculada Concei\u00e7\u00e3o do Brasil - Ordem dos Frades Menores - OFM","potentialAction":[{"@type":"SearchAction","target":{"@type":"EntryPoint","urlTemplate":"https:\/\/franciscanos.org.br\/noticias\/?s={search_term_string}"},"query-input":"required name=search_term_string"}],"inLanguage":"pt-BR"},{"@type":"ImageObject","inLanguage":"pt-BR","@id":"https:\/\/franciscanos.org.br\/noticias\/canarinhos-levam-mais-solenidade-a-ordenacao-presbiteral-de-frei-jorge-lisot.html#primaryimage","url":"https:\/\/franciscanos.org.br\/noticias\/wp-content\/uploads\/2022\/05\/canarinhos-800.jpg","contentUrl":"https:\/\/franciscanos.org.br\/noticias\/wp-content\/uploads\/2022\/05\/canarinhos-800.jpg","width":800,"height":550},{"@type":"WebPage","@id":"https:\/\/franciscanos.org.br\/noticias\/canarinhos-levam-mais-solenidade-a-ordenacao-presbiteral-de-frei-jorge-lisot.html#webpage","url":"https:\/\/franciscanos.org.br\/noticias\/canarinhos-levam-mais-solenidade-a-ordenacao-presbiteral-de-frei-jorge-lisot.html","name":"Canarinhos levam mais solenidade \u00e0 Ordena\u00e7\u00e3o Presbiteral de Frei Jorge Lisot - Not\u00edcias - Franciscanos","isPartOf":{"@id":"https:\/\/franciscanos.org.br\/noticias\/#website"},"primaryImageOfPage":{"@id":"https:\/\/franciscanos.org.br\/noticias\/canarinhos-levam-mais-solenidade-a-ordenacao-presbiteral-de-frei-jorge-lisot.html#primaryimage"},"datePublished":"2022-05-02T22:33:18+00:00","dateModified":"2022-05-05T13:32:45+00:00","author":{"@id":"https:\/\/franciscanos.org.br\/noticias\/#\/schema\/person\/b5c8cba458c330ccff548b056e95a5d4"},"breadcrumb":{"@id":"https:\/\/franciscanos.org.br\/noticias\/canarinhos-levam-mais-solenidade-a-ordenacao-presbiteral-de-frei-jorge-lisot.html#breadcrumb"},"inLanguage":"pt-BR","potentialAction":[{"@type":"ReadAction","target":["https:\/\/franciscanos.org.br\/noticias\/canarinhos-levam-mais-solenidade-a-ordenacao-presbiteral-de-frei-jorge-lisot.html"]}]},{"@type":"BreadcrumbList","@id":"https:\/\/franciscanos.org.br\/noticias\/canarinhos-levam-mais-solenidade-a-ordenacao-presbiteral-de-frei-jorge-lisot.html#breadcrumb","itemListElement":[{"@type":"ListItem","position":1,"name":"Home","item":"https:\/\/franciscanos.org.br\/noticias"},{"@type":"ListItem","position":2,"name":"Canarinhos levam mais solenidade \u00e0 Ordena\u00e7\u00e3o Presbiteral de Frei Jorge Lisot"}]},{"@type":"Person","@id":"https:\/\/franciscanos.org.br\/noticias\/#\/schema\/person\/b5c8cba458c330ccff548b056e95a5d4","name":"moacir","image":{"@type":"ImageObject","inLanguage":"pt-BR","@id":"https:\/\/franciscanos.org.br\/noticias\/#\/schema\/person\/image\/","url":"https:\/\/secure.gravatar.com\/avatar\/d08aa2ce4c8dd416d4479aa8536fcf64?s=96&d=mm&r=g","contentUrl":"https:\/\/secure.gravatar.com\/avatar\/d08aa2ce4c8dd416d4479aa8536fcf64?s=96&d=mm&r=g","caption":"moacir"},"url":"https:\/\/franciscanos.org.br\/noticias\/author\/moacir"}]}},"_links":{"self":[{"href":"https:\/\/franciscanos.org.br\/noticias\/wp-json\/wp\/v2\/posts\/237615"}],"collection":[{"href":"https:\/\/franciscanos.org.br\/noticias\/wp-json\/wp\/v2\/posts"}],"about":[{"href":"https:\/\/franciscanos.org.br\/noticias\/wp-json\/wp\/v2\/types\/post"}],"author":[{"embeddable":true,"href":"https:\/\/franciscanos.org.br\/noticias\/wp-json\/wp\/v2\/users\/3"}],"replies":[{"embeddable":true,"href":"https:\/\/franciscanos.org.br\/noticias\/wp-json\/wp\/v2\/comments?post=237615"}],"version-history":[{"count":5,"href":"https:\/\/franciscanos.org.br\/noticias\/wp-json\/wp\/v2\/posts\/237615\/revisions"}],"predecessor-version":[{"id":237687,"href":"https:\/\/franciscanos.org.br\/noticias\/wp-json\/wp\/v2\/posts\/237615\/revisions\/237687"}],"wp:featuredmedia":[{"embeddable":true,"href":"https:\/\/franciscanos.org.br\/noticias\/wp-json\/wp\/v2\/media\/237685"}],"wp:attachment":[{"href":"https:\/\/franciscanos.org.br\/noticias\/wp-json\/wp\/v2\/media?parent=237615"}],"wp:term":[{"taxonomy":"category","embeddable":true,"href":"https:\/\/franciscanos.org.br\/noticias\/wp-json\/wp\/v2\/categories?post=237615"},{"taxonomy":"post_tag","embeddable":true,"href":"https:\/\/franciscanos.org.br\/noticias\/wp-json\/wp\/v2\/tags?post=237615"}],"curies":[{"name":"wp","href":"https:\/\/api.w.org\/{rel}","templated":true}]}}