{"id":237607,"date":"2022-05-01T08:13:10","date_gmt":"2022-05-01T11:13:10","guid":{"rendered":"https:\/\/franciscanos.org.br\/noticias\/?p=237607"},"modified":"2022-05-01T08:13:10","modified_gmt":"2022-05-01T11:13:10","slug":"papa-no-regina-coeli-como-pedro-lancar-se-em-direcao-a-jesus","status":"publish","type":"post","link":"https:\/\/franciscanos.org.br\/noticias\/papa-no-regina-coeli-como-pedro-lancar-se-em-direcao-a-jesus.html","title":{"rendered":"Papa no Regina Coeli: como Pedro, lan\u00e7ar-se em dire\u00e7\u00e3o a Jesus"},"content":{"rendered":"<p><img loading=\"lazy\" class=\"alignnone wp-image-237608 size-full\" src=\"https:\/\/franciscanos.org.br\/noticias\/wp-content\/uploads\/2022\/05\/regina_0105.jpeg\" alt=\"\" width=\"1500\" height=\"844\" srcset=\"https:\/\/franciscanos.org.br\/noticias\/wp-content\/uploads\/2022\/05\/regina_0105.jpeg 1500w, https:\/\/franciscanos.org.br\/noticias\/wp-content\/uploads\/2022\/05\/regina_0105-450x253.jpeg 450w, https:\/\/franciscanos.org.br\/noticias\/wp-content\/uploads\/2022\/05\/regina_0105-1024x576.jpeg 1024w, https:\/\/franciscanos.org.br\/noticias\/wp-content\/uploads\/2022\/05\/regina_0105-768x432.jpeg 768w, https:\/\/franciscanos.org.br\/noticias\/wp-content\/uploads\/2022\/05\/regina_0105-150x84.jpeg 150w\" sizes=\"(max-width: 1500px) 100vw, 1500px\" \/><\/p>\n<p>E n\u00f3s, queremos amar Jesus? Esta foi a pergunta que o Papa Francisco dirigiu aos fi\u00e9is na Pra\u00e7a S\u00e3o Pedro, na ora\u00e7\u00e3o do Regina Coeli.<\/p>\n<p>O Evangelho da Liturgia deste III Domingo de P\u00e1scoa narra a terceira apari\u00e7\u00e3o de Jesus ressuscitado aos ap\u00f3stolos, no lago da Galileia. O epis\u00f3dio envolve sobretudo Sim\u00e3o Pedro, que estava um pouco desencantado \u00e0 espera de Jesus.<\/p>\n<p>\u201cPode acontecer tamb\u00e9m conosco, por cansa\u00e7o, desilus\u00e3o, talvez pregui\u00e7a, de nos esquecer do Senhor e ignorar as grandes escolhas que fizemos, para nos contentar com outras coisas\u201d, disse o Papa. Mas se assim fizermos, acrescentou, ficaremos desiludidos: \u201ccom as redes vazias, como Pedro\u201d.<\/p>\n<p><strong>A palavra de hoje \u00e9 &#8220;lan\u00e7ar-se&#8221;<\/strong><br \/>\nEis ent\u00e3o que Jesus volta \u00e0s margens do lago e convida os disc\u00edpulos a lan\u00e7arem as redes com coragem, obtendo um resultado grandioso.<\/p>\n<p>\u201cIrm\u00e3os, irm\u00e3s, quando nossas redes est\u00e3o vazias na vida, n\u00e3o \u00e9 o momento de comisera\u00e7\u00e3o, de \u00f3cio, de voltar a velhos passatempos. \u00c9 o momento de recome\u00e7ar com Jesus, de encontrar a coragem de reiniciar, de retomar o largo com Ele\u201d, exortou Francisco &#8220;Ele est\u00e1 esperando&#8221; cada um de n\u00f3s.<\/p>\n<p>E \u00e9 o que faz Pedro, que ao reconhecer o Mestre se lan\u00e7a nas \u00e1guas em sua dire\u00e7\u00e3o. Esta mesma atitude foi encorajada pelo Pont\u00edfice, a lan\u00e7ar-nos no bem sem medo de perder algo, sem calcular muito, sem esperar que os outros comecem. Para ir ao encontro de Jesus, \u00e9 preciso se decidir, disse ainda o Papa.<\/p>\n<p><strong>A f\u00e9 n\u00e3o \u00e9 quest\u00e3o de saber, mas de amar<\/strong><br \/>\nNo final deste epis\u00f3dio, Jesus dirige a Pedro, por tr\u00eas vezes, a pergunta: \u00abTu me amas?\u00bb<\/p>\n<p>Uma pergunta, afirmou o Papa, que vale tamb\u00e9m para n\u00f3s hoje, porque, na P\u00e1scoa, Jesus quer que tamb\u00e9m o nosso cora\u00e7\u00e3o ressuscite; porque a f\u00e9 n\u00e3o \u00e9 quest\u00e3o de saber, mas de amar.<\/p>\n<p>\u201cTu me amas?, pergunta Jesus a voc\u00ea, que tem as redes vazias e tem medo de recome\u00e7ar; a voc\u00ea, que n\u00e3o tem a coragem de se lan\u00e7ar e perdeu o entusiasmo. Tu me amas?, pergunta Jesus. Desde ent\u00e3o, Pedro parou de pescar para sempre e se dedicou a servi\u00e7o de Deus e dos irm\u00e3os, at\u00e9 ao ponto de dar a vida aqui, onde nos encontramos agora. E n\u00f3s, queremos amar Jesus?\u201d<br \/>\nFrancisco concluiu pedindo a intercess\u00e3o de Nossa Senhora, para nos ajude a reencontrar a coragem do bem.<\/p>\n<p><strong>TER\u00c7O PELA UCR\u00c2NIA<\/strong><\/p>\n<p>O Papa Francisco fez um pedido aos fi\u00e9is na ora\u00e7\u00e3o do Regina Coeli deste domingo: &#8220;Ao iniciar hoje o m\u00eas dedicado \u00e0 M\u00e3e de Deus, gostaria de convidar todos os fi\u00e9is e as as comunidades a rezarem o Ter\u00e7o todos os dias de maio pela paz&#8221;.<\/p>\n<p>O Pont\u00edfice dirigiu seu pensamento \u00e0 cidade ucraniana de Mariupol, \u201ccidade de Maria\u201d, barbaramente bombardeada e destru\u00edda, e solicitou novamente a cria\u00e7\u00e3o de corredores humanit\u00e1rios para as pessoas refugiadas na sider\u00fargica da cidade. &#8220;Sofro e choro&#8221;, disse o Papa, &#8220;pensando nos sofrimentos da popula\u00e7\u00e3o ucraniana e, em especial, aos mais fr\u00e1geis, aos idosos e \u00e0s crian\u00e7as&#8221;. Francisco citou as not\u00edcias &#8220;terr\u00edveis&#8221; a respeito de crian\u00e7as expulsas e deportadas.<\/p>\n<p>Neste contexto, no qual se assiste a um &#8220;macabro retrocesso de humanidade&#8221;, o Papa se pergunta se est\u00e1-se em busca realmente da paz, se h\u00e1 vontade de evitar uma cont\u00ednua escalada militar e verbal, se est\u00e1 sendo feito todo o poss\u00edvel para que se calem as armas:<\/p>\n<p>&#8220;Eu lhes pe\u00e7o, n\u00e3o nos rendamos \u00e0 l\u00f3gica da viol\u00eancia, \u00e0 perversa espiral das armas. Empreenda-se o caminho do di\u00e1logo e da paz&#8221;, exrotou o Pont\u00edfice, convidando os fi\u00e9is a um momento silencioso de ora\u00e7\u00e3o.<\/p>\n<hr \/>\n<p><em>Fonte: Vatican News (texto de Bianca Fraccalvieri)<\/em><\/p>\n","protected":false},"excerpt":{"rendered":"<p>Regina Coeli<\/p>\n","protected":false},"author":3,"featured_media":237608,"comment_status":"open","ping_status":"open","sticky":false,"template":"","format":"standard","meta":[],"categories":[1428],"tags":[564],"acf":[],"yoast_head":"<!-- This site is optimized with the Yoast SEO plugin v19.2 - https:\/\/yoast.com\/wordpress\/plugins\/seo\/ -->\n<title>Papa no Regina Coeli: como Pedro, lan\u00e7ar-se em dire\u00e7\u00e3o a Jesus - Not\u00edcias - Franciscanos<\/title>\n<meta name=\"robots\" content=\"index, follow, max-snippet:-1, max-image-preview:large, max-video-preview:-1\" \/>\n<link rel=\"canonical\" href=\"https:\/\/franciscanos.org.br\/noticias\/papa-no-regina-coeli-como-pedro-lancar-se-em-direcao-a-jesus.html\" \/>\n<meta property=\"og:locale\" content=\"pt_BR\" \/>\n<meta property=\"og:type\" content=\"article\" \/>\n<meta property=\"og:title\" content=\"Papa no Regina Coeli: como Pedro, lan\u00e7ar-se em dire\u00e7\u00e3o a Jesus - Not\u00edcias - Franciscanos\" \/>\n<meta property=\"og:description\" content=\"Regina Coeli\" \/>\n<meta property=\"og:url\" content=\"https:\/\/franciscanos.org.br\/noticias\/papa-no-regina-coeli-como-pedro-lancar-se-em-direcao-a-jesus.html\" \/>\n<meta property=\"og:site_name\" content=\"Not\u00edcias - Franciscanos\" \/>\n<meta property=\"article:published_time\" content=\"2022-05-01T11:13:10+00:00\" \/>\n<meta property=\"og:image\" content=\"https:\/\/franciscanos.org.br\/noticias\/wp-content\/uploads\/2022\/05\/regina_0105.jpeg\" \/>\n\t<meta property=\"og:image:width\" content=\"1500\" \/>\n\t<meta property=\"og:image:height\" content=\"844\" \/>\n\t<meta property=\"og:image:type\" content=\"image\/jpeg\" \/>\n<meta name=\"author\" content=\"moacir\" \/>\n<meta name=\"twitter:card\" content=\"summary_large_image\" \/>\n<meta name=\"twitter:label1\" content=\"Escrito por\" \/>\n\t<meta name=\"twitter:data1\" content=\"moacir\" \/>\n\t<meta name=\"twitter:label2\" content=\"Est. tempo de leitura\" \/>\n\t<meta name=\"twitter:data2\" content=\"3 minutos\" \/>\n<script type=\"application\/ld+json\" class=\"yoast-schema-graph\">{\"@context\":\"https:\/\/schema.org\",\"@graph\":[{\"@type\":\"WebSite\",\"@id\":\"https:\/\/franciscanos.org.br\/noticias\/#website\",\"url\":\"https:\/\/franciscanos.org.br\/noticias\/\",\"name\":\"Not\u00edcias - Franciscanos\",\"description\":\"Prov\u00edncia Franciscana da Imaculada Concei\u00e7\u00e3o do Brasil - Ordem dos Frades Menores - OFM\",\"potentialAction\":[{\"@type\":\"SearchAction\",\"target\":{\"@type\":\"EntryPoint\",\"urlTemplate\":\"https:\/\/franciscanos.org.br\/noticias\/?s={search_term_string}\"},\"query-input\":\"required name=search_term_string\"}],\"inLanguage\":\"pt-BR\"},{\"@type\":\"ImageObject\",\"inLanguage\":\"pt-BR\",\"@id\":\"https:\/\/franciscanos.org.br\/noticias\/papa-no-regina-coeli-como-pedro-lancar-se-em-direcao-a-jesus.html#primaryimage\",\"url\":\"https:\/\/franciscanos.org.br\/noticias\/wp-content\/uploads\/2022\/05\/regina_0105.jpeg\",\"contentUrl\":\"https:\/\/franciscanos.org.br\/noticias\/wp-content\/uploads\/2022\/05\/regina_0105.jpeg\",\"width\":1500,\"height\":844},{\"@type\":\"WebPage\",\"@id\":\"https:\/\/franciscanos.org.br\/noticias\/papa-no-regina-coeli-como-pedro-lancar-se-em-direcao-a-jesus.html#webpage\",\"url\":\"https:\/\/franciscanos.org.br\/noticias\/papa-no-regina-coeli-como-pedro-lancar-se-em-direcao-a-jesus.html\",\"name\":\"Papa no Regina Coeli: como Pedro, lan\u00e7ar-se em dire\u00e7\u00e3o a Jesus - Not\u00edcias - Franciscanos\",\"isPartOf\":{\"@id\":\"https:\/\/franciscanos.org.br\/noticias\/#website\"},\"primaryImageOfPage\":{\"@id\":\"https:\/\/franciscanos.org.br\/noticias\/papa-no-regina-coeli-como-pedro-lancar-se-em-direcao-a-jesus.html#primaryimage\"},\"datePublished\":\"2022-05-01T11:13:10+00:00\",\"dateModified\":\"2022-05-01T11:13:10+00:00\",\"author\":{\"@id\":\"https:\/\/franciscanos.org.br\/noticias\/#\/schema\/person\/b5c8cba458c330ccff548b056e95a5d4\"},\"breadcrumb\":{\"@id\":\"https:\/\/franciscanos.org.br\/noticias\/papa-no-regina-coeli-como-pedro-lancar-se-em-direcao-a-jesus.html#breadcrumb\"},\"inLanguage\":\"pt-BR\",\"potentialAction\":[{\"@type\":\"ReadAction\",\"target\":[\"https:\/\/franciscanos.org.br\/noticias\/papa-no-regina-coeli-como-pedro-lancar-se-em-direcao-a-jesus.html\"]}]},{\"@type\":\"BreadcrumbList\",\"@id\":\"https:\/\/franciscanos.org.br\/noticias\/papa-no-regina-coeli-como-pedro-lancar-se-em-direcao-a-jesus.html#breadcrumb\",\"itemListElement\":[{\"@type\":\"ListItem\",\"position\":1,\"name\":\"Home\",\"item\":\"https:\/\/franciscanos.org.br\/noticias\"},{\"@type\":\"ListItem\",\"position\":2,\"name\":\"Papa no Regina Coeli: como Pedro, lan\u00e7ar-se em dire\u00e7\u00e3o a Jesus\"}]},{\"@type\":\"Person\",\"@id\":\"https:\/\/franciscanos.org.br\/noticias\/#\/schema\/person\/b5c8cba458c330ccff548b056e95a5d4\",\"name\":\"moacir\",\"image\":{\"@type\":\"ImageObject\",\"inLanguage\":\"pt-BR\",\"@id\":\"https:\/\/franciscanos.org.br\/noticias\/#\/schema\/person\/image\/\",\"url\":\"https:\/\/secure.gravatar.com\/avatar\/d08aa2ce4c8dd416d4479aa8536fcf64?s=96&d=mm&r=g\",\"contentUrl\":\"https:\/\/secure.gravatar.com\/avatar\/d08aa2ce4c8dd416d4479aa8536fcf64?s=96&d=mm&r=g\",\"caption\":\"moacir\"},\"url\":\"https:\/\/franciscanos.org.br\/noticias\/author\/moacir\"}]}<\/script>\n<!-- \/ Yoast SEO plugin. -->","yoast_head_json":{"title":"Papa no Regina Coeli: como Pedro, lan\u00e7ar-se em dire\u00e7\u00e3o a Jesus - Not\u00edcias - Franciscanos","robots":{"index":"index","follow":"follow","max-snippet":"max-snippet:-1","max-image-preview":"max-image-preview:large","max-video-preview":"max-video-preview:-1"},"canonical":"https:\/\/franciscanos.org.br\/noticias\/papa-no-regina-coeli-como-pedro-lancar-se-em-direcao-a-jesus.html","og_locale":"pt_BR","og_type":"article","og_title":"Papa no Regina Coeli: como Pedro, lan\u00e7ar-se em dire\u00e7\u00e3o a Jesus - Not\u00edcias - Franciscanos","og_description":"Regina Coeli","og_url":"https:\/\/franciscanos.org.br\/noticias\/papa-no-regina-coeli-como-pedro-lancar-se-em-direcao-a-jesus.html","og_site_name":"Not\u00edcias - Franciscanos","article_published_time":"2022-05-01T11:13:10+00:00","og_image":[{"width":1500,"height":844,"url":"https:\/\/franciscanos.org.br\/noticias\/wp-content\/uploads\/2022\/05\/regina_0105.jpeg","type":"image\/jpeg"}],"author":"moacir","twitter_card":"summary_large_image","twitter_misc":{"Escrito por":"moacir","Est. tempo de leitura":"3 minutos"},"schema":{"@context":"https:\/\/schema.org","@graph":[{"@type":"WebSite","@id":"https:\/\/franciscanos.org.br\/noticias\/#website","url":"https:\/\/franciscanos.org.br\/noticias\/","name":"Not\u00edcias - Franciscanos","description":"Prov\u00edncia Franciscana da Imaculada Concei\u00e7\u00e3o do Brasil - Ordem dos Frades Menores - OFM","potentialAction":[{"@type":"SearchAction","target":{"@type":"EntryPoint","urlTemplate":"https:\/\/franciscanos.org.br\/noticias\/?s={search_term_string}"},"query-input":"required name=search_term_string"}],"inLanguage":"pt-BR"},{"@type":"ImageObject","inLanguage":"pt-BR","@id":"https:\/\/franciscanos.org.br\/noticias\/papa-no-regina-coeli-como-pedro-lancar-se-em-direcao-a-jesus.html#primaryimage","url":"https:\/\/franciscanos.org.br\/noticias\/wp-content\/uploads\/2022\/05\/regina_0105.jpeg","contentUrl":"https:\/\/franciscanos.org.br\/noticias\/wp-content\/uploads\/2022\/05\/regina_0105.jpeg","width":1500,"height":844},{"@type":"WebPage","@id":"https:\/\/franciscanos.org.br\/noticias\/papa-no-regina-coeli-como-pedro-lancar-se-em-direcao-a-jesus.html#webpage","url":"https:\/\/franciscanos.org.br\/noticias\/papa-no-regina-coeli-como-pedro-lancar-se-em-direcao-a-jesus.html","name":"Papa no Regina Coeli: como Pedro, lan\u00e7ar-se em dire\u00e7\u00e3o a Jesus - Not\u00edcias - Franciscanos","isPartOf":{"@id":"https:\/\/franciscanos.org.br\/noticias\/#website"},"primaryImageOfPage":{"@id":"https:\/\/franciscanos.org.br\/noticias\/papa-no-regina-coeli-como-pedro-lancar-se-em-direcao-a-jesus.html#primaryimage"},"datePublished":"2022-05-01T11:13:10+00:00","dateModified":"2022-05-01T11:13:10+00:00","author":{"@id":"https:\/\/franciscanos.org.br\/noticias\/#\/schema\/person\/b5c8cba458c330ccff548b056e95a5d4"},"breadcrumb":{"@id":"https:\/\/franciscanos.org.br\/noticias\/papa-no-regina-coeli-como-pedro-lancar-se-em-direcao-a-jesus.html#breadcrumb"},"inLanguage":"pt-BR","potentialAction":[{"@type":"ReadAction","target":["https:\/\/franciscanos.org.br\/noticias\/papa-no-regina-coeli-como-pedro-lancar-se-em-direcao-a-jesus.html"]}]},{"@type":"BreadcrumbList","@id":"https:\/\/franciscanos.org.br\/noticias\/papa-no-regina-coeli-como-pedro-lancar-se-em-direcao-a-jesus.html#breadcrumb","itemListElement":[{"@type":"ListItem","position":1,"name":"Home","item":"https:\/\/franciscanos.org.br\/noticias"},{"@type":"ListItem","position":2,"name":"Papa no Regina Coeli: como Pedro, lan\u00e7ar-se em dire\u00e7\u00e3o a Jesus"}]},{"@type":"Person","@id":"https:\/\/franciscanos.org.br\/noticias\/#\/schema\/person\/b5c8cba458c330ccff548b056e95a5d4","name":"moacir","image":{"@type":"ImageObject","inLanguage":"pt-BR","@id":"https:\/\/franciscanos.org.br\/noticias\/#\/schema\/person\/image\/","url":"https:\/\/secure.gravatar.com\/avatar\/d08aa2ce4c8dd416d4479aa8536fcf64?s=96&d=mm&r=g","contentUrl":"https:\/\/secure.gravatar.com\/avatar\/d08aa2ce4c8dd416d4479aa8536fcf64?s=96&d=mm&r=g","caption":"moacir"},"url":"https:\/\/franciscanos.org.br\/noticias\/author\/moacir"}]}},"_links":{"self":[{"href":"https:\/\/franciscanos.org.br\/noticias\/wp-json\/wp\/v2\/posts\/237607"}],"collection":[{"href":"https:\/\/franciscanos.org.br\/noticias\/wp-json\/wp\/v2\/posts"}],"about":[{"href":"https:\/\/franciscanos.org.br\/noticias\/wp-json\/wp\/v2\/types\/post"}],"author":[{"embeddable":true,"href":"https:\/\/franciscanos.org.br\/noticias\/wp-json\/wp\/v2\/users\/3"}],"replies":[{"embeddable":true,"href":"https:\/\/franciscanos.org.br\/noticias\/wp-json\/wp\/v2\/comments?post=237607"}],"version-history":[{"count":1,"href":"https:\/\/franciscanos.org.br\/noticias\/wp-json\/wp\/v2\/posts\/237607\/revisions"}],"predecessor-version":[{"id":237609,"href":"https:\/\/franciscanos.org.br\/noticias\/wp-json\/wp\/v2\/posts\/237607\/revisions\/237609"}],"wp:featuredmedia":[{"embeddable":true,"href":"https:\/\/franciscanos.org.br\/noticias\/wp-json\/wp\/v2\/media\/237608"}],"wp:attachment":[{"href":"https:\/\/franciscanos.org.br\/noticias\/wp-json\/wp\/v2\/media?parent=237607"}],"wp:term":[{"taxonomy":"category","embeddable":true,"href":"https:\/\/franciscanos.org.br\/noticias\/wp-json\/wp\/v2\/categories?post=237607"},{"taxonomy":"post_tag","embeddable":true,"href":"https:\/\/franciscanos.org.br\/noticias\/wp-json\/wp\/v2\/tags?post=237607"}],"curies":[{"name":"wp","href":"https:\/\/api.w.org\/{rel}","templated":true}]}}