{"id":237585,"date":"2022-04-30T10:41:40","date_gmt":"2022-04-30T13:41:40","guid":{"rendered":"https:\/\/franciscanos.org.br\/noticias\/?p=237585"},"modified":"2022-04-30T18:20:26","modified_gmt":"2022-04-30T21:20:26","slug":"concerto-dos-corais-dos-canarinhos-encanta-o-publico-de-campo-grande-ms","status":"publish","type":"post","link":"https:\/\/franciscanos.org.br\/noticias\/concerto-dos-corais-dos-canarinhos-encanta-o-publico-de-campo-grande-ms.html","title":{"rendered":"Concerto dos Corais dos Canarinhos encanta o p\u00fablico de Campo Grande (MS)"},"content":{"rendered":"<p><img loading=\"lazy\" class=\"alignnone wp-image-237586 size-full\" src=\"https:\/\/franciscanos.org.br\/noticias\/wp-content\/uploads\/2022\/04\/canarinhos_3004_1.jpg\" alt=\"\" width=\"1280\" height=\"720\" srcset=\"https:\/\/franciscanos.org.br\/noticias\/wp-content\/uploads\/2022\/04\/canarinhos_3004_1.jpg 1280w, https:\/\/franciscanos.org.br\/noticias\/wp-content\/uploads\/2022\/04\/canarinhos_3004_1-450x253.jpg 450w, https:\/\/franciscanos.org.br\/noticias\/wp-content\/uploads\/2022\/04\/canarinhos_3004_1-1024x576.jpg 1024w, https:\/\/franciscanos.org.br\/noticias\/wp-content\/uploads\/2022\/04\/canarinhos_3004_1-768x432.jpg 768w, https:\/\/franciscanos.org.br\/noticias\/wp-content\/uploads\/2022\/04\/canarinhos_3004_1-150x84.jpg 150w\" sizes=\"(max-width: 1280px) 100vw, 1280px\" \/><\/p>\n<p><strong>Campo Grande (MS) \u2013<\/strong> Pela primeira vez no estado do Mato Grosso do Sul, o Coral dos Canarinhos e o Coral das Meninas dos Canarinhos de Petr\u00f3polis (RJ), encantaram o p\u00fablico sul-mato-grossense nesta sexta-feira (29\/04), \u00e0s 20h, na Igreja S\u00e3o Francisco de Assis em Campo Grande (MS). Depois de dois anos de pandemia, os coralistas precisaram segurar a emo\u00e7\u00e3o para encarar o p\u00fablico que lotou a igreja dos frades franciscanos da Cust\u00f3dia das Sete Alegrias de Nossa Senhora.<\/p>\n<p>Com um repert\u00f3rio que contemplou m\u00fasicas sacras e populares, os coralistas apresentaram o concerto por aproximadamente uma hora com muita leveza e simplicidade. O diretor art\u00edstico e maestro do Instituto dos Meninos Cantores de Petr\u00f3polis, Marco Aur\u00e9lio Lischt, regeu os dois corais e com um sorriso largo no rosto n\u00e3o escondeu a alegria de poder voltar aos palcos e fazer o que de melhor os Canarinhos sabem fazer: cantar e encantar.<\/p>\n<p>O p\u00e1roco Frei Jo\u00e3o Francisco Neto, que tamb\u00e9m acumula a fun\u00e7\u00e3o de vig\u00e1rio custodial e guardi\u00e3o, acolheu os presentes e logo de in\u00edcio agradeceu a presen\u00e7a dos coralistas. \u201cN\u00f3s n\u00e3o temos palavras para louvar a Deus por este ato t\u00e3o belo e t\u00e3o grande na vida desta par\u00f3quia e na vida tamb\u00e9m de todos n\u00f3s. Pela primeira vez os corais se fazem presentes no Mato Grosso do Sul e nesta cidade e nesta par\u00f3quia. Ent\u00e3o quero acolher de cora\u00e7\u00e3o a todos os presentes\u201d. Na sequ\u00eancia deu as boas-vindas ao Arcebispo Metropolitano de Campo Grande, Dom Dimas Lara Barbosa, e ao bispo auxiliar, Dom Mariano Danecki, OFMConv. \u201cQue juntos n\u00f3s possamos bem celebrar atrav\u00e9s da m\u00fasica, atrav\u00e9s da beleza\u201d, disse.<\/p>\n<p><img loading=\"lazy\" class=\"alignnone wp-image-237587 size-full\" src=\"https:\/\/franciscanos.org.br\/noticias\/wp-content\/uploads\/2022\/04\/canarinhos_3004_2.jpg\" alt=\"\" width=\"1280\" height=\"853\" srcset=\"https:\/\/franciscanos.org.br\/noticias\/wp-content\/uploads\/2022\/04\/canarinhos_3004_2.jpg 1280w, https:\/\/franciscanos.org.br\/noticias\/wp-content\/uploads\/2022\/04\/canarinhos_3004_2-450x300.jpg 450w, https:\/\/franciscanos.org.br\/noticias\/wp-content\/uploads\/2022\/04\/canarinhos_3004_2-1024x682.jpg 1024w, https:\/\/franciscanos.org.br\/noticias\/wp-content\/uploads\/2022\/04\/canarinhos_3004_2-768x512.jpg 768w, https:\/\/franciscanos.org.br\/noticias\/wp-content\/uploads\/2022\/04\/canarinhos_3004_2-150x100.jpg 150w\" sizes=\"(max-width: 1280px) 100vw, 1280px\" \/><\/p>\n<p><img loading=\"lazy\" class=\"alignnone wp-image-237588 size-full\" src=\"https:\/\/franciscanos.org.br\/noticias\/wp-content\/uploads\/2022\/04\/canarinhos_3004_8.jpg\" alt=\"\" width=\"1280\" height=\"853\" srcset=\"https:\/\/franciscanos.org.br\/noticias\/wp-content\/uploads\/2022\/04\/canarinhos_3004_8.jpg 1280w, https:\/\/franciscanos.org.br\/noticias\/wp-content\/uploads\/2022\/04\/canarinhos_3004_8-450x300.jpg 450w, https:\/\/franciscanos.org.br\/noticias\/wp-content\/uploads\/2022\/04\/canarinhos_3004_8-1024x682.jpg 1024w, https:\/\/franciscanos.org.br\/noticias\/wp-content\/uploads\/2022\/04\/canarinhos_3004_8-768x512.jpg 768w, https:\/\/franciscanos.org.br\/noticias\/wp-content\/uploads\/2022\/04\/canarinhos_3004_8-150x100.jpg 150w\" sizes=\"(max-width: 1280px) 100vw, 1280px\" \/><\/p>\n<p>Frei Jorge Henrique Lisot Camargo, que ser\u00e1 ordenado presb\u00edtero no pr\u00f3ximo dia 1\u00b0 de maio, \u00e0s 10h, em Dourados (MS), tamb\u00e9m acolheu os presentes e manifestou sua gratid\u00e3o pelo sonho que desde muitos anos \u00e9 sonhado e que agora se realiza. \u201cDesde quando o Frei Jo\u00e3o Francisco estudou Teologia em Petr\u00f3polis, n\u00f3s j\u00e1 ouv\u00edamos falar do trabalho dos Canarinhos, e este sonho cresceu e se tornou poss\u00edvel porque voc\u00eas da nossa par\u00f3quia e muitas outras pessoas colaboraram para que este evento acontecesse. \u00c9 pela gra\u00e7a de Deus que hoje vamos poder apreciar este concerto por meio do qual vamos louvar a Deus e falar de Deus por meio da beleza e da arte. Com voc\u00eas, o Coral dos Canarinhos e das Meninas dos Canarinhos\u201d, apresentou Frei Jorge e na sequ\u00eancia, sob aplausos do p\u00fablico, os t\u00e3o esperados coralistas adentraram \u00e0 igreja franciscana.<\/p>\n<p><img loading=\"lazy\" class=\"alignnone wp-image-237589 size-full\" src=\"https:\/\/franciscanos.org.br\/noticias\/wp-content\/uploads\/2022\/04\/canarinhos_3004_3.jpg\" alt=\"\" width=\"1280\" height=\"853\" srcset=\"https:\/\/franciscanos.org.br\/noticias\/wp-content\/uploads\/2022\/04\/canarinhos_3004_3.jpg 1280w, https:\/\/franciscanos.org.br\/noticias\/wp-content\/uploads\/2022\/04\/canarinhos_3004_3-450x300.jpg 450w, https:\/\/franciscanos.org.br\/noticias\/wp-content\/uploads\/2022\/04\/canarinhos_3004_3-1024x682.jpg 1024w, https:\/\/franciscanos.org.br\/noticias\/wp-content\/uploads\/2022\/04\/canarinhos_3004_3-768x512.jpg 768w, https:\/\/franciscanos.org.br\/noticias\/wp-content\/uploads\/2022\/04\/canarinhos_3004_3-150x100.jpg 150w\" sizes=\"(max-width: 1280px) 100vw, 1280px\" \/><\/p>\n<p>Tomando a palavra, Lischt, expressou em nome de toda equipe do IMCP a gratid\u00e3o pelo convite e pela presen\u00e7a do p\u00fablico. Aproveitou a ocasi\u00e3o e contou brevemente a hist\u00f3ria do Coral dos Canarinhos que neste ano de 2022 completa 80 anos. Segundo ele, foi com Frei Leto Bienias, padre alem\u00e3o, que o coro nasceu. \u201cEm 1942, a pedido do guardi\u00e3o do Convento do Sagrado, Frei Leto selecionou um grupo de 50 meninos da Escola Gratuita S\u00e3o Jos\u00e9, para cantar uma missa de 1\u00b0 comunh\u00e3o e assim deu-se in\u00edcio ao Coral dos Canarinhos de Petr\u00f3polis\u201d, explicou. J\u00e1 sobre o Coral das Meninas dos Canarinhos, Lischt apresentou o regente que se fez presente no concerto, Marcelo Vizani, e disse que neste ano o coro completa 34 anos. \u201c\u00c9 um coro mais jovem fundado em 1988 por Frei Jos\u00e9 Luiz Prim, que tamb\u00e9m foi o segundo regente do Coral dos Canarinhos de Petr\u00f3polis\u201d. Entre os presentes, Malvina Schimit se emocionou com a lembran\u00e7a e a hist\u00f3ria dos corais e no final do concerto disse que Frei Prim, era sobrinho de seu falecido pai.<\/p>\n<p><img loading=\"lazy\" class=\"alignnone wp-image-237590 size-full\" src=\"https:\/\/franciscanos.org.br\/noticias\/wp-content\/uploads\/2022\/04\/canarinhos_3004_4.jpg\" alt=\"\" width=\"1280\" height=\"853\" srcset=\"https:\/\/franciscanos.org.br\/noticias\/wp-content\/uploads\/2022\/04\/canarinhos_3004_4.jpg 1280w, https:\/\/franciscanos.org.br\/noticias\/wp-content\/uploads\/2022\/04\/canarinhos_3004_4-450x300.jpg 450w, https:\/\/franciscanos.org.br\/noticias\/wp-content\/uploads\/2022\/04\/canarinhos_3004_4-1024x682.jpg 1024w, https:\/\/franciscanos.org.br\/noticias\/wp-content\/uploads\/2022\/04\/canarinhos_3004_4-768x512.jpg 768w, https:\/\/franciscanos.org.br\/noticias\/wp-content\/uploads\/2022\/04\/canarinhos_3004_4-150x100.jpg 150w\" sizes=\"(max-width: 1280px) 100vw, 1280px\" \/><\/p>\n<p>Entre m\u00fasicas sacras destaca-se as conhecidas can\u00e7\u00f5es \u201cAve Maria\u201d de Bach\/Gounod, \u201cAve verum corpus\u201d de W. A. Mozart, \u201cThe Lord Bless you and keep you\u201d de John Rutter e \u201cHallelujah\u201d de G. F. Haendel. J\u00e1 entre as populares, os corais seguiram o seguinte programa: \u201cSabi\u00e1, cora\u00e7\u00e3o de uma viola\u201d de Aylton Escobar, \u201cAll you need is love\u201d, de The Beatles, \u201cVira virou\u201d de Kleiton &amp; Kledir, \u201cCorrenteza\u201dde Tom Jobim\/arr: Paulo Afonso F\u00b0, \u201cSapato velho\u201dde Paulinho Tapaj\u00f3s\/Mu Carvalho e \u201cConversa de Botequim\u201dde Noel Rosa e Vadico. \u201cAndan\u00e7as\u201dde Paulinho Tapaj\u00f3s foi dada de presente ao p\u00fablico ap\u00f3s longos aplausos e pedido de bis.<\/p>\n<p><iframe loading=\"lazy\" title=\"YouTube video player\" src=\"https:\/\/www.youtube.com\/embed\/IdzkmI4BTHI\" width=\"100%\" height=\"500\" frameborder=\"0\" allowfullscreen=\"allowfullscreen\"><span data-mce-type=\"bookmark\" style=\"display: inline-block; width: 0px; overflow: hidden; line-height: 0;\" class=\"mce_SELRES_start\">\ufeff<\/span><\/iframe><\/p>\n<p>Dom Dimas expressou sua gratid\u00e3o por poder participar do concerto. \u201cMeu contato com os Canarinhos vem de longa data. Quando me tornei seminarista, Petr\u00f3polis se tornou uma refer\u00eancia particularmente pelo Instituto Teol\u00f3gico Franciscano e pela Editora Vozes. Depois como bispo, fui nomeado para trabalhar no Rio de Janeiro, e a\u00ed naturalmente os contatos se estreitaram mais ainda. Queria agradecer muito ao nosso bom Deus por esta oportunidade de estar tendo este contato novamente. Que S\u00e3o Pedro de Alc\u00e2ntara &#8211; refer\u00eancia ao padroeiro da Cidade Imperial-, possa aben\u00e7oar a todos\u201d, desejou e na sequ\u00eancia encerrou o concerto com a b\u00ean\u00e7\u00e3o final.<\/p>\n\n\t\t<style type=\"text\/css\">\n\t\t\t#gallery-1 {\n\t\t\t\tmargin: auto;\n\t\t\t}\n\t\t\t#gallery-1 .gallery-item {\n\t\t\t\tfloat: left;\n\t\t\t\tmargin-top: 10px;\n\t\t\t\ttext-align: center;\n\t\t\t\twidth: 20%;\n\t\t\t}\n\t\t\t#gallery-1 img {\n\t\t\t\tborder: 2px solid #cfcfcf;\n\t\t\t}\n\t\t\t#gallery-1 .gallery-caption {\n\t\t\t\tmargin-left: 0;\n\t\t\t}\n\t\t\t\/* see gallery_shortcode() in wp-includes\/media.php *\/\n\t\t<\/style>\n\t\t<div id='gallery-1' class='gallery galleryid-237585 gallery-columns-5 gallery-size-thumbnail'><dl class='gallery-item'>\n\t\t\t<dt class='gallery-icon landscape'>\n\t\t\t\t<a href='https:\/\/franciscanos.org.br\/noticias\/wp-content\/uploads\/2022\/04\/canarinhos_3004_5.jpg'><img width=\"300\" height=\"300\" src=\"https:\/\/franciscanos.org.br\/noticias\/wp-content\/uploads\/2022\/04\/canarinhos_3004_5-300x300.jpg\" class=\"attachment-thumbnail size-thumbnail\" alt=\"\" loading=\"lazy\" srcset=\"https:\/\/franciscanos.org.br\/noticias\/wp-content\/uploads\/2022\/04\/canarinhos_3004_5-300x300.jpg 300w, https:\/\/franciscanos.org.br\/noticias\/wp-content\/uploads\/2022\/04\/canarinhos_3004_5-100x100.jpg 100w\" sizes=\"(max-width: 300px) 100vw, 300px\" \/><\/a>\n\t\t\t<\/dt><\/dl><dl class='gallery-item'>\n\t\t\t<dt class='gallery-icon landscape'>\n\t\t\t\t<a href='https:\/\/franciscanos.org.br\/noticias\/wp-content\/uploads\/2022\/04\/canarinhos_3004_6.jpg'><img width=\"300\" height=\"300\" src=\"https:\/\/franciscanos.org.br\/noticias\/wp-content\/uploads\/2022\/04\/canarinhos_3004_6-300x300.jpg\" class=\"attachment-thumbnail size-thumbnail\" alt=\"\" loading=\"lazy\" srcset=\"https:\/\/franciscanos.org.br\/noticias\/wp-content\/uploads\/2022\/04\/canarinhos_3004_6-300x300.jpg 300w, https:\/\/franciscanos.org.br\/noticias\/wp-content\/uploads\/2022\/04\/canarinhos_3004_6-100x100.jpg 100w\" sizes=\"(max-width: 300px) 100vw, 300px\" \/><\/a>\n\t\t\t<\/dt><\/dl><dl class='gallery-item'>\n\t\t\t<dt class='gallery-icon landscape'>\n\t\t\t\t<a href='https:\/\/franciscanos.org.br\/noticias\/wp-content\/uploads\/2022\/04\/canarinhos_3004_7.jpg'><img width=\"300\" height=\"300\" src=\"https:\/\/franciscanos.org.br\/noticias\/wp-content\/uploads\/2022\/04\/canarinhos_3004_7-300x300.jpg\" class=\"attachment-thumbnail size-thumbnail\" alt=\"\" loading=\"lazy\" srcset=\"https:\/\/franciscanos.org.br\/noticias\/wp-content\/uploads\/2022\/04\/canarinhos_3004_7-300x300.jpg 300w, https:\/\/franciscanos.org.br\/noticias\/wp-content\/uploads\/2022\/04\/canarinhos_3004_7-100x100.jpg 100w\" sizes=\"(max-width: 300px) 100vw, 300px\" \/><\/a>\n\t\t\t<\/dt><\/dl><dl class='gallery-item'>\n\t\t\t<dt class='gallery-icon landscape'>\n\t\t\t\t<a href='https:\/\/franciscanos.org.br\/noticias\/wp-content\/uploads\/2022\/04\/canarinhos_3004_9.jpg'><img width=\"300\" height=\"300\" src=\"https:\/\/franciscanos.org.br\/noticias\/wp-content\/uploads\/2022\/04\/canarinhos_3004_9-300x300.jpg\" class=\"attachment-thumbnail size-thumbnail\" alt=\"\" loading=\"lazy\" srcset=\"https:\/\/franciscanos.org.br\/noticias\/wp-content\/uploads\/2022\/04\/canarinhos_3004_9-300x300.jpg 300w, https:\/\/franciscanos.org.br\/noticias\/wp-content\/uploads\/2022\/04\/canarinhos_3004_9-100x100.jpg 100w\" sizes=\"(max-width: 300px) 100vw, 300px\" \/><\/a>\n\t\t\t<\/dt><\/dl><dl class='gallery-item'>\n\t\t\t<dt class='gallery-icon landscape'>\n\t\t\t\t<a href='https:\/\/franciscanos.org.br\/noticias\/wp-content\/uploads\/2022\/04\/canarinhos_3004_10.jpg'><img width=\"300\" height=\"300\" src=\"https:\/\/franciscanos.org.br\/noticias\/wp-content\/uploads\/2022\/04\/canarinhos_3004_10-300x300.jpg\" class=\"attachment-thumbnail size-thumbnail\" alt=\"\" loading=\"lazy\" srcset=\"https:\/\/franciscanos.org.br\/noticias\/wp-content\/uploads\/2022\/04\/canarinhos_3004_10-300x300.jpg 300w, https:\/\/franciscanos.org.br\/noticias\/wp-content\/uploads\/2022\/04\/canarinhos_3004_10-100x100.jpg 100w\" sizes=\"(max-width: 300px) 100vw, 300px\" \/><\/a>\n\t\t\t<\/dt><\/dl><br style=\"clear: both\" \/>\n\t\t<\/div>\n\n<p><em> \u00a0 \u00a0 \u00a0 \u00a0 (toque para ampliar as imagens)<\/em><\/p>\n<p>No pr\u00f3ximo domingo, \u00e0s 10h, os coralistas estar\u00e3o presentes na Catedral de Dourados para cantar a liturgia da Ordena\u00e7\u00e3o Presbiteral de Frei Jorge Lisot. J\u00e1 \u00e0s 19h, se far\u00e3o presentes na cidade de Itapor\u00e3, onde participar\u00e3o da 1\u00b0 missa do religioso franciscano.<\/p>\n<hr \/>\n<p><em>Frei Augusto Luiz Gabriel<\/em><\/p>\n","protected":false},"excerpt":{"rendered":"<p>Coral dos Canarinhos e o Coral das Meninas dos Canarinhos de Petr\u00f3polis<\/p>\n","protected":false},"author":3,"featured_media":237586,"comment_status":"open","ping_status":"open","sticky":false,"template":"","format":"standard","meta":[],"categories":[1],"tags":[1378,1531],"acf":[],"yoast_head":"<!-- This site is optimized with the Yoast SEO plugin v19.2 - https:\/\/yoast.com\/wordpress\/plugins\/seo\/ -->\n<title>Concerto dos Corais dos Canarinhos encanta o p\u00fablico de Campo Grande (MS) - Not\u00edcias - Franciscanos<\/title>\n<meta name=\"robots\" content=\"index, follow, max-snippet:-1, max-image-preview:large, max-video-preview:-1\" \/>\n<link rel=\"canonical\" href=\"https:\/\/franciscanos.org.br\/noticias\/concerto-dos-corais-dos-canarinhos-encanta-o-publico-de-campo-grande-ms.html\" \/>\n<meta property=\"og:locale\" content=\"pt_BR\" \/>\n<meta property=\"og:type\" content=\"article\" \/>\n<meta property=\"og:title\" content=\"Concerto dos Corais dos Canarinhos encanta o p\u00fablico de Campo Grande (MS) - Not\u00edcias - Franciscanos\" \/>\n<meta property=\"og:description\" content=\"Coral dos Canarinhos e o Coral das Meninas dos Canarinhos de Petr\u00f3polis\" \/>\n<meta property=\"og:url\" content=\"https:\/\/franciscanos.org.br\/noticias\/concerto-dos-corais-dos-canarinhos-encanta-o-publico-de-campo-grande-ms.html\" \/>\n<meta property=\"og:site_name\" content=\"Not\u00edcias - Franciscanos\" \/>\n<meta property=\"article:published_time\" content=\"2022-04-30T13:41:40+00:00\" \/>\n<meta property=\"article:modified_time\" content=\"2022-04-30T21:20:26+00:00\" \/>\n<meta property=\"og:image\" content=\"https:\/\/franciscanos.org.br\/noticias\/wp-content\/uploads\/2022\/04\/canarinhos_3004_1.jpg\" \/>\n\t<meta property=\"og:image:width\" content=\"1280\" \/>\n\t<meta property=\"og:image:height\" content=\"720\" \/>\n\t<meta property=\"og:image:type\" content=\"image\/jpeg\" \/>\n<meta name=\"author\" content=\"moacir\" \/>\n<meta name=\"twitter:card\" content=\"summary_large_image\" \/>\n<meta name=\"twitter:label1\" content=\"Escrito por\" \/>\n\t<meta name=\"twitter:data1\" content=\"moacir\" \/>\n\t<meta name=\"twitter:label2\" content=\"Est. tempo de leitura\" \/>\n\t<meta name=\"twitter:data2\" content=\"5 minutos\" \/>\n<script type=\"application\/ld+json\" class=\"yoast-schema-graph\">{\"@context\":\"https:\/\/schema.org\",\"@graph\":[{\"@type\":\"WebSite\",\"@id\":\"https:\/\/franciscanos.org.br\/noticias\/#website\",\"url\":\"https:\/\/franciscanos.org.br\/noticias\/\",\"name\":\"Not\u00edcias - Franciscanos\",\"description\":\"Prov\u00edncia Franciscana da Imaculada Concei\u00e7\u00e3o do Brasil - Ordem dos Frades Menores - OFM\",\"potentialAction\":[{\"@type\":\"SearchAction\",\"target\":{\"@type\":\"EntryPoint\",\"urlTemplate\":\"https:\/\/franciscanos.org.br\/noticias\/?s={search_term_string}\"},\"query-input\":\"required name=search_term_string\"}],\"inLanguage\":\"pt-BR\"},{\"@type\":\"ImageObject\",\"inLanguage\":\"pt-BR\",\"@id\":\"https:\/\/franciscanos.org.br\/noticias\/concerto-dos-corais-dos-canarinhos-encanta-o-publico-de-campo-grande-ms.html#primaryimage\",\"url\":\"https:\/\/franciscanos.org.br\/noticias\/wp-content\/uploads\/2022\/04\/canarinhos_3004_1.jpg\",\"contentUrl\":\"https:\/\/franciscanos.org.br\/noticias\/wp-content\/uploads\/2022\/04\/canarinhos_3004_1.jpg\",\"width\":1280,\"height\":720},{\"@type\":\"WebPage\",\"@id\":\"https:\/\/franciscanos.org.br\/noticias\/concerto-dos-corais-dos-canarinhos-encanta-o-publico-de-campo-grande-ms.html#webpage\",\"url\":\"https:\/\/franciscanos.org.br\/noticias\/concerto-dos-corais-dos-canarinhos-encanta-o-publico-de-campo-grande-ms.html\",\"name\":\"Concerto dos Corais dos Canarinhos encanta o p\u00fablico de Campo Grande (MS) - Not\u00edcias - Franciscanos\",\"isPartOf\":{\"@id\":\"https:\/\/franciscanos.org.br\/noticias\/#website\"},\"primaryImageOfPage\":{\"@id\":\"https:\/\/franciscanos.org.br\/noticias\/concerto-dos-corais-dos-canarinhos-encanta-o-publico-de-campo-grande-ms.html#primaryimage\"},\"datePublished\":\"2022-04-30T13:41:40+00:00\",\"dateModified\":\"2022-04-30T21:20:26+00:00\",\"author\":{\"@id\":\"https:\/\/franciscanos.org.br\/noticias\/#\/schema\/person\/b5c8cba458c330ccff548b056e95a5d4\"},\"breadcrumb\":{\"@id\":\"https:\/\/franciscanos.org.br\/noticias\/concerto-dos-corais-dos-canarinhos-encanta-o-publico-de-campo-grande-ms.html#breadcrumb\"},\"inLanguage\":\"pt-BR\",\"potentialAction\":[{\"@type\":\"ReadAction\",\"target\":[\"https:\/\/franciscanos.org.br\/noticias\/concerto-dos-corais-dos-canarinhos-encanta-o-publico-de-campo-grande-ms.html\"]}]},{\"@type\":\"BreadcrumbList\",\"@id\":\"https:\/\/franciscanos.org.br\/noticias\/concerto-dos-corais-dos-canarinhos-encanta-o-publico-de-campo-grande-ms.html#breadcrumb\",\"itemListElement\":[{\"@type\":\"ListItem\",\"position\":1,\"name\":\"Home\",\"item\":\"https:\/\/franciscanos.org.br\/noticias\"},{\"@type\":\"ListItem\",\"position\":2,\"name\":\"Concerto dos Corais dos Canarinhos encanta o p\u00fablico de Campo Grande (MS)\"}]},{\"@type\":\"Person\",\"@id\":\"https:\/\/franciscanos.org.br\/noticias\/#\/schema\/person\/b5c8cba458c330ccff548b056e95a5d4\",\"name\":\"moacir\",\"image\":{\"@type\":\"ImageObject\",\"inLanguage\":\"pt-BR\",\"@id\":\"https:\/\/franciscanos.org.br\/noticias\/#\/schema\/person\/image\/\",\"url\":\"https:\/\/secure.gravatar.com\/avatar\/d08aa2ce4c8dd416d4479aa8536fcf64?s=96&d=mm&r=g\",\"contentUrl\":\"https:\/\/secure.gravatar.com\/avatar\/d08aa2ce4c8dd416d4479aa8536fcf64?s=96&d=mm&r=g\",\"caption\":\"moacir\"},\"url\":\"https:\/\/franciscanos.org.br\/noticias\/author\/moacir\"}]}<\/script>\n<!-- \/ Yoast SEO plugin. -->","yoast_head_json":{"title":"Concerto dos Corais dos Canarinhos encanta o p\u00fablico de Campo Grande (MS) - Not\u00edcias - Franciscanos","robots":{"index":"index","follow":"follow","max-snippet":"max-snippet:-1","max-image-preview":"max-image-preview:large","max-video-preview":"max-video-preview:-1"},"canonical":"https:\/\/franciscanos.org.br\/noticias\/concerto-dos-corais-dos-canarinhos-encanta-o-publico-de-campo-grande-ms.html","og_locale":"pt_BR","og_type":"article","og_title":"Concerto dos Corais dos Canarinhos encanta o p\u00fablico de Campo Grande (MS) - Not\u00edcias - Franciscanos","og_description":"Coral dos Canarinhos e o Coral das Meninas dos Canarinhos de Petr\u00f3polis","og_url":"https:\/\/franciscanos.org.br\/noticias\/concerto-dos-corais-dos-canarinhos-encanta-o-publico-de-campo-grande-ms.html","og_site_name":"Not\u00edcias - Franciscanos","article_published_time":"2022-04-30T13:41:40+00:00","article_modified_time":"2022-04-30T21:20:26+00:00","og_image":[{"width":1280,"height":720,"url":"https:\/\/franciscanos.org.br\/noticias\/wp-content\/uploads\/2022\/04\/canarinhos_3004_1.jpg","type":"image\/jpeg"}],"author":"moacir","twitter_card":"summary_large_image","twitter_misc":{"Escrito por":"moacir","Est. tempo de leitura":"5 minutos"},"schema":{"@context":"https:\/\/schema.org","@graph":[{"@type":"WebSite","@id":"https:\/\/franciscanos.org.br\/noticias\/#website","url":"https:\/\/franciscanos.org.br\/noticias\/","name":"Not\u00edcias - Franciscanos","description":"Prov\u00edncia Franciscana da Imaculada Concei\u00e7\u00e3o do Brasil - Ordem dos Frades Menores - OFM","potentialAction":[{"@type":"SearchAction","target":{"@type":"EntryPoint","urlTemplate":"https:\/\/franciscanos.org.br\/noticias\/?s={search_term_string}"},"query-input":"required name=search_term_string"}],"inLanguage":"pt-BR"},{"@type":"ImageObject","inLanguage":"pt-BR","@id":"https:\/\/franciscanos.org.br\/noticias\/concerto-dos-corais-dos-canarinhos-encanta-o-publico-de-campo-grande-ms.html#primaryimage","url":"https:\/\/franciscanos.org.br\/noticias\/wp-content\/uploads\/2022\/04\/canarinhos_3004_1.jpg","contentUrl":"https:\/\/franciscanos.org.br\/noticias\/wp-content\/uploads\/2022\/04\/canarinhos_3004_1.jpg","width":1280,"height":720},{"@type":"WebPage","@id":"https:\/\/franciscanos.org.br\/noticias\/concerto-dos-corais-dos-canarinhos-encanta-o-publico-de-campo-grande-ms.html#webpage","url":"https:\/\/franciscanos.org.br\/noticias\/concerto-dos-corais-dos-canarinhos-encanta-o-publico-de-campo-grande-ms.html","name":"Concerto dos Corais dos Canarinhos encanta o p\u00fablico de Campo Grande (MS) - Not\u00edcias - Franciscanos","isPartOf":{"@id":"https:\/\/franciscanos.org.br\/noticias\/#website"},"primaryImageOfPage":{"@id":"https:\/\/franciscanos.org.br\/noticias\/concerto-dos-corais-dos-canarinhos-encanta-o-publico-de-campo-grande-ms.html#primaryimage"},"datePublished":"2022-04-30T13:41:40+00:00","dateModified":"2022-04-30T21:20:26+00:00","author":{"@id":"https:\/\/franciscanos.org.br\/noticias\/#\/schema\/person\/b5c8cba458c330ccff548b056e95a5d4"},"breadcrumb":{"@id":"https:\/\/franciscanos.org.br\/noticias\/concerto-dos-corais-dos-canarinhos-encanta-o-publico-de-campo-grande-ms.html#breadcrumb"},"inLanguage":"pt-BR","potentialAction":[{"@type":"ReadAction","target":["https:\/\/franciscanos.org.br\/noticias\/concerto-dos-corais-dos-canarinhos-encanta-o-publico-de-campo-grande-ms.html"]}]},{"@type":"BreadcrumbList","@id":"https:\/\/franciscanos.org.br\/noticias\/concerto-dos-corais-dos-canarinhos-encanta-o-publico-de-campo-grande-ms.html#breadcrumb","itemListElement":[{"@type":"ListItem","position":1,"name":"Home","item":"https:\/\/franciscanos.org.br\/noticias"},{"@type":"ListItem","position":2,"name":"Concerto dos Corais dos Canarinhos encanta o p\u00fablico de Campo Grande (MS)"}]},{"@type":"Person","@id":"https:\/\/franciscanos.org.br\/noticias\/#\/schema\/person\/b5c8cba458c330ccff548b056e95a5d4","name":"moacir","image":{"@type":"ImageObject","inLanguage":"pt-BR","@id":"https:\/\/franciscanos.org.br\/noticias\/#\/schema\/person\/image\/","url":"https:\/\/secure.gravatar.com\/avatar\/d08aa2ce4c8dd416d4479aa8536fcf64?s=96&d=mm&r=g","contentUrl":"https:\/\/secure.gravatar.com\/avatar\/d08aa2ce4c8dd416d4479aa8536fcf64?s=96&d=mm&r=g","caption":"moacir"},"url":"https:\/\/franciscanos.org.br\/noticias\/author\/moacir"}]}},"_links":{"self":[{"href":"https:\/\/franciscanos.org.br\/noticias\/wp-json\/wp\/v2\/posts\/237585"}],"collection":[{"href":"https:\/\/franciscanos.org.br\/noticias\/wp-json\/wp\/v2\/posts"}],"about":[{"href":"https:\/\/franciscanos.org.br\/noticias\/wp-json\/wp\/v2\/types\/post"}],"author":[{"embeddable":true,"href":"https:\/\/franciscanos.org.br\/noticias\/wp-json\/wp\/v2\/users\/3"}],"replies":[{"embeddable":true,"href":"https:\/\/franciscanos.org.br\/noticias\/wp-json\/wp\/v2\/comments?post=237585"}],"version-history":[{"count":4,"href":"https:\/\/franciscanos.org.br\/noticias\/wp-json\/wp\/v2\/posts\/237585\/revisions"}],"predecessor-version":[{"id":237603,"href":"https:\/\/franciscanos.org.br\/noticias\/wp-json\/wp\/v2\/posts\/237585\/revisions\/237603"}],"wp:featuredmedia":[{"embeddable":true,"href":"https:\/\/franciscanos.org.br\/noticias\/wp-json\/wp\/v2\/media\/237586"}],"wp:attachment":[{"href":"https:\/\/franciscanos.org.br\/noticias\/wp-json\/wp\/v2\/media?parent=237585"}],"wp:term":[{"taxonomy":"category","embeddable":true,"href":"https:\/\/franciscanos.org.br\/noticias\/wp-json\/wp\/v2\/categories?post=237585"},{"taxonomy":"post_tag","embeddable":true,"href":"https:\/\/franciscanos.org.br\/noticias\/wp-json\/wp\/v2\/tags?post=237585"}],"curies":[{"name":"wp","href":"https:\/\/api.w.org\/{rel}","templated":true}]}}