{"id":237581,"date":"2022-04-27T08:16:11","date_gmt":"2022-04-27T11:16:11","guid":{"rendered":"https:\/\/franciscanos.org.br\/noticias\/?p=237581"},"modified":"2022-04-27T08:16:11","modified_gmt":"2022-04-27T11:16:11","slug":"canarinhos-as-vozes-que-encantam-o-brasil-no-pantanal","status":"publish","type":"post","link":"https:\/\/franciscanos.org.br\/noticias\/canarinhos-as-vozes-que-encantam-o-brasil-no-pantanal.html","title":{"rendered":"Canarinhos, as vozes que encantam o Brasil, no Pantanal"},"content":{"rendered":"<p><img loading=\"lazy\" class=\"alignnone wp-image-237582 size-full\" src=\"https:\/\/franciscanos.org.br\/noticias\/wp-content\/uploads\/2022\/04\/canarinhos_2704.jpg\" alt=\"\" width=\"1280\" height=\"720\" srcset=\"https:\/\/franciscanos.org.br\/noticias\/wp-content\/uploads\/2022\/04\/canarinhos_2704.jpg 1280w, https:\/\/franciscanos.org.br\/noticias\/wp-content\/uploads\/2022\/04\/canarinhos_2704-450x253.jpg 450w, https:\/\/franciscanos.org.br\/noticias\/wp-content\/uploads\/2022\/04\/canarinhos_2704-1024x576.jpg 1024w, https:\/\/franciscanos.org.br\/noticias\/wp-content\/uploads\/2022\/04\/canarinhos_2704-768x432.jpg 768w, https:\/\/franciscanos.org.br\/noticias\/wp-content\/uploads\/2022\/04\/canarinhos_2704-150x84.jpg 150w\" sizes=\"(max-width: 1280px) 100vw, 1280px\" \/><\/p>\n<p><strong>Petr\u00f3polis (RJ) \u2013<\/strong> Depois de dois anos de pandemia e com atividades remotas, chegou a hora dos Corais dos Canarinhos de Petr\u00f3polis (RJ) botarem o p\u00e9 na estrada rumo \u00e0 capital dos ip\u00eas, Campo Grande, no estado do Mato Grosso do Sul (MS). H\u00e1 mais de oito meses, a viagem vem sendo planejada pela equipe do Instituto dos Meninos Cantores de Petr\u00f3polis (IMCP), que promete deixar seu recado art\u00edstico, pela primeira vez, em terras sul-mato-grossenses. De malas prontas, na bagagem consta um motivo especial: cantar na Ordena\u00e7\u00e3o Presbiteral e Primeira Missa de Frei Jorge Henrique Lisot Camargo, que por dois anos acompanhou os coralistas na Cidade Imperial.<\/p>\n<p>O roteiro da viagem come\u00e7a nesta quarta-feira (27\/04), com sa\u00edda marcada \u00e0s 14 horas e vai at\u00e9 o dia 2 de maio. Atrav\u00e9s das vozes das crian\u00e7as e jovens dos corais, a viagem tem tamb\u00e9m como objetivo divulgar a cidade de Petr\u00f3polis e o Ponto de Cultura de uma forma leve e tranquila atrav\u00e9s da m\u00fasica e da arte. Al\u00e9m da ordena\u00e7\u00e3o, os coralistas far\u00e3o um concerto na cidade de Campo Grande no dia 29 de abril, \u00e0s 20h.<\/p>\n<p>Sem nenhum apoio de empresa privada ou p\u00fablica, o IMCP se esfor\u00e7ou para que esta viagem, que n\u00e3o possui nenhum custo para as fam\u00edlias dos cantores, acontecesse. A verba \u00e9 origin\u00e1ria do projeto da \u201cComiss\u00e3o de Pais\u201d que existe no IMCP desde 2005. Al\u00e9m disso, para ajudar nos custos a institui\u00e7\u00e3o est\u00e1 vendendo <em>ecobags<\/em> pelo valor de R$ 20,00.<\/p>\n<p>Para o presidente do IMCP, Frei Marcos Antonio de Andrade, \u00e9 uma alegria poder realizar esta viagem para o MS. \u201cDepois de tantos momentos dif\u00edceis em nosso pa\u00eds, principalmente em nossa cidade, poder marcar presen\u00e7a nestes eventos \u00e9, sem d\u00favida, uma grande d\u00e1diva, fruto de muito esfor\u00e7o e dedica\u00e7\u00e3o de todos os coralistas, bem como de seus maestros, pais e equipe administrativa do Instituto\u201d, disse.<\/p>\n<p>Frei Marcos explica que viagens como esta ajudam na forma\u00e7\u00e3o humana, integral e espiritual dos Corais. \u201cSem d\u00favida, \u00e9 um importante momento para estarmos juntos e afinados com aquilo que nosso pai S\u00e3o Francisco sempre nos pediu: cantarmos os louvores de Deus e de toda a cria\u00e7\u00e3o\u201d, frisou.<\/p>\n<p><img loading=\"lazy\" class=\"size-medium wp-image-237583 alignright\" src=\"https:\/\/franciscanos.org.br\/noticias\/wp-content\/uploads\/2022\/04\/canarinhos_2704_logo-450x395.jpg\" alt=\"\" width=\"450\" height=\"395\" srcset=\"https:\/\/franciscanos.org.br\/noticias\/wp-content\/uploads\/2022\/04\/canarinhos_2704_logo-450x395.jpg 450w, https:\/\/franciscanos.org.br\/noticias\/wp-content\/uploads\/2022\/04\/canarinhos_2704_logo-150x132.jpg 150w, https:\/\/franciscanos.org.br\/noticias\/wp-content\/uploads\/2022\/04\/canarinhos_2704_logo.jpg 500w\" sizes=\"(max-width: 450px) 100vw, 450px\" \/><\/p>\n<p>Frei Jorge que ser\u00e1 ordenado presb\u00edtero na Catedral de Dourados no dia 1\u00ba de maio, \u00e0s 10h, n\u00e3o esconde a alegria e satisfa\u00e7\u00e3o de receber os coralistas. \u201cMinha expectativa com a vinda do coral ao MS \u00e9 muito grande, porque esta viagem implica o encontro de dois mundos diferentes e ser\u00e1 uma experi\u00eancia nova tanto para os coralistas como para os sul-mato-grossenses\u201d, afirmou. \u201cSer de alguma forma, a ponte para este evento me deixa muito honrado e eu desejo que, no conjunto de tudo, brilhe a beleza daquilo que cremos e ensinamos e que as pessoas se encantem com o que os Canarinhos sabem fazer de melhor: cantar\u201d, acrescentou.<\/p>\n<p>\u201cMeu percurso vocacional na vida franciscana completa 11 anos e celebrar a Ordena\u00e7\u00e3o Presbiteral com a presen\u00e7a do Coral dos Canarinhos e das Meninas dos Canarinhos \u00e9 algo que, at\u00e9 pouco tempo parecia apenas um sonho. Trabalhei com os corais por dois anos, durante os quais participei de ensaios, viajei para congressos e apresenta\u00e7\u00f5es e pensava: quando ser\u00e1 que teremos a chance de mostrar este trabalho no Mato Grosso do Sul? Jamais imaginaria que isso se realizaria em um momento t\u00e3o especial da minha vida\u201d, revelou.<\/p>\n<p>Para o diretor art\u00edstico e maestro do Coral dos Canarinhos, Marco Aur\u00e9lio Lischt, as expectativas s\u00e3o grandes em v\u00e1rios aspectos. Segundo ele, os sul-mato-grossenses podem esperar um programa sacro e popular. \u201cEsperamos contribuir para que o nosso Brasil se torne um pa\u00eds melhor com mais m\u00fasica e menos conflitos sociais\u201d, disse.<\/p>\n<p>No entanto, depois de tanto tempo com ensaios remotos, os desafios de levar o coro para cumprir sua principal finalidade que \u00e9 a de cantar n\u00e3o foi f\u00e1cil. \u201cUm dos desafios \u00e9 restaurar o som do coro, com os diversos aspectos que nele s\u00e3o necess\u00e1rios. Como ficaram por muito tempo longe uns dos outros, estamos reaprendendo a ouvir, para depois poder cantar\u201d, sublinhou. E garantiu um repert\u00f3rio com can\u00e7\u00f5es como, Ave Maria de Bach\/Gounod, Hallelujah de Haendel, Correnteza de Tom Jobim, como tamb\u00e9m outros grandes sucessos da M\u00fasica Popular Brasileira (MPB).<\/p>\n<p>Educadora franciscana h\u00e1 mais de 20 anos, Rose de Mello, tamb\u00e9m \u00e9 gestora do IMCP. Para ela, as expectativas s\u00e3o as melhores. \u201cPenso que uma viagem deste porte \u00e9 muito importante na forma\u00e7\u00e3o dos coralistas. Al\u00e9m da m\u00fasica, em uma viagem como esta s\u00e3o desenvolvidos v\u00e1rios aspectos, como a rela\u00e7\u00e3o interpessoal, o contato com uma cultura diferente e a oportunidade de vivenciar o lugar e n\u00e3o somente conhecer\u201d, disse. Segundo ela, um dos principais desafios foi levantar verba para o pagamento da viagem. \u201cEstamos saindo de uma pandemia e o setor de cultura foi um dos mais afetados, por isso, estamos aceitando doa\u00e7\u00f5es\u201d.<\/p>\n<p>O maestro titular do Coral das Meninas dos Canarinhos, Marcelo Vizzani, tamb\u00e9m acompanhar\u00e1 a viagem e destaca a alegria de juntar os dois corais nesta empreitada. \u201cIsso \u00e9 um fortalecimento institucional\u201d, destacou. Para ele, uma viagem \u00e9 sempre importante. \u201cN\u00e3o \u00e9 um passeio, \u00e9 uma turn\u00ea art\u00edstica que contempla disciplina, esfor\u00e7os de fazer o melhor, al\u00e9m de aumentar o leque cultural e educativo de todos os coralistas\u201d.<\/p>\n<p>Uma identidade visual foi criada para a viagem pelo designer gr\u00e1fico Alexandre Campos. A logo com letras grandes e de forma estilizada apresenta aspectos do Pantanal, como o longo p\u00f4r do sol no horizonte, o famoso ip\u00ea e tamb\u00e9m os jaburus, s\u00edmbolos e cen\u00e1rios t\u00edpicos do MS.<\/p>\n<p>Acompanhe a viagem dos corais pelas m\u00eddias digitais do Coral dos Canarinhos de Petr\u00f3polis.<\/p>\n<hr \/>\n<p><em>Frei Augusto Luiz Gabriel<\/em><\/p>\n<p>&nbsp;<\/p>\n","protected":false},"excerpt":{"rendered":"<p>Corais dos Canarinhos de Petr\u00f3polis <\/p>\n","protected":false},"author":3,"featured_media":237582,"comment_status":"open","ping_status":"open","sticky":false,"template":"","format":"standard","meta":[],"categories":[1],"tags":[1378],"acf":[],"yoast_head":"<!-- This site is optimized with the Yoast SEO plugin v19.2 - https:\/\/yoast.com\/wordpress\/plugins\/seo\/ -->\n<title>Canarinhos, as vozes que encantam o Brasil, no Pantanal - Not\u00edcias - Franciscanos<\/title>\n<meta name=\"robots\" content=\"index, follow, max-snippet:-1, max-image-preview:large, max-video-preview:-1\" \/>\n<link rel=\"canonical\" href=\"https:\/\/franciscanos.org.br\/noticias\/canarinhos-as-vozes-que-encantam-o-brasil-no-pantanal.html\" \/>\n<meta property=\"og:locale\" content=\"pt_BR\" \/>\n<meta property=\"og:type\" content=\"article\" \/>\n<meta property=\"og:title\" content=\"Canarinhos, as vozes que encantam o Brasil, no Pantanal - Not\u00edcias - Franciscanos\" \/>\n<meta property=\"og:description\" content=\"Corais dos Canarinhos de Petr\u00f3polis\" \/>\n<meta property=\"og:url\" content=\"https:\/\/franciscanos.org.br\/noticias\/canarinhos-as-vozes-que-encantam-o-brasil-no-pantanal.html\" \/>\n<meta property=\"og:site_name\" content=\"Not\u00edcias - Franciscanos\" \/>\n<meta property=\"article:published_time\" content=\"2022-04-27T11:16:11+00:00\" \/>\n<meta property=\"og:image\" content=\"https:\/\/franciscanos.org.br\/noticias\/wp-content\/uploads\/2022\/04\/canarinhos_2704.jpg\" \/>\n\t<meta property=\"og:image:width\" content=\"1280\" \/>\n\t<meta property=\"og:image:height\" content=\"720\" \/>\n\t<meta property=\"og:image:type\" content=\"image\/jpeg\" \/>\n<meta name=\"author\" content=\"moacir\" \/>\n<meta name=\"twitter:card\" content=\"summary_large_image\" \/>\n<meta name=\"twitter:label1\" content=\"Escrito por\" \/>\n\t<meta name=\"twitter:data1\" content=\"moacir\" \/>\n\t<meta name=\"twitter:label2\" content=\"Est. tempo de leitura\" \/>\n\t<meta name=\"twitter:data2\" content=\"5 minutos\" \/>\n<script type=\"application\/ld+json\" class=\"yoast-schema-graph\">{\"@context\":\"https:\/\/schema.org\",\"@graph\":[{\"@type\":\"WebSite\",\"@id\":\"https:\/\/franciscanos.org.br\/noticias\/#website\",\"url\":\"https:\/\/franciscanos.org.br\/noticias\/\",\"name\":\"Not\u00edcias - Franciscanos\",\"description\":\"Prov\u00edncia Franciscana da Imaculada Concei\u00e7\u00e3o do Brasil - Ordem dos Frades Menores - OFM\",\"potentialAction\":[{\"@type\":\"SearchAction\",\"target\":{\"@type\":\"EntryPoint\",\"urlTemplate\":\"https:\/\/franciscanos.org.br\/noticias\/?s={search_term_string}\"},\"query-input\":\"required name=search_term_string\"}],\"inLanguage\":\"pt-BR\"},{\"@type\":\"ImageObject\",\"inLanguage\":\"pt-BR\",\"@id\":\"https:\/\/franciscanos.org.br\/noticias\/canarinhos-as-vozes-que-encantam-o-brasil-no-pantanal.html#primaryimage\",\"url\":\"https:\/\/franciscanos.org.br\/noticias\/wp-content\/uploads\/2022\/04\/canarinhos_2704.jpg\",\"contentUrl\":\"https:\/\/franciscanos.org.br\/noticias\/wp-content\/uploads\/2022\/04\/canarinhos_2704.jpg\",\"width\":1280,\"height\":720},{\"@type\":\"WebPage\",\"@id\":\"https:\/\/franciscanos.org.br\/noticias\/canarinhos-as-vozes-que-encantam-o-brasil-no-pantanal.html#webpage\",\"url\":\"https:\/\/franciscanos.org.br\/noticias\/canarinhos-as-vozes-que-encantam-o-brasil-no-pantanal.html\",\"name\":\"Canarinhos, as vozes que encantam o Brasil, no Pantanal - Not\u00edcias - Franciscanos\",\"isPartOf\":{\"@id\":\"https:\/\/franciscanos.org.br\/noticias\/#website\"},\"primaryImageOfPage\":{\"@id\":\"https:\/\/franciscanos.org.br\/noticias\/canarinhos-as-vozes-que-encantam-o-brasil-no-pantanal.html#primaryimage\"},\"datePublished\":\"2022-04-27T11:16:11+00:00\",\"dateModified\":\"2022-04-27T11:16:11+00:00\",\"author\":{\"@id\":\"https:\/\/franciscanos.org.br\/noticias\/#\/schema\/person\/b5c8cba458c330ccff548b056e95a5d4\"},\"breadcrumb\":{\"@id\":\"https:\/\/franciscanos.org.br\/noticias\/canarinhos-as-vozes-que-encantam-o-brasil-no-pantanal.html#breadcrumb\"},\"inLanguage\":\"pt-BR\",\"potentialAction\":[{\"@type\":\"ReadAction\",\"target\":[\"https:\/\/franciscanos.org.br\/noticias\/canarinhos-as-vozes-que-encantam-o-brasil-no-pantanal.html\"]}]},{\"@type\":\"BreadcrumbList\",\"@id\":\"https:\/\/franciscanos.org.br\/noticias\/canarinhos-as-vozes-que-encantam-o-brasil-no-pantanal.html#breadcrumb\",\"itemListElement\":[{\"@type\":\"ListItem\",\"position\":1,\"name\":\"Home\",\"item\":\"https:\/\/franciscanos.org.br\/noticias\"},{\"@type\":\"ListItem\",\"position\":2,\"name\":\"Canarinhos, as vozes que encantam o Brasil, no Pantanal\"}]},{\"@type\":\"Person\",\"@id\":\"https:\/\/franciscanos.org.br\/noticias\/#\/schema\/person\/b5c8cba458c330ccff548b056e95a5d4\",\"name\":\"moacir\",\"image\":{\"@type\":\"ImageObject\",\"inLanguage\":\"pt-BR\",\"@id\":\"https:\/\/franciscanos.org.br\/noticias\/#\/schema\/person\/image\/\",\"url\":\"https:\/\/secure.gravatar.com\/avatar\/d08aa2ce4c8dd416d4479aa8536fcf64?s=96&d=mm&r=g\",\"contentUrl\":\"https:\/\/secure.gravatar.com\/avatar\/d08aa2ce4c8dd416d4479aa8536fcf64?s=96&d=mm&r=g\",\"caption\":\"moacir\"},\"url\":\"https:\/\/franciscanos.org.br\/noticias\/author\/moacir\"}]}<\/script>\n<!-- \/ Yoast SEO plugin. -->","yoast_head_json":{"title":"Canarinhos, as vozes que encantam o Brasil, no Pantanal - Not\u00edcias - Franciscanos","robots":{"index":"index","follow":"follow","max-snippet":"max-snippet:-1","max-image-preview":"max-image-preview:large","max-video-preview":"max-video-preview:-1"},"canonical":"https:\/\/franciscanos.org.br\/noticias\/canarinhos-as-vozes-que-encantam-o-brasil-no-pantanal.html","og_locale":"pt_BR","og_type":"article","og_title":"Canarinhos, as vozes que encantam o Brasil, no Pantanal - Not\u00edcias - Franciscanos","og_description":"Corais dos Canarinhos de Petr\u00f3polis","og_url":"https:\/\/franciscanos.org.br\/noticias\/canarinhos-as-vozes-que-encantam-o-brasil-no-pantanal.html","og_site_name":"Not\u00edcias - Franciscanos","article_published_time":"2022-04-27T11:16:11+00:00","og_image":[{"width":1280,"height":720,"url":"https:\/\/franciscanos.org.br\/noticias\/wp-content\/uploads\/2022\/04\/canarinhos_2704.jpg","type":"image\/jpeg"}],"author":"moacir","twitter_card":"summary_large_image","twitter_misc":{"Escrito por":"moacir","Est. tempo de leitura":"5 minutos"},"schema":{"@context":"https:\/\/schema.org","@graph":[{"@type":"WebSite","@id":"https:\/\/franciscanos.org.br\/noticias\/#website","url":"https:\/\/franciscanos.org.br\/noticias\/","name":"Not\u00edcias - Franciscanos","description":"Prov\u00edncia Franciscana da Imaculada Concei\u00e7\u00e3o do Brasil - Ordem dos Frades Menores - OFM","potentialAction":[{"@type":"SearchAction","target":{"@type":"EntryPoint","urlTemplate":"https:\/\/franciscanos.org.br\/noticias\/?s={search_term_string}"},"query-input":"required name=search_term_string"}],"inLanguage":"pt-BR"},{"@type":"ImageObject","inLanguage":"pt-BR","@id":"https:\/\/franciscanos.org.br\/noticias\/canarinhos-as-vozes-que-encantam-o-brasil-no-pantanal.html#primaryimage","url":"https:\/\/franciscanos.org.br\/noticias\/wp-content\/uploads\/2022\/04\/canarinhos_2704.jpg","contentUrl":"https:\/\/franciscanos.org.br\/noticias\/wp-content\/uploads\/2022\/04\/canarinhos_2704.jpg","width":1280,"height":720},{"@type":"WebPage","@id":"https:\/\/franciscanos.org.br\/noticias\/canarinhos-as-vozes-que-encantam-o-brasil-no-pantanal.html#webpage","url":"https:\/\/franciscanos.org.br\/noticias\/canarinhos-as-vozes-que-encantam-o-brasil-no-pantanal.html","name":"Canarinhos, as vozes que encantam o Brasil, no Pantanal - Not\u00edcias - Franciscanos","isPartOf":{"@id":"https:\/\/franciscanos.org.br\/noticias\/#website"},"primaryImageOfPage":{"@id":"https:\/\/franciscanos.org.br\/noticias\/canarinhos-as-vozes-que-encantam-o-brasil-no-pantanal.html#primaryimage"},"datePublished":"2022-04-27T11:16:11+00:00","dateModified":"2022-04-27T11:16:11+00:00","author":{"@id":"https:\/\/franciscanos.org.br\/noticias\/#\/schema\/person\/b5c8cba458c330ccff548b056e95a5d4"},"breadcrumb":{"@id":"https:\/\/franciscanos.org.br\/noticias\/canarinhos-as-vozes-que-encantam-o-brasil-no-pantanal.html#breadcrumb"},"inLanguage":"pt-BR","potentialAction":[{"@type":"ReadAction","target":["https:\/\/franciscanos.org.br\/noticias\/canarinhos-as-vozes-que-encantam-o-brasil-no-pantanal.html"]}]},{"@type":"BreadcrumbList","@id":"https:\/\/franciscanos.org.br\/noticias\/canarinhos-as-vozes-que-encantam-o-brasil-no-pantanal.html#breadcrumb","itemListElement":[{"@type":"ListItem","position":1,"name":"Home","item":"https:\/\/franciscanos.org.br\/noticias"},{"@type":"ListItem","position":2,"name":"Canarinhos, as vozes que encantam o Brasil, no Pantanal"}]},{"@type":"Person","@id":"https:\/\/franciscanos.org.br\/noticias\/#\/schema\/person\/b5c8cba458c330ccff548b056e95a5d4","name":"moacir","image":{"@type":"ImageObject","inLanguage":"pt-BR","@id":"https:\/\/franciscanos.org.br\/noticias\/#\/schema\/person\/image\/","url":"https:\/\/secure.gravatar.com\/avatar\/d08aa2ce4c8dd416d4479aa8536fcf64?s=96&d=mm&r=g","contentUrl":"https:\/\/secure.gravatar.com\/avatar\/d08aa2ce4c8dd416d4479aa8536fcf64?s=96&d=mm&r=g","caption":"moacir"},"url":"https:\/\/franciscanos.org.br\/noticias\/author\/moacir"}]}},"_links":{"self":[{"href":"https:\/\/franciscanos.org.br\/noticias\/wp-json\/wp\/v2\/posts\/237581"}],"collection":[{"href":"https:\/\/franciscanos.org.br\/noticias\/wp-json\/wp\/v2\/posts"}],"about":[{"href":"https:\/\/franciscanos.org.br\/noticias\/wp-json\/wp\/v2\/types\/post"}],"author":[{"embeddable":true,"href":"https:\/\/franciscanos.org.br\/noticias\/wp-json\/wp\/v2\/users\/3"}],"replies":[{"embeddable":true,"href":"https:\/\/franciscanos.org.br\/noticias\/wp-json\/wp\/v2\/comments?post=237581"}],"version-history":[{"count":1,"href":"https:\/\/franciscanos.org.br\/noticias\/wp-json\/wp\/v2\/posts\/237581\/revisions"}],"predecessor-version":[{"id":237584,"href":"https:\/\/franciscanos.org.br\/noticias\/wp-json\/wp\/v2\/posts\/237581\/revisions\/237584"}],"wp:featuredmedia":[{"embeddable":true,"href":"https:\/\/franciscanos.org.br\/noticias\/wp-json\/wp\/v2\/media\/237582"}],"wp:attachment":[{"href":"https:\/\/franciscanos.org.br\/noticias\/wp-json\/wp\/v2\/media?parent=237581"}],"wp:term":[{"taxonomy":"category","embeddable":true,"href":"https:\/\/franciscanos.org.br\/noticias\/wp-json\/wp\/v2\/categories?post=237581"},{"taxonomy":"post_tag","embeddable":true,"href":"https:\/\/franciscanos.org.br\/noticias\/wp-json\/wp\/v2\/tags?post=237581"}],"curies":[{"name":"wp","href":"https:\/\/api.w.org\/{rel}","templated":true}]}}