{"id":237571,"date":"2022-04-24T12:12:21","date_gmt":"2022-04-24T15:12:21","guid":{"rendered":"https:\/\/franciscanos.org.br\/noticias\/?p=237571"},"modified":"2023-01-03T14:07:31","modified_gmt":"2023-01-03T17:07:31","slug":"d-paulo-nao-foi-a-igreja-catolica-que-inventou-a-devocao-a-nossa-senhora","status":"publish","type":"post","link":"https:\/\/franciscanos.org.br\/noticias\/d-paulo-nao-foi-a-igreja-catolica-que-inventou-a-devocao-a-nossa-senhora.html","title":{"rendered":"D. Paulo: &#8220;N\u00e3o foi a Igreja cat\u00f3lica que inventou a devo\u00e7\u00e3o a Nossa Senhora&#8230;&#8221;"},"content":{"rendered":"<p><img loading=\"lazy\" class=\"alignnone wp-image-237572 size-full\" src=\"https:\/\/franciscanos.org.br\/noticias\/wp-content\/uploads\/2022\/04\/colatina_25.jpg\" alt=\"\" width=\"1280\" height=\"960\" srcset=\"https:\/\/franciscanos.org.br\/noticias\/wp-content\/uploads\/2022\/04\/colatina_25.jpg 1280w, https:\/\/franciscanos.org.br\/noticias\/wp-content\/uploads\/2022\/04\/colatina_25-450x338.jpg 450w, https:\/\/franciscanos.org.br\/noticias\/wp-content\/uploads\/2022\/04\/colatina_25-1024x768.jpg 1024w, https:\/\/franciscanos.org.br\/noticias\/wp-content\/uploads\/2022\/04\/colatina_25-768x576.jpg 768w, https:\/\/franciscanos.org.br\/noticias\/wp-content\/uploads\/2022\/04\/colatina_25-150x113.jpg 150w, https:\/\/franciscanos.org.br\/noticias\/wp-content\/uploads\/2022\/04\/colatina_25-600x450.jpg 600w\" sizes=\"(max-width: 1280px) 100vw, 1280px\" \/><\/p>\n<p>A Diocese de Colatina foi a \u00faltima do Estado a subir o Morro da Penha no domingo, 24 de abril, para prestar sua homenagem \u00e0 Padroeira do Estado do Esp\u00edrito Santo, Nossa Senhora da Penha. Cerca de 30 \u00f4nibus, que envolveu padres, seminaristas e devotos da maioria das par\u00f3quias da Diocese, vieram do Norte do Estado com o bispo diocesano Dom Paulo Bosi Dal\u2019B\u00f3. \u00c0s 8 horas, os romeiros subiram cantando e rezando o Morro da Penha e, \u00e0s 9 horas, D. Paulo presidiu a Celebra\u00e7\u00e3o Eucar\u00edstica.<\/p>\n<p>A instala\u00e7\u00e3o da Diocese foi realizada pelo ent\u00e3o N\u00fancio Apost\u00f3lico no Brasil, Dom Carlo Furno, em 15 de julho de 1990, data em que tomou posse seu primeiro bispo, Dom Geraldo Lyrio Rocha. A Diocese de Colatina foi criada pelo Papa Jo\u00e3o Paulo II, no dia 23 de abril de 1990, como parte da prov\u00edncia eclesi\u00e1stica do Estado do Esp\u00edrito Santo. Antes a regi\u00e3o pertencia \u00e0 Arquidiocese de Vit\u00f3ria. A Prov\u00edncia da Imaculada Concei\u00e7\u00e3o tem a Fraternidade Frei Galv\u00e3o a servi\u00e7o da Par\u00f3quia Santa Clara em Colatina.<\/p>\n<p>&#8220;Queridos irm\u00e3os e irm\u00e3s, que bom estarmos aqui hoje! Que bom termos podido celebrar com alegria e participa\u00e7\u00e3o do povo e que est\u00e1 quase sem m\u00e1scara a semana santa do Senhor, para podermos celebrar a festa de Nossa Senhora da Penha, Padroeira do Esp\u00edrito Santo. A f\u00e9 crist\u00e3 cat\u00f3lica \u00e9 mais cara por estas terras por causa da devo\u00e7\u00e3o da Senhora da Penha. Aqui temos essa devo\u00e7\u00e3o profunda, que, com muito zelo \u00e9 cuidada e alimentada pelos franciscanos. Nossa Senhora da Alegria, festejamos logo depois da P\u00e1scoa, exatamente pela alegria do Cristo Ressuscitado e porque a imagem foi trazida para este Convento da Penha e passou a ser chamada de Nossa Senhora da Penha&#8221;, disse D. Paulo.<\/p>\n<p><img loading=\"lazy\" class=\"alignnone wp-image-237573 size-full\" src=\"https:\/\/franciscanos.org.br\/noticias\/wp-content\/uploads\/2022\/04\/colatina_25_2.jpg\" alt=\"\" width=\"1280\" height=\"853\" srcset=\"https:\/\/franciscanos.org.br\/noticias\/wp-content\/uploads\/2022\/04\/colatina_25_2.jpg 1280w, https:\/\/franciscanos.org.br\/noticias\/wp-content\/uploads\/2022\/04\/colatina_25_2-450x300.jpg 450w, https:\/\/franciscanos.org.br\/noticias\/wp-content\/uploads\/2022\/04\/colatina_25_2-1024x682.jpg 1024w, https:\/\/franciscanos.org.br\/noticias\/wp-content\/uploads\/2022\/04\/colatina_25_2-768x512.jpg 768w, https:\/\/franciscanos.org.br\/noticias\/wp-content\/uploads\/2022\/04\/colatina_25_2-150x100.jpg 150w\" sizes=\"(max-width: 1280px) 100vw, 1280px\" \/><\/p>\n<p>&#8220;N\u00e3o foi a Igreja cat\u00f3lica que inventou a devo\u00e7\u00e3o a Nossa Senhora. Foi Jesus Cristo mesmo, que nos deu como M\u00e3e. Acabamos de celebrar o Tr\u00edduo Pascal e lembramos a Sexta-feira da Paix\u00e3o. O Cristo disse \u00e0queles que estavam ao p\u00e9 da cruz, a Virgem Maria e o disc\u00edpulo amado que representava todos n\u00f3s: &#8216;Mulher, eis a\u00ed o teu Filho. Filho, eis a\u00ed a tua m\u00e3e&#8217;. Ent\u00e3o, vejam: Jesus pediu a Nossa Senhora que ela n\u00e3o se ocupasse tanto com seu sofrimento, com sua paix\u00e3o, com sua morte, mas que ela assumisse uma maternidade em rela\u00e7\u00e3o a n\u00f3s, em rela\u00e7\u00e3o aos seus disc\u00edpulos. &#8216;Mulher, eis o teu filho; Filho, eis a\u00ed a tua m\u00e3e&#8217;. E desde aquele dia, o disc\u00edpulo amado a recebeu em sua casa. Eis o que a Igreja Cat\u00f3lica fez e faz. Ela acolhe em sua casa o testamento espiritual do Senhor manifestado no alto do Calv\u00e1rio. Aos p\u00e9s da cruz, Jesus nos deu Maria como M\u00e3e. M\u00e3e de Jeus, a M\u00e3e de Deus que se fez homem. Ela \u00e9 a M\u00e3e da Igreja&#8221;, explicou.<\/p>\n<p>Falando sobre o tema da Festa, &#8220;Sa\u00fade dos Enfermos, rogai por n\u00f3s&#8221;, lembrou a import\u00e2ncia da sa\u00fade integral. &#8220;N\u00e3o \u00e9 s\u00f3 um aspecto da vida, n\u00e3o \u00e9 s\u00f3 n\u00e3o ter Covid, n\u00e3o \u00e9 s\u00f3 ficar resfriado, gripado, n\u00e3o \u00e9 s\u00f3 n\u00e3o ter dor nas costas, n\u00e3o! Sa\u00fade integral significa ter uma vida de acordo com projeto de Deus. Uma vida que n\u00e3o \u00e9 s\u00f3 <em>bios.<\/em> A palavra <em>bios<\/em> vem do grego que significa vida. Biodiversidade que podemos contemplar neste lugar, biologia e assim por diante. Esta palavra diz respeito \u00e0 vida. Mas a vida de Jesus n\u00e3o veio trazer s\u00f3 vida<em> bios<\/em>. O texto de Jo\u00e3o, cap 10, vers\u00edculo 10, diz: &#8216;Eu vim para que todos tenham vida e vida em abund\u00e2ncia&#8217;. Vida em plenitude. Sabe qual a palavra grega usada? N\u00e3o \u00e9<em> bios<\/em> mas <em>zoe<\/em>. \u00c9 uma palavra que significa vida definitiva, vida eterna, vida plena. Ent\u00e3o, \u00e9 muito mais que <em>bios<\/em>&#8220;, acrescentou.<\/p>\n<hr \/>\n<p><em>Comunica\u00e7\u00e3o da Prov\u00edncia da Imaculada Concei\u00e7\u00e3o\u00a0<\/em><\/p>\n","protected":false},"excerpt":{"rendered":"<p>Romaria da Diocese de Colatina<\/p>\n","protected":false},"author":3,"featured_media":237572,"comment_status":"open","ping_status":"open","sticky":false,"template":"","format":"standard","meta":[],"categories":[1],"tags":[1999],"acf":[],"yoast_head":"<!-- This site is optimized with the Yoast SEO plugin v19.2 - https:\/\/yoast.com\/wordpress\/plugins\/seo\/ -->\n<title>D. Paulo: &quot;N\u00e3o foi a Igreja cat\u00f3lica que inventou a devo\u00e7\u00e3o a Nossa Senhora...&quot; - Not\u00edcias - Franciscanos<\/title>\n<meta name=\"robots\" content=\"index, follow, max-snippet:-1, max-image-preview:large, max-video-preview:-1\" \/>\n<link rel=\"canonical\" href=\"https:\/\/franciscanos.org.br\/noticias\/d-paulo-nao-foi-a-igreja-catolica-que-inventou-a-devocao-a-nossa-senhora.html\" \/>\n<meta property=\"og:locale\" content=\"pt_BR\" \/>\n<meta property=\"og:type\" content=\"article\" \/>\n<meta property=\"og:title\" content=\"D. Paulo: &quot;N\u00e3o foi a Igreja cat\u00f3lica que inventou a devo\u00e7\u00e3o a Nossa Senhora...&quot; - Not\u00edcias - Franciscanos\" \/>\n<meta property=\"og:description\" content=\"Romaria da Diocese de Colatina\" \/>\n<meta property=\"og:url\" content=\"https:\/\/franciscanos.org.br\/noticias\/d-paulo-nao-foi-a-igreja-catolica-que-inventou-a-devocao-a-nossa-senhora.html\" \/>\n<meta property=\"og:site_name\" content=\"Not\u00edcias - Franciscanos\" \/>\n<meta property=\"article:published_time\" content=\"2022-04-24T15:12:21+00:00\" \/>\n<meta property=\"article:modified_time\" content=\"2023-01-03T17:07:31+00:00\" \/>\n<meta property=\"og:image\" content=\"https:\/\/franciscanos.org.br\/noticias\/wp-content\/uploads\/2022\/04\/colatina_25.jpg\" \/>\n\t<meta property=\"og:image:width\" content=\"1280\" \/>\n\t<meta property=\"og:image:height\" content=\"960\" \/>\n\t<meta property=\"og:image:type\" content=\"image\/jpeg\" \/>\n<meta name=\"author\" content=\"moacir\" \/>\n<meta name=\"twitter:card\" content=\"summary_large_image\" \/>\n<meta name=\"twitter:label1\" content=\"Escrito por\" \/>\n\t<meta name=\"twitter:data1\" content=\"moacir\" \/>\n\t<meta name=\"twitter:label2\" content=\"Est. tempo de leitura\" \/>\n\t<meta name=\"twitter:data2\" content=\"3 minutos\" \/>\n<script type=\"application\/ld+json\" class=\"yoast-schema-graph\">{\"@context\":\"https:\/\/schema.org\",\"@graph\":[{\"@type\":\"WebSite\",\"@id\":\"https:\/\/franciscanos.org.br\/noticias\/#website\",\"url\":\"https:\/\/franciscanos.org.br\/noticias\/\",\"name\":\"Not\u00edcias - Franciscanos\",\"description\":\"Prov\u00edncia Franciscana da Imaculada Concei\u00e7\u00e3o do Brasil - Ordem dos Frades Menores - OFM\",\"potentialAction\":[{\"@type\":\"SearchAction\",\"target\":{\"@type\":\"EntryPoint\",\"urlTemplate\":\"https:\/\/franciscanos.org.br\/noticias\/?s={search_term_string}\"},\"query-input\":\"required name=search_term_string\"}],\"inLanguage\":\"pt-BR\"},{\"@type\":\"ImageObject\",\"inLanguage\":\"pt-BR\",\"@id\":\"https:\/\/franciscanos.org.br\/noticias\/d-paulo-nao-foi-a-igreja-catolica-que-inventou-a-devocao-a-nossa-senhora.html#primaryimage\",\"url\":\"https:\/\/franciscanos.org.br\/noticias\/wp-content\/uploads\/2022\/04\/colatina_25.jpg\",\"contentUrl\":\"https:\/\/franciscanos.org.br\/noticias\/wp-content\/uploads\/2022\/04\/colatina_25.jpg\",\"width\":1280,\"height\":960},{\"@type\":\"WebPage\",\"@id\":\"https:\/\/franciscanos.org.br\/noticias\/d-paulo-nao-foi-a-igreja-catolica-que-inventou-a-devocao-a-nossa-senhora.html#webpage\",\"url\":\"https:\/\/franciscanos.org.br\/noticias\/d-paulo-nao-foi-a-igreja-catolica-que-inventou-a-devocao-a-nossa-senhora.html\",\"name\":\"D. Paulo: \\\"N\u00e3o foi a Igreja cat\u00f3lica que inventou a devo\u00e7\u00e3o a Nossa Senhora...\\\" - Not\u00edcias - Franciscanos\",\"isPartOf\":{\"@id\":\"https:\/\/franciscanos.org.br\/noticias\/#website\"},\"primaryImageOfPage\":{\"@id\":\"https:\/\/franciscanos.org.br\/noticias\/d-paulo-nao-foi-a-igreja-catolica-que-inventou-a-devocao-a-nossa-senhora.html#primaryimage\"},\"datePublished\":\"2022-04-24T15:12:21+00:00\",\"dateModified\":\"2023-01-03T17:07:31+00:00\",\"author\":{\"@id\":\"https:\/\/franciscanos.org.br\/noticias\/#\/schema\/person\/b5c8cba458c330ccff548b056e95a5d4\"},\"breadcrumb\":{\"@id\":\"https:\/\/franciscanos.org.br\/noticias\/d-paulo-nao-foi-a-igreja-catolica-que-inventou-a-devocao-a-nossa-senhora.html#breadcrumb\"},\"inLanguage\":\"pt-BR\",\"potentialAction\":[{\"@type\":\"ReadAction\",\"target\":[\"https:\/\/franciscanos.org.br\/noticias\/d-paulo-nao-foi-a-igreja-catolica-que-inventou-a-devocao-a-nossa-senhora.html\"]}]},{\"@type\":\"BreadcrumbList\",\"@id\":\"https:\/\/franciscanos.org.br\/noticias\/d-paulo-nao-foi-a-igreja-catolica-que-inventou-a-devocao-a-nossa-senhora.html#breadcrumb\",\"itemListElement\":[{\"@type\":\"ListItem\",\"position\":1,\"name\":\"Home\",\"item\":\"https:\/\/franciscanos.org.br\/noticias\"},{\"@type\":\"ListItem\",\"position\":2,\"name\":\"D. Paulo: &#8220;N\u00e3o foi a Igreja cat\u00f3lica que inventou a devo\u00e7\u00e3o a Nossa Senhora&#8230;&#8221;\"}]},{\"@type\":\"Person\",\"@id\":\"https:\/\/franciscanos.org.br\/noticias\/#\/schema\/person\/b5c8cba458c330ccff548b056e95a5d4\",\"name\":\"moacir\",\"image\":{\"@type\":\"ImageObject\",\"inLanguage\":\"pt-BR\",\"@id\":\"https:\/\/franciscanos.org.br\/noticias\/#\/schema\/person\/image\/\",\"url\":\"https:\/\/secure.gravatar.com\/avatar\/d08aa2ce4c8dd416d4479aa8536fcf64?s=96&d=mm&r=g\",\"contentUrl\":\"https:\/\/secure.gravatar.com\/avatar\/d08aa2ce4c8dd416d4479aa8536fcf64?s=96&d=mm&r=g\",\"caption\":\"moacir\"},\"url\":\"https:\/\/franciscanos.org.br\/noticias\/author\/moacir\"}]}<\/script>\n<!-- \/ Yoast SEO plugin. -->","yoast_head_json":{"title":"D. Paulo: \"N\u00e3o foi a Igreja cat\u00f3lica que inventou a devo\u00e7\u00e3o a Nossa Senhora...\" - Not\u00edcias - Franciscanos","robots":{"index":"index","follow":"follow","max-snippet":"max-snippet:-1","max-image-preview":"max-image-preview:large","max-video-preview":"max-video-preview:-1"},"canonical":"https:\/\/franciscanos.org.br\/noticias\/d-paulo-nao-foi-a-igreja-catolica-que-inventou-a-devocao-a-nossa-senhora.html","og_locale":"pt_BR","og_type":"article","og_title":"D. Paulo: \"N\u00e3o foi a Igreja cat\u00f3lica que inventou a devo\u00e7\u00e3o a Nossa Senhora...\" - Not\u00edcias - Franciscanos","og_description":"Romaria da Diocese de Colatina","og_url":"https:\/\/franciscanos.org.br\/noticias\/d-paulo-nao-foi-a-igreja-catolica-que-inventou-a-devocao-a-nossa-senhora.html","og_site_name":"Not\u00edcias - Franciscanos","article_published_time":"2022-04-24T15:12:21+00:00","article_modified_time":"2023-01-03T17:07:31+00:00","og_image":[{"width":1280,"height":960,"url":"https:\/\/franciscanos.org.br\/noticias\/wp-content\/uploads\/2022\/04\/colatina_25.jpg","type":"image\/jpeg"}],"author":"moacir","twitter_card":"summary_large_image","twitter_misc":{"Escrito por":"moacir","Est. tempo de leitura":"3 minutos"},"schema":{"@context":"https:\/\/schema.org","@graph":[{"@type":"WebSite","@id":"https:\/\/franciscanos.org.br\/noticias\/#website","url":"https:\/\/franciscanos.org.br\/noticias\/","name":"Not\u00edcias - Franciscanos","description":"Prov\u00edncia Franciscana da Imaculada Concei\u00e7\u00e3o do Brasil - Ordem dos Frades Menores - OFM","potentialAction":[{"@type":"SearchAction","target":{"@type":"EntryPoint","urlTemplate":"https:\/\/franciscanos.org.br\/noticias\/?s={search_term_string}"},"query-input":"required name=search_term_string"}],"inLanguage":"pt-BR"},{"@type":"ImageObject","inLanguage":"pt-BR","@id":"https:\/\/franciscanos.org.br\/noticias\/d-paulo-nao-foi-a-igreja-catolica-que-inventou-a-devocao-a-nossa-senhora.html#primaryimage","url":"https:\/\/franciscanos.org.br\/noticias\/wp-content\/uploads\/2022\/04\/colatina_25.jpg","contentUrl":"https:\/\/franciscanos.org.br\/noticias\/wp-content\/uploads\/2022\/04\/colatina_25.jpg","width":1280,"height":960},{"@type":"WebPage","@id":"https:\/\/franciscanos.org.br\/noticias\/d-paulo-nao-foi-a-igreja-catolica-que-inventou-a-devocao-a-nossa-senhora.html#webpage","url":"https:\/\/franciscanos.org.br\/noticias\/d-paulo-nao-foi-a-igreja-catolica-que-inventou-a-devocao-a-nossa-senhora.html","name":"D. Paulo: \"N\u00e3o foi a Igreja cat\u00f3lica que inventou a devo\u00e7\u00e3o a Nossa Senhora...\" - Not\u00edcias - Franciscanos","isPartOf":{"@id":"https:\/\/franciscanos.org.br\/noticias\/#website"},"primaryImageOfPage":{"@id":"https:\/\/franciscanos.org.br\/noticias\/d-paulo-nao-foi-a-igreja-catolica-que-inventou-a-devocao-a-nossa-senhora.html#primaryimage"},"datePublished":"2022-04-24T15:12:21+00:00","dateModified":"2023-01-03T17:07:31+00:00","author":{"@id":"https:\/\/franciscanos.org.br\/noticias\/#\/schema\/person\/b5c8cba458c330ccff548b056e95a5d4"},"breadcrumb":{"@id":"https:\/\/franciscanos.org.br\/noticias\/d-paulo-nao-foi-a-igreja-catolica-que-inventou-a-devocao-a-nossa-senhora.html#breadcrumb"},"inLanguage":"pt-BR","potentialAction":[{"@type":"ReadAction","target":["https:\/\/franciscanos.org.br\/noticias\/d-paulo-nao-foi-a-igreja-catolica-que-inventou-a-devocao-a-nossa-senhora.html"]}]},{"@type":"BreadcrumbList","@id":"https:\/\/franciscanos.org.br\/noticias\/d-paulo-nao-foi-a-igreja-catolica-que-inventou-a-devocao-a-nossa-senhora.html#breadcrumb","itemListElement":[{"@type":"ListItem","position":1,"name":"Home","item":"https:\/\/franciscanos.org.br\/noticias"},{"@type":"ListItem","position":2,"name":"D. Paulo: &#8220;N\u00e3o foi a Igreja cat\u00f3lica que inventou a devo\u00e7\u00e3o a Nossa Senhora&#8230;&#8221;"}]},{"@type":"Person","@id":"https:\/\/franciscanos.org.br\/noticias\/#\/schema\/person\/b5c8cba458c330ccff548b056e95a5d4","name":"moacir","image":{"@type":"ImageObject","inLanguage":"pt-BR","@id":"https:\/\/franciscanos.org.br\/noticias\/#\/schema\/person\/image\/","url":"https:\/\/secure.gravatar.com\/avatar\/d08aa2ce4c8dd416d4479aa8536fcf64?s=96&d=mm&r=g","contentUrl":"https:\/\/secure.gravatar.com\/avatar\/d08aa2ce4c8dd416d4479aa8536fcf64?s=96&d=mm&r=g","caption":"moacir"},"url":"https:\/\/franciscanos.org.br\/noticias\/author\/moacir"}]}},"_links":{"self":[{"href":"https:\/\/franciscanos.org.br\/noticias\/wp-json\/wp\/v2\/posts\/237571"}],"collection":[{"href":"https:\/\/franciscanos.org.br\/noticias\/wp-json\/wp\/v2\/posts"}],"about":[{"href":"https:\/\/franciscanos.org.br\/noticias\/wp-json\/wp\/v2\/types\/post"}],"author":[{"embeddable":true,"href":"https:\/\/franciscanos.org.br\/noticias\/wp-json\/wp\/v2\/users\/3"}],"replies":[{"embeddable":true,"href":"https:\/\/franciscanos.org.br\/noticias\/wp-json\/wp\/v2\/comments?post=237571"}],"version-history":[{"count":2,"href":"https:\/\/franciscanos.org.br\/noticias\/wp-json\/wp\/v2\/posts\/237571\/revisions"}],"predecessor-version":[{"id":241523,"href":"https:\/\/franciscanos.org.br\/noticias\/wp-json\/wp\/v2\/posts\/237571\/revisions\/241523"}],"wp:featuredmedia":[{"embeddable":true,"href":"https:\/\/franciscanos.org.br\/noticias\/wp-json\/wp\/v2\/media\/237572"}],"wp:attachment":[{"href":"https:\/\/franciscanos.org.br\/noticias\/wp-json\/wp\/v2\/media?parent=237571"}],"wp:term":[{"taxonomy":"category","embeddable":true,"href":"https:\/\/franciscanos.org.br\/noticias\/wp-json\/wp\/v2\/categories?post=237571"},{"taxonomy":"post_tag","embeddable":true,"href":"https:\/\/franciscanos.org.br\/noticias\/wp-json\/wp\/v2\/tags?post=237571"}],"curies":[{"name":"wp","href":"https:\/\/api.w.org\/{rel}","templated":true}]}}