{"id":237555,"date":"2022-04-25T21:45:35","date_gmt":"2022-04-26T00:45:35","guid":{"rendered":"https:\/\/franciscanos.org.br\/noticias\/?p=237555"},"modified":"2023-01-03T14:05:02","modified_gmt":"2023-01-03T17:05:02","slug":"termina-a-festa-do-reencontro-dom-dario-pede-sinais-divinos-na-vida-das-pessoas","status":"publish","type":"post","link":"https:\/\/franciscanos.org.br\/noticias\/termina-a-festa-do-reencontro-dom-dario-pede-sinais-divinos-na-vida-das-pessoas.html","title":{"rendered":"Termina a &#8220;Festa do Reencontro&#8221;. Dom Dario pede &#8220;sinais divinos na vida das pessoas&#8221;."},"content":{"rendered":"<p><strong> <img loading=\"lazy\" class=\"alignnone wp-image-237558 size-full\" src=\"https:\/\/franciscanos.org.br\/noticias\/wp-content\/uploads\/2022\/04\/encerramento_2504_4.jpg\" alt=\"\" width=\"1280\" height=\"782\" srcset=\"https:\/\/franciscanos.org.br\/noticias\/wp-content\/uploads\/2022\/04\/encerramento_2504_4.jpg 1280w, https:\/\/franciscanos.org.br\/noticias\/wp-content\/uploads\/2022\/04\/encerramento_2504_4-450x275.jpg 450w, https:\/\/franciscanos.org.br\/noticias\/wp-content\/uploads\/2022\/04\/encerramento_2504_4-1024x626.jpg 1024w, https:\/\/franciscanos.org.br\/noticias\/wp-content\/uploads\/2022\/04\/encerramento_2504_4-768x469.jpg 768w, https:\/\/franciscanos.org.br\/noticias\/wp-content\/uploads\/2022\/04\/encerramento_2504_4-150x92.jpg 150w\" sizes=\"(max-width: 1280px) 100vw, 1280px\" \/><\/strong><\/p>\n<p><strong>Vila Velha (ES)<\/strong> &#8211; Diante de quase cem mil pessoas, o Arcebispo de Vit\u00f3ria, Dom Dario Campos, chegou a insistir para sermos &#8220;sinais divinos na vida das pessoas, sinais do cuidado do Pai, sinais de vida, justi\u00e7a e fraternidade&#8221; no encerramento, nesta segunda-feira (25\/4), da 452\u00aa Festa da Penha, depois de nove dias de muita devo\u00e7\u00e3o e celebra\u00e7\u00f5es. Nesse tempo, Maria voltou ao centro das aten\u00e7\u00f5es do povo capixaba, especialmente nas grandes demonstra\u00e7\u00f5es de f\u00e9 da Romaria dos Homens e das Mulheres, que levaram \u00e0s ruas mais de 900 mil pessoas.<\/p>\n<p>Como disse o guardi\u00e3o do Convento da Penha, Frei Djalmo Fuck, foi a Festa do Reencontro: &#8220;Embora estiv\u00e9ssemos todos saindo de uma pandemia, t\u00e3o dif\u00edcil e sofrida nestes dois anos, a presen\u00e7a dos fi\u00e9is e devotos da Virgem Penha, a Senhora das Alegrias, foi expressiva e envolvente. Podemos dizer com certeza que esta foi uma edi\u00e7\u00e3o hist\u00f3rica. Foi a Festa do recome\u00e7o, do encontro, do abra\u00e7o, do sorriso sem m\u00e1scaras, da saudade de estarmos juntos, de celebrarmos os nossos louvores a nossa M\u00e3e e Rainha, de nosso Oitav\u00e1rio e de nossas Romarias&#8221;.<\/p>\n<p><img loading=\"lazy\" class=\"alignnone wp-image-237559 size-full\" src=\"https:\/\/franciscanos.org.br\/noticias\/wp-content\/uploads\/2022\/04\/encerramento_2504_12.jpg\" alt=\"\" width=\"1280\" height=\"961\" srcset=\"https:\/\/franciscanos.org.br\/noticias\/wp-content\/uploads\/2022\/04\/encerramento_2504_12.jpg 1280w, https:\/\/franciscanos.org.br\/noticias\/wp-content\/uploads\/2022\/04\/encerramento_2504_12-450x338.jpg 450w, https:\/\/franciscanos.org.br\/noticias\/wp-content\/uploads\/2022\/04\/encerramento_2504_12-1024x769.jpg 1024w, https:\/\/franciscanos.org.br\/noticias\/wp-content\/uploads\/2022\/04\/encerramento_2504_12-768x577.jpg 768w, https:\/\/franciscanos.org.br\/noticias\/wp-content\/uploads\/2022\/04\/encerramento_2504_12-150x113.jpg 150w, https:\/\/franciscanos.org.br\/noticias\/wp-content\/uploads\/2022\/04\/encerramento_2504_12-600x450.jpg 600w\" sizes=\"(max-width: 1280px) 100vw, 1280px\" \/><\/p>\n<p>Nesta segunda-feira, feriado em Vila Velha para festejar a Padroeira do estado do Esp\u00edrito Santo, o Convento da Penha foi o destino da grande maioria do povo capixaba, que j\u00e1 come\u00e7ou a peregrinar para este &#8220;Santu\u00e1rio da Gra\u00e7a e do Perd\u00e3o&#8221; a partir da meia-noite desta segunda-feira, quando foi celebrada a primeira Missa do dia.<\/p>\n<p>\u00c0s 16h30, uma prociss\u00e3o cruzou a multid\u00e3o trazendo os ac\u00f3litos, os seminaristas e di\u00e1conos, os sacerdotes, os bispos Dom Paulo Dal&#8217;B\u00f3 (S\u00e3o Mateus), o Arcebispo de Vit\u00f3ria Dom Dario Campos, Dom D\u00e9cio Sossai Zandonade (em\u00e9rito de Colatina), Dom Geraldo Lyrio, arcebispo-em\u00e9rito de Mariana, e o bispo auxiliar Dom Andherson Franklin. A Missa solene contou com a presen\u00e7a de autoridades civis, entre elas o Prefeito de Vila Velha, Arnaldinho Borgo, o Governador do Estado, Renato Casagrande, e autoridades militares do Estado. Logo em seguida, a Padroeira do Esp\u00edrito Santo entrou no meio da multid\u00e3o da Prainha, palco das grandes celebra\u00e7\u00f5es na reta final da Festa da Penha, carregada por um grupo de marinheiros.<\/p>\n<p><img loading=\"lazy\" class=\"alignnone wp-image-237560 size-full\" src=\"https:\/\/franciscanos.org.br\/noticias\/wp-content\/uploads\/2022\/04\/encerramento_2504_10.jpg\" alt=\"\" width=\"1280\" height=\"853\" srcset=\"https:\/\/franciscanos.org.br\/noticias\/wp-content\/uploads\/2022\/04\/encerramento_2504_10.jpg 1280w, https:\/\/franciscanos.org.br\/noticias\/wp-content\/uploads\/2022\/04\/encerramento_2504_10-450x300.jpg 450w, https:\/\/franciscanos.org.br\/noticias\/wp-content\/uploads\/2022\/04\/encerramento_2504_10-1024x682.jpg 1024w, https:\/\/franciscanos.org.br\/noticias\/wp-content\/uploads\/2022\/04\/encerramento_2504_10-768x512.jpg 768w, https:\/\/franciscanos.org.br\/noticias\/wp-content\/uploads\/2022\/04\/encerramento_2504_10-150x100.jpg 150w\" sizes=\"(max-width: 1280px) 100vw, 1280px\" \/><\/p>\n<p>Um dos principais pontos abordados pelo Arcebispo na sua homilia foi o tema da Festa deste ano: &#8220;Sa\u00fade dos Enfermos, rogai por n\u00f3s&#8221;. &#8220;No texto do Evangelho que acabamos de escutar, Maria responde positivamente aos apelos de Deus e se torna portadora da Palavra Viva do Pai, isto \u00e9, aquela que gerou Jesus, o Filho de Deus. Oferecendo ao mundo inteiro Aquele que redimiu a humanidade de seus pecados e dores mais profundas, o autor da Vida Plena para todos os filhos e filhas de Deus. De fato, todos os que se aproximavam de Jesus e o ouviam falar do amor do Pai e de Seu Reino de vida para todos, reconheciam a for\u00e7a de sua Palavra e a vida plena que indicavam. Ele n\u00e3o revelou o poder e a gra\u00e7a divina somente por suas Palavras, mas, acima de tudo, por meio de suas atitudes, escolhas e a\u00e7\u00f5es&#8221;, explicou Dom Dario.<\/p>\n<p>Segundo ele, Jesus o fez comprometendo-se e empenhando-se sempre em ir ao encontro dos necessitados e sofredores, dos doentes e aflitos, manifestando-lhes a bondade, a miseric\u00f3rdia e o consolo divinos. &#8220;Deste modo, ao invocarmos a Virgem Maria, como a sa\u00fade dos enfermos, voltamos o nosso olhar para o Seu Filho Jesus que a todos acolheu, acompanhou e curou, de suas dores e sofrimentos&#8221;, observou.<\/p>\n<p><img loading=\"lazy\" class=\"alignnone wp-image-237561 size-full\" src=\"https:\/\/franciscanos.org.br\/noticias\/wp-content\/uploads\/2022\/04\/encerramento_2504_5.jpg\" alt=\"\" width=\"1280\" height=\"1462\" srcset=\"https:\/\/franciscanos.org.br\/noticias\/wp-content\/uploads\/2022\/04\/encerramento_2504_5.jpg 946w, https:\/\/franciscanos.org.br\/noticias\/wp-content\/uploads\/2022\/04\/encerramento_2504_5-394x450.jpg 394w, https:\/\/franciscanos.org.br\/noticias\/wp-content\/uploads\/2022\/04\/encerramento_2504_5-897x1024.jpg 897w, https:\/\/franciscanos.org.br\/noticias\/wp-content\/uploads\/2022\/04\/encerramento_2504_5-768x877.jpg 768w, https:\/\/franciscanos.org.br\/noticias\/wp-content\/uploads\/2022\/04\/encerramento_2504_5-150x171.jpg 150w\" sizes=\"(max-width: 1280px) 100vw, 1280px\" \/><\/p>\n<p>&#8220;Meus irm\u00e3os e irm\u00e3s, a exemplo da Virgem Maria que foi tocada pela Palavra de Deus, tamb\u00e9m n\u00f3s devemos deixar que esta gra\u00e7a nos alcance e transforme. A fim de que nos tornemos sinais divinos na vida das pessoas, principalmente, junto aos que mais sofrem e passam por grandes tribula\u00e7\u00f5es. Como verdadeiros disc\u00edpulos mission\u00e1rios, seguidores de Cristo e portadores de Sua Palavra, devemos nos tornar sinais do cuidado do Pai, alcan\u00e7ando a todos com o amor e ternura divinos&#8221;, exortou Dom Dario.<\/p>\n<p>Para o celebrante, hoje somos convidados a dirigir o nosso olhar na dire\u00e7\u00e3o da Virgem das Alegrias, pedindo que por sua intercess\u00e3o ao Seu Filho que todos tenham a plena sa\u00fade, principalmente, todos os que sofrem e pedem nossas ora\u00e7\u00f5es. &#8220;Todavia, n\u00e3o podemos nos esquecer de que como disc\u00edpulos mission\u00e1rios de Jesus Cristo, devemos tamb\u00e9m nos empenhar para que todos e todas tenham sa\u00fade integral, isto \u00e9, vida digna e plena&#8221;, indicou.<\/p>\n<p><img loading=\"lazy\" class=\"alignnone wp-image-237562 size-full\" src=\"https:\/\/franciscanos.org.br\/noticias\/wp-content\/uploads\/2022\/04\/encerramento_2504_2.jpg\" alt=\"\" width=\"1280\" height=\"960\" srcset=\"https:\/\/franciscanos.org.br\/noticias\/wp-content\/uploads\/2022\/04\/encerramento_2504_2.jpg 1280w, https:\/\/franciscanos.org.br\/noticias\/wp-content\/uploads\/2022\/04\/encerramento_2504_2-450x338.jpg 450w, https:\/\/franciscanos.org.br\/noticias\/wp-content\/uploads\/2022\/04\/encerramento_2504_2-1024x768.jpg 1024w, https:\/\/franciscanos.org.br\/noticias\/wp-content\/uploads\/2022\/04\/encerramento_2504_2-768x576.jpg 768w, https:\/\/franciscanos.org.br\/noticias\/wp-content\/uploads\/2022\/04\/encerramento_2504_2-150x113.jpg 150w, https:\/\/franciscanos.org.br\/noticias\/wp-content\/uploads\/2022\/04\/encerramento_2504_2-600x450.jpg 600w\" sizes=\"(max-width: 1280px) 100vw, 1280px\" \/><\/p>\n<p>Segundo ele, que diz respeito desde \u00e0 seguran\u00e7a alimentar, passando pela cria\u00e7\u00e3o e incentivo \u00e0s pol\u00edticas p\u00fablicas que promovam a sa\u00fade de todos e todas, tocando todos os aspectos e as necessidades humanas, para que todos tenham vida digna e plena. &#8220;Al\u00e9m, \u00e9 claro, da promo\u00e7\u00e3o do acesso \u00e0 educa\u00e7\u00e3o inclusiva, \u00fanica via capaz de consolidar as esperan\u00e7as de uma sociedade marcada pelos valores da justi\u00e7a, da fraternidade e da solidariedade. Uma educa\u00e7\u00e3o iluminada pela sabedoria do Evangelho que indique o caminho do Amor solid\u00e1rio, compassivo e misericordioso&#8221;, ensinou.<\/p>\n<p>&#8220;Por fim, hoje damos in\u00edcio ao projeto: &#8216;D\u00e1-lhes v\u00f3s mesmos de comer&#8217;, um apelo que nasce no cora\u00e7\u00e3o do Evangelho e quer chegar a todas as casas, principalmente, oferecendo alimento, sa\u00fade plena e aux\u00edlio necess\u00e1rio aos mais empobrecidos. Meus irm\u00e3os e irm\u00e3s, o mundo mais justo, sinal do Reino requer compromisso de todos os crist\u00e3os cat\u00f3licos, os crist\u00e3os de outras denomina\u00e7\u00f5es. Algo que toca tamb\u00e9m aqueles que est\u00e3o em posi\u00e7\u00f5es de governo e lideran\u00e7a social e todos os homens e mulheres de boa vontade. A fim de que unidos possamos, com a gra\u00e7a de Deus, contribuir para que o nosso Estado do Esp\u00edrito Santo seja marcado pelos sinais de vida, justi\u00e7a e fraternidade&#8221;, enfatizou.<\/p>\n<p><img loading=\"lazy\" class=\"alignnone wp-image-237557 size-full\" src=\"https:\/\/franciscanos.org.br\/noticias\/wp-content\/uploads\/2022\/04\/encerramento_2504_14.jpg\" alt=\"\" width=\"1280\" height=\"960\" srcset=\"https:\/\/franciscanos.org.br\/noticias\/wp-content\/uploads\/2022\/04\/encerramento_2504_14.jpg 1280w, https:\/\/franciscanos.org.br\/noticias\/wp-content\/uploads\/2022\/04\/encerramento_2504_14-450x338.jpg 450w, https:\/\/franciscanos.org.br\/noticias\/wp-content\/uploads\/2022\/04\/encerramento_2504_14-1024x768.jpg 1024w, https:\/\/franciscanos.org.br\/noticias\/wp-content\/uploads\/2022\/04\/encerramento_2504_14-768x576.jpg 768w, https:\/\/franciscanos.org.br\/noticias\/wp-content\/uploads\/2022\/04\/encerramento_2504_14-150x113.jpg 150w, https:\/\/franciscanos.org.br\/noticias\/wp-content\/uploads\/2022\/04\/encerramento_2504_14-600x450.jpg 600w\" sizes=\"(max-width: 1280px) 100vw, 1280px\" \/><\/p>\n<p><strong>FREI DJALMO FALA DA &#8220;FESTA DO REENCONTRO&#8221;<\/strong><\/p>\n<p>&#8220;Tempo de plantar, tempo de colher. Tempo de pedir, tempo de agradecer. A Palavra de Deus \u00e9 bem clara quando nos diz que existe um tempo para todas as coisas. Chegou a hora de fazer um agradecimento especial p\u00fablico por todos quantos se envolveram na Festa da Penha, nesta edi\u00e7\u00e3o de n\u00famero 452. Embora estiv\u00e9ssemos todos saindo de uma pandemia, t\u00e3o dif\u00edcil e sofrida nestes dois anos, a presen\u00e7a dos fi\u00e9is e devotos da Virgem Penha, a Senhora das Alegrias, foi expressiva e envolvente. Podemos dizer com certeza que esta foi uma edi\u00e7\u00e3o hist\u00f3rica. Foi a Festa do recome\u00e7o, do encontro, do abra\u00e7o, do sorriso sem m\u00e1scaras, da saudade de estarmos juntos, de celebrarmos os nossos louvores a nossa M\u00e3e e Rainha, de nosso Oitav\u00e1rio e de nossas Romarias&#8221;, avaliou o frade.<\/p>\n<p>Segundo ele, a Festa foi um &#8220;verdadeiro sucesso&#8221; e Deus se mostrou generoso para conosco. &#8220;Queremos come\u00e7ar agradecendo a Deus que \u00e9 motivo e raz\u00e3o de realizarmos todas as coisas, porque absolutamente tudo o que fazemos \u00e9 para glorificar o seu nome. Queremos louvar Maria, Sa\u00fade dos enfermos, nossa M\u00e3e especialmente M\u00e3e do povo capixaba&#8221;, disse.<\/p>\n<p>Ele manifestou o contentamento, em nome dos Freis do Convento e da Comiss\u00e3o Organizadora da Festa, pelo empenho na organiza\u00e7\u00e3o desta festa. &#8220;O envolvimento das pessoas e das equipes de trabalho na doa\u00e7\u00e3o do seu precioso tempo, dos in\u00fameros volunt\u00e1rios e funcion\u00e1rios. N\u00e3o devemos esquecer nossos patrocinadores&#8221;, disse, enumerando todos.<\/p>\n<p>&#8220;Que possamos repetir o mesmo empenho e sucesso em 2023!&#8221;, pediu, sendo muito aplaudido no final.<\/p>\n<p><img loading=\"lazy\" class=\"alignnone wp-image-237556 size-full\" src=\"https:\/\/franciscanos.org.br\/noticias\/wp-content\/uploads\/2022\/04\/encerramento_2504_1.jpg\" alt=\"\" width=\"1280\" height=\"883\" srcset=\"https:\/\/franciscanos.org.br\/noticias\/wp-content\/uploads\/2022\/04\/encerramento_2504_1.jpg 1280w, https:\/\/franciscanos.org.br\/noticias\/wp-content\/uploads\/2022\/04\/encerramento_2504_1-450x310.jpg 450w, https:\/\/franciscanos.org.br\/noticias\/wp-content\/uploads\/2022\/04\/encerramento_2504_1-1024x706.jpg 1024w, https:\/\/franciscanos.org.br\/noticias\/wp-content\/uploads\/2022\/04\/encerramento_2504_1-768x530.jpg 768w, https:\/\/franciscanos.org.br\/noticias\/wp-content\/uploads\/2022\/04\/encerramento_2504_1-150x103.jpg 150w, https:\/\/franciscanos.org.br\/noticias\/wp-content\/uploads\/2022\/04\/encerramento_2504_1-320x220.jpg 320w\" sizes=\"(max-width: 1280px) 100vw, 1280px\" \/><\/p>\n<p><strong>COLETIVA<\/strong><\/p>\n<p>Foi realizada antes da Missa de encerramento uma coletiva para falar da Festa deste ano. Presentes o Arcebispo de Vit\u00f3ria, Dom Dario Campos; o prefeito de Vila Velha, Arnaldinho Borgo; o bispo auxiliar, Dom Andherson Franklin; o guardi\u00e3o do Convento da Penha, Frei Djalmo Fuck; e o p\u00e1roco da Catedral, Frei Renato Criste.<\/p>\n<p>Segundo Frei Djalmo, esse ano a Festa da Penha trouxe muitas inova\u00e7\u00f5es. Entre elas o fato de ter mantido a programa\u00e7\u00e3o virtual simultaneamente ao retorno da festa presencial depois de dois anos.<\/p>\n<p>&#8211; Foram 9 dias de programa\u00e7\u00e3o com atra\u00e7\u00f5es culturais e lit\u00fargicas;<\/p>\n<p>&#8211; 8 dias com Programa\u00e7\u00e3o noturna, com atra\u00e7\u00f5es que trouxeram grande p\u00fablico: a cantora Faf\u00e1 de Bel\u00e9m, Pe. Patrick Fernandes, Pe. Anderson Gomes, Bnda Big Beatles, Raquel Carpenter;<\/p>\n<p>&#8211; Mais de 50 missas realizadas;<\/p>\n<p>&#8211; Somente nas missas do Campinho, foram mais de 120 mil pessoas presentes, fora as que acompanharam on-line;<\/p>\n<p>&#8211; 11 romarias (contando as das dioceses), entre elas as Romarias dos Homens e das Mulheres que, juntas, somam quase 1 milh\u00e3o de pessoas presencialmente, isso sem contar os que acompanharam de forma on-line a Romaria dos Homens;<\/p>\n<p>&#8211; Foram Mais de 120 horas de programa\u00e7\u00e3o \u2013 presencial e on-line;<\/p>\n<p>&#8211; Cerca de 50 horas de transmiss\u00f5es on-line \u2013 n\u00famero de alcance ainda ser\u00e1 fechado;<\/p>\n<p>&#8211; Mais de 52 horas de toda programa\u00e7\u00e3o, on-line e presencial, traduzidas em libras, o que tamb\u00e9m foi uma inova\u00e7\u00e3o deste ano<\/p>\n<p>&#8211; Pela primeira vez tivemos a Santa Iluminada em duas cidades: Vila Velha e Serra;<\/p>\n<p>&#8211; A Santa Peregrina esteve em Cariacica, na Serra, visitou o com\u00e9rcio da Gl\u00f3ria e participou de v\u00e1rias romarias;<\/p>\n<p>&#8211; A Festa ganhou a Exposi\u00e7\u00e3o Prociss\u00e3o Fotogr\u00e1fica, coordenada pela professora Zanete Dadalto, que ficar\u00e1 no Boulevard Shopping, em Vila Velha, at\u00e9 08\/05;<\/p>\n<p>&#8211; Importante: a Campanha Paz e P\u00e3o, que arrecadou toneladas de alimentos para fam\u00edlias em situa\u00e7\u00e3o vulner\u00e1vel.<\/p>\n\n\t\t<style type=\"text\/css\">\n\t\t\t#gallery-1 {\n\t\t\t\tmargin: auto;\n\t\t\t}\n\t\t\t#gallery-1 .gallery-item {\n\t\t\t\tfloat: left;\n\t\t\t\tmargin-top: 10px;\n\t\t\t\ttext-align: center;\n\t\t\t\twidth: 16%;\n\t\t\t}\n\t\t\t#gallery-1 img {\n\t\t\t\tborder: 2px solid #cfcfcf;\n\t\t\t}\n\t\t\t#gallery-1 .gallery-caption {\n\t\t\t\tmargin-left: 0;\n\t\t\t}\n\t\t\t\/* see gallery_shortcode() in wp-includes\/media.php *\/\n\t\t<\/style>\n\t\t<div id='gallery-1' class='gallery galleryid-237555 gallery-columns-6 gallery-size-thumbnail'><dl class='gallery-item'>\n\t\t\t<dt class='gallery-icon landscape'>\n\t\t\t\t<a href='https:\/\/franciscanos.org.br\/noticias\/wp-content\/uploads\/2022\/04\/encerramento_2504_6.jpg'><img width=\"300\" height=\"300\" src=\"https:\/\/franciscanos.org.br\/noticias\/wp-content\/uploads\/2022\/04\/encerramento_2504_6-300x300.jpg\" class=\"attachment-thumbnail size-thumbnail\" alt=\"\" loading=\"lazy\" srcset=\"https:\/\/franciscanos.org.br\/noticias\/wp-content\/uploads\/2022\/04\/encerramento_2504_6-300x300.jpg 300w, https:\/\/franciscanos.org.br\/noticias\/wp-content\/uploads\/2022\/04\/encerramento_2504_6-100x100.jpg 100w\" sizes=\"(max-width: 300px) 100vw, 300px\" \/><\/a>\n\t\t\t<\/dt><\/dl><dl class='gallery-item'>\n\t\t\t<dt class='gallery-icon landscape'>\n\t\t\t\t<a href='https:\/\/franciscanos.org.br\/noticias\/wp-content\/uploads\/2022\/04\/encerramento_2504_7.jpg'><img width=\"300\" height=\"300\" src=\"https:\/\/franciscanos.org.br\/noticias\/wp-content\/uploads\/2022\/04\/encerramento_2504_7-300x300.jpg\" class=\"attachment-thumbnail size-thumbnail\" alt=\"\" loading=\"lazy\" srcset=\"https:\/\/franciscanos.org.br\/noticias\/wp-content\/uploads\/2022\/04\/encerramento_2504_7-300x300.jpg 300w, https:\/\/franciscanos.org.br\/noticias\/wp-content\/uploads\/2022\/04\/encerramento_2504_7-100x100.jpg 100w\" sizes=\"(max-width: 300px) 100vw, 300px\" \/><\/a>\n\t\t\t<\/dt><\/dl><dl class='gallery-item'>\n\t\t\t<dt class='gallery-icon landscape'>\n\t\t\t\t<a href='https:\/\/franciscanos.org.br\/noticias\/wp-content\/uploads\/2022\/04\/encerramento_2504_8.jpg'><img width=\"300\" height=\"300\" src=\"https:\/\/franciscanos.org.br\/noticias\/wp-content\/uploads\/2022\/04\/encerramento_2504_8-300x300.jpg\" class=\"attachment-thumbnail size-thumbnail\" alt=\"\" loading=\"lazy\" srcset=\"https:\/\/franciscanos.org.br\/noticias\/wp-content\/uploads\/2022\/04\/encerramento_2504_8-300x300.jpg 300w, https:\/\/franciscanos.org.br\/noticias\/wp-content\/uploads\/2022\/04\/encerramento_2504_8-100x100.jpg 100w\" sizes=\"(max-width: 300px) 100vw, 300px\" \/><\/a>\n\t\t\t<\/dt><\/dl><dl class='gallery-item'>\n\t\t\t<dt class='gallery-icon landscape'>\n\t\t\t\t<a href='https:\/\/franciscanos.org.br\/noticias\/wp-content\/uploads\/2022\/04\/encerramento_2504_9.jpg'><img width=\"300\" height=\"300\" src=\"https:\/\/franciscanos.org.br\/noticias\/wp-content\/uploads\/2022\/04\/encerramento_2504_9-300x300.jpg\" class=\"attachment-thumbnail size-thumbnail\" alt=\"\" loading=\"lazy\" srcset=\"https:\/\/franciscanos.org.br\/noticias\/wp-content\/uploads\/2022\/04\/encerramento_2504_9-300x300.jpg 300w, https:\/\/franciscanos.org.br\/noticias\/wp-content\/uploads\/2022\/04\/encerramento_2504_9-100x100.jpg 100w\" sizes=\"(max-width: 300px) 100vw, 300px\" \/><\/a>\n\t\t\t<\/dt><\/dl><dl class='gallery-item'>\n\t\t\t<dt class='gallery-icon landscape'>\n\t\t\t\t<a href='https:\/\/franciscanos.org.br\/noticias\/wp-content\/uploads\/2022\/04\/encerramento_2504_11.jpg'><img width=\"300\" height=\"300\" src=\"https:\/\/franciscanos.org.br\/noticias\/wp-content\/uploads\/2022\/04\/encerramento_2504_11-300x300.jpg\" class=\"attachment-thumbnail size-thumbnail\" alt=\"\" loading=\"lazy\" srcset=\"https:\/\/franciscanos.org.br\/noticias\/wp-content\/uploads\/2022\/04\/encerramento_2504_11-300x300.jpg 300w, https:\/\/franciscanos.org.br\/noticias\/wp-content\/uploads\/2022\/04\/encerramento_2504_11-100x100.jpg 100w\" sizes=\"(max-width: 300px) 100vw, 300px\" \/><\/a>\n\t\t\t<\/dt><\/dl><dl class='gallery-item'>\n\t\t\t<dt class='gallery-icon landscape'>\n\t\t\t\t<a href='https:\/\/franciscanos.org.br\/noticias\/wp-content\/uploads\/2022\/04\/encerramento_2504_13.jpg'><img width=\"300\" height=\"300\" src=\"https:\/\/franciscanos.org.br\/noticias\/wp-content\/uploads\/2022\/04\/encerramento_2504_13-300x300.jpg\" class=\"attachment-thumbnail size-thumbnail\" alt=\"\" loading=\"lazy\" srcset=\"https:\/\/franciscanos.org.br\/noticias\/wp-content\/uploads\/2022\/04\/encerramento_2504_13-300x300.jpg 300w, https:\/\/franciscanos.org.br\/noticias\/wp-content\/uploads\/2022\/04\/encerramento_2504_13-100x100.jpg 100w\" sizes=\"(max-width: 300px) 100vw, 300px\" \/><\/a>\n\t\t\t<\/dt><\/dl><br style=\"clear: both\" \/>\n\t\t<\/div>\n\n<p><em> \u00a0(toque nas imagens para ampli\u00e1-las)<\/em><\/p>\n<hr \/>\n<p><em>Comunica\u00e7\u00e3o da Prov\u00edncia da Imaculada Concei\u00e7\u00e3o<\/em><\/p>\n","protected":false},"excerpt":{"rendered":"<p>Encerramento da Festa da Penha 2022<\/p>\n","protected":false},"author":3,"featured_media":237558,"comment_status":"open","ping_status":"open","sticky":false,"template":"","format":"standard","meta":[],"categories":[1],"tags":[1999],"acf":[],"yoast_head":"<!-- This site is optimized with the Yoast SEO plugin v19.2 - https:\/\/yoast.com\/wordpress\/plugins\/seo\/ -->\n<title>Termina a &quot;Festa do Reencontro&quot;. Dom Dario pede &quot;sinais divinos na vida das pessoas&quot;. - Not\u00edcias - Franciscanos<\/title>\n<meta name=\"robots\" content=\"index, follow, max-snippet:-1, max-image-preview:large, max-video-preview:-1\" \/>\n<link rel=\"canonical\" href=\"https:\/\/franciscanos.org.br\/noticias\/termina-a-festa-do-reencontro-dom-dario-pede-sinais-divinos-na-vida-das-pessoas.html\" \/>\n<meta property=\"og:locale\" content=\"pt_BR\" \/>\n<meta property=\"og:type\" content=\"article\" \/>\n<meta property=\"og:title\" content=\"Termina a &quot;Festa do Reencontro&quot;. Dom Dario pede &quot;sinais divinos na vida das pessoas&quot;. - Not\u00edcias - Franciscanos\" \/>\n<meta property=\"og:description\" content=\"Encerramento da Festa da Penha 2022\" \/>\n<meta property=\"og:url\" content=\"https:\/\/franciscanos.org.br\/noticias\/termina-a-festa-do-reencontro-dom-dario-pede-sinais-divinos-na-vida-das-pessoas.html\" \/>\n<meta property=\"og:site_name\" content=\"Not\u00edcias - Franciscanos\" \/>\n<meta property=\"article:published_time\" content=\"2022-04-26T00:45:35+00:00\" \/>\n<meta property=\"article:modified_time\" content=\"2023-01-03T17:05:02+00:00\" \/>\n<meta property=\"og:image\" content=\"https:\/\/franciscanos.org.br\/noticias\/wp-content\/uploads\/2022\/04\/encerramento_2504_4.jpg\" \/>\n\t<meta property=\"og:image:width\" content=\"1280\" \/>\n\t<meta property=\"og:image:height\" content=\"782\" \/>\n\t<meta property=\"og:image:type\" content=\"image\/jpeg\" \/>\n<meta name=\"author\" content=\"moacir\" \/>\n<meta name=\"twitter:card\" content=\"summary_large_image\" \/>\n<meta name=\"twitter:label1\" content=\"Escrito por\" \/>\n\t<meta name=\"twitter:data1\" content=\"moacir\" \/>\n\t<meta name=\"twitter:label2\" content=\"Est. tempo de leitura\" \/>\n\t<meta name=\"twitter:data2\" content=\"8 minutos\" \/>\n<script type=\"application\/ld+json\" class=\"yoast-schema-graph\">{\"@context\":\"https:\/\/schema.org\",\"@graph\":[{\"@type\":\"WebSite\",\"@id\":\"https:\/\/franciscanos.org.br\/noticias\/#website\",\"url\":\"https:\/\/franciscanos.org.br\/noticias\/\",\"name\":\"Not\u00edcias - Franciscanos\",\"description\":\"Prov\u00edncia Franciscana da Imaculada Concei\u00e7\u00e3o do Brasil - Ordem dos Frades Menores - OFM\",\"potentialAction\":[{\"@type\":\"SearchAction\",\"target\":{\"@type\":\"EntryPoint\",\"urlTemplate\":\"https:\/\/franciscanos.org.br\/noticias\/?s={search_term_string}\"},\"query-input\":\"required name=search_term_string\"}],\"inLanguage\":\"pt-BR\"},{\"@type\":\"ImageObject\",\"inLanguage\":\"pt-BR\",\"@id\":\"https:\/\/franciscanos.org.br\/noticias\/termina-a-festa-do-reencontro-dom-dario-pede-sinais-divinos-na-vida-das-pessoas.html#primaryimage\",\"url\":\"https:\/\/franciscanos.org.br\/noticias\/wp-content\/uploads\/2022\/04\/encerramento_2504_4.jpg\",\"contentUrl\":\"https:\/\/franciscanos.org.br\/noticias\/wp-content\/uploads\/2022\/04\/encerramento_2504_4.jpg\",\"width\":1280,\"height\":782},{\"@type\":\"WebPage\",\"@id\":\"https:\/\/franciscanos.org.br\/noticias\/termina-a-festa-do-reencontro-dom-dario-pede-sinais-divinos-na-vida-das-pessoas.html#webpage\",\"url\":\"https:\/\/franciscanos.org.br\/noticias\/termina-a-festa-do-reencontro-dom-dario-pede-sinais-divinos-na-vida-das-pessoas.html\",\"name\":\"Termina a \\\"Festa do Reencontro\\\". Dom Dario pede \\\"sinais divinos na vida das pessoas\\\". - Not\u00edcias - Franciscanos\",\"isPartOf\":{\"@id\":\"https:\/\/franciscanos.org.br\/noticias\/#website\"},\"primaryImageOfPage\":{\"@id\":\"https:\/\/franciscanos.org.br\/noticias\/termina-a-festa-do-reencontro-dom-dario-pede-sinais-divinos-na-vida-das-pessoas.html#primaryimage\"},\"datePublished\":\"2022-04-26T00:45:35+00:00\",\"dateModified\":\"2023-01-03T17:05:02+00:00\",\"author\":{\"@id\":\"https:\/\/franciscanos.org.br\/noticias\/#\/schema\/person\/b5c8cba458c330ccff548b056e95a5d4\"},\"breadcrumb\":{\"@id\":\"https:\/\/franciscanos.org.br\/noticias\/termina-a-festa-do-reencontro-dom-dario-pede-sinais-divinos-na-vida-das-pessoas.html#breadcrumb\"},\"inLanguage\":\"pt-BR\",\"potentialAction\":[{\"@type\":\"ReadAction\",\"target\":[\"https:\/\/franciscanos.org.br\/noticias\/termina-a-festa-do-reencontro-dom-dario-pede-sinais-divinos-na-vida-das-pessoas.html\"]}]},{\"@type\":\"BreadcrumbList\",\"@id\":\"https:\/\/franciscanos.org.br\/noticias\/termina-a-festa-do-reencontro-dom-dario-pede-sinais-divinos-na-vida-das-pessoas.html#breadcrumb\",\"itemListElement\":[{\"@type\":\"ListItem\",\"position\":1,\"name\":\"Home\",\"item\":\"https:\/\/franciscanos.org.br\/noticias\"},{\"@type\":\"ListItem\",\"position\":2,\"name\":\"Termina a &#8220;Festa do Reencontro&#8221;. Dom Dario pede &#8220;sinais divinos na vida das pessoas&#8221;.\"}]},{\"@type\":\"Person\",\"@id\":\"https:\/\/franciscanos.org.br\/noticias\/#\/schema\/person\/b5c8cba458c330ccff548b056e95a5d4\",\"name\":\"moacir\",\"image\":{\"@type\":\"ImageObject\",\"inLanguage\":\"pt-BR\",\"@id\":\"https:\/\/franciscanos.org.br\/noticias\/#\/schema\/person\/image\/\",\"url\":\"https:\/\/secure.gravatar.com\/avatar\/d08aa2ce4c8dd416d4479aa8536fcf64?s=96&d=mm&r=g\",\"contentUrl\":\"https:\/\/secure.gravatar.com\/avatar\/d08aa2ce4c8dd416d4479aa8536fcf64?s=96&d=mm&r=g\",\"caption\":\"moacir\"},\"url\":\"https:\/\/franciscanos.org.br\/noticias\/author\/moacir\"}]}<\/script>\n<!-- \/ Yoast SEO plugin. -->","yoast_head_json":{"title":"Termina a \"Festa do Reencontro\". Dom Dario pede \"sinais divinos na vida das pessoas\". - Not\u00edcias - Franciscanos","robots":{"index":"index","follow":"follow","max-snippet":"max-snippet:-1","max-image-preview":"max-image-preview:large","max-video-preview":"max-video-preview:-1"},"canonical":"https:\/\/franciscanos.org.br\/noticias\/termina-a-festa-do-reencontro-dom-dario-pede-sinais-divinos-na-vida-das-pessoas.html","og_locale":"pt_BR","og_type":"article","og_title":"Termina a \"Festa do Reencontro\". Dom Dario pede \"sinais divinos na vida das pessoas\". - Not\u00edcias - Franciscanos","og_description":"Encerramento da Festa da Penha 2022","og_url":"https:\/\/franciscanos.org.br\/noticias\/termina-a-festa-do-reencontro-dom-dario-pede-sinais-divinos-na-vida-das-pessoas.html","og_site_name":"Not\u00edcias - Franciscanos","article_published_time":"2022-04-26T00:45:35+00:00","article_modified_time":"2023-01-03T17:05:02+00:00","og_image":[{"width":1280,"height":782,"url":"https:\/\/franciscanos.org.br\/noticias\/wp-content\/uploads\/2022\/04\/encerramento_2504_4.jpg","type":"image\/jpeg"}],"author":"moacir","twitter_card":"summary_large_image","twitter_misc":{"Escrito por":"moacir","Est. tempo de leitura":"8 minutos"},"schema":{"@context":"https:\/\/schema.org","@graph":[{"@type":"WebSite","@id":"https:\/\/franciscanos.org.br\/noticias\/#website","url":"https:\/\/franciscanos.org.br\/noticias\/","name":"Not\u00edcias - Franciscanos","description":"Prov\u00edncia Franciscana da Imaculada Concei\u00e7\u00e3o do Brasil - Ordem dos Frades Menores - OFM","potentialAction":[{"@type":"SearchAction","target":{"@type":"EntryPoint","urlTemplate":"https:\/\/franciscanos.org.br\/noticias\/?s={search_term_string}"},"query-input":"required name=search_term_string"}],"inLanguage":"pt-BR"},{"@type":"ImageObject","inLanguage":"pt-BR","@id":"https:\/\/franciscanos.org.br\/noticias\/termina-a-festa-do-reencontro-dom-dario-pede-sinais-divinos-na-vida-das-pessoas.html#primaryimage","url":"https:\/\/franciscanos.org.br\/noticias\/wp-content\/uploads\/2022\/04\/encerramento_2504_4.jpg","contentUrl":"https:\/\/franciscanos.org.br\/noticias\/wp-content\/uploads\/2022\/04\/encerramento_2504_4.jpg","width":1280,"height":782},{"@type":"WebPage","@id":"https:\/\/franciscanos.org.br\/noticias\/termina-a-festa-do-reencontro-dom-dario-pede-sinais-divinos-na-vida-das-pessoas.html#webpage","url":"https:\/\/franciscanos.org.br\/noticias\/termina-a-festa-do-reencontro-dom-dario-pede-sinais-divinos-na-vida-das-pessoas.html","name":"Termina a \"Festa do Reencontro\". Dom Dario pede \"sinais divinos na vida das pessoas\". - Not\u00edcias - Franciscanos","isPartOf":{"@id":"https:\/\/franciscanos.org.br\/noticias\/#website"},"primaryImageOfPage":{"@id":"https:\/\/franciscanos.org.br\/noticias\/termina-a-festa-do-reencontro-dom-dario-pede-sinais-divinos-na-vida-das-pessoas.html#primaryimage"},"datePublished":"2022-04-26T00:45:35+00:00","dateModified":"2023-01-03T17:05:02+00:00","author":{"@id":"https:\/\/franciscanos.org.br\/noticias\/#\/schema\/person\/b5c8cba458c330ccff548b056e95a5d4"},"breadcrumb":{"@id":"https:\/\/franciscanos.org.br\/noticias\/termina-a-festa-do-reencontro-dom-dario-pede-sinais-divinos-na-vida-das-pessoas.html#breadcrumb"},"inLanguage":"pt-BR","potentialAction":[{"@type":"ReadAction","target":["https:\/\/franciscanos.org.br\/noticias\/termina-a-festa-do-reencontro-dom-dario-pede-sinais-divinos-na-vida-das-pessoas.html"]}]},{"@type":"BreadcrumbList","@id":"https:\/\/franciscanos.org.br\/noticias\/termina-a-festa-do-reencontro-dom-dario-pede-sinais-divinos-na-vida-das-pessoas.html#breadcrumb","itemListElement":[{"@type":"ListItem","position":1,"name":"Home","item":"https:\/\/franciscanos.org.br\/noticias"},{"@type":"ListItem","position":2,"name":"Termina a &#8220;Festa do Reencontro&#8221;. Dom Dario pede &#8220;sinais divinos na vida das pessoas&#8221;."}]},{"@type":"Person","@id":"https:\/\/franciscanos.org.br\/noticias\/#\/schema\/person\/b5c8cba458c330ccff548b056e95a5d4","name":"moacir","image":{"@type":"ImageObject","inLanguage":"pt-BR","@id":"https:\/\/franciscanos.org.br\/noticias\/#\/schema\/person\/image\/","url":"https:\/\/secure.gravatar.com\/avatar\/d08aa2ce4c8dd416d4479aa8536fcf64?s=96&d=mm&r=g","contentUrl":"https:\/\/secure.gravatar.com\/avatar\/d08aa2ce4c8dd416d4479aa8536fcf64?s=96&d=mm&r=g","caption":"moacir"},"url":"https:\/\/franciscanos.org.br\/noticias\/author\/moacir"}]}},"_links":{"self":[{"href":"https:\/\/franciscanos.org.br\/noticias\/wp-json\/wp\/v2\/posts\/237555"}],"collection":[{"href":"https:\/\/franciscanos.org.br\/noticias\/wp-json\/wp\/v2\/posts"}],"about":[{"href":"https:\/\/franciscanos.org.br\/noticias\/wp-json\/wp\/v2\/types\/post"}],"author":[{"embeddable":true,"href":"https:\/\/franciscanos.org.br\/noticias\/wp-json\/wp\/v2\/users\/3"}],"replies":[{"embeddable":true,"href":"https:\/\/franciscanos.org.br\/noticias\/wp-json\/wp\/v2\/comments?post=237555"}],"version-history":[{"count":3,"href":"https:\/\/franciscanos.org.br\/noticias\/wp-json\/wp\/v2\/posts\/237555\/revisions"}],"predecessor-version":[{"id":241520,"href":"https:\/\/franciscanos.org.br\/noticias\/wp-json\/wp\/v2\/posts\/237555\/revisions\/241520"}],"wp:featuredmedia":[{"embeddable":true,"href":"https:\/\/franciscanos.org.br\/noticias\/wp-json\/wp\/v2\/media\/237558"}],"wp:attachment":[{"href":"https:\/\/franciscanos.org.br\/noticias\/wp-json\/wp\/v2\/media?parent=237555"}],"wp:term":[{"taxonomy":"category","embeddable":true,"href":"https:\/\/franciscanos.org.br\/noticias\/wp-json\/wp\/v2\/categories?post=237555"},{"taxonomy":"post_tag","embeddable":true,"href":"https:\/\/franciscanos.org.br\/noticias\/wp-json\/wp\/v2\/tags?post=237555"}],"curies":[{"name":"wp","href":"https:\/\/api.w.org\/{rel}","templated":true}]}}