{"id":237545,"date":"2022-04-25T13:35:41","date_gmt":"2022-04-25T16:35:41","guid":{"rendered":"https:\/\/franciscanos.org.br\/noticias\/?p=237545"},"modified":"2022-04-25T13:45:10","modified_gmt":"2022-04-25T16:45:10","slug":"a-fome-chegou-em-nosso-meio-e-esta-devorando-tudo-denuncia-pe-kelder","status":"publish","type":"post","link":"https:\/\/franciscanos.org.br\/noticias\/a-fome-chegou-em-nosso-meio-e-esta-devorando-tudo-denuncia-pe-kelder.html","title":{"rendered":"&#8220;A fome chegou em nosso meio e est\u00e1 devorando tudo&#8221;, denuncia Pe. Kelder"},"content":{"rendered":"<p><img loading=\"lazy\" class=\"alignnone wp-image-237546 size-full\" src=\"https:\/\/franciscanos.org.br\/noticias\/wp-content\/uploads\/2022\/04\/pastorais_2504_3.jpg\" alt=\"\" width=\"1280\" height=\"763\" srcset=\"https:\/\/franciscanos.org.br\/noticias\/wp-content\/uploads\/2022\/04\/pastorais_2504_3.jpg 1280w, https:\/\/franciscanos.org.br\/noticias\/wp-content\/uploads\/2022\/04\/pastorais_2504_3-450x268.jpg 450w, https:\/\/franciscanos.org.br\/noticias\/wp-content\/uploads\/2022\/04\/pastorais_2504_3-1024x610.jpg 1024w, https:\/\/franciscanos.org.br\/noticias\/wp-content\/uploads\/2022\/04\/pastorais_2504_3-768x458.jpg 768w, https:\/\/franciscanos.org.br\/noticias\/wp-content\/uploads\/2022\/04\/pastorais_2504_3-150x89.jpg 150w\" sizes=\"(max-width: 1280px) 100vw, 1280px\" \/><\/p>\n<p>&#8220;A fome chegou em nosso meio e est\u00e1 devorando tudo, principalmente, a vida, a dignidade e a alegria das pessoas empobrecidas&#8221;, denunciou Pe. Kelder Jos\u00e9 Figueira Brand\u00e3o, coordenador do Vicariato para A\u00e7\u00e3o Social, Pol\u00edtica e Ecum\u00eanica da Arquidiocese de Vit\u00f3ria e p\u00e1roco da Par\u00f3quia Santa Teresa de Calcut\u00e1, em Vit\u00f3ria. Ele presidiu a Celebra\u00e7\u00e3o Eucar\u00edstica das Pastorais Sociais da Arquidiocese de Vit\u00f3ria nesta segunda-feira, 24 de abril, festa de Nossa Senhora da Penha.<\/p>\n<p>Na sua homilia, disse que o projeto de Deus para a humanidade profetizado pelo canto de Maria \u00e9 o inverso dos projetos pol\u00edticos e institucionais de opress\u00e3o e morte, que est\u00e3o em curso no mundo, especialmente no Brasil, com falsos valores em uma sociedade que estimula o individualismo, o ac\u00famulo, o consumo, o desperd\u00edcio e a exclus\u00e3o, aceitando como natural que uns possam viver com muito, enquanto outros, sequer t\u00eam direito \u00e0 vida. O canto de Maria nos exorta e motiva \u00e0 constru\u00e7\u00e3o de um projeto de vida e dignidade para todas as pessoas.<\/p>\n<p><img loading=\"lazy\" class=\"alignnone wp-image-237548 size-full\" src=\"https:\/\/franciscanos.org.br\/noticias\/wp-content\/uploads\/2022\/04\/pastorais_2504.jpg\" alt=\"\" width=\"1280\" height=\"960\" srcset=\"https:\/\/franciscanos.org.br\/noticias\/wp-content\/uploads\/2022\/04\/pastorais_2504.jpg 1280w, https:\/\/franciscanos.org.br\/noticias\/wp-content\/uploads\/2022\/04\/pastorais_2504-450x338.jpg 450w, https:\/\/franciscanos.org.br\/noticias\/wp-content\/uploads\/2022\/04\/pastorais_2504-1024x768.jpg 1024w, https:\/\/franciscanos.org.br\/noticias\/wp-content\/uploads\/2022\/04\/pastorais_2504-768x576.jpg 768w, https:\/\/franciscanos.org.br\/noticias\/wp-content\/uploads\/2022\/04\/pastorais_2504-150x113.jpg 150w, https:\/\/franciscanos.org.br\/noticias\/wp-content\/uploads\/2022\/04\/pastorais_2504-600x450.jpg 600w\" sizes=\"(max-width: 1280px) 100vw, 1280px\" \/><\/p>\n<h3>\u00cdNTEGRA DA HOMILIA DE PE. KELDER<\/h3>\n<p><strong>MISSA DO VICARIATO PARA A\u00c7\u00c3O SOCIAL, POL\u00cdTICA E ECUM\u00caNICA DA ARQUIDIOCESE DE VIT\u00d3RIA<\/strong><\/p>\n<p><strong>Festa da Penha 2022: Sa\u00fade dos Enfermos, rogai por n\u00f3s! <\/strong><\/p>\n<p><strong>\u00c0s M\u00e3es Pobres<\/strong><\/p>\n<p>\u00c9 com imenso j\u00fabilo que hoje nos reunimos no alto de nosso Monte Sagrado, onde habita a M\u00e3e de Deus, aconchegando-nos no colo da Virgem da Penha, Senhora das Alegrias, Sa\u00fade dos Enfermos, M\u00e3e dos Pobres e Senhora dos Tempos Futuros.<\/p>\n<p>Ap\u00f3s dois anos sem podermos vivenciar plenamente este momento, que \u00e9 t\u00e3o importante para nossa caminhada espiritual, devido \u00e0 pandemia da Covid-19, nesta manh\u00e3 nos unimos em uma s\u00f3 voz, um s\u00f3 cora\u00e7\u00e3o e um s\u00f3 esp\u00edrito, em comunh\u00e3o com todos os devotos e devotas de Nossa Senhora da Penha, para agradecer pela grande e maravilhosa d\u00e1diva da vida, cheios de amor filial pela M\u00e3e de Deus e Senhora Nossa, de cuja carne e sangue foi gerado Jesus Cristo, o Filho de Deus que, ressuscitado dos mortos, abriu para n\u00f3s as portas da eternidade.<\/p>\n<p>Ainda ecoam em nossos ouvidos e cora\u00e7\u00e3o as ora\u00e7\u00f5es e cantos de aleluias da Vig\u00edlia Pascal, que celebramos h\u00e1 poucos dias, recordando o protagonismo das mulheres no an\u00fancio do Evangelho, por elas terem sido as primeiras testemunhas da Ressurrei\u00e7\u00e3o do Senhor, quando, ainda de madrugada, foram ao t\u00famulo para um \u00faltimo gesto de cuidado com o corpo de seu Mestre e Senhor, humilhado, torturado e crucificado pelas autoridades pol\u00edticas e religiosas dos romanos e judeus.<\/p>\n<p>Mas o t\u00famulo estava vazio. O Senhor ressuscitou, como fora dito pelos anjos e, assim, surge uma nova humanidade redimida do pecado, tendo Maria, a M\u00e3e de Jesus, como nossa M\u00e3e. Por isso, estamos aqui nesta manh\u00e3 t\u00e3o especial de outono, construindo, alegremente, com Maria, um novo amanh\u00e3 para seus filhos e filhas, ao reverenci\u00e1-la com amor filial nesta Eucaristia.<\/p>\n<p>Na liturgia de hoje, encontramos destacados a import\u00e2ncia e o protagonismo das mulheres nos planos de Deus e nas Sagradas Escrituras. A Primeira Leitura e o Salmo enfatizam a relev\u00e2ncia de Judite e Esther, na hist\u00f3ria do povo de Israel. Judite, uma bela e jovem vi\u00fava, decapitou o general ass\u00edrio Holofernes, que amea\u00e7ava dominar Israel. Esther, rainha concubina do rei Xerxes, intercedeu pela vida do seu povo, desmascarando a trama de seus inimigos, durante o ex\u00edlio da Babil\u00f4nia. Ambas, mulheres destemidas, colocaram sua vida em risco, depositando a confian\u00e7a em Deus, para o bem do seu povo.<\/p>\n<p>Ah, as mulheres! S\u00e3o sempre voc\u00eas mulheres a nos precederem nas coisas de Deus, porque voc\u00eas receberam o dom de gerar nas entranhas e nutrir com o pr\u00f3prio sangue as novas vidas que povoam o mundo, acolhendo e cuidando com amor e zelo das vidas que lhes s\u00e3o confiadas por Deus, incluindo as vidas que n\u00e3o s\u00e3o frutos dos vossos ventres, manifestando ao mundo a divina epifania da vida, como aconteceu no encontro de Maria e Isabel, conforme acabamos de ouvir no Evangelho.<\/p>\n<p>Maria e Isabel conceberam de formas inusitadas: uma era est\u00e9ril e a outra era virgem, mas ambas eram fi\u00e9is a Deus e estavam dispon\u00edveis para colaborar com o Seu projeto, apesar de suas limita\u00e7\u00f5es, medos e desafios, assim como todas voc\u00eas, mulheres, que d\u00e3o a vida pela fam\u00edlia, pela Igreja e pela sociedade, trabalhando incansavelmente com afinco, generosidade, alegria e ternura, nas nossas comunidades eclesiais de base, nas pastorais sociais, nos movimentos eclesiais, nas equipes de servi\u00e7os, nos movimentos sociais, nos coletivos de base,\u00a0 nos sindicatos e partidos pol\u00edticos e em tantos outros espa\u00e7os coletivos, que s\u00e3o enriquecidos com a sua participa\u00e7\u00e3o e servi\u00e7o.<\/p>\n<p>Maria e Isabel encarnam o projeto de Deus de maneira singular: nas entranhas de Isabel \u00e9 gestado o precursor, encerrando o ciclo do primeiro testamento, que preparou a vinda do Messias, Jesus Cristo, o Filho de Deus, gerado nas entranhas de Maria, a Nova Eva, M\u00e3e da humanidade recriada, que nos legou um novo testamento.<\/p>\n<p>Isabel encerra o passado, o povo da Antiga Alian\u00e7a; Maria prefigura o futuro, a Igreja nascente, pura, sem mancha, plena de vida e de esperan\u00e7a. Elas se encontram, se complementam e se alegram, porque sabem que Deus as escolheu para ajudar no Plano da Salva\u00e7\u00e3o. Elas tinham consci\u00eancia de que a sua disponibilidade era fundamental para Deus cumprir o seu des\u00edgnio, como tamb\u00e9m \u00e9 necess\u00e1ria a nossa disponibilidade para Ele agir, hoje, no mundo.<\/p>\n<p>Dos l\u00e1bios de Maria brota o c\u00e2ntico prof\u00e9tico, que revela o projeto de Deus para a nova humanidade. Como s\u00e3o surpreendentes, desconcertantes e desafiadores os des\u00edgnios de Deus ao longo da hist\u00f3ria, principalmente os que brotam dos l\u00e1bios de Maria, que anunciam a derrubada dos poderosos e a exalta\u00e7\u00e3o dos humildes. O projeto de Deus para a humanidade profetizado pelo canto de Maria \u00e9 o inverso dos projetos pol\u00edticos e institucionais de opress\u00e3o e morte, que est\u00e3o em curso no mundo, especialmente no Brasil, com falsos valores em uma sociedade que estimula o individualismo, o ac\u00famulo, o consumo, o desperd\u00edcio e a exclus\u00e3o, aceitando como natural que uns possam viver com muito, enquanto outros, sequer t\u00eam direito \u00e0 vida. O canto de Maria nos exorta e motiva \u00e0 constru\u00e7\u00e3o de um projeto de vida e dignidade para todas as pessoas.<\/p>\n<p>Tomada pelo Esp\u00edrito Santo, Maria bendiz a Deus porque Ele olhou com ternura para a humildade de Sua serva. Deus olhou com ternura para uma jovem pobre da periferia de Jerusal\u00e9m e \u00e9 com esse mesmo olhar que olha para voc\u00eas, m\u00e3es empobrecidas das periferias, que, como ela, aos p\u00e9s da Cruz, seguram no colo os filhos esvaindo-se em sangue, sem vida, mortos por agentes do Estado, como o jovem Wellington da Silva Dias, recentemente executado em S\u00e3o Pedro por um policial militar, como tantos outros jovens pretos e pobres, executados sumariamente ao longo dos anos no Esp\u00edrito Santo. Cansamos de ouvir a narrativa do Governo do Estado de que os jovens executados nas periferias foram mortos porque atiraram primeiro, quando todos n\u00f3s sabemos que isso n\u00e3o \u00e9 a verdade.\u00a0 Os v\u00eddeos que circularam intensamente nas redes sociais, mostram a frieza do policial que atirou em uma pessoa com as m\u00e3os na cabe\u00e7a, uma situa\u00e7\u00e3o que sabemos ser recorrente no territ\u00f3rio capixaba, conforme j\u00e1 denunciado na ONU, sem que o Estado mude sua forma de atua\u00e7\u00e3o.<\/p>\n<p>A M\u00e3e do Cristo Ressuscitado \u00e9 a mesma M\u00e3e do Cristo Crucificado; aqui no Convento, ao lado do altar mor de Nossa Senhora das Alegrias est\u00e1 o altar de Nossa Senhora das Dores e o altar de Nosso Senhor dos Passos, para nos lembrar que a Senhora das Alegrias, no alto da montanha, \u00e9, tamb\u00e9m, a Senhora das Dores, aos p\u00e9s da Cruz. E ela continua sofrendo com os a\u00e7oites, espinhos e cravos que atingem seus filhos, nas periferias das cidades, s\u00f3 porque s\u00e3o pobres e pretos. Est\u00e1 mais do que provado que criminalizar, encarcerar e matar jovens e adolescentes pobres, n\u00e3o diminui em nada a viol\u00eancia ou o tr\u00e1fico de drogas e de armas, que cada vez est\u00e1 mais forte, movimentando montanhas de dinheiro, financiando campanhas pol\u00edticas e fundando igrejas, ocupando o lugar do Estado e de outras institui\u00e7\u00f5es, cujos gestores n\u00e3o querem saber dos pobres, a n\u00e3o ser em ano eleitoral.<\/p>\n<p>Maria bendiz a Deus, porque o nome de Deus \u00e9 Santo e a sua miseric\u00f3rdia se estende a todos os que O respeitam, mesmo os que n\u00e3o professam uma f\u00e9, mas que praticam a justi\u00e7a, respeitam o semelhante, s\u00e3o solid\u00e1rios com os que sofrem e n\u00e3o julgam ou maltratam ningu\u00e9m, muito diferente de quem se vale da religi\u00e3o, usando as Escrituras Sagradas para ganhar dinheiro, como os mercen\u00e1rios transvestidos de pastores e o Ministro da Educa\u00e7\u00e3o, envolvidos no esc\u00e2ndalo do MEC, que vendiam a Palavra de Deus a peso de ouro, desviando recursos da sagrada educa\u00e7\u00e3o, profanando o nome do Senhor.<\/p>\n<p>Maria bendiz a Deus porque Ele n\u00e3o \u00e9 indiferente aos dramas dos pobres que s\u00e3o v\u00edtimas dos poderosos, saciando de p\u00e3o os famintos. A fome chegou em nosso meio e est\u00e1 devorando tudo, principalmente, a vida, a dignidade e a alegria das pessoas empobrecidas. E n\u00f3s sabemos que a fome n\u00e3o \u00e9 causada pela falta de alimentos, j\u00e1 que somos um dos pa\u00edses que mais produz alimentos no mundo. Temos sim alimentos para todos, mas os pobres n\u00e3o t\u00eam como compr\u00e1-los. Os alimentos est\u00e3o caros, o povo est\u00e1 empobrecido, desempregado, neste pa\u00eds historicamente marcado pela desigualdade.<\/p>\n<p>Carecemos de pol\u00edticas decentes de distribui\u00e7\u00e3o de renda e pol\u00edticas emergenciais para matar a fome do povo que sofre.\u00a0 Dia a dia testemunhamos a insensibilidade e m\u00e1 vontade dos gestores municipais, estaduais e federais, que se recusam a oferecer aos empobrecidos alternativas de acesso \u00e0 alimenta\u00e7\u00e3o, como restaurantes populares, cozinhas comunit\u00e1rias e bancos de alimentos. S\u00f3 em nossa Arquidiocese temos mais de quatorze mil fam\u00edlias cadastradas para receberem cestas b\u00e1sicas e sabemos que no Estado s\u00e3o mais de um milh\u00e3o e duzentas mil pessoas passando fome diariamente.<\/p>\n<p>A Campanha Paz e P\u00e3o j\u00e1 distribuiu mais de 500 toneladas de alimentos no decorrer do \u00faltimo ano e sabemos que isso \u00e9 pouco diante de tanta gente faminta. Estamos dando a nossa contribui\u00e7\u00e3o, organizando uma rede ampla de parcerias que tem amenizado um pouco o drama de milhares de pessoas. Entretanto, sabemos que isso \u00e9 muito pouco! \u00c9 preciso muito mais!<\/p>\n<p>N\u00f3s crist\u00e3os, temos o dever moral de dar p\u00e3o a quem tem fome, mas os gestores p\u00fablicos tem o dever legal, previsto na Constitui\u00e7\u00e3o. Ent\u00e3o, n\u00e3o corram dessa sua obriga\u00e7\u00e3o, senhores presidente, governador e prefeitos! A fome de nosso irm\u00e3o dep\u00f5e contra n\u00f3s e revela o fracasso de nossa humanidade e modelo de civiliza\u00e7\u00e3o.<\/p>\n<p>\u00c9 preciso que toda sociedade tome consci\u00eancia do sofrimento dos empobrecidos e se mobilize para impedir o avan\u00e7o da fome com a\u00e7\u00f5es solid\u00e1rias a curto prazo, mas, e, principalmente, cobrando dos gestores pol\u00edticas p\u00fablicas de enfrentamento \u00e0 fome e \u00e0 erradica\u00e7\u00e3o da pobreza.<\/p>\n<p>\u00c9 a vontade de Deus que ecoa no canto de Maria: \u00e9 preciso saciar os que t\u00eam fome! N\u00e3o podemos aceitar nenhum ser humano passando fome. A fome \u00e9 a mais vil e cruel de todas as viol\u00eancias. Nenhum pai, nenhuma m\u00e3e, como voc\u00eas, m\u00e3es pobres das periferias, que sofrem por n\u00e3o ter o que comer e nem o que oferecer aos seus filhos famintos, deveriam passar por tamanha viol\u00eancia. Nenhuma m\u00e3e deveria ser humilhada, como voc\u00eas, m\u00e3es, que v\u00e3o de um lugar a outro, cabisbaixas, acabrunhadas, carregando os filhos nos bra\u00e7os, em busca de uma cesta b\u00e1sica ou de uma botija de g\u00e1s, sem serem ouvidas ou enxergadas pelos gestores p\u00fablicos, enquanto o Governo Federal gasta milh\u00f5es com viagra, lubrificante \u00edntimo e pr\u00f3teses penianas para as For\u00e7as Armadas, desmascarando o cinismo e a impot\u00eancia de quem governa a na\u00e7\u00e3o, afrontando o povo e ofendendo a Deus, querendo transformar nosso pa\u00eds em Sodoma e Gomorra.<\/p>\n<p>Nesta resplandecente manh\u00e3 outonal, no alto deste Monte Sagrado, como Maria e Isabel e todas as mulheres exaltadas nas Sagradas Escrituras, porque se colocaram a servi\u00e7o de Deus e da vida do povo, coloquemo-nos \u00e0 disposi\u00e7\u00e3o do Senhor, assumindo o Seu projeto de vida e dignidade para todas as pessoas, que brotou dos l\u00e1bios de Maria, cuidando uns dos outros, especialmente, dos filhos prediletos de Nossa Senhora, os mais empobrecidos, e todos unidos em um s\u00f3 cora\u00e7\u00e3o, mente e esp\u00edrito, louvemos a Virgem da Penha, Senhora das Alegrias, Sa\u00fade dos Enfermos, M\u00e3e dos Pobres e Senhora dos Tempos Futuros. Viva Nossa Senhora da Penha!<\/p>\n","protected":false},"excerpt":{"rendered":"<p>Missa das Pastorais Sociais <\/p>\n","protected":false},"author":3,"featured_media":237546,"comment_status":"open","ping_status":"open","sticky":false,"template":"","format":"standard","meta":[],"categories":[1],"tags":[1999],"acf":[],"yoast_head":"<!-- This site is optimized with the Yoast SEO plugin v19.2 - https:\/\/yoast.com\/wordpress\/plugins\/seo\/ -->\n<title>&quot;A fome chegou em nosso meio e est\u00e1 devorando tudo&quot;, denuncia Pe. Kelder - Not\u00edcias - Franciscanos<\/title>\n<meta name=\"robots\" content=\"index, follow, max-snippet:-1, max-image-preview:large, max-video-preview:-1\" \/>\n<link rel=\"canonical\" href=\"https:\/\/franciscanos.org.br\/noticias\/a-fome-chegou-em-nosso-meio-e-esta-devorando-tudo-denuncia-pe-kelder.html\" \/>\n<meta property=\"og:locale\" content=\"pt_BR\" \/>\n<meta property=\"og:type\" content=\"article\" \/>\n<meta property=\"og:title\" content=\"&quot;A fome chegou em nosso meio e est\u00e1 devorando tudo&quot;, denuncia Pe. Kelder - Not\u00edcias - Franciscanos\" \/>\n<meta property=\"og:description\" content=\"Missa das Pastorais Sociais\" \/>\n<meta property=\"og:url\" content=\"https:\/\/franciscanos.org.br\/noticias\/a-fome-chegou-em-nosso-meio-e-esta-devorando-tudo-denuncia-pe-kelder.html\" \/>\n<meta property=\"og:site_name\" content=\"Not\u00edcias - Franciscanos\" \/>\n<meta property=\"article:published_time\" content=\"2022-04-25T16:35:41+00:00\" \/>\n<meta property=\"article:modified_time\" content=\"2022-04-25T16:45:10+00:00\" \/>\n<meta property=\"og:image\" content=\"https:\/\/franciscanos.org.br\/noticias\/wp-content\/uploads\/2022\/04\/pastorais_2504_3.jpg\" \/>\n\t<meta property=\"og:image:width\" content=\"1280\" \/>\n\t<meta property=\"og:image:height\" content=\"763\" \/>\n\t<meta property=\"og:image:type\" content=\"image\/jpeg\" \/>\n<meta name=\"author\" content=\"moacir\" \/>\n<meta name=\"twitter:card\" content=\"summary_large_image\" \/>\n<meta name=\"twitter:label1\" content=\"Escrito por\" \/>\n\t<meta name=\"twitter:data1\" content=\"moacir\" \/>\n\t<meta name=\"twitter:label2\" content=\"Est. tempo de leitura\" \/>\n\t<meta name=\"twitter:data2\" content=\"11 minutos\" \/>\n<script type=\"application\/ld+json\" class=\"yoast-schema-graph\">{\"@context\":\"https:\/\/schema.org\",\"@graph\":[{\"@type\":\"WebSite\",\"@id\":\"https:\/\/franciscanos.org.br\/noticias\/#website\",\"url\":\"https:\/\/franciscanos.org.br\/noticias\/\",\"name\":\"Not\u00edcias - Franciscanos\",\"description\":\"Prov\u00edncia Franciscana da Imaculada Concei\u00e7\u00e3o do Brasil - Ordem dos Frades Menores - OFM\",\"potentialAction\":[{\"@type\":\"SearchAction\",\"target\":{\"@type\":\"EntryPoint\",\"urlTemplate\":\"https:\/\/franciscanos.org.br\/noticias\/?s={search_term_string}\"},\"query-input\":\"required name=search_term_string\"}],\"inLanguage\":\"pt-BR\"},{\"@type\":\"ImageObject\",\"inLanguage\":\"pt-BR\",\"@id\":\"https:\/\/franciscanos.org.br\/noticias\/a-fome-chegou-em-nosso-meio-e-esta-devorando-tudo-denuncia-pe-kelder.html#primaryimage\",\"url\":\"https:\/\/franciscanos.org.br\/noticias\/wp-content\/uploads\/2022\/04\/pastorais_2504_3.jpg\",\"contentUrl\":\"https:\/\/franciscanos.org.br\/noticias\/wp-content\/uploads\/2022\/04\/pastorais_2504_3.jpg\",\"width\":1280,\"height\":763},{\"@type\":\"WebPage\",\"@id\":\"https:\/\/franciscanos.org.br\/noticias\/a-fome-chegou-em-nosso-meio-e-esta-devorando-tudo-denuncia-pe-kelder.html#webpage\",\"url\":\"https:\/\/franciscanos.org.br\/noticias\/a-fome-chegou-em-nosso-meio-e-esta-devorando-tudo-denuncia-pe-kelder.html\",\"name\":\"\\\"A fome chegou em nosso meio e est\u00e1 devorando tudo\\\", denuncia Pe. Kelder - Not\u00edcias - Franciscanos\",\"isPartOf\":{\"@id\":\"https:\/\/franciscanos.org.br\/noticias\/#website\"},\"primaryImageOfPage\":{\"@id\":\"https:\/\/franciscanos.org.br\/noticias\/a-fome-chegou-em-nosso-meio-e-esta-devorando-tudo-denuncia-pe-kelder.html#primaryimage\"},\"datePublished\":\"2022-04-25T16:35:41+00:00\",\"dateModified\":\"2022-04-25T16:45:10+00:00\",\"author\":{\"@id\":\"https:\/\/franciscanos.org.br\/noticias\/#\/schema\/person\/b5c8cba458c330ccff548b056e95a5d4\"},\"breadcrumb\":{\"@id\":\"https:\/\/franciscanos.org.br\/noticias\/a-fome-chegou-em-nosso-meio-e-esta-devorando-tudo-denuncia-pe-kelder.html#breadcrumb\"},\"inLanguage\":\"pt-BR\",\"potentialAction\":[{\"@type\":\"ReadAction\",\"target\":[\"https:\/\/franciscanos.org.br\/noticias\/a-fome-chegou-em-nosso-meio-e-esta-devorando-tudo-denuncia-pe-kelder.html\"]}]},{\"@type\":\"BreadcrumbList\",\"@id\":\"https:\/\/franciscanos.org.br\/noticias\/a-fome-chegou-em-nosso-meio-e-esta-devorando-tudo-denuncia-pe-kelder.html#breadcrumb\",\"itemListElement\":[{\"@type\":\"ListItem\",\"position\":1,\"name\":\"Home\",\"item\":\"https:\/\/franciscanos.org.br\/noticias\"},{\"@type\":\"ListItem\",\"position\":2,\"name\":\"&#8220;A fome chegou em nosso meio e est\u00e1 devorando tudo&#8221;, denuncia Pe. Kelder\"}]},{\"@type\":\"Person\",\"@id\":\"https:\/\/franciscanos.org.br\/noticias\/#\/schema\/person\/b5c8cba458c330ccff548b056e95a5d4\",\"name\":\"moacir\",\"image\":{\"@type\":\"ImageObject\",\"inLanguage\":\"pt-BR\",\"@id\":\"https:\/\/franciscanos.org.br\/noticias\/#\/schema\/person\/image\/\",\"url\":\"https:\/\/secure.gravatar.com\/avatar\/d08aa2ce4c8dd416d4479aa8536fcf64?s=96&d=mm&r=g\",\"contentUrl\":\"https:\/\/secure.gravatar.com\/avatar\/d08aa2ce4c8dd416d4479aa8536fcf64?s=96&d=mm&r=g\",\"caption\":\"moacir\"},\"url\":\"https:\/\/franciscanos.org.br\/noticias\/author\/moacir\"}]}<\/script>\n<!-- \/ Yoast SEO plugin. -->","yoast_head_json":{"title":"\"A fome chegou em nosso meio e est\u00e1 devorando tudo\", denuncia Pe. Kelder - Not\u00edcias - Franciscanos","robots":{"index":"index","follow":"follow","max-snippet":"max-snippet:-1","max-image-preview":"max-image-preview:large","max-video-preview":"max-video-preview:-1"},"canonical":"https:\/\/franciscanos.org.br\/noticias\/a-fome-chegou-em-nosso-meio-e-esta-devorando-tudo-denuncia-pe-kelder.html","og_locale":"pt_BR","og_type":"article","og_title":"\"A fome chegou em nosso meio e est\u00e1 devorando tudo\", denuncia Pe. Kelder - Not\u00edcias - Franciscanos","og_description":"Missa das Pastorais Sociais","og_url":"https:\/\/franciscanos.org.br\/noticias\/a-fome-chegou-em-nosso-meio-e-esta-devorando-tudo-denuncia-pe-kelder.html","og_site_name":"Not\u00edcias - Franciscanos","article_published_time":"2022-04-25T16:35:41+00:00","article_modified_time":"2022-04-25T16:45:10+00:00","og_image":[{"width":1280,"height":763,"url":"https:\/\/franciscanos.org.br\/noticias\/wp-content\/uploads\/2022\/04\/pastorais_2504_3.jpg","type":"image\/jpeg"}],"author":"moacir","twitter_card":"summary_large_image","twitter_misc":{"Escrito por":"moacir","Est. tempo de leitura":"11 minutos"},"schema":{"@context":"https:\/\/schema.org","@graph":[{"@type":"WebSite","@id":"https:\/\/franciscanos.org.br\/noticias\/#website","url":"https:\/\/franciscanos.org.br\/noticias\/","name":"Not\u00edcias - Franciscanos","description":"Prov\u00edncia Franciscana da Imaculada Concei\u00e7\u00e3o do Brasil - Ordem dos Frades Menores - OFM","potentialAction":[{"@type":"SearchAction","target":{"@type":"EntryPoint","urlTemplate":"https:\/\/franciscanos.org.br\/noticias\/?s={search_term_string}"},"query-input":"required name=search_term_string"}],"inLanguage":"pt-BR"},{"@type":"ImageObject","inLanguage":"pt-BR","@id":"https:\/\/franciscanos.org.br\/noticias\/a-fome-chegou-em-nosso-meio-e-esta-devorando-tudo-denuncia-pe-kelder.html#primaryimage","url":"https:\/\/franciscanos.org.br\/noticias\/wp-content\/uploads\/2022\/04\/pastorais_2504_3.jpg","contentUrl":"https:\/\/franciscanos.org.br\/noticias\/wp-content\/uploads\/2022\/04\/pastorais_2504_3.jpg","width":1280,"height":763},{"@type":"WebPage","@id":"https:\/\/franciscanos.org.br\/noticias\/a-fome-chegou-em-nosso-meio-e-esta-devorando-tudo-denuncia-pe-kelder.html#webpage","url":"https:\/\/franciscanos.org.br\/noticias\/a-fome-chegou-em-nosso-meio-e-esta-devorando-tudo-denuncia-pe-kelder.html","name":"\"A fome chegou em nosso meio e est\u00e1 devorando tudo\", denuncia Pe. Kelder - Not\u00edcias - Franciscanos","isPartOf":{"@id":"https:\/\/franciscanos.org.br\/noticias\/#website"},"primaryImageOfPage":{"@id":"https:\/\/franciscanos.org.br\/noticias\/a-fome-chegou-em-nosso-meio-e-esta-devorando-tudo-denuncia-pe-kelder.html#primaryimage"},"datePublished":"2022-04-25T16:35:41+00:00","dateModified":"2022-04-25T16:45:10+00:00","author":{"@id":"https:\/\/franciscanos.org.br\/noticias\/#\/schema\/person\/b5c8cba458c330ccff548b056e95a5d4"},"breadcrumb":{"@id":"https:\/\/franciscanos.org.br\/noticias\/a-fome-chegou-em-nosso-meio-e-esta-devorando-tudo-denuncia-pe-kelder.html#breadcrumb"},"inLanguage":"pt-BR","potentialAction":[{"@type":"ReadAction","target":["https:\/\/franciscanos.org.br\/noticias\/a-fome-chegou-em-nosso-meio-e-esta-devorando-tudo-denuncia-pe-kelder.html"]}]},{"@type":"BreadcrumbList","@id":"https:\/\/franciscanos.org.br\/noticias\/a-fome-chegou-em-nosso-meio-e-esta-devorando-tudo-denuncia-pe-kelder.html#breadcrumb","itemListElement":[{"@type":"ListItem","position":1,"name":"Home","item":"https:\/\/franciscanos.org.br\/noticias"},{"@type":"ListItem","position":2,"name":"&#8220;A fome chegou em nosso meio e est\u00e1 devorando tudo&#8221;, denuncia Pe. Kelder"}]},{"@type":"Person","@id":"https:\/\/franciscanos.org.br\/noticias\/#\/schema\/person\/b5c8cba458c330ccff548b056e95a5d4","name":"moacir","image":{"@type":"ImageObject","inLanguage":"pt-BR","@id":"https:\/\/franciscanos.org.br\/noticias\/#\/schema\/person\/image\/","url":"https:\/\/secure.gravatar.com\/avatar\/d08aa2ce4c8dd416d4479aa8536fcf64?s=96&d=mm&r=g","contentUrl":"https:\/\/secure.gravatar.com\/avatar\/d08aa2ce4c8dd416d4479aa8536fcf64?s=96&d=mm&r=g","caption":"moacir"},"url":"https:\/\/franciscanos.org.br\/noticias\/author\/moacir"}]}},"_links":{"self":[{"href":"https:\/\/franciscanos.org.br\/noticias\/wp-json\/wp\/v2\/posts\/237545"}],"collection":[{"href":"https:\/\/franciscanos.org.br\/noticias\/wp-json\/wp\/v2\/posts"}],"about":[{"href":"https:\/\/franciscanos.org.br\/noticias\/wp-json\/wp\/v2\/types\/post"}],"author":[{"embeddable":true,"href":"https:\/\/franciscanos.org.br\/noticias\/wp-json\/wp\/v2\/users\/3"}],"replies":[{"embeddable":true,"href":"https:\/\/franciscanos.org.br\/noticias\/wp-json\/wp\/v2\/comments?post=237545"}],"version-history":[{"count":3,"href":"https:\/\/franciscanos.org.br\/noticias\/wp-json\/wp\/v2\/posts\/237545\/revisions"}],"predecessor-version":[{"id":237551,"href":"https:\/\/franciscanos.org.br\/noticias\/wp-json\/wp\/v2\/posts\/237545\/revisions\/237551"}],"wp:featuredmedia":[{"embeddable":true,"href":"https:\/\/franciscanos.org.br\/noticias\/wp-json\/wp\/v2\/media\/237546"}],"wp:attachment":[{"href":"https:\/\/franciscanos.org.br\/noticias\/wp-json\/wp\/v2\/media?parent=237545"}],"wp:term":[{"taxonomy":"category","embeddable":true,"href":"https:\/\/franciscanos.org.br\/noticias\/wp-json\/wp\/v2\/categories?post=237545"},{"taxonomy":"post_tag","embeddable":true,"href":"https:\/\/franciscanos.org.br\/noticias\/wp-json\/wp\/v2\/tags?post=237545"}],"curies":[{"name":"wp","href":"https:\/\/api.w.org\/{rel}","templated":true}]}}