{"id":237513,"date":"2022-04-24T21:53:54","date_gmt":"2022-04-25T00:53:54","guid":{"rendered":"https:\/\/franciscanos.org.br\/noticias\/?p=237513"},"modified":"2023-01-03T14:06:53","modified_gmt":"2023-01-03T17:06:53","slug":"dom-andherson-o-feminicidio-nos-entristece-porque-temos-como-padroeira-uma-mulher","status":"publish","type":"post","link":"https:\/\/franciscanos.org.br\/noticias\/dom-andherson-o-feminicidio-nos-entristece-porque-temos-como-padroeira-uma-mulher.html","title":{"rendered":"Dom Andherson: &#8220;O feminic\u00eddio nos entristece porque temos como Padroeira uma mulher&#8221;"},"content":{"rendered":"<p><strong><img loading=\"lazy\" class=\"alignnone wp-image-237514 size-full\" src=\"https:\/\/franciscanos.org.br\/noticias\/wp-content\/uploads\/2022\/04\/mulheres_2404_17.jpg\" alt=\"\" width=\"1280\" height=\"720\" srcset=\"https:\/\/franciscanos.org.br\/noticias\/wp-content\/uploads\/2022\/04\/mulheres_2404_17.jpg 1280w, https:\/\/franciscanos.org.br\/noticias\/wp-content\/uploads\/2022\/04\/mulheres_2404_17-450x253.jpg 450w, https:\/\/franciscanos.org.br\/noticias\/wp-content\/uploads\/2022\/04\/mulheres_2404_17-1024x576.jpg 1024w, https:\/\/franciscanos.org.br\/noticias\/wp-content\/uploads\/2022\/04\/mulheres_2404_17-768x432.jpg 768w, https:\/\/franciscanos.org.br\/noticias\/wp-content\/uploads\/2022\/04\/mulheres_2404_17-150x84.jpg 150w\" sizes=\"(max-width: 1280px) 100vw, 1280px\" \/><\/strong><\/p>\n<p><strong>Vila Velha (ES) &#8211;<\/strong> A Romaria das Mulheres da Festa da Penha prima sempre pela beleza e f\u00e9 para expressar em grau m\u00e1ximo a devo\u00e7\u00e3o \u00e0 Virgem das Alegrias, Nossa Senhora da Penha. Esta devo\u00e7\u00e3o, com elas, sempre tem um colorido especial no percurso do Santu\u00e1rio do Divino Esp\u00edrito Santo at\u00e9 a Prainha, palco das grandes celebra\u00e7\u00f5es desta Festa. Cerca de 70 mil mulheres lotaram a Prainha por volta das 16h30, quando o Vig\u00e1rio Provincial, Frei Gustavo Medella, presidiu o \u00faltimo momento devocional franciscano no Oitav\u00e1rio da Festa da Penha.<\/p>\n<p>Muitos bal\u00f5es coloriram as ruas de Vila Velha e deram um espet\u00e1culo \u00e0 parte na Prainha durante a Celebra\u00e7\u00e3o Eucar\u00edstica. \u00c9 de se impressionar com a multid\u00e3o de devotos, menos de 24 horas da grandiosa Romaria dos Homens, mostrando a f\u00e9 do povo capixaba.<\/p>\n<p><img loading=\"lazy\" class=\"alignnone wp-image-237515 size-full\" src=\"https:\/\/franciscanos.org.br\/noticias\/wp-content\/uploads\/2022\/04\/mulheres_2404_1.jpg\" alt=\"\" width=\"1280\" height=\"960\" srcset=\"https:\/\/franciscanos.org.br\/noticias\/wp-content\/uploads\/2022\/04\/mulheres_2404_1.jpg 1280w, https:\/\/franciscanos.org.br\/noticias\/wp-content\/uploads\/2022\/04\/mulheres_2404_1-450x338.jpg 450w, https:\/\/franciscanos.org.br\/noticias\/wp-content\/uploads\/2022\/04\/mulheres_2404_1-1024x768.jpg 1024w, https:\/\/franciscanos.org.br\/noticias\/wp-content\/uploads\/2022\/04\/mulheres_2404_1-768x576.jpg 768w, https:\/\/franciscanos.org.br\/noticias\/wp-content\/uploads\/2022\/04\/mulheres_2404_1-150x113.jpg 150w, https:\/\/franciscanos.org.br\/noticias\/wp-content\/uploads\/2022\/04\/mulheres_2404_1-600x450.jpg 600w\" sizes=\"(max-width: 1280px) 100vw, 1280px\" \/><\/p>\n<p>A Santa Missa, \u00e0s 17 horas, foi presidida pelo bispo auxiliar de Vit\u00f3ria, Dom Andherson Franklin, e teve como concelebrantes os frades do Convento da Penha, o guardi\u00e3o Frei Djalmo Fuck, e Pe. Renato Criste, p\u00e1roco da Catedral de Vit\u00f3ria, al\u00e9m de religiosos, di\u00e1conos e seminaristas.<\/p>\n<p>Dom Andherson lembrou que diante da Virgem da Penha somos peregrinos. &#8220;Seremos enviados daqui como salmistas para cantar a vontade de Deus. O Evangelho diz que Jesus se apresenta. \u00c9 um apresentar-se na sua plenitude de Ressuscitado. Ele recorda aos disc\u00edpulos que ele \u00e9 o Crucificado. Ele deu a vida para que toda a humanidade pudesse viver em comunh\u00e3o com o Pai. E ao se apresentar aos disc\u00edpulos, eles se alegram e cantam a alegria da vit\u00f3ria da vida sobre a morte, que nunca ter\u00e1 e nunca teve a \u00faltima palavra&#8221;, disse.<\/p>\n\n\t\t<style type=\"text\/css\">\n\t\t\t#gallery-1 {\n\t\t\t\tmargin: auto;\n\t\t\t}\n\t\t\t#gallery-1 .gallery-item {\n\t\t\t\tfloat: left;\n\t\t\t\tmargin-top: 10px;\n\t\t\t\ttext-align: center;\n\t\t\t\twidth: 14%;\n\t\t\t}\n\t\t\t#gallery-1 img {\n\t\t\t\tborder: 2px solid #cfcfcf;\n\t\t\t}\n\t\t\t#gallery-1 .gallery-caption {\n\t\t\t\tmargin-left: 0;\n\t\t\t}\n\t\t\t\/* see gallery_shortcode() in wp-includes\/media.php *\/\n\t\t<\/style>\n\t\t<div id='gallery-1' class='gallery galleryid-237513 gallery-columns-7 gallery-size-thumbnail'><dl class='gallery-item'>\n\t\t\t<dt class='gallery-icon landscape'>\n\t\t\t\t<a href='https:\/\/franciscanos.org.br\/noticias\/wp-content\/uploads\/2022\/04\/mulheres_2404_3.jpg'><img width=\"300\" height=\"300\" src=\"https:\/\/franciscanos.org.br\/noticias\/wp-content\/uploads\/2022\/04\/mulheres_2404_3-300x300.jpg\" class=\"attachment-thumbnail size-thumbnail\" alt=\"\" loading=\"lazy\" srcset=\"https:\/\/franciscanos.org.br\/noticias\/wp-content\/uploads\/2022\/04\/mulheres_2404_3-300x300.jpg 300w, https:\/\/franciscanos.org.br\/noticias\/wp-content\/uploads\/2022\/04\/mulheres_2404_3-100x100.jpg 100w\" sizes=\"(max-width: 300px) 100vw, 300px\" \/><\/a>\n\t\t\t<\/dt><\/dl><dl class='gallery-item'>\n\t\t\t<dt class='gallery-icon landscape'>\n\t\t\t\t<a href='https:\/\/franciscanos.org.br\/noticias\/wp-content\/uploads\/2022\/04\/mulheres_2404_4.jpg'><img width=\"300\" height=\"300\" src=\"https:\/\/franciscanos.org.br\/noticias\/wp-content\/uploads\/2022\/04\/mulheres_2404_4-300x300.jpg\" class=\"attachment-thumbnail size-thumbnail\" alt=\"\" loading=\"lazy\" srcset=\"https:\/\/franciscanos.org.br\/noticias\/wp-content\/uploads\/2022\/04\/mulheres_2404_4-300x300.jpg 300w, https:\/\/franciscanos.org.br\/noticias\/wp-content\/uploads\/2022\/04\/mulheres_2404_4-100x100.jpg 100w\" sizes=\"(max-width: 300px) 100vw, 300px\" \/><\/a>\n\t\t\t<\/dt><\/dl><dl class='gallery-item'>\n\t\t\t<dt class='gallery-icon landscape'>\n\t\t\t\t<a href='https:\/\/franciscanos.org.br\/noticias\/wp-content\/uploads\/2022\/04\/mulheres_2404_9.jpg'><img width=\"300\" height=\"300\" src=\"https:\/\/franciscanos.org.br\/noticias\/wp-content\/uploads\/2022\/04\/mulheres_2404_9-300x300.jpg\" class=\"attachment-thumbnail size-thumbnail\" alt=\"\" loading=\"lazy\" srcset=\"https:\/\/franciscanos.org.br\/noticias\/wp-content\/uploads\/2022\/04\/mulheres_2404_9-300x300.jpg 300w, https:\/\/franciscanos.org.br\/noticias\/wp-content\/uploads\/2022\/04\/mulheres_2404_9-100x100.jpg 100w\" sizes=\"(max-width: 300px) 100vw, 300px\" \/><\/a>\n\t\t\t<\/dt><\/dl><dl class='gallery-item'>\n\t\t\t<dt class='gallery-icon landscape'>\n\t\t\t\t<a href='https:\/\/franciscanos.org.br\/noticias\/wp-content\/uploads\/2022\/04\/mulheres_2404_10.jpg'><img width=\"300\" height=\"300\" src=\"https:\/\/franciscanos.org.br\/noticias\/wp-content\/uploads\/2022\/04\/mulheres_2404_10-300x300.jpg\" class=\"attachment-thumbnail size-thumbnail\" alt=\"\" loading=\"lazy\" srcset=\"https:\/\/franciscanos.org.br\/noticias\/wp-content\/uploads\/2022\/04\/mulheres_2404_10-300x300.jpg 300w, https:\/\/franciscanos.org.br\/noticias\/wp-content\/uploads\/2022\/04\/mulheres_2404_10-100x100.jpg 100w\" sizes=\"(max-width: 300px) 100vw, 300px\" \/><\/a>\n\t\t\t<\/dt><\/dl><dl class='gallery-item'>\n\t\t\t<dt class='gallery-icon landscape'>\n\t\t\t\t<a href='https:\/\/franciscanos.org.br\/noticias\/wp-content\/uploads\/2022\/04\/mulheres_2404_11.jpg'><img width=\"300\" height=\"300\" src=\"https:\/\/franciscanos.org.br\/noticias\/wp-content\/uploads\/2022\/04\/mulheres_2404_11-300x300.jpg\" class=\"attachment-thumbnail size-thumbnail\" alt=\"\" loading=\"lazy\" srcset=\"https:\/\/franciscanos.org.br\/noticias\/wp-content\/uploads\/2022\/04\/mulheres_2404_11-300x300.jpg 300w, https:\/\/franciscanos.org.br\/noticias\/wp-content\/uploads\/2022\/04\/mulheres_2404_11-100x100.jpg 100w\" sizes=\"(max-width: 300px) 100vw, 300px\" \/><\/a>\n\t\t\t<\/dt><\/dl><dl class='gallery-item'>\n\t\t\t<dt class='gallery-icon landscape'>\n\t\t\t\t<a href='https:\/\/franciscanos.org.br\/noticias\/wp-content\/uploads\/2022\/04\/mulheres_2404_13.jpg'><img width=\"300\" height=\"300\" src=\"https:\/\/franciscanos.org.br\/noticias\/wp-content\/uploads\/2022\/04\/mulheres_2404_13-300x300.jpg\" class=\"attachment-thumbnail size-thumbnail\" alt=\"\" loading=\"lazy\" srcset=\"https:\/\/franciscanos.org.br\/noticias\/wp-content\/uploads\/2022\/04\/mulheres_2404_13-300x300.jpg 300w, https:\/\/franciscanos.org.br\/noticias\/wp-content\/uploads\/2022\/04\/mulheres_2404_13-100x100.jpg 100w\" sizes=\"(max-width: 300px) 100vw, 300px\" \/><\/a>\n\t\t\t<\/dt><\/dl><dl class='gallery-item'>\n\t\t\t<dt class='gallery-icon landscape'>\n\t\t\t\t<a href='https:\/\/franciscanos.org.br\/noticias\/wp-content\/uploads\/2022\/04\/mulheres_2404_16.jpg'><img width=\"300\" height=\"300\" src=\"https:\/\/franciscanos.org.br\/noticias\/wp-content\/uploads\/2022\/04\/mulheres_2404_16-300x300.jpg\" class=\"attachment-thumbnail size-thumbnail\" alt=\"\" loading=\"lazy\" srcset=\"https:\/\/franciscanos.org.br\/noticias\/wp-content\/uploads\/2022\/04\/mulheres_2404_16-300x300.jpg 300w, https:\/\/franciscanos.org.br\/noticias\/wp-content\/uploads\/2022\/04\/mulheres_2404_16-100x100.jpg 100w\" sizes=\"(max-width: 300px) 100vw, 300px\" \/><\/a>\n\t\t\t<\/dt><\/dl><br style=\"clear: both\" \/>\n\t\t<\/div>\n\n<p><em>\u00a0 \u00a0 \u00a0 \u00a0 \u00a0 \u00a0 \u00a0 \u00a0 \u00a0 \u00a0 \u00a0 \u00a0 \u00a0 \u00a0 \u00a0 \u00a0 \u00a0 \u00a0 \u00a0 \u00a0 \u00a0 \u00a0 \u00a0 \u00a0 \u00a0 \u00a0 \u00a0 \u00a0 \u00a0 \u00a0 \u00a0 \u00a0(toque para ampliar as imagens)<\/em><\/p>\n<p>&#8220;N\u00f3s somos estes que acompanhamos a Virgem, que canta a alegria da ressurrei\u00e7\u00e3o. O texto dos Atos dos Ap\u00f3stolos diz que Maria estava com os disc\u00edpulos no Cen\u00e1culo e, com certeza, ela se alegrou ao ver o seu Filho Ressuscitado. Com a alegria impressa no cora\u00e7\u00e3o da m\u00e3e que se traduz hoje para n\u00f3s em devo\u00e7\u00e3o, em amor e f\u00e9. A Nossa Senhora da Penha \u00e9 a Nossa Senhora que nos convida a vivermos a alegria do Evangelho&#8221;, acrescentou o bispo auxiliar.<\/p>\n<p>Para ele, somos homens e mulheres marcados por uma esperan\u00e7a inquebrant\u00e1vel, que n\u00e3o se dobra diante das dificuldades que vivemos. &#8220;Cada um, cada uma, aqui, sabe a dor que traz da aus\u00eancia n\u00e3o s\u00f3 dos dois anos que passamos sem nos reunirmos aos p\u00e9s da Virgem, iluminados pela luz do Convento, um farol no Estado do Esp\u00edrito Santo. Mas porque fomos privados de tantas coisas, porque o povo brasileiro sofreu com o aumento da mis\u00e9ria, com as dores causadas pela fome, pelo feminic\u00eddio que atinge de forma t\u00e3o dura o cora\u00e7\u00e3o desse Estado. Mas hoje n\u00f3s nos reunimos diante da Virgem das Alegrias porque ela diz que ele est\u00e1 vivo. Cristo est\u00e1 vivo, irm\u00e3os! E, por isso, o cora\u00e7\u00e3o dos disc\u00edpulos se alegrou, se inflamou do sopro do cora\u00e7\u00e3o do vivente&#8221;, ensinou.<\/p>\n<p><img loading=\"lazy\" class=\"alignnone wp-image-237525 size-full\" src=\"https:\/\/franciscanos.org.br\/noticias\/wp-content\/uploads\/2022\/04\/mulheres_2404_22.jpg\" alt=\"\" width=\"1280\" height=\"924\" srcset=\"https:\/\/franciscanos.org.br\/noticias\/wp-content\/uploads\/2022\/04\/mulheres_2404_22.jpg 1280w, https:\/\/franciscanos.org.br\/noticias\/wp-content\/uploads\/2022\/04\/mulheres_2404_22-450x325.jpg 450w, https:\/\/franciscanos.org.br\/noticias\/wp-content\/uploads\/2022\/04\/mulheres_2404_22-1024x739.jpg 1024w, https:\/\/franciscanos.org.br\/noticias\/wp-content\/uploads\/2022\/04\/mulheres_2404_22-768x554.jpg 768w, https:\/\/franciscanos.org.br\/noticias\/wp-content\/uploads\/2022\/04\/mulheres_2404_22-150x108.jpg 150w\" sizes=\"(max-width: 1280px) 100vw, 1280px\" \/><\/p>\n<p><img loading=\"lazy\" class=\"alignnone wp-image-237526 size-full\" src=\"https:\/\/franciscanos.org.br\/noticias\/wp-content\/uploads\/2022\/04\/mulheres_2404_23.jpg\" alt=\"\" width=\"1280\" height=\"853\" srcset=\"https:\/\/franciscanos.org.br\/noticias\/wp-content\/uploads\/2022\/04\/mulheres_2404_23.jpg 1280w, https:\/\/franciscanos.org.br\/noticias\/wp-content\/uploads\/2022\/04\/mulheres_2404_23-450x300.jpg 450w, https:\/\/franciscanos.org.br\/noticias\/wp-content\/uploads\/2022\/04\/mulheres_2404_23-1024x682.jpg 1024w, https:\/\/franciscanos.org.br\/noticias\/wp-content\/uploads\/2022\/04\/mulheres_2404_23-768x512.jpg 768w, https:\/\/franciscanos.org.br\/noticias\/wp-content\/uploads\/2022\/04\/mulheres_2404_23-150x100.jpg 150w\" sizes=\"(max-width: 1280px) 100vw, 1280px\" \/><\/p>\n<p>Segundo Dom Andherson, Jesus no Evangelho sopra sobre os disc\u00edpulos reunidos com o fogo do Esp\u00edrito. &#8220;Em Cristo n\u00f3s temos a nova cria\u00e7\u00e3o, onde aquele que nos recria \u00e9 o Ressuscitado. Por isso, hoje, sem fecharmos um mil\u00edmetro do cora\u00e7\u00e3o e da vida, abramos o cora\u00e7\u00e3o de par em par para que ele sopre sobre n\u00f3s o esp\u00edrito do seu amor&#8221;, refor\u00e7ou.<\/p>\n<p>O bispo lembrou que muitas cinzas ficaram sobre o nosso cora\u00e7\u00e3o nesse tempo, impedindo-nos at\u00e9 de manter viva a f\u00e9, a esperan\u00e7a de tempos novos. &#8220;Mas hoje, nesta celebra\u00e7\u00e3o, diante da Palavra de Deus, acompanhados diante da Virgem das Alegrias, queremos pedir: Sopra, Senhor, o esp\u00edrito novo em n\u00f3s, aque\u00e7a-nos o cora\u00e7\u00e3o com o maior de todos os dons do Esp\u00edrito, o amor&#8221;, pediu.<\/p>\n<p><img loading=\"lazy\" class=\"alignnone wp-image-237527 size-full\" src=\"https:\/\/franciscanos.org.br\/noticias\/wp-content\/uploads\/2022\/04\/mulheres_2404_21.jpg\" alt=\"\" width=\"1280\" height=\"796\" srcset=\"https:\/\/franciscanos.org.br\/noticias\/wp-content\/uploads\/2022\/04\/mulheres_2404_21.jpg 1280w, https:\/\/franciscanos.org.br\/noticias\/wp-content\/uploads\/2022\/04\/mulheres_2404_21-450x280.jpg 450w, https:\/\/franciscanos.org.br\/noticias\/wp-content\/uploads\/2022\/04\/mulheres_2404_21-1024x637.jpg 1024w, https:\/\/franciscanos.org.br\/noticias\/wp-content\/uploads\/2022\/04\/mulheres_2404_21-768x478.jpg 768w, https:\/\/franciscanos.org.br\/noticias\/wp-content\/uploads\/2022\/04\/mulheres_2404_21-150x93.jpg 150w\" sizes=\"(max-width: 1280px) 100vw, 1280px\" \/><\/p>\n<p>&#8220;Irm\u00e3os e irm\u00e3s, a Virgem Maria, uma menina de Nazar\u00e9, acolheu a gra\u00e7a, n\u00e3o sozinha, mas acompanhada do Esp\u00edrito Santo que lhe soprou um fogo abrasador, consumindo-a no amor de Deus. N\u00f3s somos filhos e filhas amados por Deus e acolhidos no cora\u00e7\u00e3o terno de Maria. E por isso, hoje, ela se apresenta a seu Filho, pedindo: Sopra sobre o cora\u00e7\u00e3o deste e desta o Esp\u00edrito novo com o ardor do amor&#8221;, refletiu.<\/p>\n<p>Para o celebrante, s\u00f3 o amor \u00e9 capaz de curar as feridas de um mundo marcado pelo sofrimento, pela dor, de um mundo doente em suas estruturas. &#8220;Doente nos cora\u00e7\u00f5es das pessoas impedidas de dialogar pelo fechamento, doente na diferen\u00e7a que dilacera o tecido social e nos impede de nos entendermos, como irm\u00e3os e irm\u00e3s. S\u00f3 o amor \u00e9 capaz de curar e transformar o cora\u00e7\u00e3o daqueles que nos governam, para que de fato, com solicitude, com bondade, generosidade e compromisso, sejam pastores de um povo a eles confiados. S\u00f3 o amor de Cristo soprado em nossos cora\u00e7\u00f5es \u00e9 capaz de extirpar do nosso Estado o feminic\u00eddio que atinge nossas fam\u00edlias e nos entristece porque temos como Padroeira uma mulher, uma mulher que ousou crer em Deus e viveu marcada pelo amor&#8221;, lamentou.<\/p>\n<p><img loading=\"lazy\" class=\"alignnone wp-image-237532 size-full\" src=\"https:\/\/franciscanos.org.br\/noticias\/wp-content\/uploads\/2022\/04\/mulheres_2404_6.jpg\" alt=\"\" width=\"1280\" height=\"960\" srcset=\"https:\/\/franciscanos.org.br\/noticias\/wp-content\/uploads\/2022\/04\/mulheres_2404_6.jpg 1280w, https:\/\/franciscanos.org.br\/noticias\/wp-content\/uploads\/2022\/04\/mulheres_2404_6-450x338.jpg 450w, https:\/\/franciscanos.org.br\/noticias\/wp-content\/uploads\/2022\/04\/mulheres_2404_6-1024x768.jpg 1024w, https:\/\/franciscanos.org.br\/noticias\/wp-content\/uploads\/2022\/04\/mulheres_2404_6-768x576.jpg 768w, https:\/\/franciscanos.org.br\/noticias\/wp-content\/uploads\/2022\/04\/mulheres_2404_6-150x113.jpg 150w, https:\/\/franciscanos.org.br\/noticias\/wp-content\/uploads\/2022\/04\/mulheres_2404_6-600x450.jpg 600w\" sizes=\"(max-width: 1280px) 100vw, 1280px\" \/><\/p>\n<p>&#8220;A\u00ed sim, irm\u00e3os, a exemplo da Virgem, nos alegraremos porque ele est\u00e1 vivo. Com ela seremos transformados pelo poder do Esp\u00edrito que faz surgir em nossos cora\u00e7\u00f5es, o maior e o melhor, o mais excelso, o mais necess\u00e1rio dos dons: o amor. E n\u00f3s sairemos daqui cantando com a Palavra e, sobretudo, com a vida: Eterna \u00e9 a bondade de Deus. Eterno \u00e9 seu amor e miseric\u00f3rdia porque me atingiu e por mim atingir\u00e1 os cora\u00e7\u00f5es das pessoas. Ao sairmos daqui cantemos com a vida o amor de Deus que acolhemos, acompanhados da Virgem que celebra a vit\u00f3ria da vida sobre a morte porque nos acompanha a cada passo. Ela nos ensinar\u00e1 que o amor que vence, que o amor reconstr\u00f3i, o amor cura, o amor salva e liberta, o amor educa, n\u00e3o vai embora. Este lugar se torna uma grande igreja, pois Cristo, por sua Palavra, por meio de n\u00f3s e da Eucaristia est\u00e1 aqui&#8221;, orientou, rezando: &#8220;Senhor Ressuscitado, sopra sobre o meu cora\u00e7\u00e3o e inflama-me com o fogo do amor que inflamou o cora\u00e7\u00e3o da Virgem para que eu tamb\u00e9m seja onde estou um sinal concreto do teu infinito amor&#8221;.<\/p>\n<p><img loading=\"lazy\" class=\"alignnone wp-image-237528 size-full\" src=\"https:\/\/franciscanos.org.br\/noticias\/wp-content\/uploads\/2022\/04\/mulheres_2404_20.jpg\" alt=\"\" width=\"1280\" height=\"853\" srcset=\"https:\/\/franciscanos.org.br\/noticias\/wp-content\/uploads\/2022\/04\/mulheres_2404_20.jpg 1280w, https:\/\/franciscanos.org.br\/noticias\/wp-content\/uploads\/2022\/04\/mulheres_2404_20-450x300.jpg 450w, https:\/\/franciscanos.org.br\/noticias\/wp-content\/uploads\/2022\/04\/mulheres_2404_20-1024x682.jpg 1024w, https:\/\/franciscanos.org.br\/noticias\/wp-content\/uploads\/2022\/04\/mulheres_2404_20-768x512.jpg 768w, https:\/\/franciscanos.org.br\/noticias\/wp-content\/uploads\/2022\/04\/mulheres_2404_20-150x100.jpg 150w\" sizes=\"(max-width: 1280px) 100vw, 1280px\" \/><\/p>\n<p><img loading=\"lazy\" class=\"alignnone wp-image-237529 size-full\" src=\"https:\/\/franciscanos.org.br\/noticias\/wp-content\/uploads\/2022\/04\/mulheres_2404_8.jpg\" alt=\"\" width=\"1280\" height=\"960\" srcset=\"https:\/\/franciscanos.org.br\/noticias\/wp-content\/uploads\/2022\/04\/mulheres_2404_8.jpg 1280w, https:\/\/franciscanos.org.br\/noticias\/wp-content\/uploads\/2022\/04\/mulheres_2404_8-450x338.jpg 450w, https:\/\/franciscanos.org.br\/noticias\/wp-content\/uploads\/2022\/04\/mulheres_2404_8-1024x768.jpg 1024w, https:\/\/franciscanos.org.br\/noticias\/wp-content\/uploads\/2022\/04\/mulheres_2404_8-768x576.jpg 768w, https:\/\/franciscanos.org.br\/noticias\/wp-content\/uploads\/2022\/04\/mulheres_2404_8-150x113.jpg 150w, https:\/\/franciscanos.org.br\/noticias\/wp-content\/uploads\/2022\/04\/mulheres_2404_8-600x450.jpg 600w\" sizes=\"(max-width: 1280px) 100vw, 1280px\" \/><\/p>\n<p><strong>FREI MEDELLA ENCERRA OITAV\u00c1RIO<\/strong><\/p>\n<p>Durante os oito dias, o Momento Devocional Franciscano, feito com cantos e ora\u00e7\u00f5es, trouxe tamb\u00e9m para a reflex\u00e3o o tema desta Festa, &#8220;Sa\u00fade dos Enfermos, rogai por n\u00f3s&#8221;. No encerramento, neste domingo (24), Frei Gustavo Medella abordou o tema &#8220;Sa\u00fade Integral&#8221;<\/p>\n<p>Para falar do tema, ele tomou um trecho do Evangelho de Lucas 8,45-48. &#8220;Faz arrepiar o cora\u00e7\u00e3o a intensidade desse encontro entre Jesus e essa mulher. O Evangelho, antes, explica a situa\u00e7\u00e3o dela. Sofria com uma hemorragia h\u00e1 12 anos e j\u00e1 gastara toda sua economia e n\u00e3o conseguia ser curada. E nesse encontro com Jesus, ela recebe a cura integral: da sa\u00fade f\u00edsica, da sa\u00fade emocional, da sa\u00fade social, porque uma vez que ela era enferma, era desprezada e considerada impura. Quanto pavor e medo n\u00e3o circularam no cora\u00e7\u00e3o daquela mulher! Cada um de n\u00f3s, cada uma de voc\u00eas pode tamb\u00e9m se identificar com essa mulher em suas dores, em suas lutas, em seus medos e inquieta\u00e7\u00f5es. E cada uma de voc\u00eas tem a chance de tocar o manto de Jesus e sentir essa cura por inteira, querida mulher, participante desta Romaria das Mulheres&#8221;, indicou o Vig\u00e1rio Provincial.<\/p>\n<p><img loading=\"lazy\" class=\"alignnone wp-image-237530 size-full\" src=\"https:\/\/franciscanos.org.br\/noticias\/wp-content\/uploads\/2022\/04\/mulheres_2404_5.jpg\" alt=\"\" width=\"1280\" height=\"960\" srcset=\"https:\/\/franciscanos.org.br\/noticias\/wp-content\/uploads\/2022\/04\/mulheres_2404_5.jpg 1280w, https:\/\/franciscanos.org.br\/noticias\/wp-content\/uploads\/2022\/04\/mulheres_2404_5-450x338.jpg 450w, https:\/\/franciscanos.org.br\/noticias\/wp-content\/uploads\/2022\/04\/mulheres_2404_5-1024x768.jpg 1024w, https:\/\/franciscanos.org.br\/noticias\/wp-content\/uploads\/2022\/04\/mulheres_2404_5-768x576.jpg 768w, https:\/\/franciscanos.org.br\/noticias\/wp-content\/uploads\/2022\/04\/mulheres_2404_5-150x113.jpg 150w, https:\/\/franciscanos.org.br\/noticias\/wp-content\/uploads\/2022\/04\/mulheres_2404_5-600x450.jpg 600w\" sizes=\"(max-width: 1280px) 100vw, 1280px\" \/><\/p>\n<p>Segundo ele, ao falar de sa\u00fade integral, fez um resumo do tema da Festa que se desdobrou a cada dia falando sobre um aspecto da sa\u00fade: a sa\u00fade do corpo, a sa\u00fade da f\u00e9 e da espiritualidade, a sa\u00fade do cora\u00e7\u00e3o, emocional, a sa\u00fade das gera\u00e7\u00f5es, a sa\u00fade do planeta, Maria, caminho de sa\u00fade para todos. &#8220;E a\u00ed n\u00f3s recordamos do Papa Francisco quando, naquela semana de Ora\u00e7\u00e3o durante a pandemia, sozinho na Pra\u00e7a S\u00e3o Pedro, ele disse o seguinte: &#8216;Seria muita ilus\u00e3o de nossa parte imaginarmos que poder\u00edamos viver saud\u00e1veis num mundo doente&#8217;. A nossa sa\u00fade depende da sa\u00fade do mundo e vice-versa. Por isso, vamos trabalhar por esse equil\u00edbrio, vamos proteger o nosso planeta, vamos cuidar das nossas gera\u00e7\u00f5es, vamos olhar nos olhos uns dos outros e nos reconhecermos como irm\u00e3os e irm\u00e3s e dizer: N\u00e3o \u00e0 guerra, n\u00e3o \u00e0 viol\u00eancia, n\u00e3o \u00e0 fome, n\u00e3o \u00e0 injusti\u00e7a e sa\u00fade para todos. Sa\u00fade para todos \u00e9 o grande programa proposto por Jesus Cristo, no cap\u00edtulo 10, vers\u00edculo 10: &#8216;Eu vim para que todos tenham vida e a tenham plenamente'&#8221;, concluiu.<\/p>\n<p>Para encerrar, pediu que todas as mulheres que estavam no palco para se aproximarem da imagem de Nossa Senhora para dar a b\u00ean\u00e7\u00e3o final com Frei Medella.<\/p>\n<div id=\"attachment_237531\" style=\"width: 1290px\" class=\"wp-caption alignnone\"><img aria-describedby=\"caption-attachment-237531\" loading=\"lazy\" class=\"wp-image-237531 size-full\" src=\"https:\/\/franciscanos.org.br\/noticias\/wp-content\/uploads\/2022\/04\/fafa_24.jpg\" alt=\"\" width=\"1280\" height=\"825\" srcset=\"https:\/\/franciscanos.org.br\/noticias\/wp-content\/uploads\/2022\/04\/fafa_24.jpg 1280w, https:\/\/franciscanos.org.br\/noticias\/wp-content\/uploads\/2022\/04\/fafa_24-450x290.jpg 450w, https:\/\/franciscanos.org.br\/noticias\/wp-content\/uploads\/2022\/04\/fafa_24-1024x660.jpg 1024w, https:\/\/franciscanos.org.br\/noticias\/wp-content\/uploads\/2022\/04\/fafa_24-768x495.jpg 768w, https:\/\/franciscanos.org.br\/noticias\/wp-content\/uploads\/2022\/04\/fafa_24-150x97.jpg 150w\" sizes=\"(max-width: 1280px) 100vw, 1280px\" \/><p id=\"caption-attachment-237531\" class=\"wp-caption-text\"><em>\u00a0 \u00a0 \u00a0 \u00a0 \u00a0 \u00a0 \u00a0 \u00a0 \u00a0 \u00a0 \u00a0 \u00a0 \u00a0 \u00a0 \u00a0 \u00a0 \u00a0 \u00a0 \u00a0 \u00a0 \u00a0 \u00a0 \u00a0 \u00a0 \u00a0 \u00a0 \u00a0 \u00a0 \u00a0 \u00a0 \u00a0 \u00a0 \u00a0 \u00a0 \u00a0 \u00a0 \u00a0 \u00a0 \u00a0 \u00a0 \u00a0 \u00a0 \u00a0 \u00a0 \u00a0 \u00a0 \u00a0 \u00a0 Imagem de Frei Gabriel Dellandrea<\/em><\/p><\/div>\n<p><strong>FAF\u00c1 DE BEL\u00c9M ENCERRA O DIA<\/strong><\/p>\n<p>A cantora brasileira Faf\u00e1 de Bel\u00e9m encerrou as festividades do dia na Prainha, ela que tem uma forte liga\u00e7\u00e3o com Nossa Senhora de Nazar\u00e9 e com o tradicional C\u00edrio de Nazar\u00e9, que acontece todos os anos em Bel\u00e9m.<\/p>\n<p>Al\u00e9m disso, \u00e9 a \u00fanica cantora brasileira escolhida para se apresentar a 3 Papas diferentes (Jo\u00e3o Paulo II, em 1997, Bento XVI, em 2007 e Papa Francisco, em 2013).<\/p>\n<p>A cantora j\u00e1 vendeu mais de 15 milh\u00f5es de \u00e1lbuns, entre Brasil e Portugal, e sempre cantou o que quis e gosta. Suas can\u00e7\u00f5es fizeram e fazem parte da vida dos brasileiros, seja em trilha sonora de novelas, seja nas r\u00e1dios ou por interm\u00e9dio de seus CDs e DVDs.<\/p>\n<p>O repert\u00f3rio do show \u00e9 formado por esses principais sucessos da sua carreira, que j\u00e1 completou 47 anos, al\u00e9m de can\u00e7\u00f5es em homenagem a Nossa Senhora.<\/p>\n<hr \/>\n<p><strong>PROGRAMA\u00c7\u00c3O NO DIA DA PADROEIRA DO ESP\u00cdRITO SANTO<\/strong><\/p>\n<p><strong>Dia 25, segunda-feira, Dia de Nossa Senhora da Penha<\/strong><\/p>\n<p>00h, 01h, 02h, 03h, 04h, 05h, 06h, 09h e 12h \u2013 Missas na Capela (Comunidade Franciscana) \u2013 Capela do Convento<\/p>\n<p><strong>07h00 <\/strong>\u2013 Missa \u2013 CRB e Semin\u00e1rio \u2013 Transmiss\u00e3o ao vivo (TVs, r\u00e1dios, internet), presencial no Campinho<\/p>\n<p><strong>08h00<\/strong> \u2013 Romaria dos Ciclistas de Vila Velha \u2013 Sa\u00edda, em frente \u00e0 Pra\u00e7a Sebasti\u00e3o Cibien, em Cobil\u00e2ndia, Vila Velha<\/p>\n<p><strong>08h00 <\/strong>\u2013 Romaria dos Conguistas, Sa\u00edda port\u00e3o do Convento<\/p>\n<p><strong>10h00<\/strong> \u2013 Missa \u2013 Pastorais Sociais \u2013 Vicariato para a\u00e7\u00e3o social, presencial no Campinho<\/p>\n<p><strong>14h00<\/strong> \u2013 Programa Salve M\u00e3e das Alegrias \u2013 Transmiss\u00e3o ao vivo (TVs, r\u00e1dios, internet)<\/p>\n<p><strong>17h00 <\/strong>\u2013 Missa de encerramento, com transmiss\u00e3o ao vivo e presencial no Parque da Prainha<\/p>\n<hr \/>\n<p><em>Comunica\u00e7\u00e3o da Prov\u00edncia da Imaculada Concei\u00e7\u00e3o<\/em><\/p>\n","protected":false},"excerpt":{"rendered":"<p>Encerramento do Oitav\u00e1rio e Romaria das Mulheres<\/p>\n","protected":false},"author":3,"featured_media":237514,"comment_status":"open","ping_status":"open","sticky":false,"template":"","format":"standard","meta":[],"categories":[1],"tags":[1999],"acf":[],"yoast_head":"<!-- This site is optimized with the Yoast SEO plugin v19.2 - https:\/\/yoast.com\/wordpress\/plugins\/seo\/ -->\n<title>Dom Andherson: &quot;O feminic\u00eddio nos entristece porque temos como Padroeira uma mulher&quot; - Not\u00edcias - Franciscanos<\/title>\n<meta name=\"robots\" content=\"index, follow, max-snippet:-1, max-image-preview:large, max-video-preview:-1\" \/>\n<link rel=\"canonical\" href=\"https:\/\/franciscanos.org.br\/noticias\/dom-andherson-o-feminicidio-nos-entristece-porque-temos-como-padroeira-uma-mulher.html\" \/>\n<meta property=\"og:locale\" content=\"pt_BR\" \/>\n<meta property=\"og:type\" content=\"article\" \/>\n<meta property=\"og:title\" content=\"Dom Andherson: &quot;O feminic\u00eddio nos entristece porque temos como Padroeira uma mulher&quot; - Not\u00edcias - Franciscanos\" \/>\n<meta property=\"og:description\" content=\"Encerramento do Oitav\u00e1rio e Romaria das Mulheres\" \/>\n<meta property=\"og:url\" content=\"https:\/\/franciscanos.org.br\/noticias\/dom-andherson-o-feminicidio-nos-entristece-porque-temos-como-padroeira-uma-mulher.html\" \/>\n<meta property=\"og:site_name\" content=\"Not\u00edcias - Franciscanos\" \/>\n<meta property=\"article:published_time\" content=\"2022-04-25T00:53:54+00:00\" \/>\n<meta property=\"article:modified_time\" content=\"2023-01-03T17:06:53+00:00\" \/>\n<meta property=\"og:image\" content=\"https:\/\/franciscanos.org.br\/noticias\/wp-content\/uploads\/2022\/04\/mulheres_2404_17.jpg\" \/>\n\t<meta property=\"og:image:width\" content=\"1280\" \/>\n\t<meta property=\"og:image:height\" content=\"720\" \/>\n\t<meta property=\"og:image:type\" content=\"image\/jpeg\" \/>\n<meta name=\"author\" content=\"moacir\" \/>\n<meta name=\"twitter:card\" content=\"summary_large_image\" \/>\n<meta name=\"twitter:label1\" content=\"Escrito por\" \/>\n\t<meta name=\"twitter:data1\" content=\"moacir\" \/>\n\t<meta name=\"twitter:label2\" content=\"Est. tempo de leitura\" \/>\n\t<meta name=\"twitter:data2\" content=\"9 minutos\" \/>\n<script type=\"application\/ld+json\" class=\"yoast-schema-graph\">{\"@context\":\"https:\/\/schema.org\",\"@graph\":[{\"@type\":\"WebSite\",\"@id\":\"https:\/\/franciscanos.org.br\/noticias\/#website\",\"url\":\"https:\/\/franciscanos.org.br\/noticias\/\",\"name\":\"Not\u00edcias - Franciscanos\",\"description\":\"Prov\u00edncia Franciscana da Imaculada Concei\u00e7\u00e3o do Brasil - Ordem dos Frades Menores - OFM\",\"potentialAction\":[{\"@type\":\"SearchAction\",\"target\":{\"@type\":\"EntryPoint\",\"urlTemplate\":\"https:\/\/franciscanos.org.br\/noticias\/?s={search_term_string}\"},\"query-input\":\"required name=search_term_string\"}],\"inLanguage\":\"pt-BR\"},{\"@type\":\"ImageObject\",\"inLanguage\":\"pt-BR\",\"@id\":\"https:\/\/franciscanos.org.br\/noticias\/dom-andherson-o-feminicidio-nos-entristece-porque-temos-como-padroeira-uma-mulher.html#primaryimage\",\"url\":\"https:\/\/franciscanos.org.br\/noticias\/wp-content\/uploads\/2022\/04\/mulheres_2404_17.jpg\",\"contentUrl\":\"https:\/\/franciscanos.org.br\/noticias\/wp-content\/uploads\/2022\/04\/mulheres_2404_17.jpg\",\"width\":1280,\"height\":720},{\"@type\":\"WebPage\",\"@id\":\"https:\/\/franciscanos.org.br\/noticias\/dom-andherson-o-feminicidio-nos-entristece-porque-temos-como-padroeira-uma-mulher.html#webpage\",\"url\":\"https:\/\/franciscanos.org.br\/noticias\/dom-andherson-o-feminicidio-nos-entristece-porque-temos-como-padroeira-uma-mulher.html\",\"name\":\"Dom Andherson: \\\"O feminic\u00eddio nos entristece porque temos como Padroeira uma mulher\\\" - Not\u00edcias - Franciscanos\",\"isPartOf\":{\"@id\":\"https:\/\/franciscanos.org.br\/noticias\/#website\"},\"primaryImageOfPage\":{\"@id\":\"https:\/\/franciscanos.org.br\/noticias\/dom-andherson-o-feminicidio-nos-entristece-porque-temos-como-padroeira-uma-mulher.html#primaryimage\"},\"datePublished\":\"2022-04-25T00:53:54+00:00\",\"dateModified\":\"2023-01-03T17:06:53+00:00\",\"author\":{\"@id\":\"https:\/\/franciscanos.org.br\/noticias\/#\/schema\/person\/b5c8cba458c330ccff548b056e95a5d4\"},\"breadcrumb\":{\"@id\":\"https:\/\/franciscanos.org.br\/noticias\/dom-andherson-o-feminicidio-nos-entristece-porque-temos-como-padroeira-uma-mulher.html#breadcrumb\"},\"inLanguage\":\"pt-BR\",\"potentialAction\":[{\"@type\":\"ReadAction\",\"target\":[\"https:\/\/franciscanos.org.br\/noticias\/dom-andherson-o-feminicidio-nos-entristece-porque-temos-como-padroeira-uma-mulher.html\"]}]},{\"@type\":\"BreadcrumbList\",\"@id\":\"https:\/\/franciscanos.org.br\/noticias\/dom-andherson-o-feminicidio-nos-entristece-porque-temos-como-padroeira-uma-mulher.html#breadcrumb\",\"itemListElement\":[{\"@type\":\"ListItem\",\"position\":1,\"name\":\"Home\",\"item\":\"https:\/\/franciscanos.org.br\/noticias\"},{\"@type\":\"ListItem\",\"position\":2,\"name\":\"Dom Andherson: &#8220;O feminic\u00eddio nos entristece porque temos como Padroeira uma mulher&#8221;\"}]},{\"@type\":\"Person\",\"@id\":\"https:\/\/franciscanos.org.br\/noticias\/#\/schema\/person\/b5c8cba458c330ccff548b056e95a5d4\",\"name\":\"moacir\",\"image\":{\"@type\":\"ImageObject\",\"inLanguage\":\"pt-BR\",\"@id\":\"https:\/\/franciscanos.org.br\/noticias\/#\/schema\/person\/image\/\",\"url\":\"https:\/\/secure.gravatar.com\/avatar\/d08aa2ce4c8dd416d4479aa8536fcf64?s=96&d=mm&r=g\",\"contentUrl\":\"https:\/\/secure.gravatar.com\/avatar\/d08aa2ce4c8dd416d4479aa8536fcf64?s=96&d=mm&r=g\",\"caption\":\"moacir\"},\"url\":\"https:\/\/franciscanos.org.br\/noticias\/author\/moacir\"}]}<\/script>\n<!-- \/ Yoast SEO plugin. -->","yoast_head_json":{"title":"Dom Andherson: \"O feminic\u00eddio nos entristece porque temos como Padroeira uma mulher\" - Not\u00edcias - Franciscanos","robots":{"index":"index","follow":"follow","max-snippet":"max-snippet:-1","max-image-preview":"max-image-preview:large","max-video-preview":"max-video-preview:-1"},"canonical":"https:\/\/franciscanos.org.br\/noticias\/dom-andherson-o-feminicidio-nos-entristece-porque-temos-como-padroeira-uma-mulher.html","og_locale":"pt_BR","og_type":"article","og_title":"Dom Andherson: \"O feminic\u00eddio nos entristece porque temos como Padroeira uma mulher\" - Not\u00edcias - Franciscanos","og_description":"Encerramento do Oitav\u00e1rio e Romaria das Mulheres","og_url":"https:\/\/franciscanos.org.br\/noticias\/dom-andherson-o-feminicidio-nos-entristece-porque-temos-como-padroeira-uma-mulher.html","og_site_name":"Not\u00edcias - Franciscanos","article_published_time":"2022-04-25T00:53:54+00:00","article_modified_time":"2023-01-03T17:06:53+00:00","og_image":[{"width":1280,"height":720,"url":"https:\/\/franciscanos.org.br\/noticias\/wp-content\/uploads\/2022\/04\/mulheres_2404_17.jpg","type":"image\/jpeg"}],"author":"moacir","twitter_card":"summary_large_image","twitter_misc":{"Escrito por":"moacir","Est. tempo de leitura":"9 minutos"},"schema":{"@context":"https:\/\/schema.org","@graph":[{"@type":"WebSite","@id":"https:\/\/franciscanos.org.br\/noticias\/#website","url":"https:\/\/franciscanos.org.br\/noticias\/","name":"Not\u00edcias - Franciscanos","description":"Prov\u00edncia Franciscana da Imaculada Concei\u00e7\u00e3o do Brasil - Ordem dos Frades Menores - OFM","potentialAction":[{"@type":"SearchAction","target":{"@type":"EntryPoint","urlTemplate":"https:\/\/franciscanos.org.br\/noticias\/?s={search_term_string}"},"query-input":"required name=search_term_string"}],"inLanguage":"pt-BR"},{"@type":"ImageObject","inLanguage":"pt-BR","@id":"https:\/\/franciscanos.org.br\/noticias\/dom-andherson-o-feminicidio-nos-entristece-porque-temos-como-padroeira-uma-mulher.html#primaryimage","url":"https:\/\/franciscanos.org.br\/noticias\/wp-content\/uploads\/2022\/04\/mulheres_2404_17.jpg","contentUrl":"https:\/\/franciscanos.org.br\/noticias\/wp-content\/uploads\/2022\/04\/mulheres_2404_17.jpg","width":1280,"height":720},{"@type":"WebPage","@id":"https:\/\/franciscanos.org.br\/noticias\/dom-andherson-o-feminicidio-nos-entristece-porque-temos-como-padroeira-uma-mulher.html#webpage","url":"https:\/\/franciscanos.org.br\/noticias\/dom-andherson-o-feminicidio-nos-entristece-porque-temos-como-padroeira-uma-mulher.html","name":"Dom Andherson: \"O feminic\u00eddio nos entristece porque temos como Padroeira uma mulher\" - Not\u00edcias - Franciscanos","isPartOf":{"@id":"https:\/\/franciscanos.org.br\/noticias\/#website"},"primaryImageOfPage":{"@id":"https:\/\/franciscanos.org.br\/noticias\/dom-andherson-o-feminicidio-nos-entristece-porque-temos-como-padroeira-uma-mulher.html#primaryimage"},"datePublished":"2022-04-25T00:53:54+00:00","dateModified":"2023-01-03T17:06:53+00:00","author":{"@id":"https:\/\/franciscanos.org.br\/noticias\/#\/schema\/person\/b5c8cba458c330ccff548b056e95a5d4"},"breadcrumb":{"@id":"https:\/\/franciscanos.org.br\/noticias\/dom-andherson-o-feminicidio-nos-entristece-porque-temos-como-padroeira-uma-mulher.html#breadcrumb"},"inLanguage":"pt-BR","potentialAction":[{"@type":"ReadAction","target":["https:\/\/franciscanos.org.br\/noticias\/dom-andherson-o-feminicidio-nos-entristece-porque-temos-como-padroeira-uma-mulher.html"]}]},{"@type":"BreadcrumbList","@id":"https:\/\/franciscanos.org.br\/noticias\/dom-andherson-o-feminicidio-nos-entristece-porque-temos-como-padroeira-uma-mulher.html#breadcrumb","itemListElement":[{"@type":"ListItem","position":1,"name":"Home","item":"https:\/\/franciscanos.org.br\/noticias"},{"@type":"ListItem","position":2,"name":"Dom Andherson: &#8220;O feminic\u00eddio nos entristece porque temos como Padroeira uma mulher&#8221;"}]},{"@type":"Person","@id":"https:\/\/franciscanos.org.br\/noticias\/#\/schema\/person\/b5c8cba458c330ccff548b056e95a5d4","name":"moacir","image":{"@type":"ImageObject","inLanguage":"pt-BR","@id":"https:\/\/franciscanos.org.br\/noticias\/#\/schema\/person\/image\/","url":"https:\/\/secure.gravatar.com\/avatar\/d08aa2ce4c8dd416d4479aa8536fcf64?s=96&d=mm&r=g","contentUrl":"https:\/\/secure.gravatar.com\/avatar\/d08aa2ce4c8dd416d4479aa8536fcf64?s=96&d=mm&r=g","caption":"moacir"},"url":"https:\/\/franciscanos.org.br\/noticias\/author\/moacir"}]}},"_links":{"self":[{"href":"https:\/\/franciscanos.org.br\/noticias\/wp-json\/wp\/v2\/posts\/237513"}],"collection":[{"href":"https:\/\/franciscanos.org.br\/noticias\/wp-json\/wp\/v2\/posts"}],"about":[{"href":"https:\/\/franciscanos.org.br\/noticias\/wp-json\/wp\/v2\/types\/post"}],"author":[{"embeddable":true,"href":"https:\/\/franciscanos.org.br\/noticias\/wp-json\/wp\/v2\/users\/3"}],"replies":[{"embeddable":true,"href":"https:\/\/franciscanos.org.br\/noticias\/wp-json\/wp\/v2\/comments?post=237513"}],"version-history":[{"count":3,"href":"https:\/\/franciscanos.org.br\/noticias\/wp-json\/wp\/v2\/posts\/237513\/revisions"}],"predecessor-version":[{"id":241522,"href":"https:\/\/franciscanos.org.br\/noticias\/wp-json\/wp\/v2\/posts\/237513\/revisions\/241522"}],"wp:featuredmedia":[{"embeddable":true,"href":"https:\/\/franciscanos.org.br\/noticias\/wp-json\/wp\/v2\/media\/237514"}],"wp:attachment":[{"href":"https:\/\/franciscanos.org.br\/noticias\/wp-json\/wp\/v2\/media?parent=237513"}],"wp:term":[{"taxonomy":"category","embeddable":true,"href":"https:\/\/franciscanos.org.br\/noticias\/wp-json\/wp\/v2\/categories?post=237513"},{"taxonomy":"post_tag","embeddable":true,"href":"https:\/\/franciscanos.org.br\/noticias\/wp-json\/wp\/v2\/tags?post=237513"}],"curies":[{"name":"wp","href":"https:\/\/api.w.org\/{rel}","templated":true}]}}