{"id":237499,"date":"2022-04-24T01:12:32","date_gmt":"2022-04-24T04:12:32","guid":{"rendered":"https:\/\/franciscanos.org.br\/noticias\/?p=237499"},"modified":"2023-01-03T14:08:24","modified_gmt":"2023-01-03T17:08:24","slug":"romaria-dos-homens-a-multidao-volta-a-caminhar-com-a-mae-da-penha","status":"publish","type":"post","link":"https:\/\/franciscanos.org.br\/noticias\/romaria-dos-homens-a-multidao-volta-a-caminhar-com-a-mae-da-penha.html","title":{"rendered":"Romaria dos Homens: A multid\u00e3o volta a caminhar com a M\u00e3e da Penha"},"content":{"rendered":"<p><img loading=\"lazy\" class=\"alignnone wp-image-237500 size-full\" src=\"https:\/\/franciscanos.org.br\/noticias\/wp-content\/uploads\/2022\/04\/homens_2404_10.jpg\" alt=\"\" width=\"1280\" height=\"720\" srcset=\"https:\/\/franciscanos.org.br\/noticias\/wp-content\/uploads\/2022\/04\/homens_2404_10.jpg 1280w, https:\/\/franciscanos.org.br\/noticias\/wp-content\/uploads\/2022\/04\/homens_2404_10-450x253.jpg 450w, https:\/\/franciscanos.org.br\/noticias\/wp-content\/uploads\/2022\/04\/homens_2404_10-1024x576.jpg 1024w, https:\/\/franciscanos.org.br\/noticias\/wp-content\/uploads\/2022\/04\/homens_2404_10-768x432.jpg 768w, https:\/\/franciscanos.org.br\/noticias\/wp-content\/uploads\/2022\/04\/homens_2404_10-150x84.jpg 150w\" sizes=\"(max-width: 1280px) 100vw, 1280px\" \/><\/p>\n<p>Depois de dois anos sem caminhar com a M\u00e3e da Penha, o povo p\u00f4de finalmente matar a saudade de uma das demonstra\u00e7\u00f5es mais esperadas da Festa da Penha: a Romaria dos Homens. Durante sete dias, a Virgem das Alegrias ganhou homenagens no alto do Morro da Penha, mas neste s\u00e1bado, 23 de abril, ela reuniu todo o povo capixaba da Regi\u00e3o Metropolitana de Vit\u00f3ria e do Estado do Esp\u00edrito Santo para caminhar, na plan\u00edcie, com uma multid\u00e3o de cerca de 800 mil pessoas, num percurso de 14 quil\u00f4metros, da Catedral de Vit\u00f3ria at\u00e9 o Convento da Penha. Inicialmente, a Romaria dos Homens foi criada para estimular a participa\u00e7\u00e3o masculina na Festa da Penha, hoje se tornou a maior \u2018romaria de homens\u2019 do Brasil. Na verdade, todo o povo quer caminhar com a M\u00e3e dos Caminhantes: homens, mulheres, jovens, idosos e crian\u00e7as. Por isso, Dom Dario Campos informou que o novo t\u00edtulo \u00e9 Romaria das Fam\u00edlias. \u00c9 a maior demonstra\u00e7\u00e3o de f\u00e9 de uma festa essencialmente devocional.<\/p>\n<p><img loading=\"lazy\" class=\"alignnone wp-image-237501 size-full\" src=\"https:\/\/franciscanos.org.br\/noticias\/wp-content\/uploads\/2022\/04\/homens_2404_6.jpg\" alt=\"\" width=\"1280\" height=\"853\" srcset=\"https:\/\/franciscanos.org.br\/noticias\/wp-content\/uploads\/2022\/04\/homens_2404_6.jpg 1280w, https:\/\/franciscanos.org.br\/noticias\/wp-content\/uploads\/2022\/04\/homens_2404_6-450x300.jpg 450w, https:\/\/franciscanos.org.br\/noticias\/wp-content\/uploads\/2022\/04\/homens_2404_6-1024x682.jpg 1024w, https:\/\/franciscanos.org.br\/noticias\/wp-content\/uploads\/2022\/04\/homens_2404_6-768x512.jpg 768w, https:\/\/franciscanos.org.br\/noticias\/wp-content\/uploads\/2022\/04\/homens_2404_6-150x100.jpg 150w\" sizes=\"(max-width: 1280px) 100vw, 1280px\" \/><\/p>\n<p>Esta gigante prociss\u00e3o com a Padroeira do Esp\u00edrito Santo teve in\u00edcio no final da Missa de Envio celebrada na Catedral, quando os sinos da Catedral avisaram que a Romaria iria come\u00e7ar \u00e0s 19h10. As velas foram se acendendo e tomaram conta da pra\u00e7a da Catedral. Um grupo de homens, que formam a \u201cCorrente da Penha\u201d, abriu caminho para o \u2018Penham\u00f3vel\u2019 passar, especialmente nas ruas mais estreitas do Centro da capital, a partir da pra\u00e7a Dom Luiz Scortegagna, ruas Jos\u00e9 Marcelino, S\u00e3o Francisco, Caramuru, Cais de S\u00e3o Francisco, Cleto Nunes, Marcus de Azevedo, Duarte Lemos e Nair Azevedo Silva.<\/p>\n<p>Foi emocionante ver a for\u00e7a dessa manifesta\u00e7\u00e3o de f\u00e9 em todo o percurso da romaria. Velas acesas, cantos e ora\u00e7\u00f5es acompanharam a imagem de Nossa Senhora das Alegrias, que parecia deslizar nos bra\u00e7os da multid\u00e3o dentro de uma berlinda, uma esp\u00e9cie de andor ornado de flores naturais. A emo\u00e7\u00e3o tomou conta de todo o trajeto e, certamente, mesmo aqueles que n\u00e3o t\u00eam f\u00e9 foram pegos de surpresa por essa gigantesca demonstra\u00e7\u00e3o de f\u00e9. E n\u00e3o poderia ser diferente. O cen\u00e1rio era m\u00edstico e fren\u00e9tico (alguns peregrinos caminhavam rapidamente). Milhares de pessoas rezando nas ruas, nos pr\u00e9dios, nas casas; fogos de artif\u00edcio estourando no c\u00e9u durante o percurso, e muita, muita, devo\u00e7\u00e3o.<\/p>\n<p><img loading=\"lazy\" class=\"alignnone wp-image-237502 size-full\" src=\"https:\/\/franciscanos.org.br\/noticias\/wp-content\/uploads\/2022\/04\/homens_2404_4.jpg\" alt=\"\" width=\"1280\" height=\"1290\" srcset=\"https:\/\/franciscanos.org.br\/noticias\/wp-content\/uploads\/2022\/04\/homens_2404_4.jpg 1072w, https:\/\/franciscanos.org.br\/noticias\/wp-content\/uploads\/2022\/04\/homens_2404_4-447x450.jpg 447w, https:\/\/franciscanos.org.br\/noticias\/wp-content\/uploads\/2022\/04\/homens_2404_4-1016x1024.jpg 1016w, https:\/\/franciscanos.org.br\/noticias\/wp-content\/uploads\/2022\/04\/homens_2404_4-768x774.jpg 768w, https:\/\/franciscanos.org.br\/noticias\/wp-content\/uploads\/2022\/04\/homens_2404_4-150x151.jpg 150w, https:\/\/franciscanos.org.br\/noticias\/wp-content\/uploads\/2022\/04\/homens_2404_4-100x100.jpg 100w\" sizes=\"(max-width: 1280px) 100vw, 1280px\" \/><\/p>\n<p>A m\u00fasica n\u00e3o poderia expressar melhor esse momento: \u201cMaria, M\u00e3e dos caminhantes,\/ Ensina-nos a caminhar.\/ N\u00f3s somos todos viandantes, \/Mas n\u00e3o \u00e9 f\u00e1cil sempre andar\u201d.<\/p>\n<p>Foi o momento de epifania, de manifesta\u00e7\u00e3o divina, que durou algumas horas mas ficar\u00e1 para sempre iluminando a alma desse fervoroso povo.<\/p>\n<p>Na longa avenida Carlos Lindenberg, a romaria cresce assustadoramente quando recebe novos peregrinos, como os de Guarapari e dos bairros da capital e Vila Velha.\u00a0 A prociss\u00e3o de Guarapari acontece h\u00e1 mais de 30 anos e os romeiros caminham aproximadamente 11 horas, sendo assistidos por uma equipe de apoio com socorristas e ambul\u00e2ncias.<\/p>\n<p><img loading=\"lazy\" class=\"alignnone wp-image-237503 size-full\" src=\"https:\/\/franciscanos.org.br\/noticias\/wp-content\/uploads\/2022\/04\/homens_2404_2.jpg\" alt=\"\" width=\"1280\" height=\"867\" srcset=\"https:\/\/franciscanos.org.br\/noticias\/wp-content\/uploads\/2022\/04\/homens_2404_2.jpg 1280w, https:\/\/franciscanos.org.br\/noticias\/wp-content\/uploads\/2022\/04\/homens_2404_2-450x305.jpg 450w, https:\/\/franciscanos.org.br\/noticias\/wp-content\/uploads\/2022\/04\/homens_2404_2-1024x694.jpg 1024w, https:\/\/franciscanos.org.br\/noticias\/wp-content\/uploads\/2022\/04\/homens_2404_2-768x520.jpg 768w, https:\/\/franciscanos.org.br\/noticias\/wp-content\/uploads\/2022\/04\/homens_2404_2-150x102.jpg 150w\" sizes=\"(max-width: 1280px) 100vw, 1280px\" \/><\/p>\n<p>Depois de completar o longo percurso com as grandes avenidas Carlos Lindenberg e Luciano das Neves, a imagem chegou \u00e0 Prainha por volta das 23h00. A Eucaristia teve in\u00edcio e a multid\u00e3o ainda continuava a chegar na Prainha, no p\u00e9 do Morro da Penha. A Santa Missa foi presidida pelo Arcebispo de Vit\u00f3ria, Dom Frei Dario Campos, e concelebrada pelo bispo auxiliar Dom Andherson Franklin, o guardi\u00e3o do Convento da Penha, Djalmo Fuck, e sacerdotes da Arquidiocese e da Prov\u00edncia da Imaculada Concei\u00e7\u00e3o.<\/p>\n<p>Segundo D. Dario, a Romaria dos Homens recebe um novo t\u00edtulo: Romaria das Fam\u00edlias. &#8220;Todos os passos que demos at\u00e9 aqui, saindo de diversos lugares, pr\u00f3ximos ou at\u00e9 mesmo muito distantes, foi realizado na companhia da Virgem da Penha, a Nossa Senhora das Alegrias. Ao chegarmos aqui fomos iluminados pela Palavra de Deus, que deseja aquecer os nossos cora\u00e7\u00f5es e confirmar os nossos caminhos como disc\u00edpulos, como filhos e filhas, mission\u00e1rios de Jesus&#8221;, disse o Arcebispo.<\/p>\n<p><img loading=\"lazy\" class=\"alignnone wp-image-237504 size-full\" src=\"https:\/\/franciscanos.org.br\/noticias\/wp-content\/uploads\/2022\/04\/homens_2404_3.jpg\" alt=\"\" width=\"1280\" height=\"790\" srcset=\"https:\/\/franciscanos.org.br\/noticias\/wp-content\/uploads\/2022\/04\/homens_2404_3.jpg 1280w, https:\/\/franciscanos.org.br\/noticias\/wp-content\/uploads\/2022\/04\/homens_2404_3-450x278.jpg 450w, https:\/\/franciscanos.org.br\/noticias\/wp-content\/uploads\/2022\/04\/homens_2404_3-1024x632.jpg 1024w, https:\/\/franciscanos.org.br\/noticias\/wp-content\/uploads\/2022\/04\/homens_2404_3-768x474.jpg 768w, https:\/\/franciscanos.org.br\/noticias\/wp-content\/uploads\/2022\/04\/homens_2404_3-150x93.jpg 150w\" sizes=\"(max-width: 1280px) 100vw, 1280px\" \/><\/p>\n<p>&#8220;Tamb\u00e9m aqueles homens e mulheres apresentados na multid\u00e3o, que a mesa da Palavra nos apresentou na primeira leitura, foram atra\u00eddos por Jesus Cristo.<\/p>\n<p>Nesta noite, todos n\u00f3s fomos atra\u00eddos pelo amor de Deus, que a todos deseja comunicar a sua Palavra, deseja comunicar a sua gra\u00e7a, deseja dar o seu consolo, deseja buscar a sua b\u00ean\u00e7\u00e3o, afim de que possamos retornar para nossas casas, para nossas Comunidades Eclesiais de Base, para o nosso trabalho, fortificados na f\u00e9, mas cheios de esperan\u00e7a e animados na caridade&#8221;, ressaltou Dom Dario.<\/p>\n<p><img loading=\"lazy\" class=\"alignnone wp-image-237505 size-full\" src=\"https:\/\/franciscanos.org.br\/noticias\/wp-content\/uploads\/2022\/04\/homens_2404.jpg\" alt=\"\" width=\"1280\" height=\"770\" srcset=\"https:\/\/franciscanos.org.br\/noticias\/wp-content\/uploads\/2022\/04\/homens_2404.jpg 1280w, https:\/\/franciscanos.org.br\/noticias\/wp-content\/uploads\/2022\/04\/homens_2404-450x271.jpg 450w, https:\/\/franciscanos.org.br\/noticias\/wp-content\/uploads\/2022\/04\/homens_2404-1024x616.jpg 1024w, https:\/\/franciscanos.org.br\/noticias\/wp-content\/uploads\/2022\/04\/homens_2404-768x462.jpg 768w, https:\/\/franciscanos.org.br\/noticias\/wp-content\/uploads\/2022\/04\/homens_2404-150x90.jpg 150w\" sizes=\"(max-width: 1280px) 100vw, 1280px\" \/><\/p>\n<p>&#8220;Com a multid\u00e3o que acorria aos ap\u00f3stolos, tamb\u00e9m n\u00f3s deixamos nossas casas e nos propusemos a fazer esta Romaria, na certeza de que seremos acompanhados ao longo de todo o caminho pelo Senhor e que tamb\u00e9m nos acolheu aqui nesta noite, na Casa da nossa M\u00e3e&#8221;, acrescentou.<\/p>\n<p>&#8220;De fato, meus irm\u00e3os, ao longo de toda a Romaria cada um de n\u00f3s apresentou ao Senhor a pr\u00f3pria vida, apresentou a fam\u00edlia, apresentou ao Senhor o trabalho, as dificuldades cotidianas, apresentou as dores, o sofrimento. Eu escutei algu\u00e9m dizer: Nossa Senhora, arrume emprego para mim! Apresentemos nossas alegrias e esperan\u00e7as, nossos sonhos e nossas conquistas, e, sobretudo neste tempo Pascal, seja um recome\u00e7o para todos n\u00f3s. Foi o Senhor que nos acompanhou at\u00e9 aqui. Foi a sua gra\u00e7a e sua gra\u00e7a nunca faltou. E a sua prote\u00e7\u00e3o que nos foi oferecida, ou seja, fomos amparados pelas m\u00e3os bondosas Daquele que nos amou e salvou em Jesus Cristo&#8221;, disse o Arcebispo, contando que ouviu um rep\u00f3rter na televis\u00e3o dizendo: s\u00e3o mais de 800 mil pessoas nesta Romaria. &#8220;Que bonito!&#8221;<\/p>\n<p><img loading=\"lazy\" class=\"alignnone wp-image-237506 size-full\" src=\"https:\/\/franciscanos.org.br\/noticias\/wp-content\/uploads\/2022\/04\/homens_2404_8.jpg\" alt=\"\" width=\"1280\" height=\"853\" srcset=\"https:\/\/franciscanos.org.br\/noticias\/wp-content\/uploads\/2022\/04\/homens_2404_8.jpg 1280w, https:\/\/franciscanos.org.br\/noticias\/wp-content\/uploads\/2022\/04\/homens_2404_8-450x300.jpg 450w, https:\/\/franciscanos.org.br\/noticias\/wp-content\/uploads\/2022\/04\/homens_2404_8-1024x682.jpg 1024w, https:\/\/franciscanos.org.br\/noticias\/wp-content\/uploads\/2022\/04\/homens_2404_8-768x512.jpg 768w, https:\/\/franciscanos.org.br\/noticias\/wp-content\/uploads\/2022\/04\/homens_2404_8-150x100.jpg 150w\" sizes=\"(max-width: 1280px) 100vw, 1280px\" \/><\/p>\n<p>&#8220;&#8221;Que todos que vieram, os que ficaram em casa, percebam que fomos tocados pela Palavra de Deus e dela nos tornamos testemunhas vivas como verdadeiros sinais do Reino. Que a Virgem da Penha, Senhora das Alegrias e da Ressurrei\u00e7\u00e3o, Senhora da Sa\u00fade, Senhora dos Enfermos, interceda a seu Filho Jesus de Nazar\u00e9 por todas as fam\u00edlias&#8221;, desejou.<\/p>\n<p>Na Prainha, muitos peregrinos descansavam os p\u00e9s, os joelhos e as m\u00e3os, deitados ou sentados no ch\u00e3o. Mas um grande n\u00famero de romeiros s\u00f3 conclui a peregrina\u00e7\u00e3o no alto do Morro, aos p\u00e9s da Virgem da Penha, com muitas velas acesas pelo caminho.<\/p>\n<p><img loading=\"lazy\" class=\"alignnone wp-image-237507 size-full\" src=\"https:\/\/franciscanos.org.br\/noticias\/wp-content\/uploads\/2022\/04\/homens_2404_5.jpg\" alt=\"\" width=\"1280\" height=\"853\" srcset=\"https:\/\/franciscanos.org.br\/noticias\/wp-content\/uploads\/2022\/04\/homens_2404_5.jpg 1280w, https:\/\/franciscanos.org.br\/noticias\/wp-content\/uploads\/2022\/04\/homens_2404_5-450x300.jpg 450w, https:\/\/franciscanos.org.br\/noticias\/wp-content\/uploads\/2022\/04\/homens_2404_5-1024x682.jpg 1024w, https:\/\/franciscanos.org.br\/noticias\/wp-content\/uploads\/2022\/04\/homens_2404_5-768x512.jpg 768w, https:\/\/franciscanos.org.br\/noticias\/wp-content\/uploads\/2022\/04\/homens_2404_5-150x100.jpg 150w\" sizes=\"(max-width: 1280px) 100vw, 1280px\" \/><\/p>\n<p>O apelo do Papa Francisco para uma Igreja de sa\u00edda, itinerante e mission\u00e1ria deu uma mostra de como pode crescer na f\u00e9. A igreja do caminho valoriza a comunh\u00e3o, como diz os Atos dos Ap\u00f3stolos (2,42-47).<\/p>\n<hr \/>\n<p><em>Comunica\u00e7\u00e3o da Prov\u00edncia da Imaculada Concei\u00e7\u00e3o<\/em><\/p>\n<p><img loading=\"lazy\" class=\"alignnone wp-image-237508 size-full\" src=\"https:\/\/franciscanos.org.br\/noticias\/wp-content\/uploads\/2022\/04\/homens_2404_9.jpg\" alt=\"\" width=\"1280\" height=\"853\" srcset=\"https:\/\/franciscanos.org.br\/noticias\/wp-content\/uploads\/2022\/04\/homens_2404_9.jpg 1280w, https:\/\/franciscanos.org.br\/noticias\/wp-content\/uploads\/2022\/04\/homens_2404_9-450x300.jpg 450w, https:\/\/franciscanos.org.br\/noticias\/wp-content\/uploads\/2022\/04\/homens_2404_9-1024x682.jpg 1024w, https:\/\/franciscanos.org.br\/noticias\/wp-content\/uploads\/2022\/04\/homens_2404_9-768x512.jpg 768w, https:\/\/franciscanos.org.br\/noticias\/wp-content\/uploads\/2022\/04\/homens_2404_9-150x100.jpg 150w\" sizes=\"(max-width: 1280px) 100vw, 1280px\" \/><\/p>\n","protected":false},"excerpt":{"rendered":"<p>Romaria dos Homens<\/p>\n","protected":false},"author":3,"featured_media":237500,"comment_status":"open","ping_status":"open","sticky":false,"template":"","format":"standard","meta":[],"categories":[1],"tags":[1999],"acf":[],"yoast_head":"<!-- This site is optimized with the Yoast SEO plugin v19.2 - https:\/\/yoast.com\/wordpress\/plugins\/seo\/ -->\n<title>Romaria dos Homens: A multid\u00e3o volta a caminhar com a M\u00e3e da Penha - Not\u00edcias - Franciscanos<\/title>\n<meta name=\"robots\" content=\"index, follow, max-snippet:-1, max-image-preview:large, max-video-preview:-1\" \/>\n<link rel=\"canonical\" href=\"https:\/\/franciscanos.org.br\/noticias\/romaria-dos-homens-a-multidao-volta-a-caminhar-com-a-mae-da-penha.html\" \/>\n<meta property=\"og:locale\" content=\"pt_BR\" \/>\n<meta property=\"og:type\" content=\"article\" \/>\n<meta property=\"og:title\" content=\"Romaria dos Homens: A multid\u00e3o volta a caminhar com a M\u00e3e da Penha - Not\u00edcias - Franciscanos\" \/>\n<meta property=\"og:description\" content=\"Romaria dos Homens\" \/>\n<meta property=\"og:url\" content=\"https:\/\/franciscanos.org.br\/noticias\/romaria-dos-homens-a-multidao-volta-a-caminhar-com-a-mae-da-penha.html\" \/>\n<meta property=\"og:site_name\" content=\"Not\u00edcias - Franciscanos\" \/>\n<meta property=\"article:published_time\" content=\"2022-04-24T04:12:32+00:00\" \/>\n<meta property=\"article:modified_time\" content=\"2023-01-03T17:08:24+00:00\" \/>\n<meta property=\"og:image\" content=\"https:\/\/franciscanos.org.br\/noticias\/wp-content\/uploads\/2022\/04\/homens_2404_10.jpg\" \/>\n\t<meta property=\"og:image:width\" content=\"1280\" \/>\n\t<meta property=\"og:image:height\" content=\"720\" \/>\n\t<meta property=\"og:image:type\" content=\"image\/jpeg\" \/>\n<meta name=\"author\" content=\"moacir\" \/>\n<meta name=\"twitter:card\" content=\"summary_large_image\" \/>\n<meta name=\"twitter:label1\" content=\"Escrito por\" \/>\n\t<meta name=\"twitter:data1\" content=\"moacir\" \/>\n\t<meta name=\"twitter:label2\" content=\"Est. tempo de leitura\" \/>\n\t<meta name=\"twitter:data2\" content=\"6 minutos\" \/>\n<script type=\"application\/ld+json\" class=\"yoast-schema-graph\">{\"@context\":\"https:\/\/schema.org\",\"@graph\":[{\"@type\":\"WebSite\",\"@id\":\"https:\/\/franciscanos.org.br\/noticias\/#website\",\"url\":\"https:\/\/franciscanos.org.br\/noticias\/\",\"name\":\"Not\u00edcias - Franciscanos\",\"description\":\"Prov\u00edncia Franciscana da Imaculada Concei\u00e7\u00e3o do Brasil - Ordem dos Frades Menores - OFM\",\"potentialAction\":[{\"@type\":\"SearchAction\",\"target\":{\"@type\":\"EntryPoint\",\"urlTemplate\":\"https:\/\/franciscanos.org.br\/noticias\/?s={search_term_string}\"},\"query-input\":\"required name=search_term_string\"}],\"inLanguage\":\"pt-BR\"},{\"@type\":\"ImageObject\",\"inLanguage\":\"pt-BR\",\"@id\":\"https:\/\/franciscanos.org.br\/noticias\/romaria-dos-homens-a-multidao-volta-a-caminhar-com-a-mae-da-penha.html#primaryimage\",\"url\":\"https:\/\/franciscanos.org.br\/noticias\/wp-content\/uploads\/2022\/04\/homens_2404_10.jpg\",\"contentUrl\":\"https:\/\/franciscanos.org.br\/noticias\/wp-content\/uploads\/2022\/04\/homens_2404_10.jpg\",\"width\":1280,\"height\":720},{\"@type\":\"WebPage\",\"@id\":\"https:\/\/franciscanos.org.br\/noticias\/romaria-dos-homens-a-multidao-volta-a-caminhar-com-a-mae-da-penha.html#webpage\",\"url\":\"https:\/\/franciscanos.org.br\/noticias\/romaria-dos-homens-a-multidao-volta-a-caminhar-com-a-mae-da-penha.html\",\"name\":\"Romaria dos Homens: A multid\u00e3o volta a caminhar com a M\u00e3e da Penha - Not\u00edcias - Franciscanos\",\"isPartOf\":{\"@id\":\"https:\/\/franciscanos.org.br\/noticias\/#website\"},\"primaryImageOfPage\":{\"@id\":\"https:\/\/franciscanos.org.br\/noticias\/romaria-dos-homens-a-multidao-volta-a-caminhar-com-a-mae-da-penha.html#primaryimage\"},\"datePublished\":\"2022-04-24T04:12:32+00:00\",\"dateModified\":\"2023-01-03T17:08:24+00:00\",\"author\":{\"@id\":\"https:\/\/franciscanos.org.br\/noticias\/#\/schema\/person\/b5c8cba458c330ccff548b056e95a5d4\"},\"breadcrumb\":{\"@id\":\"https:\/\/franciscanos.org.br\/noticias\/romaria-dos-homens-a-multidao-volta-a-caminhar-com-a-mae-da-penha.html#breadcrumb\"},\"inLanguage\":\"pt-BR\",\"potentialAction\":[{\"@type\":\"ReadAction\",\"target\":[\"https:\/\/franciscanos.org.br\/noticias\/romaria-dos-homens-a-multidao-volta-a-caminhar-com-a-mae-da-penha.html\"]}]},{\"@type\":\"BreadcrumbList\",\"@id\":\"https:\/\/franciscanos.org.br\/noticias\/romaria-dos-homens-a-multidao-volta-a-caminhar-com-a-mae-da-penha.html#breadcrumb\",\"itemListElement\":[{\"@type\":\"ListItem\",\"position\":1,\"name\":\"Home\",\"item\":\"https:\/\/franciscanos.org.br\/noticias\"},{\"@type\":\"ListItem\",\"position\":2,\"name\":\"Romaria dos Homens: A multid\u00e3o volta a caminhar com a M\u00e3e da Penha\"}]},{\"@type\":\"Person\",\"@id\":\"https:\/\/franciscanos.org.br\/noticias\/#\/schema\/person\/b5c8cba458c330ccff548b056e95a5d4\",\"name\":\"moacir\",\"image\":{\"@type\":\"ImageObject\",\"inLanguage\":\"pt-BR\",\"@id\":\"https:\/\/franciscanos.org.br\/noticias\/#\/schema\/person\/image\/\",\"url\":\"https:\/\/secure.gravatar.com\/avatar\/d08aa2ce4c8dd416d4479aa8536fcf64?s=96&d=mm&r=g\",\"contentUrl\":\"https:\/\/secure.gravatar.com\/avatar\/d08aa2ce4c8dd416d4479aa8536fcf64?s=96&d=mm&r=g\",\"caption\":\"moacir\"},\"url\":\"https:\/\/franciscanos.org.br\/noticias\/author\/moacir\"}]}<\/script>\n<!-- \/ Yoast SEO plugin. -->","yoast_head_json":{"title":"Romaria dos Homens: A multid\u00e3o volta a caminhar com a M\u00e3e da Penha - Not\u00edcias - Franciscanos","robots":{"index":"index","follow":"follow","max-snippet":"max-snippet:-1","max-image-preview":"max-image-preview:large","max-video-preview":"max-video-preview:-1"},"canonical":"https:\/\/franciscanos.org.br\/noticias\/romaria-dos-homens-a-multidao-volta-a-caminhar-com-a-mae-da-penha.html","og_locale":"pt_BR","og_type":"article","og_title":"Romaria dos Homens: A multid\u00e3o volta a caminhar com a M\u00e3e da Penha - Not\u00edcias - Franciscanos","og_description":"Romaria dos Homens","og_url":"https:\/\/franciscanos.org.br\/noticias\/romaria-dos-homens-a-multidao-volta-a-caminhar-com-a-mae-da-penha.html","og_site_name":"Not\u00edcias - Franciscanos","article_published_time":"2022-04-24T04:12:32+00:00","article_modified_time":"2023-01-03T17:08:24+00:00","og_image":[{"width":1280,"height":720,"url":"https:\/\/franciscanos.org.br\/noticias\/wp-content\/uploads\/2022\/04\/homens_2404_10.jpg","type":"image\/jpeg"}],"author":"moacir","twitter_card":"summary_large_image","twitter_misc":{"Escrito por":"moacir","Est. tempo de leitura":"6 minutos"},"schema":{"@context":"https:\/\/schema.org","@graph":[{"@type":"WebSite","@id":"https:\/\/franciscanos.org.br\/noticias\/#website","url":"https:\/\/franciscanos.org.br\/noticias\/","name":"Not\u00edcias - Franciscanos","description":"Prov\u00edncia Franciscana da Imaculada Concei\u00e7\u00e3o do Brasil - Ordem dos Frades Menores - OFM","potentialAction":[{"@type":"SearchAction","target":{"@type":"EntryPoint","urlTemplate":"https:\/\/franciscanos.org.br\/noticias\/?s={search_term_string}"},"query-input":"required name=search_term_string"}],"inLanguage":"pt-BR"},{"@type":"ImageObject","inLanguage":"pt-BR","@id":"https:\/\/franciscanos.org.br\/noticias\/romaria-dos-homens-a-multidao-volta-a-caminhar-com-a-mae-da-penha.html#primaryimage","url":"https:\/\/franciscanos.org.br\/noticias\/wp-content\/uploads\/2022\/04\/homens_2404_10.jpg","contentUrl":"https:\/\/franciscanos.org.br\/noticias\/wp-content\/uploads\/2022\/04\/homens_2404_10.jpg","width":1280,"height":720},{"@type":"WebPage","@id":"https:\/\/franciscanos.org.br\/noticias\/romaria-dos-homens-a-multidao-volta-a-caminhar-com-a-mae-da-penha.html#webpage","url":"https:\/\/franciscanos.org.br\/noticias\/romaria-dos-homens-a-multidao-volta-a-caminhar-com-a-mae-da-penha.html","name":"Romaria dos Homens: A multid\u00e3o volta a caminhar com a M\u00e3e da Penha - Not\u00edcias - Franciscanos","isPartOf":{"@id":"https:\/\/franciscanos.org.br\/noticias\/#website"},"primaryImageOfPage":{"@id":"https:\/\/franciscanos.org.br\/noticias\/romaria-dos-homens-a-multidao-volta-a-caminhar-com-a-mae-da-penha.html#primaryimage"},"datePublished":"2022-04-24T04:12:32+00:00","dateModified":"2023-01-03T17:08:24+00:00","author":{"@id":"https:\/\/franciscanos.org.br\/noticias\/#\/schema\/person\/b5c8cba458c330ccff548b056e95a5d4"},"breadcrumb":{"@id":"https:\/\/franciscanos.org.br\/noticias\/romaria-dos-homens-a-multidao-volta-a-caminhar-com-a-mae-da-penha.html#breadcrumb"},"inLanguage":"pt-BR","potentialAction":[{"@type":"ReadAction","target":["https:\/\/franciscanos.org.br\/noticias\/romaria-dos-homens-a-multidao-volta-a-caminhar-com-a-mae-da-penha.html"]}]},{"@type":"BreadcrumbList","@id":"https:\/\/franciscanos.org.br\/noticias\/romaria-dos-homens-a-multidao-volta-a-caminhar-com-a-mae-da-penha.html#breadcrumb","itemListElement":[{"@type":"ListItem","position":1,"name":"Home","item":"https:\/\/franciscanos.org.br\/noticias"},{"@type":"ListItem","position":2,"name":"Romaria dos Homens: A multid\u00e3o volta a caminhar com a M\u00e3e da Penha"}]},{"@type":"Person","@id":"https:\/\/franciscanos.org.br\/noticias\/#\/schema\/person\/b5c8cba458c330ccff548b056e95a5d4","name":"moacir","image":{"@type":"ImageObject","inLanguage":"pt-BR","@id":"https:\/\/franciscanos.org.br\/noticias\/#\/schema\/person\/image\/","url":"https:\/\/secure.gravatar.com\/avatar\/d08aa2ce4c8dd416d4479aa8536fcf64?s=96&d=mm&r=g","contentUrl":"https:\/\/secure.gravatar.com\/avatar\/d08aa2ce4c8dd416d4479aa8536fcf64?s=96&d=mm&r=g","caption":"moacir"},"url":"https:\/\/franciscanos.org.br\/noticias\/author\/moacir"}]}},"_links":{"self":[{"href":"https:\/\/franciscanos.org.br\/noticias\/wp-json\/wp\/v2\/posts\/237499"}],"collection":[{"href":"https:\/\/franciscanos.org.br\/noticias\/wp-json\/wp\/v2\/posts"}],"about":[{"href":"https:\/\/franciscanos.org.br\/noticias\/wp-json\/wp\/v2\/types\/post"}],"author":[{"embeddable":true,"href":"https:\/\/franciscanos.org.br\/noticias\/wp-json\/wp\/v2\/users\/3"}],"replies":[{"embeddable":true,"href":"https:\/\/franciscanos.org.br\/noticias\/wp-json\/wp\/v2\/comments?post=237499"}],"version-history":[{"count":2,"href":"https:\/\/franciscanos.org.br\/noticias\/wp-json\/wp\/v2\/posts\/237499\/revisions"}],"predecessor-version":[{"id":241524,"href":"https:\/\/franciscanos.org.br\/noticias\/wp-json\/wp\/v2\/posts\/237499\/revisions\/241524"}],"wp:featuredmedia":[{"embeddable":true,"href":"https:\/\/franciscanos.org.br\/noticias\/wp-json\/wp\/v2\/media\/237500"}],"wp:attachment":[{"href":"https:\/\/franciscanos.org.br\/noticias\/wp-json\/wp\/v2\/media?parent=237499"}],"wp:term":[{"taxonomy":"category","embeddable":true,"href":"https:\/\/franciscanos.org.br\/noticias\/wp-json\/wp\/v2\/categories?post=237499"},{"taxonomy":"post_tag","embeddable":true,"href":"https:\/\/franciscanos.org.br\/noticias\/wp-json\/wp\/v2\/tags?post=237499"}],"curies":[{"name":"wp","href":"https:\/\/api.w.org\/{rel}","templated":true}]}}