{"id":237493,"date":"2022-04-23T21:20:48","date_gmt":"2022-04-24T00:20:48","guid":{"rendered":"https:\/\/franciscanos.org.br\/noticias\/?p=237493"},"modified":"2022-04-23T21:21:26","modified_gmt":"2022-04-24T00:21:26","slug":"dom-luiz-jesus-nos-ensina-a-ter-compaixao","status":"publish","type":"post","link":"https:\/\/franciscanos.org.br\/noticias\/dom-luiz-jesus-nos-ensina-a-ter-compaixao.html","title":{"rendered":"Dom Luiz: &#8220;Jesus nos ensina a ter compaix\u00e3o&#8221;"},"content":{"rendered":"<div id=\"attachment_237494\" style=\"width: 1290px\" class=\"wp-caption alignnone\"><img aria-describedby=\"caption-attachment-237494\" loading=\"lazy\" class=\"wp-image-237494 size-full\" src=\"https:\/\/franciscanos.org.br\/noticias\/wp-content\/uploads\/2022\/04\/cachoeiro_3.jpg\" alt=\"\" width=\"1280\" height=\"720\" srcset=\"https:\/\/franciscanos.org.br\/noticias\/wp-content\/uploads\/2022\/04\/cachoeiro_3.jpg 1280w, https:\/\/franciscanos.org.br\/noticias\/wp-content\/uploads\/2022\/04\/cachoeiro_3-450x253.jpg 450w, https:\/\/franciscanos.org.br\/noticias\/wp-content\/uploads\/2022\/04\/cachoeiro_3-1024x576.jpg 1024w, https:\/\/franciscanos.org.br\/noticias\/wp-content\/uploads\/2022\/04\/cachoeiro_3-768x432.jpg 768w, https:\/\/franciscanos.org.br\/noticias\/wp-content\/uploads\/2022\/04\/cachoeiro_3-150x84.jpg 150w\" sizes=\"(max-width: 1280px) 100vw, 1280px\" \/><p id=\"caption-attachment-237494\" class=\"wp-caption-text\"><em>Imagens: Reprodu\u00e7\u00e3o da transmiss\u00e3o do Convento da Penha<\/em><\/p><\/div>\n<p>Como j\u00e1 \u00e9 uma tradi\u00e7\u00e3o na Festa da Penha, o s\u00e9timo dia do Oitav\u00e1rio \u00e9 tomado pelos romeiros da Diocese de Cachoeiro de Itapemirim, que lotam o Campinho do Morro da Penha. Um total de 30 \u00f4nibus, 15 vans e 2 micro-\u00f4nibus trouxeram 2 mil fi\u00e9is para homenagear a M\u00e3e de Deus, a Virgem das Alegrias, depois de dois anos de pandemia.<\/p>\n<p>O bispo de Cachoeiro, Dom Luiz Fernando Lisboa, presidiu a Celebra\u00e7\u00e3o Eucar\u00edstica: &#8220;Estamos aqui para, com muita f\u00e9, celebrar a Eucaristia e queremos faz\u00ea-la por que somos peregrinos, somos povo de Deus que caminha como a M\u00e3e Maria. Ela que nos ensina que temos que fazer tudo que Jesus nos disser, e n\u00f3s queremos obedecer, queremos seguir o seu filho Jesus. Ela sempre nos encaminha para ele\u201d, disse.<\/p>\n<p>Dom Luiz destacou o momento dif\u00edcil nestes \u00faltimos anos da pandemia: \u201cQueremos confirmar nossa esperan\u00e7a em tempos novos e pedir ao Senhor ressuscitado pela intercess\u00e3o da Virgem da Penha para que alcance as milhares de fam\u00edlias em nosso Estado do Esp\u00edrito Santo e no pa\u00eds inteiro que perderam seus entes queridos por causa da pandemia, suplicando a gra\u00e7a divina sobre todos que se dedicam \u00e0 assist\u00eancia aos doentes nos hospitais e em suas casas. De modo especial, queremos agradecer a todos os trabalhadores e trabalhadoras da \u00e1rea da sa\u00fade\u201d, ressaltou.<\/p>\n<p>&nbsp;<\/p>\n<p><img loading=\"lazy\" class=\"alignnone wp-image-237496 size-full\" src=\"https:\/\/franciscanos.org.br\/noticias\/wp-content\/uploads\/2022\/04\/cachoeiro2.jpg\" alt=\"\" width=\"1280\" height=\"720\" srcset=\"https:\/\/franciscanos.org.br\/noticias\/wp-content\/uploads\/2022\/04\/cachoeiro2.jpg 1280w, https:\/\/franciscanos.org.br\/noticias\/wp-content\/uploads\/2022\/04\/cachoeiro2-450x253.jpg 450w, https:\/\/franciscanos.org.br\/noticias\/wp-content\/uploads\/2022\/04\/cachoeiro2-1024x576.jpg 1024w, https:\/\/franciscanos.org.br\/noticias\/wp-content\/uploads\/2022\/04\/cachoeiro2-768x432.jpg 768w, https:\/\/franciscanos.org.br\/noticias\/wp-content\/uploads\/2022\/04\/cachoeiro2-150x84.jpg 150w\" sizes=\"(max-width: 1280px) 100vw, 1280px\" \/><\/p>\n<p>Dom Luiz lembrou que esta edi\u00e7\u00e3o 452\u00aa da Festa da Penha tem como tema \u201cSa\u00fade dos enfermos, rogai por n\u00f3s\u201d. Segundo ele, ao longo de todo o seu minist\u00e9rio, Jesus encontra enfermos em seu caminho. Jesus n\u00e3o v\u00ea a doen\u00e7a como a cren\u00e7a que a ligava mecanicamente com o pecado, pr\u00f3prio ou dos pais. Ou o doente cometeu um pecado ou os pais o cometeram. Era essa a mentalidade. Diante da doen\u00e7a, Jesus sente compaix\u00e3o e essa compaix\u00e3o o move \u00e0 a\u00e7\u00e3o. Compaix\u00e3o e a\u00e7\u00e3o. Quem sente pena, sente d\u00f3, n\u00e3o faz nada, passa adiante. Jesus nos ensina a ter compaix\u00e3o e quem tem compaix\u00e3o faz alguma coisa e leva a a\u00e7\u00e3o\u201d, ensinou o bispo.<\/p>\n<p>O bispo de Cachoeiro enfatizou que, al\u00e9m das enfermidades f\u00edsicas, o mundo de hoje tem adoecido diante da guerra e dos riscos do enfraquecimento da democracia e citou outra fala do pont\u00edfice, na audi\u00eancia geral do \u00faltimo dia 23 de mar\u00e7o: &#8220;Com a guerra tudo se perde, tudo, n\u00e3o h\u00e1 vit\u00f3rias em uma guerra. Todo mundo \u00e9 derrotado&#8221;, disse.<\/p>\n<p>&#8220;Mais do que nunca \u00e9 tempo para ter coragem, para pedir a Deus coragem. E que nossas m\u00e3os sejam sempre operosas e dispon\u00edveis para assistir os que mais precisam. Aqueles que precisam de ajuda, de presen\u00e7a, de carinho, de assist\u00eancia e de lucidez. Quanta gente precisa de lucidez, porque vivem como se cegos estivessem, vivem como se surdos estivessem. Precisamos de lucidez, dai-nos senhor lucidez. Neste oitav\u00e1rio de Nossa Senhora da Penha supliquemos a Virgem das Alegrias, senhora voltai para n\u00f3s vosso olhar Santa M\u00e3e de Deus e alegrai-nos com a for\u00e7a e o vigor do evangelho de teu filho Jesus Cristo, ressuscitado. Nossa Senhora Sa\u00fade dos enfermos, rogai por n\u00f3s\u201d, concluiu.<\/p>\n<p>Ao fim da Santa Missa a Diocese de Cachoeiro prestou uma homenagem \u00e0 Nossa Senhora da Penha. Duas crian\u00e7as subiram ao altar levando em suas m\u00e3os um cora\u00e7\u00e3o \u2013 representando o cora\u00e7\u00e3o da Virgem e m\u00e3e que acolhe as preces de todos que rogam pela sa\u00fade, pela educa\u00e7\u00e3o e pela Paz.<\/p>\n<p><img loading=\"lazy\" class=\"alignnone wp-image-237495 size-full\" src=\"https:\/\/franciscanos.org.br\/noticias\/wp-content\/uploads\/2022\/04\/cachoeiro_4.jpg\" alt=\"\" width=\"1280\" height=\"720\" srcset=\"https:\/\/franciscanos.org.br\/noticias\/wp-content\/uploads\/2022\/04\/cachoeiro_4.jpg 1280w, https:\/\/franciscanos.org.br\/noticias\/wp-content\/uploads\/2022\/04\/cachoeiro_4-450x253.jpg 450w, https:\/\/franciscanos.org.br\/noticias\/wp-content\/uploads\/2022\/04\/cachoeiro_4-1024x576.jpg 1024w, https:\/\/franciscanos.org.br\/noticias\/wp-content\/uploads\/2022\/04\/cachoeiro_4-768x432.jpg 768w, https:\/\/franciscanos.org.br\/noticias\/wp-content\/uploads\/2022\/04\/cachoeiro_4-150x84.jpg 150w\" sizes=\"(max-width: 1280px) 100vw, 1280px\" \/><\/p>\n<p><strong>MOMENTO DEVOCIONAL<\/strong><\/p>\n<p>No 7\u00ba dia do Oitav\u00e1rio da Festa da Penha, o tema refletido por Frei Gabriel Dellandrea foi \u201cMaria, caminho de sa\u00fade e salva\u00e7\u00e3o\u201d. Na homenagem a Maria, usou-se um dos s\u00edmbolos da nossa devo\u00e7\u00e3o mariana, com mulheres, jovens e um adolescente passando o ter\u00e7o de m\u00e3os em m\u00e3os no altar. Uma mulher entrou cantando a m\u00fasica \u201cO Ter\u00e7o\u201d de Roberto Carlos e todos se voltaram para a imagem de Nossa Senhora da Penha.<\/p>\n<p>Frei Gabriel fez a reflex\u00e3o com base em Jo 19,25-27. &#8220;Hoje, o tema \u00e9 &#8216;Maria, caminho de sa\u00fade e salva\u00e7\u00e3o&#8217;. E quando falamos em salva\u00e7\u00e3o quase todo mundo tem na m\u00e3o um aparelho de celular. Quantas e quantas vezes tivemos o mesmo problema: n\u00e3o conseguimos salvar uma imagem porque o celular estava cheio. Aquela foto bonita que quer\u00edamos tirar no Morro da Penha n\u00e3o sobrou espa\u00e7o. Para salvarmos algo de importante, \u00e0s vezes, precisamos perceber se a mem\u00f3ria n\u00e3o est\u00e1 cheia. E o que a gente faz quando a mem\u00f3ria est\u00e1 cheia? A gente deleta o que n\u00e3o precisava e fica com o essencial. O n\u00famero mais importante do whatsapp a gente n\u00e3o exclui, assim como a foto mais mais bonita. Assim o caminho de salva\u00e7\u00e3o quer nos ensinar que para sermos salvos n\u00f3s tamb\u00e9m precisamos salvar na nossa mem\u00f3ria apenas aquilo que \u00e9 bom. Aquilo que de fato nos dignifica, nos torna melhores, para oferecermos a Deus o que podemos oferecer de melhor em nossas vidas&#8221;, disse Frei Gabriel.<\/p>\n<hr \/>\n<p><strong>Dia 24, domingo \u2013 8\u00ba dia do Oitav\u00e1rio<\/strong><br \/>\nTema do dia: Sa\u00fade integral<br \/>\n5h, 7h, 9h, 11h \u2013 Missas (Comunidade Franciscana), presenciais no Campinho<br \/>\n9h00 \u2013 Missa com a Romaria da Diocese de Colatina \u2013 Transmiss\u00e3o ao vivo (TVs, r\u00e1dios, internet), presencial no Campinho<br \/>\n14h00 \u2013 Programa Salve M\u00e3e das Alegrias \u2013 Transmiss\u00e3o ao vivo (TVs, r\u00e1dios, internet)<br \/>\n15h00 \u2013 Romaria das Mulheres, Sa\u00edda do Santu\u00e1rio de Vila Velha<br \/>\n17h00 \u2013 Missa de encerramento da Romaria das Mulheres \u2013 Transmiss\u00e3o ao vivo (TVs, r\u00e1dios, internet), presencial no Parque da Prainha Vila Velha<br \/>\n19h00 \u2013 Show musical \u2013 Parque da Prainha Vila Velha<\/p>\n","protected":false},"excerpt":{"rendered":"<p>S\u00e9timo dia do Oitav\u00e1rio da Festa da Penha<\/p>\n","protected":false},"author":3,"featured_media":237494,"comment_status":"open","ping_status":"open","sticky":false,"template":"","format":"standard","meta":[],"categories":[1],"tags":[1999],"acf":[],"yoast_head":"<!-- This site is optimized with the Yoast SEO plugin v19.2 - https:\/\/yoast.com\/wordpress\/plugins\/seo\/ -->\n<title>Dom Luiz: &quot;Jesus nos ensina a ter compaix\u00e3o&quot; - Not\u00edcias - Franciscanos<\/title>\n<meta name=\"robots\" content=\"index, follow, max-snippet:-1, max-image-preview:large, max-video-preview:-1\" \/>\n<link rel=\"canonical\" href=\"https:\/\/franciscanos.org.br\/noticias\/dom-luiz-jesus-nos-ensina-a-ter-compaixao.html\" \/>\n<meta property=\"og:locale\" content=\"pt_BR\" \/>\n<meta property=\"og:type\" content=\"article\" \/>\n<meta property=\"og:title\" content=\"Dom Luiz: &quot;Jesus nos ensina a ter compaix\u00e3o&quot; - Not\u00edcias - Franciscanos\" \/>\n<meta property=\"og:description\" content=\"S\u00e9timo dia do Oitav\u00e1rio da Festa da Penha\" \/>\n<meta property=\"og:url\" content=\"https:\/\/franciscanos.org.br\/noticias\/dom-luiz-jesus-nos-ensina-a-ter-compaixao.html\" \/>\n<meta property=\"og:site_name\" content=\"Not\u00edcias - Franciscanos\" \/>\n<meta property=\"article:published_time\" content=\"2022-04-24T00:20:48+00:00\" \/>\n<meta property=\"article:modified_time\" content=\"2022-04-24T00:21:26+00:00\" \/>\n<meta property=\"og:image\" content=\"https:\/\/franciscanos.org.br\/noticias\/wp-content\/uploads\/2022\/04\/cachoeiro_3.jpg\" \/>\n\t<meta property=\"og:image:width\" content=\"1280\" \/>\n\t<meta property=\"og:image:height\" content=\"720\" \/>\n\t<meta property=\"og:image:type\" content=\"image\/jpeg\" \/>\n<meta name=\"author\" content=\"moacir\" \/>\n<meta name=\"twitter:card\" content=\"summary_large_image\" \/>\n<meta name=\"twitter:label1\" content=\"Escrito por\" \/>\n\t<meta name=\"twitter:data1\" content=\"moacir\" \/>\n\t<meta name=\"twitter:label2\" content=\"Est. tempo de leitura\" \/>\n\t<meta name=\"twitter:data2\" content=\"5 minutos\" \/>\n<script type=\"application\/ld+json\" class=\"yoast-schema-graph\">{\"@context\":\"https:\/\/schema.org\",\"@graph\":[{\"@type\":\"WebSite\",\"@id\":\"https:\/\/franciscanos.org.br\/noticias\/#website\",\"url\":\"https:\/\/franciscanos.org.br\/noticias\/\",\"name\":\"Not\u00edcias - Franciscanos\",\"description\":\"Prov\u00edncia Franciscana da Imaculada Concei\u00e7\u00e3o do Brasil - Ordem dos Frades Menores - OFM\",\"potentialAction\":[{\"@type\":\"SearchAction\",\"target\":{\"@type\":\"EntryPoint\",\"urlTemplate\":\"https:\/\/franciscanos.org.br\/noticias\/?s={search_term_string}\"},\"query-input\":\"required name=search_term_string\"}],\"inLanguage\":\"pt-BR\"},{\"@type\":\"ImageObject\",\"inLanguage\":\"pt-BR\",\"@id\":\"https:\/\/franciscanos.org.br\/noticias\/dom-luiz-jesus-nos-ensina-a-ter-compaixao.html#primaryimage\",\"url\":\"https:\/\/franciscanos.org.br\/noticias\/wp-content\/uploads\/2022\/04\/cachoeiro_3.jpg\",\"contentUrl\":\"https:\/\/franciscanos.org.br\/noticias\/wp-content\/uploads\/2022\/04\/cachoeiro_3.jpg\",\"width\":1280,\"height\":720},{\"@type\":\"WebPage\",\"@id\":\"https:\/\/franciscanos.org.br\/noticias\/dom-luiz-jesus-nos-ensina-a-ter-compaixao.html#webpage\",\"url\":\"https:\/\/franciscanos.org.br\/noticias\/dom-luiz-jesus-nos-ensina-a-ter-compaixao.html\",\"name\":\"Dom Luiz: \\\"Jesus nos ensina a ter compaix\u00e3o\\\" - Not\u00edcias - Franciscanos\",\"isPartOf\":{\"@id\":\"https:\/\/franciscanos.org.br\/noticias\/#website\"},\"primaryImageOfPage\":{\"@id\":\"https:\/\/franciscanos.org.br\/noticias\/dom-luiz-jesus-nos-ensina-a-ter-compaixao.html#primaryimage\"},\"datePublished\":\"2022-04-24T00:20:48+00:00\",\"dateModified\":\"2022-04-24T00:21:26+00:00\",\"author\":{\"@id\":\"https:\/\/franciscanos.org.br\/noticias\/#\/schema\/person\/b5c8cba458c330ccff548b056e95a5d4\"},\"breadcrumb\":{\"@id\":\"https:\/\/franciscanos.org.br\/noticias\/dom-luiz-jesus-nos-ensina-a-ter-compaixao.html#breadcrumb\"},\"inLanguage\":\"pt-BR\",\"potentialAction\":[{\"@type\":\"ReadAction\",\"target\":[\"https:\/\/franciscanos.org.br\/noticias\/dom-luiz-jesus-nos-ensina-a-ter-compaixao.html\"]}]},{\"@type\":\"BreadcrumbList\",\"@id\":\"https:\/\/franciscanos.org.br\/noticias\/dom-luiz-jesus-nos-ensina-a-ter-compaixao.html#breadcrumb\",\"itemListElement\":[{\"@type\":\"ListItem\",\"position\":1,\"name\":\"Home\",\"item\":\"https:\/\/franciscanos.org.br\/noticias\"},{\"@type\":\"ListItem\",\"position\":2,\"name\":\"Dom Luiz: &#8220;Jesus nos ensina a ter compaix\u00e3o&#8221;\"}]},{\"@type\":\"Person\",\"@id\":\"https:\/\/franciscanos.org.br\/noticias\/#\/schema\/person\/b5c8cba458c330ccff548b056e95a5d4\",\"name\":\"moacir\",\"image\":{\"@type\":\"ImageObject\",\"inLanguage\":\"pt-BR\",\"@id\":\"https:\/\/franciscanos.org.br\/noticias\/#\/schema\/person\/image\/\",\"url\":\"https:\/\/secure.gravatar.com\/avatar\/d08aa2ce4c8dd416d4479aa8536fcf64?s=96&d=mm&r=g\",\"contentUrl\":\"https:\/\/secure.gravatar.com\/avatar\/d08aa2ce4c8dd416d4479aa8536fcf64?s=96&d=mm&r=g\",\"caption\":\"moacir\"},\"url\":\"https:\/\/franciscanos.org.br\/noticias\/author\/moacir\"}]}<\/script>\n<!-- \/ Yoast SEO plugin. -->","yoast_head_json":{"title":"Dom Luiz: \"Jesus nos ensina a ter compaix\u00e3o\" - Not\u00edcias - Franciscanos","robots":{"index":"index","follow":"follow","max-snippet":"max-snippet:-1","max-image-preview":"max-image-preview:large","max-video-preview":"max-video-preview:-1"},"canonical":"https:\/\/franciscanos.org.br\/noticias\/dom-luiz-jesus-nos-ensina-a-ter-compaixao.html","og_locale":"pt_BR","og_type":"article","og_title":"Dom Luiz: \"Jesus nos ensina a ter compaix\u00e3o\" - Not\u00edcias - Franciscanos","og_description":"S\u00e9timo dia do Oitav\u00e1rio da Festa da Penha","og_url":"https:\/\/franciscanos.org.br\/noticias\/dom-luiz-jesus-nos-ensina-a-ter-compaixao.html","og_site_name":"Not\u00edcias - Franciscanos","article_published_time":"2022-04-24T00:20:48+00:00","article_modified_time":"2022-04-24T00:21:26+00:00","og_image":[{"width":1280,"height":720,"url":"https:\/\/franciscanos.org.br\/noticias\/wp-content\/uploads\/2022\/04\/cachoeiro_3.jpg","type":"image\/jpeg"}],"author":"moacir","twitter_card":"summary_large_image","twitter_misc":{"Escrito por":"moacir","Est. tempo de leitura":"5 minutos"},"schema":{"@context":"https:\/\/schema.org","@graph":[{"@type":"WebSite","@id":"https:\/\/franciscanos.org.br\/noticias\/#website","url":"https:\/\/franciscanos.org.br\/noticias\/","name":"Not\u00edcias - Franciscanos","description":"Prov\u00edncia Franciscana da Imaculada Concei\u00e7\u00e3o do Brasil - Ordem dos Frades Menores - OFM","potentialAction":[{"@type":"SearchAction","target":{"@type":"EntryPoint","urlTemplate":"https:\/\/franciscanos.org.br\/noticias\/?s={search_term_string}"},"query-input":"required name=search_term_string"}],"inLanguage":"pt-BR"},{"@type":"ImageObject","inLanguage":"pt-BR","@id":"https:\/\/franciscanos.org.br\/noticias\/dom-luiz-jesus-nos-ensina-a-ter-compaixao.html#primaryimage","url":"https:\/\/franciscanos.org.br\/noticias\/wp-content\/uploads\/2022\/04\/cachoeiro_3.jpg","contentUrl":"https:\/\/franciscanos.org.br\/noticias\/wp-content\/uploads\/2022\/04\/cachoeiro_3.jpg","width":1280,"height":720},{"@type":"WebPage","@id":"https:\/\/franciscanos.org.br\/noticias\/dom-luiz-jesus-nos-ensina-a-ter-compaixao.html#webpage","url":"https:\/\/franciscanos.org.br\/noticias\/dom-luiz-jesus-nos-ensina-a-ter-compaixao.html","name":"Dom Luiz: \"Jesus nos ensina a ter compaix\u00e3o\" - Not\u00edcias - Franciscanos","isPartOf":{"@id":"https:\/\/franciscanos.org.br\/noticias\/#website"},"primaryImageOfPage":{"@id":"https:\/\/franciscanos.org.br\/noticias\/dom-luiz-jesus-nos-ensina-a-ter-compaixao.html#primaryimage"},"datePublished":"2022-04-24T00:20:48+00:00","dateModified":"2022-04-24T00:21:26+00:00","author":{"@id":"https:\/\/franciscanos.org.br\/noticias\/#\/schema\/person\/b5c8cba458c330ccff548b056e95a5d4"},"breadcrumb":{"@id":"https:\/\/franciscanos.org.br\/noticias\/dom-luiz-jesus-nos-ensina-a-ter-compaixao.html#breadcrumb"},"inLanguage":"pt-BR","potentialAction":[{"@type":"ReadAction","target":["https:\/\/franciscanos.org.br\/noticias\/dom-luiz-jesus-nos-ensina-a-ter-compaixao.html"]}]},{"@type":"BreadcrumbList","@id":"https:\/\/franciscanos.org.br\/noticias\/dom-luiz-jesus-nos-ensina-a-ter-compaixao.html#breadcrumb","itemListElement":[{"@type":"ListItem","position":1,"name":"Home","item":"https:\/\/franciscanos.org.br\/noticias"},{"@type":"ListItem","position":2,"name":"Dom Luiz: &#8220;Jesus nos ensina a ter compaix\u00e3o&#8221;"}]},{"@type":"Person","@id":"https:\/\/franciscanos.org.br\/noticias\/#\/schema\/person\/b5c8cba458c330ccff548b056e95a5d4","name":"moacir","image":{"@type":"ImageObject","inLanguage":"pt-BR","@id":"https:\/\/franciscanos.org.br\/noticias\/#\/schema\/person\/image\/","url":"https:\/\/secure.gravatar.com\/avatar\/d08aa2ce4c8dd416d4479aa8536fcf64?s=96&d=mm&r=g","contentUrl":"https:\/\/secure.gravatar.com\/avatar\/d08aa2ce4c8dd416d4479aa8536fcf64?s=96&d=mm&r=g","caption":"moacir"},"url":"https:\/\/franciscanos.org.br\/noticias\/author\/moacir"}]}},"_links":{"self":[{"href":"https:\/\/franciscanos.org.br\/noticias\/wp-json\/wp\/v2\/posts\/237493"}],"collection":[{"href":"https:\/\/franciscanos.org.br\/noticias\/wp-json\/wp\/v2\/posts"}],"about":[{"href":"https:\/\/franciscanos.org.br\/noticias\/wp-json\/wp\/v2\/types\/post"}],"author":[{"embeddable":true,"href":"https:\/\/franciscanos.org.br\/noticias\/wp-json\/wp\/v2\/users\/3"}],"replies":[{"embeddable":true,"href":"https:\/\/franciscanos.org.br\/noticias\/wp-json\/wp\/v2\/comments?post=237493"}],"version-history":[{"count":2,"href":"https:\/\/franciscanos.org.br\/noticias\/wp-json\/wp\/v2\/posts\/237493\/revisions"}],"predecessor-version":[{"id":237498,"href":"https:\/\/franciscanos.org.br\/noticias\/wp-json\/wp\/v2\/posts\/237493\/revisions\/237498"}],"wp:featuredmedia":[{"embeddable":true,"href":"https:\/\/franciscanos.org.br\/noticias\/wp-json\/wp\/v2\/media\/237494"}],"wp:attachment":[{"href":"https:\/\/franciscanos.org.br\/noticias\/wp-json\/wp\/v2\/media?parent=237493"}],"wp:term":[{"taxonomy":"category","embeddable":true,"href":"https:\/\/franciscanos.org.br\/noticias\/wp-json\/wp\/v2\/categories?post=237493"},{"taxonomy":"post_tag","embeddable":true,"href":"https:\/\/franciscanos.org.br\/noticias\/wp-json\/wp\/v2\/tags?post=237493"}],"curies":[{"name":"wp","href":"https:\/\/api.w.org\/{rel}","templated":true}]}}