{"id":237486,"date":"2022-04-23T15:45:19","date_gmt":"2022-04-23T18:45:19","guid":{"rendered":"https:\/\/franciscanos.org.br\/noticias\/?p=237486"},"modified":"2023-01-03T14:09:35","modified_gmt":"2023-01-03T17:09:35","slug":"a-alegria-dos-adolescentes-e-jovens-volta-ao-campinho-da-penha","status":"publish","type":"post","link":"https:\/\/franciscanos.org.br\/noticias\/a-alegria-dos-adolescentes-e-jovens-volta-ao-campinho-da-penha.html","title":{"rendered":"A alegria dos adolescentes e jovens volta ao Campinho da Penha"},"content":{"rendered":"<p><img loading=\"lazy\" class=\"alignnone wp-image-237487 size-full\" src=\"https:\/\/franciscanos.org.br\/noticias\/wp-content\/uploads\/2022\/04\/adolescentes_03.jpg\" alt=\"\" width=\"1280\" height=\"720\" srcset=\"https:\/\/franciscanos.org.br\/noticias\/wp-content\/uploads\/2022\/04\/adolescentes_03.jpg 1280w, https:\/\/franciscanos.org.br\/noticias\/wp-content\/uploads\/2022\/04\/adolescentes_03-450x253.jpg 450w, https:\/\/franciscanos.org.br\/noticias\/wp-content\/uploads\/2022\/04\/adolescentes_03-1024x576.jpg 1024w, https:\/\/franciscanos.org.br\/noticias\/wp-content\/uploads\/2022\/04\/adolescentes_03-768x432.jpg 768w, https:\/\/franciscanos.org.br\/noticias\/wp-content\/uploads\/2022\/04\/adolescentes_03-150x84.jpg 150w\" sizes=\"(max-width: 1280px) 100vw, 1280px\" \/><br \/>\n<strong>Vila Velha (ES)<\/strong> \u2013 Com apenas cinco anos de exist\u00eancia, a Romaria dos Jovens e Adolescentes vem crescendo a cada ano. Grupos de Perseveran\u00e7a e Adolescentes da maioria das par\u00f3quias de Vit\u00f3ria e Vila Velha estiveram presentes, como se p\u00f4de ver durante a concentra\u00e7\u00e3o na Prainha deste s\u00e1bado. Para fugir do sol forte, as sombras das \u00e1rvores acolheram os adolescentes, que, portando bandeiras, camisetas e outros adere\u00e7os, fizeram muito barulho para homenagear Nossa Senhora.<\/p>\n<p>\u00c0s 10 horas, os grupos se uniram e subiram o Morro da Penha para a Celebra\u00e7\u00e3o Eucar\u00edstica, \u00e0s 11h00, no Campinho. Pe. Ruan Coutinho da Cruz, Vig\u00e1rio Paroquial da Par\u00f3quia S\u00e3o Pedro, em Muqui\u00e7aba, Guarapari, foi o presidente. Em sua homilia, ele questionou os jovens: &#8220;\u00c9 imposs\u00edvel ser santo se n\u00e3o tivermos alegria no cora\u00e7\u00e3o&#8221;, disse.<\/p>\n<p><img loading=\"lazy\" class=\"alignnone wp-image-237488 size-full\" src=\"https:\/\/franciscanos.org.br\/noticias\/wp-content\/uploads\/2022\/04\/adolescentes_01.jpg\" alt=\"\" width=\"1280\" height=\"720\" srcset=\"https:\/\/franciscanos.org.br\/noticias\/wp-content\/uploads\/2022\/04\/adolescentes_01.jpg 1280w, https:\/\/franciscanos.org.br\/noticias\/wp-content\/uploads\/2022\/04\/adolescentes_01-450x253.jpg 450w, https:\/\/franciscanos.org.br\/noticias\/wp-content\/uploads\/2022\/04\/adolescentes_01-1024x576.jpg 1024w, https:\/\/franciscanos.org.br\/noticias\/wp-content\/uploads\/2022\/04\/adolescentes_01-768x432.jpg 768w, https:\/\/franciscanos.org.br\/noticias\/wp-content\/uploads\/2022\/04\/adolescentes_01-150x84.jpg 150w\" sizes=\"(max-width: 1280px) 100vw, 1280px\" \/><\/p>\n<p>&#8220;N\u00e3o existe um santo na hist\u00f3ria da Igreja que n\u00e3o experimentou a alegria do cora\u00e7\u00e3o. E a\u00ed n\u00f3s precisamos fazer uma diferencia\u00e7\u00e3o importante aqui. Que alegria que n\u00f3s estamos falando?&#8221;, perguntou.<\/p>\n<p>&#8220;Vou falar de duas formas, voc\u00eas v\u00e3o ver qual \u00e9 a mais adequada: N\u00f3s temos a alegria frisante. Quando voc\u00ea abre aquele refrigerante e depois vem aquela espuma. S\u00f3 que depois que come\u00e7a passar o tempo, quem aguenta tomar refrigerante quente? Eu te apresento um copo d&#8217;\u00e1gua geladinho. Deixa o tempo passar, n\u00e3o faz barulho, ele est\u00e1 ali. E voc\u00ea pode beber depois. Essas as diferen\u00e7as das duas alegrias: uma \u00e9 barulhenta, faz espuma, mas daqui a pouco acaba. A outra \u00e9 silenciosa como a \u00e1gua e vai nutrindo. Jesus disse que quem tem sede vem a mim e beba. E essa \u00e1gua, que \u00e9 o pr\u00f3prio Jesus, sacia a sede da nossa alma&#8221;, ensinou.<\/p>\n<p><img loading=\"lazy\" class=\"alignnone wp-image-237489 size-full\" src=\"https:\/\/franciscanos.org.br\/noticias\/wp-content\/uploads\/2022\/04\/adolescentes_02.jpg\" alt=\"\" width=\"1280\" height=\"783\" srcset=\"https:\/\/franciscanos.org.br\/noticias\/wp-content\/uploads\/2022\/04\/adolescentes_02.jpg 1280w, https:\/\/franciscanos.org.br\/noticias\/wp-content\/uploads\/2022\/04\/adolescentes_02-450x275.jpg 450w, https:\/\/franciscanos.org.br\/noticias\/wp-content\/uploads\/2022\/04\/adolescentes_02-1024x626.jpg 1024w, https:\/\/franciscanos.org.br\/noticias\/wp-content\/uploads\/2022\/04\/adolescentes_02-768x470.jpg 768w, https:\/\/franciscanos.org.br\/noticias\/wp-content\/uploads\/2022\/04\/adolescentes_02-150x92.jpg 150w\" sizes=\"(max-width: 1280px) 100vw, 1280px\" \/><\/p>\n<hr \/>\n<p><em>Comunica\u00e7\u00e3o da Prov\u00edncia da Imaculada Concei\u00e7\u00e3o<\/em><\/p>\n","protected":false},"excerpt":{"rendered":"<p>Romaria dos Adolescentes<\/p>\n","protected":false},"author":3,"featured_media":237487,"comment_status":"open","ping_status":"open","sticky":false,"template":"","format":"standard","meta":[],"categories":[1],"tags":[1999],"acf":[],"yoast_head":"<!-- This site is optimized with the Yoast SEO plugin v19.2 - https:\/\/yoast.com\/wordpress\/plugins\/seo\/ -->\n<title>A alegria dos adolescentes e jovens volta ao Campinho da Penha - Not\u00edcias - Franciscanos<\/title>\n<meta name=\"robots\" content=\"index, follow, max-snippet:-1, max-image-preview:large, max-video-preview:-1\" \/>\n<link rel=\"canonical\" href=\"https:\/\/franciscanos.org.br\/noticias\/a-alegria-dos-adolescentes-e-jovens-volta-ao-campinho-da-penha.html\" \/>\n<meta property=\"og:locale\" content=\"pt_BR\" \/>\n<meta property=\"og:type\" content=\"article\" \/>\n<meta property=\"og:title\" content=\"A alegria dos adolescentes e jovens volta ao Campinho da Penha - Not\u00edcias - Franciscanos\" \/>\n<meta property=\"og:description\" content=\"Romaria dos Adolescentes\" \/>\n<meta property=\"og:url\" content=\"https:\/\/franciscanos.org.br\/noticias\/a-alegria-dos-adolescentes-e-jovens-volta-ao-campinho-da-penha.html\" \/>\n<meta property=\"og:site_name\" content=\"Not\u00edcias - Franciscanos\" \/>\n<meta property=\"article:published_time\" content=\"2022-04-23T18:45:19+00:00\" \/>\n<meta property=\"article:modified_time\" content=\"2023-01-03T17:09:35+00:00\" \/>\n<meta property=\"og:image\" content=\"https:\/\/franciscanos.org.br\/noticias\/wp-content\/uploads\/2022\/04\/adolescentes_03.jpg\" \/>\n\t<meta property=\"og:image:width\" content=\"1280\" \/>\n\t<meta property=\"og:image:height\" content=\"720\" \/>\n\t<meta property=\"og:image:type\" content=\"image\/jpeg\" \/>\n<meta name=\"author\" content=\"moacir\" \/>\n<meta name=\"twitter:card\" content=\"summary_large_image\" \/>\n<meta name=\"twitter:label1\" content=\"Escrito por\" \/>\n\t<meta name=\"twitter:data1\" content=\"moacir\" \/>\n\t<meta name=\"twitter:label2\" content=\"Est. tempo de leitura\" \/>\n\t<meta name=\"twitter:data2\" content=\"2 minutos\" \/>\n<script type=\"application\/ld+json\" class=\"yoast-schema-graph\">{\"@context\":\"https:\/\/schema.org\",\"@graph\":[{\"@type\":\"WebSite\",\"@id\":\"https:\/\/franciscanos.org.br\/noticias\/#website\",\"url\":\"https:\/\/franciscanos.org.br\/noticias\/\",\"name\":\"Not\u00edcias - Franciscanos\",\"description\":\"Prov\u00edncia Franciscana da Imaculada Concei\u00e7\u00e3o do Brasil - Ordem dos Frades Menores - OFM\",\"potentialAction\":[{\"@type\":\"SearchAction\",\"target\":{\"@type\":\"EntryPoint\",\"urlTemplate\":\"https:\/\/franciscanos.org.br\/noticias\/?s={search_term_string}\"},\"query-input\":\"required name=search_term_string\"}],\"inLanguage\":\"pt-BR\"},{\"@type\":\"ImageObject\",\"inLanguage\":\"pt-BR\",\"@id\":\"https:\/\/franciscanos.org.br\/noticias\/a-alegria-dos-adolescentes-e-jovens-volta-ao-campinho-da-penha.html#primaryimage\",\"url\":\"https:\/\/franciscanos.org.br\/noticias\/wp-content\/uploads\/2022\/04\/adolescentes_03.jpg\",\"contentUrl\":\"https:\/\/franciscanos.org.br\/noticias\/wp-content\/uploads\/2022\/04\/adolescentes_03.jpg\",\"width\":1280,\"height\":720},{\"@type\":\"WebPage\",\"@id\":\"https:\/\/franciscanos.org.br\/noticias\/a-alegria-dos-adolescentes-e-jovens-volta-ao-campinho-da-penha.html#webpage\",\"url\":\"https:\/\/franciscanos.org.br\/noticias\/a-alegria-dos-adolescentes-e-jovens-volta-ao-campinho-da-penha.html\",\"name\":\"A alegria dos adolescentes e jovens volta ao Campinho da Penha - Not\u00edcias - Franciscanos\",\"isPartOf\":{\"@id\":\"https:\/\/franciscanos.org.br\/noticias\/#website\"},\"primaryImageOfPage\":{\"@id\":\"https:\/\/franciscanos.org.br\/noticias\/a-alegria-dos-adolescentes-e-jovens-volta-ao-campinho-da-penha.html#primaryimage\"},\"datePublished\":\"2022-04-23T18:45:19+00:00\",\"dateModified\":\"2023-01-03T17:09:35+00:00\",\"author\":{\"@id\":\"https:\/\/franciscanos.org.br\/noticias\/#\/schema\/person\/b5c8cba458c330ccff548b056e95a5d4\"},\"breadcrumb\":{\"@id\":\"https:\/\/franciscanos.org.br\/noticias\/a-alegria-dos-adolescentes-e-jovens-volta-ao-campinho-da-penha.html#breadcrumb\"},\"inLanguage\":\"pt-BR\",\"potentialAction\":[{\"@type\":\"ReadAction\",\"target\":[\"https:\/\/franciscanos.org.br\/noticias\/a-alegria-dos-adolescentes-e-jovens-volta-ao-campinho-da-penha.html\"]}]},{\"@type\":\"BreadcrumbList\",\"@id\":\"https:\/\/franciscanos.org.br\/noticias\/a-alegria-dos-adolescentes-e-jovens-volta-ao-campinho-da-penha.html#breadcrumb\",\"itemListElement\":[{\"@type\":\"ListItem\",\"position\":1,\"name\":\"Home\",\"item\":\"https:\/\/franciscanos.org.br\/noticias\"},{\"@type\":\"ListItem\",\"position\":2,\"name\":\"A alegria dos adolescentes e jovens volta ao Campinho da Penha\"}]},{\"@type\":\"Person\",\"@id\":\"https:\/\/franciscanos.org.br\/noticias\/#\/schema\/person\/b5c8cba458c330ccff548b056e95a5d4\",\"name\":\"moacir\",\"image\":{\"@type\":\"ImageObject\",\"inLanguage\":\"pt-BR\",\"@id\":\"https:\/\/franciscanos.org.br\/noticias\/#\/schema\/person\/image\/\",\"url\":\"https:\/\/secure.gravatar.com\/avatar\/d08aa2ce4c8dd416d4479aa8536fcf64?s=96&d=mm&r=g\",\"contentUrl\":\"https:\/\/secure.gravatar.com\/avatar\/d08aa2ce4c8dd416d4479aa8536fcf64?s=96&d=mm&r=g\",\"caption\":\"moacir\"},\"url\":\"https:\/\/franciscanos.org.br\/noticias\/author\/moacir\"}]}<\/script>\n<!-- \/ Yoast SEO plugin. -->","yoast_head_json":{"title":"A alegria dos adolescentes e jovens volta ao Campinho da Penha - Not\u00edcias - Franciscanos","robots":{"index":"index","follow":"follow","max-snippet":"max-snippet:-1","max-image-preview":"max-image-preview:large","max-video-preview":"max-video-preview:-1"},"canonical":"https:\/\/franciscanos.org.br\/noticias\/a-alegria-dos-adolescentes-e-jovens-volta-ao-campinho-da-penha.html","og_locale":"pt_BR","og_type":"article","og_title":"A alegria dos adolescentes e jovens volta ao Campinho da Penha - Not\u00edcias - Franciscanos","og_description":"Romaria dos Adolescentes","og_url":"https:\/\/franciscanos.org.br\/noticias\/a-alegria-dos-adolescentes-e-jovens-volta-ao-campinho-da-penha.html","og_site_name":"Not\u00edcias - Franciscanos","article_published_time":"2022-04-23T18:45:19+00:00","article_modified_time":"2023-01-03T17:09:35+00:00","og_image":[{"width":1280,"height":720,"url":"https:\/\/franciscanos.org.br\/noticias\/wp-content\/uploads\/2022\/04\/adolescentes_03.jpg","type":"image\/jpeg"}],"author":"moacir","twitter_card":"summary_large_image","twitter_misc":{"Escrito por":"moacir","Est. tempo de leitura":"2 minutos"},"schema":{"@context":"https:\/\/schema.org","@graph":[{"@type":"WebSite","@id":"https:\/\/franciscanos.org.br\/noticias\/#website","url":"https:\/\/franciscanos.org.br\/noticias\/","name":"Not\u00edcias - Franciscanos","description":"Prov\u00edncia Franciscana da Imaculada Concei\u00e7\u00e3o do Brasil - Ordem dos Frades Menores - OFM","potentialAction":[{"@type":"SearchAction","target":{"@type":"EntryPoint","urlTemplate":"https:\/\/franciscanos.org.br\/noticias\/?s={search_term_string}"},"query-input":"required name=search_term_string"}],"inLanguage":"pt-BR"},{"@type":"ImageObject","inLanguage":"pt-BR","@id":"https:\/\/franciscanos.org.br\/noticias\/a-alegria-dos-adolescentes-e-jovens-volta-ao-campinho-da-penha.html#primaryimage","url":"https:\/\/franciscanos.org.br\/noticias\/wp-content\/uploads\/2022\/04\/adolescentes_03.jpg","contentUrl":"https:\/\/franciscanos.org.br\/noticias\/wp-content\/uploads\/2022\/04\/adolescentes_03.jpg","width":1280,"height":720},{"@type":"WebPage","@id":"https:\/\/franciscanos.org.br\/noticias\/a-alegria-dos-adolescentes-e-jovens-volta-ao-campinho-da-penha.html#webpage","url":"https:\/\/franciscanos.org.br\/noticias\/a-alegria-dos-adolescentes-e-jovens-volta-ao-campinho-da-penha.html","name":"A alegria dos adolescentes e jovens volta ao Campinho da Penha - Not\u00edcias - Franciscanos","isPartOf":{"@id":"https:\/\/franciscanos.org.br\/noticias\/#website"},"primaryImageOfPage":{"@id":"https:\/\/franciscanos.org.br\/noticias\/a-alegria-dos-adolescentes-e-jovens-volta-ao-campinho-da-penha.html#primaryimage"},"datePublished":"2022-04-23T18:45:19+00:00","dateModified":"2023-01-03T17:09:35+00:00","author":{"@id":"https:\/\/franciscanos.org.br\/noticias\/#\/schema\/person\/b5c8cba458c330ccff548b056e95a5d4"},"breadcrumb":{"@id":"https:\/\/franciscanos.org.br\/noticias\/a-alegria-dos-adolescentes-e-jovens-volta-ao-campinho-da-penha.html#breadcrumb"},"inLanguage":"pt-BR","potentialAction":[{"@type":"ReadAction","target":["https:\/\/franciscanos.org.br\/noticias\/a-alegria-dos-adolescentes-e-jovens-volta-ao-campinho-da-penha.html"]}]},{"@type":"BreadcrumbList","@id":"https:\/\/franciscanos.org.br\/noticias\/a-alegria-dos-adolescentes-e-jovens-volta-ao-campinho-da-penha.html#breadcrumb","itemListElement":[{"@type":"ListItem","position":1,"name":"Home","item":"https:\/\/franciscanos.org.br\/noticias"},{"@type":"ListItem","position":2,"name":"A alegria dos adolescentes e jovens volta ao Campinho da Penha"}]},{"@type":"Person","@id":"https:\/\/franciscanos.org.br\/noticias\/#\/schema\/person\/b5c8cba458c330ccff548b056e95a5d4","name":"moacir","image":{"@type":"ImageObject","inLanguage":"pt-BR","@id":"https:\/\/franciscanos.org.br\/noticias\/#\/schema\/person\/image\/","url":"https:\/\/secure.gravatar.com\/avatar\/d08aa2ce4c8dd416d4479aa8536fcf64?s=96&d=mm&r=g","contentUrl":"https:\/\/secure.gravatar.com\/avatar\/d08aa2ce4c8dd416d4479aa8536fcf64?s=96&d=mm&r=g","caption":"moacir"},"url":"https:\/\/franciscanos.org.br\/noticias\/author\/moacir"}]}},"_links":{"self":[{"href":"https:\/\/franciscanos.org.br\/noticias\/wp-json\/wp\/v2\/posts\/237486"}],"collection":[{"href":"https:\/\/franciscanos.org.br\/noticias\/wp-json\/wp\/v2\/posts"}],"about":[{"href":"https:\/\/franciscanos.org.br\/noticias\/wp-json\/wp\/v2\/types\/post"}],"author":[{"embeddable":true,"href":"https:\/\/franciscanos.org.br\/noticias\/wp-json\/wp\/v2\/users\/3"}],"replies":[{"embeddable":true,"href":"https:\/\/franciscanos.org.br\/noticias\/wp-json\/wp\/v2\/comments?post=237486"}],"version-history":[{"count":4,"href":"https:\/\/franciscanos.org.br\/noticias\/wp-json\/wp\/v2\/posts\/237486\/revisions"}],"predecessor-version":[{"id":241525,"href":"https:\/\/franciscanos.org.br\/noticias\/wp-json\/wp\/v2\/posts\/237486\/revisions\/241525"}],"wp:featuredmedia":[{"embeddable":true,"href":"https:\/\/franciscanos.org.br\/noticias\/wp-json\/wp\/v2\/media\/237487"}],"wp:attachment":[{"href":"https:\/\/franciscanos.org.br\/noticias\/wp-json\/wp\/v2\/media?parent=237486"}],"wp:term":[{"taxonomy":"category","embeddable":true,"href":"https:\/\/franciscanos.org.br\/noticias\/wp-json\/wp\/v2\/categories?post=237486"},{"taxonomy":"post_tag","embeddable":true,"href":"https:\/\/franciscanos.org.br\/noticias\/wp-json\/wp\/v2\/tags?post=237486"}],"curies":[{"name":"wp","href":"https:\/\/api.w.org\/{rel}","templated":true}]}}