{"id":237478,"date":"2022-04-23T14:57:15","date_gmt":"2022-04-23T17:57:15","guid":{"rendered":"https:\/\/franciscanos.org.br\/noticias\/?p=237478"},"modified":"2023-01-03T14:10:55","modified_gmt":"2023-01-03T17:10:55","slug":"romariamateus","status":"publish","type":"post","link":"https:\/\/franciscanos.org.br\/noticias\/romariamateus.html","title":{"rendered":"Romaria de S\u00e3o Mateus vem do Norte capixaba"},"content":{"rendered":"<p><img loading=\"lazy\" class=\"alignnone wp-image-237479 size-full\" src=\"https:\/\/franciscanos.org.br\/noticias\/wp-content\/uploads\/2022\/04\/mateus_2304_2.jpg\" alt=\"\" width=\"1280\" height=\"757\" srcset=\"https:\/\/franciscanos.org.br\/noticias\/wp-content\/uploads\/2022\/04\/mateus_2304_2.jpg 1280w, https:\/\/franciscanos.org.br\/noticias\/wp-content\/uploads\/2022\/04\/mateus_2304_2-450x266.jpg 450w, https:\/\/franciscanos.org.br\/noticias\/wp-content\/uploads\/2022\/04\/mateus_2304_2-1024x606.jpg 1024w, https:\/\/franciscanos.org.br\/noticias\/wp-content\/uploads\/2022\/04\/mateus_2304_2-768x454.jpg 768w, https:\/\/franciscanos.org.br\/noticias\/wp-content\/uploads\/2022\/04\/mateus_2304_2-150x89.jpg 150w\" sizes=\"(max-width: 1280px) 100vw, 1280px\" \/><br \/>\nNa madrugada deste s\u00e1bado, 23 de abril, a alegria da Ressurrei\u00e7\u00e3o tomou conta de um povo devoto e religioso do Norte do Esp\u00edrito Santo. O munic\u00edpio de S\u00e3o Mateus lotou cerca de 40 \u00f4nibus e, com a condu\u00e7\u00e3o do seu pastor, o bispo Dom Paulo Bosi Dal&#8217;B\u00f3, chegaram logo cedo a Vila Velha para prestar a homenagem a Nossa Senhora da Penha. Outro grande n\u00famero de romeiros veio em seus carros. Todos foram acolhidos pelo guardi\u00e3o Frei Djalmo Fuck em nome do Convento da Penha e dos franciscanos da Prov\u00edncia da Imaculada Concei\u00e7\u00e3o.<\/p>\n<p>Muitos romeiros ficaram acordados porque alguns \u00f4nibus deixaram S\u00e3o Mateus a 1 ou 2 horas da madrugada. O bispo representa 710 comunidades e 20 par\u00f3quias, divididas em quatro foranias: Capixaba, Praiana, Mineira e Baiana.<\/p>\n<p>Segundo o bispo, uma das maiores festas de devo\u00e7\u00e3o popular est\u00e1 de volta depois de dois anos em que ficamos um pouco travados, sem a experi\u00eancia desse encontro que diversos romeiros v\u00eam dos mais diversos lugares al\u00e9m do nosso Estado do Esp\u00edrito Santo. &#8220;Voltar aqui hoje \u00e9 de fato agradecer a Deus. Deus seja louvado por esse retorno&#8221;, disse.<\/p>\n<p><img loading=\"lazy\" class=\"alignnone wp-image-237480 size-full\" src=\"https:\/\/franciscanos.org.br\/noticias\/wp-content\/uploads\/2022\/04\/mateus_2304.jpg\" alt=\"\" width=\"1280\" height=\"720\" srcset=\"https:\/\/franciscanos.org.br\/noticias\/wp-content\/uploads\/2022\/04\/mateus_2304.jpg 1280w, https:\/\/franciscanos.org.br\/noticias\/wp-content\/uploads\/2022\/04\/mateus_2304-450x253.jpg 450w, https:\/\/franciscanos.org.br\/noticias\/wp-content\/uploads\/2022\/04\/mateus_2304-1024x576.jpg 1024w, https:\/\/franciscanos.org.br\/noticias\/wp-content\/uploads\/2022\/04\/mateus_2304-768x432.jpg 768w, https:\/\/franciscanos.org.br\/noticias\/wp-content\/uploads\/2022\/04\/mateus_2304-150x84.jpg 150w\" sizes=\"(max-width: 1280px) 100vw, 1280px\" \/><\/p>\n<p>&#8220;N\u00f3s viemos aos p\u00e9s da Virgem M\u00e3e para agradecer e buscar for\u00e7as para a Igreja depois desse tempo de pandemia. Que ela volte mais refor\u00e7ada ainda, mais fervorosa na f\u00e9, mais comprometida com a vida. Hoje somos convidados \u00e0 luz de Cristo buscar essa for\u00e7a&#8221;, emendou o bispo.<\/p>\n<p>Dom Paulo lembrou que houve o tempo da pandemia para ficar em casa, mas agora \u00e9 hora de voltar ao templo com os devidos cuidados, para a viv\u00eancia comunit\u00e1ria e a experi\u00eancia pascal do Cristo Ressuscitado. &#8220;O que est\u00e1 chamando a aten\u00e7\u00e3o do bispo e dos presb\u00edteros neste cen\u00e1rio pand\u00eamico ou p\u00f3s-pand\u00eamico \u00e9 que quem est\u00e1 retornando ao templo de uma forma mais expressiva s\u00e3o os idosos. E isso nos preocupa&#8221;, alertou o bispo.<\/p>\n<p>&#8220;Jesus vem a n\u00f3s a cada dia e quer se deixar encontrar no pr\u00f3ximo, na Eucaristia e na Palavra. Tamb\u00e9m na vida de ora\u00e7\u00e3o cotidiana. Todos n\u00f3s podemos fazer a experi\u00eancia de f\u00e9 com Jesus vivo. E assim tamb\u00e9m queremos anunciar o Evangelho. A f\u00e9 abre os nossos ouvidos para escutar Jesus, que est\u00e1 muito pr\u00f3ximo de n\u00f3s. Nos traz a paz e sopra sobre n\u00f3s o Esp\u00edrito Santo&#8221;, observou.<\/p>\n<p><img loading=\"lazy\" class=\"alignnone wp-image-237481 size-full\" src=\"https:\/\/franciscanos.org.br\/noticias\/wp-content\/uploads\/2022\/04\/mateus_2304_1.jpg\" alt=\"\" width=\"1280\" height=\"960\" srcset=\"https:\/\/franciscanos.org.br\/noticias\/wp-content\/uploads\/2022\/04\/mateus_2304_1.jpg 1280w, https:\/\/franciscanos.org.br\/noticias\/wp-content\/uploads\/2022\/04\/mateus_2304_1-450x338.jpg 450w, https:\/\/franciscanos.org.br\/noticias\/wp-content\/uploads\/2022\/04\/mateus_2304_1-1024x768.jpg 1024w, https:\/\/franciscanos.org.br\/noticias\/wp-content\/uploads\/2022\/04\/mateus_2304_1-768x576.jpg 768w, https:\/\/franciscanos.org.br\/noticias\/wp-content\/uploads\/2022\/04\/mateus_2304_1-150x113.jpg 150w, https:\/\/franciscanos.org.br\/noticias\/wp-content\/uploads\/2022\/04\/mateus_2304_1-600x450.jpg 600w\" sizes=\"(max-width: 1280px) 100vw, 1280px\" \/><\/p>\n<p>&#8220;Muitos clamores, muitos milagres, que dirigimos ao Pai n\u00e3o acontecem porque nossa f\u00e9 n\u00e3o \u00e9 aut\u00eantica. A f\u00e9 n\u00e3o pode ficar em cima do muro. Ou a gente tem f\u00e9, acredita, ou n\u00e3o temos f\u00e9. \u00c9 preciso acreditar&#8221;, pediu.<\/p>\n<p>O guardi\u00e3o do Convento da Penha, Djalmo Fuck agradeceu ao bispo, ao clero, seminaristas e o povo da Diocese que vieram para esta celebra\u00e7\u00e3o. \u201cMuito obrigado pela presen\u00e7a de voc\u00eas\u201d, disse o guardi\u00e3o.<\/p>\n<p>Dom Paulo cantou &#8220;Miseric\u00f3rdia&#8221; no encerramento da Missa. Dom Paulo \u00e9 compositor e escritor. Em suas obras destacam-se o livro \u201cEstar de bem com a vida\u201d \u2013 Editora Flor &amp; Cultura, Tr\u00eas CDs: Cantando com o jovem, Meu Profeta, Vida, Sonhos e Can\u00e7\u00f5es, e muitas outras composi\u00e7\u00f5es a servi\u00e7o da Igreja (todas de sua autoria).<\/p>\n<p>A Diocese de S\u00e3o Mateus foi criada em 16 de fevereiro de 1958 pelo Papa Pio XII, com territ\u00f3rio desmembrado da ent\u00e3o Diocese do Esp\u00edrito Santo, hoje Arquidiocese de Vit\u00f3ria.<\/p>\n<hr \/>\n<p><em>Comunica\u00e7\u00e3o da Prov\u00edncia da Imaculada Concei\u00e7\u00e3o<\/em><\/p>\n","protected":false},"excerpt":{"rendered":"<p>Festa da Penha 2022<\/p>\n","protected":false},"author":3,"featured_media":237479,"comment_status":"open","ping_status":"open","sticky":false,"template":"","format":"standard","meta":[],"categories":[1],"tags":[1999],"acf":[],"yoast_head":"<!-- This site is optimized with the Yoast SEO plugin v19.2 - https:\/\/yoast.com\/wordpress\/plugins\/seo\/ -->\n<title>Romaria de S\u00e3o Mateus vem do Norte capixaba - Not\u00edcias - Franciscanos<\/title>\n<meta name=\"robots\" content=\"index, follow, max-snippet:-1, max-image-preview:large, max-video-preview:-1\" \/>\n<link rel=\"canonical\" href=\"https:\/\/franciscanos.org.br\/noticias\/romariamateus.html\" \/>\n<meta property=\"og:locale\" content=\"pt_BR\" \/>\n<meta property=\"og:type\" content=\"article\" \/>\n<meta property=\"og:title\" content=\"Romaria de S\u00e3o Mateus vem do Norte capixaba - Not\u00edcias - Franciscanos\" \/>\n<meta property=\"og:description\" content=\"Festa da Penha 2022\" \/>\n<meta property=\"og:url\" content=\"https:\/\/franciscanos.org.br\/noticias\/romariamateus.html\" \/>\n<meta property=\"og:site_name\" content=\"Not\u00edcias - Franciscanos\" \/>\n<meta property=\"article:published_time\" content=\"2022-04-23T17:57:15+00:00\" \/>\n<meta property=\"article:modified_time\" content=\"2023-01-03T17:10:55+00:00\" \/>\n<meta property=\"og:image\" content=\"https:\/\/franciscanos.org.br\/noticias\/wp-content\/uploads\/2022\/04\/mateus_2304_2.jpg\" \/>\n\t<meta property=\"og:image:width\" content=\"1280\" \/>\n\t<meta property=\"og:image:height\" content=\"757\" \/>\n\t<meta property=\"og:image:type\" content=\"image\/jpeg\" \/>\n<meta name=\"author\" content=\"moacir\" \/>\n<meta name=\"twitter:card\" content=\"summary_large_image\" \/>\n<meta name=\"twitter:label1\" content=\"Escrito por\" \/>\n\t<meta name=\"twitter:data1\" content=\"moacir\" \/>\n\t<meta name=\"twitter:label2\" content=\"Est. tempo de leitura\" \/>\n\t<meta name=\"twitter:data2\" content=\"3 minutos\" \/>\n<script type=\"application\/ld+json\" class=\"yoast-schema-graph\">{\"@context\":\"https:\/\/schema.org\",\"@graph\":[{\"@type\":\"WebSite\",\"@id\":\"https:\/\/franciscanos.org.br\/noticias\/#website\",\"url\":\"https:\/\/franciscanos.org.br\/noticias\/\",\"name\":\"Not\u00edcias - Franciscanos\",\"description\":\"Prov\u00edncia Franciscana da Imaculada Concei\u00e7\u00e3o do Brasil - Ordem dos Frades Menores - OFM\",\"potentialAction\":[{\"@type\":\"SearchAction\",\"target\":{\"@type\":\"EntryPoint\",\"urlTemplate\":\"https:\/\/franciscanos.org.br\/noticias\/?s={search_term_string}\"},\"query-input\":\"required name=search_term_string\"}],\"inLanguage\":\"pt-BR\"},{\"@type\":\"ImageObject\",\"inLanguage\":\"pt-BR\",\"@id\":\"https:\/\/franciscanos.org.br\/noticias\/romariamateus.html#primaryimage\",\"url\":\"https:\/\/franciscanos.org.br\/noticias\/wp-content\/uploads\/2022\/04\/mateus_2304_2.jpg\",\"contentUrl\":\"https:\/\/franciscanos.org.br\/noticias\/wp-content\/uploads\/2022\/04\/mateus_2304_2.jpg\",\"width\":1280,\"height\":757},{\"@type\":\"WebPage\",\"@id\":\"https:\/\/franciscanos.org.br\/noticias\/romariamateus.html#webpage\",\"url\":\"https:\/\/franciscanos.org.br\/noticias\/romariamateus.html\",\"name\":\"Romaria de S\u00e3o Mateus vem do Norte capixaba - Not\u00edcias - Franciscanos\",\"isPartOf\":{\"@id\":\"https:\/\/franciscanos.org.br\/noticias\/#website\"},\"primaryImageOfPage\":{\"@id\":\"https:\/\/franciscanos.org.br\/noticias\/romariamateus.html#primaryimage\"},\"datePublished\":\"2022-04-23T17:57:15+00:00\",\"dateModified\":\"2023-01-03T17:10:55+00:00\",\"author\":{\"@id\":\"https:\/\/franciscanos.org.br\/noticias\/#\/schema\/person\/b5c8cba458c330ccff548b056e95a5d4\"},\"breadcrumb\":{\"@id\":\"https:\/\/franciscanos.org.br\/noticias\/romariamateus.html#breadcrumb\"},\"inLanguage\":\"pt-BR\",\"potentialAction\":[{\"@type\":\"ReadAction\",\"target\":[\"https:\/\/franciscanos.org.br\/noticias\/romariamateus.html\"]}]},{\"@type\":\"BreadcrumbList\",\"@id\":\"https:\/\/franciscanos.org.br\/noticias\/romariamateus.html#breadcrumb\",\"itemListElement\":[{\"@type\":\"ListItem\",\"position\":1,\"name\":\"Home\",\"item\":\"https:\/\/franciscanos.org.br\/noticias\"},{\"@type\":\"ListItem\",\"position\":2,\"name\":\"Romaria de S\u00e3o Mateus vem do Norte capixaba\"}]},{\"@type\":\"Person\",\"@id\":\"https:\/\/franciscanos.org.br\/noticias\/#\/schema\/person\/b5c8cba458c330ccff548b056e95a5d4\",\"name\":\"moacir\",\"image\":{\"@type\":\"ImageObject\",\"inLanguage\":\"pt-BR\",\"@id\":\"https:\/\/franciscanos.org.br\/noticias\/#\/schema\/person\/image\/\",\"url\":\"https:\/\/secure.gravatar.com\/avatar\/d08aa2ce4c8dd416d4479aa8536fcf64?s=96&d=mm&r=g\",\"contentUrl\":\"https:\/\/secure.gravatar.com\/avatar\/d08aa2ce4c8dd416d4479aa8536fcf64?s=96&d=mm&r=g\",\"caption\":\"moacir\"},\"url\":\"https:\/\/franciscanos.org.br\/noticias\/author\/moacir\"}]}<\/script>\n<!-- \/ Yoast SEO plugin. -->","yoast_head_json":{"title":"Romaria de S\u00e3o Mateus vem do Norte capixaba - Not\u00edcias - Franciscanos","robots":{"index":"index","follow":"follow","max-snippet":"max-snippet:-1","max-image-preview":"max-image-preview:large","max-video-preview":"max-video-preview:-1"},"canonical":"https:\/\/franciscanos.org.br\/noticias\/romariamateus.html","og_locale":"pt_BR","og_type":"article","og_title":"Romaria de S\u00e3o Mateus vem do Norte capixaba - Not\u00edcias - Franciscanos","og_description":"Festa da Penha 2022","og_url":"https:\/\/franciscanos.org.br\/noticias\/romariamateus.html","og_site_name":"Not\u00edcias - Franciscanos","article_published_time":"2022-04-23T17:57:15+00:00","article_modified_time":"2023-01-03T17:10:55+00:00","og_image":[{"width":1280,"height":757,"url":"https:\/\/franciscanos.org.br\/noticias\/wp-content\/uploads\/2022\/04\/mateus_2304_2.jpg","type":"image\/jpeg"}],"author":"moacir","twitter_card":"summary_large_image","twitter_misc":{"Escrito por":"moacir","Est. tempo de leitura":"3 minutos"},"schema":{"@context":"https:\/\/schema.org","@graph":[{"@type":"WebSite","@id":"https:\/\/franciscanos.org.br\/noticias\/#website","url":"https:\/\/franciscanos.org.br\/noticias\/","name":"Not\u00edcias - Franciscanos","description":"Prov\u00edncia Franciscana da Imaculada Concei\u00e7\u00e3o do Brasil - Ordem dos Frades Menores - OFM","potentialAction":[{"@type":"SearchAction","target":{"@type":"EntryPoint","urlTemplate":"https:\/\/franciscanos.org.br\/noticias\/?s={search_term_string}"},"query-input":"required name=search_term_string"}],"inLanguage":"pt-BR"},{"@type":"ImageObject","inLanguage":"pt-BR","@id":"https:\/\/franciscanos.org.br\/noticias\/romariamateus.html#primaryimage","url":"https:\/\/franciscanos.org.br\/noticias\/wp-content\/uploads\/2022\/04\/mateus_2304_2.jpg","contentUrl":"https:\/\/franciscanos.org.br\/noticias\/wp-content\/uploads\/2022\/04\/mateus_2304_2.jpg","width":1280,"height":757},{"@type":"WebPage","@id":"https:\/\/franciscanos.org.br\/noticias\/romariamateus.html#webpage","url":"https:\/\/franciscanos.org.br\/noticias\/romariamateus.html","name":"Romaria de S\u00e3o Mateus vem do Norte capixaba - Not\u00edcias - Franciscanos","isPartOf":{"@id":"https:\/\/franciscanos.org.br\/noticias\/#website"},"primaryImageOfPage":{"@id":"https:\/\/franciscanos.org.br\/noticias\/romariamateus.html#primaryimage"},"datePublished":"2022-04-23T17:57:15+00:00","dateModified":"2023-01-03T17:10:55+00:00","author":{"@id":"https:\/\/franciscanos.org.br\/noticias\/#\/schema\/person\/b5c8cba458c330ccff548b056e95a5d4"},"breadcrumb":{"@id":"https:\/\/franciscanos.org.br\/noticias\/romariamateus.html#breadcrumb"},"inLanguage":"pt-BR","potentialAction":[{"@type":"ReadAction","target":["https:\/\/franciscanos.org.br\/noticias\/romariamateus.html"]}]},{"@type":"BreadcrumbList","@id":"https:\/\/franciscanos.org.br\/noticias\/romariamateus.html#breadcrumb","itemListElement":[{"@type":"ListItem","position":1,"name":"Home","item":"https:\/\/franciscanos.org.br\/noticias"},{"@type":"ListItem","position":2,"name":"Romaria de S\u00e3o Mateus vem do Norte capixaba"}]},{"@type":"Person","@id":"https:\/\/franciscanos.org.br\/noticias\/#\/schema\/person\/b5c8cba458c330ccff548b056e95a5d4","name":"moacir","image":{"@type":"ImageObject","inLanguage":"pt-BR","@id":"https:\/\/franciscanos.org.br\/noticias\/#\/schema\/person\/image\/","url":"https:\/\/secure.gravatar.com\/avatar\/d08aa2ce4c8dd416d4479aa8536fcf64?s=96&d=mm&r=g","contentUrl":"https:\/\/secure.gravatar.com\/avatar\/d08aa2ce4c8dd416d4479aa8536fcf64?s=96&d=mm&r=g","caption":"moacir"},"url":"https:\/\/franciscanos.org.br\/noticias\/author\/moacir"}]}},"_links":{"self":[{"href":"https:\/\/franciscanos.org.br\/noticias\/wp-json\/wp\/v2\/posts\/237478"}],"collection":[{"href":"https:\/\/franciscanos.org.br\/noticias\/wp-json\/wp\/v2\/posts"}],"about":[{"href":"https:\/\/franciscanos.org.br\/noticias\/wp-json\/wp\/v2\/types\/post"}],"author":[{"embeddable":true,"href":"https:\/\/franciscanos.org.br\/noticias\/wp-json\/wp\/v2\/users\/3"}],"replies":[{"embeddable":true,"href":"https:\/\/franciscanos.org.br\/noticias\/wp-json\/wp\/v2\/comments?post=237478"}],"version-history":[{"count":5,"href":"https:\/\/franciscanos.org.br\/noticias\/wp-json\/wp\/v2\/posts\/237478\/revisions"}],"predecessor-version":[{"id":241526,"href":"https:\/\/franciscanos.org.br\/noticias\/wp-json\/wp\/v2\/posts\/237478\/revisions\/241526"}],"wp:featuredmedia":[{"embeddable":true,"href":"https:\/\/franciscanos.org.br\/noticias\/wp-json\/wp\/v2\/media\/237479"}],"wp:attachment":[{"href":"https:\/\/franciscanos.org.br\/noticias\/wp-json\/wp\/v2\/media?parent=237478"}],"wp:term":[{"taxonomy":"category","embeddable":true,"href":"https:\/\/franciscanos.org.br\/noticias\/wp-json\/wp\/v2\/categories?post=237478"},{"taxonomy":"post_tag","embeddable":true,"href":"https:\/\/franciscanos.org.br\/noticias\/wp-json\/wp\/v2\/tags?post=237478"}],"curies":[{"name":"wp","href":"https:\/\/api.w.org\/{rel}","templated":true}]}}