{"id":237467,"date":"2022-04-23T13:56:41","date_gmt":"2022-04-23T16:56:41","guid":{"rendered":"https:\/\/franciscanos.org.br\/noticias\/?p=237467"},"modified":"2023-01-03T14:11:40","modified_gmt":"2023-01-03T17:11:40","slug":"romaria-das-pessoas-com-deficiencia-chega-a-15a-edicao","status":"publish","type":"post","link":"https:\/\/franciscanos.org.br\/noticias\/romaria-das-pessoas-com-deficiencia-chega-a-15a-edicao.html","title":{"rendered":"Romaria das Pessoas com Defici\u00eancia chega \u00e0 15\u00aa edi\u00e7\u00e3o"},"content":{"rendered":"<p><img loading=\"lazy\" class=\"alignnone wp-image-237468 size-full\" src=\"https:\/\/franciscanos.org.br\/noticias\/wp-content\/uploads\/2022\/04\/romariadeficientes_2304_1.jpg\" alt=\"\" width=\"1280\" height=\"763\" srcset=\"https:\/\/franciscanos.org.br\/noticias\/wp-content\/uploads\/2022\/04\/romariadeficientes_2304_1.jpg 1280w, https:\/\/franciscanos.org.br\/noticias\/wp-content\/uploads\/2022\/04\/romariadeficientes_2304_1-450x268.jpg 450w, https:\/\/franciscanos.org.br\/noticias\/wp-content\/uploads\/2022\/04\/romariadeficientes_2304_1-1024x610.jpg 1024w, https:\/\/franciscanos.org.br\/noticias\/wp-content\/uploads\/2022\/04\/romariadeficientes_2304_1-768x458.jpg 768w, https:\/\/franciscanos.org.br\/noticias\/wp-content\/uploads\/2022\/04\/romariadeficientes_2304_1-150x89.jpg 150w\" sizes=\"(max-width: 1280px) 100vw, 1280px\" \/><br \/>\nA Festa da Penha, como espa\u00e7o de manifesta\u00e7\u00e3o da f\u00e9 e da devo\u00e7\u00e3o do povo capixaba, acolheu mais uma vez a Romaria das Pessoas com Defici\u00eancia. Realizado desde o ano de 2006, o ato re\u00fane diversas institui\u00e7\u00f5es de aten\u00e7\u00e3o e apoio aos deficientes e seus familiares da capital Vit\u00f3ria, de Vila Velha e de outras cidades do Estado. Depois de dois anos de edi\u00e7\u00f5es virtuais, a Romaria p\u00f4de ser realizada pela 15\u00aa vez, resgatando a sua relev\u00e2ncia para a garantia de direitos e sendo um grito contra preconceitos.<\/p>\n<p>A concentra\u00e7\u00e3o, neste s\u00e1bado, 23 de abril, ocorreu na Pra\u00e7a Duque de Caxias, no Centro de Vila Velha, de onde os participantes percorreram a dist\u00e2ncia de 01 quil\u00f4metro, at\u00e9 chegar em frente \u00e0 Igreja do Ros\u00e1rio, onde foram acolhidos por Frei Gustavo Medella e pela equipe de volunt\u00e1rios da Romaria.<\/p>\n<p>Chegando ao destino, os romeiros fizeram sauda\u00e7\u00f5es a Nossa Senhora da Penha e, em seguida, come\u00e7ou a Missa de encerramento, presidida pelo Padre Carlos Pinto, da Par\u00f3quia Nossa Senhora da Concei\u00e7\u00e3o, em Alfredo Chaves.<\/p>\n<p><img loading=\"lazy\" class=\"alignnone wp-image-237469 size-full\" src=\"https:\/\/franciscanos.org.br\/noticias\/wp-content\/uploads\/2022\/04\/romariadeficientes_2304_5.jpg\" alt=\"\" width=\"1280\" height=\"960\" srcset=\"https:\/\/franciscanos.org.br\/noticias\/wp-content\/uploads\/2022\/04\/romariadeficientes_2304_5.jpg 1280w, https:\/\/franciscanos.org.br\/noticias\/wp-content\/uploads\/2022\/04\/romariadeficientes_2304_5-450x338.jpg 450w, https:\/\/franciscanos.org.br\/noticias\/wp-content\/uploads\/2022\/04\/romariadeficientes_2304_5-1024x768.jpg 1024w, https:\/\/franciscanos.org.br\/noticias\/wp-content\/uploads\/2022\/04\/romariadeficientes_2304_5-768x576.jpg 768w, https:\/\/franciscanos.org.br\/noticias\/wp-content\/uploads\/2022\/04\/romariadeficientes_2304_5-150x113.jpg 150w, https:\/\/franciscanos.org.br\/noticias\/wp-content\/uploads\/2022\/04\/romariadeficientes_2304_5-600x450.jpg 600w\" sizes=\"(max-width: 1280px) 100vw, 1280px\" \/><\/p>\n<p>Antes da homilia, foi lido uma Carta da 15\u00aa Romaria das Pessoas com Defici\u00eancia da Festa da Penha. &#8220;N\u00f3s, pessoas com Defici\u00eancia e todos os participantes da 15\u00aa Romaria das Pessoas com Defici\u00eancia na Festa da Penha, partilhamos deste importante momento de religiosidade do povo capixaba para expressar nossa espiritualidade, celebrando nossas conquistas, pautando nossas lutas e reivindica\u00e7\u00f5es perante a sociedade e as autoridades p\u00fablicas&#8221;.<\/p>\n<p>Segundo a carta, mais de 24% da popula\u00e7\u00e3o, ou seja, 46 milh\u00f5es de brasileiros e brasileiras, e cerca de 900 mil capixabas t\u00eam algum tipo de defici\u00eancia &#8211; intelectual, visual, f\u00edsica, auditiva ou m\u00faltipla. &#8220;Superamos em parte a exclus\u00e3o e o esquecimento e conquistamos o direito de participa\u00e7\u00e3o e de cidadania (Lei Brasileira da Inclus\u00e3o, 13.146 de julho de 2015). Entretanto, para assegurar o exerc\u00edcio pleno de nossa cidadania, precisamos de pol\u00edticas p\u00fablicas eficazes, a\u00e7\u00f5es e atitudes que garantam o pleno exerc\u00edcio de nossos direitos&#8221;, aponta o documento.<\/p>\n\n\t\t<style type=\"text\/css\">\n\t\t\t#gallery-1 {\n\t\t\t\tmargin: auto;\n\t\t\t}\n\t\t\t#gallery-1 .gallery-item {\n\t\t\t\tfloat: left;\n\t\t\t\tmargin-top: 10px;\n\t\t\t\ttext-align: center;\n\t\t\t\twidth: 25%;\n\t\t\t}\n\t\t\t#gallery-1 img {\n\t\t\t\tborder: 2px solid #cfcfcf;\n\t\t\t}\n\t\t\t#gallery-1 .gallery-caption {\n\t\t\t\tmargin-left: 0;\n\t\t\t}\n\t\t\t\/* see gallery_shortcode() in wp-includes\/media.php *\/\n\t\t<\/style>\n\t\t<div id='gallery-1' class='gallery galleryid-237467 gallery-columns-4 gallery-size-thumbnail'><dl class='gallery-item'>\n\t\t\t<dt class='gallery-icon landscape'>\n\t\t\t\t<a href='https:\/\/franciscanos.org.br\/noticias\/wp-content\/uploads\/2022\/04\/romariadeficientes_2304_2.jpg'><img width=\"300\" height=\"300\" src=\"https:\/\/franciscanos.org.br\/noticias\/wp-content\/uploads\/2022\/04\/romariadeficientes_2304_2-300x300.jpg\" class=\"attachment-thumbnail size-thumbnail\" alt=\"\" loading=\"lazy\" srcset=\"https:\/\/franciscanos.org.br\/noticias\/wp-content\/uploads\/2022\/04\/romariadeficientes_2304_2-300x300.jpg 300w, https:\/\/franciscanos.org.br\/noticias\/wp-content\/uploads\/2022\/04\/romariadeficientes_2304_2-100x100.jpg 100w\" sizes=\"(max-width: 300px) 100vw, 300px\" \/><\/a>\n\t\t\t<\/dt><\/dl><dl class='gallery-item'>\n\t\t\t<dt class='gallery-icon landscape'>\n\t\t\t\t<a href='https:\/\/franciscanos.org.br\/noticias\/wp-content\/uploads\/2022\/04\/romariadeficientes_2304_3.jpg'><img width=\"300\" height=\"300\" src=\"https:\/\/franciscanos.org.br\/noticias\/wp-content\/uploads\/2022\/04\/romariadeficientes_2304_3-300x300.jpg\" class=\"attachment-thumbnail size-thumbnail\" alt=\"\" loading=\"lazy\" srcset=\"https:\/\/franciscanos.org.br\/noticias\/wp-content\/uploads\/2022\/04\/romariadeficientes_2304_3-300x300.jpg 300w, https:\/\/franciscanos.org.br\/noticias\/wp-content\/uploads\/2022\/04\/romariadeficientes_2304_3-100x100.jpg 100w\" sizes=\"(max-width: 300px) 100vw, 300px\" \/><\/a>\n\t\t\t<\/dt><\/dl><dl class='gallery-item'>\n\t\t\t<dt class='gallery-icon landscape'>\n\t\t\t\t<a href='https:\/\/franciscanos.org.br\/noticias\/wp-content\/uploads\/2022\/04\/romariadeficientes_2304_6.jpg'><img width=\"300\" height=\"300\" src=\"https:\/\/franciscanos.org.br\/noticias\/wp-content\/uploads\/2022\/04\/romariadeficientes_2304_6-300x300.jpg\" class=\"attachment-thumbnail size-thumbnail\" alt=\"\" loading=\"lazy\" srcset=\"https:\/\/franciscanos.org.br\/noticias\/wp-content\/uploads\/2022\/04\/romariadeficientes_2304_6-300x300.jpg 300w, https:\/\/franciscanos.org.br\/noticias\/wp-content\/uploads\/2022\/04\/romariadeficientes_2304_6-100x100.jpg 100w\" sizes=\"(max-width: 300px) 100vw, 300px\" \/><\/a>\n\t\t\t<\/dt><\/dl><dl class='gallery-item'>\n\t\t\t<dt class='gallery-icon landscape'>\n\t\t\t\t<a href='https:\/\/franciscanos.org.br\/noticias\/wp-content\/uploads\/2022\/04\/romariadeficientes_2304_7.jpg'><img width=\"300\" height=\"300\" src=\"https:\/\/franciscanos.org.br\/noticias\/wp-content\/uploads\/2022\/04\/romariadeficientes_2304_7-300x300.jpg\" class=\"attachment-thumbnail size-thumbnail\" alt=\"\" loading=\"lazy\" srcset=\"https:\/\/franciscanos.org.br\/noticias\/wp-content\/uploads\/2022\/04\/romariadeficientes_2304_7-300x300.jpg 300w, https:\/\/franciscanos.org.br\/noticias\/wp-content\/uploads\/2022\/04\/romariadeficientes_2304_7-100x100.jpg 100w\" sizes=\"(max-width: 300px) 100vw, 300px\" \/><\/a>\n\t\t\t<\/dt><\/dl><br style=\"clear: both\" \/>\n\t\t<\/div>\n\n<p><em>Um papo com o Vig\u00e1rio Provincial e ganhou o lugar do celebrante (toque nas imagens para ampli\u00e1-las)<\/em><\/p>\n<p>&#8220;Negar a igualdade de oportunidades \u00e9 promover a exclus\u00e3o. Nossa sociedade n\u00e3o avan\u00e7ar\u00e1 na busca de justi\u00e7a social se fechar os olhos para essa realidade&#8221;, denuncia a carta do F\u00f3rum de Entidades das Pessoas com Defici\u00eancia do Estado do Esp\u00edrito Santo, lembrando que a realidade pand\u00eamica nos \u00faltimos anos privou-os de avan\u00e7ar em novas conquistas e revelou demandas gritantes. A carta lista uma s\u00e9rie de reivindica\u00e7\u00f5es e faz uma den\u00fancia: &#8220;Registramos nossa indigna\u00e7\u00e3o diante das amea\u00e7as de perda de direitos que vem nos assombrando, com a proposta de reforma da Previd\u00eancia e o fechamento de \u00f3rg\u00e3os colegiados, inclusive o Conselho Nacional de Direitos da Pessoa com Defici\u00eancia &#8211; CONADE, que \u00e9 uma afronta \u00e0 democracia do nosso pa\u00eds&#8221;.<\/p>\n<p>Na homilia, Padre Carlos explicou que a romaria, al\u00e9m de um ato de f\u00e9 e devo\u00e7\u00e3o a Nossa Senhora da Penha, tamb\u00e9m deseja ser um espa\u00e7o de manifesta\u00e7\u00e3o das lutas junto \u00e0 sociedade, ao poder p\u00fablico e \u00e0 Igreja. &#8220;\u00c9 preciso irm\u00e3os e irm\u00e3s, na simplicidade acolher na humildade do nosso cora\u00e7\u00e3o a presen\u00e7a do Cristo Ressuscitado. \u00c9 preciso dar testemunho, porque da nossa palavra muitos precisam se reerguer, se reanimar, se fortalecer. Mais do que nunca, n\u00e3o me canso de lembrar nesta Romaria, cada um de voc\u00eas que est\u00e3o aqui s\u00e3o anunciadores do Evangelho, n\u00e3o importa sua condi\u00e7\u00e3o, esteja na cadeira de rodas, no cuidado especial de outra pessoa, ou atrav\u00e9s das institui\u00e7\u00f5es&#8221;, pediu.<\/p>\n<p><img loading=\"lazy\" class=\"alignnone wp-image-237476 size-full\" src=\"https:\/\/franciscanos.org.br\/noticias\/wp-content\/uploads\/2022\/04\/romariadeficientes_2304_4.jpg\" alt=\"\" width=\"1280\" height=\"960\" srcset=\"https:\/\/franciscanos.org.br\/noticias\/wp-content\/uploads\/2022\/04\/romariadeficientes_2304_4.jpg 1280w, https:\/\/franciscanos.org.br\/noticias\/wp-content\/uploads\/2022\/04\/romariadeficientes_2304_4-450x338.jpg 450w, https:\/\/franciscanos.org.br\/noticias\/wp-content\/uploads\/2022\/04\/romariadeficientes_2304_4-1024x768.jpg 1024w, https:\/\/franciscanos.org.br\/noticias\/wp-content\/uploads\/2022\/04\/romariadeficientes_2304_4-768x576.jpg 768w, https:\/\/franciscanos.org.br\/noticias\/wp-content\/uploads\/2022\/04\/romariadeficientes_2304_4-150x113.jpg 150w, https:\/\/franciscanos.org.br\/noticias\/wp-content\/uploads\/2022\/04\/romariadeficientes_2304_4-600x450.jpg 600w\" sizes=\"(max-width: 1280px) 100vw, 1280px\" \/><\/p>\n<p>&#8220;Anunciem a esperan\u00e7a, levem a esperan\u00e7a, anunciem a Boa Nova. D\u00ea seu testemunho de f\u00e9. Cada um que est\u00e1 aqui \u00e9 uma gra\u00e7a, um presente de Deus. N\u00e3o esque\u00e7amos disto. E todas vezes que n\u00f3s reconhecemos a presen\u00e7a da gra\u00e7a de Deus em n\u00f3s, somos agentes transformadores. S\u00e3o voc\u00eas que s\u00e3o agentes transformadores. Sejam vozes prof\u00e9ticas, v\u00e3o para as ruas, n\u00e3o tenham vergonha de anunciar o Evangelho. Pais, todas a vezes que voc\u00eas buscarem a melhoria de vida dos seus filhos, voc\u00eas estar\u00e3o anunciando o Evangelho&#8221;, animou Pe. Carlos.<\/p>\n<p>A celebra\u00e7\u00e3o contou com a participa\u00e7\u00e3o efetiva das pessoas com defici\u00eancia. Acompanhando com devo\u00e7\u00e3o e f\u00e9, os familiares tamb\u00e9m n\u00e3o pouparam esfor\u00e7os para estarem juntos daqueles a quem no dia a dia dispensam amor e aten\u00e7\u00e3o.<\/p>\n<hr \/>\n<p><em>Comunica\u00e7\u00e3o da Prov\u00edncia da Imaculada Concei\u00e7\u00e3o<\/em><\/p>\n","protected":false},"excerpt":{"rendered":"<p>Festa da Penha 2022<\/p>\n","protected":false},"author":3,"featured_media":0,"comment_status":"open","ping_status":"open","sticky":false,"template":"","format":"standard","meta":[],"categories":[1],"tags":[1999],"acf":[],"yoast_head":"<!-- This site is optimized with the Yoast SEO plugin v19.2 - https:\/\/yoast.com\/wordpress\/plugins\/seo\/ -->\n<title>Romaria das Pessoas com Defici\u00eancia chega \u00e0 15\u00aa edi\u00e7\u00e3o - Not\u00edcias - Franciscanos<\/title>\n<meta name=\"robots\" content=\"index, follow, max-snippet:-1, max-image-preview:large, max-video-preview:-1\" \/>\n<link rel=\"canonical\" href=\"https:\/\/franciscanos.org.br\/noticias\/romaria-das-pessoas-com-deficiencia-chega-a-15a-edicao.html\" \/>\n<meta property=\"og:locale\" content=\"pt_BR\" \/>\n<meta property=\"og:type\" content=\"article\" \/>\n<meta property=\"og:title\" content=\"Romaria das Pessoas com Defici\u00eancia chega \u00e0 15\u00aa edi\u00e7\u00e3o - Not\u00edcias - Franciscanos\" \/>\n<meta property=\"og:description\" content=\"Festa da Penha 2022\" \/>\n<meta property=\"og:url\" content=\"https:\/\/franciscanos.org.br\/noticias\/romaria-das-pessoas-com-deficiencia-chega-a-15a-edicao.html\" \/>\n<meta property=\"og:site_name\" content=\"Not\u00edcias - Franciscanos\" \/>\n<meta property=\"article:published_time\" content=\"2022-04-23T16:56:41+00:00\" \/>\n<meta property=\"article:modified_time\" content=\"2023-01-03T17:11:40+00:00\" \/>\n<meta property=\"og:image\" content=\"https:\/\/franciscanos.org.br\/noticias\/wp-content\/uploads\/2022\/04\/romariadeficientes_2304_2-300x300.jpg\" \/>\n<meta name=\"author\" content=\"moacir\" \/>\n<meta name=\"twitter:card\" content=\"summary_large_image\" \/>\n<meta name=\"twitter:label1\" content=\"Escrito por\" \/>\n\t<meta name=\"twitter:data1\" content=\"moacir\" \/>\n\t<meta name=\"twitter:label2\" content=\"Est. tempo de leitura\" \/>\n\t<meta name=\"twitter:data2\" content=\"4 minutos\" \/>\n<script type=\"application\/ld+json\" class=\"yoast-schema-graph\">{\"@context\":\"https:\/\/schema.org\",\"@graph\":[{\"@type\":\"WebSite\",\"@id\":\"https:\/\/franciscanos.org.br\/noticias\/#website\",\"url\":\"https:\/\/franciscanos.org.br\/noticias\/\",\"name\":\"Not\u00edcias - Franciscanos\",\"description\":\"Prov\u00edncia Franciscana da Imaculada Concei\u00e7\u00e3o do Brasil - Ordem dos Frades Menores - OFM\",\"potentialAction\":[{\"@type\":\"SearchAction\",\"target\":{\"@type\":\"EntryPoint\",\"urlTemplate\":\"https:\/\/franciscanos.org.br\/noticias\/?s={search_term_string}\"},\"query-input\":\"required name=search_term_string\"}],\"inLanguage\":\"pt-BR\"},{\"@type\":\"ImageObject\",\"inLanguage\":\"pt-BR\",\"@id\":\"https:\/\/franciscanos.org.br\/noticias\/romaria-das-pessoas-com-deficiencia-chega-a-15a-edicao.html#primaryimage\",\"url\":\"https:\/\/franciscanos.org.br\/noticias\/wp-content\/uploads\/2022\/04\/romariadeficientes_2304_1.jpg\",\"contentUrl\":\"https:\/\/franciscanos.org.br\/noticias\/wp-content\/uploads\/2022\/04\/romariadeficientes_2304_1.jpg\",\"width\":1280,\"height\":763},{\"@type\":\"WebPage\",\"@id\":\"https:\/\/franciscanos.org.br\/noticias\/romaria-das-pessoas-com-deficiencia-chega-a-15a-edicao.html#webpage\",\"url\":\"https:\/\/franciscanos.org.br\/noticias\/romaria-das-pessoas-com-deficiencia-chega-a-15a-edicao.html\",\"name\":\"Romaria das Pessoas com Defici\u00eancia chega \u00e0 15\u00aa edi\u00e7\u00e3o - Not\u00edcias - Franciscanos\",\"isPartOf\":{\"@id\":\"https:\/\/franciscanos.org.br\/noticias\/#website\"},\"primaryImageOfPage\":{\"@id\":\"https:\/\/franciscanos.org.br\/noticias\/romaria-das-pessoas-com-deficiencia-chega-a-15a-edicao.html#primaryimage\"},\"datePublished\":\"2022-04-23T16:56:41+00:00\",\"dateModified\":\"2023-01-03T17:11:40+00:00\",\"author\":{\"@id\":\"https:\/\/franciscanos.org.br\/noticias\/#\/schema\/person\/b5c8cba458c330ccff548b056e95a5d4\"},\"breadcrumb\":{\"@id\":\"https:\/\/franciscanos.org.br\/noticias\/romaria-das-pessoas-com-deficiencia-chega-a-15a-edicao.html#breadcrumb\"},\"inLanguage\":\"pt-BR\",\"potentialAction\":[{\"@type\":\"ReadAction\",\"target\":[\"https:\/\/franciscanos.org.br\/noticias\/romaria-das-pessoas-com-deficiencia-chega-a-15a-edicao.html\"]}]},{\"@type\":\"BreadcrumbList\",\"@id\":\"https:\/\/franciscanos.org.br\/noticias\/romaria-das-pessoas-com-deficiencia-chega-a-15a-edicao.html#breadcrumb\",\"itemListElement\":[{\"@type\":\"ListItem\",\"position\":1,\"name\":\"Home\",\"item\":\"https:\/\/franciscanos.org.br\/noticias\"},{\"@type\":\"ListItem\",\"position\":2,\"name\":\"Romaria das Pessoas com Defici\u00eancia chega \u00e0 15\u00aa edi\u00e7\u00e3o\"}]},{\"@type\":\"Person\",\"@id\":\"https:\/\/franciscanos.org.br\/noticias\/#\/schema\/person\/b5c8cba458c330ccff548b056e95a5d4\",\"name\":\"moacir\",\"image\":{\"@type\":\"ImageObject\",\"inLanguage\":\"pt-BR\",\"@id\":\"https:\/\/franciscanos.org.br\/noticias\/#\/schema\/person\/image\/\",\"url\":\"https:\/\/secure.gravatar.com\/avatar\/d08aa2ce4c8dd416d4479aa8536fcf64?s=96&d=mm&r=g\",\"contentUrl\":\"https:\/\/secure.gravatar.com\/avatar\/d08aa2ce4c8dd416d4479aa8536fcf64?s=96&d=mm&r=g\",\"caption\":\"moacir\"},\"url\":\"https:\/\/franciscanos.org.br\/noticias\/author\/moacir\"}]}<\/script>\n<!-- \/ Yoast SEO plugin. -->","yoast_head_json":{"title":"Romaria das Pessoas com Defici\u00eancia chega \u00e0 15\u00aa edi\u00e7\u00e3o - Not\u00edcias - Franciscanos","robots":{"index":"index","follow":"follow","max-snippet":"max-snippet:-1","max-image-preview":"max-image-preview:large","max-video-preview":"max-video-preview:-1"},"canonical":"https:\/\/franciscanos.org.br\/noticias\/romaria-das-pessoas-com-deficiencia-chega-a-15a-edicao.html","og_locale":"pt_BR","og_type":"article","og_title":"Romaria das Pessoas com Defici\u00eancia chega \u00e0 15\u00aa edi\u00e7\u00e3o - Not\u00edcias - Franciscanos","og_description":"Festa da Penha 2022","og_url":"https:\/\/franciscanos.org.br\/noticias\/romaria-das-pessoas-com-deficiencia-chega-a-15a-edicao.html","og_site_name":"Not\u00edcias - Franciscanos","article_published_time":"2022-04-23T16:56:41+00:00","article_modified_time":"2023-01-03T17:11:40+00:00","og_image":[{"url":"https:\/\/franciscanos.org.br\/noticias\/wp-content\/uploads\/2022\/04\/romariadeficientes_2304_2-300x300.jpg"}],"author":"moacir","twitter_card":"summary_large_image","twitter_misc":{"Escrito por":"moacir","Est. tempo de leitura":"4 minutos"},"schema":{"@context":"https:\/\/schema.org","@graph":[{"@type":"WebSite","@id":"https:\/\/franciscanos.org.br\/noticias\/#website","url":"https:\/\/franciscanos.org.br\/noticias\/","name":"Not\u00edcias - Franciscanos","description":"Prov\u00edncia Franciscana da Imaculada Concei\u00e7\u00e3o do Brasil - Ordem dos Frades Menores - OFM","potentialAction":[{"@type":"SearchAction","target":{"@type":"EntryPoint","urlTemplate":"https:\/\/franciscanos.org.br\/noticias\/?s={search_term_string}"},"query-input":"required name=search_term_string"}],"inLanguage":"pt-BR"},{"@type":"ImageObject","inLanguage":"pt-BR","@id":"https:\/\/franciscanos.org.br\/noticias\/romaria-das-pessoas-com-deficiencia-chega-a-15a-edicao.html#primaryimage","url":"https:\/\/franciscanos.org.br\/noticias\/wp-content\/uploads\/2022\/04\/romariadeficientes_2304_1.jpg","contentUrl":"https:\/\/franciscanos.org.br\/noticias\/wp-content\/uploads\/2022\/04\/romariadeficientes_2304_1.jpg","width":1280,"height":763},{"@type":"WebPage","@id":"https:\/\/franciscanos.org.br\/noticias\/romaria-das-pessoas-com-deficiencia-chega-a-15a-edicao.html#webpage","url":"https:\/\/franciscanos.org.br\/noticias\/romaria-das-pessoas-com-deficiencia-chega-a-15a-edicao.html","name":"Romaria das Pessoas com Defici\u00eancia chega \u00e0 15\u00aa edi\u00e7\u00e3o - Not\u00edcias - Franciscanos","isPartOf":{"@id":"https:\/\/franciscanos.org.br\/noticias\/#website"},"primaryImageOfPage":{"@id":"https:\/\/franciscanos.org.br\/noticias\/romaria-das-pessoas-com-deficiencia-chega-a-15a-edicao.html#primaryimage"},"datePublished":"2022-04-23T16:56:41+00:00","dateModified":"2023-01-03T17:11:40+00:00","author":{"@id":"https:\/\/franciscanos.org.br\/noticias\/#\/schema\/person\/b5c8cba458c330ccff548b056e95a5d4"},"breadcrumb":{"@id":"https:\/\/franciscanos.org.br\/noticias\/romaria-das-pessoas-com-deficiencia-chega-a-15a-edicao.html#breadcrumb"},"inLanguage":"pt-BR","potentialAction":[{"@type":"ReadAction","target":["https:\/\/franciscanos.org.br\/noticias\/romaria-das-pessoas-com-deficiencia-chega-a-15a-edicao.html"]}]},{"@type":"BreadcrumbList","@id":"https:\/\/franciscanos.org.br\/noticias\/romaria-das-pessoas-com-deficiencia-chega-a-15a-edicao.html#breadcrumb","itemListElement":[{"@type":"ListItem","position":1,"name":"Home","item":"https:\/\/franciscanos.org.br\/noticias"},{"@type":"ListItem","position":2,"name":"Romaria das Pessoas com Defici\u00eancia chega \u00e0 15\u00aa edi\u00e7\u00e3o"}]},{"@type":"Person","@id":"https:\/\/franciscanos.org.br\/noticias\/#\/schema\/person\/b5c8cba458c330ccff548b056e95a5d4","name":"moacir","image":{"@type":"ImageObject","inLanguage":"pt-BR","@id":"https:\/\/franciscanos.org.br\/noticias\/#\/schema\/person\/image\/","url":"https:\/\/secure.gravatar.com\/avatar\/d08aa2ce4c8dd416d4479aa8536fcf64?s=96&d=mm&r=g","contentUrl":"https:\/\/secure.gravatar.com\/avatar\/d08aa2ce4c8dd416d4479aa8536fcf64?s=96&d=mm&r=g","caption":"moacir"},"url":"https:\/\/franciscanos.org.br\/noticias\/author\/moacir"}]}},"_links":{"self":[{"href":"https:\/\/franciscanos.org.br\/noticias\/wp-json\/wp\/v2\/posts\/237467"}],"collection":[{"href":"https:\/\/franciscanos.org.br\/noticias\/wp-json\/wp\/v2\/posts"}],"about":[{"href":"https:\/\/franciscanos.org.br\/noticias\/wp-json\/wp\/v2\/types\/post"}],"author":[{"embeddable":true,"href":"https:\/\/franciscanos.org.br\/noticias\/wp-json\/wp\/v2\/users\/3"}],"replies":[{"embeddable":true,"href":"https:\/\/franciscanos.org.br\/noticias\/wp-json\/wp\/v2\/comments?post=237467"}],"version-history":[{"count":2,"href":"https:\/\/franciscanos.org.br\/noticias\/wp-json\/wp\/v2\/posts\/237467\/revisions"}],"predecessor-version":[{"id":241527,"href":"https:\/\/franciscanos.org.br\/noticias\/wp-json\/wp\/v2\/posts\/237467\/revisions\/241527"}],"wp:attachment":[{"href":"https:\/\/franciscanos.org.br\/noticias\/wp-json\/wp\/v2\/media?parent=237467"}],"wp:term":[{"taxonomy":"category","embeddable":true,"href":"https:\/\/franciscanos.org.br\/noticias\/wp-json\/wp\/v2\/categories?post=237467"},{"taxonomy":"post_tag","embeddable":true,"href":"https:\/\/franciscanos.org.br\/noticias\/wp-json\/wp\/v2\/tags?post=237467"}],"curies":[{"name":"wp","href":"https:\/\/api.w.org\/{rel}","templated":true}]}}