{"id":237454,"date":"2022-04-23T07:25:44","date_gmt":"2022-04-23T10:25:44","guid":{"rendered":"https:\/\/franciscanos.org.br\/noticias\/?p=237454"},"modified":"2022-04-23T10:17:16","modified_gmt":"2022-04-23T13:17:16","slug":"vigario-geral-e-nomeado-bispo-pelo-papa-francisco","status":"publish","type":"post","link":"https:\/\/franciscanos.org.br\/noticias\/vigario-geral-e-nomeado-bispo-pelo-papa-francisco.html","title":{"rendered":"Vig\u00e1rio Geral \u00e9 nomeado bispo pelo Papa Francisco"},"content":{"rendered":"<p><img loading=\"lazy\" class=\"alignnone size-full wp-image-237455\" src=\"https:\/\/franciscanos.org.br\/noticias\/wp-content\/uploads\/2022\/04\/isauro_03.jpg\" alt=\"\" width=\"1280\" height=\"720\" srcset=\"https:\/\/franciscanos.org.br\/noticias\/wp-content\/uploads\/2022\/04\/isauro_03.jpg 1280w, https:\/\/franciscanos.org.br\/noticias\/wp-content\/uploads\/2022\/04\/isauro_03-450x253.jpg 450w, https:\/\/franciscanos.org.br\/noticias\/wp-content\/uploads\/2022\/04\/isauro_03-1024x576.jpg 1024w, https:\/\/franciscanos.org.br\/noticias\/wp-content\/uploads\/2022\/04\/isauro_03-768x432.jpg 768w, https:\/\/franciscanos.org.br\/noticias\/wp-content\/uploads\/2022\/04\/isauro_03-150x84.jpg 150w\" sizes=\"(max-width: 1280px) 100vw, 1280px\" \/><\/p>\n<p>Eleito no dia 14 de julho do ano passado para o sex\u00eanio 2021-2027, o chileno Frei Isauro Ulises Covili Linfati recebeu neste s\u00e1bado, 22 de abril, uma nova miss\u00e3o: foi nomeado bispo pelo Papa Francisco para a Diocese de Iquique, no Chile.<\/p>\n<p>O comunicado de sua nomea\u00e7\u00e3o foi feito pelo Ministro Geral, Frei Massimo Fusarelli, na Sala Duns Escoto da C\u00faria Geral, ap\u00f3s a recita\u00e7\u00e3o do Angelus, ao meio-dia. Frei Massimo saudou o seu confrade na nova miss\u00e3o e disse que, em nove meses, sua presen\u00e7a no Governo Geral da Ordem dos Frades Menores foi &#8220;serena e construtiva&#8221;. A mesma manifesta\u00e7\u00e3o teve o Definit\u00f3rio Geral que desejou um frut\u00edfero minist\u00e9rio espiscopal.<\/p>\n<p><img loading=\"lazy\" class=\"alignnone wp-image-237456 size-full\" src=\"https:\/\/franciscanos.org.br\/noticias\/wp-content\/uploads\/2022\/04\/isauro_02.jpg\" alt=\"\" width=\"1280\" height=\"518\" srcset=\"https:\/\/franciscanos.org.br\/noticias\/wp-content\/uploads\/2022\/04\/isauro_02.jpg 1280w, https:\/\/franciscanos.org.br\/noticias\/wp-content\/uploads\/2022\/04\/isauro_02-450x182.jpg 450w, https:\/\/franciscanos.org.br\/noticias\/wp-content\/uploads\/2022\/04\/isauro_02-1024x414.jpg 1024w, https:\/\/franciscanos.org.br\/noticias\/wp-content\/uploads\/2022\/04\/isauro_02-768x311.jpg 768w, https:\/\/franciscanos.org.br\/noticias\/wp-content\/uploads\/2022\/04\/isauro_02-150x61.jpg 150w\" sizes=\"(max-width: 1280px) 100vw, 1280px\" \/><\/p>\n<p>Frei Isauro \u00e9 natural de Lumaco, Diocese de Temuco, onde nasceu no dia 22 de mar\u00e7o de 1961, filho de Pablo e Cec\u00edlia. Ingressou no Noviciado dos Frades Menores em 16 de julho de 1981 e professou temporariamente em 16 de janeiro de 1983. Fez a profiss\u00e3o definitiva na Ordem dos Frades Menores em 20 de mar\u00e7o de 1987 e foi ordenado sacerdote no dia 23 de novembro de 1990, na Igreja S\u00e3o Francisco da Alameda de Dom Carlos Oviedo Cavada, junto com seus confrades Claudio Salgado e Jorge Guajardo.<\/p>\n<p>Frei Isauro foi eleito Ministro Provincial da Prov\u00edncia da Sant\u00edssima Trindade do Chile no dia 16 de outubro de 2016 para o sex\u00eanio de 2017-2022. Na ocasi\u00e3o, ele era p\u00e1roco em &#8220;S\u00e3o Jos\u00e9 Oper\u00e1rio&#8221; do setor La Antena e Vig\u00e1rio Provincial da Prov\u00edncia chilena.<\/p>\n<p>Frei Isauro tem pautado sua vida por uma evangeliza\u00e7\u00e3o inclusiva e transformadora. Viveu durante oito nos em uma fraternidade de inser\u00e7\u00e3o numa zona perif\u00e9rica de Santiago e durante dez anos trabalhou como membro da entidade de n\u00e3o viol\u00eancia Sebasti\u00e1n Acevedo (a\u00e7\u00f5es nas ruas), contra a tortura em tempos de Augusto Pinochet; e foi membro de um grupo de forma\u00e7\u00e3o contra a impunidade no in\u00edcio dos anos 90.<\/p>\n<p>Frei Isauro tamb\u00e9m dividia o tempo na anima\u00e7\u00e3o do servi\u00e7o de Justi\u00e7a, Paz e Integridade da Cria\u00e7\u00e3o (JPIC) e na Pastoral Vocacional. No seu curr\u00edculo, foi moderador da Forma\u00e7\u00e3o Permanente, secret\u00e1rio da Forma\u00e7\u00e3o Inicial na Prov\u00edncia e na Confer\u00eancia do Cone Sul; foi Visitador Geral da Prov\u00edncia de S\u00e3o Francisco Solano do Peru e da Prov\u00edncia de S\u00e3o Pedro e S\u00e3o Paulo no M\u00e9xico; foi Definidor Provincial, Vig\u00e1rio Provincial e participou do Conselho Plen\u00e1rio da Ordem em 2018.<\/p>\n<p><strong>AGRADECIMENTO DO MINISTRO GERAL<\/strong><br \/>\nFrei Massimo Fusarelli saudou o novo bispo e irm\u00e3o Isauro em nome de todo o Definit\u00f3rio Geral, com quem partilhou estes nove meses de servi\u00e7o, muito importantes para o trabalho em favor da Ordem. &#8220;O servi\u00e7o compartilhado com o irm\u00e3o Isauro tem sido muito bom e fraterno; At\u00e9 agora teve delega\u00e7\u00f5es muito delicadas para o governo da Ordem, especialmente na Am\u00e9rica do Sul e Central, Terra Santa e Marrocos. A vossa presen\u00e7a no Definit\u00f3rio geral \u00e9 positiva e construtiva. Sentiremos sua aus\u00eancia. Ao mesmo tempo, como Ministro do Definit\u00f3rio geral, desejamos a Frei Isauro um fecundo minist\u00e9rio episcopal no estilo de fraternidade e minoridade de S\u00e3o Francisco e da Ordem. Em esp\u00edrito de corresponsabilidade eclesial, aceitamos este chamado para servir a Igreja no Chile em um momento em que se exige uma nova resposta ao servi\u00e7o do Reino de Deus. Sabemos que a Igreja no Chile vive um momento de grande e nada f\u00e1cil convers\u00e3o. Estamos certos de que a presen\u00e7a humana, fraterna e pastoral do Irm\u00e3o Isauro poder\u00e1 dar, com a ajuda de Deus, uma ajuda v\u00e1lida&#8221;, disse Frei Massimo.<\/p>\n<hr \/>\n<p><img loading=\"lazy\" class=\"alignnone wp-image-237464 size-full\" src=\"https:\/\/franciscanos.org.br\/noticias\/wp-content\/uploads\/2022\/04\/vigariogeral.jpg\" alt=\"\" width=\"1280\" height=\"853\" srcset=\"https:\/\/franciscanos.org.br\/noticias\/wp-content\/uploads\/2022\/04\/vigariogeral.jpg 1280w, https:\/\/franciscanos.org.br\/noticias\/wp-content\/uploads\/2022\/04\/vigariogeral-450x300.jpg 450w, https:\/\/franciscanos.org.br\/noticias\/wp-content\/uploads\/2022\/04\/vigariogeral-1024x682.jpg 1024w, https:\/\/franciscanos.org.br\/noticias\/wp-content\/uploads\/2022\/04\/vigariogeral-768x512.jpg 768w, https:\/\/franciscanos.org.br\/noticias\/wp-content\/uploads\/2022\/04\/vigariogeral-150x100.jpg 150w\" sizes=\"(max-width: 1280px) 100vw, 1280px\" \/><\/p>\n<p><strong>DISCURSO DE FREI ISAURO<\/strong><\/p>\n<p><em>Aos meus queridos Irm\u00e3os da Ordem dos Frades Menores,<\/em><\/p>\n<p><em>O Senhor te conceda a paz!<\/em><\/p>\n<p><em>Inicio estas palavras de a\u00e7\u00e3o de gra\u00e7as com o alegre an\u00fancio da Vig\u00edlia Pascal: \u201cAleluia, Aleluia, O Senhor ressuscitou, Aleluia Aleluia\u201d. \u00c9 a melhor e mais bela express\u00e3o de alegria, j\u00fabilo e de um futuro eterno que a Igreja tem para conter e expressar a vida e celebrar a Eucaristia, sacramento permanente da K\u00e9nosis de Jesus Cristo que enche toda a Igreja de esperan\u00e7a e de uma nova vis\u00e3o de toda a humanidade.<\/em><\/p>\n<p><em>Compartilho com voc\u00eas que, assim como meus irm\u00e3os no \u00faltimo Cap\u00edtulo Geral me escolheram para servir a Fraternidade como Vig\u00e1rio Geral, o Papa Francisco Bispo de Roma e da Igreja Universal me devolve ao Chile para ser Pastor-Bispo da diocese de Iquique .<\/em><\/p>\n<p><em>Desde meus in\u00edcios vocacionais tenho claro de que vim para a vida franciscana para ser frade e assim me formei em minha Prov\u00edncia do Chile. Servi com generosidade e alegria em muitos cargos confiados sem procur\u00e1-los.<\/em><\/p>\n<p><em>Sou irm\u00e3o franciscano de f\u00e9 em Jesus Cristo pobre e crucificado e de uma comunidade-fraternidade que o expresse e anuncie de igual forma. Sempre procurei estar atento \u00e0 situa\u00e7\u00e3o dos mais pobres e aprender a ler o presente com os outros, em suas luzes e sombras.<\/em><\/p>\n<p><em>Nestes dez meses na C\u00faria senti-me muito bem, colaborei e aprendi muitas coisas. Posso dizer-lhes que os irm\u00e3os que formamos esta Fraternidade internacional cultivamos um bom clima fraterno de respeito, ora\u00e7\u00e3o, alegria, responsabilidade e trabalho. Cultivamos boas rela\u00e7\u00f5es e colabora\u00e7\u00e3o entre os Definidores e, especialmente para mim, foi muito agrad\u00e1vel trabalhar com Frei Massimo, Ministro, na anima\u00e7\u00e3o da Ordem. Com simplicidade dei o meu melhor em tudo que me foi confiado.<\/em><\/p>\n<p><em>Depois de falar com o Ministro e rezar, aceitei a nomea\u00e7\u00e3o do Papa Francisco. O que tem me ajudado \u00e9:<\/em><\/p>\n<p><em>Nas \u00faltimas semanas rezei com o \u00cdcone do Cristo de S\u00e3o Dami\u00e3o que, como todos sabemos, falou ao nosso pai S\u00e3o Francisco e a n\u00f3s hoje &#8220;Ide e reparai a minha Igreja que amea\u00e7a ruir&#8221; (2Cel 10; LM 2, 1; TC 13).<\/em><\/p>\n<div id=\"attachment_237462\" style=\"width: 460px\" class=\"wp-caption alignright\"><img aria-describedby=\"caption-attachment-237462\" loading=\"lazy\" class=\"wp-image-237462 size-medium\" src=\"https:\/\/franciscanos.org.br\/noticias\/wp-content\/uploads\/2022\/04\/isauro_cesar-450x338.jpg\" alt=\"\" width=\"450\" height=\"338\" srcset=\"https:\/\/franciscanos.org.br\/noticias\/wp-content\/uploads\/2022\/04\/isauro_cesar-450x338.jpg 450w, https:\/\/franciscanos.org.br\/noticias\/wp-content\/uploads\/2022\/04\/isauro_cesar-150x113.jpg 150w, https:\/\/franciscanos.org.br\/noticias\/wp-content\/uploads\/2022\/04\/isauro_cesar.jpg 500w\" sizes=\"(max-width: 450px) 100vw, 450px\" \/><p id=\"caption-attachment-237462\" class=\"wp-caption-text\"><em>Frei C\u00e9sar K\u00fclkamp, Definidor; e Frei Isauro<\/em><\/p><\/div>\n<p><em>A realidade que a Igreja vive no Chile com suas luzes e sombras. Especialmente o tema dos abusos e a necessidade de continuar seguindo o caminho da vida evang\u00e9lica, repara\u00e7\u00e3o, simplicidade e sinodalidade.<\/em><\/p>\n<p><em>Pessoalmente, n\u00e3o me apego a of\u00edcios, aceito-os e vivo em liberdade como um dom recebido para servir. Os frades do Definit\u00f3rio geral saber\u00e3o dar um novo frade para servir a Ordem como Vig\u00e1rio Geral.<\/em><\/p>\n<p><em>Digo-vos que, a partir da minha experi\u00eancia pastoral, e agora da nomea\u00e7\u00e3o de Bispo, me anima a ser Pastor no meio do Povo de Deus, caminhando com todos, atravessando fronteiras, fronteiras e sendo uma Comunidade chamada a configurar-se com o Ressuscitado que tem as pegadas da Cruz, para que muitos crucificados possam ser abra\u00e7ados e abaixados da cruz com uma vida digna.<\/em><\/p>\n<p><em>Confiando em Maria, Virgem feita Igreja, em S\u00e3o Francisco, em Santa Clara e em milhares de irm\u00e3os e irm\u00e3s de ontem e de hoje, disc\u00edpulos fi\u00e9is de Jesus me ajudar\u00e3o a ser pastor no estilo de Jesus.<\/em><\/p>\n<p><em>Com eterna gratid\u00e3o.<\/em><\/p>\n<hr \/>\n<p><em>Fonte: www.ofm.org<\/em><\/p>\n<p><iframe loading=\"lazy\" width=\"100%\" height=\"480\" src=\"https:\/\/www.youtube.com\/embed\/r5V_Z1IG-98\" title=\"YouTube video player\" frameborder=\"0\" allow=\"accelerometer; autoplay; clipboard-write; encrypted-media; gyroscope; picture-in-picture\" allowfullscreen><\/iframe><\/p>\n","protected":false},"excerpt":{"rendered":"<p>Ordem dos Frades Menores<\/p>\n","protected":false},"author":3,"featured_media":237455,"comment_status":"open","ping_status":"open","sticky":false,"template":"","format":"standard","meta":[],"categories":[1],"tags":[397],"acf":[],"yoast_head":"<!-- This site is optimized with the Yoast SEO plugin v19.2 - https:\/\/yoast.com\/wordpress\/plugins\/seo\/ -->\n<title>Vig\u00e1rio Geral \u00e9 nomeado bispo pelo Papa Francisco - Not\u00edcias - Franciscanos<\/title>\n<meta name=\"robots\" content=\"index, follow, max-snippet:-1, max-image-preview:large, max-video-preview:-1\" \/>\n<link rel=\"canonical\" href=\"https:\/\/franciscanos.org.br\/noticias\/vigario-geral-e-nomeado-bispo-pelo-papa-francisco.html\" \/>\n<meta property=\"og:locale\" content=\"pt_BR\" \/>\n<meta property=\"og:type\" content=\"article\" \/>\n<meta property=\"og:title\" content=\"Vig\u00e1rio Geral \u00e9 nomeado bispo pelo Papa Francisco - Not\u00edcias - Franciscanos\" \/>\n<meta property=\"og:description\" content=\"Ordem dos Frades Menores\" \/>\n<meta property=\"og:url\" content=\"https:\/\/franciscanos.org.br\/noticias\/vigario-geral-e-nomeado-bispo-pelo-papa-francisco.html\" \/>\n<meta property=\"og:site_name\" content=\"Not\u00edcias - Franciscanos\" \/>\n<meta property=\"article:published_time\" content=\"2022-04-23T10:25:44+00:00\" \/>\n<meta property=\"article:modified_time\" content=\"2022-04-23T13:17:16+00:00\" \/>\n<meta property=\"og:image\" content=\"https:\/\/franciscanos.org.br\/noticias\/wp-content\/uploads\/2022\/04\/isauro_03.jpg\" \/>\n\t<meta property=\"og:image:width\" content=\"1280\" \/>\n\t<meta property=\"og:image:height\" content=\"720\" \/>\n\t<meta property=\"og:image:type\" content=\"image\/jpeg\" \/>\n<meta name=\"author\" content=\"moacir\" \/>\n<meta name=\"twitter:card\" content=\"summary_large_image\" \/>\n<meta name=\"twitter:label1\" content=\"Escrito por\" \/>\n\t<meta name=\"twitter:data1\" content=\"moacir\" \/>\n\t<meta name=\"twitter:label2\" content=\"Est. tempo de leitura\" \/>\n\t<meta name=\"twitter:data2\" content=\"6 minutos\" \/>\n<script type=\"application\/ld+json\" class=\"yoast-schema-graph\">{\"@context\":\"https:\/\/schema.org\",\"@graph\":[{\"@type\":\"WebSite\",\"@id\":\"https:\/\/franciscanos.org.br\/noticias\/#website\",\"url\":\"https:\/\/franciscanos.org.br\/noticias\/\",\"name\":\"Not\u00edcias - Franciscanos\",\"description\":\"Prov\u00edncia Franciscana da Imaculada Concei\u00e7\u00e3o do Brasil - Ordem dos Frades Menores - OFM\",\"potentialAction\":[{\"@type\":\"SearchAction\",\"target\":{\"@type\":\"EntryPoint\",\"urlTemplate\":\"https:\/\/franciscanos.org.br\/noticias\/?s={search_term_string}\"},\"query-input\":\"required name=search_term_string\"}],\"inLanguage\":\"pt-BR\"},{\"@type\":\"ImageObject\",\"inLanguage\":\"pt-BR\",\"@id\":\"https:\/\/franciscanos.org.br\/noticias\/vigario-geral-e-nomeado-bispo-pelo-papa-francisco.html#primaryimage\",\"url\":\"https:\/\/franciscanos.org.br\/noticias\/wp-content\/uploads\/2022\/04\/isauro_03.jpg\",\"contentUrl\":\"https:\/\/franciscanos.org.br\/noticias\/wp-content\/uploads\/2022\/04\/isauro_03.jpg\",\"width\":1280,\"height\":720},{\"@type\":\"WebPage\",\"@id\":\"https:\/\/franciscanos.org.br\/noticias\/vigario-geral-e-nomeado-bispo-pelo-papa-francisco.html#webpage\",\"url\":\"https:\/\/franciscanos.org.br\/noticias\/vigario-geral-e-nomeado-bispo-pelo-papa-francisco.html\",\"name\":\"Vig\u00e1rio Geral \u00e9 nomeado bispo pelo Papa Francisco - Not\u00edcias - Franciscanos\",\"isPartOf\":{\"@id\":\"https:\/\/franciscanos.org.br\/noticias\/#website\"},\"primaryImageOfPage\":{\"@id\":\"https:\/\/franciscanos.org.br\/noticias\/vigario-geral-e-nomeado-bispo-pelo-papa-francisco.html#primaryimage\"},\"datePublished\":\"2022-04-23T10:25:44+00:00\",\"dateModified\":\"2022-04-23T13:17:16+00:00\",\"author\":{\"@id\":\"https:\/\/franciscanos.org.br\/noticias\/#\/schema\/person\/b5c8cba458c330ccff548b056e95a5d4\"},\"breadcrumb\":{\"@id\":\"https:\/\/franciscanos.org.br\/noticias\/vigario-geral-e-nomeado-bispo-pelo-papa-francisco.html#breadcrumb\"},\"inLanguage\":\"pt-BR\",\"potentialAction\":[{\"@type\":\"ReadAction\",\"target\":[\"https:\/\/franciscanos.org.br\/noticias\/vigario-geral-e-nomeado-bispo-pelo-papa-francisco.html\"]}]},{\"@type\":\"BreadcrumbList\",\"@id\":\"https:\/\/franciscanos.org.br\/noticias\/vigario-geral-e-nomeado-bispo-pelo-papa-francisco.html#breadcrumb\",\"itemListElement\":[{\"@type\":\"ListItem\",\"position\":1,\"name\":\"Home\",\"item\":\"https:\/\/franciscanos.org.br\/noticias\"},{\"@type\":\"ListItem\",\"position\":2,\"name\":\"Vig\u00e1rio Geral \u00e9 nomeado bispo pelo Papa Francisco\"}]},{\"@type\":\"Person\",\"@id\":\"https:\/\/franciscanos.org.br\/noticias\/#\/schema\/person\/b5c8cba458c330ccff548b056e95a5d4\",\"name\":\"moacir\",\"image\":{\"@type\":\"ImageObject\",\"inLanguage\":\"pt-BR\",\"@id\":\"https:\/\/franciscanos.org.br\/noticias\/#\/schema\/person\/image\/\",\"url\":\"https:\/\/secure.gravatar.com\/avatar\/d08aa2ce4c8dd416d4479aa8536fcf64?s=96&d=mm&r=g\",\"contentUrl\":\"https:\/\/secure.gravatar.com\/avatar\/d08aa2ce4c8dd416d4479aa8536fcf64?s=96&d=mm&r=g\",\"caption\":\"moacir\"},\"url\":\"https:\/\/franciscanos.org.br\/noticias\/author\/moacir\"}]}<\/script>\n<!-- \/ Yoast SEO plugin. -->","yoast_head_json":{"title":"Vig\u00e1rio Geral \u00e9 nomeado bispo pelo Papa Francisco - Not\u00edcias - Franciscanos","robots":{"index":"index","follow":"follow","max-snippet":"max-snippet:-1","max-image-preview":"max-image-preview:large","max-video-preview":"max-video-preview:-1"},"canonical":"https:\/\/franciscanos.org.br\/noticias\/vigario-geral-e-nomeado-bispo-pelo-papa-francisco.html","og_locale":"pt_BR","og_type":"article","og_title":"Vig\u00e1rio Geral \u00e9 nomeado bispo pelo Papa Francisco - Not\u00edcias - Franciscanos","og_description":"Ordem dos Frades Menores","og_url":"https:\/\/franciscanos.org.br\/noticias\/vigario-geral-e-nomeado-bispo-pelo-papa-francisco.html","og_site_name":"Not\u00edcias - Franciscanos","article_published_time":"2022-04-23T10:25:44+00:00","article_modified_time":"2022-04-23T13:17:16+00:00","og_image":[{"width":1280,"height":720,"url":"https:\/\/franciscanos.org.br\/noticias\/wp-content\/uploads\/2022\/04\/isauro_03.jpg","type":"image\/jpeg"}],"author":"moacir","twitter_card":"summary_large_image","twitter_misc":{"Escrito por":"moacir","Est. tempo de leitura":"6 minutos"},"schema":{"@context":"https:\/\/schema.org","@graph":[{"@type":"WebSite","@id":"https:\/\/franciscanos.org.br\/noticias\/#website","url":"https:\/\/franciscanos.org.br\/noticias\/","name":"Not\u00edcias - Franciscanos","description":"Prov\u00edncia Franciscana da Imaculada Concei\u00e7\u00e3o do Brasil - Ordem dos Frades Menores - OFM","potentialAction":[{"@type":"SearchAction","target":{"@type":"EntryPoint","urlTemplate":"https:\/\/franciscanos.org.br\/noticias\/?s={search_term_string}"},"query-input":"required name=search_term_string"}],"inLanguage":"pt-BR"},{"@type":"ImageObject","inLanguage":"pt-BR","@id":"https:\/\/franciscanos.org.br\/noticias\/vigario-geral-e-nomeado-bispo-pelo-papa-francisco.html#primaryimage","url":"https:\/\/franciscanos.org.br\/noticias\/wp-content\/uploads\/2022\/04\/isauro_03.jpg","contentUrl":"https:\/\/franciscanos.org.br\/noticias\/wp-content\/uploads\/2022\/04\/isauro_03.jpg","width":1280,"height":720},{"@type":"WebPage","@id":"https:\/\/franciscanos.org.br\/noticias\/vigario-geral-e-nomeado-bispo-pelo-papa-francisco.html#webpage","url":"https:\/\/franciscanos.org.br\/noticias\/vigario-geral-e-nomeado-bispo-pelo-papa-francisco.html","name":"Vig\u00e1rio Geral \u00e9 nomeado bispo pelo Papa Francisco - Not\u00edcias - Franciscanos","isPartOf":{"@id":"https:\/\/franciscanos.org.br\/noticias\/#website"},"primaryImageOfPage":{"@id":"https:\/\/franciscanos.org.br\/noticias\/vigario-geral-e-nomeado-bispo-pelo-papa-francisco.html#primaryimage"},"datePublished":"2022-04-23T10:25:44+00:00","dateModified":"2022-04-23T13:17:16+00:00","author":{"@id":"https:\/\/franciscanos.org.br\/noticias\/#\/schema\/person\/b5c8cba458c330ccff548b056e95a5d4"},"breadcrumb":{"@id":"https:\/\/franciscanos.org.br\/noticias\/vigario-geral-e-nomeado-bispo-pelo-papa-francisco.html#breadcrumb"},"inLanguage":"pt-BR","potentialAction":[{"@type":"ReadAction","target":["https:\/\/franciscanos.org.br\/noticias\/vigario-geral-e-nomeado-bispo-pelo-papa-francisco.html"]}]},{"@type":"BreadcrumbList","@id":"https:\/\/franciscanos.org.br\/noticias\/vigario-geral-e-nomeado-bispo-pelo-papa-francisco.html#breadcrumb","itemListElement":[{"@type":"ListItem","position":1,"name":"Home","item":"https:\/\/franciscanos.org.br\/noticias"},{"@type":"ListItem","position":2,"name":"Vig\u00e1rio Geral \u00e9 nomeado bispo pelo Papa Francisco"}]},{"@type":"Person","@id":"https:\/\/franciscanos.org.br\/noticias\/#\/schema\/person\/b5c8cba458c330ccff548b056e95a5d4","name":"moacir","image":{"@type":"ImageObject","inLanguage":"pt-BR","@id":"https:\/\/franciscanos.org.br\/noticias\/#\/schema\/person\/image\/","url":"https:\/\/secure.gravatar.com\/avatar\/d08aa2ce4c8dd416d4479aa8536fcf64?s=96&d=mm&r=g","contentUrl":"https:\/\/secure.gravatar.com\/avatar\/d08aa2ce4c8dd416d4479aa8536fcf64?s=96&d=mm&r=g","caption":"moacir"},"url":"https:\/\/franciscanos.org.br\/noticias\/author\/moacir"}]}},"_links":{"self":[{"href":"https:\/\/franciscanos.org.br\/noticias\/wp-json\/wp\/v2\/posts\/237454"}],"collection":[{"href":"https:\/\/franciscanos.org.br\/noticias\/wp-json\/wp\/v2\/posts"}],"about":[{"href":"https:\/\/franciscanos.org.br\/noticias\/wp-json\/wp\/v2\/types\/post"}],"author":[{"embeddable":true,"href":"https:\/\/franciscanos.org.br\/noticias\/wp-json\/wp\/v2\/users\/3"}],"replies":[{"embeddable":true,"href":"https:\/\/franciscanos.org.br\/noticias\/wp-json\/wp\/v2\/comments?post=237454"}],"version-history":[{"count":8,"href":"https:\/\/franciscanos.org.br\/noticias\/wp-json\/wp\/v2\/posts\/237454\/revisions"}],"predecessor-version":[{"id":237458,"href":"https:\/\/franciscanos.org.br\/noticias\/wp-json\/wp\/v2\/posts\/237454\/revisions\/237458"}],"wp:featuredmedia":[{"embeddable":true,"href":"https:\/\/franciscanos.org.br\/noticias\/wp-json\/wp\/v2\/media\/237455"}],"wp:attachment":[{"href":"https:\/\/franciscanos.org.br\/noticias\/wp-json\/wp\/v2\/media?parent=237454"}],"wp:term":[{"taxonomy":"category","embeddable":true,"href":"https:\/\/franciscanos.org.br\/noticias\/wp-json\/wp\/v2\/categories?post=237454"},{"taxonomy":"post_tag","embeddable":true,"href":"https:\/\/franciscanos.org.br\/noticias\/wp-json\/wp\/v2\/tags?post=237454"}],"curies":[{"name":"wp","href":"https:\/\/api.w.org\/{rel}","templated":true}]}}