{"id":237439,"date":"2022-04-22T20:01:16","date_gmt":"2022-04-22T23:01:16","guid":{"rendered":"https:\/\/franciscanos.org.br\/noticias\/?p=237439"},"modified":"2023-01-03T14:13:09","modified_gmt":"2023-01-03T17:13:09","slug":"no-sexto-dia-do-oitavario-um-clamor-pelo-cuidado-da-casa-comum","status":"publish","type":"post","link":"https:\/\/franciscanos.org.br\/noticias\/no-sexto-dia-do-oitavario-um-clamor-pelo-cuidado-da-casa-comum.html","title":{"rendered":"No sexto dia do Oitav\u00e1rio, um clamor pelo cuidado da Casa Comum"},"content":{"rendered":"<p><img loading=\"lazy\" class=\"alignnone wp-image-237440 size-full\" src=\"https:\/\/franciscanos.org.br\/noticias\/wp-content\/uploads\/2022\/04\/sextodia_2204_2.jpg\" alt=\"\" width=\"1280\" height=\"720\" srcset=\"https:\/\/franciscanos.org.br\/noticias\/wp-content\/uploads\/2022\/04\/sextodia_2204_2.jpg 1280w, https:\/\/franciscanos.org.br\/noticias\/wp-content\/uploads\/2022\/04\/sextodia_2204_2-450x253.jpg 450w, https:\/\/franciscanos.org.br\/noticias\/wp-content\/uploads\/2022\/04\/sextodia_2204_2-1024x576.jpg 1024w, https:\/\/franciscanos.org.br\/noticias\/wp-content\/uploads\/2022\/04\/sextodia_2204_2-768x432.jpg 768w, https:\/\/franciscanos.org.br\/noticias\/wp-content\/uploads\/2022\/04\/sextodia_2204_2-150x84.jpg 150w\" sizes=\"(max-width: 1280px) 100vw, 1280px\" \/><\/p>\n<p><strong>Vila Velha (ES) &#8211;<\/strong> Tendo como inspira\u00e7\u00e3o S\u00e3o Francisco de Assis, a Virgem da Penha e o Papa Francisco, o sexto dia do Oitav\u00e1rio da 452\u00aa Festa da Penha, nesta sexta-feira (22\/4), uniu numa s\u00f3 voz as reflex\u00f5es em torno do tema do dia &#8220;Sa\u00fade do Planeta&#8221;. A come\u00e7ar pelo Frei M\u00e1rio Aparecido, agostiniano, que fez a homilia da Santa Missa, e Frei Je\u00e2 Paulo Anddrade, que fez a reflex\u00e3o do Momento Devocional.<\/p>\n<p>Hoje foi o dia da \u00c1rea Pastoral da Capital capixaba se responsabilizar pela liturgia da Celebra\u00e7\u00e3o Eucar\u00edstica, que foi presidida pelo p\u00e1roco Pe. Robson Lemos, da Par\u00f3quia Nossa Senhora das Gra\u00e7as, de Jucutuquara. Os franciscanos do Convento da Penha e da Prov\u00edncia da Imaculada acolheram os sacerdotes e religiosos desta regi\u00e3o pastoral e o povo que lotou o Campinho, num dia de calor e sol forte.<\/p>\n<p><img loading=\"lazy\" class=\"alignnone wp-image-237441 size-full\" src=\"https:\/\/franciscanos.org.br\/noticias\/wp-content\/uploads\/2022\/04\/sextodia_2204_9.jpg\" alt=\"\" width=\"1183\" height=\"1352\" srcset=\"https:\/\/franciscanos.org.br\/noticias\/wp-content\/uploads\/2022\/04\/sextodia_2204_9.jpg 945w, https:\/\/franciscanos.org.br\/noticias\/wp-content\/uploads\/2022\/04\/sextodia_2204_9-394x450.jpg 394w, https:\/\/franciscanos.org.br\/noticias\/wp-content\/uploads\/2022\/04\/sextodia_2204_9-896x1024.jpg 896w, https:\/\/franciscanos.org.br\/noticias\/wp-content\/uploads\/2022\/04\/sextodia_2204_9-768x878.jpg 768w, https:\/\/franciscanos.org.br\/noticias\/wp-content\/uploads\/2022\/04\/sextodia_2204_9-150x171.jpg 150w\" sizes=\"(max-width: 1183px) 100vw, 1183px\" \/><\/p>\n<p>O tema deste ano da Festa \u00e9 \u201cSa\u00fade dos enfermos, rogai por n\u00f3s\u201d, trecho da Ladainha de Nossa Senhora que foi escolhido devido ao momento pand\u00eamico que ainda vivemos. &#8220;Durante o Oitav\u00e1rio da P\u00e1scoa do Senhor, n\u00f3s escutamos, todos os dias, os relatos evang\u00e9licos sobre as apari\u00e7\u00f5es de Jesus Ressuscitado. Acabamos de ouvir uma parte do ap\u00eandice do Evangelho de Jo\u00e3o sobre a apari\u00e7\u00e3o do Ressuscitado na beira do Mar Tiber\u00edades, o Mar da Galileia. O Evangelho termina dizendo que esta foi a terceira vez que Jesus se manifestou aos disc\u00edpulos ap\u00f3s ter Ressuscitado dentre os mortos&#8221;, recordou Frei M\u00e1rio.<\/p>\n<p>&#8220;De fato, a ressurrei\u00e7\u00e3o de Jesus inaugurou nova era na hist\u00f3ria da humanidade. Ela restaurou a cria\u00e7\u00e3o e criou uma nova sociedade. No come\u00e7o, a ressurrei\u00e7\u00e3o, criou um certo alvoro\u00e7o na comunidade judaica, conforme escutamos na primeira leitura dos Atos dos Ap\u00f3stolos. Mas os disc\u00edpulos de Jesus estavam convictos dessa nova realidade. Por isso, Pedro exclama: &#8216;N\u00e3o existe debaixo do c\u00e9u outro nome dado aos homens pelo qual possamos ser salvos. Esse nome \u00e9 Jesus Cristo, o filho de Maria&#8217;. Portanto, com o seu sim ao projeto de Deus, a M\u00e3e de Jesus colaborou enormemente com a nossa salva\u00e7\u00e3o. Por isso, Maria, essa mulher universal, com tantos t\u00edtulos e nomes. Ela \u00e9 a Virgem da Penha, ela \u00e9 a Sa\u00fade dos Enfermos. A etimologia da palavra sa\u00fade, na l\u00edngua latina, significa sa\u00fade em sentido amplo, mas tamb\u00e9m significa salva\u00e7\u00e3o, conserva\u00e7\u00e3o da vida&#8221;, explicou, ressaltando: \u00c9 o que realizou Deus-Pai com ressurrei\u00e7\u00e3o de seu Filho Jesus Cristo. A ressurrei\u00e7\u00e3o de Jesus Cristo restaurou a obra da cria\u00e7\u00e3o.<\/p>\n<p><img loading=\"lazy\" class=\"alignnone wp-image-237442 size-full\" src=\"https:\/\/franciscanos.org.br\/noticias\/wp-content\/uploads\/2022\/04\/sextodia_2204_7.jpg\" alt=\"\" width=\"1280\" height=\"763\" srcset=\"https:\/\/franciscanos.org.br\/noticias\/wp-content\/uploads\/2022\/04\/sextodia_2204_7.jpg 1280w, https:\/\/franciscanos.org.br\/noticias\/wp-content\/uploads\/2022\/04\/sextodia_2204_7-450x268.jpg 450w, https:\/\/franciscanos.org.br\/noticias\/wp-content\/uploads\/2022\/04\/sextodia_2204_7-1024x610.jpg 1024w, https:\/\/franciscanos.org.br\/noticias\/wp-content\/uploads\/2022\/04\/sextodia_2204_7-768x458.jpg 768w, https:\/\/franciscanos.org.br\/noticias\/wp-content\/uploads\/2022\/04\/sextodia_2204_7-150x89.jpg 150w\" sizes=\"(max-width: 1280px) 100vw, 1280px\" \/><\/p>\n<p>Frei M\u00e1rio lembrou que desde 1986, a Campanha da Fraternidade vem trazendo um apelo para que cuidemos do Planeta Terra, com o lema &#8216;Terra de Deus e terra de irm\u00e3os&#8217;. A partir de ent\u00e3o, o cuidado com a terra foi tema de v\u00e1rias Campanhas da Fraternidade: &#8216;Por uma terra sem males&#8217; (2002), &#8216;A \u00e1gua fonte da vida&#8217; (2004), &#8216;A Fraternidade e a Amaz\u00f4nia&#8217; (2007), &#8216;Fraternidade e vida do planeta&#8217; (2011); &#8216;A casa Comum nossa responsabilidade&#8217; (2016), e &#8216;Biomas brasileiros e defesa da vida (2017).<\/p>\n<p>&#8220;Em 2015, o Papa Francisco chamou a aten\u00e7\u00e3o do mundo inteiro com a enc\u00edclica <em>Laudato Si&#8217;,<\/em> sobre o cuidado da Terra como nossa Casa Comum. Assim come\u00e7a o Papa: &#8216;Louvado sejas, meu Senhor, cantava S\u00e3o Francisco de Assis. Nesse gracioso c\u00e2ntico, recordava-nos que nossa casa comum ora se pode comparar a uma irm\u00e3, que partilhamos a exist\u00eancia, ora a uma boa m\u00e3e, que nos acolhe nos seus bra\u00e7os&#8217;. Mas j\u00e1 em seu in\u00edcio, o Papa denuncia os males que causamos \u00e0 Terra dizendo: &#8216;Esta irm\u00e3 clama contra o mal que provocamos por causa do uso irrespons\u00e1vel e do abuso dos bens que Deus nela colocou. Crescemos pensando que \u00e9ramos seus propriet\u00e1rios e dominadores, autorizados a saque\u00e1-la. A viol\u00eancia est\u00e1 no cora\u00e7\u00e3o humano, ferido pelo pecado, vislumbra-se nos sintomas de doen\u00e7a que notamos no solo, na \u00e1gua e nos seres vivos. Por isso, entre os pobres mais abandonados e maltratados da nossa Terra, oprimida e devastada, que geme e sofre as dores do parto, esquecemos que n\u00f3s mesmos somos terra'&#8221;, citou.<\/p>\n<p><img loading=\"lazy\" class=\"alignnone wp-image-237443 size-full\" src=\"https:\/\/franciscanos.org.br\/noticias\/wp-content\/uploads\/2022\/04\/sextodia_2204_11.jpg\" alt=\"\" width=\"1280\" height=\"960\" srcset=\"https:\/\/franciscanos.org.br\/noticias\/wp-content\/uploads\/2022\/04\/sextodia_2204_11.jpg 1280w, https:\/\/franciscanos.org.br\/noticias\/wp-content\/uploads\/2022\/04\/sextodia_2204_11-450x338.jpg 450w, https:\/\/franciscanos.org.br\/noticias\/wp-content\/uploads\/2022\/04\/sextodia_2204_11-1024x768.jpg 1024w, https:\/\/franciscanos.org.br\/noticias\/wp-content\/uploads\/2022\/04\/sextodia_2204_11-768x576.jpg 768w, https:\/\/franciscanos.org.br\/noticias\/wp-content\/uploads\/2022\/04\/sextodia_2204_11-150x113.jpg 150w, https:\/\/franciscanos.org.br\/noticias\/wp-content\/uploads\/2022\/04\/sextodia_2204_11-600x450.jpg 600w\" sizes=\"(max-width: 1280px) 100vw, 1280px\" \/><\/p>\n<p>O nosso corpo \u00e9 constitu\u00eddo pelos elementos do Planeta, disse o Papa. O seu ar permite nos respirar, e a sua \u00e1gua vivifica-nos e restaura-nos. \u201cPortanto, queridos irm\u00e3os e irm\u00e3s, o cuidado com o Planeta Terra \u00e9 de nossa responsabilidade. Todo mal que fazemos contra a obra da cria\u00e7\u00e3o, constitui um pecado. Pe\u00e7amos, nesta tarde, a intercess\u00e3o de Maria, Sa\u00fade dos Enfermos, para que sejamos curados desse pecado e aprendamos a cuidar do Planta Terra, nossa casa, e como Maria, em tudo fazer a vontade de Deus. Desde essa montanha, onde foi constru\u00edda essa casa de Maria, o Convento da Penha, podemos contemplar as maravilhas da obra da cria\u00e7\u00e3o: As plantas, as \u00e1guas, as montanhas e as pessoas. Tudo isso \u00e9 reflexo da beleza e da bondade de Deus e como S\u00e3o Francisco de Assis, podemos dizer: Louvado sejas, meu Senhor!&#8221;, concluiu.<\/p>\n<p><img loading=\"lazy\" class=\"alignnone wp-image-237444 size-full\" src=\"https:\/\/franciscanos.org.br\/noticias\/wp-content\/uploads\/2022\/04\/sextodia_2204_1.jpg\" alt=\"\" width=\"1280\" height=\"960\" srcset=\"https:\/\/franciscanos.org.br\/noticias\/wp-content\/uploads\/2022\/04\/sextodia_2204_1.jpg 1280w, https:\/\/franciscanos.org.br\/noticias\/wp-content\/uploads\/2022\/04\/sextodia_2204_1-450x338.jpg 450w, https:\/\/franciscanos.org.br\/noticias\/wp-content\/uploads\/2022\/04\/sextodia_2204_1-1024x768.jpg 1024w, https:\/\/franciscanos.org.br\/noticias\/wp-content\/uploads\/2022\/04\/sextodia_2204_1-768x576.jpg 768w, https:\/\/franciscanos.org.br\/noticias\/wp-content\/uploads\/2022\/04\/sextodia_2204_1-150x113.jpg 150w, https:\/\/franciscanos.org.br\/noticias\/wp-content\/uploads\/2022\/04\/sextodia_2204_1-600x450.jpg 600w\" sizes=\"(max-width: 1280px) 100vw, 1280px\" \/><\/p>\n<p><strong>ROMARIA DOS MILITARES NO OITAV\u00c1RIO<\/strong><\/p>\n<p>O Momento Devocional Franciscano, que antecede a Santa Missa, marcou o testemunho e a homenagem dos Militares a Nossa Senhora da Penha. \u00c0s 14h00, a prociss\u00e3o, reunindo cerca de 100 militares, subiu a ladeira do Convento da Penha e chegou ao Campinho. A imagem de Nossa Senhora foi trazida num andor por um representante do Ex\u00e9rcito, da Marinha, da Pol\u00edcia Militar e do Corpo de Bombeiros. O guardi\u00e3o do Convento, Frei Djalmo Fuck, fez a acolhida e pediu que rezassem pelos &#8220;respons\u00e1veis por nossa seguran\u00e7a&#8221;.<\/p>\n<p>Pe. Adelson Soares da Silva, que \u00e9 Capel\u00e3o da Marinha, fez uma oferta a Nossa Senhora da Penha da Escola de Aprendizes de Marinheiros. Foram ofertados dois s\u00edmbolos da Marinha: um quepe, que funciona como uma cobertura, pedindo que Nossa Senhora continue cobrindo e protegendo os militares e um apito marinheiro, que \u00e9 utilizado para as manobras de navio e para marcar presen\u00e7as importantes para a Marinha. \u201cQue Nossa Senhora continue no comando das nossas manobras e que seja sempre uma presen\u00e7a ilustre na nossa vida e na vida dos nossos marinheiros\u201d, disse.<\/p>\n<p><img loading=\"lazy\" class=\"alignnone wp-image-237445 size-full\" src=\"https:\/\/franciscanos.org.br\/noticias\/wp-content\/uploads\/2022\/04\/sextodia_2204_4.jpg\" alt=\"\" width=\"1280\" height=\"807\" srcset=\"https:\/\/franciscanos.org.br\/noticias\/wp-content\/uploads\/2022\/04\/sextodia_2204_4.jpg 1280w, https:\/\/franciscanos.org.br\/noticias\/wp-content\/uploads\/2022\/04\/sextodia_2204_4-450x284.jpg 450w, https:\/\/franciscanos.org.br\/noticias\/wp-content\/uploads\/2022\/04\/sextodia_2204_4-1024x646.jpg 1024w, https:\/\/franciscanos.org.br\/noticias\/wp-content\/uploads\/2022\/04\/sextodia_2204_4-768x484.jpg 768w, https:\/\/franciscanos.org.br\/noticias\/wp-content\/uploads\/2022\/04\/sextodia_2204_4-150x95.jpg 150w\" sizes=\"(max-width: 1280px) 100vw, 1280px\" \/><\/p>\n<p>Frei Je\u00e2 Paulo Andrade, do Servi\u00e7o de Anima\u00e7\u00e3o Vocacional da Prov\u00edncia, fez a reflex\u00e3o sobre o tema do dia da Festa da Penha: &#8216;Sa\u00fade do Planeta&#8217;. Teve como base o texto do G\u00eanesis (2,15): &#8220;Jav\u00e9 Deus colocou o homem no Jardim do \u00c9den, para que o cultivasse e o guardasse&#8221;.<\/p>\n<p>&#8220;Neste Oitav\u00e1rio, estamos pensando em Maria como a M\u00e3e Protetora, a M\u00e3e que nos ama, que cuida da sa\u00fade de todos n\u00f3s. A leitura do G\u00eanesis nos coloca a cada um de n\u00f3s como cuidadores deste grande jardim. Precisamos cultivar e guardar como se fosse a nossa pr\u00f3pria casa. H\u00e1 alguns s\u00e9culos, Frei Pedro Pal\u00e1cios buscou uma ermida para que pudesse ter uma casa para Nossa Senhora. E encontrou esse ref\u00fagio, justamente nesta rocha, nessa penha, que ele construiu esse santu\u00e1rio&#8221;, disse Frei Je\u00e2.<\/p>\n\n\t\t<style type=\"text\/css\">\n\t\t\t#gallery-1 {\n\t\t\t\tmargin: auto;\n\t\t\t}\n\t\t\t#gallery-1 .gallery-item {\n\t\t\t\tfloat: left;\n\t\t\t\tmargin-top: 10px;\n\t\t\t\ttext-align: center;\n\t\t\t\twidth: 25%;\n\t\t\t}\n\t\t\t#gallery-1 img {\n\t\t\t\tborder: 2px solid #cfcfcf;\n\t\t\t}\n\t\t\t#gallery-1 .gallery-caption {\n\t\t\t\tmargin-left: 0;\n\t\t\t}\n\t\t\t\/* see gallery_shortcode() in wp-includes\/media.php *\/\n\t\t<\/style>\n\t\t<div id='gallery-1' class='gallery galleryid-237439 gallery-columns-4 gallery-size-thumbnail'><dl class='gallery-item'>\n\t\t\t<dt class='gallery-icon landscape'>\n\t\t\t\t<a href='https:\/\/franciscanos.org.br\/noticias\/wp-content\/uploads\/2022\/04\/sextodia_2204_3.jpg'><img width=\"300\" height=\"300\" src=\"https:\/\/franciscanos.org.br\/noticias\/wp-content\/uploads\/2022\/04\/sextodia_2204_3-300x300.jpg\" class=\"attachment-thumbnail size-thumbnail\" alt=\"\" loading=\"lazy\" srcset=\"https:\/\/franciscanos.org.br\/noticias\/wp-content\/uploads\/2022\/04\/sextodia_2204_3-300x300.jpg 300w, https:\/\/franciscanos.org.br\/noticias\/wp-content\/uploads\/2022\/04\/sextodia_2204_3-100x100.jpg 100w\" sizes=\"(max-width: 300px) 100vw, 300px\" \/><\/a>\n\t\t\t<\/dt><\/dl><dl class='gallery-item'>\n\t\t\t<dt class='gallery-icon landscape'>\n\t\t\t\t<a href='https:\/\/franciscanos.org.br\/noticias\/wp-content\/uploads\/2022\/04\/sextodia_2204_6.jpg'><img width=\"300\" height=\"300\" src=\"https:\/\/franciscanos.org.br\/noticias\/wp-content\/uploads\/2022\/04\/sextodia_2204_6-300x300.jpg\" class=\"attachment-thumbnail size-thumbnail\" alt=\"\" loading=\"lazy\" srcset=\"https:\/\/franciscanos.org.br\/noticias\/wp-content\/uploads\/2022\/04\/sextodia_2204_6-300x300.jpg 300w, https:\/\/franciscanos.org.br\/noticias\/wp-content\/uploads\/2022\/04\/sextodia_2204_6-100x100.jpg 100w\" sizes=\"(max-width: 300px) 100vw, 300px\" \/><\/a>\n\t\t\t<\/dt><\/dl><dl class='gallery-item'>\n\t\t\t<dt class='gallery-icon landscape'>\n\t\t\t\t<a href='https:\/\/franciscanos.org.br\/noticias\/wp-content\/uploads\/2022\/04\/sextodia_2204_10.jpg'><img width=\"300\" height=\"300\" src=\"https:\/\/franciscanos.org.br\/noticias\/wp-content\/uploads\/2022\/04\/sextodia_2204_10-300x300.jpg\" class=\"attachment-thumbnail size-thumbnail\" alt=\"\" loading=\"lazy\" srcset=\"https:\/\/franciscanos.org.br\/noticias\/wp-content\/uploads\/2022\/04\/sextodia_2204_10-300x300.jpg 300w, https:\/\/franciscanos.org.br\/noticias\/wp-content\/uploads\/2022\/04\/sextodia_2204_10-100x100.jpg 100w\" sizes=\"(max-width: 300px) 100vw, 300px\" \/><\/a>\n\t\t\t<\/dt><\/dl><dl class='gallery-item'>\n\t\t\t<dt class='gallery-icon landscape'>\n\t\t\t\t<a href='https:\/\/franciscanos.org.br\/noticias\/wp-content\/uploads\/2022\/04\/sextodia_2204_12.jpg'><img width=\"300\" height=\"300\" src=\"https:\/\/franciscanos.org.br\/noticias\/wp-content\/uploads\/2022\/04\/sextodia_2204_12-300x300.jpg\" class=\"attachment-thumbnail size-thumbnail\" alt=\"\" loading=\"lazy\" srcset=\"https:\/\/franciscanos.org.br\/noticias\/wp-content\/uploads\/2022\/04\/sextodia_2204_12-300x300.jpg 300w, https:\/\/franciscanos.org.br\/noticias\/wp-content\/uploads\/2022\/04\/sextodia_2204_12-100x100.jpg 100w\" sizes=\"(max-width: 300px) 100vw, 300px\" \/><\/a>\n\t\t\t<\/dt><\/dl><br style=\"clear: both\" \/>\n\t\t<\/div>\n\n<p><em>\u00a0 \u00a0 \u00a0(toque nas imagens para ampli\u00e1-las)<\/em><\/p>\n<p>Segundo o frade, a gente pode pensar em lugares onde encontramos descanso, onde nos refugiamos quando estamos cansados, tristes e estressados. &#8220;E no meio dessa mata, aqui no alto dessa montanha, Frei Pedro Pal\u00e1cios construiu essa casa de ora\u00e7\u00e3o. Um lugar para nos aproximarmos de Deus. \u00c9 um lugar de paz, porque \u00e9 um lugar bem cuidado&#8221;, acrescentou o frade.<\/p>\n<p>Ele, ent\u00e3o, pediu para olharem para imagem de Nossa Senhora da Penha e observassem que ela est\u00e1 carregando o Menino Jesus e ele carrega em suas m\u00e3os um globo. &#8220;Este s\u00edmbolo representando nossa casa, nos diz que Jesus \u00e9 quem sustenta o mundo e quem o mant\u00e9m. A cruz sobre esse globo terrestre nos fala que foi atrav\u00e9s dela que Jesus salvou a humanidade. Quando pensamos no cuidado da nossa casa, da nossa terra, precisamos conceber a cada um de n\u00f3s como jardineiro, cuidador dessa grande obra. Quando n\u00f3s cuidamos, limpamos, fazemos tudo para que nossa casa fique apresent\u00e1vel. Esse globo que Jesus carrega \u00e9 a casa de todos n\u00f3s. Precisa ser cuidada, precisa acolhida\u201d.<\/p>\n<p><img loading=\"lazy\" class=\"alignnone size-full wp-image-237450\" src=\"https:\/\/franciscanos.org.br\/noticias\/wp-content\/uploads\/2022\/04\/sextodia_2204_8.jpg\" alt=\"\" width=\"1280\" height=\"1707\" srcset=\"https:\/\/franciscanos.org.br\/noticias\/wp-content\/uploads\/2022\/04\/sextodia_2204_8.jpg 810w, https:\/\/franciscanos.org.br\/noticias\/wp-content\/uploads\/2022\/04\/sextodia_2204_8-337x450.jpg 337w, https:\/\/franciscanos.org.br\/noticias\/wp-content\/uploads\/2022\/04\/sextodia_2204_8-768x1024.jpg 768w, https:\/\/franciscanos.org.br\/noticias\/wp-content\/uploads\/2022\/04\/sextodia_2204_8-1152x1536.jpg 1152w, https:\/\/franciscanos.org.br\/noticias\/wp-content\/uploads\/2022\/04\/sextodia_2204_8-150x200.jpg 150w\" sizes=\"(max-width: 1280px) 100vw, 1280px\" \/><\/p>\n<p>Frei Je\u00e2 lembrou que S\u00e3o Francisco de Assis, h\u00e1 oitocentos anos, clamava a Deus pela natureza toda, por todas as suas criaturas, quando ele cantava:<\/p>\n<p style=\"padding-left: 40px;\"><em>&#8220;Alt\u00edssimo, onipotente, bom Senhor,<\/em><\/p>\n<p style=\"padding-left: 40px;\"><em>teus s\u00e3o o louvor, a gl\u00f3ria e a honra e toda a b\u00ean\u00e7\u00e3o.<\/em><\/p>\n<p style=\"padding-left: 40px;\"><em>Somente a ti, \u00f3 Alt\u00edssimo, eles conv\u00e9m,<\/em><\/p>\n<p style=\"padding-left: 40px;\"><em>e homem algum \u00e9 digno de mencionar-te.<\/em><\/p>\n<p style=\"padding-left: 40px;\"><em>Louvado sejas, meu Senhor, com todas as tuas criaturas&#8221;.<\/em><\/p>\n<p>&#8220;Queremos, cada dia mais, servir em nosso cora\u00e7\u00e3o o desejo de cuidar, de amar a todas as criaturas. Porque \u00e9 cuidando do nosso Planeta que estaremos tamb\u00e9m saud\u00e1veis. N\u00f3s, muitas vezes, podemos nos comportar como esse v\u00edrus que quer destruir a nossa casa, mas precisamos saber que quando n\u00f3s mesmos cuidamos, estamos sendo ant\u00eddotos para esse v\u00edrus. Que Maria nos ajude a preservar a nossa Casa Comum!&#8221;, concluiu.<\/p>\n<p>No final, os profissionais que defendem o Meio Ambiente ofertaram mudas de plantas, dois bombeiros ofertaram seus capacetes, usados em combate de inc\u00eandio, crian\u00e7as se enfeitarm de sol, lua, flores, bichos e se juntaram aos profissionais perto da imagem, enquanto se cantou o &#8220;C\u00e2ntico das Criaturas&#8221;.<\/p>\n<hr \/>\n<p><strong>PROGRAMA\u00c7\u00c3O <\/strong><\/p>\n<p><strong>Dia 23, s\u00e1bado \u2013 7\u00ba dia do Oitav\u00e1rio<\/strong><br \/>\n<strong>Tema do dia: Maria, caminho de sa\u00fade e salva\u00e7\u00e3o<\/strong><br \/>\n7h00 \u2013 Missa (Comunidade Franciscana), presenciais no Campinho<br \/>\n8h00 \u2013 Romaria das pessoas com defici\u00eancia e missa, Igreja do Ros\u00e1rio na Prainha<br \/>\n8h00 \u2013 Remaria, Concentra\u00e7\u00e3o Praia da Costa<br \/>\n9h00 \u2013 Missa com a Romaria da Diocese de S\u00e3o Mateus \u2013 Transmiss\u00e3o ao vivo (Tvs, r\u00e1dios, internet), presencial no Campinho<br \/>\n10h00 \u2013 Translado da imagem de N. Sra da Penha pela Ba\u00eda de Vit\u00f3ria \u2013 sa\u00edda da EAMES<br \/>\n10 \u00e0s 22h00 \u2013 Coletivo Criativo Prainha na Festa da Penha, Pra\u00e7a Ot\u00e1vio Ara\u00fajo, atr\u00e1s da Igreja do Ros\u00e1rio<br \/>\n10h00 \u2013 Romaria dos Adolescentes \u2013 Concentra\u00e7\u00e3o Port\u00e3o do Convento<br \/>\n11h00 \u2013 Missa com os adolescentes, presencial no Campinho<br \/>\n14h00 \u2013 Programa Salve M\u00e3e das Alegrias \u2013 Transmiss\u00e3o ao vivo (TVs, r\u00e1dios, internet)<br \/>\n15h30 \u2013 Devocional Oitav\u00e1rio (Comunidade Franciscana) \u2013 Transmiss\u00e3o ao vivo (TVs, r\u00e1dios, internet), presencial no Campinho<br \/>\n16h00 \u2013 Missa 7\u00ba Dia Oitav\u00e1rio \u2013 Romaria da Diocese de Cachoeiro de Itapemirim \u2013 Transmiss\u00e3o ao vivo (TVs, r\u00e1dios, internet), presencial no Campinho<br \/>\n18h00 \u2013 Missa de Envio da Romaria dos Homens, Catedral de Vit\u00f3ria<br \/>\n23h00 \u2013 Missa de encerramento da Romaria dos Homens, no Parque da Prainha Vila Velha<\/p>\n<hr \/>\n<p><em>Comunica\u00e7\u00e3o da Prov\u00edncia da Imaculada Concei\u00e7\u00e3o<\/em><\/p>\n","protected":false},"excerpt":{"rendered":"<p>Sexto dia do Oitav\u00e1rio da Festa da Penha<\/p>\n","protected":false},"author":3,"featured_media":237440,"comment_status":"open","ping_status":"open","sticky":false,"template":"","format":"standard","meta":[],"categories":[1],"tags":[1999],"acf":[],"yoast_head":"<!-- This site is optimized with the Yoast SEO plugin v19.2 - https:\/\/yoast.com\/wordpress\/plugins\/seo\/ -->\n<title>No sexto dia do Oitav\u00e1rio, um clamor pelo cuidado da Casa Comum - Not\u00edcias - Franciscanos<\/title>\n<meta name=\"robots\" content=\"index, follow, max-snippet:-1, max-image-preview:large, max-video-preview:-1\" \/>\n<link rel=\"canonical\" href=\"https:\/\/franciscanos.org.br\/noticias\/no-sexto-dia-do-oitavario-um-clamor-pelo-cuidado-da-casa-comum.html\" \/>\n<meta property=\"og:locale\" content=\"pt_BR\" \/>\n<meta property=\"og:type\" content=\"article\" \/>\n<meta property=\"og:title\" content=\"No sexto dia do Oitav\u00e1rio, um clamor pelo cuidado da Casa Comum - Not\u00edcias - Franciscanos\" \/>\n<meta property=\"og:description\" content=\"Sexto dia do Oitav\u00e1rio da Festa da Penha\" \/>\n<meta property=\"og:url\" content=\"https:\/\/franciscanos.org.br\/noticias\/no-sexto-dia-do-oitavario-um-clamor-pelo-cuidado-da-casa-comum.html\" \/>\n<meta property=\"og:site_name\" content=\"Not\u00edcias - Franciscanos\" \/>\n<meta property=\"article:published_time\" content=\"2022-04-22T23:01:16+00:00\" \/>\n<meta property=\"article:modified_time\" content=\"2023-01-03T17:13:09+00:00\" \/>\n<meta property=\"og:image\" content=\"https:\/\/franciscanos.org.br\/noticias\/wp-content\/uploads\/2022\/04\/sextodia_2204_2.jpg\" \/>\n\t<meta property=\"og:image:width\" content=\"1280\" \/>\n\t<meta property=\"og:image:height\" content=\"720\" \/>\n\t<meta property=\"og:image:type\" content=\"image\/jpeg\" \/>\n<meta name=\"author\" content=\"moacir\" \/>\n<meta name=\"twitter:card\" content=\"summary_large_image\" \/>\n<meta name=\"twitter:label1\" content=\"Escrito por\" \/>\n\t<meta name=\"twitter:data1\" content=\"moacir\" \/>\n\t<meta name=\"twitter:label2\" content=\"Est. tempo de leitura\" \/>\n\t<meta name=\"twitter:data2\" content=\"9 minutos\" \/>\n<script type=\"application\/ld+json\" class=\"yoast-schema-graph\">{\"@context\":\"https:\/\/schema.org\",\"@graph\":[{\"@type\":\"WebSite\",\"@id\":\"https:\/\/franciscanos.org.br\/noticias\/#website\",\"url\":\"https:\/\/franciscanos.org.br\/noticias\/\",\"name\":\"Not\u00edcias - Franciscanos\",\"description\":\"Prov\u00edncia Franciscana da Imaculada Concei\u00e7\u00e3o do Brasil - Ordem dos Frades Menores - OFM\",\"potentialAction\":[{\"@type\":\"SearchAction\",\"target\":{\"@type\":\"EntryPoint\",\"urlTemplate\":\"https:\/\/franciscanos.org.br\/noticias\/?s={search_term_string}\"},\"query-input\":\"required name=search_term_string\"}],\"inLanguage\":\"pt-BR\"},{\"@type\":\"ImageObject\",\"inLanguage\":\"pt-BR\",\"@id\":\"https:\/\/franciscanos.org.br\/noticias\/no-sexto-dia-do-oitavario-um-clamor-pelo-cuidado-da-casa-comum.html#primaryimage\",\"url\":\"https:\/\/franciscanos.org.br\/noticias\/wp-content\/uploads\/2022\/04\/sextodia_2204_2.jpg\",\"contentUrl\":\"https:\/\/franciscanos.org.br\/noticias\/wp-content\/uploads\/2022\/04\/sextodia_2204_2.jpg\",\"width\":1280,\"height\":720},{\"@type\":\"WebPage\",\"@id\":\"https:\/\/franciscanos.org.br\/noticias\/no-sexto-dia-do-oitavario-um-clamor-pelo-cuidado-da-casa-comum.html#webpage\",\"url\":\"https:\/\/franciscanos.org.br\/noticias\/no-sexto-dia-do-oitavario-um-clamor-pelo-cuidado-da-casa-comum.html\",\"name\":\"No sexto dia do Oitav\u00e1rio, um clamor pelo cuidado da Casa Comum - Not\u00edcias - Franciscanos\",\"isPartOf\":{\"@id\":\"https:\/\/franciscanos.org.br\/noticias\/#website\"},\"primaryImageOfPage\":{\"@id\":\"https:\/\/franciscanos.org.br\/noticias\/no-sexto-dia-do-oitavario-um-clamor-pelo-cuidado-da-casa-comum.html#primaryimage\"},\"datePublished\":\"2022-04-22T23:01:16+00:00\",\"dateModified\":\"2023-01-03T17:13:09+00:00\",\"author\":{\"@id\":\"https:\/\/franciscanos.org.br\/noticias\/#\/schema\/person\/b5c8cba458c330ccff548b056e95a5d4\"},\"breadcrumb\":{\"@id\":\"https:\/\/franciscanos.org.br\/noticias\/no-sexto-dia-do-oitavario-um-clamor-pelo-cuidado-da-casa-comum.html#breadcrumb\"},\"inLanguage\":\"pt-BR\",\"potentialAction\":[{\"@type\":\"ReadAction\",\"target\":[\"https:\/\/franciscanos.org.br\/noticias\/no-sexto-dia-do-oitavario-um-clamor-pelo-cuidado-da-casa-comum.html\"]}]},{\"@type\":\"BreadcrumbList\",\"@id\":\"https:\/\/franciscanos.org.br\/noticias\/no-sexto-dia-do-oitavario-um-clamor-pelo-cuidado-da-casa-comum.html#breadcrumb\",\"itemListElement\":[{\"@type\":\"ListItem\",\"position\":1,\"name\":\"Home\",\"item\":\"https:\/\/franciscanos.org.br\/noticias\"},{\"@type\":\"ListItem\",\"position\":2,\"name\":\"No sexto dia do Oitav\u00e1rio, um clamor pelo cuidado da Casa Comum\"}]},{\"@type\":\"Person\",\"@id\":\"https:\/\/franciscanos.org.br\/noticias\/#\/schema\/person\/b5c8cba458c330ccff548b056e95a5d4\",\"name\":\"moacir\",\"image\":{\"@type\":\"ImageObject\",\"inLanguage\":\"pt-BR\",\"@id\":\"https:\/\/franciscanos.org.br\/noticias\/#\/schema\/person\/image\/\",\"url\":\"https:\/\/secure.gravatar.com\/avatar\/d08aa2ce4c8dd416d4479aa8536fcf64?s=96&d=mm&r=g\",\"contentUrl\":\"https:\/\/secure.gravatar.com\/avatar\/d08aa2ce4c8dd416d4479aa8536fcf64?s=96&d=mm&r=g\",\"caption\":\"moacir\"},\"url\":\"https:\/\/franciscanos.org.br\/noticias\/author\/moacir\"}]}<\/script>\n<!-- \/ Yoast SEO plugin. -->","yoast_head_json":{"title":"No sexto dia do Oitav\u00e1rio, um clamor pelo cuidado da Casa Comum - Not\u00edcias - Franciscanos","robots":{"index":"index","follow":"follow","max-snippet":"max-snippet:-1","max-image-preview":"max-image-preview:large","max-video-preview":"max-video-preview:-1"},"canonical":"https:\/\/franciscanos.org.br\/noticias\/no-sexto-dia-do-oitavario-um-clamor-pelo-cuidado-da-casa-comum.html","og_locale":"pt_BR","og_type":"article","og_title":"No sexto dia do Oitav\u00e1rio, um clamor pelo cuidado da Casa Comum - Not\u00edcias - Franciscanos","og_description":"Sexto dia do Oitav\u00e1rio da Festa da Penha","og_url":"https:\/\/franciscanos.org.br\/noticias\/no-sexto-dia-do-oitavario-um-clamor-pelo-cuidado-da-casa-comum.html","og_site_name":"Not\u00edcias - Franciscanos","article_published_time":"2022-04-22T23:01:16+00:00","article_modified_time":"2023-01-03T17:13:09+00:00","og_image":[{"width":1280,"height":720,"url":"https:\/\/franciscanos.org.br\/noticias\/wp-content\/uploads\/2022\/04\/sextodia_2204_2.jpg","type":"image\/jpeg"}],"author":"moacir","twitter_card":"summary_large_image","twitter_misc":{"Escrito por":"moacir","Est. tempo de leitura":"9 minutos"},"schema":{"@context":"https:\/\/schema.org","@graph":[{"@type":"WebSite","@id":"https:\/\/franciscanos.org.br\/noticias\/#website","url":"https:\/\/franciscanos.org.br\/noticias\/","name":"Not\u00edcias - Franciscanos","description":"Prov\u00edncia Franciscana da Imaculada Concei\u00e7\u00e3o do Brasil - Ordem dos Frades Menores - OFM","potentialAction":[{"@type":"SearchAction","target":{"@type":"EntryPoint","urlTemplate":"https:\/\/franciscanos.org.br\/noticias\/?s={search_term_string}"},"query-input":"required name=search_term_string"}],"inLanguage":"pt-BR"},{"@type":"ImageObject","inLanguage":"pt-BR","@id":"https:\/\/franciscanos.org.br\/noticias\/no-sexto-dia-do-oitavario-um-clamor-pelo-cuidado-da-casa-comum.html#primaryimage","url":"https:\/\/franciscanos.org.br\/noticias\/wp-content\/uploads\/2022\/04\/sextodia_2204_2.jpg","contentUrl":"https:\/\/franciscanos.org.br\/noticias\/wp-content\/uploads\/2022\/04\/sextodia_2204_2.jpg","width":1280,"height":720},{"@type":"WebPage","@id":"https:\/\/franciscanos.org.br\/noticias\/no-sexto-dia-do-oitavario-um-clamor-pelo-cuidado-da-casa-comum.html#webpage","url":"https:\/\/franciscanos.org.br\/noticias\/no-sexto-dia-do-oitavario-um-clamor-pelo-cuidado-da-casa-comum.html","name":"No sexto dia do Oitav\u00e1rio, um clamor pelo cuidado da Casa Comum - Not\u00edcias - Franciscanos","isPartOf":{"@id":"https:\/\/franciscanos.org.br\/noticias\/#website"},"primaryImageOfPage":{"@id":"https:\/\/franciscanos.org.br\/noticias\/no-sexto-dia-do-oitavario-um-clamor-pelo-cuidado-da-casa-comum.html#primaryimage"},"datePublished":"2022-04-22T23:01:16+00:00","dateModified":"2023-01-03T17:13:09+00:00","author":{"@id":"https:\/\/franciscanos.org.br\/noticias\/#\/schema\/person\/b5c8cba458c330ccff548b056e95a5d4"},"breadcrumb":{"@id":"https:\/\/franciscanos.org.br\/noticias\/no-sexto-dia-do-oitavario-um-clamor-pelo-cuidado-da-casa-comum.html#breadcrumb"},"inLanguage":"pt-BR","potentialAction":[{"@type":"ReadAction","target":["https:\/\/franciscanos.org.br\/noticias\/no-sexto-dia-do-oitavario-um-clamor-pelo-cuidado-da-casa-comum.html"]}]},{"@type":"BreadcrumbList","@id":"https:\/\/franciscanos.org.br\/noticias\/no-sexto-dia-do-oitavario-um-clamor-pelo-cuidado-da-casa-comum.html#breadcrumb","itemListElement":[{"@type":"ListItem","position":1,"name":"Home","item":"https:\/\/franciscanos.org.br\/noticias"},{"@type":"ListItem","position":2,"name":"No sexto dia do Oitav\u00e1rio, um clamor pelo cuidado da Casa Comum"}]},{"@type":"Person","@id":"https:\/\/franciscanos.org.br\/noticias\/#\/schema\/person\/b5c8cba458c330ccff548b056e95a5d4","name":"moacir","image":{"@type":"ImageObject","inLanguage":"pt-BR","@id":"https:\/\/franciscanos.org.br\/noticias\/#\/schema\/person\/image\/","url":"https:\/\/secure.gravatar.com\/avatar\/d08aa2ce4c8dd416d4479aa8536fcf64?s=96&d=mm&r=g","contentUrl":"https:\/\/secure.gravatar.com\/avatar\/d08aa2ce4c8dd416d4479aa8536fcf64?s=96&d=mm&r=g","caption":"moacir"},"url":"https:\/\/franciscanos.org.br\/noticias\/author\/moacir"}]}},"_links":{"self":[{"href":"https:\/\/franciscanos.org.br\/noticias\/wp-json\/wp\/v2\/posts\/237439"}],"collection":[{"href":"https:\/\/franciscanos.org.br\/noticias\/wp-json\/wp\/v2\/posts"}],"about":[{"href":"https:\/\/franciscanos.org.br\/noticias\/wp-json\/wp\/v2\/types\/post"}],"author":[{"embeddable":true,"href":"https:\/\/franciscanos.org.br\/noticias\/wp-json\/wp\/v2\/users\/3"}],"replies":[{"embeddable":true,"href":"https:\/\/franciscanos.org.br\/noticias\/wp-json\/wp\/v2\/comments?post=237439"}],"version-history":[{"count":4,"href":"https:\/\/franciscanos.org.br\/noticias\/wp-json\/wp\/v2\/posts\/237439\/revisions"}],"predecessor-version":[{"id":241528,"href":"https:\/\/franciscanos.org.br\/noticias\/wp-json\/wp\/v2\/posts\/237439\/revisions\/241528"}],"wp:featuredmedia":[{"embeddable":true,"href":"https:\/\/franciscanos.org.br\/noticias\/wp-json\/wp\/v2\/media\/237440"}],"wp:attachment":[{"href":"https:\/\/franciscanos.org.br\/noticias\/wp-json\/wp\/v2\/media?parent=237439"}],"wp:term":[{"taxonomy":"category","embeddable":true,"href":"https:\/\/franciscanos.org.br\/noticias\/wp-json\/wp\/v2\/categories?post=237439"},{"taxonomy":"post_tag","embeddable":true,"href":"https:\/\/franciscanos.org.br\/noticias\/wp-json\/wp\/v2\/tags?post=237439"}],"curies":[{"name":"wp","href":"https:\/\/api.w.org\/{rel}","templated":true}]}}