{"id":237421,"date":"2022-04-21T20:30:14","date_gmt":"2022-04-21T23:30:14","guid":{"rendered":"https:\/\/franciscanos.org.br\/noticias\/?p=237421"},"modified":"2023-01-03T14:13:54","modified_gmt":"2023-01-03T17:13:54","slug":"quintodiaoitavario","status":"publish","type":"post","link":"https:\/\/franciscanos.org.br\/noticias\/quintodiaoitavario.html","title":{"rendered":"&#8220;Vivemos num mundo de rela\u00e7\u00f5es, mas a rela\u00e7\u00e3o com Deus muitas vezes \u00e9 deixada de lado&#8221;, alerta Pe. Andr\u00e9"},"content":{"rendered":"<p><img loading=\"lazy\" class=\"alignnone wp-image-237422 size-full\" src=\"https:\/\/franciscanos.org.br\/noticias\/wp-content\/uploads\/2022\/04\/quintodia_2104.jpg\" alt=\"\" width=\"1280\" height=\"720\" srcset=\"https:\/\/franciscanos.org.br\/noticias\/wp-content\/uploads\/2022\/04\/quintodia_2104.jpg 1280w, https:\/\/franciscanos.org.br\/noticias\/wp-content\/uploads\/2022\/04\/quintodia_2104-450x253.jpg 450w, https:\/\/franciscanos.org.br\/noticias\/wp-content\/uploads\/2022\/04\/quintodia_2104-1024x576.jpg 1024w, https:\/\/franciscanos.org.br\/noticias\/wp-content\/uploads\/2022\/04\/quintodia_2104-768x432.jpg 768w, https:\/\/franciscanos.org.br\/noticias\/wp-content\/uploads\/2022\/04\/quintodia_2104-150x84.jpg 150w\" sizes=\"(max-width: 1280px) 100vw, 1280px\" \/><\/p>\n<p><strong>Vila Velha (ES) &#8211;<\/strong> Como era de se esperar, o Campinho do Convento da Penha lotou neste feriado de Tiradentes, 21 de abril, durante a Celebra\u00e7\u00e3o Eucar\u00edstica, \u00e0s 16 horas, do quinto dia do Oitav\u00e1rio da Festa da Penha. Al\u00e9m do povo fiel de Vila Velha, hoje foi o dia da \u00c1rea Pastoral Serra\/Fund\u00e3o da Arquidiocese de Vit\u00f3ria coordenar a liturgia. Um dos munic\u00edpios que mais cresceu na Grande Vit\u00f3ria, Serra tem hoje mais de 500 mil habitantes, muitos problemas e um povo muito religioso. Sacerdotes e fi\u00e9is romeiros foram acolhidos na casa da M\u00e3e pelos frades do Convento e da Prov\u00edncia Franciscana da Imaculada.<\/p>\n<p>Pe. T\u00e1rcio Siqueira Rosa, da Par\u00f3quia Bom Pastor de Serra, foi presidente da Celebra\u00e7\u00e3o e o Pe. Andr\u00e9 de Paiva Oliveira, da Par\u00f3quia Epifania do Senhor aos Reis Magos da Serra, foi o pregador.\u00a0 Os presb\u00edteros, di\u00e1conos e seminaristas desta \u00c1rea Pastoral\u00a0 concelebraram, juntamente com Vig\u00e1rio Provincial, Frei Gustavo Medella, o guardi\u00e3o Frei Djalmo Fuck, os frades do Convento da Penha e da Prov\u00edncia da Imaculada.<\/p>\n<p><img loading=\"lazy\" class=\"alignnone wp-image-237423 size-full\" src=\"https:\/\/franciscanos.org.br\/noticias\/wp-content\/uploads\/2022\/04\/quintodia_2104_1.jpg\" alt=\"\" width=\"1280\" height=\"960\" srcset=\"https:\/\/franciscanos.org.br\/noticias\/wp-content\/uploads\/2022\/04\/quintodia_2104_1.jpg 1280w, https:\/\/franciscanos.org.br\/noticias\/wp-content\/uploads\/2022\/04\/quintodia_2104_1-450x338.jpg 450w, https:\/\/franciscanos.org.br\/noticias\/wp-content\/uploads\/2022\/04\/quintodia_2104_1-1024x768.jpg 1024w, https:\/\/franciscanos.org.br\/noticias\/wp-content\/uploads\/2022\/04\/quintodia_2104_1-768x576.jpg 768w, https:\/\/franciscanos.org.br\/noticias\/wp-content\/uploads\/2022\/04\/quintodia_2104_1-150x113.jpg 150w, https:\/\/franciscanos.org.br\/noticias\/wp-content\/uploads\/2022\/04\/quintodia_2104_1-600x450.jpg 600w\" sizes=\"(max-width: 1280px) 100vw, 1280px\" \/><\/p>\n<p>Pe. Andr\u00e9 destacou a celebra\u00e7\u00e3o presencial da Festa da Penha neste ano de 2022 e o tema geral que, segundo ele, \u00e9 muito prop\u00edcio, haja vista que estamos passando a pandemia: &#8220;Sa\u00fade dos enfermos, rogai por n\u00f3s&#8221; e, nesta tarde, o subtema: &#8220;A sa\u00fade das rela\u00e7\u00f5es&#8221;. Nesta Missa, rezou-se pelas v\u00edtimas do desabamento de um pr\u00e9dio de tr\u00eas andares em Crist\u00f3v\u00e3o Colombo, em Vila Velha, na Grande Vit\u00f3ria, na manh\u00e3 desta quinta-feira (21).<\/p>\n<p>&#8220;Mas temos muito que olhar e contemplar no horizonte desta Festa que n\u00e3o come\u00e7ou ontem. J\u00e1 s\u00e3o mais de 400 anos e n\u00e3o acaba amanh\u00e3 porque \u00e9 de Deus e perdurar\u00e1 na hist\u00f3ria do nosso povo&#8221;, ressaltou.<\/p>\n<p>&#8220;Mas uma Festa que nos desafia a uma reflex\u00e3o a cerca daquela que \u00e9 nossa rela\u00e7\u00e3o com Deus. Vivemos num mundo muito marcado por rela\u00e7\u00f5es, \u00e9 verdade, mas a primeira de todas, a nossa rela\u00e7\u00e3o com Deus, muitas vezes \u00e9 deixada de lado, ocultada, ofuscada, por causa da nossa rela\u00e7\u00e3o intrapessoal. A rela\u00e7\u00e3o conosco, porque muitas vezes somos muito duros, muito r\u00edgidos, somos carrascos de n\u00f3s mesmos, por isso adoecemos&#8221;, observou.<\/p>\n<div id=\"attachment_237424\" style=\"width: 1290px\" class=\"wp-caption alignnone\"><img aria-describedby=\"caption-attachment-237424\" loading=\"lazy\" class=\"wp-image-237424 size-full\" src=\"https:\/\/franciscanos.org.br\/noticias\/wp-content\/uploads\/2022\/04\/quintodia_2104_2.jpg\" alt=\"\" width=\"1280\" height=\"853\" srcset=\"https:\/\/franciscanos.org.br\/noticias\/wp-content\/uploads\/2022\/04\/quintodia_2104_2.jpg 1280w, https:\/\/franciscanos.org.br\/noticias\/wp-content\/uploads\/2022\/04\/quintodia_2104_2-450x300.jpg 450w, https:\/\/franciscanos.org.br\/noticias\/wp-content\/uploads\/2022\/04\/quintodia_2104_2-1024x682.jpg 1024w, https:\/\/franciscanos.org.br\/noticias\/wp-content\/uploads\/2022\/04\/quintodia_2104_2-768x512.jpg 768w, https:\/\/franciscanos.org.br\/noticias\/wp-content\/uploads\/2022\/04\/quintodia_2104_2-150x100.jpg 150w\" sizes=\"(max-width: 1280px) 100vw, 1280px\" \/><p id=\"caption-attachment-237424\" class=\"wp-caption-text\"><em>Pe. Andr\u00e9 de Paiva Oliveira, da Par\u00f3quia Epifania do Senhor aos Reis Magos da Serra, foi o pregador.<\/em><\/p><\/div>\n<p>&#8220;Quantas vezes Deus n\u00e3o olhou para a humanidade que ele criou, bela e perfeita, imagem e semelhan\u00e7a, e a viu por vontade pr\u00f3pria marcada pelo pecado. Tudo isso est\u00e1 ao largo desta Festa que celebramos. E, de repente, porque quer\u00edamos trazer a cura, Deus nos deu a Virgem Maria. Ela \u00e9 aquela escolhida por Deus, no meio dos mais pobres, podemos at\u00e9 exagerar na palavra e dizer no meio dos insignificantes, Deus recorre a Maria e nela prefigura toda a nova humanidade. \u00a0Ela vai ser o aux\u00edlio para todos os crist\u00e3os diante da dor, da doen\u00e7a e do medo, diante da recusa daquilo que \u00e9 a vontade do pai. Quantas vezes, amados irm\u00e3os e irm\u00e3s, n\u00e3o fomos n\u00f3s tamb\u00e9m aqueles que preferimos enveredar pelo caminho da doen\u00e7a. Quantas vezes n\u00e3o fomos n\u00f3s que fizemos crescer a fila daqueles que se orgulham das doen\u00e7as que carregam&#8221;, questionou.<\/p>\n<p>Passados por essa realidade, segundo o pregador, n\u00f3s olhamos para a Virgem. &#8220;Que beleza, olhamos para esta colina e encontramos l\u00e1 em cima a Virgem das Alegrias, a Senhora da Penha. Ela, que \u00e9 a sa\u00fade dos enfermos, vai agora nos fazer entender que n\u00e3o \u00e9 o programa de Deus, n\u00e3o \u00e9 de Deus para a nossa vida a enfermidade. Pelo contr\u00e1rio. Fomos n\u00f3s que a buscamos quando nos desviamos do caminho da salva\u00e7\u00e3o. Fomos n\u00f3s que perseguimos aquilo que adormece e adoece o corpo e alma quando esquecemos que o Filho bendito de Maria \u00e9 esse autor da vida&#8221;, disse.<\/p>\n<p><img loading=\"lazy\" class=\"alignnone wp-image-237425 size-full\" src=\"https:\/\/franciscanos.org.br\/noticias\/wp-content\/uploads\/2022\/04\/quintodia_2104_10.jpg\" alt=\"\" width=\"1280\" height=\"960\" srcset=\"https:\/\/franciscanos.org.br\/noticias\/wp-content\/uploads\/2022\/04\/quintodia_2104_10.jpg 1280w, https:\/\/franciscanos.org.br\/noticias\/wp-content\/uploads\/2022\/04\/quintodia_2104_10-450x338.jpg 450w, https:\/\/franciscanos.org.br\/noticias\/wp-content\/uploads\/2022\/04\/quintodia_2104_10-1024x768.jpg 1024w, https:\/\/franciscanos.org.br\/noticias\/wp-content\/uploads\/2022\/04\/quintodia_2104_10-768x576.jpg 768w, https:\/\/franciscanos.org.br\/noticias\/wp-content\/uploads\/2022\/04\/quintodia_2104_10-150x113.jpg 150w, https:\/\/franciscanos.org.br\/noticias\/wp-content\/uploads\/2022\/04\/quintodia_2104_10-600x450.jpg 600w\" sizes=\"(max-width: 1280px) 100vw, 1280px\" \/><\/p>\n<p>Segundo Pe. Andr\u00e9, Maria \u00e9 a sa\u00fade dos enfermos para aqueles enfermos que buscam em seu filho bendito a cura, a salva\u00e7\u00e3o: &#8220;Buscar a verdadeira sa\u00fade do corpo e da alma passa diretamente por essa contempla\u00e7\u00e3o da Virgem Maria, porque ela \u00e9 aquela que nos aponta para o seu filho que nos traz a paz&#8221;.<\/p>\n<p>&#8220;Quantas vezes as nossas rela\u00e7\u00f5es s\u00e3o marcadas pelo \u00f3dio, pelo desejo de vingan\u00e7a, ou pelo medo de estender a m\u00e3o. Tem gente que prefere ficar olhando para baixo, contemplando o t\u00famulo, porque n\u00e3o tem a coragem de sair da sua sepultura, porque n\u00e3o t\u00eam coragem de buscar rela\u00e7\u00f5es que sejam abertas \u00e0 vida, abertas \u00e0 gra\u00e7a de Deus e n\u00e3o fechadas, ensimesmadas, vaidosas e orgulhosas, marcadas por tudo aquilo que n\u00e3o condiz com este projeto de Deus, pelo qual n\u00f3s somos agora impelidos a sair mundo afora, proclamando a tudo e a todos que o Senhor ressuscitou verdadeiramente, que o filho bendito da Virgem Maria, que nos traz a salva\u00e7\u00e3o, \u00e9 aquele que nos convida a irmos e n\u00e3o ficarmos paralisados. De fato, celebrar a Festa da Virgem da Penha de forma presencial \u00e9 um novo sabor, traz consigo uma nova esp\u00e9cie de \u00e2nimo. Agora, que este \u00e2nimo n\u00e3o seja da vaidade, n\u00e3o seja um \u00e2nimo de um orgulho ferido, mas seja um \u00e2nimo marcado pela for\u00e7a do esp\u00edrito&#8221;, concluiu.<\/p>\n<p><img loading=\"lazy\" class=\"alignnone wp-image-237426 size-full\" src=\"https:\/\/franciscanos.org.br\/noticias\/wp-content\/uploads\/2022\/04\/quintodia_2104_3.jpg\" alt=\"\" width=\"1280\" height=\"1920\" srcset=\"https:\/\/franciscanos.org.br\/noticias\/wp-content\/uploads\/2022\/04\/quintodia_2104_3.jpg 720w, https:\/\/franciscanos.org.br\/noticias\/wp-content\/uploads\/2022\/04\/quintodia_2104_3-300x450.jpg 300w, https:\/\/franciscanos.org.br\/noticias\/wp-content\/uploads\/2022\/04\/quintodia_2104_3-683x1024.jpg 683w, https:\/\/franciscanos.org.br\/noticias\/wp-content\/uploads\/2022\/04\/quintodia_2104_3-768x1152.jpg 768w, https:\/\/franciscanos.org.br\/noticias\/wp-content\/uploads\/2022\/04\/quintodia_2104_3-1024x1536.jpg 1024w, https:\/\/franciscanos.org.br\/noticias\/wp-content\/uploads\/2022\/04\/quintodia_2104_3-150x225.jpg 150w\" sizes=\"(max-width: 1280px) 100vw, 1280px\" \/><\/p>\n<p><strong>MOMENTO DEVOCIONAL<\/strong><\/p>\n<p>Frei Adriano Dias Nascimento, do Santu\u00e1rio do Divino Esp\u00edrito Santo, presidiu o Momento Devocional que aconteceu antes da Celebra\u00e7\u00e3o Eucar\u00edstica, \u00e0s 15h30. Frei Paulo Ferreira da Silva e m\u00fasicos garantiram a anima\u00e7\u00e3o com belos cantos. O Oitav\u00e1rio \u00e9 um momento que antecede a Missa. Faz-se este momento com cantos a Nossa Senhora; acolhimento do povo de Deus; recorda\u00e7\u00e3o e considera\u00e7\u00e3o do primeiro Franciscano que chegou aqui (Frei Pedro Pal\u00e1cios); Ladainha de Nossa Senhora; ora\u00e7\u00f5es e b\u00ean\u00e7\u00e3o. Todo dia, durante o Oitav\u00e1rio, reflete-se sobre o tema da Sa\u00fade, tendo em vista o per\u00edodo pand\u00eamico que vivemos. Hoje, o subtema foi &#8220;Sa\u00fade nas Rela\u00e7\u00f5es&#8221; e Frei Adriano fez sua reflex\u00e3o com base no vers\u00edculo de Jo 3,14: &#8220;N\u00f3s sabemos que passamos da morte para a vida, porque amamos aos irm\u00e3os. Quem n\u00e3o ama permanece na morte&#8221;.<\/p>\n<p><img loading=\"lazy\" class=\"alignnone wp-image-237427 size-full\" src=\"https:\/\/franciscanos.org.br\/noticias\/wp-content\/uploads\/2022\/04\/quintodia_2104_8.jpg\" alt=\"\" width=\"1280\" height=\"960\" srcset=\"https:\/\/franciscanos.org.br\/noticias\/wp-content\/uploads\/2022\/04\/quintodia_2104_8.jpg 1280w, https:\/\/franciscanos.org.br\/noticias\/wp-content\/uploads\/2022\/04\/quintodia_2104_8-450x338.jpg 450w, https:\/\/franciscanos.org.br\/noticias\/wp-content\/uploads\/2022\/04\/quintodia_2104_8-1024x768.jpg 1024w, https:\/\/franciscanos.org.br\/noticias\/wp-content\/uploads\/2022\/04\/quintodia_2104_8-768x576.jpg 768w, https:\/\/franciscanos.org.br\/noticias\/wp-content\/uploads\/2022\/04\/quintodia_2104_8-150x113.jpg 150w, https:\/\/franciscanos.org.br\/noticias\/wp-content\/uploads\/2022\/04\/quintodia_2104_8-600x450.jpg 600w\" sizes=\"(max-width: 1280px) 100vw, 1280px\" \/><\/p>\n<p>Segundo o frade, o ser humano criado por Deus \u00e9 chamado para a vida. &#8220;Mas tamb\u00e9m chamado para a comunh\u00e3o. Grande desejo \u00e9 viver em paz uns com os outros. Viver em paz com Deus. Encontrar essa paz entre n\u00f3s. Mas essa paz \u00e9 alcan\u00e7ada quando n\u00f3s conseguimos colocar a nossa vida a servi\u00e7o do bem, da fam\u00edlia, da sociedade, da Igreja&#8221;, disse o frade, destacando a fam\u00edlia nas rela\u00e7\u00f5es humanas. &#8220;A fam\u00edlia \u00e9 o lugar privilegiado, onde n\u00f3s fazemos essa experi\u00eancia de comunh\u00e3o com aqueles que nos deram a vida&#8221;, acrescentou o frade.<\/p>\n\n\t\t<style type=\"text\/css\">\n\t\t\t#gallery-1 {\n\t\t\t\tmargin: auto;\n\t\t\t}\n\t\t\t#gallery-1 .gallery-item {\n\t\t\t\tfloat: left;\n\t\t\t\tmargin-top: 10px;\n\t\t\t\ttext-align: center;\n\t\t\t\twidth: 16%;\n\t\t\t}\n\t\t\t#gallery-1 img {\n\t\t\t\tborder: 2px solid #cfcfcf;\n\t\t\t}\n\t\t\t#gallery-1 .gallery-caption {\n\t\t\t\tmargin-left: 0;\n\t\t\t}\n\t\t\t\/* see gallery_shortcode() in wp-includes\/media.php *\/\n\t\t<\/style>\n\t\t<div id='gallery-1' class='gallery galleryid-237421 gallery-columns-6 gallery-size-thumbnail'><dl class='gallery-item'>\n\t\t\t<dt class='gallery-icon landscape'>\n\t\t\t\t<a href='https:\/\/franciscanos.org.br\/noticias\/wp-content\/uploads\/2022\/04\/quintodia_2104_4.jpg'><img width=\"300\" height=\"300\" src=\"https:\/\/franciscanos.org.br\/noticias\/wp-content\/uploads\/2022\/04\/quintodia_2104_4-300x300.jpg\" class=\"attachment-thumbnail size-thumbnail\" alt=\"\" loading=\"lazy\" srcset=\"https:\/\/franciscanos.org.br\/noticias\/wp-content\/uploads\/2022\/04\/quintodia_2104_4-300x300.jpg 300w, https:\/\/franciscanos.org.br\/noticias\/wp-content\/uploads\/2022\/04\/quintodia_2104_4-100x100.jpg 100w\" sizes=\"(max-width: 300px) 100vw, 300px\" \/><\/a>\n\t\t\t<\/dt><\/dl><dl class='gallery-item'>\n\t\t\t<dt class='gallery-icon landscape'>\n\t\t\t\t<a href='https:\/\/franciscanos.org.br\/noticias\/wp-content\/uploads\/2022\/04\/quintodia_2104_5.jpg'><img width=\"300\" height=\"300\" src=\"https:\/\/franciscanos.org.br\/noticias\/wp-content\/uploads\/2022\/04\/quintodia_2104_5-300x300.jpg\" class=\"attachment-thumbnail size-thumbnail\" alt=\"\" loading=\"lazy\" srcset=\"https:\/\/franciscanos.org.br\/noticias\/wp-content\/uploads\/2022\/04\/quintodia_2104_5-300x300.jpg 300w, https:\/\/franciscanos.org.br\/noticias\/wp-content\/uploads\/2022\/04\/quintodia_2104_5-100x100.jpg 100w\" sizes=\"(max-width: 300px) 100vw, 300px\" \/><\/a>\n\t\t\t<\/dt><\/dl><dl class='gallery-item'>\n\t\t\t<dt class='gallery-icon landscape'>\n\t\t\t\t<a href='https:\/\/franciscanos.org.br\/noticias\/wp-content\/uploads\/2022\/04\/quintodia_2104_6.jpg'><img width=\"300\" height=\"300\" src=\"https:\/\/franciscanos.org.br\/noticias\/wp-content\/uploads\/2022\/04\/quintodia_2104_6-300x300.jpg\" class=\"attachment-thumbnail size-thumbnail\" alt=\"\" loading=\"lazy\" srcset=\"https:\/\/franciscanos.org.br\/noticias\/wp-content\/uploads\/2022\/04\/quintodia_2104_6-300x300.jpg 300w, https:\/\/franciscanos.org.br\/noticias\/wp-content\/uploads\/2022\/04\/quintodia_2104_6-100x100.jpg 100w\" sizes=\"(max-width: 300px) 100vw, 300px\" \/><\/a>\n\t\t\t<\/dt><\/dl><dl class='gallery-item'>\n\t\t\t<dt class='gallery-icon landscape'>\n\t\t\t\t<a href='https:\/\/franciscanos.org.br\/noticias\/wp-content\/uploads\/2022\/04\/quintodia_2104_7.jpg'><img width=\"300\" height=\"300\" src=\"https:\/\/franciscanos.org.br\/noticias\/wp-content\/uploads\/2022\/04\/quintodia_2104_7-300x300.jpg\" class=\"attachment-thumbnail size-thumbnail\" alt=\"\" loading=\"lazy\" srcset=\"https:\/\/franciscanos.org.br\/noticias\/wp-content\/uploads\/2022\/04\/quintodia_2104_7-300x300.jpg 300w, https:\/\/franciscanos.org.br\/noticias\/wp-content\/uploads\/2022\/04\/quintodia_2104_7-100x100.jpg 100w\" sizes=\"(max-width: 300px) 100vw, 300px\" \/><\/a>\n\t\t\t<\/dt><\/dl><dl class='gallery-item'>\n\t\t\t<dt class='gallery-icon landscape'>\n\t\t\t\t<a href='https:\/\/franciscanos.org.br\/noticias\/wp-content\/uploads\/2022\/04\/quintodia_2104_9.jpg'><img width=\"300\" height=\"300\" src=\"https:\/\/franciscanos.org.br\/noticias\/wp-content\/uploads\/2022\/04\/quintodia_2104_9-300x300.jpg\" class=\"attachment-thumbnail size-thumbnail\" alt=\"\" loading=\"lazy\" srcset=\"https:\/\/franciscanos.org.br\/noticias\/wp-content\/uploads\/2022\/04\/quintodia_2104_9-300x300.jpg 300w, https:\/\/franciscanos.org.br\/noticias\/wp-content\/uploads\/2022\/04\/quintodia_2104_9-100x100.jpg 100w\" sizes=\"(max-width: 300px) 100vw, 300px\" \/><\/a>\n\t\t\t<\/dt><\/dl><dl class='gallery-item'>\n\t\t\t<dt class='gallery-icon landscape'>\n\t\t\t\t<a href='https:\/\/franciscanos.org.br\/noticias\/wp-content\/uploads\/2022\/04\/quintodia_2104_11.jpg'><img width=\"300\" height=\"300\" src=\"https:\/\/franciscanos.org.br\/noticias\/wp-content\/uploads\/2022\/04\/quintodia_2104_11-300x300.jpg\" class=\"attachment-thumbnail size-thumbnail\" alt=\"\" loading=\"lazy\" srcset=\"https:\/\/franciscanos.org.br\/noticias\/wp-content\/uploads\/2022\/04\/quintodia_2104_11-300x300.jpg 300w, https:\/\/franciscanos.org.br\/noticias\/wp-content\/uploads\/2022\/04\/quintodia_2104_11-100x100.jpg 100w\" sizes=\"(max-width: 300px) 100vw, 300px\" \/><\/a>\n\t\t\t<\/dt><\/dl><br style=\"clear: both\" \/>\n\t\t<\/div>\n\n<p>Recordando Frei Pal\u00e1cios, foi escolhido para o dia o momento em que o frade perdeu o quadro da Virgem das Alegrias: &#8220;Frei Pedro n\u00e3o mediu esfor\u00e7os para encontr\u00e1-lo novamente. Esquecendo sua avan\u00e7ada idade e suas fraquezas, subiu e desceu em todas as dire\u00e7\u00f5es e chegando at\u00e9 aqui, ao cume desta montanha onde estamos agora. Foi quando um grito de j\u00fabilo saiu de seu peito. Entre essas duas palmeiras, Frei Pedro Pal\u00e1cios encontrou o seu querido painel. Aqui ele se encontrou novamente com a bondade de Maria&#8221;.<\/p>\n<p>No final, a adolescente Heliana cantou &#8220;Ave Maria dos seus andores&#8221; em homenagem a Nossa Senhora.<\/p>\n<p><strong>HOMENAGEM AOS PROFISSIONAIS DA SA\u00daDE<\/strong><\/p>\n<p>Nesta quinta-feira, na subida do Convento da Penha, em frente \u00e0 entrada da Ladeira da Penit\u00eancia, aconteceu o plantio da muda de um jetiquib\u00e1-rosa em homenagem aos profissionais da ci\u00eancia e da sa\u00fade. Os profissionais foram representados pela t\u00e9cnica de enfermagem Michele Nascimento, de Cariacica, que aplicou mais de 4 mil vacinas durante a pandemia.<\/p>\n<p>\u00c9 importante destacar que com o avan\u00e7o da cobertura vacinal no Estado do Esp\u00edrito Santo, a Festa da Penha 2022, pode acontecer no seu formato tradicional, com a presen\u00e7a dos romeiros e romeiras de Nossa Senhora da Penha.<\/p>\n<p><img loading=\"lazy\" class=\"alignnone wp-image-237435 size-full\" src=\"https:\/\/franciscanos.org.br\/noticias\/wp-content\/uploads\/2022\/04\/quintodia_2104_13.jpg\" alt=\"\" width=\"959\" height=\"626\" srcset=\"https:\/\/franciscanos.org.br\/noticias\/wp-content\/uploads\/2022\/04\/quintodia_2104_13.jpg 959w, https:\/\/franciscanos.org.br\/noticias\/wp-content\/uploads\/2022\/04\/quintodia_2104_13-450x294.jpg 450w, https:\/\/franciscanos.org.br\/noticias\/wp-content\/uploads\/2022\/04\/quintodia_2104_13-768x501.jpg 768w, https:\/\/franciscanos.org.br\/noticias\/wp-content\/uploads\/2022\/04\/quintodia_2104_13-150x98.jpg 150w\" sizes=\"(max-width: 959px) 100vw, 959px\" \/><\/p>\n<p><strong>ORQUESTRA SINF\u00d4NICA DO ESP\u00cdRITO SANTO NA FESTA DA PENHA<\/strong><\/p>\n<p>Na noite de quarta-feira, dando continuidade \u00e0 programa\u00e7\u00e3o noturna na Festa da Penha, aconteceu a apresenta\u00e7\u00e3o da Orquestra Sinf\u00f4nica do Esp\u00edrito Santo (Oses), no Santu\u00e1rio Divino Esp\u00edrito Santo.<\/p>\n<p>Al\u00e9m da orquestra, a apresenta\u00e7\u00e3o teve a participa\u00e7\u00e3o de dois corais, o Coro Vox Victoria e o Coro Sinf\u00f4nico da Fames, ambos regidos pelo Maestro Sanny Souza.<\/p>\n<p>O repert\u00f3rio trouxe obras sacras, como o &#8220;Ave Verum Corpus&#8221; de Mozart, ao lado de obras cl\u00e1ssicas, de compositores como Vivaldi, Massenet e da compositora Florence Price.<\/p>\n<hr \/>\n<p><strong>PROGRAMA\u00c7\u00c3O<\/strong><\/p>\n<p><strong>Dia 22, sexta-feira \u2013 6\u00ba Dia Oitav\u00e1rio<\/strong><\/p>\n<p><strong>Tema do dia: Sa\u00fade do planeta<\/strong><\/p>\n<p><strong>7h, 9h, 11h<\/strong> \u2013 Missas (Fraternidade Franciscana), presenciais no Campinho<\/p>\n<p><strong>14h00<\/strong> \u2013 Programa Salve M\u00e3e das Alegrias \u2013 Transmiss\u00e3o ao vivo (TVs, r\u00e1dios, internet)<\/p>\n<p><strong>14h00 <\/strong>\u2013 Romaria dos militares \u2013 Sa\u00edda do port\u00e3o do Convento<\/p>\n<p><strong>15h30<\/strong> \u2013 Devocional Oitav\u00e1rio \u2013 Comunidade Franciscana Transmiss\u00e3o ao vivo (TVs, r\u00e1dios, internet), presencial no Campinho<\/p>\n<p><strong>16h00<\/strong> \u2013 Missa 6\u00ba Dia Oitav\u00e1rio \u2013 \u00c1rea Pastoral Vit\u00f3ria \u2013 Transmiss\u00e3o ao vivo (TVs, r\u00e1dios, internet), presencial no Campinho<\/p>\n<p><strong>17 \u00e0 0h<\/strong> \u2013 Coletivo Criativo Prainha na Festa da Penha, Pra\u00e7a Ot\u00e1vio Ara\u00fajo, atr\u00e1s da Igreja do Ros\u00e1rio<\/p>\n<p><strong>17h00<\/strong> \u2013 Romaria dos Ciclistas da Serra \u2013 Concentra\u00e7\u00e3o Pra\u00e7a Encontro das \u00c1guas em Jacara\u00edpe<\/p>\n<p><strong>18h00 <\/strong>\u2013 Show com Pe. Anderson Gomes, com arrecada\u00e7\u00e3o de alimentos para a campanha Paz e P\u00e3o \u2013 Transmiss\u00e3o ao vivo (TVs, r\u00e1dios, internet) \u2013 P\u00e1tio da Igreja dos Reis Magos em Nova Almeida, Serra<\/p>\n<p><strong>19h30 <\/strong>\u2013 Vig\u00edlia com a Juventude durante toda a noite \u2013 Transmiss\u00e3o ao vivo (TVs, r\u00e1dios, internet) \u2013 presencial no Campinho<\/p>\n<hr \/>\n<p><em>Comunica\u00e7\u00e3o da Prov\u00edncia da Imaculada Concei\u00e7\u00e3o<\/em><\/p>\n<p>&nbsp;<\/p>\n","protected":false},"excerpt":{"rendered":"<p>Quinto dia do Oitav\u00e1rio da Festa da Penha<\/p>\n","protected":false},"author":3,"featured_media":0,"comment_status":"open","ping_status":"open","sticky":false,"template":"","format":"standard","meta":[],"categories":[1],"tags":[1999],"acf":[],"yoast_head":"<!-- This site is optimized with the Yoast SEO plugin v19.2 - https:\/\/yoast.com\/wordpress\/plugins\/seo\/ -->\n<title>&quot;Vivemos num mundo de rela\u00e7\u00f5es, mas a rela\u00e7\u00e3o com Deus muitas vezes \u00e9 deixada de lado&quot;, alerta Pe. Andr\u00e9 - Not\u00edcias - Franciscanos<\/title>\n<meta name=\"robots\" content=\"index, follow, max-snippet:-1, max-image-preview:large, max-video-preview:-1\" \/>\n<link rel=\"canonical\" href=\"https:\/\/franciscanos.org.br\/noticias\/quintodiaoitavario.html\" \/>\n<meta property=\"og:locale\" content=\"pt_BR\" \/>\n<meta property=\"og:type\" content=\"article\" \/>\n<meta property=\"og:title\" content=\"&quot;Vivemos num mundo de rela\u00e7\u00f5es, mas a rela\u00e7\u00e3o com Deus muitas vezes \u00e9 deixada de lado&quot;, alerta Pe. Andr\u00e9 - Not\u00edcias - Franciscanos\" \/>\n<meta property=\"og:description\" content=\"Quinto dia do Oitav\u00e1rio da Festa da Penha\" \/>\n<meta property=\"og:url\" content=\"https:\/\/franciscanos.org.br\/noticias\/quintodiaoitavario.html\" \/>\n<meta property=\"og:site_name\" content=\"Not\u00edcias - Franciscanos\" \/>\n<meta property=\"article:published_time\" content=\"2022-04-21T23:30:14+00:00\" \/>\n<meta property=\"article:modified_time\" content=\"2023-01-03T17:13:54+00:00\" \/>\n<meta property=\"og:image\" content=\"https:\/\/franciscanos.org.br\/noticias\/wp-content\/uploads\/2022\/04\/quintodia_2104_4-300x300.jpg\" \/>\n<meta name=\"author\" content=\"moacir\" \/>\n<meta name=\"twitter:card\" content=\"summary_large_image\" \/>\n<meta name=\"twitter:label1\" content=\"Escrito por\" \/>\n\t<meta name=\"twitter:data1\" content=\"moacir\" \/>\n\t<meta name=\"twitter:label2\" content=\"Est. tempo de leitura\" \/>\n\t<meta name=\"twitter:data2\" content=\"9 minutos\" \/>\n<script type=\"application\/ld+json\" class=\"yoast-schema-graph\">{\"@context\":\"https:\/\/schema.org\",\"@graph\":[{\"@type\":\"WebSite\",\"@id\":\"https:\/\/franciscanos.org.br\/noticias\/#website\",\"url\":\"https:\/\/franciscanos.org.br\/noticias\/\",\"name\":\"Not\u00edcias - Franciscanos\",\"description\":\"Prov\u00edncia Franciscana da Imaculada Concei\u00e7\u00e3o do Brasil - Ordem dos Frades Menores - OFM\",\"potentialAction\":[{\"@type\":\"SearchAction\",\"target\":{\"@type\":\"EntryPoint\",\"urlTemplate\":\"https:\/\/franciscanos.org.br\/noticias\/?s={search_term_string}\"},\"query-input\":\"required name=search_term_string\"}],\"inLanguage\":\"pt-BR\"},{\"@type\":\"ImageObject\",\"inLanguage\":\"pt-BR\",\"@id\":\"https:\/\/franciscanos.org.br\/noticias\/quintodiaoitavario.html#primaryimage\",\"url\":\"https:\/\/franciscanos.org.br\/noticias\/wp-content\/uploads\/2022\/04\/quintodia_2104.jpg\",\"contentUrl\":\"https:\/\/franciscanos.org.br\/noticias\/wp-content\/uploads\/2022\/04\/quintodia_2104.jpg\",\"width\":1280,\"height\":720},{\"@type\":\"WebPage\",\"@id\":\"https:\/\/franciscanos.org.br\/noticias\/quintodiaoitavario.html#webpage\",\"url\":\"https:\/\/franciscanos.org.br\/noticias\/quintodiaoitavario.html\",\"name\":\"\\\"Vivemos num mundo de rela\u00e7\u00f5es, mas a rela\u00e7\u00e3o com Deus muitas vezes \u00e9 deixada de lado\\\", alerta Pe. Andr\u00e9 - Not\u00edcias - Franciscanos\",\"isPartOf\":{\"@id\":\"https:\/\/franciscanos.org.br\/noticias\/#website\"},\"primaryImageOfPage\":{\"@id\":\"https:\/\/franciscanos.org.br\/noticias\/quintodiaoitavario.html#primaryimage\"},\"datePublished\":\"2022-04-21T23:30:14+00:00\",\"dateModified\":\"2023-01-03T17:13:54+00:00\",\"author\":{\"@id\":\"https:\/\/franciscanos.org.br\/noticias\/#\/schema\/person\/b5c8cba458c330ccff548b056e95a5d4\"},\"breadcrumb\":{\"@id\":\"https:\/\/franciscanos.org.br\/noticias\/quintodiaoitavario.html#breadcrumb\"},\"inLanguage\":\"pt-BR\",\"potentialAction\":[{\"@type\":\"ReadAction\",\"target\":[\"https:\/\/franciscanos.org.br\/noticias\/quintodiaoitavario.html\"]}]},{\"@type\":\"BreadcrumbList\",\"@id\":\"https:\/\/franciscanos.org.br\/noticias\/quintodiaoitavario.html#breadcrumb\",\"itemListElement\":[{\"@type\":\"ListItem\",\"position\":1,\"name\":\"Home\",\"item\":\"https:\/\/franciscanos.org.br\/noticias\"},{\"@type\":\"ListItem\",\"position\":2,\"name\":\"&#8220;Vivemos num mundo de rela\u00e7\u00f5es, mas a rela\u00e7\u00e3o com Deus muitas vezes \u00e9 deixada de lado&#8221;, alerta Pe. Andr\u00e9\"}]},{\"@type\":\"Person\",\"@id\":\"https:\/\/franciscanos.org.br\/noticias\/#\/schema\/person\/b5c8cba458c330ccff548b056e95a5d4\",\"name\":\"moacir\",\"image\":{\"@type\":\"ImageObject\",\"inLanguage\":\"pt-BR\",\"@id\":\"https:\/\/franciscanos.org.br\/noticias\/#\/schema\/person\/image\/\",\"url\":\"https:\/\/secure.gravatar.com\/avatar\/d08aa2ce4c8dd416d4479aa8536fcf64?s=96&d=mm&r=g\",\"contentUrl\":\"https:\/\/secure.gravatar.com\/avatar\/d08aa2ce4c8dd416d4479aa8536fcf64?s=96&d=mm&r=g\",\"caption\":\"moacir\"},\"url\":\"https:\/\/franciscanos.org.br\/noticias\/author\/moacir\"}]}<\/script>\n<!-- \/ Yoast SEO plugin. -->","yoast_head_json":{"title":"\"Vivemos num mundo de rela\u00e7\u00f5es, mas a rela\u00e7\u00e3o com Deus muitas vezes \u00e9 deixada de lado\", alerta Pe. Andr\u00e9 - Not\u00edcias - Franciscanos","robots":{"index":"index","follow":"follow","max-snippet":"max-snippet:-1","max-image-preview":"max-image-preview:large","max-video-preview":"max-video-preview:-1"},"canonical":"https:\/\/franciscanos.org.br\/noticias\/quintodiaoitavario.html","og_locale":"pt_BR","og_type":"article","og_title":"\"Vivemos num mundo de rela\u00e7\u00f5es, mas a rela\u00e7\u00e3o com Deus muitas vezes \u00e9 deixada de lado\", alerta Pe. Andr\u00e9 - Not\u00edcias - Franciscanos","og_description":"Quinto dia do Oitav\u00e1rio da Festa da Penha","og_url":"https:\/\/franciscanos.org.br\/noticias\/quintodiaoitavario.html","og_site_name":"Not\u00edcias - Franciscanos","article_published_time":"2022-04-21T23:30:14+00:00","article_modified_time":"2023-01-03T17:13:54+00:00","og_image":[{"url":"https:\/\/franciscanos.org.br\/noticias\/wp-content\/uploads\/2022\/04\/quintodia_2104_4-300x300.jpg"}],"author":"moacir","twitter_card":"summary_large_image","twitter_misc":{"Escrito por":"moacir","Est. tempo de leitura":"9 minutos"},"schema":{"@context":"https:\/\/schema.org","@graph":[{"@type":"WebSite","@id":"https:\/\/franciscanos.org.br\/noticias\/#website","url":"https:\/\/franciscanos.org.br\/noticias\/","name":"Not\u00edcias - Franciscanos","description":"Prov\u00edncia Franciscana da Imaculada Concei\u00e7\u00e3o do Brasil - Ordem dos Frades Menores - OFM","potentialAction":[{"@type":"SearchAction","target":{"@type":"EntryPoint","urlTemplate":"https:\/\/franciscanos.org.br\/noticias\/?s={search_term_string}"},"query-input":"required name=search_term_string"}],"inLanguage":"pt-BR"},{"@type":"ImageObject","inLanguage":"pt-BR","@id":"https:\/\/franciscanos.org.br\/noticias\/quintodiaoitavario.html#primaryimage","url":"https:\/\/franciscanos.org.br\/noticias\/wp-content\/uploads\/2022\/04\/quintodia_2104.jpg","contentUrl":"https:\/\/franciscanos.org.br\/noticias\/wp-content\/uploads\/2022\/04\/quintodia_2104.jpg","width":1280,"height":720},{"@type":"WebPage","@id":"https:\/\/franciscanos.org.br\/noticias\/quintodiaoitavario.html#webpage","url":"https:\/\/franciscanos.org.br\/noticias\/quintodiaoitavario.html","name":"\"Vivemos num mundo de rela\u00e7\u00f5es, mas a rela\u00e7\u00e3o com Deus muitas vezes \u00e9 deixada de lado\", alerta Pe. Andr\u00e9 - Not\u00edcias - Franciscanos","isPartOf":{"@id":"https:\/\/franciscanos.org.br\/noticias\/#website"},"primaryImageOfPage":{"@id":"https:\/\/franciscanos.org.br\/noticias\/quintodiaoitavario.html#primaryimage"},"datePublished":"2022-04-21T23:30:14+00:00","dateModified":"2023-01-03T17:13:54+00:00","author":{"@id":"https:\/\/franciscanos.org.br\/noticias\/#\/schema\/person\/b5c8cba458c330ccff548b056e95a5d4"},"breadcrumb":{"@id":"https:\/\/franciscanos.org.br\/noticias\/quintodiaoitavario.html#breadcrumb"},"inLanguage":"pt-BR","potentialAction":[{"@type":"ReadAction","target":["https:\/\/franciscanos.org.br\/noticias\/quintodiaoitavario.html"]}]},{"@type":"BreadcrumbList","@id":"https:\/\/franciscanos.org.br\/noticias\/quintodiaoitavario.html#breadcrumb","itemListElement":[{"@type":"ListItem","position":1,"name":"Home","item":"https:\/\/franciscanos.org.br\/noticias"},{"@type":"ListItem","position":2,"name":"&#8220;Vivemos num mundo de rela\u00e7\u00f5es, mas a rela\u00e7\u00e3o com Deus muitas vezes \u00e9 deixada de lado&#8221;, alerta Pe. Andr\u00e9"}]},{"@type":"Person","@id":"https:\/\/franciscanos.org.br\/noticias\/#\/schema\/person\/b5c8cba458c330ccff548b056e95a5d4","name":"moacir","image":{"@type":"ImageObject","inLanguage":"pt-BR","@id":"https:\/\/franciscanos.org.br\/noticias\/#\/schema\/person\/image\/","url":"https:\/\/secure.gravatar.com\/avatar\/d08aa2ce4c8dd416d4479aa8536fcf64?s=96&d=mm&r=g","contentUrl":"https:\/\/secure.gravatar.com\/avatar\/d08aa2ce4c8dd416d4479aa8536fcf64?s=96&d=mm&r=g","caption":"moacir"},"url":"https:\/\/franciscanos.org.br\/noticias\/author\/moacir"}]}},"_links":{"self":[{"href":"https:\/\/franciscanos.org.br\/noticias\/wp-json\/wp\/v2\/posts\/237421"}],"collection":[{"href":"https:\/\/franciscanos.org.br\/noticias\/wp-json\/wp\/v2\/posts"}],"about":[{"href":"https:\/\/franciscanos.org.br\/noticias\/wp-json\/wp\/v2\/types\/post"}],"author":[{"embeddable":true,"href":"https:\/\/franciscanos.org.br\/noticias\/wp-json\/wp\/v2\/users\/3"}],"replies":[{"embeddable":true,"href":"https:\/\/franciscanos.org.br\/noticias\/wp-json\/wp\/v2\/comments?post=237421"}],"version-history":[{"count":5,"href":"https:\/\/franciscanos.org.br\/noticias\/wp-json\/wp\/v2\/posts\/237421\/revisions"}],"predecessor-version":[{"id":241529,"href":"https:\/\/franciscanos.org.br\/noticias\/wp-json\/wp\/v2\/posts\/237421\/revisions\/241529"}],"wp:attachment":[{"href":"https:\/\/franciscanos.org.br\/noticias\/wp-json\/wp\/v2\/media?parent=237421"}],"wp:term":[{"taxonomy":"category","embeddable":true,"href":"https:\/\/franciscanos.org.br\/noticias\/wp-json\/wp\/v2\/categories?post=237421"},{"taxonomy":"post_tag","embeddable":true,"href":"https:\/\/franciscanos.org.br\/noticias\/wp-json\/wp\/v2\/tags?post=237421"}],"curies":[{"name":"wp","href":"https:\/\/api.w.org\/{rel}","templated":true}]}}