{"id":237413,"date":"2022-04-21T08:33:29","date_gmt":"2022-04-21T11:33:29","guid":{"rendered":"https:\/\/franciscanos.org.br\/noticias\/?p=237413"},"modified":"2022-04-21T08:33:29","modified_gmt":"2022-04-21T11:33:29","slug":"consternacao-do-ministro-geral-pelo-assassinato-de-frei-wilberth-daza-rodas-na-bolivia","status":"publish","type":"post","link":"https:\/\/franciscanos.org.br\/noticias\/consternacao-do-ministro-geral-pelo-assassinato-de-frei-wilberth-daza-rodas-na-bolivia.html","title":{"rendered":"Consterna\u00e7\u00e3o do Ministro Geral pelo assassinato de Frei Wilberth Daza Rodas na Bol\u00edvia"},"content":{"rendered":"<p><img loading=\"lazy\" class=\"alignnone wp-image-237414 size-full\" src=\"https:\/\/franciscanos.org.br\/noticias\/wp-content\/uploads\/2022\/04\/frade_assassinado.jpg\" alt=\"\" width=\"960\" height=\"720\" srcset=\"https:\/\/franciscanos.org.br\/noticias\/wp-content\/uploads\/2022\/04\/frade_assassinado.jpg 960w, https:\/\/franciscanos.org.br\/noticias\/wp-content\/uploads\/2022\/04\/frade_assassinado-450x338.jpg 450w, https:\/\/franciscanos.org.br\/noticias\/wp-content\/uploads\/2022\/04\/frade_assassinado-768x576.jpg 768w, https:\/\/franciscanos.org.br\/noticias\/wp-content\/uploads\/2022\/04\/frade_assassinado-150x113.jpg 150w, https:\/\/franciscanos.org.br\/noticias\/wp-content\/uploads\/2022\/04\/frade_assassinado-600x450.jpg 600w\" sizes=\"(max-width: 960px) 100vw, 960px\" \/><\/p>\n<p>O Ministro Geral, Frei Massimo Fusarelli, expressou sua tristeza pelo assassinato de Frei Wilberth Daza Rodas, da Prov\u00edncia Mission\u00e1ria de Santo Ant\u00f4nio, na Bol\u00edvia, no s\u00e1bado santo, 16 de abril de 2022. Segue abaixo a carta do Ministro Geral:<\/p>\n<p>Caro irm\u00e3o Ministro e todos os irm\u00e3os,<br \/>\nQue o Senhor lhes d\u00ea a paz!<\/p>\n<p>Ontem, juntamente com o Definit\u00f3rio Geral, tomei conhecimento da triste not\u00edcia do assassinato de Pe. Wilberth Daza Rodas, depois da Vig\u00edlia Pascal celebrada em Santa Cruz de la Sierra. A raz\u00e3o parece banal e a viol\u00eancia brutal do ataque provoca dor profunda e muitas perguntas. Certamente \u00e9 tamb\u00e9m um sintoma da dif\u00edcil situa\u00e7\u00e3o social do pa\u00eds. Com isto, desejo expressar de maneira muito simples a minha proximidade e a de todos os irm\u00e3os do Definit\u00f3rio Geral \u00e0 sua Prov\u00edncia t\u00e3o dolorosamente afetada, \u00e0 fam\u00edlia da v\u00edtima e a todos aqueles que o conheceram e o amaram.<\/p>\n<p>Frei Wilberth &#8211; um irm\u00e3o humilde e prestativo &#8211; encontrou-se com a Irm\u00e3 Morte depois de celebrar aquele que derrotou a morte e saiu do sepulcro glorioso e vitorioso. Que o Senhor Ressuscitado vos acompanhe nos bra\u00e7os misericordiosos do Pai, envolto no Esp\u00edrito e sustentado pela Virgem Imaculada e Nosso Pai S\u00e3o Francisco. Na companhia dos irm\u00e3os da Cust\u00f3dia de Marrocos com os quais come\u00e7o hoje o Cap\u00edtulo, rezemos pelo seu descanso eterno, pela sua fam\u00edlia e por todos v\u00f3s, juntamente com a intercess\u00e3o de tantos irm\u00e3os da Ordem. Muitas vezes n\u00e3o entendemos o significado do que nos acontece e clamamos a Deus com nossa dor e nossa reivindica\u00e7\u00e3o. Tamb\u00e9m pedimos uma f\u00e9 mais firme e profunda. Com estes sentimentos, envio-vos um abra\u00e7o fraterno, irm\u00e3os, certo de que o Senhor saber\u00e1 dar a sua consola\u00e7\u00e3o e restituir o bem que passa pela vida e dedica\u00e7\u00e3o do nosso irm\u00e3o.<\/p>\n<p>Com a b\u00ean\u00e7\u00e3o ser\u00e1fica, seu irm\u00e3o e servo<\/p>\n<p><strong>Frei Massimo Fusarelli<\/strong><\/p>\n<hr \/>\n<p><em>Fonte: www.ofm.org<\/em><\/p>\n","protected":false},"excerpt":{"rendered":"<p>Ordem dos Frades Menores<\/p>\n","protected":false},"author":3,"featured_media":237414,"comment_status":"open","ping_status":"open","sticky":false,"template":"","format":"standard","meta":[],"categories":[1],"tags":[128],"acf":[],"yoast_head":"<!-- This site is optimized with the Yoast SEO plugin v19.2 - https:\/\/yoast.com\/wordpress\/plugins\/seo\/ -->\n<title>Consterna\u00e7\u00e3o do Ministro Geral pelo assassinato de Frei Wilberth Daza Rodas na Bol\u00edvia - Not\u00edcias - Franciscanos<\/title>\n<meta name=\"robots\" content=\"index, follow, max-snippet:-1, max-image-preview:large, max-video-preview:-1\" \/>\n<link rel=\"canonical\" href=\"https:\/\/franciscanos.org.br\/noticias\/consternacao-do-ministro-geral-pelo-assassinato-de-frei-wilberth-daza-rodas-na-bolivia.html\" \/>\n<meta property=\"og:locale\" content=\"pt_BR\" \/>\n<meta property=\"og:type\" content=\"article\" \/>\n<meta property=\"og:title\" content=\"Consterna\u00e7\u00e3o do Ministro Geral pelo assassinato de Frei Wilberth Daza Rodas na Bol\u00edvia - Not\u00edcias - Franciscanos\" \/>\n<meta property=\"og:description\" content=\"Ordem dos Frades Menores\" \/>\n<meta property=\"og:url\" content=\"https:\/\/franciscanos.org.br\/noticias\/consternacao-do-ministro-geral-pelo-assassinato-de-frei-wilberth-daza-rodas-na-bolivia.html\" \/>\n<meta property=\"og:site_name\" content=\"Not\u00edcias - Franciscanos\" \/>\n<meta property=\"article:published_time\" content=\"2022-04-21T11:33:29+00:00\" \/>\n<meta property=\"og:image\" content=\"https:\/\/franciscanos.org.br\/noticias\/wp-content\/uploads\/2022\/04\/frade_assassinado.jpg\" \/>\n\t<meta property=\"og:image:width\" content=\"960\" \/>\n\t<meta property=\"og:image:height\" content=\"720\" \/>\n\t<meta property=\"og:image:type\" content=\"image\/jpeg\" \/>\n<meta name=\"author\" content=\"moacir\" \/>\n<meta name=\"twitter:card\" content=\"summary_large_image\" \/>\n<meta name=\"twitter:label1\" content=\"Escrito por\" \/>\n\t<meta name=\"twitter:data1\" content=\"moacir\" \/>\n\t<meta name=\"twitter:label2\" content=\"Est. tempo de leitura\" \/>\n\t<meta name=\"twitter:data2\" content=\"2 minutos\" \/>\n<script type=\"application\/ld+json\" class=\"yoast-schema-graph\">{\"@context\":\"https:\/\/schema.org\",\"@graph\":[{\"@type\":\"WebSite\",\"@id\":\"https:\/\/franciscanos.org.br\/noticias\/#website\",\"url\":\"https:\/\/franciscanos.org.br\/noticias\/\",\"name\":\"Not\u00edcias - Franciscanos\",\"description\":\"Prov\u00edncia Franciscana da Imaculada Concei\u00e7\u00e3o do Brasil - Ordem dos Frades Menores - OFM\",\"potentialAction\":[{\"@type\":\"SearchAction\",\"target\":{\"@type\":\"EntryPoint\",\"urlTemplate\":\"https:\/\/franciscanos.org.br\/noticias\/?s={search_term_string}\"},\"query-input\":\"required name=search_term_string\"}],\"inLanguage\":\"pt-BR\"},{\"@type\":\"ImageObject\",\"inLanguage\":\"pt-BR\",\"@id\":\"https:\/\/franciscanos.org.br\/noticias\/consternacao-do-ministro-geral-pelo-assassinato-de-frei-wilberth-daza-rodas-na-bolivia.html#primaryimage\",\"url\":\"https:\/\/franciscanos.org.br\/noticias\/wp-content\/uploads\/2022\/04\/frade_assassinado.jpg\",\"contentUrl\":\"https:\/\/franciscanos.org.br\/noticias\/wp-content\/uploads\/2022\/04\/frade_assassinado.jpg\",\"width\":960,\"height\":720},{\"@type\":\"WebPage\",\"@id\":\"https:\/\/franciscanos.org.br\/noticias\/consternacao-do-ministro-geral-pelo-assassinato-de-frei-wilberth-daza-rodas-na-bolivia.html#webpage\",\"url\":\"https:\/\/franciscanos.org.br\/noticias\/consternacao-do-ministro-geral-pelo-assassinato-de-frei-wilberth-daza-rodas-na-bolivia.html\",\"name\":\"Consterna\u00e7\u00e3o do Ministro Geral pelo assassinato de Frei Wilberth Daza Rodas na Bol\u00edvia - Not\u00edcias - Franciscanos\",\"isPartOf\":{\"@id\":\"https:\/\/franciscanos.org.br\/noticias\/#website\"},\"primaryImageOfPage\":{\"@id\":\"https:\/\/franciscanos.org.br\/noticias\/consternacao-do-ministro-geral-pelo-assassinato-de-frei-wilberth-daza-rodas-na-bolivia.html#primaryimage\"},\"datePublished\":\"2022-04-21T11:33:29+00:00\",\"dateModified\":\"2022-04-21T11:33:29+00:00\",\"author\":{\"@id\":\"https:\/\/franciscanos.org.br\/noticias\/#\/schema\/person\/b5c8cba458c330ccff548b056e95a5d4\"},\"breadcrumb\":{\"@id\":\"https:\/\/franciscanos.org.br\/noticias\/consternacao-do-ministro-geral-pelo-assassinato-de-frei-wilberth-daza-rodas-na-bolivia.html#breadcrumb\"},\"inLanguage\":\"pt-BR\",\"potentialAction\":[{\"@type\":\"ReadAction\",\"target\":[\"https:\/\/franciscanos.org.br\/noticias\/consternacao-do-ministro-geral-pelo-assassinato-de-frei-wilberth-daza-rodas-na-bolivia.html\"]}]},{\"@type\":\"BreadcrumbList\",\"@id\":\"https:\/\/franciscanos.org.br\/noticias\/consternacao-do-ministro-geral-pelo-assassinato-de-frei-wilberth-daza-rodas-na-bolivia.html#breadcrumb\",\"itemListElement\":[{\"@type\":\"ListItem\",\"position\":1,\"name\":\"Home\",\"item\":\"https:\/\/franciscanos.org.br\/noticias\"},{\"@type\":\"ListItem\",\"position\":2,\"name\":\"Consterna\u00e7\u00e3o do Ministro Geral pelo assassinato de Frei Wilberth Daza Rodas na Bol\u00edvia\"}]},{\"@type\":\"Person\",\"@id\":\"https:\/\/franciscanos.org.br\/noticias\/#\/schema\/person\/b5c8cba458c330ccff548b056e95a5d4\",\"name\":\"moacir\",\"image\":{\"@type\":\"ImageObject\",\"inLanguage\":\"pt-BR\",\"@id\":\"https:\/\/franciscanos.org.br\/noticias\/#\/schema\/person\/image\/\",\"url\":\"https:\/\/secure.gravatar.com\/avatar\/d08aa2ce4c8dd416d4479aa8536fcf64?s=96&d=mm&r=g\",\"contentUrl\":\"https:\/\/secure.gravatar.com\/avatar\/d08aa2ce4c8dd416d4479aa8536fcf64?s=96&d=mm&r=g\",\"caption\":\"moacir\"},\"url\":\"https:\/\/franciscanos.org.br\/noticias\/author\/moacir\"}]}<\/script>\n<!-- \/ Yoast SEO plugin. -->","yoast_head_json":{"title":"Consterna\u00e7\u00e3o do Ministro Geral pelo assassinato de Frei Wilberth Daza Rodas na Bol\u00edvia - Not\u00edcias - Franciscanos","robots":{"index":"index","follow":"follow","max-snippet":"max-snippet:-1","max-image-preview":"max-image-preview:large","max-video-preview":"max-video-preview:-1"},"canonical":"https:\/\/franciscanos.org.br\/noticias\/consternacao-do-ministro-geral-pelo-assassinato-de-frei-wilberth-daza-rodas-na-bolivia.html","og_locale":"pt_BR","og_type":"article","og_title":"Consterna\u00e7\u00e3o do Ministro Geral pelo assassinato de Frei Wilberth Daza Rodas na Bol\u00edvia - Not\u00edcias - Franciscanos","og_description":"Ordem dos Frades Menores","og_url":"https:\/\/franciscanos.org.br\/noticias\/consternacao-do-ministro-geral-pelo-assassinato-de-frei-wilberth-daza-rodas-na-bolivia.html","og_site_name":"Not\u00edcias - Franciscanos","article_published_time":"2022-04-21T11:33:29+00:00","og_image":[{"width":960,"height":720,"url":"https:\/\/franciscanos.org.br\/noticias\/wp-content\/uploads\/2022\/04\/frade_assassinado.jpg","type":"image\/jpeg"}],"author":"moacir","twitter_card":"summary_large_image","twitter_misc":{"Escrito por":"moacir","Est. tempo de leitura":"2 minutos"},"schema":{"@context":"https:\/\/schema.org","@graph":[{"@type":"WebSite","@id":"https:\/\/franciscanos.org.br\/noticias\/#website","url":"https:\/\/franciscanos.org.br\/noticias\/","name":"Not\u00edcias - Franciscanos","description":"Prov\u00edncia Franciscana da Imaculada Concei\u00e7\u00e3o do Brasil - Ordem dos Frades Menores - OFM","potentialAction":[{"@type":"SearchAction","target":{"@type":"EntryPoint","urlTemplate":"https:\/\/franciscanos.org.br\/noticias\/?s={search_term_string}"},"query-input":"required name=search_term_string"}],"inLanguage":"pt-BR"},{"@type":"ImageObject","inLanguage":"pt-BR","@id":"https:\/\/franciscanos.org.br\/noticias\/consternacao-do-ministro-geral-pelo-assassinato-de-frei-wilberth-daza-rodas-na-bolivia.html#primaryimage","url":"https:\/\/franciscanos.org.br\/noticias\/wp-content\/uploads\/2022\/04\/frade_assassinado.jpg","contentUrl":"https:\/\/franciscanos.org.br\/noticias\/wp-content\/uploads\/2022\/04\/frade_assassinado.jpg","width":960,"height":720},{"@type":"WebPage","@id":"https:\/\/franciscanos.org.br\/noticias\/consternacao-do-ministro-geral-pelo-assassinato-de-frei-wilberth-daza-rodas-na-bolivia.html#webpage","url":"https:\/\/franciscanos.org.br\/noticias\/consternacao-do-ministro-geral-pelo-assassinato-de-frei-wilberth-daza-rodas-na-bolivia.html","name":"Consterna\u00e7\u00e3o do Ministro Geral pelo assassinato de Frei Wilberth Daza Rodas na Bol\u00edvia - Not\u00edcias - Franciscanos","isPartOf":{"@id":"https:\/\/franciscanos.org.br\/noticias\/#website"},"primaryImageOfPage":{"@id":"https:\/\/franciscanos.org.br\/noticias\/consternacao-do-ministro-geral-pelo-assassinato-de-frei-wilberth-daza-rodas-na-bolivia.html#primaryimage"},"datePublished":"2022-04-21T11:33:29+00:00","dateModified":"2022-04-21T11:33:29+00:00","author":{"@id":"https:\/\/franciscanos.org.br\/noticias\/#\/schema\/person\/b5c8cba458c330ccff548b056e95a5d4"},"breadcrumb":{"@id":"https:\/\/franciscanos.org.br\/noticias\/consternacao-do-ministro-geral-pelo-assassinato-de-frei-wilberth-daza-rodas-na-bolivia.html#breadcrumb"},"inLanguage":"pt-BR","potentialAction":[{"@type":"ReadAction","target":["https:\/\/franciscanos.org.br\/noticias\/consternacao-do-ministro-geral-pelo-assassinato-de-frei-wilberth-daza-rodas-na-bolivia.html"]}]},{"@type":"BreadcrumbList","@id":"https:\/\/franciscanos.org.br\/noticias\/consternacao-do-ministro-geral-pelo-assassinato-de-frei-wilberth-daza-rodas-na-bolivia.html#breadcrumb","itemListElement":[{"@type":"ListItem","position":1,"name":"Home","item":"https:\/\/franciscanos.org.br\/noticias"},{"@type":"ListItem","position":2,"name":"Consterna\u00e7\u00e3o do Ministro Geral pelo assassinato de Frei Wilberth Daza Rodas na Bol\u00edvia"}]},{"@type":"Person","@id":"https:\/\/franciscanos.org.br\/noticias\/#\/schema\/person\/b5c8cba458c330ccff548b056e95a5d4","name":"moacir","image":{"@type":"ImageObject","inLanguage":"pt-BR","@id":"https:\/\/franciscanos.org.br\/noticias\/#\/schema\/person\/image\/","url":"https:\/\/secure.gravatar.com\/avatar\/d08aa2ce4c8dd416d4479aa8536fcf64?s=96&d=mm&r=g","contentUrl":"https:\/\/secure.gravatar.com\/avatar\/d08aa2ce4c8dd416d4479aa8536fcf64?s=96&d=mm&r=g","caption":"moacir"},"url":"https:\/\/franciscanos.org.br\/noticias\/author\/moacir"}]}},"_links":{"self":[{"href":"https:\/\/franciscanos.org.br\/noticias\/wp-json\/wp\/v2\/posts\/237413"}],"collection":[{"href":"https:\/\/franciscanos.org.br\/noticias\/wp-json\/wp\/v2\/posts"}],"about":[{"href":"https:\/\/franciscanos.org.br\/noticias\/wp-json\/wp\/v2\/types\/post"}],"author":[{"embeddable":true,"href":"https:\/\/franciscanos.org.br\/noticias\/wp-json\/wp\/v2\/users\/3"}],"replies":[{"embeddable":true,"href":"https:\/\/franciscanos.org.br\/noticias\/wp-json\/wp\/v2\/comments?post=237413"}],"version-history":[{"count":1,"href":"https:\/\/franciscanos.org.br\/noticias\/wp-json\/wp\/v2\/posts\/237413\/revisions"}],"predecessor-version":[{"id":237415,"href":"https:\/\/franciscanos.org.br\/noticias\/wp-json\/wp\/v2\/posts\/237413\/revisions\/237415"}],"wp:featuredmedia":[{"embeddable":true,"href":"https:\/\/franciscanos.org.br\/noticias\/wp-json\/wp\/v2\/media\/237414"}],"wp:attachment":[{"href":"https:\/\/franciscanos.org.br\/noticias\/wp-json\/wp\/v2\/media?parent=237413"}],"wp:term":[{"taxonomy":"category","embeddable":true,"href":"https:\/\/franciscanos.org.br\/noticias\/wp-json\/wp\/v2\/categories?post=237413"},{"taxonomy":"post_tag","embeddable":true,"href":"https:\/\/franciscanos.org.br\/noticias\/wp-json\/wp\/v2\/tags?post=237413"}],"curies":[{"name":"wp","href":"https:\/\/api.w.org\/{rel}","templated":true}]}}